{"id":17878,"date":"2019-10-21T17:48:24","date_gmt":"2019-10-21T15:48:24","guid":{"rendered":"https:\/\/marekkuchcinski.pl\/?p=17878"},"modified":"2019-10-21T19:53:37","modified_gmt":"2019-10-21T17:53:37","slug":"marek-kuchcinski-zwiekszamy-atrakcyjnosc-i-rozwoj-podkarpacia-w-kazdym-obszarze-dzialania-ktore-zaplanowalismy-udadza-sie","status":"publish","type":"post","link":"https:\/\/marekkuchcinski.pl\/en\/wydarzenia\/marek-kuchcinski-zwiekszamy-atrakcyjnosc-i-rozwoj-podkarpacia-w-kazdym-obszarze-dzialania-ktore-zaplanowalismy-udadza-sie\/","title":{"rendered":"Marek Kuchci\u0144ski: We increase the attractiveness and development of Podkarpacie in every area.  The activities that we have planned will succeed"},"content":{"rendered":"<p><strong>Marek Kuchci\u0144ski's speech during a post-election press conference with Law and Justice politicians:<\/strong><\/p>\n\n\n\n<p>We would like to thank all the inhabitants of the Podkarpacie region for the very high turnout in the parliamentary elections and their great interest and involvement in public matters concerning not only Poland, but also our homeland, Podkarpacie, its northern lands, mountainous areas and all the others. We have spent two full months of the election campaign, during which we had over five thousand face-to-face meetings with the inhabitants of not only big cities, but most of all communes, villages and parishes. Our goal was to reach as many people as possible and it bore fruit. We acted as a team. Meetings were usually organized among several candidates to Sejm and Senate and this also brought results. Since we will act together in the Parliament, we could emphasize this community here. At the same time we cooperated with representatives of local governments, districts and communes. This also resulted in plans and projects. I will give some examples of our work, which are the basis for the conviction that in the next term the activities we have planned will be successful: <\/p>\n\n\n\n<p>\u2714\ufe0f great development of Stalowa Wola and other armaments plants that will receive 6 billion PLN in orders \u2714\ufe0f development of aviation industry and other plants between Rzeszow and Mielec<br>\u2714\ufe0f reclaiming for the state Zak\u0142ady Taboru Kolejowego in Gniewczyn, in the Try\u0144cza commune, unhappily privatised a dozen or so years ago \u2714\ufe0f reclaiming Autosan from private hands, which started producing electric cars based on the technical ideas of engineers only, Stopping the privatisation of Jedlicze refinery \u2714\ufe0f Developing the gas, oil and chemical industry in the south using those gas deposits which are currently being rediscovered.\u00a0 <\/p>\n\n\n\n<p>We want to continue increasing the accessibility of the Podkarpackie Voivodeship, not only from the Polish side, so not only Via Carpatia, not only the renovation of railroad line 30 to Medyka, but we are also thinking about the south, directing our attention to supporting railroad and road infrastructure, which will connect Poland with Slovakia, Hungary and so on. This is to serve the development and increase the attractiveness of Podkarpacie in every area. <\/p>\n\n\n\n<p style=\"color:#8d0e69\" class=\"has-text-color\"><strong>Results of PiS candidates in Podkarpacie in order of number of votes:<\/strong><\/p>\n\n\n\n<p><br>okr. 22 Marek Tadeusz KUCHCI\u0143SKI - 1 number on list 61262<br>okr. 23 Krzysztof SOBOLEWSKI - 1 list no. 38912<br> ca. 23 Ewa Maria LENIART - 2 list no. 36305<br>PAC. 23 Marcin J\u00f3zef WARCHO\u0141 - 30th number on list 28495<br>okr. 23 Rafa\u0142 WEBER - 10 No. on the list 26746<br>okr. 22 Anna Katarzyna SCHMIDT-RODZIEWICZ - No. 2 on the list 26246<br>okr. 22 Piotr Marcin URUSKI - No. 3 on list 20740<br> okr. 23 Zbigniew Micha\u0142 CHMIELOWIEC - 9 No on list 20634<br> ok. 22 Maria Stanis\u0142awa KUROWSKA - 21 list no. 18936<br> okr. 23 Jan Marek WARZECHA - 11 No. on list 18913<br> ca. 23 Frederick Sylwester KAPINOS - 16 No. on list 18450<br> okr. 23 Kazimierz Edward GO\u0141OJUCH - 8 number on list 18306<br> okr. 23 Kazimierz Marian MOSKAL - 6 number on list 17444<br> ca. 23 Jerzy Stanis\u0142aw PAUL - 12 number on list 16094<br> okr. 23 Andrzej SZLACHTA - 4 No. on list 15115<br> okr. 22 Piotr Mieczyslaw BABINETZ - 4 number on list 13360<br> ward. 22 Teresa PAMU\u0141A - 8 No. on list 12905<br> okr. 23 Krystyna Ma\u0142gorzata WR\u00d3BLEWSKA - No. 5 on List 12738<\/p>\n\n\n\n<p> ca. 22 Adam Walenty \u015aNIE\u017bEK - 6 List 11260<br> okr. 22 Tadeusz CHRZAN - 10 number on list 11177<br> ca. 23 Bernadeta Dorota FRYSZTAK - 20 List 11120<br> okr. 23 Wojciech BUCZAK - 7 number on list 10429<br> okr. 22 Stanislaw PIOTROWICZ - 5th number on list 10293<\/p>\n\n\n\n<figure class=\"wp-block-image\"><img fetchpriority=\"high\" decoding=\"async\" width=\"939\" height=\"612\" src=\"https:\/\/marekkuchcinski.pl\/wp-content\/uploads\/2019\/10\/73267312_545461206264479_8412395401490989056_n.jpg\" alt=\"\" class=\"wp-image-17881\" srcset=\"https:\/\/marekkuchcinski.pl\/wp-content\/uploads\/2019\/10\/73267312_545461206264479_8412395401490989056_n.jpg 939w, https:\/\/marekkuchcinski.pl\/wp-content\/uploads\/2019\/10\/73267312_545461206264479_8412395401490989056_n-300x196.jpg 300w, https:\/\/marekkuchcinski.pl\/wp-content\/uploads\/2019\/10\/73267312_545461206264479_8412395401490989056_n-768x501.jpg 768w\" sizes=\"(max-width: 939px) 100vw, 939px\" \/><\/figure>","protected":false},"excerpt":{"rendered":"<p>Wyst\u0105pienie Marka Kuchci\u0144skiego podczas powyborczej konferencji prasowej z udzia\u0142em polityk\u00f3w Prawa i Sprawiedliwo\u015bci: Chcieli\u015bmy z\u0142o\u017cy\u0107 podzi\u0119kowania na r\u0119ce wszystkich mieszka\u0144c\u00f3w Podkarpacia za bardzo wysok\u0105 frekwencj\u0119 w wyborach parlamentarnych i du\u017ce zainteresowanie i zaanga\u017cowanie w sprawy publiczne dotycz\u0105ce ca\u0142ej Polski, ale i naszych stron rodzinnych, Podkarpacia, jego p\u00f3\u0142nocnych ziem, ziem g\u00f3rskich i wszystkich innych. Odbyli\u015bmy pe\u0142ne [&hellip;]<\/p>","protected":false},"author":6,"featured_media":17881,"comment_status":"open","ping_status":"open","sticky":false,"template":"","format":"standard","meta":{"ngg_post_thumbnail":0,"footnotes":""},"categories":[49,82,3],"tags":[],"class_list":["post-17878","post","type-post","status-publish","format-standard","has-post-thumbnail","hentry","category-podkarpacie","category-prawo-i-sprawiedliwosc","category-wydarzenia"],"yoast_head":"<!-- This site is optimized with the Yoast SEO plugin v24.7 - https:\/\/yoast.com\/wordpress\/plugins\/seo\/ -->\n<title>Marek Kuchci\u0144ski: Zwi\u0119kszamy atrakcyjno\u015b\u0107 i rozw\u00f3j Podkarpacia w ka\u017cdym obszarze. Dzia\u0142ania, kt\u00f3re zaplanowali\u015bmy, udadz\u0105 si\u0119 &#8211; Marek Kuchci\u0144ski<\/title>\n<meta name=\"robots\" content=\"index, follow, max-snippet:-1, max-image-preview:large, max-video-preview:-1\" \/>\n<link rel=\"canonical\" href=\"https:\/\/marekkuchcinski.pl\/en\/wydarzenia\/marek-kuchcinski-zwiekszamy-atrakcyjnosc-i-rozwoj-podkarpacia-w-kazdym-obszarze-dzialania-ktore-zaplanowalismy-udadza-sie\/\" \/>\n<meta property=\"og:locale\" content=\"en_GB\" \/>\n<meta property=\"og:type\" content=\"article\" \/>\n<meta property=\"og:title\" content=\"Marek Kuchci\u0144ski: Zwi\u0119kszamy atrakcyjno\u015b\u0107 i rozw\u00f3j Podkarpacia w ka\u017cdym obszarze. Dzia\u0142ania, kt\u00f3re zaplanowali\u015bmy, udadz\u0105 si\u0119 &#8211; Marek Kuchci\u0144ski\" \/>\n<meta property=\"og:description\" content=\"Wyst\u0105pienie Marka Kuchci\u0144skiego podczas powyborczej konferencji prasowej z udzia\u0142em polityk\u00f3w Prawa i Sprawiedliwo\u015bci: Chcieli\u015bmy z\u0142o\u017cy\u0107 podzi\u0119kowania na r\u0119ce wszystkich mieszka\u0144c\u00f3w Podkarpacia za bardzo wysok\u0105 frekwencj\u0119 w wyborach parlamentarnych i du\u017ce zainteresowanie i zaanga\u017cowanie w sprawy publiczne dotycz\u0105ce ca\u0142ej Polski, ale i naszych stron rodzinnych, Podkarpacia, jego p\u00f3\u0142nocnych ziem, ziem g\u00f3rskich i wszystkich innych. Odbyli\u015bmy pe\u0142ne [&hellip;]\" \/>\n<meta property=\"og:url\" content=\"https:\/\/marekkuchcinski.pl\/en\/wydarzenia\/marek-kuchcinski-zwiekszamy-atrakcyjnosc-i-rozwoj-podkarpacia-w-kazdym-obszarze-dzialania-ktore-zaplanowalismy-udadza-sie\/\" \/>\n<meta property=\"og:site_name\" content=\"Marek Kuchci\u0144ski\" \/>\n<meta property=\"article:published_time\" content=\"2019-10-21T15:48:24+00:00\" \/>\n<meta property=\"article:modified_time\" content=\"2019-10-21T17:53:37+00:00\" \/>\n<meta property=\"og:image\" content=\"https:\/\/marekkuchcinski.pl\/wp-content\/uploads\/2019\/10\/73267312_545461206264479_8412395401490989056_n.jpg\" \/>\n\t<meta property=\"og:image:width\" content=\"939\" \/>\n\t<meta property=\"og:image:height\" content=\"612\" \/>\n\t<meta property=\"og:image:type\" content=\"image\/jpeg\" \/>\n<meta name=\"author\" content=\"admin\" \/>\n<meta name=\"twitter:card\" content=\"summary_large_image\" \/>\n<meta name=\"twitter:label1\" content=\"Written by\" \/>\n\t<meta name=\"twitter:data1\" content=\"admin\" \/>\n\t<meta name=\"twitter:label2\" content=\"Estimated reading time\" \/>\n\t<meta name=\"twitter:data2\" content=\"3 minutes\" \/>\n<script type=\"application\/ld+json\" class=\"yoast-schema-graph\">{\"@context\":\"https:\/\/schema.org\",\"@graph\":[{\"@type\":\"Article\",\"@id\":\"https:\/\/marekkuchcinski.pl\/wydarzenia\/marek-kuchcinski-zwiekszamy-atrakcyjnosc-i-rozwoj-podkarpacia-w-kazdym-obszarze-dzialania-ktore-zaplanowalismy-udadza-sie\/#article\",\"isPartOf\":{\"@id\":\"https:\/\/marekkuchcinski.pl\/wydarzenia\/marek-kuchcinski-zwiekszamy-atrakcyjnosc-i-rozwoj-podkarpacia-w-kazdym-obszarze-dzialania-ktore-zaplanowalismy-udadza-sie\/\"},\"author\":{\"name\":\"admin\",\"@id\":\"https:\/\/marekkuchcinski.pl\/#\/schema\/person\/6f62700996b4d950b6ea2d1183b6c6be\"},\"headline\":\"Marek Kuchci\u0144ski: Zwi\u0119kszamy atrakcyjno\u015b\u0107 i rozw\u00f3j Podkarpacia w ka\u017cdym obszarze. Dzia\u0142ania, kt\u00f3re zaplanowali\u015bmy, udadz\u0105 si\u0119\",\"datePublished\":\"2019-10-21T15:48:24+00:00\",\"dateModified\":\"2019-10-21T17:53:37+00:00\",\"mainEntityOfPage\":{\"@id\":\"https:\/\/marekkuchcinski.pl\/wydarzenia\/marek-kuchcinski-zwiekszamy-atrakcyjnosc-i-rozwoj-podkarpacia-w-kazdym-obszarze-dzialania-ktore-zaplanowalismy-udadza-sie\/\"},\"wordCount\":645,\"commentCount\":0,\"publisher\":{\"@id\":\"https:\/\/marekkuchcinski.pl\/#organization\"},\"image\":{\"@id\":\"https:\/\/marekkuchcinski.pl\/wydarzenia\/marek-kuchcinski-zwiekszamy-atrakcyjnosc-i-rozwoj-podkarpacia-w-kazdym-obszarze-dzialania-ktore-zaplanowalismy-udadza-sie\/#primaryimage\"},\"thumbnailUrl\":\"https:\/\/marekkuchcinski.pl\/wp-content\/uploads\/2019\/10\/73267312_545461206264479_8412395401490989056_n.jpg\",\"articleSection\":[\"Podkarpacie\",\"Prawo i Sprawiedliwo\u015b\u0107\",\"Wydarzenia\"],\"inLanguage\":\"en-GB\",\"potentialAction\":[{\"@type\":\"CommentAction\",\"name\":\"Comment\",\"target\":[\"https:\/\/marekkuchcinski.pl\/wydarzenia\/marek-kuchcinski-zwiekszamy-atrakcyjnosc-i-rozwoj-podkarpacia-w-kazdym-obszarze-dzialania-ktore-zaplanowalismy-udadza-sie\/#respond\"]}]},{\"@type\":\"WebPage\",\"@id\":\"https:\/\/marekkuchcinski.pl\/wydarzenia\/marek-kuchcinski-zwiekszamy-atrakcyjnosc-i-rozwoj-podkarpacia-w-kazdym-obszarze-dzialania-ktore-zaplanowalismy-udadza-sie\/\",\"url\":\"https:\/\/marekkuchcinski.pl\/wydarzenia\/marek-kuchcinski-zwiekszamy-atrakcyjnosc-i-rozwoj-podkarpacia-w-kazdym-obszarze-dzialania-ktore-zaplanowalismy-udadza-sie\/\",\"name\":\"Marek Kuchci\u0144ski: Zwi\u0119kszamy atrakcyjno\u015b\u0107 i rozw\u00f3j Podkarpacia w ka\u017cdym obszarze. Dzia\u0142ania, kt\u00f3re zaplanowali\u015bmy, udadz\u0105 si\u0119 &#8211; Marek Kuchci\u0144ski\",\"isPartOf\":{\"@id\":\"https:\/\/marekkuchcinski.pl\/#website\"},\"primaryImageOfPage\":{\"@id\":\"https:\/\/marekkuchcinski.pl\/wydarzenia\/marek-kuchcinski-zwiekszamy-atrakcyjnosc-i-rozwoj-podkarpacia-w-kazdym-obszarze-dzialania-ktore-zaplanowalismy-udadza-sie\/#primaryimage\"},\"image\":{\"@id\":\"https:\/\/marekkuchcinski.pl\/wydarzenia\/marek-kuchcinski-zwiekszamy-atrakcyjnosc-i-rozwoj-podkarpacia-w-kazdym-obszarze-dzialania-ktore-zaplanowalismy-udadza-sie\/#primaryimage\"},\"thumbnailUrl\":\"https:\/\/marekkuchcinski.pl\/wp-content\/uploads\/2019\/10\/73267312_545461206264479_8412395401490989056_n.jpg\",\"datePublished\":\"2019-10-21T15:48:24+00:00\",\"dateModified\":\"2019-10-21T17:53:37+00:00\",\"breadcrumb\":{\"@id\":\"https:\/\/marekkuchcinski.pl\/wydarzenia\/marek-kuchcinski-zwiekszamy-atrakcyjnosc-i-rozwoj-podkarpacia-w-kazdym-obszarze-dzialania-ktore-zaplanowalismy-udadza-sie\/#breadcrumb\"},\"inLanguage\":\"en-GB\",\"potentialAction\":[{\"@type\":\"ReadAction\",\"target\":[\"https:\/\/marekkuchcinski.pl\/wydarzenia\/marek-kuchcinski-zwiekszamy-atrakcyjnosc-i-rozwoj-podkarpacia-w-kazdym-obszarze-dzialania-ktore-zaplanowalismy-udadza-sie\/\"]}]},{\"@type\":\"ImageObject\",\"inLanguage\":\"en-GB\",\"@id\":\"https:\/\/marekkuchcinski.pl\/wydarzenia\/marek-kuchcinski-zwiekszamy-atrakcyjnosc-i-rozwoj-podkarpacia-w-kazdym-obszarze-dzialania-ktore-zaplanowalismy-udadza-sie\/#primaryimage\",\"url\":\"https:\/\/marekkuchcinski.pl\/wp-content\/uploads\/2019\/10\/73267312_545461206264479_8412395401490989056_n.jpg\",\"contentUrl\":\"https:\/\/marekkuchcinski.pl\/wp-content\/uploads\/2019\/10\/73267312_545461206264479_8412395401490989056_n.jpg\",\"width\":939,\"height\":612},{\"@type\":\"BreadcrumbList\",\"@id\":\"https:\/\/marekkuchcinski.pl\/wydarzenia\/marek-kuchcinski-zwiekszamy-atrakcyjnosc-i-rozwoj-podkarpacia-w-kazdym-obszarze-dzialania-ktore-zaplanowalismy-udadza-sie\/#breadcrumb\",\"itemListElement\":[{\"@type\":\"ListItem\",\"position\":1,\"name\":\"Strona g\u0142\u00f3wna\",\"item\":\"https:\/\/marekkuchcinski.pl\/\"},{\"@type\":\"ListItem\",\"position\":2,\"name\":\"Marek Kuchci\u0144ski: Zwi\u0119kszamy atrakcyjno\u015b\u0107 i rozw\u00f3j Podkarpacia w ka\u017cdym obszarze. Dzia\u0142ania, kt\u00f3re zaplanowali\u015bmy, udadz\u0105 si\u0119\"}]},{\"@type\":\"WebSite\",\"@id\":\"https:\/\/marekkuchcinski.pl\/#website\",\"url\":\"https:\/\/marekkuchcinski.pl\/\",\"name\":\"Marek Kuchci\u0144ski\",\"description\":\"Pose\u0142 na sejm RP &ndash; okr\u0119g nr 22\",\"publisher\":{\"@id\":\"https:\/\/marekkuchcinski.pl\/#organization\"},\"potentialAction\":[{\"@type\":\"SearchAction\",\"target\":{\"@type\":\"EntryPoint\",\"urlTemplate\":\"https:\/\/marekkuchcinski.pl\/?s={search_term_string}\"},\"query-input\":{\"@type\":\"PropertyValueSpecification\",\"valueRequired\":true,\"valueName\":\"search_term_string\"}}],\"inLanguage\":\"en-GB\"},{\"@type\":\"Organization\",\"@id\":\"https:\/\/marekkuchcinski.pl\/#organization\",\"name\":\"Marek Kuchci\u0144ski\",\"url\":\"https:\/\/marekkuchcinski.pl\/\",\"logo\":{\"@type\":\"ImageObject\",\"inLanguage\":\"en-GB\",\"@id\":\"https:\/\/marekkuchcinski.pl\/#\/schema\/logo\/image\/\",\"url\":\"https:\/\/marekkuchcinski.pl\/wp-content\/uploads\/2022\/09\/Marek.jpg\",\"contentUrl\":\"https:\/\/marekkuchcinski.pl\/wp-content\/uploads\/2022\/09\/Marek.jpg\",\"width\":1600,\"height\":971,\"caption\":\"Marek Kuchci\u0144ski\"},\"image\":{\"@id\":\"https:\/\/marekkuchcinski.pl\/#\/schema\/logo\/image\/\"}},{\"@type\":\"Person\",\"@id\":\"https:\/\/marekkuchcinski.pl\/#\/schema\/person\/6f62700996b4d950b6ea2d1183b6c6be\",\"name\":\"admin\",\"image\":{\"@type\":\"ImageObject\",\"inLanguage\":\"en-GB\",\"@id\":\"https:\/\/marekkuchcinski.pl\/#\/schema\/person\/image\/\",\"url\":\"https:\/\/secure.gravatar.com\/avatar\/4bab693b9d55c3d6b52c0296a8765085?s=96&d=mm&r=g\",\"contentUrl\":\"https:\/\/secure.gravatar.com\/avatar\/4bab693b9d55c3d6b52c0296a8765085?s=96&d=mm&r=g\",\"caption\":\"admin\"},\"url\":\"https:\/\/marekkuchcinski.pl\/en\/author\/marta-olejnik\/\"}]}<\/script>\n<!-- \/ Yoast SEO plugin. -->","yoast_head_json":{"title":"Marek Kuchci\u0144ski: Zwi\u0119kszamy atrakcyjno\u015b\u0107 i rozw\u00f3j Podkarpacia w ka\u017cdym obszarze. Dzia\u0142ania, kt\u00f3re zaplanowali\u015bmy, udadz\u0105 si\u0119 &#8211; Marek Kuchci\u0144ski","robots":{"index":"index","follow":"follow","max-snippet":"max-snippet:-1","max-image-preview":"max-image-preview:large","max-video-preview":"max-video-preview:-1"},"canonical":"https:\/\/marekkuchcinski.pl\/en\/wydarzenia\/marek-kuchcinski-zwiekszamy-atrakcyjnosc-i-rozwoj-podkarpacia-w-kazdym-obszarze-dzialania-ktore-zaplanowalismy-udadza-sie\/","og_locale":"en_GB","og_type":"article","og_title":"Marek Kuchci\u0144ski: Zwi\u0119kszamy atrakcyjno\u015b\u0107 i rozw\u00f3j Podkarpacia w ka\u017cdym obszarze. Dzia\u0142ania, kt\u00f3re zaplanowali\u015bmy, udadz\u0105 si\u0119 &#8211; Marek Kuchci\u0144ski","og_description":"Wyst\u0105pienie Marka Kuchci\u0144skiego podczas powyborczej konferencji prasowej z udzia\u0142em polityk\u00f3w Prawa i Sprawiedliwo\u015bci: Chcieli\u015bmy z\u0142o\u017cy\u0107 podzi\u0119kowania na r\u0119ce wszystkich mieszka\u0144c\u00f3w Podkarpacia za bardzo wysok\u0105 frekwencj\u0119 w wyborach parlamentarnych i du\u017ce zainteresowanie i zaanga\u017cowanie w sprawy publiczne dotycz\u0105ce ca\u0142ej Polski, ale i naszych stron rodzinnych, Podkarpacia, jego p\u00f3\u0142nocnych ziem, ziem g\u00f3rskich i wszystkich innych. Odbyli\u015bmy pe\u0142ne [&hellip;]","og_url":"https:\/\/marekkuchcinski.pl\/en\/wydarzenia\/marek-kuchcinski-zwiekszamy-atrakcyjnosc-i-rozwoj-podkarpacia-w-kazdym-obszarze-dzialania-ktore-zaplanowalismy-udadza-sie\/","og_site_name":"Marek Kuchci\u0144ski","article_published_time":"2019-10-21T15:48:24+00:00","article_modified_time":"2019-10-21T17:53:37+00:00","og_image":[{"width":939,"height":612,"url":"https:\/\/marekkuchcinski.pl\/wp-content\/uploads\/2019\/10\/73267312_545461206264479_8412395401490989056_n.jpg","type":"image\/jpeg"}],"author":"admin","twitter_card":"summary_large_image","twitter_misc":{"Written by":"admin","Estimated reading time":"3 minutes"},"schema":{"@context":"https:\/\/schema.org","@graph":[{"@type":"Article","@id":"https:\/\/marekkuchcinski.pl\/wydarzenia\/marek-kuchcinski-zwiekszamy-atrakcyjnosc-i-rozwoj-podkarpacia-w-kazdym-obszarze-dzialania-ktore-zaplanowalismy-udadza-sie\/#article","isPartOf":{"@id":"https:\/\/marekkuchcinski.pl\/wydarzenia\/marek-kuchcinski-zwiekszamy-atrakcyjnosc-i-rozwoj-podkarpacia-w-kazdym-obszarze-dzialania-ktore-zaplanowalismy-udadza-sie\/"},"author":{"name":"admin","@id":"https:\/\/marekkuchcinski.pl\/#\/schema\/person\/6f62700996b4d950b6ea2d1183b6c6be"},"headline":"Marek Kuchci\u0144ski: Zwi\u0119kszamy atrakcyjno\u015b\u0107 i rozw\u00f3j Podkarpacia w ka\u017cdym obszarze. Dzia\u0142ania, kt\u00f3re zaplanowali\u015bmy, udadz\u0105 si\u0119","datePublished":"2019-10-21T15:48:24+00:00","dateModified":"2019-10-21T17:53:37+00:00","mainEntityOfPage":{"@id":"https:\/\/marekkuchcinski.pl\/wydarzenia\/marek-kuchcinski-zwiekszamy-atrakcyjnosc-i-rozwoj-podkarpacia-w-kazdym-obszarze-dzialania-ktore-zaplanowalismy-udadza-sie\/"},"wordCount":645,"commentCount":0,"publisher":{"@id":"https:\/\/marekkuchcinski.pl\/#organization"},"image":{"@id":"https:\/\/marekkuchcinski.pl\/wydarzenia\/marek-kuchcinski-zwiekszamy-atrakcyjnosc-i-rozwoj-podkarpacia-w-kazdym-obszarze-dzialania-ktore-zaplanowalismy-udadza-sie\/#primaryimage"},"thumbnailUrl":"https:\/\/marekkuchcinski.pl\/wp-content\/uploads\/2019\/10\/73267312_545461206264479_8412395401490989056_n.jpg","articleSection":["Podkarpacie","Prawo i Sprawiedliwo\u015b\u0107","Wydarzenia"],"inLanguage":"en-GB","potentialAction":[{"@type":"CommentAction","name":"Comment","target":["https:\/\/marekkuchcinski.pl\/wydarzenia\/marek-kuchcinski-zwiekszamy-atrakcyjnosc-i-rozwoj-podkarpacia-w-kazdym-obszarze-dzialania-ktore-zaplanowalismy-udadza-sie\/#respond"]}]},{"@type":"WebPage","@id":"https:\/\/marekkuchcinski.pl\/wydarzenia\/marek-kuchcinski-zwiekszamy-atrakcyjnosc-i-rozwoj-podkarpacia-w-kazdym-obszarze-dzialania-ktore-zaplanowalismy-udadza-sie\/","url":"https:\/\/marekkuchcinski.pl\/wydarzenia\/marek-kuchcinski-zwiekszamy-atrakcyjnosc-i-rozwoj-podkarpacia-w-kazdym-obszarze-dzialania-ktore-zaplanowalismy-udadza-sie\/","name":"Marek Kuchci\u0144ski: Zwi\u0119kszamy atrakcyjno\u015b\u0107 i rozw\u00f3j Podkarpacia w ka\u017cdym obszarze. Dzia\u0142ania, kt\u00f3re zaplanowali\u015bmy, udadz\u0105 si\u0119 &#8211; Marek Kuchci\u0144ski","isPartOf":{"@id":"https:\/\/marekkuchcinski.pl\/#website"},"primaryImageOfPage":{"@id":"https:\/\/marekkuchcinski.pl\/wydarzenia\/marek-kuchcinski-zwiekszamy-atrakcyjnosc-i-rozwoj-podkarpacia-w-kazdym-obszarze-dzialania-ktore-zaplanowalismy-udadza-sie\/#primaryimage"},"image":{"@id":"https:\/\/marekkuchcinski.pl\/wydarzenia\/marek-kuchcinski-zwiekszamy-atrakcyjnosc-i-rozwoj-podkarpacia-w-kazdym-obszarze-dzialania-ktore-zaplanowalismy-udadza-sie\/#primaryimage"},"thumbnailUrl":"https:\/\/marekkuchcinski.pl\/wp-content\/uploads\/2019\/10\/73267312_545461206264479_8412395401490989056_n.jpg","datePublished":"2019-10-21T15:48:24+00:00","dateModified":"2019-10-21T17:53:37+00:00","breadcrumb":{"@id":"https:\/\/marekkuchcinski.pl\/wydarzenia\/marek-kuchcinski-zwiekszamy-atrakcyjnosc-i-rozwoj-podkarpacia-w-kazdym-obszarze-dzialania-ktore-zaplanowalismy-udadza-sie\/#breadcrumb"},"inLanguage":"en-GB","potentialAction":[{"@type":"ReadAction","target":["https:\/\/marekkuchcinski.pl\/wydarzenia\/marek-kuchcinski-zwiekszamy-atrakcyjnosc-i-rozwoj-podkarpacia-w-kazdym-obszarze-dzialania-ktore-zaplanowalismy-udadza-sie\/"]}]},{"@type":"ImageObject","inLanguage":"en-GB","@id":"https:\/\/marekkuchcinski.pl\/wydarzenia\/marek-kuchcinski-zwiekszamy-atrakcyjnosc-i-rozwoj-podkarpacia-w-kazdym-obszarze-dzialania-ktore-zaplanowalismy-udadza-sie\/#primaryimage","url":"https:\/\/marekkuchcinski.pl\/wp-content\/uploads\/2019\/10\/73267312_545461206264479_8412395401490989056_n.jpg","contentUrl":"https:\/\/marekkuchcinski.pl\/wp-content\/uploads\/2019\/10\/73267312_545461206264479_8412395401490989056_n.jpg","width":939,"height":612},{"@type":"BreadcrumbList","@id":"https:\/\/marekkuchcinski.pl\/wydarzenia\/marek-kuchcinski-zwiekszamy-atrakcyjnosc-i-rozwoj-podkarpacia-w-kazdym-obszarze-dzialania-ktore-zaplanowalismy-udadza-sie\/#breadcrumb","itemListElement":[{"@type":"ListItem","position":1,"name":"Strona g\u0142\u00f3wna","item":"https:\/\/marekkuchcinski.pl\/"},{"@type":"ListItem","position":2,"name":"Marek Kuchci\u0144ski: Zwi\u0119kszamy atrakcyjno\u015b\u0107 i rozw\u00f3j Podkarpacia w ka\u017cdym obszarze. Dzia\u0142ania, kt\u00f3re zaplanowali\u015bmy, udadz\u0105 si\u0119"}]},{"@type":"WebSite","@id":"https:\/\/marekkuchcinski.pl\/#website","url":"https:\/\/marekkuchcinski.pl\/","name":"Marek Kuchci\u0144ski","description":"Pose\u0142 na sejm RP &ndash; okr\u0119g nr 22","publisher":{"@id":"https:\/\/marekkuchcinski.pl\/#organization"},"potentialAction":[{"@type":"SearchAction","target":{"@type":"EntryPoint","urlTemplate":"https:\/\/marekkuchcinski.pl\/?s={search_term_string}"},"query-input":{"@type":"PropertyValueSpecification","valueRequired":true,"valueName":"search_term_string"}}],"inLanguage":"en-GB"},{"@type":"Organization","@id":"https:\/\/marekkuchcinski.pl\/#organization","name":"Marek Kuchci\u0144ski","url":"https:\/\/marekkuchcinski.pl\/","logo":{"@type":"ImageObject","inLanguage":"en-GB","@id":"https:\/\/marekkuchcinski.pl\/#\/schema\/logo\/image\/","url":"https:\/\/marekkuchcinski.pl\/wp-content\/uploads\/2022\/09\/Marek.jpg","contentUrl":"https:\/\/marekkuchcinski.pl\/wp-content\/uploads\/2022\/09\/Marek.jpg","width":1600,"height":971,"caption":"Marek Kuchci\u0144ski"},"image":{"@id":"https:\/\/marekkuchcinski.pl\/#\/schema\/logo\/image\/"}},{"@type":"Person","@id":"https:\/\/marekkuchcinski.pl\/#\/schema\/person\/6f62700996b4d950b6ea2d1183b6c6be","name":"admin","image":{"@type":"ImageObject","inLanguage":"en-GB","@id":"https:\/\/marekkuchcinski.pl\/#\/schema\/person\/image\/","url":"https:\/\/secure.gravatar.com\/avatar\/4bab693b9d55c3d6b52c0296a8765085?s=96&d=mm&r=g","contentUrl":"https:\/\/secure.gravatar.com\/avatar\/4bab693b9d55c3d6b52c0296a8765085?s=96&d=mm&r=g","caption":"admin"},"url":"https:\/\/marekkuchcinski.pl\/en\/author\/marta-olejnik\/"}]}},"_links":{"self":[{"href":"https:\/\/marekkuchcinski.pl\/en\/wp-json\/wp\/v2\/posts\/17878","targetHints":{"allow":["GET"]}}],"collection":[{"href":"https:\/\/marekkuchcinski.pl\/en\/wp-json\/wp\/v2\/posts"}],"about":[{"href":"https:\/\/marekkuchcinski.pl\/en\/wp-json\/wp\/v2\/types\/post"}],"author":[{"embeddable":true,"href":"https:\/\/marekkuchcinski.pl\/en\/wp-json\/wp\/v2\/users\/6"}],"replies":[{"embeddable":true,"href":"https:\/\/marekkuchcinski.pl\/en\/wp-json\/wp\/v2\/comments?post=17878"}],"version-history":[{"count":27,"href":"https:\/\/marekkuchcinski.pl\/en\/wp-json\/wp\/v2\/posts\/17878\/revisions"}],"predecessor-version":[{"id":17906,"href":"https:\/\/marekkuchcinski.pl\/en\/wp-json\/wp\/v2\/posts\/17878\/revisions\/17906"}],"wp:featuredmedia":[{"embeddable":true,"href":"https:\/\/marekkuchcinski.pl\/en\/wp-json\/wp\/v2\/media\/17881"}],"wp:attachment":[{"href":"https:\/\/marekkuchcinski.pl\/en\/wp-json\/wp\/v2\/media?parent=17878"}],"wp:term":[{"taxonomy":"category","embeddable":true,"href":"https:\/\/marekkuchcinski.pl\/en\/wp-json\/wp\/v2\/categories?post=17878"},{"taxonomy":"post_tag","embeddable":true,"href":"https:\/\/marekkuchcinski.pl\/en\/wp-json\/wp\/v2\/tags?post=17878"}],"curies":[{"name":"wp","href":"https:\/\/api.w.org\/{rel}","templated":true}]}}