{"id":17705,"date":"2019-10-06T21:26:08","date_gmt":"2019-10-06T19:26:08","guid":{"rendered":"https:\/\/marekkuchcinski.pl\/?p=17705"},"modified":"2019-10-06T22:43:32","modified_gmt":"2019-10-06T20:43:32","slug":"prezes-pis-na-podkarpaciu-nasza-wartoscia-jest-wiarygodnosc-wszystko-co-zostalo-zapowiedziane-zostalo-zrealizowane","status":"publish","type":"post","link":"https:\/\/marekkuchcinski.pl\/en\/wydarzenia\/prezes-pis-na-podkarpaciu-nasza-wartoscia-jest-wiarygodnosc-wszystko-co-zostalo-zapowiedziane-zostalo-zrealizowane\/","title":{"rendered":"Prezes PiS na Podkarpaciu: Nasz\u0105 warto\u015bci\u0105 jest wiarygodno\u015b\u0107. Wszystko, co zosta\u0142o zapowiedziane, zosta\u0142o zrealizowane"},"content":{"rendered":"<p class=\"wp-block-paragraph\"><strong>Wiarygodno\u015b\u0107, r\u00f3wnouprawnienie, wolno\u015b\u0107, chrze\u015bcija\u0144stwo, polska kultura to warto\u015bci, kt\u00f3re najmocniej wybrzmia\u0142y podczas konwencji Prawa i Sprawiedliwo\u015bci w Kro\u015bnie i Rzeszowie na Podkarpaciu. Zar\u00f3wno prezes PiS Jaros\u0142aw Kaczy\u0144ski, jak i lider okr\u0119gu Marek Kuchci\u0144ski podkre\u015blali, \u017ce dzi\u0119ki partii rz\u0105dz\u0105cej mo\u017cliwa jest polityka r\u00f3wnych szans, a co za tym idzie \u2013 zr\u00f3wnowa\u017cony rozw\u00f3j Polski, szczeg\u00f3lnie jej wschodnich rejon\u00f3w.<\/strong><\/p>\n\n\n\n<p class=\"wp-block-paragraph\">\u2013 W ci\u0105gu czterech lat zdobyli\u015bmy jedn\u0105, bardzo podstawow\u0105\nwarto\u015b\u0107, co\u015b, co jest bezcenne. Zdobyli\u015bmy wiarygodno\u015b\u0107 \u2013 m\u00f3wi\u0142 prezes PiS w\nKro\u015bnie. \u2013 Wszystko, co zosta\u0142o zapowiedziane, zosta\u0142o zrealizowane \u2013 doda\u0142.\nJaros\u0142aw Kaczy\u0144ski przekonywa\u0142, \u017ce dot\u0105d nie powsta\u0142a cywilizacja, kt\u00f3ra\ntraktowa\u0142a ludzi tak dobrze, kt\u00f3ra doprowadzi\u0142a do r\u00f3wnouprawnienia, kt\u00f3ra wprowadzi\u0142a\nrozwi\u0105zania socjalne, a to wszystko powsta\u0142o dzi\u0119ki chrze\u015bcija\u0144stwu.<\/p>\n\n\n\n<p class=\"wp-block-paragraph\">By\u0142y premier przypomnia\u0142, \u017ce rz\u0105dy Platformy Obywatelskiej\nby\u0142y dla Polski czasem zmarnowanym. Przez osiem lat nasz kraj zamiast by\u0107 reformowany,\nby\u0142 rabowany. Zapewni\u0142, \u017ce przy kontynuacji obecnej polityki gospodarczej za 14\nlat mo\u017cemy by\u0107 na przeci\u0119tnym, europejskim poziomie, a s\u0142u\u017cy\u0107 temu ma m.in.\npodnoszenie p\u0142ac czy zminimalizowanie obci\u0105\u017ce\u0144 przedsi\u0119biorc\u00f3w.<\/p>\n\n\n\n<p class=\"wp-block-paragraph\">\u2013 Mam nadziej\u0119, \u017ce ta mocna mobilizacja, kt\u00f3r\u0105 przekaza\u0142 nam\nprezes Kaczy\u0144ski, zach\u0119ci nas i b\u0119dziemy mie\u0107 lepszy wynik ni\u017c w wyborach do\nPE. Tutaj mieli\u015bmy ponad 65 proc., drugie miejsce w Polsce \u2013 zacz\u0105\u0142 wyst\u0105pienie\npose\u0142 Marek Kuchci\u0144ski.<\/p>\n\n\n\n<p class=\"wp-block-paragraph\">\u2013 Rozwijamy si\u0119 w regionie, ale nie by\u0142oby takich sukces\u00f3w i\ntakiego rozwoju Podkarpacia,&nbsp;gdyby nie wsparcie PiS oraz to, \u017ce potrafimy\ngra\u0107 zespo\u0142owo, jeste\u015bmy jedn\u0105 dru\u017cyn\u0105 \u2013 m\u00f3wi\u0142 Marek Kuchci\u0144ski.<\/p>\n\n\n\n<p class=\"wp-block-paragraph\">By\u0142y marsza\u0142ek Sejmu przekonywa\u0142 tak\u017ce, \u017ce wsp\u00f3\u0142praca lokalnego samorz\u0105du z rz\u0105dem w Warszawie przynosi znakomite efekty. Jednym z nich, maj\u0105cym by\u0107 gigantycznym impulsem prorozwojowym regionu, jest szlak komunikacyjny Via Carpathia. \u2013 T\u0119 drog\u0119 zawdzi\u0119czamy Lechowi Kaczy\u0144skiemu. Moim zdaniem, panie prezesie, powinna nosi\u0107 imi\u0119 Lecha Kaczy\u0144skiego \u2013 powiedzia\u0142 Kuchci\u0144ski.<\/p>\n\n\n\n<p class=\"wp-block-paragraph\">Osi\u0105gni\u0119\u0107 wspieraj\u0105cych zr\u00f3wnowa\u017cony rozw\u00f3j i podnosz\u0105cych atrakcyjno\u015b\u0107 gospodarcz\u0105 Podkarpacia posiada PiS znacznie wi\u0119cej. Wymieni\u0107 nale\u017cy cho\u0107by:<\/p>\n\n\n\n<ul class=\"wp-block-list\"><li>odbudow\u0119 fabryki wagon\u00f3w PKP w Gniewczynie<\/li><li>odbudow\u0119  przemys\u0142u gazowo-naftowo-chemicznego (czego przyk\u0142adem jest uratowanie i rozbudowa rafinerii w Ja\u015ble i Jedliczu) <\/li><li>decyzj\u0119 o budowie zbiornika K\u0105ty-Myscowa (maj\u0105cego zapewni\u0107 popraw\u0119 bezpiecze\u0144stwa nie tylko przeciwpowodziowego, ale tak\u017ce zwi\u0105zanego z zasobami wody pitnej na Podkarpaciu)<\/li><li>rozw\u00f3j sanockiego Autosanu (w perspektywie czterech najbli\u017cszych lat, sp\u00f3\u0142ka Grupy PGZ ma szans\u0119 wyprodukowa\u0107 1500 pojazd\u00f3w elektrycznych) <\/li><li>powstanie PKP CARGO TERMINALE w \u017burawicy <\/li><li>wielki rz\u0105dowy program dla Bieszczad, w kt\u00f3rym wyr\u00f3\u017cniaj\u0105 si\u0119 budowa Centralnego O\u015brodka Sportu,  kolejki gondolowej nad soli\u0144sk\u0105 zapor\u0105 czy kompleksowa poprawa bezpiecze\u0144stwa i wyeksponowanie walor\u00f3w krajobrazowych bieszczadzkich dr\u00f3g wojew\u00f3dzkich. <\/li><\/ul>\n\n\n\n<p class=\"wp-block-paragraph\"><em>mo<\/em><\/p>\n\n\n\n<p class=\"wp-block-paragraph\"> fot. \u017ar\u00f3d\u0142o: <a rel=\"noreferrer noopener\" target=\"_blank\" href=\"http:\/\/fb.com\/pisorgpl\">Fb.com\/pisorgpl<\/a><\/p>\n\n\n\n<figure class=\"wp-block-image\"><img fetchpriority=\"high\" decoding=\"async\" width=\"960\" height=\"640\" src=\"https:\/\/marekkuchcinski.pl\/wp-content\/uploads\/2019\/10\/72358198_10156183707537132_7346391167233163264_n-1.jpg\" alt=\"\" class=\"wp-image-17714\" srcset=\"https:\/\/marekkuchcinski.pl\/wp-content\/uploads\/2019\/10\/72358198_10156183707537132_7346391167233163264_n-1.jpg 960w, https:\/\/marekkuchcinski.pl\/wp-content\/uploads\/2019\/10\/72358198_10156183707537132_7346391167233163264_n-1-300x200.jpg 300w, https:\/\/marekkuchcinski.pl\/wp-content\/uploads\/2019\/10\/72358198_10156183707537132_7346391167233163264_n-1-768x512.jpg 768w\" sizes=\"(max-width: 960px) 100vw, 960px\" \/><\/figure>\n\n\n\n<ul class=\"wp-block-gallery columns-1 is-cropped wp-block-gallery-1 is-layout-flex wp-block-gallery-is-layout-flex\"><li class=\"blocks-gallery-item\"><figure><img decoding=\"async\" width=\"960\" height=\"640\" src=\"https:\/\/marekkuchcinski.pl\/wp-content\/uploads\/2019\/10\/71187665_10156183707317132_7276050945933312000_n.jpg\" alt=\"\" data-id=\"17706\" data-link=\"https:\/\/marekkuchcinski.pl\/?attachment_id=17706\" class=\"wp-image-17706\" srcset=\"https:\/\/marekkuchcinski.pl\/wp-content\/uploads\/2019\/10\/71187665_10156183707317132_7276050945933312000_n.jpg 960w, https:\/\/marekkuchcinski.pl\/wp-content\/uploads\/2019\/10\/71187665_10156183707317132_7276050945933312000_n-300x200.jpg 300w, https:\/\/marekkuchcinski.pl\/wp-content\/uploads\/2019\/10\/71187665_10156183707317132_7276050945933312000_n-768x512.jpg 768w\" sizes=\"(max-width: 960px) 100vw, 960px\" \/><\/figure><\/li><li class=\"blocks-gallery-item\"><figure><img decoding=\"async\" width=\"960\" height=\"640\" src=\"https:\/\/marekkuchcinski.pl\/wp-content\/uploads\/2019\/10\/71657149_10156183709082132_5416286431242878976_n.jpg\" alt=\"\" data-id=\"17707\" data-link=\"https:\/\/marekkuchcinski.pl\/?attachment_id=17707\" class=\"wp-image-17707\" srcset=\"https:\/\/marekkuchcinski.pl\/wp-content\/uploads\/2019\/10\/71657149_10156183709082132_5416286431242878976_n.jpg 960w, https:\/\/marekkuchcinski.pl\/wp-content\/uploads\/2019\/10\/71657149_10156183709082132_5416286431242878976_n-300x200.jpg 300w, https:\/\/marekkuchcinski.pl\/wp-content\/uploads\/2019\/10\/71657149_10156183709082132_5416286431242878976_n-768x512.jpg 768w\" sizes=\"(max-width: 960px) 100vw, 960px\" \/><\/figure><\/li><li class=\"blocks-gallery-item\"><figure><img loading=\"lazy\" decoding=\"async\" width=\"960\" height=\"640\" src=\"https:\/\/marekkuchcinski.pl\/wp-content\/uploads\/2019\/10\/71772230_10156183708777132_3604944563258523648_n.jpg\" alt=\"\" data-id=\"17708\" data-link=\"https:\/\/marekkuchcinski.pl\/?attachment_id=17708\" class=\"wp-image-17708\" srcset=\"https:\/\/marekkuchcinski.pl\/wp-content\/uploads\/2019\/10\/71772230_10156183708777132_3604944563258523648_n.jpg 960w, https:\/\/marekkuchcinski.pl\/wp-content\/uploads\/2019\/10\/71772230_10156183708777132_3604944563258523648_n-300x200.jpg 300w, https:\/\/marekkuchcinski.pl\/wp-content\/uploads\/2019\/10\/71772230_10156183708777132_3604944563258523648_n-768x512.jpg 768w\" sizes=\"(max-width: 960px) 100vw, 960px\" \/><\/figure><\/li><li class=\"blocks-gallery-item\"><figure><img loading=\"lazy\" decoding=\"async\" width=\"960\" height=\"640\" src=\"https:\/\/marekkuchcinski.pl\/wp-content\/uploads\/2019\/10\/72282718_10156183707022132_8212227608847319040_n.jpg\" alt=\"\" data-id=\"17709\" data-link=\"https:\/\/marekkuchcinski.pl\/?attachment_id=17709\" class=\"wp-image-17709\" srcset=\"https:\/\/marekkuchcinski.pl\/wp-content\/uploads\/2019\/10\/72282718_10156183707022132_8212227608847319040_n.jpg 960w, https:\/\/marekkuchcinski.pl\/wp-content\/uploads\/2019\/10\/72282718_10156183707022132_8212227608847319040_n-300x200.jpg 300w, https:\/\/marekkuchcinski.pl\/wp-content\/uploads\/2019\/10\/72282718_10156183707022132_8212227608847319040_n-768x512.jpg 768w\" sizes=\"(max-width: 960px) 100vw, 960px\" \/><\/figure><\/li><li class=\"blocks-gallery-item\"><figure><img loading=\"lazy\" decoding=\"async\" width=\"960\" height=\"640\" src=\"https:\/\/marekkuchcinski.pl\/wp-content\/uploads\/2019\/10\/72318557_10156183708692132_9002073537690730496_n.jpg\" alt=\"\" data-id=\"17710\" data-link=\"https:\/\/marekkuchcinski.pl\/?attachment_id=17710\" class=\"wp-image-17710\" srcset=\"https:\/\/marekkuchcinski.pl\/wp-content\/uploads\/2019\/10\/72318557_10156183708692132_9002073537690730496_n.jpg 960w, https:\/\/marekkuchcinski.pl\/wp-content\/uploads\/2019\/10\/72318557_10156183708692132_9002073537690730496_n-300x200.jpg 300w, https:\/\/marekkuchcinski.pl\/wp-content\/uploads\/2019\/10\/72318557_10156183708692132_9002073537690730496_n-768x512.jpg 768w\" sizes=\"(max-width: 960px) 100vw, 960px\" \/><\/figure><\/li><li class=\"blocks-gallery-item\"><figure><img loading=\"lazy\" decoding=\"async\" width=\"640\" height=\"480\" src=\"https:\/\/marekkuchcinski.pl\/wp-content\/uploads\/2019\/10\/72183905_2388678484783670_7404339536005693440_n-1.jpg\" alt=\"\" data-id=\"17716\" data-link=\"https:\/\/marekkuchcinski.pl\/?attachment_id=17716\" class=\"wp-image-17716\" srcset=\"https:\/\/marekkuchcinski.pl\/wp-content\/uploads\/2019\/10\/72183905_2388678484783670_7404339536005693440_n-1.jpg 640w, https:\/\/marekkuchcinski.pl\/wp-content\/uploads\/2019\/10\/72183905_2388678484783670_7404339536005693440_n-1-300x225.jpg 300w\" sizes=\"(max-width: 640px) 100vw, 640px\" \/><\/figure><\/li><\/ul>\n\n\n\n<p class=\"wp-block-paragraph\">Przed konwencj\u0105 wyborcz\u0105 parlamentarzy\u015bci Prawa i Sprawiedliwo\u015bci uczestniczyli w mszy \u015bw. za Ojczyzn\u0119 w sanktuarium \u015bw. Andrzeja Boboli w Strachocinie k. Sanoka.<\/p>\n\n\n\n<figure class=\"wp-block-image\"><img loading=\"lazy\" decoding=\"async\" width=\"640\" height=\"380\" src=\"https:\/\/marekkuchcinski.pl\/wp-content\/uploads\/2019\/10\/PSX_20191006_124148-1.jpg\" alt=\"\" class=\"wp-image-17720\" srcset=\"https:\/\/marekkuchcinski.pl\/wp-content\/uploads\/2019\/10\/PSX_20191006_124148-1.jpg 640w, https:\/\/marekkuchcinski.pl\/wp-content\/uploads\/2019\/10\/PSX_20191006_124148-1-300x178.jpg 300w\" sizes=\"(max-width: 640px) 100vw, 640px\" \/><\/figure>\n\n\n\n<figure class=\"wp-block-image\"><img loading=\"lazy\" decoding=\"async\" width=\"522\" height=\"382\" src=\"https:\/\/marekkuchcinski.pl\/wp-content\/uploads\/2019\/10\/PSX_20191006_131229-1.jpg\" alt=\"\" class=\"wp-image-17721\" srcset=\"https:\/\/marekkuchcinski.pl\/wp-content\/uploads\/2019\/10\/PSX_20191006_131229-1.jpg 522w, https:\/\/marekkuchcinski.pl\/wp-content\/uploads\/2019\/10\/PSX_20191006_131229-1-300x220.jpg 300w\" sizes=\"(max-width: 522px) 100vw, 522px\" \/><\/figure>","protected":false},"excerpt":{"rendered":"<p>Wiarygodno\u015b\u0107, r\u00f3wnouprawnienie, wolno\u015b\u0107, chrze\u015bcija\u0144stwo, polska kultura to warto\u015bci, kt\u00f3re najmocniej wybrzmia\u0142y podczas konwencji Prawa i Sprawiedliwo\u015bci w Kro\u015bnie i Rzeszowie na Podkarpaciu. Zar\u00f3wno prezes PiS Jaros\u0142aw Kaczy\u0144ski, jak i lider okr\u0119gu Marek Kuchci\u0144ski podkre\u015blali, \u017ce dzi\u0119ki partii rz\u0105dz\u0105cej mo\u017cliwa jest polityka r\u00f3wnych szans, a co za tym idzie \u2013 zr\u00f3wnowa\u017cony rozw\u00f3j Polski, szczeg\u00f3lnie jej wschodnich [&hellip;]<\/p>\n","protected":false},"author":1,"featured_media":17727,"comment_status":"open","ping_status":"open","sticky":false,"template":"","format":"standard","meta":{"ngg_post_thumbnail":0,"footnotes":""},"categories":[49,82,3],"tags":[],"class_list":["post-17705","post","type-post","status-publish","format-standard","has-post-thumbnail","hentry","category-podkarpacie","category-prawo-i-sprawiedliwosc","category-wydarzenia"],"yoast_head":"<!-- This site is optimized with the Yoast SEO plugin v28.4 - https:\/\/yoast.com\/product\/yoast-seo-wordpress\/ -->\n<title>Prezes PiS na Podkarpaciu: Nasz\u0105 warto\u015bci\u0105 jest wiarygodno\u015b\u0107. Wszystko, co zosta\u0142o zapowiedziane, zosta\u0142o zrealizowane &#8211; Marek Kuchci\u0144ski<\/title>\n<meta name=\"robots\" content=\"index, follow, max-snippet:-1, max-image-preview:large, max-video-preview:-1\" \/>\n<link rel=\"canonical\" href=\"https:\/\/marekkuchcinski.pl\/en\/wydarzenia\/prezes-pis-na-podkarpaciu-nasza-wartoscia-jest-wiarygodnosc-wszystko-co-zostalo-zapowiedziane-zostalo-zrealizowane\/\" \/>\n<meta property=\"og:locale\" content=\"en_GB\" \/>\n<meta property=\"og:type\" content=\"article\" \/>\n<meta property=\"og:title\" content=\"Prezes PiS na Podkarpaciu: Nasz\u0105 warto\u015bci\u0105 jest wiarygodno\u015b\u0107. Wszystko, co zosta\u0142o zapowiedziane, zosta\u0142o zrealizowane &#8211; Marek Kuchci\u0144ski\" \/>\n<meta property=\"og:description\" content=\"Wiarygodno\u015b\u0107, r\u00f3wnouprawnienie, wolno\u015b\u0107, chrze\u015bcija\u0144stwo, polska kultura to warto\u015bci, kt\u00f3re najmocniej wybrzmia\u0142y podczas konwencji Prawa i Sprawiedliwo\u015bci w Kro\u015bnie i Rzeszowie na Podkarpaciu. Zar\u00f3wno prezes PiS Jaros\u0142aw Kaczy\u0144ski, jak i lider okr\u0119gu Marek Kuchci\u0144ski podkre\u015blali, \u017ce dzi\u0119ki partii rz\u0105dz\u0105cej mo\u017cliwa jest polityka r\u00f3wnych szans, a co za tym idzie \u2013 zr\u00f3wnowa\u017cony rozw\u00f3j Polski, szczeg\u00f3lnie jej wschodnich [&hellip;]\" \/>\n<meta property=\"og:url\" content=\"https:\/\/marekkuchcinski.pl\/en\/wydarzenia\/prezes-pis-na-podkarpaciu-nasza-wartoscia-jest-wiarygodnosc-wszystko-co-zostalo-zapowiedziane-zostalo-zrealizowane\/\" \/>\n<meta property=\"og:site_name\" content=\"Marek Kuchci\u0144ski\" \/>\n<meta property=\"article:published_time\" content=\"2019-10-06T19:26:08+00:00\" \/>\n<meta property=\"article:modified_time\" content=\"2019-10-06T20:43:32+00:00\" \/>\n<meta property=\"og:image\" content=\"https:\/\/marekkuchcinski.pl\/wp-content\/uploads\/2019\/10\/1-71187665_10156183707317132_7276050945933312000_n-003.jpg\" \/>\n\t<meta property=\"og:image:width\" content=\"755\" \/>\n\t<meta property=\"og:image:height\" content=\"474\" \/>\n\t<meta property=\"og:image:type\" content=\"image\/jpeg\" \/>\n<meta name=\"author\" content=\"admin\" \/>\n<meta name=\"twitter:card\" content=\"summary_large_image\" \/>\n<meta name=\"twitter:label1\" content=\"Written by\" \/>\n\t<meta name=\"twitter:data1\" content=\"admin\" \/>\n\t<meta name=\"twitter:label2\" content=\"Est. reading time\" \/>\n\t<meta name=\"twitter:data2\" content=\"3 minutes\" \/>\n<script type=\"application\/ld+json\" class=\"yoast-schema-graph\">{\"@context\":\"https:\\\/\\\/schema.org\",\"@graph\":[{\"@type\":\"Article\",\"@id\":\"https:\\\/\\\/marekkuchcinski.pl\\\/wydarzenia\\\/prezes-pis-na-podkarpaciu-nasza-wartoscia-jest-wiarygodnosc-wszystko-co-zostalo-zapowiedziane-zostalo-zrealizowane\\\/#article\",\"isPartOf\":{\"@id\":\"https:\\\/\\\/marekkuchcinski.pl\\\/wydarzenia\\\/prezes-pis-na-podkarpaciu-nasza-wartoscia-jest-wiarygodnosc-wszystko-co-zostalo-zapowiedziane-zostalo-zrealizowane\\\/\"},\"author\":{\"name\":\"admin\",\"@id\":\"https:\\\/\\\/marekkuchcinski.pl\\\/#\\\/schema\\\/person\\\/3df5731f1d989baf25555b5a344773d5\"},\"headline\":\"Prezes PiS na Podkarpaciu: Nasz\u0105 warto\u015bci\u0105 jest wiarygodno\u015b\u0107. Wszystko, co zosta\u0142o zapowiedziane, zosta\u0142o zrealizowane\",\"datePublished\":\"2019-10-06T19:26:08+00:00\",\"dateModified\":\"2019-10-06T20:43:32+00:00\",\"mainEntityOfPage\":{\"@id\":\"https:\\\/\\\/marekkuchcinski.pl\\\/wydarzenia\\\/prezes-pis-na-podkarpaciu-nasza-wartoscia-jest-wiarygodnosc-wszystko-co-zostalo-zapowiedziane-zostalo-zrealizowane\\\/\"},\"wordCount\":541,\"commentCount\":0,\"publisher\":{\"@id\":\"https:\\\/\\\/marekkuchcinski.pl\\\/#organization\"},\"image\":{\"@id\":\"https:\\\/\\\/marekkuchcinski.pl\\\/wydarzenia\\\/prezes-pis-na-podkarpaciu-nasza-wartoscia-jest-wiarygodnosc-wszystko-co-zostalo-zapowiedziane-zostalo-zrealizowane\\\/#primaryimage\"},\"thumbnailUrl\":\"https:\\\/\\\/marekkuchcinski.pl\\\/wp-content\\\/uploads\\\/2019\\\/10\\\/1-71187665_10156183707317132_7276050945933312000_n-003.jpg\",\"articleSection\":[\"Podkarpacie\",\"Prawo i Sprawiedliwo\u015b\u0107\",\"Wydarzenia\"],\"inLanguage\":\"en-GB\",\"potentialAction\":[{\"@type\":\"CommentAction\",\"name\":\"Comment\",\"target\":[\"https:\\\/\\\/marekkuchcinski.pl\\\/wydarzenia\\\/prezes-pis-na-podkarpaciu-nasza-wartoscia-jest-wiarygodnosc-wszystko-co-zostalo-zapowiedziane-zostalo-zrealizowane\\\/#respond\"]}]},{\"@type\":\"WebPage\",\"@id\":\"https:\\\/\\\/marekkuchcinski.pl\\\/wydarzenia\\\/prezes-pis-na-podkarpaciu-nasza-wartoscia-jest-wiarygodnosc-wszystko-co-zostalo-zapowiedziane-zostalo-zrealizowane\\\/\",\"url\":\"https:\\\/\\\/marekkuchcinski.pl\\\/wydarzenia\\\/prezes-pis-na-podkarpaciu-nasza-wartoscia-jest-wiarygodnosc-wszystko-co-zostalo-zapowiedziane-zostalo-zrealizowane\\\/\",\"name\":\"Prezes PiS na Podkarpaciu: Nasz\u0105 warto\u015bci\u0105 jest wiarygodno\u015b\u0107. Wszystko, co zosta\u0142o zapowiedziane, zosta\u0142o zrealizowane &#8211; Marek Kuchci\u0144ski\",\"isPartOf\":{\"@id\":\"https:\\\/\\\/marekkuchcinski.pl\\\/#website\"},\"primaryImageOfPage\":{\"@id\":\"https:\\\/\\\/marekkuchcinski.pl\\\/wydarzenia\\\/prezes-pis-na-podkarpaciu-nasza-wartoscia-jest-wiarygodnosc-wszystko-co-zostalo-zapowiedziane-zostalo-zrealizowane\\\/#primaryimage\"},\"image\":{\"@id\":\"https:\\\/\\\/marekkuchcinski.pl\\\/wydarzenia\\\/prezes-pis-na-podkarpaciu-nasza-wartoscia-jest-wiarygodnosc-wszystko-co-zostalo-zapowiedziane-zostalo-zrealizowane\\\/#primaryimage\"},\"thumbnailUrl\":\"https:\\\/\\\/marekkuchcinski.pl\\\/wp-content\\\/uploads\\\/2019\\\/10\\\/1-71187665_10156183707317132_7276050945933312000_n-003.jpg\",\"datePublished\":\"2019-10-06T19:26:08+00:00\",\"dateModified\":\"2019-10-06T20:43:32+00:00\",\"breadcrumb\":{\"@id\":\"https:\\\/\\\/marekkuchcinski.pl\\\/wydarzenia\\\/prezes-pis-na-podkarpaciu-nasza-wartoscia-jest-wiarygodnosc-wszystko-co-zostalo-zapowiedziane-zostalo-zrealizowane\\\/#breadcrumb\"},\"inLanguage\":\"en-GB\",\"potentialAction\":[{\"@type\":\"ReadAction\",\"target\":[\"https:\\\/\\\/marekkuchcinski.pl\\\/wydarzenia\\\/prezes-pis-na-podkarpaciu-nasza-wartoscia-jest-wiarygodnosc-wszystko-co-zostalo-zapowiedziane-zostalo-zrealizowane\\\/\"]}]},{\"@type\":\"ImageObject\",\"inLanguage\":\"en-GB\",\"@id\":\"https:\\\/\\\/marekkuchcinski.pl\\\/wydarzenia\\\/prezes-pis-na-podkarpaciu-nasza-wartoscia-jest-wiarygodnosc-wszystko-co-zostalo-zapowiedziane-zostalo-zrealizowane\\\/#primaryimage\",\"url\":\"https:\\\/\\\/marekkuchcinski.pl\\\/wp-content\\\/uploads\\\/2019\\\/10\\\/1-71187665_10156183707317132_7276050945933312000_n-003.jpg\",\"contentUrl\":\"https:\\\/\\\/marekkuchcinski.pl\\\/wp-content\\\/uploads\\\/2019\\\/10\\\/1-71187665_10156183707317132_7276050945933312000_n-003.jpg\",\"width\":755,\"height\":474},{\"@type\":\"BreadcrumbList\",\"@id\":\"https:\\\/\\\/marekkuchcinski.pl\\\/wydarzenia\\\/prezes-pis-na-podkarpaciu-nasza-wartoscia-jest-wiarygodnosc-wszystko-co-zostalo-zapowiedziane-zostalo-zrealizowane\\\/#breadcrumb\",\"itemListElement\":[{\"@type\":\"ListItem\",\"position\":1,\"name\":\"Strona g\u0142\u00f3wna\",\"item\":\"https:\\\/\\\/marekkuchcinski.pl\\\/\"},{\"@type\":\"ListItem\",\"position\":2,\"name\":\"Prezes PiS na Podkarpaciu: Nasz\u0105 warto\u015bci\u0105 jest wiarygodno\u015b\u0107. Wszystko, co zosta\u0142o zapowiedziane, zosta\u0142o zrealizowane\"}]},{\"@type\":\"WebSite\",\"@id\":\"https:\\\/\\\/marekkuchcinski.pl\\\/#website\",\"url\":\"https:\\\/\\\/marekkuchcinski.pl\\\/\",\"name\":\"Marek Kuchci\u0144ski\",\"description\":\"Marek Kuchci\u0144ski \",\"publisher\":{\"@id\":\"https:\\\/\\\/marekkuchcinski.pl\\\/#organization\"},\"potentialAction\":[{\"@type\":\"SearchAction\",\"target\":{\"@type\":\"EntryPoint\",\"urlTemplate\":\"https:\\\/\\\/marekkuchcinski.pl\\\/?s={search_term_string}\"},\"query-input\":{\"@type\":\"PropertyValueSpecification\",\"valueRequired\":true,\"valueName\":\"search_term_string\"}}],\"inLanguage\":\"en-GB\"},{\"@type\":\"Organization\",\"@id\":\"https:\\\/\\\/marekkuchcinski.pl\\\/#organization\",\"name\":\"Marek Kuchci\u0144ski\",\"url\":\"https:\\\/\\\/marekkuchcinski.pl\\\/\",\"logo\":{\"@type\":\"ImageObject\",\"inLanguage\":\"en-GB\",\"@id\":\"https:\\\/\\\/marekkuchcinski.pl\\\/#\\\/schema\\\/logo\\\/image\\\/\",\"url\":\"https:\\\/\\\/marekkuchcinski.pl\\\/wp-content\\\/uploads\\\/2022\\\/09\\\/Marek.jpg\",\"contentUrl\":\"https:\\\/\\\/marekkuchcinski.pl\\\/wp-content\\\/uploads\\\/2022\\\/09\\\/Marek.jpg\",\"width\":1600,\"height\":971,\"caption\":\"Marek Kuchci\u0144ski\"},\"image\":{\"@id\":\"https:\\\/\\\/marekkuchcinski.pl\\\/#\\\/schema\\\/logo\\\/image\\\/\"}},{\"@type\":\"Person\",\"@id\":\"https:\\\/\\\/marekkuchcinski.pl\\\/#\\\/schema\\\/person\\\/3df5731f1d989baf25555b5a344773d5\",\"name\":\"admin\",\"image\":{\"@type\":\"ImageObject\",\"inLanguage\":\"en-GB\",\"@id\":\"https:\\\/\\\/secure.gravatar.com\\\/avatar\\\/8fdd2bf34b2a04a8cfb92bbed2c60d558452e5d61a8064e677da4778b9cf4898?s=96&d=mm&r=g\",\"url\":\"https:\\\/\\\/secure.gravatar.com\\\/avatar\\\/8fdd2bf34b2a04a8cfb92bbed2c60d558452e5d61a8064e677da4778b9cf4898?s=96&d=mm&r=g\",\"contentUrl\":\"https:\\\/\\\/secure.gravatar.com\\\/avatar\\\/8fdd2bf34b2a04a8cfb92bbed2c60d558452e5d61a8064e677da4778b9cf4898?s=96&d=mm&r=g\",\"caption\":\"admin\"},\"sameAs\":[\"https:\\\/\\\/marekkuchcinski.pl\"],\"url\":\"https:\\\/\\\/marekkuchcinski.pl\\\/en\\\/author\\\/admin\\\/\"}]}<\/script>\n<!-- \/ Yoast SEO plugin. -->","yoast_head_json":{"title":"Prezes PiS na Podkarpaciu: Nasz\u0105 warto\u015bci\u0105 jest wiarygodno\u015b\u0107. Wszystko, co zosta\u0142o zapowiedziane, zosta\u0142o zrealizowane &#8211; Marek Kuchci\u0144ski","robots":{"index":"index","follow":"follow","max-snippet":"max-snippet:-1","max-image-preview":"max-image-preview:large","max-video-preview":"max-video-preview:-1"},"canonical":"https:\/\/marekkuchcinski.pl\/en\/wydarzenia\/prezes-pis-na-podkarpaciu-nasza-wartoscia-jest-wiarygodnosc-wszystko-co-zostalo-zapowiedziane-zostalo-zrealizowane\/","og_locale":"en_GB","og_type":"article","og_title":"Prezes PiS na Podkarpaciu: Nasz\u0105 warto\u015bci\u0105 jest wiarygodno\u015b\u0107. Wszystko, co zosta\u0142o zapowiedziane, zosta\u0142o zrealizowane &#8211; Marek Kuchci\u0144ski","og_description":"Wiarygodno\u015b\u0107, r\u00f3wnouprawnienie, wolno\u015b\u0107, chrze\u015bcija\u0144stwo, polska kultura to warto\u015bci, kt\u00f3re najmocniej wybrzmia\u0142y podczas konwencji Prawa i Sprawiedliwo\u015bci w Kro\u015bnie i Rzeszowie na Podkarpaciu. Zar\u00f3wno prezes PiS Jaros\u0142aw Kaczy\u0144ski, jak i lider okr\u0119gu Marek Kuchci\u0144ski podkre\u015blali, \u017ce dzi\u0119ki partii rz\u0105dz\u0105cej mo\u017cliwa jest polityka r\u00f3wnych szans, a co za tym idzie \u2013 zr\u00f3wnowa\u017cony rozw\u00f3j Polski, szczeg\u00f3lnie jej wschodnich [&hellip;]","og_url":"https:\/\/marekkuchcinski.pl\/en\/wydarzenia\/prezes-pis-na-podkarpaciu-nasza-wartoscia-jest-wiarygodnosc-wszystko-co-zostalo-zapowiedziane-zostalo-zrealizowane\/","og_site_name":"Marek Kuchci\u0144ski","article_published_time":"2019-10-06T19:26:08+00:00","article_modified_time":"2019-10-06T20:43:32+00:00","og_image":[{"width":755,"height":474,"url":"https:\/\/marekkuchcinski.pl\/wp-content\/uploads\/2019\/10\/1-71187665_10156183707317132_7276050945933312000_n-003.jpg","type":"image\/jpeg"}],"author":"admin","twitter_card":"summary_large_image","twitter_misc":{"Written by":"admin","Est. reading time":"3 minutes"},"schema":{"@context":"https:\/\/schema.org","@graph":[{"@type":"Article","@id":"https:\/\/marekkuchcinski.pl\/wydarzenia\/prezes-pis-na-podkarpaciu-nasza-wartoscia-jest-wiarygodnosc-wszystko-co-zostalo-zapowiedziane-zostalo-zrealizowane\/#article","isPartOf":{"@id":"https:\/\/marekkuchcinski.pl\/wydarzenia\/prezes-pis-na-podkarpaciu-nasza-wartoscia-jest-wiarygodnosc-wszystko-co-zostalo-zapowiedziane-zostalo-zrealizowane\/"},"author":{"name":"admin","@id":"https:\/\/marekkuchcinski.pl\/#\/schema\/person\/3df5731f1d989baf25555b5a344773d5"},"headline":"Prezes PiS na Podkarpaciu: Nasz\u0105 warto\u015bci\u0105 jest wiarygodno\u015b\u0107. Wszystko, co zosta\u0142o zapowiedziane, zosta\u0142o zrealizowane","datePublished":"2019-10-06T19:26:08+00:00","dateModified":"2019-10-06T20:43:32+00:00","mainEntityOfPage":{"@id":"https:\/\/marekkuchcinski.pl\/wydarzenia\/prezes-pis-na-podkarpaciu-nasza-wartoscia-jest-wiarygodnosc-wszystko-co-zostalo-zapowiedziane-zostalo-zrealizowane\/"},"wordCount":541,"commentCount":0,"publisher":{"@id":"https:\/\/marekkuchcinski.pl\/#organization"},"image":{"@id":"https:\/\/marekkuchcinski.pl\/wydarzenia\/prezes-pis-na-podkarpaciu-nasza-wartoscia-jest-wiarygodnosc-wszystko-co-zostalo-zapowiedziane-zostalo-zrealizowane\/#primaryimage"},"thumbnailUrl":"https:\/\/marekkuchcinski.pl\/wp-content\/uploads\/2019\/10\/1-71187665_10156183707317132_7276050945933312000_n-003.jpg","articleSection":["Podkarpacie","Prawo i Sprawiedliwo\u015b\u0107","Wydarzenia"],"inLanguage":"en-GB","potentialAction":[{"@type":"CommentAction","name":"Comment","target":["https:\/\/marekkuchcinski.pl\/wydarzenia\/prezes-pis-na-podkarpaciu-nasza-wartoscia-jest-wiarygodnosc-wszystko-co-zostalo-zapowiedziane-zostalo-zrealizowane\/#respond"]}]},{"@type":"WebPage","@id":"https:\/\/marekkuchcinski.pl\/wydarzenia\/prezes-pis-na-podkarpaciu-nasza-wartoscia-jest-wiarygodnosc-wszystko-co-zostalo-zapowiedziane-zostalo-zrealizowane\/","url":"https:\/\/marekkuchcinski.pl\/wydarzenia\/prezes-pis-na-podkarpaciu-nasza-wartoscia-jest-wiarygodnosc-wszystko-co-zostalo-zapowiedziane-zostalo-zrealizowane\/","name":"Prezes PiS na Podkarpaciu: Nasz\u0105 warto\u015bci\u0105 jest wiarygodno\u015b\u0107. Wszystko, co zosta\u0142o zapowiedziane, zosta\u0142o zrealizowane &#8211; Marek Kuchci\u0144ski","isPartOf":{"@id":"https:\/\/marekkuchcinski.pl\/#website"},"primaryImageOfPage":{"@id":"https:\/\/marekkuchcinski.pl\/wydarzenia\/prezes-pis-na-podkarpaciu-nasza-wartoscia-jest-wiarygodnosc-wszystko-co-zostalo-zapowiedziane-zostalo-zrealizowane\/#primaryimage"},"image":{"@id":"https:\/\/marekkuchcinski.pl\/wydarzenia\/prezes-pis-na-podkarpaciu-nasza-wartoscia-jest-wiarygodnosc-wszystko-co-zostalo-zapowiedziane-zostalo-zrealizowane\/#primaryimage"},"thumbnailUrl":"https:\/\/marekkuchcinski.pl\/wp-content\/uploads\/2019\/10\/1-71187665_10156183707317132_7276050945933312000_n-003.jpg","datePublished":"2019-10-06T19:26:08+00:00","dateModified":"2019-10-06T20:43:32+00:00","breadcrumb":{"@id":"https:\/\/marekkuchcinski.pl\/wydarzenia\/prezes-pis-na-podkarpaciu-nasza-wartoscia-jest-wiarygodnosc-wszystko-co-zostalo-zapowiedziane-zostalo-zrealizowane\/#breadcrumb"},"inLanguage":"en-GB","potentialAction":[{"@type":"ReadAction","target":["https:\/\/marekkuchcinski.pl\/wydarzenia\/prezes-pis-na-podkarpaciu-nasza-wartoscia-jest-wiarygodnosc-wszystko-co-zostalo-zapowiedziane-zostalo-zrealizowane\/"]}]},{"@type":"ImageObject","inLanguage":"en-GB","@id":"https:\/\/marekkuchcinski.pl\/wydarzenia\/prezes-pis-na-podkarpaciu-nasza-wartoscia-jest-wiarygodnosc-wszystko-co-zostalo-zapowiedziane-zostalo-zrealizowane\/#primaryimage","url":"https:\/\/marekkuchcinski.pl\/wp-content\/uploads\/2019\/10\/1-71187665_10156183707317132_7276050945933312000_n-003.jpg","contentUrl":"https:\/\/marekkuchcinski.pl\/wp-content\/uploads\/2019\/10\/1-71187665_10156183707317132_7276050945933312000_n-003.jpg","width":755,"height":474},{"@type":"BreadcrumbList","@id":"https:\/\/marekkuchcinski.pl\/wydarzenia\/prezes-pis-na-podkarpaciu-nasza-wartoscia-jest-wiarygodnosc-wszystko-co-zostalo-zapowiedziane-zostalo-zrealizowane\/#breadcrumb","itemListElement":[{"@type":"ListItem","position":1,"name":"Strona g\u0142\u00f3wna","item":"https:\/\/marekkuchcinski.pl\/"},{"@type":"ListItem","position":2,"name":"Prezes PiS na Podkarpaciu: Nasz\u0105 warto\u015bci\u0105 jest wiarygodno\u015b\u0107. Wszystko, co zosta\u0142o zapowiedziane, zosta\u0142o zrealizowane"}]},{"@type":"WebSite","@id":"https:\/\/marekkuchcinski.pl\/#website","url":"https:\/\/marekkuchcinski.pl\/","name":"Marek Kuchci\u0144ski","description":"Marek Kuchci\u0144ski","publisher":{"@id":"https:\/\/marekkuchcinski.pl\/#organization"},"potentialAction":[{"@type":"SearchAction","target":{"@type":"EntryPoint","urlTemplate":"https:\/\/marekkuchcinski.pl\/?s={search_term_string}"},"query-input":{"@type":"PropertyValueSpecification","valueRequired":true,"valueName":"search_term_string"}}],"inLanguage":"en-GB"},{"@type":"Organization","@id":"https:\/\/marekkuchcinski.pl\/#organization","name":"Marek Kuchci\u0144ski","url":"https:\/\/marekkuchcinski.pl\/","logo":{"@type":"ImageObject","inLanguage":"en-GB","@id":"https:\/\/marekkuchcinski.pl\/#\/schema\/logo\/image\/","url":"https:\/\/marekkuchcinski.pl\/wp-content\/uploads\/2022\/09\/Marek.jpg","contentUrl":"https:\/\/marekkuchcinski.pl\/wp-content\/uploads\/2022\/09\/Marek.jpg","width":1600,"height":971,"caption":"Marek Kuchci\u0144ski"},"image":{"@id":"https:\/\/marekkuchcinski.pl\/#\/schema\/logo\/image\/"}},{"@type":"Person","@id":"https:\/\/marekkuchcinski.pl\/#\/schema\/person\/3df5731f1d989baf25555b5a344773d5","name":"admin","image":{"@type":"ImageObject","inLanguage":"en-GB","@id":"https:\/\/secure.gravatar.com\/avatar\/8fdd2bf34b2a04a8cfb92bbed2c60d558452e5d61a8064e677da4778b9cf4898?s=96&d=mm&r=g","url":"https:\/\/secure.gravatar.com\/avatar\/8fdd2bf34b2a04a8cfb92bbed2c60d558452e5d61a8064e677da4778b9cf4898?s=96&d=mm&r=g","contentUrl":"https:\/\/secure.gravatar.com\/avatar\/8fdd2bf34b2a04a8cfb92bbed2c60d558452e5d61a8064e677da4778b9cf4898?s=96&d=mm&r=g","caption":"admin"},"sameAs":["https:\/\/marekkuchcinski.pl"],"url":"https:\/\/marekkuchcinski.pl\/en\/author\/admin\/"}]}},"_links":{"self":[{"href":"https:\/\/marekkuchcinski.pl\/en\/wp-json\/wp\/v2\/posts\/17705","targetHints":{"allow":["GET"]}}],"collection":[{"href":"https:\/\/marekkuchcinski.pl\/en\/wp-json\/wp\/v2\/posts"}],"about":[{"href":"https:\/\/marekkuchcinski.pl\/en\/wp-json\/wp\/v2\/types\/post"}],"author":[{"embeddable":true,"href":"https:\/\/marekkuchcinski.pl\/en\/wp-json\/wp\/v2\/users\/1"}],"replies":[{"embeddable":true,"href":"https:\/\/marekkuchcinski.pl\/en\/wp-json\/wp\/v2\/comments?post=17705"}],"version-history":[{"count":12,"href":"https:\/\/marekkuchcinski.pl\/en\/wp-json\/wp\/v2\/posts\/17705\/revisions"}],"predecessor-version":[{"id":17734,"href":"https:\/\/marekkuchcinski.pl\/en\/wp-json\/wp\/v2\/posts\/17705\/revisions\/17734"}],"wp:featuredmedia":[{"embeddable":true,"href":"https:\/\/marekkuchcinski.pl\/en\/wp-json\/wp\/v2\/media\/17727"}],"wp:attachment":[{"href":"https:\/\/marekkuchcinski.pl\/en\/wp-json\/wp\/v2\/media?parent=17705"}],"wp:term":[{"taxonomy":"category","embeddable":true,"href":"https:\/\/marekkuchcinski.pl\/en\/wp-json\/wp\/v2\/categories?post=17705"},{"taxonomy":"post_tag","embeddable":true,"href":"https:\/\/marekkuchcinski.pl\/en\/wp-json\/wp\/v2\/tags?post=17705"}],"curies":[{"name":"wp","href":"https:\/\/api.w.org\/{rel}","templated":true}]}}