{"id":17522,"date":"2019-08-27T16:47:48","date_gmt":"2019-08-27T14:47:48","guid":{"rendered":"https:\/\/marekkuchcinski.pl\/?p=17522"},"modified":"2019-08-27T16:50:34","modified_gmt":"2019-08-27T14:50:34","slug":"ii-uniwersytet-letni-instytutu-wspolpracy-polsko-wegierskiej-im-waclawa-felczaka","status":"publish","type":"post","link":"https:\/\/marekkuchcinski.pl\/en\/wydarzenia\/ii-uniwersytet-letni-instytutu-wspolpracy-polsko-wegierskiej-im-waclawa-felczaka\/","title":{"rendered":"II Uniwersytet Letni Instytutu Wsp\u00f3\u0142pracy Polsko-W\u0119gierskiej im. Wac\u0142awa Felczaka"},"content":{"rendered":"<p class=\"wp-block-paragraph\">W dniach od 26 sierpnia do 30 sierpnia 2019 r. w Zamku w Krasiczynie odbywa si\u0119 II edycja Uniwersytetu Letniego Instytutu Wsp\u00f3\u0142pracy Polsko-W\u0119gierskiej im. Wac\u0142awa Felczaka.  Pose\u0142 na Sejm RP Marek Kuchci\u0144ski wraz Wicemarsza\u0142kiem Sejmu Ryszardem Terleckim oraz Wiceprzewodnicz\u0105cym Zgromadzenia Narodowego dr Janosem Latorcaim uczestniczyli  w dyskusji na temat: &#8222;Czym dla mnie jest Polska, czym dla mnie s\u0105 W\u0119gry?&#8221;<\/p>\n\n\n\n<p class=\"wp-block-paragraph\">Pose\u0142 Marek Kuchci\u0144ski wspomnia\u0142 o symbolice wyboru miejsca &#8211; Krasiczyna, jako  miejscowo\u015bci po\u0142o\u017conej niedaleko Przemy\u015bla, kt\u00f3ry jest miejscem szczeg\u00f3lnym z  perspektywy Europy \u015arodkowej i stosunk\u00f3w polsko-w\u0119gierskich. Podkre\u015bli\u0142 donios\u0142o\u015b\u0107  Inicjatywy Instytutu Felczaka, kt\u00f3rej celem jest nie tylko tera\u017aniejsza wsp\u00f3\u0142praca, ale r\u00f3wnie\u017c pochylenie si\u0119 nad przysz\u0142o\u015bci\u0105 Europy w duchu tolerancji i kultury chrze\u015bcija\u0144skiej.<\/p>\n\n\n\n<p class=\"wp-block-paragraph\">Marsza\u0142ek Terlecki m\u00f3wi\u0142 o trudach w ocaleniu kultury i historii europejskiej, wskazuj\u0105c na  Polsk\u0119 i W\u0119gry, jako na kraje, kt\u00f3re s\u0105 nadziej\u0105 tych dzia\u0142a\u0144 i na kt\u00f3rych spoczywa  najwi\u0119ksza odpowiedzialno\u015b\u0107. Dr Janos Latorcaim podkre\u015bli\u0142 rol\u0119 m\u0142odzie\u017cy w planowaniu  przysz\u0142o\u015bci Europy, kt\u00f3ra musi podj\u0105\u0107 wyzwanie zachowania to\u017csamo\u015bci polskiej czy w\u0119gierskiej. Zwr\u00f3ci\u0142 si\u0119 bezpo\u015brednio do uczestnik\u00f3w Uniwersytetu o zaanga\u017cowanie si\u0119 we  wzajemn\u0105 wsp\u00f3\u0142prac\u0119 w celu zachowania chrze\u015bcija\u0144skich warto\u015bci europejskich.<br><\/p>\n\n\n\n<p class=\"wp-block-paragraph\">W panelach uczestniczyli r\u00f3wnie\u017c m. in. Pose\u0142 na Sejm RP Piotr Babinetz oraz prof. Istv\u00e1n Kov\u00e1cs.<\/p>\n\n\n\n<figure class=\"wp-block-image\"><img fetchpriority=\"high\" decoding=\"async\" width=\"1024\" height=\"685\" src=\"https:\/\/marekkuchcinski.pl\/wp-content\/uploads\/2019\/08\/DSC_0153-1-1024x685.jpg\" alt=\"\" class=\"wp-image-17524\" srcset=\"https:\/\/marekkuchcinski.pl\/wp-content\/uploads\/2019\/08\/DSC_0153-1-1024x685.jpg 1024w, https:\/\/marekkuchcinski.pl\/wp-content\/uploads\/2019\/08\/DSC_0153-1-300x201.jpg 300w, https:\/\/marekkuchcinski.pl\/wp-content\/uploads\/2019\/08\/DSC_0153-1-768x514.jpg 768w, https:\/\/marekkuchcinski.pl\/wp-content\/uploads\/2019\/08\/DSC_0153-1.jpg 2048w\" sizes=\"(max-width: 1024px) 100vw, 1024px\" \/><\/figure>\n\n\n\n<figure class=\"wp-block-image\"><img decoding=\"async\" width=\"1024\" height=\"685\" src=\"https:\/\/marekkuchcinski.pl\/wp-content\/uploads\/2019\/08\/DSC_0209-1-1024x685.jpg\" alt=\"\" class=\"wp-image-17525\" srcset=\"https:\/\/marekkuchcinski.pl\/wp-content\/uploads\/2019\/08\/DSC_0209-1-1024x685.jpg 1024w, https:\/\/marekkuchcinski.pl\/wp-content\/uploads\/2019\/08\/DSC_0209-1-300x201.jpg 300w, https:\/\/marekkuchcinski.pl\/wp-content\/uploads\/2019\/08\/DSC_0209-1-768x514.jpg 768w, https:\/\/marekkuchcinski.pl\/wp-content\/uploads\/2019\/08\/DSC_0209-1.jpg 2048w\" sizes=\"(max-width: 1024px) 100vw, 1024px\" \/><\/figure>\n\n\n\n<figure class=\"wp-block-image\"><img decoding=\"async\" width=\"1024\" height=\"685\" src=\"https:\/\/marekkuchcinski.pl\/wp-content\/uploads\/2019\/08\/DSC_0223-1024x685.jpg\" alt=\"\" class=\"wp-image-17526\" srcset=\"https:\/\/marekkuchcinski.pl\/wp-content\/uploads\/2019\/08\/DSC_0223-1024x685.jpg 1024w, https:\/\/marekkuchcinski.pl\/wp-content\/uploads\/2019\/08\/DSC_0223-300x201.jpg 300w, https:\/\/marekkuchcinski.pl\/wp-content\/uploads\/2019\/08\/DSC_0223-768x514.jpg 768w, https:\/\/marekkuchcinski.pl\/wp-content\/uploads\/2019\/08\/DSC_0223.jpg 2048w\" sizes=\"(max-width: 1024px) 100vw, 1024px\" \/><\/figure>\n\n\n\n<figure class=\"wp-block-image\"><img loading=\"lazy\" decoding=\"async\" width=\"1024\" height=\"685\" src=\"https:\/\/marekkuchcinski.pl\/wp-content\/uploads\/2019\/08\/DSC_0251-1024x685.jpg\" alt=\"\" class=\"wp-image-17527\" srcset=\"https:\/\/marekkuchcinski.pl\/wp-content\/uploads\/2019\/08\/DSC_0251-1024x685.jpg 1024w, https:\/\/marekkuchcinski.pl\/wp-content\/uploads\/2019\/08\/DSC_0251-300x201.jpg 300w, https:\/\/marekkuchcinski.pl\/wp-content\/uploads\/2019\/08\/DSC_0251-768x514.jpg 768w, https:\/\/marekkuchcinski.pl\/wp-content\/uploads\/2019\/08\/DSC_0251.jpg 2048w\" sizes=\"(max-width: 1024px) 100vw, 1024px\" \/><\/figure>\n\n\n\n<figure class=\"wp-block-image\"><img loading=\"lazy\" decoding=\"async\" width=\"1024\" height=\"685\" src=\"https:\/\/marekkuchcinski.pl\/wp-content\/uploads\/2019\/08\/DSC_0265-1024x685.jpg\" alt=\"\" class=\"wp-image-17528\" srcset=\"https:\/\/marekkuchcinski.pl\/wp-content\/uploads\/2019\/08\/DSC_0265-1024x685.jpg 1024w, https:\/\/marekkuchcinski.pl\/wp-content\/uploads\/2019\/08\/DSC_0265-300x201.jpg 300w, https:\/\/marekkuchcinski.pl\/wp-content\/uploads\/2019\/08\/DSC_0265-768x514.jpg 768w, https:\/\/marekkuchcinski.pl\/wp-content\/uploads\/2019\/08\/DSC_0265.jpg 2048w\" sizes=\"(max-width: 1024px) 100vw, 1024px\" \/><\/figure>\n\n\n\n<figure class=\"wp-block-image\"><img loading=\"lazy\" decoding=\"async\" width=\"1024\" height=\"685\" src=\"https:\/\/marekkuchcinski.pl\/wp-content\/uploads\/2019\/08\/DSC_0262-1024x685.jpg\" alt=\"\" class=\"wp-image-17529\" srcset=\"https:\/\/marekkuchcinski.pl\/wp-content\/uploads\/2019\/08\/DSC_0262-1024x685.jpg 1024w, https:\/\/marekkuchcinski.pl\/wp-content\/uploads\/2019\/08\/DSC_0262-300x201.jpg 300w, https:\/\/marekkuchcinski.pl\/wp-content\/uploads\/2019\/08\/DSC_0262-768x514.jpg 768w, https:\/\/marekkuchcinski.pl\/wp-content\/uploads\/2019\/08\/DSC_0262.jpg 2048w\" sizes=\"(max-width: 1024px) 100vw, 1024px\" \/><\/figure>","protected":false},"excerpt":{"rendered":"<p>W dniach od 26 sierpnia do 30 sierpnia 2019 r. w Zamku w Krasiczynie odbywa si\u0119 II edycja Uniwersytetu Letniego Instytutu Wsp\u00f3\u0142pracy Polsko-W\u0119gierskiej im. Wac\u0142awa Felczaka. Pose\u0142 na Sejm RP Marek Kuchci\u0144ski wraz Wicemarsza\u0142kiem Sejmu Ryszardem Terleckim oraz Wiceprzewodnicz\u0105cym Zgromadzenia Narodowego dr Janosem Latorcaim uczestniczyli w dyskusji na temat: &#8222;Czym dla mnie jest Polska, czym [&hellip;]<\/p>\n","protected":false},"author":5,"featured_media":17523,"comment_status":"open","ping_status":"open","sticky":false,"template":"","format":"standard","meta":{"ngg_post_thumbnail":0,"footnotes":""},"categories":[3],"tags":[],"class_list":["post-17522","post","type-post","status-publish","format-standard","has-post-thumbnail","hentry","category-wydarzenia"],"yoast_head":"<!-- This site is optimized with the Yoast SEO plugin v28.4 - https:\/\/yoast.com\/product\/yoast-seo-wordpress\/ -->\n<title>II Uniwersytet Letni Instytutu Wsp\u00f3\u0142pracy Polsko-W\u0119gierskiej im. Wac\u0142awa Felczaka &#8211; Marek Kuchci\u0144ski<\/title>\n<meta name=\"robots\" content=\"index, follow, max-snippet:-1, max-image-preview:large, max-video-preview:-1\" \/>\n<link rel=\"canonical\" href=\"https:\/\/marekkuchcinski.pl\/en\/wydarzenia\/ii-uniwersytet-letni-instytutu-wspolpracy-polsko-wegierskiej-im-waclawa-felczaka\/\" \/>\n<meta property=\"og:locale\" content=\"en_GB\" \/>\n<meta property=\"og:type\" content=\"article\" \/>\n<meta property=\"og:title\" content=\"II Uniwersytet Letni Instytutu Wsp\u00f3\u0142pracy Polsko-W\u0119gierskiej im. Wac\u0142awa Felczaka &#8211; Marek Kuchci\u0144ski\" \/>\n<meta property=\"og:description\" content=\"W dniach od 26 sierpnia do 30 sierpnia 2019 r. w Zamku w Krasiczynie odbywa si\u0119 II edycja Uniwersytetu Letniego Instytutu Wsp\u00f3\u0142pracy Polsko-W\u0119gierskiej im. Wac\u0142awa Felczaka. Pose\u0142 na Sejm RP Marek Kuchci\u0144ski wraz Wicemarsza\u0142kiem Sejmu Ryszardem Terleckim oraz Wiceprzewodnicz\u0105cym Zgromadzenia Narodowego dr Janosem Latorcaim uczestniczyli w dyskusji na temat: &#8222;Czym dla mnie jest Polska, czym [&hellip;]\" \/>\n<meta property=\"og:url\" content=\"https:\/\/marekkuchcinski.pl\/en\/wydarzenia\/ii-uniwersytet-letni-instytutu-wspolpracy-polsko-wegierskiej-im-waclawa-felczaka\/\" \/>\n<meta property=\"og:site_name\" content=\"Marek Kuchci\u0144ski\" \/>\n<meta property=\"article:published_time\" content=\"2019-08-27T14:47:48+00:00\" \/>\n<meta property=\"article:modified_time\" content=\"2019-08-27T14:50:34+00:00\" \/>\n<meta property=\"og:image\" content=\"https:\/\/marekkuchcinski.pl\/wp-content\/uploads\/2019\/08\/DSC_0217.jpg\" \/>\n\t<meta property=\"og:image:width\" content=\"2048\" \/>\n\t<meta property=\"og:image:height\" content=\"1371\" \/>\n\t<meta property=\"og:image:type\" content=\"image\/jpeg\" \/>\n<meta name=\"author\" content=\"Katarzyna Rokitowska\" \/>\n<meta name=\"twitter:card\" content=\"summary_large_image\" \/>\n<meta name=\"twitter:label1\" content=\"Written by\" \/>\n\t<meta name=\"twitter:data1\" content=\"Katarzyna Rokitowska\" \/>\n\t<meta name=\"twitter:label2\" content=\"Est. reading time\" \/>\n\t<meta name=\"twitter:data2\" content=\"1 minute\" \/>\n<script type=\"application\/ld+json\" class=\"yoast-schema-graph\">{\"@context\":\"https:\\\/\\\/schema.org\",\"@graph\":[{\"@type\":\"Article\",\"@id\":\"https:\\\/\\\/marekkuchcinski.pl\\\/wydarzenia\\\/ii-uniwersytet-letni-instytutu-wspolpracy-polsko-wegierskiej-im-waclawa-felczaka\\\/#article\",\"isPartOf\":{\"@id\":\"https:\\\/\\\/marekkuchcinski.pl\\\/wydarzenia\\\/ii-uniwersytet-letni-instytutu-wspolpracy-polsko-wegierskiej-im-waclawa-felczaka\\\/\"},\"author\":{\"name\":\"Katarzyna Rokitowska\",\"@id\":\"https:\\\/\\\/marekkuchcinski.pl\\\/#\\\/schema\\\/person\\\/1e47b508ea76aac62c861a7367f838fb\"},\"headline\":\"II Uniwersytet Letni Instytutu Wsp\u00f3\u0142pracy Polsko-W\u0119gierskiej im. Wac\u0142awa Felczaka\",\"datePublished\":\"2019-08-27T14:47:48+00:00\",\"dateModified\":\"2019-08-27T14:50:34+00:00\",\"mainEntityOfPage\":{\"@id\":\"https:\\\/\\\/marekkuchcinski.pl\\\/wydarzenia\\\/ii-uniwersytet-letni-instytutu-wspolpracy-polsko-wegierskiej-im-waclawa-felczaka\\\/\"},\"wordCount\":256,\"commentCount\":0,\"publisher\":{\"@id\":\"https:\\\/\\\/marekkuchcinski.pl\\\/#organization\"},\"image\":{\"@id\":\"https:\\\/\\\/marekkuchcinski.pl\\\/wydarzenia\\\/ii-uniwersytet-letni-instytutu-wspolpracy-polsko-wegierskiej-im-waclawa-felczaka\\\/#primaryimage\"},\"thumbnailUrl\":\"https:\\\/\\\/marekkuchcinski.pl\\\/wp-content\\\/uploads\\\/2019\\\/08\\\/DSC_0217.jpg\",\"articleSection\":[\"Wydarzenia\"],\"inLanguage\":\"en-GB\",\"potentialAction\":[{\"@type\":\"CommentAction\",\"name\":\"Comment\",\"target\":[\"https:\\\/\\\/marekkuchcinski.pl\\\/wydarzenia\\\/ii-uniwersytet-letni-instytutu-wspolpracy-polsko-wegierskiej-im-waclawa-felczaka\\\/#respond\"]}]},{\"@type\":\"WebPage\",\"@id\":\"https:\\\/\\\/marekkuchcinski.pl\\\/wydarzenia\\\/ii-uniwersytet-letni-instytutu-wspolpracy-polsko-wegierskiej-im-waclawa-felczaka\\\/\",\"url\":\"https:\\\/\\\/marekkuchcinski.pl\\\/wydarzenia\\\/ii-uniwersytet-letni-instytutu-wspolpracy-polsko-wegierskiej-im-waclawa-felczaka\\\/\",\"name\":\"II Uniwersytet Letni Instytutu Wsp\u00f3\u0142pracy Polsko-W\u0119gierskiej im. Wac\u0142awa Felczaka &#8211; Marek Kuchci\u0144ski\",\"isPartOf\":{\"@id\":\"https:\\\/\\\/marekkuchcinski.pl\\\/#website\"},\"primaryImageOfPage\":{\"@id\":\"https:\\\/\\\/marekkuchcinski.pl\\\/wydarzenia\\\/ii-uniwersytet-letni-instytutu-wspolpracy-polsko-wegierskiej-im-waclawa-felczaka\\\/#primaryimage\"},\"image\":{\"@id\":\"https:\\\/\\\/marekkuchcinski.pl\\\/wydarzenia\\\/ii-uniwersytet-letni-instytutu-wspolpracy-polsko-wegierskiej-im-waclawa-felczaka\\\/#primaryimage\"},\"thumbnailUrl\":\"https:\\\/\\\/marekkuchcinski.pl\\\/wp-content\\\/uploads\\\/2019\\\/08\\\/DSC_0217.jpg\",\"datePublished\":\"2019-08-27T14:47:48+00:00\",\"dateModified\":\"2019-08-27T14:50:34+00:00\",\"breadcrumb\":{\"@id\":\"https:\\\/\\\/marekkuchcinski.pl\\\/wydarzenia\\\/ii-uniwersytet-letni-instytutu-wspolpracy-polsko-wegierskiej-im-waclawa-felczaka\\\/#breadcrumb\"},\"inLanguage\":\"en-GB\",\"potentialAction\":[{\"@type\":\"ReadAction\",\"target\":[\"https:\\\/\\\/marekkuchcinski.pl\\\/wydarzenia\\\/ii-uniwersytet-letni-instytutu-wspolpracy-polsko-wegierskiej-im-waclawa-felczaka\\\/\"]}]},{\"@type\":\"ImageObject\",\"inLanguage\":\"en-GB\",\"@id\":\"https:\\\/\\\/marekkuchcinski.pl\\\/wydarzenia\\\/ii-uniwersytet-letni-instytutu-wspolpracy-polsko-wegierskiej-im-waclawa-felczaka\\\/#primaryimage\",\"url\":\"https:\\\/\\\/marekkuchcinski.pl\\\/wp-content\\\/uploads\\\/2019\\\/08\\\/DSC_0217.jpg\",\"contentUrl\":\"https:\\\/\\\/marekkuchcinski.pl\\\/wp-content\\\/uploads\\\/2019\\\/08\\\/DSC_0217.jpg\",\"width\":2048,\"height\":1371},{\"@type\":\"BreadcrumbList\",\"@id\":\"https:\\\/\\\/marekkuchcinski.pl\\\/wydarzenia\\\/ii-uniwersytet-letni-instytutu-wspolpracy-polsko-wegierskiej-im-waclawa-felczaka\\\/#breadcrumb\",\"itemListElement\":[{\"@type\":\"ListItem\",\"position\":1,\"name\":\"Strona g\u0142\u00f3wna\",\"item\":\"https:\\\/\\\/marekkuchcinski.pl\\\/\"},{\"@type\":\"ListItem\",\"position\":2,\"name\":\"II Uniwersytet Letni Instytutu Wsp\u00f3\u0142pracy Polsko-W\u0119gierskiej im. Wac\u0142awa Felczaka\"}]},{\"@type\":\"WebSite\",\"@id\":\"https:\\\/\\\/marekkuchcinski.pl\\\/#website\",\"url\":\"https:\\\/\\\/marekkuchcinski.pl\\\/\",\"name\":\"Marek Kuchci\u0144ski\",\"description\":\"Marek Kuchci\u0144ski \",\"publisher\":{\"@id\":\"https:\\\/\\\/marekkuchcinski.pl\\\/#organization\"},\"potentialAction\":[{\"@type\":\"SearchAction\",\"target\":{\"@type\":\"EntryPoint\",\"urlTemplate\":\"https:\\\/\\\/marekkuchcinski.pl\\\/?s={search_term_string}\"},\"query-input\":{\"@type\":\"PropertyValueSpecification\",\"valueRequired\":true,\"valueName\":\"search_term_string\"}}],\"inLanguage\":\"en-GB\"},{\"@type\":\"Organization\",\"@id\":\"https:\\\/\\\/marekkuchcinski.pl\\\/#organization\",\"name\":\"Marek Kuchci\u0144ski\",\"url\":\"https:\\\/\\\/marekkuchcinski.pl\\\/\",\"logo\":{\"@type\":\"ImageObject\",\"inLanguage\":\"en-GB\",\"@id\":\"https:\\\/\\\/marekkuchcinski.pl\\\/#\\\/schema\\\/logo\\\/image\\\/\",\"url\":\"https:\\\/\\\/marekkuchcinski.pl\\\/wp-content\\\/uploads\\\/2022\\\/09\\\/Marek.jpg\",\"contentUrl\":\"https:\\\/\\\/marekkuchcinski.pl\\\/wp-content\\\/uploads\\\/2022\\\/09\\\/Marek.jpg\",\"width\":1600,\"height\":971,\"caption\":\"Marek Kuchci\u0144ski\"},\"image\":{\"@id\":\"https:\\\/\\\/marekkuchcinski.pl\\\/#\\\/schema\\\/logo\\\/image\\\/\"}},{\"@type\":\"Person\",\"@id\":\"https:\\\/\\\/marekkuchcinski.pl\\\/#\\\/schema\\\/person\\\/1e47b508ea76aac62c861a7367f838fb\",\"name\":\"Katarzyna Rokitowska\",\"image\":{\"@type\":\"ImageObject\",\"inLanguage\":\"en-GB\",\"@id\":\"https:\\\/\\\/secure.gravatar.com\\\/avatar\\\/7db56f3d6cb312989ea6b048b9aff5d7cd5d854ed9d5a486bb5558bf6d772859?s=96&d=mm&r=g\",\"url\":\"https:\\\/\\\/secure.gravatar.com\\\/avatar\\\/7db56f3d6cb312989ea6b048b9aff5d7cd5d854ed9d5a486bb5558bf6d772859?s=96&d=mm&r=g\",\"contentUrl\":\"https:\\\/\\\/secure.gravatar.com\\\/avatar\\\/7db56f3d6cb312989ea6b048b9aff5d7cd5d854ed9d5a486bb5558bf6d772859?s=96&d=mm&r=g\",\"caption\":\"Katarzyna Rokitowska\"},\"url\":\"https:\\\/\\\/marekkuchcinski.pl\\\/en\\\/author\\\/kasia-rokitowska\\\/\"}]}<\/script>\n<!-- \/ Yoast SEO plugin. -->","yoast_head_json":{"title":"II Uniwersytet Letni Instytutu Wsp\u00f3\u0142pracy Polsko-W\u0119gierskiej im. Wac\u0142awa Felczaka &#8211; Marek Kuchci\u0144ski","robots":{"index":"index","follow":"follow","max-snippet":"max-snippet:-1","max-image-preview":"max-image-preview:large","max-video-preview":"max-video-preview:-1"},"canonical":"https:\/\/marekkuchcinski.pl\/en\/wydarzenia\/ii-uniwersytet-letni-instytutu-wspolpracy-polsko-wegierskiej-im-waclawa-felczaka\/","og_locale":"en_GB","og_type":"article","og_title":"II Uniwersytet Letni Instytutu Wsp\u00f3\u0142pracy Polsko-W\u0119gierskiej im. Wac\u0142awa Felczaka &#8211; Marek Kuchci\u0144ski","og_description":"W dniach od 26 sierpnia do 30 sierpnia 2019 r. w Zamku w Krasiczynie odbywa si\u0119 II edycja Uniwersytetu Letniego Instytutu Wsp\u00f3\u0142pracy Polsko-W\u0119gierskiej im. Wac\u0142awa Felczaka. Pose\u0142 na Sejm RP Marek Kuchci\u0144ski wraz Wicemarsza\u0142kiem Sejmu Ryszardem Terleckim oraz Wiceprzewodnicz\u0105cym Zgromadzenia Narodowego dr Janosem Latorcaim uczestniczyli w dyskusji na temat: &#8222;Czym dla mnie jest Polska, czym [&hellip;]","og_url":"https:\/\/marekkuchcinski.pl\/en\/wydarzenia\/ii-uniwersytet-letni-instytutu-wspolpracy-polsko-wegierskiej-im-waclawa-felczaka\/","og_site_name":"Marek Kuchci\u0144ski","article_published_time":"2019-08-27T14:47:48+00:00","article_modified_time":"2019-08-27T14:50:34+00:00","og_image":[{"width":2048,"height":1371,"url":"https:\/\/marekkuchcinski.pl\/wp-content\/uploads\/2019\/08\/DSC_0217.jpg","type":"image\/jpeg"}],"author":"Katarzyna Rokitowska","twitter_card":"summary_large_image","twitter_misc":{"Written by":"Katarzyna Rokitowska","Est. reading time":"1 minute"},"schema":{"@context":"https:\/\/schema.org","@graph":[{"@type":"Article","@id":"https:\/\/marekkuchcinski.pl\/wydarzenia\/ii-uniwersytet-letni-instytutu-wspolpracy-polsko-wegierskiej-im-waclawa-felczaka\/#article","isPartOf":{"@id":"https:\/\/marekkuchcinski.pl\/wydarzenia\/ii-uniwersytet-letni-instytutu-wspolpracy-polsko-wegierskiej-im-waclawa-felczaka\/"},"author":{"name":"Katarzyna Rokitowska","@id":"https:\/\/marekkuchcinski.pl\/#\/schema\/person\/1e47b508ea76aac62c861a7367f838fb"},"headline":"II Uniwersytet Letni Instytutu Wsp\u00f3\u0142pracy Polsko-W\u0119gierskiej im. Wac\u0142awa Felczaka","datePublished":"2019-08-27T14:47:48+00:00","dateModified":"2019-08-27T14:50:34+00:00","mainEntityOfPage":{"@id":"https:\/\/marekkuchcinski.pl\/wydarzenia\/ii-uniwersytet-letni-instytutu-wspolpracy-polsko-wegierskiej-im-waclawa-felczaka\/"},"wordCount":256,"commentCount":0,"publisher":{"@id":"https:\/\/marekkuchcinski.pl\/#organization"},"image":{"@id":"https:\/\/marekkuchcinski.pl\/wydarzenia\/ii-uniwersytet-letni-instytutu-wspolpracy-polsko-wegierskiej-im-waclawa-felczaka\/#primaryimage"},"thumbnailUrl":"https:\/\/marekkuchcinski.pl\/wp-content\/uploads\/2019\/08\/DSC_0217.jpg","articleSection":["Wydarzenia"],"inLanguage":"en-GB","potentialAction":[{"@type":"CommentAction","name":"Comment","target":["https:\/\/marekkuchcinski.pl\/wydarzenia\/ii-uniwersytet-letni-instytutu-wspolpracy-polsko-wegierskiej-im-waclawa-felczaka\/#respond"]}]},{"@type":"WebPage","@id":"https:\/\/marekkuchcinski.pl\/wydarzenia\/ii-uniwersytet-letni-instytutu-wspolpracy-polsko-wegierskiej-im-waclawa-felczaka\/","url":"https:\/\/marekkuchcinski.pl\/wydarzenia\/ii-uniwersytet-letni-instytutu-wspolpracy-polsko-wegierskiej-im-waclawa-felczaka\/","name":"II Uniwersytet Letni Instytutu Wsp\u00f3\u0142pracy Polsko-W\u0119gierskiej im. Wac\u0142awa Felczaka &#8211; Marek Kuchci\u0144ski","isPartOf":{"@id":"https:\/\/marekkuchcinski.pl\/#website"},"primaryImageOfPage":{"@id":"https:\/\/marekkuchcinski.pl\/wydarzenia\/ii-uniwersytet-letni-instytutu-wspolpracy-polsko-wegierskiej-im-waclawa-felczaka\/#primaryimage"},"image":{"@id":"https:\/\/marekkuchcinski.pl\/wydarzenia\/ii-uniwersytet-letni-instytutu-wspolpracy-polsko-wegierskiej-im-waclawa-felczaka\/#primaryimage"},"thumbnailUrl":"https:\/\/marekkuchcinski.pl\/wp-content\/uploads\/2019\/08\/DSC_0217.jpg","datePublished":"2019-08-27T14:47:48+00:00","dateModified":"2019-08-27T14:50:34+00:00","breadcrumb":{"@id":"https:\/\/marekkuchcinski.pl\/wydarzenia\/ii-uniwersytet-letni-instytutu-wspolpracy-polsko-wegierskiej-im-waclawa-felczaka\/#breadcrumb"},"inLanguage":"en-GB","potentialAction":[{"@type":"ReadAction","target":["https:\/\/marekkuchcinski.pl\/wydarzenia\/ii-uniwersytet-letni-instytutu-wspolpracy-polsko-wegierskiej-im-waclawa-felczaka\/"]}]},{"@type":"ImageObject","inLanguage":"en-GB","@id":"https:\/\/marekkuchcinski.pl\/wydarzenia\/ii-uniwersytet-letni-instytutu-wspolpracy-polsko-wegierskiej-im-waclawa-felczaka\/#primaryimage","url":"https:\/\/marekkuchcinski.pl\/wp-content\/uploads\/2019\/08\/DSC_0217.jpg","contentUrl":"https:\/\/marekkuchcinski.pl\/wp-content\/uploads\/2019\/08\/DSC_0217.jpg","width":2048,"height":1371},{"@type":"BreadcrumbList","@id":"https:\/\/marekkuchcinski.pl\/wydarzenia\/ii-uniwersytet-letni-instytutu-wspolpracy-polsko-wegierskiej-im-waclawa-felczaka\/#breadcrumb","itemListElement":[{"@type":"ListItem","position":1,"name":"Strona g\u0142\u00f3wna","item":"https:\/\/marekkuchcinski.pl\/"},{"@type":"ListItem","position":2,"name":"II Uniwersytet Letni Instytutu Wsp\u00f3\u0142pracy Polsko-W\u0119gierskiej im. Wac\u0142awa Felczaka"}]},{"@type":"WebSite","@id":"https:\/\/marekkuchcinski.pl\/#website","url":"https:\/\/marekkuchcinski.pl\/","name":"Marek Kuchci\u0144ski","description":"Marek Kuchci\u0144ski","publisher":{"@id":"https:\/\/marekkuchcinski.pl\/#organization"},"potentialAction":[{"@type":"SearchAction","target":{"@type":"EntryPoint","urlTemplate":"https:\/\/marekkuchcinski.pl\/?s={search_term_string}"},"query-input":{"@type":"PropertyValueSpecification","valueRequired":true,"valueName":"search_term_string"}}],"inLanguage":"en-GB"},{"@type":"Organization","@id":"https:\/\/marekkuchcinski.pl\/#organization","name":"Marek Kuchci\u0144ski","url":"https:\/\/marekkuchcinski.pl\/","logo":{"@type":"ImageObject","inLanguage":"en-GB","@id":"https:\/\/marekkuchcinski.pl\/#\/schema\/logo\/image\/","url":"https:\/\/marekkuchcinski.pl\/wp-content\/uploads\/2022\/09\/Marek.jpg","contentUrl":"https:\/\/marekkuchcinski.pl\/wp-content\/uploads\/2022\/09\/Marek.jpg","width":1600,"height":971,"caption":"Marek Kuchci\u0144ski"},"image":{"@id":"https:\/\/marekkuchcinski.pl\/#\/schema\/logo\/image\/"}},{"@type":"Person","@id":"https:\/\/marekkuchcinski.pl\/#\/schema\/person\/1e47b508ea76aac62c861a7367f838fb","name":"Katarzyna Rokitowska","image":{"@type":"ImageObject","inLanguage":"en-GB","@id":"https:\/\/secure.gravatar.com\/avatar\/7db56f3d6cb312989ea6b048b9aff5d7cd5d854ed9d5a486bb5558bf6d772859?s=96&d=mm&r=g","url":"https:\/\/secure.gravatar.com\/avatar\/7db56f3d6cb312989ea6b048b9aff5d7cd5d854ed9d5a486bb5558bf6d772859?s=96&d=mm&r=g","contentUrl":"https:\/\/secure.gravatar.com\/avatar\/7db56f3d6cb312989ea6b048b9aff5d7cd5d854ed9d5a486bb5558bf6d772859?s=96&d=mm&r=g","caption":"Katarzyna Rokitowska"},"url":"https:\/\/marekkuchcinski.pl\/en\/author\/kasia-rokitowska\/"}]}},"_links":{"self":[{"href":"https:\/\/marekkuchcinski.pl\/en\/wp-json\/wp\/v2\/posts\/17522","targetHints":{"allow":["GET"]}}],"collection":[{"href":"https:\/\/marekkuchcinski.pl\/en\/wp-json\/wp\/v2\/posts"}],"about":[{"href":"https:\/\/marekkuchcinski.pl\/en\/wp-json\/wp\/v2\/types\/post"}],"author":[{"embeddable":true,"href":"https:\/\/marekkuchcinski.pl\/en\/wp-json\/wp\/v2\/users\/5"}],"replies":[{"embeddable":true,"href":"https:\/\/marekkuchcinski.pl\/en\/wp-json\/wp\/v2\/comments?post=17522"}],"version-history":[{"count":3,"href":"https:\/\/marekkuchcinski.pl\/en\/wp-json\/wp\/v2\/posts\/17522\/revisions"}],"predecessor-version":[{"id":17532,"href":"https:\/\/marekkuchcinski.pl\/en\/wp-json\/wp\/v2\/posts\/17522\/revisions\/17532"}],"wp:featuredmedia":[{"embeddable":true,"href":"https:\/\/marekkuchcinski.pl\/en\/wp-json\/wp\/v2\/media\/17523"}],"wp:attachment":[{"href":"https:\/\/marekkuchcinski.pl\/en\/wp-json\/wp\/v2\/media?parent=17522"}],"wp:term":[{"taxonomy":"category","embeddable":true,"href":"https:\/\/marekkuchcinski.pl\/en\/wp-json\/wp\/v2\/categories?post=17522"},{"taxonomy":"post_tag","embeddable":true,"href":"https:\/\/marekkuchcinski.pl\/en\/wp-json\/wp\/v2\/tags?post=17522"}],"curies":[{"name":"wp","href":"https:\/\/api.w.org\/{rel}","templated":true}]}}