{"id":17522,"date":"2019-08-27T16:47:48","date_gmt":"2019-08-27T14:47:48","guid":{"rendered":"https:\/\/marekkuchcinski.pl\/?p=17522"},"modified":"2019-08-27T16:50:34","modified_gmt":"2019-08-27T14:50:34","slug":"ii-uniwersytet-letni-instytutu-wspolpracy-polsko-wegierskiej-im-waclawa-felczaka","status":"publish","type":"post","link":"https:\/\/marekkuchcinski.pl\/en\/wydarzenia\/ii-uniwersytet-letni-instytutu-wspolpracy-polsko-wegierskiej-im-waclawa-felczaka\/","title":{"rendered":"II Summer University of the Wac\u0142aw Felczak Institute for Polish-Hungarian Cooperation"},"content":{"rendered":"<p>The second edition of the Wac\u0142aw Felczak Summer University of the Institute for Polish-Hungarian Cooperation is being held at Krasiczyn Castle from 26 August to 30 August 2019.  Marek Kuchci\u0144ski, Member of the Polish Parliament, together with Ryszard Terlecki, Deputy Speaker of the Sejm, and Dr. Janos Latorcai, Vice-President of the National Assembly, participated in a discussion on the topic: \"What is Poland for me, what is Hungary for me?\"<\/p>\n\n\n\n<p>Marek Kuchci\u0144ski mentioned the symbolism of the choice of the place - Krasiczyn, as a village located near Przemy\u015bl, which is a special place from the perspective of Central Europe and Polish-Hungarian relations. He emphasized the significance of the Felczak Institute Initiative, which aims not only at the present day cooperation but also at the future of Europe in the spirit of tolerance and Christian culture.<\/p>\n\n\n\n<p>Marshal Terlecki spoke about the difficulties in saving European culture and history, pointing to Poland and Hungary as the countries that are the hope of these efforts and on which rests the greatest responsibility. Dr. Janos Latorcaim emphasized the role of youth in planning the future of Europe, which must take up the challenge of preserving the Polish or Hungarian identity. He appealed directly to the participants of the University to engage in mutual cooperation in order to preserve Christian European values.<br><\/p>\n\n\n\n<p>Piotr Babinetz, member of the Polish Parliament and Prof. Istv\u00e1n Kov\u00e1cs also participated in the panels.<\/p>\n\n\n\n<figure class=\"wp-block-image\"><img fetchpriority=\"high\" decoding=\"async\" width=\"1024\" height=\"685\" src=\"https:\/\/marekkuchcinski.pl\/wp-content\/uploads\/2019\/08\/DSC_0153-1-1024x685.jpg\" alt=\"\" class=\"wp-image-17524\" srcset=\"https:\/\/marekkuchcinski.pl\/wp-content\/uploads\/2019\/08\/DSC_0153-1-1024x685.jpg 1024w, https:\/\/marekkuchcinski.pl\/wp-content\/uploads\/2019\/08\/DSC_0153-1-300x201.jpg 300w, https:\/\/marekkuchcinski.pl\/wp-content\/uploads\/2019\/08\/DSC_0153-1-768x514.jpg 768w, https:\/\/marekkuchcinski.pl\/wp-content\/uploads\/2019\/08\/DSC_0153-1.jpg 2048w\" sizes=\"(max-width: 1024px) 100vw, 1024px\" \/><\/figure>\n\n\n\n<figure class=\"wp-block-image\"><img decoding=\"async\" width=\"1024\" height=\"685\" src=\"https:\/\/marekkuchcinski.pl\/wp-content\/uploads\/2019\/08\/DSC_0209-1-1024x685.jpg\" alt=\"\" class=\"wp-image-17525\" srcset=\"https:\/\/marekkuchcinski.pl\/wp-content\/uploads\/2019\/08\/DSC_0209-1-1024x685.jpg 1024w, https:\/\/marekkuchcinski.pl\/wp-content\/uploads\/2019\/08\/DSC_0209-1-300x201.jpg 300w, https:\/\/marekkuchcinski.pl\/wp-content\/uploads\/2019\/08\/DSC_0209-1-768x514.jpg 768w, https:\/\/marekkuchcinski.pl\/wp-content\/uploads\/2019\/08\/DSC_0209-1.jpg 2048w\" sizes=\"(max-width: 1024px) 100vw, 1024px\" \/><\/figure>\n\n\n\n<figure class=\"wp-block-image\"><img decoding=\"async\" width=\"1024\" height=\"685\" src=\"https:\/\/marekkuchcinski.pl\/wp-content\/uploads\/2019\/08\/DSC_0223-1024x685.jpg\" alt=\"\" class=\"wp-image-17526\" srcset=\"https:\/\/marekkuchcinski.pl\/wp-content\/uploads\/2019\/08\/DSC_0223-1024x685.jpg 1024w, https:\/\/marekkuchcinski.pl\/wp-content\/uploads\/2019\/08\/DSC_0223-300x201.jpg 300w, https:\/\/marekkuchcinski.pl\/wp-content\/uploads\/2019\/08\/DSC_0223-768x514.jpg 768w, https:\/\/marekkuchcinski.pl\/wp-content\/uploads\/2019\/08\/DSC_0223.jpg 2048w\" sizes=\"(max-width: 1024px) 100vw, 1024px\" \/><\/figure>\n\n\n\n<figure class=\"wp-block-image\"><img loading=\"lazy\" decoding=\"async\" width=\"1024\" height=\"685\" src=\"https:\/\/marekkuchcinski.pl\/wp-content\/uploads\/2019\/08\/DSC_0251-1024x685.jpg\" alt=\"\" class=\"wp-image-17527\" srcset=\"https:\/\/marekkuchcinski.pl\/wp-content\/uploads\/2019\/08\/DSC_0251-1024x685.jpg 1024w, https:\/\/marekkuchcinski.pl\/wp-content\/uploads\/2019\/08\/DSC_0251-300x201.jpg 300w, https:\/\/marekkuchcinski.pl\/wp-content\/uploads\/2019\/08\/DSC_0251-768x514.jpg 768w, https:\/\/marekkuchcinski.pl\/wp-content\/uploads\/2019\/08\/DSC_0251.jpg 2048w\" sizes=\"(max-width: 1024px) 100vw, 1024px\" \/><\/figure>\n\n\n\n<figure class=\"wp-block-image\"><img loading=\"lazy\" decoding=\"async\" width=\"1024\" height=\"685\" src=\"https:\/\/marekkuchcinski.pl\/wp-content\/uploads\/2019\/08\/DSC_0265-1024x685.jpg\" alt=\"\" class=\"wp-image-17528\" srcset=\"https:\/\/marekkuchcinski.pl\/wp-content\/uploads\/2019\/08\/DSC_0265-1024x685.jpg 1024w, https:\/\/marekkuchcinski.pl\/wp-content\/uploads\/2019\/08\/DSC_0265-300x201.jpg 300w, https:\/\/marekkuchcinski.pl\/wp-content\/uploads\/2019\/08\/DSC_0265-768x514.jpg 768w, https:\/\/marekkuchcinski.pl\/wp-content\/uploads\/2019\/08\/DSC_0265.jpg 2048w\" sizes=\"(max-width: 1024px) 100vw, 1024px\" \/><\/figure>\n\n\n\n<figure class=\"wp-block-image\"><img loading=\"lazy\" decoding=\"async\" width=\"1024\" height=\"685\" src=\"https:\/\/marekkuchcinski.pl\/wp-content\/uploads\/2019\/08\/DSC_0262-1024x685.jpg\" alt=\"\" class=\"wp-image-17529\" srcset=\"https:\/\/marekkuchcinski.pl\/wp-content\/uploads\/2019\/08\/DSC_0262-1024x685.jpg 1024w, https:\/\/marekkuchcinski.pl\/wp-content\/uploads\/2019\/08\/DSC_0262-300x201.jpg 300w, https:\/\/marekkuchcinski.pl\/wp-content\/uploads\/2019\/08\/DSC_0262-768x514.jpg 768w, https:\/\/marekkuchcinski.pl\/wp-content\/uploads\/2019\/08\/DSC_0262.jpg 2048w\" sizes=\"(max-width: 1024px) 100vw, 1024px\" \/><\/figure>","protected":false},"excerpt":{"rendered":"<p>W dniach od 26 sierpnia do 30 sierpnia 2019 r. w Zamku w Krasiczynie odbywa si\u0119 II edycja Uniwersytetu Letniego Instytutu Wsp\u00f3\u0142pracy Polsko-W\u0119gierskiej im. Wac\u0142awa Felczaka. Pose\u0142 na Sejm RP Marek Kuchci\u0144ski wraz Wicemarsza\u0142kiem Sejmu Ryszardem Terleckim oraz Wiceprzewodnicz\u0105cym Zgromadzenia Narodowego dr Janosem Latorcaim uczestniczyli w dyskusji na temat: &#8222;Czym dla mnie jest Polska, czym [&hellip;]<\/p>","protected":false},"author":16,"featured_media":17523,"comment_status":"open","ping_status":"open","sticky":true,"template":"","format":"standard","meta":{"ngg_post_thumbnail":0,"footnotes":""},"categories":[3],"tags":[],"class_list":["post-17522","post","type-post","status-publish","format-standard","has-post-thumbnail","hentry","category-wydarzenia"],"yoast_head":"<!-- This site is optimized with the Yoast SEO plugin v24.7 - https:\/\/yoast.com\/wordpress\/plugins\/seo\/ -->\n<title>II Uniwersytet Letni Instytutu Wsp\u00f3\u0142pracy Polsko-W\u0119gierskiej im. Wac\u0142awa Felczaka &#8211; Marek Kuchci\u0144ski<\/title>\n<meta name=\"robots\" content=\"index, follow, max-snippet:-1, max-image-preview:large, max-video-preview:-1\" \/>\n<link rel=\"canonical\" href=\"https:\/\/marekkuchcinski.pl\/en\/wydarzenia\/ii-uniwersytet-letni-instytutu-wspolpracy-polsko-wegierskiej-im-waclawa-felczaka\/\" \/>\n<meta property=\"og:locale\" content=\"en_GB\" \/>\n<meta property=\"og:type\" content=\"article\" \/>\n<meta property=\"og:title\" content=\"II Uniwersytet Letni Instytutu Wsp\u00f3\u0142pracy Polsko-W\u0119gierskiej im. Wac\u0142awa Felczaka &#8211; Marek Kuchci\u0144ski\" \/>\n<meta property=\"og:description\" content=\"W dniach od 26 sierpnia do 30 sierpnia 2019 r. w Zamku w Krasiczynie odbywa si\u0119 II edycja Uniwersytetu Letniego Instytutu Wsp\u00f3\u0142pracy Polsko-W\u0119gierskiej im. Wac\u0142awa Felczaka. Pose\u0142 na Sejm RP Marek Kuchci\u0144ski wraz Wicemarsza\u0142kiem Sejmu Ryszardem Terleckim oraz Wiceprzewodnicz\u0105cym Zgromadzenia Narodowego dr Janosem Latorcaim uczestniczyli w dyskusji na temat: &#8222;Czym dla mnie jest Polska, czym [&hellip;]\" \/>\n<meta property=\"og:url\" content=\"https:\/\/marekkuchcinski.pl\/en\/wydarzenia\/ii-uniwersytet-letni-instytutu-wspolpracy-polsko-wegierskiej-im-waclawa-felczaka\/\" \/>\n<meta property=\"og:site_name\" content=\"Marek Kuchci\u0144ski\" \/>\n<meta property=\"article:published_time\" content=\"2019-08-27T14:47:48+00:00\" \/>\n<meta property=\"article:modified_time\" content=\"2019-08-27T14:50:34+00:00\" \/>\n<meta property=\"og:image\" content=\"https:\/\/marekkuchcinski.pl\/wp-content\/uploads\/2019\/08\/DSC_0217.jpg\" \/>\n\t<meta property=\"og:image:width\" content=\"2048\" \/>\n\t<meta property=\"og:image:height\" content=\"1371\" \/>\n\t<meta property=\"og:image:type\" content=\"image\/jpeg\" \/>\n<meta name=\"author\" content=\"Katarzyna Rokitowska\" \/>\n<meta name=\"twitter:card\" content=\"summary_large_image\" \/>\n<meta name=\"twitter:label1\" content=\"Written by\" \/>\n\t<meta name=\"twitter:data1\" content=\"Katarzyna Rokitowska\" \/>\n\t<meta name=\"twitter:label2\" content=\"Estimated reading time\" \/>\n\t<meta name=\"twitter:data2\" content=\"1 minute\" \/>\n<script type=\"application\/ld+json\" class=\"yoast-schema-graph\">{\"@context\":\"https:\/\/schema.org\",\"@graph\":[{\"@type\":\"Article\",\"@id\":\"https:\/\/marekkuchcinski.pl\/hu\/wydarzenia\/ii-uniwersytet-letni-instytutu-wspolpracy-polsko-wegierskiej-im-waclawa-felczaka\/#article\",\"isPartOf\":{\"@id\":\"https:\/\/marekkuchcinski.pl\/hu\/wydarzenia\/ii-uniwersytet-letni-instytutu-wspolpracy-polsko-wegierskiej-im-waclawa-felczaka\/\"},\"author\":{\"name\":\"Katarzyna Rokitowska\",\"@id\":\"https:\/\/marekkuchcinski.pl\/#\/schema\/person\/4a5bca3043f3981ff25765c1a631cb30\"},\"headline\":\"II Uniwersytet Letni Instytutu Wsp\u00f3\u0142pracy Polsko-W\u0119gierskiej im. Wac\u0142awa Felczaka\",\"datePublished\":\"2019-08-27T14:47:48+00:00\",\"dateModified\":\"2019-08-27T14:50:34+00:00\",\"mainEntityOfPage\":{\"@id\":\"https:\/\/marekkuchcinski.pl\/hu\/wydarzenia\/ii-uniwersytet-letni-instytutu-wspolpracy-polsko-wegierskiej-im-waclawa-felczaka\/\"},\"wordCount\":256,\"commentCount\":0,\"publisher\":{\"@id\":\"https:\/\/marekkuchcinski.pl\/#organization\"},\"image\":{\"@id\":\"https:\/\/marekkuchcinski.pl\/hu\/wydarzenia\/ii-uniwersytet-letni-instytutu-wspolpracy-polsko-wegierskiej-im-waclawa-felczaka\/#primaryimage\"},\"thumbnailUrl\":\"https:\/\/marekkuchcinski.pl\/wp-content\/uploads\/2019\/08\/DSC_0217.jpg\",\"articleSection\":[\"Wydarzenia\"],\"inLanguage\":\"en-GB\",\"potentialAction\":[{\"@type\":\"CommentAction\",\"name\":\"Comment\",\"target\":[\"https:\/\/marekkuchcinski.pl\/hu\/wydarzenia\/ii-uniwersytet-letni-instytutu-wspolpracy-polsko-wegierskiej-im-waclawa-felczaka\/#respond\"]}]},{\"@type\":\"WebPage\",\"@id\":\"https:\/\/marekkuchcinski.pl\/hu\/wydarzenia\/ii-uniwersytet-letni-instytutu-wspolpracy-polsko-wegierskiej-im-waclawa-felczaka\/\",\"url\":\"https:\/\/marekkuchcinski.pl\/hu\/wydarzenia\/ii-uniwersytet-letni-instytutu-wspolpracy-polsko-wegierskiej-im-waclawa-felczaka\/\",\"name\":\"II Uniwersytet Letni Instytutu Wsp\u00f3\u0142pracy Polsko-W\u0119gierskiej im. Wac\u0142awa Felczaka &#8211; Marek Kuchci\u0144ski\",\"isPartOf\":{\"@id\":\"https:\/\/marekkuchcinski.pl\/#website\"},\"primaryImageOfPage\":{\"@id\":\"https:\/\/marekkuchcinski.pl\/hu\/wydarzenia\/ii-uniwersytet-letni-instytutu-wspolpracy-polsko-wegierskiej-im-waclawa-felczaka\/#primaryimage\"},\"image\":{\"@id\":\"https:\/\/marekkuchcinski.pl\/hu\/wydarzenia\/ii-uniwersytet-letni-instytutu-wspolpracy-polsko-wegierskiej-im-waclawa-felczaka\/#primaryimage\"},\"thumbnailUrl\":\"https:\/\/marekkuchcinski.pl\/wp-content\/uploads\/2019\/08\/DSC_0217.jpg\",\"datePublished\":\"2019-08-27T14:47:48+00:00\",\"dateModified\":\"2019-08-27T14:50:34+00:00\",\"breadcrumb\":{\"@id\":\"https:\/\/marekkuchcinski.pl\/hu\/wydarzenia\/ii-uniwersytet-letni-instytutu-wspolpracy-polsko-wegierskiej-im-waclawa-felczaka\/#breadcrumb\"},\"inLanguage\":\"en-GB\",\"potentialAction\":[{\"@type\":\"ReadAction\",\"target\":[\"https:\/\/marekkuchcinski.pl\/hu\/wydarzenia\/ii-uniwersytet-letni-instytutu-wspolpracy-polsko-wegierskiej-im-waclawa-felczaka\/\"]}]},{\"@type\":\"ImageObject\",\"inLanguage\":\"en-GB\",\"@id\":\"https:\/\/marekkuchcinski.pl\/hu\/wydarzenia\/ii-uniwersytet-letni-instytutu-wspolpracy-polsko-wegierskiej-im-waclawa-felczaka\/#primaryimage\",\"url\":\"https:\/\/marekkuchcinski.pl\/wp-content\/uploads\/2019\/08\/DSC_0217.jpg\",\"contentUrl\":\"https:\/\/marekkuchcinski.pl\/wp-content\/uploads\/2019\/08\/DSC_0217.jpg\",\"width\":2048,\"height\":1371},{\"@type\":\"BreadcrumbList\",\"@id\":\"https:\/\/marekkuchcinski.pl\/hu\/wydarzenia\/ii-uniwersytet-letni-instytutu-wspolpracy-polsko-wegierskiej-im-waclawa-felczaka\/#breadcrumb\",\"itemListElement\":[{\"@type\":\"ListItem\",\"position\":1,\"name\":\"Strona g\u0142\u00f3wna\",\"item\":\"https:\/\/marekkuchcinski.pl\/\"},{\"@type\":\"ListItem\",\"position\":2,\"name\":\"II Uniwersytet Letni Instytutu Wsp\u00f3\u0142pracy Polsko-W\u0119gierskiej im. Wac\u0142awa Felczaka\"}]},{\"@type\":\"WebSite\",\"@id\":\"https:\/\/marekkuchcinski.pl\/#website\",\"url\":\"https:\/\/marekkuchcinski.pl\/\",\"name\":\"Marek Kuchci\u0144ski\",\"description\":\"Pose\u0142 na sejm RP &ndash; okr\u0119g nr 22\",\"publisher\":{\"@id\":\"https:\/\/marekkuchcinski.pl\/#organization\"},\"potentialAction\":[{\"@type\":\"SearchAction\",\"target\":{\"@type\":\"EntryPoint\",\"urlTemplate\":\"https:\/\/marekkuchcinski.pl\/?s={search_term_string}\"},\"query-input\":{\"@type\":\"PropertyValueSpecification\",\"valueRequired\":true,\"valueName\":\"search_term_string\"}}],\"inLanguage\":\"en-GB\"},{\"@type\":\"Organization\",\"@id\":\"https:\/\/marekkuchcinski.pl\/#organization\",\"name\":\"Marek Kuchci\u0144ski\",\"url\":\"https:\/\/marekkuchcinski.pl\/\",\"logo\":{\"@type\":\"ImageObject\",\"inLanguage\":\"en-GB\",\"@id\":\"https:\/\/marekkuchcinski.pl\/#\/schema\/logo\/image\/\",\"url\":\"https:\/\/marekkuchcinski.pl\/wp-content\/uploads\/2022\/09\/Marek.jpg\",\"contentUrl\":\"https:\/\/marekkuchcinski.pl\/wp-content\/uploads\/2022\/09\/Marek.jpg\",\"width\":1600,\"height\":971,\"caption\":\"Marek Kuchci\u0144ski\"},\"image\":{\"@id\":\"https:\/\/marekkuchcinski.pl\/#\/schema\/logo\/image\/\"}},{\"@type\":\"Person\",\"@id\":\"https:\/\/marekkuchcinski.pl\/#\/schema\/person\/4a5bca3043f3981ff25765c1a631cb30\",\"name\":\"Katarzyna Rokitowska\",\"image\":{\"@type\":\"ImageObject\",\"inLanguage\":\"en-GB\",\"@id\":\"https:\/\/marekkuchcinski.pl\/#\/schema\/person\/image\/\",\"url\":\"https:\/\/secure.gravatar.com\/avatar\/d0d7a27353e5343220c84b87905639c4?s=96&d=mm&r=g\",\"contentUrl\":\"https:\/\/secure.gravatar.com\/avatar\/d0d7a27353e5343220c84b87905639c4?s=96&d=mm&r=g\",\"caption\":\"Katarzyna Rokitowska\"},\"url\":\"https:\/\/marekkuchcinski.pl\/en\/author\/kasia-rokitowska\/\"}]}<\/script>\n<!-- \/ Yoast SEO plugin. -->","yoast_head_json":{"title":"II Uniwersytet Letni Instytutu Wsp\u00f3\u0142pracy Polsko-W\u0119gierskiej im. Wac\u0142awa Felczaka &#8211; Marek Kuchci\u0144ski","robots":{"index":"index","follow":"follow","max-snippet":"max-snippet:-1","max-image-preview":"max-image-preview:large","max-video-preview":"max-video-preview:-1"},"canonical":"https:\/\/marekkuchcinski.pl\/en\/wydarzenia\/ii-uniwersytet-letni-instytutu-wspolpracy-polsko-wegierskiej-im-waclawa-felczaka\/","og_locale":"en_GB","og_type":"article","og_title":"II Uniwersytet Letni Instytutu Wsp\u00f3\u0142pracy Polsko-W\u0119gierskiej im. Wac\u0142awa Felczaka &#8211; Marek Kuchci\u0144ski","og_description":"W dniach od 26 sierpnia do 30 sierpnia 2019 r. w Zamku w Krasiczynie odbywa si\u0119 II edycja Uniwersytetu Letniego Instytutu Wsp\u00f3\u0142pracy Polsko-W\u0119gierskiej im. Wac\u0142awa Felczaka. Pose\u0142 na Sejm RP Marek Kuchci\u0144ski wraz Wicemarsza\u0142kiem Sejmu Ryszardem Terleckim oraz Wiceprzewodnicz\u0105cym Zgromadzenia Narodowego dr Janosem Latorcaim uczestniczyli w dyskusji na temat: &#8222;Czym dla mnie jest Polska, czym [&hellip;]","og_url":"https:\/\/marekkuchcinski.pl\/en\/wydarzenia\/ii-uniwersytet-letni-instytutu-wspolpracy-polsko-wegierskiej-im-waclawa-felczaka\/","og_site_name":"Marek Kuchci\u0144ski","article_published_time":"2019-08-27T14:47:48+00:00","article_modified_time":"2019-08-27T14:50:34+00:00","og_image":[{"width":2048,"height":1371,"url":"https:\/\/marekkuchcinski.pl\/wp-content\/uploads\/2019\/08\/DSC_0217.jpg","type":"image\/jpeg"}],"author":"Katarzyna Rokitowska","twitter_card":"summary_large_image","twitter_misc":{"Written by":"Katarzyna Rokitowska","Estimated reading time":"1 minute"},"schema":{"@context":"https:\/\/schema.org","@graph":[{"@type":"Article","@id":"https:\/\/marekkuchcinski.pl\/hu\/wydarzenia\/ii-uniwersytet-letni-instytutu-wspolpracy-polsko-wegierskiej-im-waclawa-felczaka\/#article","isPartOf":{"@id":"https:\/\/marekkuchcinski.pl\/hu\/wydarzenia\/ii-uniwersytet-letni-instytutu-wspolpracy-polsko-wegierskiej-im-waclawa-felczaka\/"},"author":{"name":"Katarzyna Rokitowska","@id":"https:\/\/marekkuchcinski.pl\/#\/schema\/person\/4a5bca3043f3981ff25765c1a631cb30"},"headline":"II Uniwersytet Letni Instytutu Wsp\u00f3\u0142pracy Polsko-W\u0119gierskiej im. Wac\u0142awa Felczaka","datePublished":"2019-08-27T14:47:48+00:00","dateModified":"2019-08-27T14:50:34+00:00","mainEntityOfPage":{"@id":"https:\/\/marekkuchcinski.pl\/hu\/wydarzenia\/ii-uniwersytet-letni-instytutu-wspolpracy-polsko-wegierskiej-im-waclawa-felczaka\/"},"wordCount":256,"commentCount":0,"publisher":{"@id":"https:\/\/marekkuchcinski.pl\/#organization"},"image":{"@id":"https:\/\/marekkuchcinski.pl\/hu\/wydarzenia\/ii-uniwersytet-letni-instytutu-wspolpracy-polsko-wegierskiej-im-waclawa-felczaka\/#primaryimage"},"thumbnailUrl":"https:\/\/marekkuchcinski.pl\/wp-content\/uploads\/2019\/08\/DSC_0217.jpg","articleSection":["Wydarzenia"],"inLanguage":"en-GB","potentialAction":[{"@type":"CommentAction","name":"Comment","target":["https:\/\/marekkuchcinski.pl\/hu\/wydarzenia\/ii-uniwersytet-letni-instytutu-wspolpracy-polsko-wegierskiej-im-waclawa-felczaka\/#respond"]}]},{"@type":"WebPage","@id":"https:\/\/marekkuchcinski.pl\/hu\/wydarzenia\/ii-uniwersytet-letni-instytutu-wspolpracy-polsko-wegierskiej-im-waclawa-felczaka\/","url":"https:\/\/marekkuchcinski.pl\/hu\/wydarzenia\/ii-uniwersytet-letni-instytutu-wspolpracy-polsko-wegierskiej-im-waclawa-felczaka\/","name":"II Uniwersytet Letni Instytutu Wsp\u00f3\u0142pracy Polsko-W\u0119gierskiej im. Wac\u0142awa Felczaka &#8211; Marek Kuchci\u0144ski","isPartOf":{"@id":"https:\/\/marekkuchcinski.pl\/#website"},"primaryImageOfPage":{"@id":"https:\/\/marekkuchcinski.pl\/hu\/wydarzenia\/ii-uniwersytet-letni-instytutu-wspolpracy-polsko-wegierskiej-im-waclawa-felczaka\/#primaryimage"},"image":{"@id":"https:\/\/marekkuchcinski.pl\/hu\/wydarzenia\/ii-uniwersytet-letni-instytutu-wspolpracy-polsko-wegierskiej-im-waclawa-felczaka\/#primaryimage"},"thumbnailUrl":"https:\/\/marekkuchcinski.pl\/wp-content\/uploads\/2019\/08\/DSC_0217.jpg","datePublished":"2019-08-27T14:47:48+00:00","dateModified":"2019-08-27T14:50:34+00:00","breadcrumb":{"@id":"https:\/\/marekkuchcinski.pl\/hu\/wydarzenia\/ii-uniwersytet-letni-instytutu-wspolpracy-polsko-wegierskiej-im-waclawa-felczaka\/#breadcrumb"},"inLanguage":"en-GB","potentialAction":[{"@type":"ReadAction","target":["https:\/\/marekkuchcinski.pl\/hu\/wydarzenia\/ii-uniwersytet-letni-instytutu-wspolpracy-polsko-wegierskiej-im-waclawa-felczaka\/"]}]},{"@type":"ImageObject","inLanguage":"en-GB","@id":"https:\/\/marekkuchcinski.pl\/hu\/wydarzenia\/ii-uniwersytet-letni-instytutu-wspolpracy-polsko-wegierskiej-im-waclawa-felczaka\/#primaryimage","url":"https:\/\/marekkuchcinski.pl\/wp-content\/uploads\/2019\/08\/DSC_0217.jpg","contentUrl":"https:\/\/marekkuchcinski.pl\/wp-content\/uploads\/2019\/08\/DSC_0217.jpg","width":2048,"height":1371},{"@type":"BreadcrumbList","@id":"https:\/\/marekkuchcinski.pl\/hu\/wydarzenia\/ii-uniwersytet-letni-instytutu-wspolpracy-polsko-wegierskiej-im-waclawa-felczaka\/#breadcrumb","itemListElement":[{"@type":"ListItem","position":1,"name":"Strona g\u0142\u00f3wna","item":"https:\/\/marekkuchcinski.pl\/"},{"@type":"ListItem","position":2,"name":"II Uniwersytet Letni Instytutu Wsp\u00f3\u0142pracy Polsko-W\u0119gierskiej im. Wac\u0142awa Felczaka"}]},{"@type":"WebSite","@id":"https:\/\/marekkuchcinski.pl\/#website","url":"https:\/\/marekkuchcinski.pl\/","name":"Marek Kuchci\u0144ski","description":"Pose\u0142 na sejm RP &ndash; okr\u0119g nr 22","publisher":{"@id":"https:\/\/marekkuchcinski.pl\/#organization"},"potentialAction":[{"@type":"SearchAction","target":{"@type":"EntryPoint","urlTemplate":"https:\/\/marekkuchcinski.pl\/?s={search_term_string}"},"query-input":{"@type":"PropertyValueSpecification","valueRequired":true,"valueName":"search_term_string"}}],"inLanguage":"en-GB"},{"@type":"Organization","@id":"https:\/\/marekkuchcinski.pl\/#organization","name":"Marek Kuchci\u0144ski","url":"https:\/\/marekkuchcinski.pl\/","logo":{"@type":"ImageObject","inLanguage":"en-GB","@id":"https:\/\/marekkuchcinski.pl\/#\/schema\/logo\/image\/","url":"https:\/\/marekkuchcinski.pl\/wp-content\/uploads\/2022\/09\/Marek.jpg","contentUrl":"https:\/\/marekkuchcinski.pl\/wp-content\/uploads\/2022\/09\/Marek.jpg","width":1600,"height":971,"caption":"Marek Kuchci\u0144ski"},"image":{"@id":"https:\/\/marekkuchcinski.pl\/#\/schema\/logo\/image\/"}},{"@type":"Person","@id":"https:\/\/marekkuchcinski.pl\/#\/schema\/person\/4a5bca3043f3981ff25765c1a631cb30","name":"Katarzyna Rokitowska","image":{"@type":"ImageObject","inLanguage":"en-GB","@id":"https:\/\/marekkuchcinski.pl\/#\/schema\/person\/image\/","url":"https:\/\/secure.gravatar.com\/avatar\/d0d7a27353e5343220c84b87905639c4?s=96&d=mm&r=g","contentUrl":"https:\/\/secure.gravatar.com\/avatar\/d0d7a27353e5343220c84b87905639c4?s=96&d=mm&r=g","caption":"Katarzyna Rokitowska"},"url":"https:\/\/marekkuchcinski.pl\/en\/author\/kasia-rokitowska\/"}]}},"_links":{"self":[{"href":"https:\/\/marekkuchcinski.pl\/en\/wp-json\/wp\/v2\/posts\/17522","targetHints":{"allow":["GET"]}}],"collection":[{"href":"https:\/\/marekkuchcinski.pl\/en\/wp-json\/wp\/v2\/posts"}],"about":[{"href":"https:\/\/marekkuchcinski.pl\/en\/wp-json\/wp\/v2\/types\/post"}],"author":[{"embeddable":true,"href":"https:\/\/marekkuchcinski.pl\/en\/wp-json\/wp\/v2\/users\/16"}],"replies":[{"embeddable":true,"href":"https:\/\/marekkuchcinski.pl\/en\/wp-json\/wp\/v2\/comments?post=17522"}],"version-history":[{"count":3,"href":"https:\/\/marekkuchcinski.pl\/en\/wp-json\/wp\/v2\/posts\/17522\/revisions"}],"predecessor-version":[{"id":17532,"href":"https:\/\/marekkuchcinski.pl\/en\/wp-json\/wp\/v2\/posts\/17522\/revisions\/17532"}],"wp:featuredmedia":[{"embeddable":true,"href":"https:\/\/marekkuchcinski.pl\/en\/wp-json\/wp\/v2\/media\/17523"}],"wp:attachment":[{"href":"https:\/\/marekkuchcinski.pl\/en\/wp-json\/wp\/v2\/media?parent=17522"}],"wp:term":[{"taxonomy":"category","embeddable":true,"href":"https:\/\/marekkuchcinski.pl\/en\/wp-json\/wp\/v2\/categories?post=17522"},{"taxonomy":"post_tag","embeddable":true,"href":"https:\/\/marekkuchcinski.pl\/en\/wp-json\/wp\/v2\/tags?post=17522"}],"curies":[{"name":"wp","href":"https:\/\/api.w.org\/{rel}","templated":true}]}}