{"id":17463,"date":"2019-08-22T00:06:00","date_gmt":"2019-08-21T22:06:00","guid":{"rendered":"https:\/\/marekkuchcinski.pl\/?p=17463"},"modified":"2019-08-22T00:07:16","modified_gmt":"2019-08-21T22:07:16","slug":"piknik-rodzinny-w-stalowej-woli","status":"publish","type":"post","link":"https:\/\/marekkuchcinski.pl\/en\/wydarzenia\/piknik-rodzinny-w-stalowej-woli\/","title":{"rendered":"FAMILY PICNIC IN STALOWA WOLI"},"content":{"rendered":"<p>On Sunday, August 18, 2019.\nMarek Kuchci\u0144ski, Member of the Polish Parliament, took part in the Family Picnic in Stalowa\nWola with the participation of Mr. President Jaroslaw Kaczynski and Prime Minister Mateusz\nMorawiecki.  The event concluded\nThe event concluded the summer cycle of meetings with citizens. Law and Justice continues the \"Good\ntime for Poland\".<\/p>\n\n\n\n<p>\"We have shown that it is possible to change Poland, that the government can be credible, that it can keep its word. We want and are trying to have our support extended. We will defend Poland if we make a good decision on October 13. I ask everyone - support those who develop and defend Poland, support Law and Justice,\" said President Jaroslaw Kaczynski.<\/p>\n\n\n\n<figure class=\"wp-block-image\"><img fetchpriority=\"high\" decoding=\"async\" width=\"960\" height=\"588\" src=\"https:\/\/marekkuchcinski.pl\/wp-content\/uploads\/2019\/08\/68933494_2380265605522988_2458676736087293952_n.jpg\" alt=\"\" class=\"wp-image-17464\" srcset=\"https:\/\/marekkuchcinski.pl\/wp-content\/uploads\/2019\/08\/68933494_2380265605522988_2458676736087293952_n.jpg 960w, https:\/\/marekkuchcinski.pl\/wp-content\/uploads\/2019\/08\/68933494_2380265605522988_2458676736087293952_n-300x184.jpg 300w, https:\/\/marekkuchcinski.pl\/wp-content\/uploads\/2019\/08\/68933494_2380265605522988_2458676736087293952_n-768x470.jpg 768w\" sizes=\"(max-width: 960px) 100vw, 960px\" \/><\/figure>\n\n\n\n<figure class=\"wp-block-image\"><img decoding=\"async\" width=\"960\" height=\"562\" src=\"https:\/\/marekkuchcinski.pl\/wp-content\/uploads\/2019\/08\/68809189_2380265328856349_7155388882043797504_n.jpg\" alt=\"\" class=\"wp-image-17465\" srcset=\"https:\/\/marekkuchcinski.pl\/wp-content\/uploads\/2019\/08\/68809189_2380265328856349_7155388882043797504_n.jpg 960w, https:\/\/marekkuchcinski.pl\/wp-content\/uploads\/2019\/08\/68809189_2380265328856349_7155388882043797504_n-300x176.jpg 300w, https:\/\/marekkuchcinski.pl\/wp-content\/uploads\/2019\/08\/68809189_2380265328856349_7155388882043797504_n-768x450.jpg 768w\" sizes=\"(max-width: 960px) 100vw, 960px\" \/><\/figure>\n\n\n\n<figure class=\"wp-block-image\"><img decoding=\"async\" width=\"960\" height=\"577\" src=\"https:\/\/marekkuchcinski.pl\/wp-content\/uploads\/2019\/08\/68886814_2380265322189683_2914478577007198208_n.jpg\" alt=\"\" class=\"wp-image-17466\" srcset=\"https:\/\/marekkuchcinski.pl\/wp-content\/uploads\/2019\/08\/68886814_2380265322189683_2914478577007198208_n.jpg 960w, https:\/\/marekkuchcinski.pl\/wp-content\/uploads\/2019\/08\/68886814_2380265322189683_2914478577007198208_n-300x180.jpg 300w, https:\/\/marekkuchcinski.pl\/wp-content\/uploads\/2019\/08\/68886814_2380265322189683_2914478577007198208_n-768x462.jpg 768w\" sizes=\"(max-width: 960px) 100vw, 960px\" \/><\/figure>\n\n\n\n<figure class=\"wp-block-image\"><img loading=\"lazy\" decoding=\"async\" width=\"960\" height=\"614\" src=\"https:\/\/marekkuchcinski.pl\/wp-content\/uploads\/2019\/08\/69333434_2380265312189684_563864364843532288_n.jpg\" alt=\"\" class=\"wp-image-17467\" srcset=\"https:\/\/marekkuchcinski.pl\/wp-content\/uploads\/2019\/08\/69333434_2380265312189684_563864364843532288_n.jpg 960w, https:\/\/marekkuchcinski.pl\/wp-content\/uploads\/2019\/08\/69333434_2380265312189684_563864364843532288_n-300x192.jpg 300w, https:\/\/marekkuchcinski.pl\/wp-content\/uploads\/2019\/08\/69333434_2380265312189684_563864364843532288_n-768x491.jpg 768w\" sizes=\"(max-width: 960px) 100vw, 960px\" \/><\/figure>\n\n\n\n<figure class=\"wp-block-image\"><img loading=\"lazy\" decoding=\"async\" width=\"960\" height=\"592\" src=\"https:\/\/marekkuchcinski.pl\/wp-content\/uploads\/2019\/08\/68750764_2380265562189659_6311486533467635712_n.jpg\" alt=\"\" class=\"wp-image-17468\" srcset=\"https:\/\/marekkuchcinski.pl\/wp-content\/uploads\/2019\/08\/68750764_2380265562189659_6311486533467635712_n.jpg 960w, https:\/\/marekkuchcinski.pl\/wp-content\/uploads\/2019\/08\/68750764_2380265562189659_6311486533467635712_n-300x185.jpg 300w, https:\/\/marekkuchcinski.pl\/wp-content\/uploads\/2019\/08\/68750764_2380265562189659_6311486533467635712_n-768x474.jpg 768w\" sizes=\"(max-width: 960px) 100vw, 960px\" \/><\/figure>","protected":false},"excerpt":{"rendered":"<p>W niedziel\u0119 18 sierpnia 2019 r. Pose\u0142 na Sejm RP Marek Kuchci\u0144ski wzi\u0105\u0142 udzia\u0142 w Pikniku Rodzinnym w Stalowej Woli z udzia\u0142em Pana Prezesa Jaros\u0142awa Kaczy\u0144skiego i Premiera Mateusza Morawieckiego.&nbsp; Wydarzenie to zako\u0144czy\u0142o wakacyjnycykl spotka\u0144 z mieszka\u0144cami. Prawo i Sprawiedliwo\u015b\u0107 kontynuuje \u201eDobry czas dla Polski\u201d. \u201ePokazali\u015bmy, \u017ce mo\u017cna zmienia\u0107 Polsk\u0119, \u017ce w\u0142adza mo\u017ce by\u0107 wiarygodna, [&hellip;]<\/p>","protected":false},"author":15,"featured_media":0,"comment_status":"open","ping_status":"open","sticky":false,"template":"","format":"standard","meta":{"ngg_post_thumbnail":0,"footnotes":""},"categories":[82,3],"tags":[],"class_list":["post-17463","post","type-post","status-publish","format-standard","hentry","category-prawo-i-sprawiedliwosc","category-wydarzenia"],"yoast_head":"<!-- This site is optimized with the Yoast SEO plugin v24.7 - https:\/\/yoast.com\/wordpress\/plugins\/seo\/ -->\n<title>PIKNIK RODZINNY W STALOWEJ WOLI &#8211; Marek Kuchci\u0144ski<\/title>\n<meta name=\"robots\" content=\"index, follow, max-snippet:-1, max-image-preview:large, max-video-preview:-1\" \/>\n<link rel=\"canonical\" href=\"https:\/\/marekkuchcinski.pl\/en\/wydarzenia\/piknik-rodzinny-w-stalowej-woli\/\" \/>\n<meta property=\"og:locale\" content=\"en_GB\" \/>\n<meta property=\"og:type\" content=\"article\" \/>\n<meta property=\"og:title\" content=\"PIKNIK RODZINNY W STALOWEJ WOLI &#8211; Marek Kuchci\u0144ski\" \/>\n<meta property=\"og:description\" content=\"W niedziel\u0119 18 sierpnia 2019 r. Pose\u0142 na Sejm RP Marek Kuchci\u0144ski wzi\u0105\u0142 udzia\u0142 w Pikniku Rodzinnym w Stalowej Woli z udzia\u0142em Pana Prezesa Jaros\u0142awa Kaczy\u0144skiego i Premiera Mateusza Morawieckiego.&nbsp; Wydarzenie to zako\u0144czy\u0142o wakacyjnycykl spotka\u0144 z mieszka\u0144cami. Prawo i Sprawiedliwo\u015b\u0107 kontynuuje \u201eDobry czas dla Polski\u201d. \u201ePokazali\u015bmy, \u017ce mo\u017cna zmienia\u0107 Polsk\u0119, \u017ce w\u0142adza mo\u017ce by\u0107 wiarygodna, [&hellip;]\" \/>\n<meta property=\"og:url\" content=\"https:\/\/marekkuchcinski.pl\/en\/wydarzenia\/piknik-rodzinny-w-stalowej-woli\/\" \/>\n<meta property=\"og:site_name\" content=\"Marek Kuchci\u0144ski\" \/>\n<meta property=\"article:published_time\" content=\"2019-08-21T22:06:00+00:00\" \/>\n<meta property=\"article:modified_time\" content=\"2019-08-21T22:07:16+00:00\" \/>\n<meta property=\"og:image\" content=\"https:\/\/marekkuchcinski.pl\/wp-content\/uploads\/2019\/08\/68933494_2380265605522988_2458676736087293952_n.jpg\" \/>\n<meta name=\"author\" content=\"Andrzej Paniw\" \/>\n<meta name=\"twitter:card\" content=\"summary_large_image\" \/>\n<meta name=\"twitter:label1\" content=\"Written by\" \/>\n\t<meta name=\"twitter:data1\" content=\"Andrzej Paniw\" \/>\n\t<meta name=\"twitter:label2\" content=\"Estimated reading time\" \/>\n\t<meta name=\"twitter:data2\" content=\"1 minute\" \/>\n<script type=\"application\/ld+json\" class=\"yoast-schema-graph\">{\"@context\":\"https:\/\/schema.org\",\"@graph\":[{\"@type\":\"Article\",\"@id\":\"https:\/\/marekkuchcinski.pl\/cs\/wydarzenia\/piknik-rodzinny-w-stalowej-woli\/#article\",\"isPartOf\":{\"@id\":\"https:\/\/marekkuchcinski.pl\/cs\/wydarzenia\/piknik-rodzinny-w-stalowej-woli\/\"},\"author\":{\"name\":\"Andrzej Paniw\",\"@id\":\"https:\/\/marekkuchcinski.pl\/#\/schema\/person\/0346d7f21c9bed5cf4eed3231e9f59fa\"},\"headline\":\"PIKNIK RODZINNY W STALOWEJ WOLI\",\"datePublished\":\"2019-08-21T22:06:00+00:00\",\"dateModified\":\"2019-08-21T22:07:16+00:00\",\"mainEntityOfPage\":{\"@id\":\"https:\/\/marekkuchcinski.pl\/cs\/wydarzenia\/piknik-rodzinny-w-stalowej-woli\/\"},\"wordCount\":122,\"commentCount\":0,\"publisher\":{\"@id\":\"https:\/\/marekkuchcinski.pl\/#organization\"},\"image\":{\"@id\":\"https:\/\/marekkuchcinski.pl\/cs\/wydarzenia\/piknik-rodzinny-w-stalowej-woli\/#primaryimage\"},\"thumbnailUrl\":\"https:\/\/marekkuchcinski.pl\/wp-content\/uploads\/2019\/08\/68933494_2380265605522988_2458676736087293952_n.jpg\",\"articleSection\":[\"Prawo i Sprawiedliwo\u015b\u0107\",\"Wydarzenia\"],\"inLanguage\":\"en-GB\",\"potentialAction\":[{\"@type\":\"CommentAction\",\"name\":\"Comment\",\"target\":[\"https:\/\/marekkuchcinski.pl\/cs\/wydarzenia\/piknik-rodzinny-w-stalowej-woli\/#respond\"]}]},{\"@type\":\"WebPage\",\"@id\":\"https:\/\/marekkuchcinski.pl\/cs\/wydarzenia\/piknik-rodzinny-w-stalowej-woli\/\",\"url\":\"https:\/\/marekkuchcinski.pl\/cs\/wydarzenia\/piknik-rodzinny-w-stalowej-woli\/\",\"name\":\"PIKNIK RODZINNY W STALOWEJ WOLI &#8211; Marek Kuchci\u0144ski\",\"isPartOf\":{\"@id\":\"https:\/\/marekkuchcinski.pl\/#website\"},\"primaryImageOfPage\":{\"@id\":\"https:\/\/marekkuchcinski.pl\/cs\/wydarzenia\/piknik-rodzinny-w-stalowej-woli\/#primaryimage\"},\"image\":{\"@id\":\"https:\/\/marekkuchcinski.pl\/cs\/wydarzenia\/piknik-rodzinny-w-stalowej-woli\/#primaryimage\"},\"thumbnailUrl\":\"https:\/\/marekkuchcinski.pl\/wp-content\/uploads\/2019\/08\/68933494_2380265605522988_2458676736087293952_n.jpg\",\"datePublished\":\"2019-08-21T22:06:00+00:00\",\"dateModified\":\"2019-08-21T22:07:16+00:00\",\"breadcrumb\":{\"@id\":\"https:\/\/marekkuchcinski.pl\/cs\/wydarzenia\/piknik-rodzinny-w-stalowej-woli\/#breadcrumb\"},\"inLanguage\":\"en-GB\",\"potentialAction\":[{\"@type\":\"ReadAction\",\"target\":[\"https:\/\/marekkuchcinski.pl\/cs\/wydarzenia\/piknik-rodzinny-w-stalowej-woli\/\"]}]},{\"@type\":\"ImageObject\",\"inLanguage\":\"en-GB\",\"@id\":\"https:\/\/marekkuchcinski.pl\/cs\/wydarzenia\/piknik-rodzinny-w-stalowej-woli\/#primaryimage\",\"url\":\"https:\/\/marekkuchcinski.pl\/wp-content\/uploads\/2019\/08\/68933494_2380265605522988_2458676736087293952_n.jpg\",\"contentUrl\":\"https:\/\/marekkuchcinski.pl\/wp-content\/uploads\/2019\/08\/68933494_2380265605522988_2458676736087293952_n.jpg\"},{\"@type\":\"BreadcrumbList\",\"@id\":\"https:\/\/marekkuchcinski.pl\/cs\/wydarzenia\/piknik-rodzinny-w-stalowej-woli\/#breadcrumb\",\"itemListElement\":[{\"@type\":\"ListItem\",\"position\":1,\"name\":\"Strona g\u0142\u00f3wna\",\"item\":\"https:\/\/marekkuchcinski.pl\/\"},{\"@type\":\"ListItem\",\"position\":2,\"name\":\"PIKNIK RODZINNY W STALOWEJ WOLI\"}]},{\"@type\":\"WebSite\",\"@id\":\"https:\/\/marekkuchcinski.pl\/#website\",\"url\":\"https:\/\/marekkuchcinski.pl\/\",\"name\":\"Marek Kuchci\u0144ski\",\"description\":\"Pose\u0142 na sejm RP &ndash; okr\u0119g nr 22\",\"publisher\":{\"@id\":\"https:\/\/marekkuchcinski.pl\/#organization\"},\"potentialAction\":[{\"@type\":\"SearchAction\",\"target\":{\"@type\":\"EntryPoint\",\"urlTemplate\":\"https:\/\/marekkuchcinski.pl\/?s={search_term_string}\"},\"query-input\":{\"@type\":\"PropertyValueSpecification\",\"valueRequired\":true,\"valueName\":\"search_term_string\"}}],\"inLanguage\":\"en-GB\"},{\"@type\":\"Organization\",\"@id\":\"https:\/\/marekkuchcinski.pl\/#organization\",\"name\":\"Marek Kuchci\u0144ski\",\"url\":\"https:\/\/marekkuchcinski.pl\/\",\"logo\":{\"@type\":\"ImageObject\",\"inLanguage\":\"en-GB\",\"@id\":\"https:\/\/marekkuchcinski.pl\/#\/schema\/logo\/image\/\",\"url\":\"https:\/\/marekkuchcinski.pl\/wp-content\/uploads\/2022\/09\/Marek.jpg\",\"contentUrl\":\"https:\/\/marekkuchcinski.pl\/wp-content\/uploads\/2022\/09\/Marek.jpg\",\"width\":1600,\"height\":971,\"caption\":\"Marek Kuchci\u0144ski\"},\"image\":{\"@id\":\"https:\/\/marekkuchcinski.pl\/#\/schema\/logo\/image\/\"}},{\"@type\":\"Person\",\"@id\":\"https:\/\/marekkuchcinski.pl\/#\/schema\/person\/0346d7f21c9bed5cf4eed3231e9f59fa\",\"name\":\"Andrzej Paniw\",\"image\":{\"@type\":\"ImageObject\",\"inLanguage\":\"en-GB\",\"@id\":\"https:\/\/marekkuchcinski.pl\/#\/schema\/person\/image\/\",\"url\":\"https:\/\/secure.gravatar.com\/avatar\/b68f7f24be3be59e4e54b34ffa26bdeb?s=96&d=mm&r=g\",\"contentUrl\":\"https:\/\/secure.gravatar.com\/avatar\/b68f7f24be3be59e4e54b34ffa26bdeb?s=96&d=mm&r=g\",\"caption\":\"Andrzej Paniw\"},\"url\":\"https:\/\/marekkuchcinski.pl\/en\/author\/andrzej-paniw\/\"}]}<\/script>\n<!-- \/ Yoast SEO plugin. -->","yoast_head_json":{"title":"PIKNIK RODZINNY W STALOWEJ WOLI &#8211; Marek Kuchci\u0144ski","robots":{"index":"index","follow":"follow","max-snippet":"max-snippet:-1","max-image-preview":"max-image-preview:large","max-video-preview":"max-video-preview:-1"},"canonical":"https:\/\/marekkuchcinski.pl\/en\/wydarzenia\/piknik-rodzinny-w-stalowej-woli\/","og_locale":"en_GB","og_type":"article","og_title":"PIKNIK RODZINNY W STALOWEJ WOLI &#8211; Marek Kuchci\u0144ski","og_description":"W niedziel\u0119 18 sierpnia 2019 r. Pose\u0142 na Sejm RP Marek Kuchci\u0144ski wzi\u0105\u0142 udzia\u0142 w Pikniku Rodzinnym w Stalowej Woli z udzia\u0142em Pana Prezesa Jaros\u0142awa Kaczy\u0144skiego i Premiera Mateusza Morawieckiego.&nbsp; Wydarzenie to zako\u0144czy\u0142o wakacyjnycykl spotka\u0144 z mieszka\u0144cami. Prawo i Sprawiedliwo\u015b\u0107 kontynuuje \u201eDobry czas dla Polski\u201d. \u201ePokazali\u015bmy, \u017ce mo\u017cna zmienia\u0107 Polsk\u0119, \u017ce w\u0142adza mo\u017ce by\u0107 wiarygodna, [&hellip;]","og_url":"https:\/\/marekkuchcinski.pl\/en\/wydarzenia\/piknik-rodzinny-w-stalowej-woli\/","og_site_name":"Marek Kuchci\u0144ski","article_published_time":"2019-08-21T22:06:00+00:00","article_modified_time":"2019-08-21T22:07:16+00:00","og_image":[{"url":"https:\/\/marekkuchcinski.pl\/wp-content\/uploads\/2019\/08\/68933494_2380265605522988_2458676736087293952_n.jpg","type":"","width":"","height":""}],"author":"Andrzej Paniw","twitter_card":"summary_large_image","twitter_misc":{"Written by":"Andrzej Paniw","Estimated reading time":"1 minute"},"schema":{"@context":"https:\/\/schema.org","@graph":[{"@type":"Article","@id":"https:\/\/marekkuchcinski.pl\/cs\/wydarzenia\/piknik-rodzinny-w-stalowej-woli\/#article","isPartOf":{"@id":"https:\/\/marekkuchcinski.pl\/cs\/wydarzenia\/piknik-rodzinny-w-stalowej-woli\/"},"author":{"name":"Andrzej Paniw","@id":"https:\/\/marekkuchcinski.pl\/#\/schema\/person\/0346d7f21c9bed5cf4eed3231e9f59fa"},"headline":"PIKNIK RODZINNY W STALOWEJ WOLI","datePublished":"2019-08-21T22:06:00+00:00","dateModified":"2019-08-21T22:07:16+00:00","mainEntityOfPage":{"@id":"https:\/\/marekkuchcinski.pl\/cs\/wydarzenia\/piknik-rodzinny-w-stalowej-woli\/"},"wordCount":122,"commentCount":0,"publisher":{"@id":"https:\/\/marekkuchcinski.pl\/#organization"},"image":{"@id":"https:\/\/marekkuchcinski.pl\/cs\/wydarzenia\/piknik-rodzinny-w-stalowej-woli\/#primaryimage"},"thumbnailUrl":"https:\/\/marekkuchcinski.pl\/wp-content\/uploads\/2019\/08\/68933494_2380265605522988_2458676736087293952_n.jpg","articleSection":["Prawo i Sprawiedliwo\u015b\u0107","Wydarzenia"],"inLanguage":"en-GB","potentialAction":[{"@type":"CommentAction","name":"Comment","target":["https:\/\/marekkuchcinski.pl\/cs\/wydarzenia\/piknik-rodzinny-w-stalowej-woli\/#respond"]}]},{"@type":"WebPage","@id":"https:\/\/marekkuchcinski.pl\/cs\/wydarzenia\/piknik-rodzinny-w-stalowej-woli\/","url":"https:\/\/marekkuchcinski.pl\/cs\/wydarzenia\/piknik-rodzinny-w-stalowej-woli\/","name":"PIKNIK RODZINNY W STALOWEJ WOLI &#8211; Marek Kuchci\u0144ski","isPartOf":{"@id":"https:\/\/marekkuchcinski.pl\/#website"},"primaryImageOfPage":{"@id":"https:\/\/marekkuchcinski.pl\/cs\/wydarzenia\/piknik-rodzinny-w-stalowej-woli\/#primaryimage"},"image":{"@id":"https:\/\/marekkuchcinski.pl\/cs\/wydarzenia\/piknik-rodzinny-w-stalowej-woli\/#primaryimage"},"thumbnailUrl":"https:\/\/marekkuchcinski.pl\/wp-content\/uploads\/2019\/08\/68933494_2380265605522988_2458676736087293952_n.jpg","datePublished":"2019-08-21T22:06:00+00:00","dateModified":"2019-08-21T22:07:16+00:00","breadcrumb":{"@id":"https:\/\/marekkuchcinski.pl\/cs\/wydarzenia\/piknik-rodzinny-w-stalowej-woli\/#breadcrumb"},"inLanguage":"en-GB","potentialAction":[{"@type":"ReadAction","target":["https:\/\/marekkuchcinski.pl\/cs\/wydarzenia\/piknik-rodzinny-w-stalowej-woli\/"]}]},{"@type":"ImageObject","inLanguage":"en-GB","@id":"https:\/\/marekkuchcinski.pl\/cs\/wydarzenia\/piknik-rodzinny-w-stalowej-woli\/#primaryimage","url":"https:\/\/marekkuchcinski.pl\/wp-content\/uploads\/2019\/08\/68933494_2380265605522988_2458676736087293952_n.jpg","contentUrl":"https:\/\/marekkuchcinski.pl\/wp-content\/uploads\/2019\/08\/68933494_2380265605522988_2458676736087293952_n.jpg"},{"@type":"BreadcrumbList","@id":"https:\/\/marekkuchcinski.pl\/cs\/wydarzenia\/piknik-rodzinny-w-stalowej-woli\/#breadcrumb","itemListElement":[{"@type":"ListItem","position":1,"name":"Strona g\u0142\u00f3wna","item":"https:\/\/marekkuchcinski.pl\/"},{"@type":"ListItem","position":2,"name":"PIKNIK RODZINNY W STALOWEJ WOLI"}]},{"@type":"WebSite","@id":"https:\/\/marekkuchcinski.pl\/#website","url":"https:\/\/marekkuchcinski.pl\/","name":"Marek Kuchci\u0144ski","description":"Pose\u0142 na sejm RP &ndash; okr\u0119g nr 22","publisher":{"@id":"https:\/\/marekkuchcinski.pl\/#organization"},"potentialAction":[{"@type":"SearchAction","target":{"@type":"EntryPoint","urlTemplate":"https:\/\/marekkuchcinski.pl\/?s={search_term_string}"},"query-input":{"@type":"PropertyValueSpecification","valueRequired":true,"valueName":"search_term_string"}}],"inLanguage":"en-GB"},{"@type":"Organization","@id":"https:\/\/marekkuchcinski.pl\/#organization","name":"Marek Kuchci\u0144ski","url":"https:\/\/marekkuchcinski.pl\/","logo":{"@type":"ImageObject","inLanguage":"en-GB","@id":"https:\/\/marekkuchcinski.pl\/#\/schema\/logo\/image\/","url":"https:\/\/marekkuchcinski.pl\/wp-content\/uploads\/2022\/09\/Marek.jpg","contentUrl":"https:\/\/marekkuchcinski.pl\/wp-content\/uploads\/2022\/09\/Marek.jpg","width":1600,"height":971,"caption":"Marek Kuchci\u0144ski"},"image":{"@id":"https:\/\/marekkuchcinski.pl\/#\/schema\/logo\/image\/"}},{"@type":"Person","@id":"https:\/\/marekkuchcinski.pl\/#\/schema\/person\/0346d7f21c9bed5cf4eed3231e9f59fa","name":"Andrzej Paniw","image":{"@type":"ImageObject","inLanguage":"en-GB","@id":"https:\/\/marekkuchcinski.pl\/#\/schema\/person\/image\/","url":"https:\/\/secure.gravatar.com\/avatar\/b68f7f24be3be59e4e54b34ffa26bdeb?s=96&d=mm&r=g","contentUrl":"https:\/\/secure.gravatar.com\/avatar\/b68f7f24be3be59e4e54b34ffa26bdeb?s=96&d=mm&r=g","caption":"Andrzej Paniw"},"url":"https:\/\/marekkuchcinski.pl\/en\/author\/andrzej-paniw\/"}]}},"_links":{"self":[{"href":"https:\/\/marekkuchcinski.pl\/en\/wp-json\/wp\/v2\/posts\/17463","targetHints":{"allow":["GET"]}}],"collection":[{"href":"https:\/\/marekkuchcinski.pl\/en\/wp-json\/wp\/v2\/posts"}],"about":[{"href":"https:\/\/marekkuchcinski.pl\/en\/wp-json\/wp\/v2\/types\/post"}],"author":[{"embeddable":true,"href":"https:\/\/marekkuchcinski.pl\/en\/wp-json\/wp\/v2\/users\/15"}],"replies":[{"embeddable":true,"href":"https:\/\/marekkuchcinski.pl\/en\/wp-json\/wp\/v2\/comments?post=17463"}],"version-history":[{"count":1,"href":"https:\/\/marekkuchcinski.pl\/en\/wp-json\/wp\/v2\/posts\/17463\/revisions"}],"predecessor-version":[{"id":17469,"href":"https:\/\/marekkuchcinski.pl\/en\/wp-json\/wp\/v2\/posts\/17463\/revisions\/17469"}],"wp:attachment":[{"href":"https:\/\/marekkuchcinski.pl\/en\/wp-json\/wp\/v2\/media?parent=17463"}],"wp:term":[{"taxonomy":"category","embeddable":true,"href":"https:\/\/marekkuchcinski.pl\/en\/wp-json\/wp\/v2\/categories?post=17463"},{"taxonomy":"post_tag","embeddable":true,"href":"https:\/\/marekkuchcinski.pl\/en\/wp-json\/wp\/v2\/tags?post=17463"}],"curies":[{"name":"wp","href":"https:\/\/api.w.org\/{rel}","templated":true}]}}