{"id":17433,"date":"2019-08-13T21:52:52","date_gmt":"2019-08-13T19:52:52","guid":{"rendered":"https:\/\/marekkuchcinski.pl\/?p=17433"},"modified":"2019-08-13T21:52:53","modified_gmt":"2019-08-13T19:52:53","slug":"wyborcy-sygnalizuja-w-badaniach-ze-chca-kontynuacji-rzadow-pis-w-nastepnej-kadencji","status":"publish","type":"post","link":"https:\/\/marekkuchcinski.pl\/en\/badania-spoleczne\/wyborcy-sygnalizuja-w-badaniach-ze-chca-kontynuacji-rzadow-pis-w-nastepnej-kadencji\/","title":{"rendered":"Voters are signaling in polls that they want a continuation of PiS rule in the next term!"},"content":{"rendered":"<p><\/p>\n\n\n\n<p><\/p>\n\n\n\n<p> Two months after PiS won the EU parliamentary elections, voters are signaling in polls that they want a continuation of PiS rule in the next term. This is the result of our many meetings with citizens across Poland, including in Podkarpacie. Voters appreciate the work of the parliamentary majority to realize the needs of citizens, economic growth, decrease of unemployment. We will continue to introduce the program of improving living conditions, supporting the weak, economic development and strengthening Poland.&nbsp; &nbsp;&nbsp;<\/p>\n\n\n\n<figure class=\"wp-block-image\"><img fetchpriority=\"high\" decoding=\"async\" width=\"1024\" height=\"951\" src=\"https:\/\/marekkuchcinski.pl\/wp-content\/uploads\/2019\/08\/image-1-1-1024x951.png\" alt=\"\" class=\"wp-image-17435\" srcset=\"https:\/\/marekkuchcinski.pl\/wp-content\/uploads\/2019\/08\/image-1-1-1024x951.png 1024w, https:\/\/marekkuchcinski.pl\/wp-content\/uploads\/2019\/08\/image-1-1-300x279.png 300w, https:\/\/marekkuchcinski.pl\/wp-content\/uploads\/2019\/08\/image-1-1-768x713.png 768w, https:\/\/marekkuchcinski.pl\/wp-content\/uploads\/2019\/08\/image-1-1.png 1189w\" sizes=\"(max-width: 1024px) 100vw, 1024px\" \/><\/figure>","protected":false},"excerpt":{"rendered":"<p>Po dw\u00f3ch miesi\u0105cach od wygranych przez PiS wybor\u00f3w do parlamentu UE, wyborcy sygnalizuj\u0105 w badaniach, \u017ce &nbsp;chc\u0105 kontynuacji rz\u0105d\u00f3w PiS w nast\u0119pnej kadencji. To efekt wielu naszych spotka\u0144 z obywatelami &nbsp;&nbsp;w ca\u0142ej Polsce, mi\u0119dzy innymi na Podkarpaciu. Wyborcy&nbsp; doceniaj\u0105 prac\u0119 wi\u0119kszo\u015bci sejmowej na rzecz realizowania potrzeb obywateli, wzrostu gospodarczego, spadku bezrobocia. Nadal b\u0119dziemy wprowadza\u0107 program&nbsp; [&hellip;]<\/p>","protected":false},"author":15,"featured_media":17434,"comment_status":"open","ping_status":"open","sticky":false,"template":"","format":"standard","meta":{"ngg_post_thumbnail":0,"footnotes":""},"categories":[83,3],"tags":[],"class_list":["post-17433","post","type-post","status-publish","format-standard","has-post-thumbnail","hentry","category-badania-spoleczne","category-wydarzenia"],"yoast_head":"<!-- This site is optimized with the Yoast SEO plugin v24.7 - https:\/\/yoast.com\/wordpress\/plugins\/seo\/ -->\n<title>Wyborcy sygnalizuj\u0105 w badaniach, \u017ce chc\u0105 kontynuacji rz\u0105d\u00f3w PiS w nast\u0119pnej kadencji ! &#8211; Marek Kuchci\u0144ski<\/title>\n<meta name=\"robots\" content=\"index, follow, max-snippet:-1, max-image-preview:large, max-video-preview:-1\" \/>\n<link rel=\"canonical\" href=\"https:\/\/marekkuchcinski.pl\/en\/badania-spoleczne\/wyborcy-sygnalizuja-w-badaniach-ze-chca-kontynuacji-rzadow-pis-w-nastepnej-kadencji\/\" \/>\n<meta property=\"og:locale\" content=\"en_GB\" \/>\n<meta property=\"og:type\" content=\"article\" \/>\n<meta property=\"og:title\" content=\"Wyborcy sygnalizuj\u0105 w badaniach, \u017ce chc\u0105 kontynuacji rz\u0105d\u00f3w PiS w nast\u0119pnej kadencji ! &#8211; Marek Kuchci\u0144ski\" \/>\n<meta property=\"og:description\" content=\"Po dw\u00f3ch miesi\u0105cach od wygranych przez PiS wybor\u00f3w do parlamentu UE, wyborcy sygnalizuj\u0105 w badaniach, \u017ce &nbsp;chc\u0105 kontynuacji rz\u0105d\u00f3w PiS w nast\u0119pnej kadencji. To efekt wielu naszych spotka\u0144 z obywatelami &nbsp;&nbsp;w ca\u0142ej Polsce, mi\u0119dzy innymi na Podkarpaciu. Wyborcy&nbsp; doceniaj\u0105 prac\u0119 wi\u0119kszo\u015bci sejmowej na rzecz realizowania potrzeb obywateli, wzrostu gospodarczego, spadku bezrobocia. Nadal b\u0119dziemy wprowadza\u0107 program&nbsp; [&hellip;]\" \/>\n<meta property=\"og:url\" content=\"https:\/\/marekkuchcinski.pl\/en\/badania-spoleczne\/wyborcy-sygnalizuja-w-badaniach-ze-chca-kontynuacji-rzadow-pis-w-nastepnej-kadencji\/\" \/>\n<meta property=\"og:site_name\" content=\"Marek Kuchci\u0144ski\" \/>\n<meta property=\"article:published_time\" content=\"2019-08-13T19:52:52+00:00\" \/>\n<meta property=\"article:modified_time\" content=\"2019-08-13T19:52:53+00:00\" \/>\n<meta property=\"og:image\" content=\"https:\/\/marekkuchcinski.pl\/wp-content\/uploads\/2019\/08\/image-1.png\" \/>\n\t<meta property=\"og:image:width\" content=\"991\" \/>\n\t<meta property=\"og:image:height\" content=\"920\" \/>\n\t<meta property=\"og:image:type\" content=\"image\/png\" \/>\n<meta name=\"author\" content=\"Andrzej Paniw\" \/>\n<meta name=\"twitter:card\" content=\"summary_large_image\" \/>\n<meta name=\"twitter:label1\" content=\"Written by\" \/>\n\t<meta name=\"twitter:data1\" content=\"Andrzej Paniw\" \/>\n<script type=\"application\/ld+json\" class=\"yoast-schema-graph\">{\"@context\":\"https:\/\/schema.org\",\"@graph\":[{\"@type\":\"Article\",\"@id\":\"https:\/\/marekkuchcinski.pl\/ro\/badania-spoleczne\/wyborcy-sygnalizuja-w-badaniach-ze-chca-kontynuacji-rzadow-pis-w-nastepnej-kadencji\/#article\",\"isPartOf\":{\"@id\":\"https:\/\/marekkuchcinski.pl\/ro\/badania-spoleczne\/wyborcy-sygnalizuja-w-badaniach-ze-chca-kontynuacji-rzadow-pis-w-nastepnej-kadencji\/\"},\"author\":{\"name\":\"Andrzej Paniw\",\"@id\":\"https:\/\/marekkuchcinski.pl\/#\/schema\/person\/0346d7f21c9bed5cf4eed3231e9f59fa\"},\"headline\":\"Wyborcy sygnalizuj\u0105 w badaniach, \u017ce chc\u0105 kontynuacji rz\u0105d\u00f3w PiS w nast\u0119pnej kadencji !\",\"datePublished\":\"2019-08-13T19:52:52+00:00\",\"dateModified\":\"2019-08-13T19:52:53+00:00\",\"mainEntityOfPage\":{\"@id\":\"https:\/\/marekkuchcinski.pl\/ro\/badania-spoleczne\/wyborcy-sygnalizuja-w-badaniach-ze-chca-kontynuacji-rzadow-pis-w-nastepnej-kadencji\/\"},\"wordCount\":102,\"commentCount\":0,\"publisher\":{\"@id\":\"https:\/\/marekkuchcinski.pl\/#organization\"},\"image\":{\"@id\":\"https:\/\/marekkuchcinski.pl\/ro\/badania-spoleczne\/wyborcy-sygnalizuja-w-badaniach-ze-chca-kontynuacji-rzadow-pis-w-nastepnej-kadencji\/#primaryimage\"},\"thumbnailUrl\":\"https:\/\/marekkuchcinski.pl\/wp-content\/uploads\/2019\/08\/image-1.png\",\"articleSection\":[\"Badania spo\u0142eczne\",\"Wydarzenia\"],\"inLanguage\":\"en-GB\",\"potentialAction\":[{\"@type\":\"CommentAction\",\"name\":\"Comment\",\"target\":[\"https:\/\/marekkuchcinski.pl\/ro\/badania-spoleczne\/wyborcy-sygnalizuja-w-badaniach-ze-chca-kontynuacji-rzadow-pis-w-nastepnej-kadencji\/#respond\"]}]},{\"@type\":\"WebPage\",\"@id\":\"https:\/\/marekkuchcinski.pl\/ro\/badania-spoleczne\/wyborcy-sygnalizuja-w-badaniach-ze-chca-kontynuacji-rzadow-pis-w-nastepnej-kadencji\/\",\"url\":\"https:\/\/marekkuchcinski.pl\/ro\/badania-spoleczne\/wyborcy-sygnalizuja-w-badaniach-ze-chca-kontynuacji-rzadow-pis-w-nastepnej-kadencji\/\",\"name\":\"Wyborcy sygnalizuj\u0105 w badaniach, \u017ce chc\u0105 kontynuacji rz\u0105d\u00f3w PiS w nast\u0119pnej kadencji ! &#8211; Marek Kuchci\u0144ski\",\"isPartOf\":{\"@id\":\"https:\/\/marekkuchcinski.pl\/#website\"},\"primaryImageOfPage\":{\"@id\":\"https:\/\/marekkuchcinski.pl\/ro\/badania-spoleczne\/wyborcy-sygnalizuja-w-badaniach-ze-chca-kontynuacji-rzadow-pis-w-nastepnej-kadencji\/#primaryimage\"},\"image\":{\"@id\":\"https:\/\/marekkuchcinski.pl\/ro\/badania-spoleczne\/wyborcy-sygnalizuja-w-badaniach-ze-chca-kontynuacji-rzadow-pis-w-nastepnej-kadencji\/#primaryimage\"},\"thumbnailUrl\":\"https:\/\/marekkuchcinski.pl\/wp-content\/uploads\/2019\/08\/image-1.png\",\"datePublished\":\"2019-08-13T19:52:52+00:00\",\"dateModified\":\"2019-08-13T19:52:53+00:00\",\"breadcrumb\":{\"@id\":\"https:\/\/marekkuchcinski.pl\/ro\/badania-spoleczne\/wyborcy-sygnalizuja-w-badaniach-ze-chca-kontynuacji-rzadow-pis-w-nastepnej-kadencji\/#breadcrumb\"},\"inLanguage\":\"en-GB\",\"potentialAction\":[{\"@type\":\"ReadAction\",\"target\":[\"https:\/\/marekkuchcinski.pl\/ro\/badania-spoleczne\/wyborcy-sygnalizuja-w-badaniach-ze-chca-kontynuacji-rzadow-pis-w-nastepnej-kadencji\/\"]}]},{\"@type\":\"ImageObject\",\"inLanguage\":\"en-GB\",\"@id\":\"https:\/\/marekkuchcinski.pl\/ro\/badania-spoleczne\/wyborcy-sygnalizuja-w-badaniach-ze-chca-kontynuacji-rzadow-pis-w-nastepnej-kadencji\/#primaryimage\",\"url\":\"https:\/\/marekkuchcinski.pl\/wp-content\/uploads\/2019\/08\/image-1.png\",\"contentUrl\":\"https:\/\/marekkuchcinski.pl\/wp-content\/uploads\/2019\/08\/image-1.png\",\"width\":991,\"height\":920},{\"@type\":\"BreadcrumbList\",\"@id\":\"https:\/\/marekkuchcinski.pl\/ro\/badania-spoleczne\/wyborcy-sygnalizuja-w-badaniach-ze-chca-kontynuacji-rzadow-pis-w-nastepnej-kadencji\/#breadcrumb\",\"itemListElement\":[{\"@type\":\"ListItem\",\"position\":1,\"name\":\"Strona g\u0142\u00f3wna\",\"item\":\"https:\/\/marekkuchcinski.pl\/\"},{\"@type\":\"ListItem\",\"position\":2,\"name\":\"Wyborcy sygnalizuj\u0105 w badaniach, \u017ce chc\u0105 kontynuacji rz\u0105d\u00f3w PiS w nast\u0119pnej kadencji !\"}]},{\"@type\":\"WebSite\",\"@id\":\"https:\/\/marekkuchcinski.pl\/#website\",\"url\":\"https:\/\/marekkuchcinski.pl\/\",\"name\":\"Marek Kuchci\u0144ski\",\"description\":\"Pose\u0142 na sejm RP &ndash; okr\u0119g nr 22\",\"publisher\":{\"@id\":\"https:\/\/marekkuchcinski.pl\/#organization\"},\"potentialAction\":[{\"@type\":\"SearchAction\",\"target\":{\"@type\":\"EntryPoint\",\"urlTemplate\":\"https:\/\/marekkuchcinski.pl\/?s={search_term_string}\"},\"query-input\":{\"@type\":\"PropertyValueSpecification\",\"valueRequired\":true,\"valueName\":\"search_term_string\"}}],\"inLanguage\":\"en-GB\"},{\"@type\":\"Organization\",\"@id\":\"https:\/\/marekkuchcinski.pl\/#organization\",\"name\":\"Marek Kuchci\u0144ski\",\"url\":\"https:\/\/marekkuchcinski.pl\/\",\"logo\":{\"@type\":\"ImageObject\",\"inLanguage\":\"en-GB\",\"@id\":\"https:\/\/marekkuchcinski.pl\/#\/schema\/logo\/image\/\",\"url\":\"https:\/\/marekkuchcinski.pl\/wp-content\/uploads\/2022\/09\/Marek.jpg\",\"contentUrl\":\"https:\/\/marekkuchcinski.pl\/wp-content\/uploads\/2022\/09\/Marek.jpg\",\"width\":1600,\"height\":971,\"caption\":\"Marek Kuchci\u0144ski\"},\"image\":{\"@id\":\"https:\/\/marekkuchcinski.pl\/#\/schema\/logo\/image\/\"}},{\"@type\":\"Person\",\"@id\":\"https:\/\/marekkuchcinski.pl\/#\/schema\/person\/0346d7f21c9bed5cf4eed3231e9f59fa\",\"name\":\"Andrzej Paniw\",\"image\":{\"@type\":\"ImageObject\",\"inLanguage\":\"en-GB\",\"@id\":\"https:\/\/marekkuchcinski.pl\/#\/schema\/person\/image\/\",\"url\":\"https:\/\/secure.gravatar.com\/avatar\/b68f7f24be3be59e4e54b34ffa26bdeb?s=96&d=mm&r=g\",\"contentUrl\":\"https:\/\/secure.gravatar.com\/avatar\/b68f7f24be3be59e4e54b34ffa26bdeb?s=96&d=mm&r=g\",\"caption\":\"Andrzej Paniw\"},\"url\":\"https:\/\/marekkuchcinski.pl\/en\/author\/andrzej-paniw\/\"}]}<\/script>\n<!-- \/ Yoast SEO plugin. -->","yoast_head_json":{"title":"Wyborcy sygnalizuj\u0105 w badaniach, \u017ce chc\u0105 kontynuacji rz\u0105d\u00f3w PiS w nast\u0119pnej kadencji ! &#8211; Marek Kuchci\u0144ski","robots":{"index":"index","follow":"follow","max-snippet":"max-snippet:-1","max-image-preview":"max-image-preview:large","max-video-preview":"max-video-preview:-1"},"canonical":"https:\/\/marekkuchcinski.pl\/en\/badania-spoleczne\/wyborcy-sygnalizuja-w-badaniach-ze-chca-kontynuacji-rzadow-pis-w-nastepnej-kadencji\/","og_locale":"en_GB","og_type":"article","og_title":"Wyborcy sygnalizuj\u0105 w badaniach, \u017ce chc\u0105 kontynuacji rz\u0105d\u00f3w PiS w nast\u0119pnej kadencji ! &#8211; Marek Kuchci\u0144ski","og_description":"Po dw\u00f3ch miesi\u0105cach od wygranych przez PiS wybor\u00f3w do parlamentu UE, wyborcy sygnalizuj\u0105 w badaniach, \u017ce &nbsp;chc\u0105 kontynuacji rz\u0105d\u00f3w PiS w nast\u0119pnej kadencji. To efekt wielu naszych spotka\u0144 z obywatelami &nbsp;&nbsp;w ca\u0142ej Polsce, mi\u0119dzy innymi na Podkarpaciu. Wyborcy&nbsp; doceniaj\u0105 prac\u0119 wi\u0119kszo\u015bci sejmowej na rzecz realizowania potrzeb obywateli, wzrostu gospodarczego, spadku bezrobocia. Nadal b\u0119dziemy wprowadza\u0107 program&nbsp; [&hellip;]","og_url":"https:\/\/marekkuchcinski.pl\/en\/badania-spoleczne\/wyborcy-sygnalizuja-w-badaniach-ze-chca-kontynuacji-rzadow-pis-w-nastepnej-kadencji\/","og_site_name":"Marek Kuchci\u0144ski","article_published_time":"2019-08-13T19:52:52+00:00","article_modified_time":"2019-08-13T19:52:53+00:00","og_image":[{"width":991,"height":920,"url":"https:\/\/marekkuchcinski.pl\/wp-content\/uploads\/2019\/08\/image-1.png","type":"image\/png"}],"author":"Andrzej Paniw","twitter_card":"summary_large_image","twitter_misc":{"Written by":"Andrzej Paniw"},"schema":{"@context":"https:\/\/schema.org","@graph":[{"@type":"Article","@id":"https:\/\/marekkuchcinski.pl\/ro\/badania-spoleczne\/wyborcy-sygnalizuja-w-badaniach-ze-chca-kontynuacji-rzadow-pis-w-nastepnej-kadencji\/#article","isPartOf":{"@id":"https:\/\/marekkuchcinski.pl\/ro\/badania-spoleczne\/wyborcy-sygnalizuja-w-badaniach-ze-chca-kontynuacji-rzadow-pis-w-nastepnej-kadencji\/"},"author":{"name":"Andrzej Paniw","@id":"https:\/\/marekkuchcinski.pl\/#\/schema\/person\/0346d7f21c9bed5cf4eed3231e9f59fa"},"headline":"Wyborcy sygnalizuj\u0105 w badaniach, \u017ce chc\u0105 kontynuacji rz\u0105d\u00f3w PiS w nast\u0119pnej kadencji !","datePublished":"2019-08-13T19:52:52+00:00","dateModified":"2019-08-13T19:52:53+00:00","mainEntityOfPage":{"@id":"https:\/\/marekkuchcinski.pl\/ro\/badania-spoleczne\/wyborcy-sygnalizuja-w-badaniach-ze-chca-kontynuacji-rzadow-pis-w-nastepnej-kadencji\/"},"wordCount":102,"commentCount":0,"publisher":{"@id":"https:\/\/marekkuchcinski.pl\/#organization"},"image":{"@id":"https:\/\/marekkuchcinski.pl\/ro\/badania-spoleczne\/wyborcy-sygnalizuja-w-badaniach-ze-chca-kontynuacji-rzadow-pis-w-nastepnej-kadencji\/#primaryimage"},"thumbnailUrl":"https:\/\/marekkuchcinski.pl\/wp-content\/uploads\/2019\/08\/image-1.png","articleSection":["Badania spo\u0142eczne","Wydarzenia"],"inLanguage":"en-GB","potentialAction":[{"@type":"CommentAction","name":"Comment","target":["https:\/\/marekkuchcinski.pl\/ro\/badania-spoleczne\/wyborcy-sygnalizuja-w-badaniach-ze-chca-kontynuacji-rzadow-pis-w-nastepnej-kadencji\/#respond"]}]},{"@type":"WebPage","@id":"https:\/\/marekkuchcinski.pl\/ro\/badania-spoleczne\/wyborcy-sygnalizuja-w-badaniach-ze-chca-kontynuacji-rzadow-pis-w-nastepnej-kadencji\/","url":"https:\/\/marekkuchcinski.pl\/ro\/badania-spoleczne\/wyborcy-sygnalizuja-w-badaniach-ze-chca-kontynuacji-rzadow-pis-w-nastepnej-kadencji\/","name":"Wyborcy sygnalizuj\u0105 w badaniach, \u017ce chc\u0105 kontynuacji rz\u0105d\u00f3w PiS w nast\u0119pnej kadencji ! &#8211; Marek Kuchci\u0144ski","isPartOf":{"@id":"https:\/\/marekkuchcinski.pl\/#website"},"primaryImageOfPage":{"@id":"https:\/\/marekkuchcinski.pl\/ro\/badania-spoleczne\/wyborcy-sygnalizuja-w-badaniach-ze-chca-kontynuacji-rzadow-pis-w-nastepnej-kadencji\/#primaryimage"},"image":{"@id":"https:\/\/marekkuchcinski.pl\/ro\/badania-spoleczne\/wyborcy-sygnalizuja-w-badaniach-ze-chca-kontynuacji-rzadow-pis-w-nastepnej-kadencji\/#primaryimage"},"thumbnailUrl":"https:\/\/marekkuchcinski.pl\/wp-content\/uploads\/2019\/08\/image-1.png","datePublished":"2019-08-13T19:52:52+00:00","dateModified":"2019-08-13T19:52:53+00:00","breadcrumb":{"@id":"https:\/\/marekkuchcinski.pl\/ro\/badania-spoleczne\/wyborcy-sygnalizuja-w-badaniach-ze-chca-kontynuacji-rzadow-pis-w-nastepnej-kadencji\/#breadcrumb"},"inLanguage":"en-GB","potentialAction":[{"@type":"ReadAction","target":["https:\/\/marekkuchcinski.pl\/ro\/badania-spoleczne\/wyborcy-sygnalizuja-w-badaniach-ze-chca-kontynuacji-rzadow-pis-w-nastepnej-kadencji\/"]}]},{"@type":"ImageObject","inLanguage":"en-GB","@id":"https:\/\/marekkuchcinski.pl\/ro\/badania-spoleczne\/wyborcy-sygnalizuja-w-badaniach-ze-chca-kontynuacji-rzadow-pis-w-nastepnej-kadencji\/#primaryimage","url":"https:\/\/marekkuchcinski.pl\/wp-content\/uploads\/2019\/08\/image-1.png","contentUrl":"https:\/\/marekkuchcinski.pl\/wp-content\/uploads\/2019\/08\/image-1.png","width":991,"height":920},{"@type":"BreadcrumbList","@id":"https:\/\/marekkuchcinski.pl\/ro\/badania-spoleczne\/wyborcy-sygnalizuja-w-badaniach-ze-chca-kontynuacji-rzadow-pis-w-nastepnej-kadencji\/#breadcrumb","itemListElement":[{"@type":"ListItem","position":1,"name":"Strona g\u0142\u00f3wna","item":"https:\/\/marekkuchcinski.pl\/"},{"@type":"ListItem","position":2,"name":"Wyborcy sygnalizuj\u0105 w badaniach, \u017ce chc\u0105 kontynuacji rz\u0105d\u00f3w PiS w nast\u0119pnej kadencji !"}]},{"@type":"WebSite","@id":"https:\/\/marekkuchcinski.pl\/#website","url":"https:\/\/marekkuchcinski.pl\/","name":"Marek Kuchci\u0144ski","description":"Pose\u0142 na sejm RP &ndash; okr\u0119g nr 22","publisher":{"@id":"https:\/\/marekkuchcinski.pl\/#organization"},"potentialAction":[{"@type":"SearchAction","target":{"@type":"EntryPoint","urlTemplate":"https:\/\/marekkuchcinski.pl\/?s={search_term_string}"},"query-input":{"@type":"PropertyValueSpecification","valueRequired":true,"valueName":"search_term_string"}}],"inLanguage":"en-GB"},{"@type":"Organization","@id":"https:\/\/marekkuchcinski.pl\/#organization","name":"Marek Kuchci\u0144ski","url":"https:\/\/marekkuchcinski.pl\/","logo":{"@type":"ImageObject","inLanguage":"en-GB","@id":"https:\/\/marekkuchcinski.pl\/#\/schema\/logo\/image\/","url":"https:\/\/marekkuchcinski.pl\/wp-content\/uploads\/2022\/09\/Marek.jpg","contentUrl":"https:\/\/marekkuchcinski.pl\/wp-content\/uploads\/2022\/09\/Marek.jpg","width":1600,"height":971,"caption":"Marek Kuchci\u0144ski"},"image":{"@id":"https:\/\/marekkuchcinski.pl\/#\/schema\/logo\/image\/"}},{"@type":"Person","@id":"https:\/\/marekkuchcinski.pl\/#\/schema\/person\/0346d7f21c9bed5cf4eed3231e9f59fa","name":"Andrzej Paniw","image":{"@type":"ImageObject","inLanguage":"en-GB","@id":"https:\/\/marekkuchcinski.pl\/#\/schema\/person\/image\/","url":"https:\/\/secure.gravatar.com\/avatar\/b68f7f24be3be59e4e54b34ffa26bdeb?s=96&d=mm&r=g","contentUrl":"https:\/\/secure.gravatar.com\/avatar\/b68f7f24be3be59e4e54b34ffa26bdeb?s=96&d=mm&r=g","caption":"Andrzej Paniw"},"url":"https:\/\/marekkuchcinski.pl\/en\/author\/andrzej-paniw\/"}]}},"_links":{"self":[{"href":"https:\/\/marekkuchcinski.pl\/en\/wp-json\/wp\/v2\/posts\/17433","targetHints":{"allow":["GET"]}}],"collection":[{"href":"https:\/\/marekkuchcinski.pl\/en\/wp-json\/wp\/v2\/posts"}],"about":[{"href":"https:\/\/marekkuchcinski.pl\/en\/wp-json\/wp\/v2\/types\/post"}],"author":[{"embeddable":true,"href":"https:\/\/marekkuchcinski.pl\/en\/wp-json\/wp\/v2\/users\/15"}],"replies":[{"embeddable":true,"href":"https:\/\/marekkuchcinski.pl\/en\/wp-json\/wp\/v2\/comments?post=17433"}],"version-history":[{"count":2,"href":"https:\/\/marekkuchcinski.pl\/en\/wp-json\/wp\/v2\/posts\/17433\/revisions"}],"predecessor-version":[{"id":17437,"href":"https:\/\/marekkuchcinski.pl\/en\/wp-json\/wp\/v2\/posts\/17433\/revisions\/17437"}],"wp:featuredmedia":[{"embeddable":true,"href":"https:\/\/marekkuchcinski.pl\/en\/wp-json\/wp\/v2\/media\/17434"}],"wp:attachment":[{"href":"https:\/\/marekkuchcinski.pl\/en\/wp-json\/wp\/v2\/media?parent=17433"}],"wp:term":[{"taxonomy":"category","embeddable":true,"href":"https:\/\/marekkuchcinski.pl\/en\/wp-json\/wp\/v2\/categories?post=17433"},{"taxonomy":"post_tag","embeddable":true,"href":"https:\/\/marekkuchcinski.pl\/en\/wp-json\/wp\/v2\/tags?post=17433"}],"curies":[{"name":"wp","href":"https:\/\/api.w.org\/{rel}","templated":true}]}}