{"id":17421,"date":"2019-08-12T16:14:57","date_gmt":"2019-08-12T14:14:57","guid":{"rendered":"https:\/\/marekkuchcinski.pl\/?p=17421"},"modified":"2019-08-12T23:15:56","modified_gmt":"2019-08-12T21:15:56","slug":"dzis-mija-11-rocznica-pamietnego-wystapienia-lecha-kaczynskiego-na-wiecu-w-tbilisi","status":"publish","type":"post","link":"https:\/\/marekkuchcinski.pl\/en\/bez-kategorii\/dzis-mija-11-rocznica-pamietnego-wystapienia-lecha-kaczynskiego-na-wiecu-w-tbilisi\/","title":{"rendered":"Today is the 11th anniversary of Lech Kaczy\u0144ski's memorable speech at the rally in Tbilisi"},"content":{"rendered":"<p>Today is the 11th anniversary of Lech Kaczy\u0144ski's memorable speech at a rally in Tbilisi. On the fifth, decisive day of the Russian-Georgian war, when the Russian troops took Karaleti and Gori and were advancing towards Tbilisi, Lech Kaczy\u0144ski personally arrived in Georgia, taking with him the leaders of Ukraine, Lithuania, Latvia and Estonia. Speaking in front of the parliament building to the gathered 200,000 Georgians, he stressed that it was the duty of the international community to stand in solidarity against Russian imperial aspirations. \"I would like to say this not only to you, I would like to say it also to those from our common European Union, that Central Europe, Georgia, that our whole region will count, that we are a subject\"- he noted. - And we also know very well that today Georgia, tomorrow Ukraine, the day after tomorrow the Baltic States, and then maybe it is time for my country - for Poland.   Lech Kaczy\u0144ski was one of the greatest statesmen in the history of Poland and he knew how to predict possible scenarios for the development of international events. At the same time he was able to effectively and courageously counteract them. According to Georgian politicians and commentators, Lech Kaczy\u0144ski's visit was an important element in stopping the Russian aggression. Georgians have never forgotten what Lech Kaczy\u0144ski did for them.  As a sign of gratitude and in order to preserve the memory of him and his contribution to Georgia's independence, they named streets and squares after him and erected a bust of the Polish President in Tbilisi.<\/p>","protected":false},"excerpt":{"rendered":"<p>Dzi\u015b mija 11. rocznica pami\u0119tnego wyst\u0105pienia Lecha Kaczy\u0144skiego na wiecu w Tbilisi. W pi\u0105tym, decyduj\u0105cym dniu rosyjsko-gruzi\u0144skiej wojny, kiedy to rosyjskie oddzia\u0142y zaj\u0119\u0142y miejscowo\u015bci Karaleti i Gori i posuwa\u0142y si\u0119 w kierunku Tbilisi, Lech Kaczy\u0144ski osobi\u015bcie przyby\u0142 do Gruzji, zabieraj\u0105c ze sob\u0105 przyw\u00f3dc\u00f3w: Ukrainy, Litwy, \u0141otwy i Estonii. Podczas przem\u00f3wienia przed budynkiem parlamentu do zgromadzonych [&hellip;]<\/p>","protected":false},"author":15,"featured_media":0,"comment_status":"open","ping_status":"open","sticky":false,"template":"","format":"standard","meta":{"ngg_post_thumbnail":0,"footnotes":""},"categories":[1],"tags":[],"class_list":["post-17421","post","type-post","status-publish","format-standard","hentry","category-bez-kategorii"],"yoast_head":"<!-- This site is optimized with the Yoast SEO plugin v24.7 - https:\/\/yoast.com\/wordpress\/plugins\/seo\/ -->\n<title>Dzi\u015b mija 11. rocznica pami\u0119tnego wyst\u0105pienia Lecha Kaczy\u0144skiego na wiecu w Tbilisi &#8211; Marek Kuchci\u0144ski<\/title>\n<meta name=\"robots\" content=\"index, follow, max-snippet:-1, max-image-preview:large, max-video-preview:-1\" \/>\n<link rel=\"canonical\" href=\"https:\/\/marekkuchcinski.pl\/en\/bez-kategorii\/dzis-mija-11-rocznica-pamietnego-wystapienia-lecha-kaczynskiego-na-wiecu-w-tbilisi\/\" \/>\n<meta property=\"og:locale\" content=\"en_GB\" \/>\n<meta property=\"og:type\" content=\"article\" \/>\n<meta property=\"og:title\" content=\"Dzi\u015b mija 11. rocznica pami\u0119tnego wyst\u0105pienia Lecha Kaczy\u0144skiego na wiecu w Tbilisi &#8211; Marek Kuchci\u0144ski\" \/>\n<meta property=\"og:description\" content=\"Dzi\u015b mija 11. rocznica pami\u0119tnego wyst\u0105pienia Lecha Kaczy\u0144skiego na wiecu w Tbilisi. W pi\u0105tym, decyduj\u0105cym dniu rosyjsko-gruzi\u0144skiej wojny, kiedy to rosyjskie oddzia\u0142y zaj\u0119\u0142y miejscowo\u015bci Karaleti i Gori i posuwa\u0142y si\u0119 w kierunku Tbilisi, Lech Kaczy\u0144ski osobi\u015bcie przyby\u0142 do Gruzji, zabieraj\u0105c ze sob\u0105 przyw\u00f3dc\u00f3w: Ukrainy, Litwy, \u0141otwy i Estonii. Podczas przem\u00f3wienia przed budynkiem parlamentu do zgromadzonych [&hellip;]\" \/>\n<meta property=\"og:url\" content=\"https:\/\/marekkuchcinski.pl\/en\/bez-kategorii\/dzis-mija-11-rocznica-pamietnego-wystapienia-lecha-kaczynskiego-na-wiecu-w-tbilisi\/\" \/>\n<meta property=\"og:site_name\" content=\"Marek Kuchci\u0144ski\" \/>\n<meta property=\"article:published_time\" content=\"2019-08-12T14:14:57+00:00\" \/>\n<meta property=\"article:modified_time\" content=\"2019-08-12T21:15:56+00:00\" \/>\n<meta property=\"og:image\" content=\"https:\/\/marekkuchcinski.pl\/wp-content\/uploads\/2022\/09\/Marek.jpg\" \/>\n\t<meta property=\"og:image:width\" content=\"1600\" \/>\n\t<meta property=\"og:image:height\" content=\"971\" \/>\n\t<meta property=\"og:image:type\" content=\"image\/jpeg\" \/>\n<meta name=\"author\" content=\"Andrzej Paniw\" \/>\n<meta name=\"twitter:card\" content=\"summary_large_image\" \/>\n<meta name=\"twitter:label1\" content=\"Written by\" \/>\n\t<meta name=\"twitter:data1\" content=\"Andrzej Paniw\" \/>\n\t<meta name=\"twitter:label2\" content=\"Estimated reading time\" \/>\n\t<meta name=\"twitter:data2\" content=\"1 minute\" \/>\n<script type=\"application\/ld+json\" class=\"yoast-schema-graph\">{\"@context\":\"https:\/\/schema.org\",\"@graph\":[{\"@type\":\"Article\",\"@id\":\"https:\/\/marekkuchcinski.pl\/bez-kategorii\/dzis-mija-11-rocznica-pamietnego-wystapienia-lecha-kaczynskiego-na-wiecu-w-tbilisi\/#article\",\"isPartOf\":{\"@id\":\"https:\/\/marekkuchcinski.pl\/bez-kategorii\/dzis-mija-11-rocznica-pamietnego-wystapienia-lecha-kaczynskiego-na-wiecu-w-tbilisi\/\"},\"author\":{\"name\":\"Andrzej Paniw\",\"@id\":\"https:\/\/marekkuchcinski.pl\/#\/schema\/person\/0346d7f21c9bed5cf4eed3231e9f59fa\"},\"headline\":\"Dzi\u015b mija 11. rocznica pami\u0119tnego wyst\u0105pienia Lecha Kaczy\u0144skiego na wiecu w Tbilisi\",\"datePublished\":\"2019-08-12T14:14:57+00:00\",\"dateModified\":\"2019-08-12T21:15:56+00:00\",\"mainEntityOfPage\":{\"@id\":\"https:\/\/marekkuchcinski.pl\/bez-kategorii\/dzis-mija-11-rocznica-pamietnego-wystapienia-lecha-kaczynskiego-na-wiecu-w-tbilisi\/\"},\"wordCount\":276,\"commentCount\":0,\"publisher\":{\"@id\":\"https:\/\/marekkuchcinski.pl\/#organization\"},\"articleSection\":[\"Bez kategorii\"],\"inLanguage\":\"en-GB\",\"potentialAction\":[{\"@type\":\"CommentAction\",\"name\":\"Comment\",\"target\":[\"https:\/\/marekkuchcinski.pl\/bez-kategorii\/dzis-mija-11-rocznica-pamietnego-wystapienia-lecha-kaczynskiego-na-wiecu-w-tbilisi\/#respond\"]}]},{\"@type\":\"WebPage\",\"@id\":\"https:\/\/marekkuchcinski.pl\/bez-kategorii\/dzis-mija-11-rocznica-pamietnego-wystapienia-lecha-kaczynskiego-na-wiecu-w-tbilisi\/\",\"url\":\"https:\/\/marekkuchcinski.pl\/bez-kategorii\/dzis-mija-11-rocznica-pamietnego-wystapienia-lecha-kaczynskiego-na-wiecu-w-tbilisi\/\",\"name\":\"Dzi\u015b mija 11. rocznica pami\u0119tnego wyst\u0105pienia Lecha Kaczy\u0144skiego na wiecu w Tbilisi &#8211; Marek Kuchci\u0144ski\",\"isPartOf\":{\"@id\":\"https:\/\/marekkuchcinski.pl\/#website\"},\"datePublished\":\"2019-08-12T14:14:57+00:00\",\"dateModified\":\"2019-08-12T21:15:56+00:00\",\"breadcrumb\":{\"@id\":\"https:\/\/marekkuchcinski.pl\/bez-kategorii\/dzis-mija-11-rocznica-pamietnego-wystapienia-lecha-kaczynskiego-na-wiecu-w-tbilisi\/#breadcrumb\"},\"inLanguage\":\"en-GB\",\"potentialAction\":[{\"@type\":\"ReadAction\",\"target\":[\"https:\/\/marekkuchcinski.pl\/bez-kategorii\/dzis-mija-11-rocznica-pamietnego-wystapienia-lecha-kaczynskiego-na-wiecu-w-tbilisi\/\"]}]},{\"@type\":\"BreadcrumbList\",\"@id\":\"https:\/\/marekkuchcinski.pl\/bez-kategorii\/dzis-mija-11-rocznica-pamietnego-wystapienia-lecha-kaczynskiego-na-wiecu-w-tbilisi\/#breadcrumb\",\"itemListElement\":[{\"@type\":\"ListItem\",\"position\":1,\"name\":\"Strona g\u0142\u00f3wna\",\"item\":\"https:\/\/marekkuchcinski.pl\/\"},{\"@type\":\"ListItem\",\"position\":2,\"name\":\"Dzi\u015b mija 11. rocznica pami\u0119tnego wyst\u0105pienia Lecha Kaczy\u0144skiego na wiecu w Tbilisi\"}]},{\"@type\":\"WebSite\",\"@id\":\"https:\/\/marekkuchcinski.pl\/#website\",\"url\":\"https:\/\/marekkuchcinski.pl\/\",\"name\":\"Marek Kuchci\u0144ski\",\"description\":\"Pose\u0142 na sejm RP &ndash; okr\u0119g nr 22\",\"publisher\":{\"@id\":\"https:\/\/marekkuchcinski.pl\/#organization\"},\"potentialAction\":[{\"@type\":\"SearchAction\",\"target\":{\"@type\":\"EntryPoint\",\"urlTemplate\":\"https:\/\/marekkuchcinski.pl\/?s={search_term_string}\"},\"query-input\":{\"@type\":\"PropertyValueSpecification\",\"valueRequired\":true,\"valueName\":\"search_term_string\"}}],\"inLanguage\":\"en-GB\"},{\"@type\":\"Organization\",\"@id\":\"https:\/\/marekkuchcinski.pl\/#organization\",\"name\":\"Marek Kuchci\u0144ski\",\"url\":\"https:\/\/marekkuchcinski.pl\/\",\"logo\":{\"@type\":\"ImageObject\",\"inLanguage\":\"en-GB\",\"@id\":\"https:\/\/marekkuchcinski.pl\/#\/schema\/logo\/image\/\",\"url\":\"https:\/\/marekkuchcinski.pl\/wp-content\/uploads\/2022\/09\/Marek.jpg\",\"contentUrl\":\"https:\/\/marekkuchcinski.pl\/wp-content\/uploads\/2022\/09\/Marek.jpg\",\"width\":1600,\"height\":971,\"caption\":\"Marek Kuchci\u0144ski\"},\"image\":{\"@id\":\"https:\/\/marekkuchcinski.pl\/#\/schema\/logo\/image\/\"}},{\"@type\":\"Person\",\"@id\":\"https:\/\/marekkuchcinski.pl\/#\/schema\/person\/0346d7f21c9bed5cf4eed3231e9f59fa\",\"name\":\"Andrzej Paniw\",\"image\":{\"@type\":\"ImageObject\",\"inLanguage\":\"en-GB\",\"@id\":\"https:\/\/marekkuchcinski.pl\/#\/schema\/person\/image\/\",\"url\":\"https:\/\/secure.gravatar.com\/avatar\/b68f7f24be3be59e4e54b34ffa26bdeb?s=96&d=mm&r=g\",\"contentUrl\":\"https:\/\/secure.gravatar.com\/avatar\/b68f7f24be3be59e4e54b34ffa26bdeb?s=96&d=mm&r=g\",\"caption\":\"Andrzej Paniw\"},\"url\":\"https:\/\/marekkuchcinski.pl\/en\/author\/andrzej-paniw\/\"}]}<\/script>\n<!-- \/ Yoast SEO plugin. -->","yoast_head_json":{"title":"Dzi\u015b mija 11. rocznica pami\u0119tnego wyst\u0105pienia Lecha Kaczy\u0144skiego na wiecu w Tbilisi &#8211; Marek Kuchci\u0144ski","robots":{"index":"index","follow":"follow","max-snippet":"max-snippet:-1","max-image-preview":"max-image-preview:large","max-video-preview":"max-video-preview:-1"},"canonical":"https:\/\/marekkuchcinski.pl\/en\/bez-kategorii\/dzis-mija-11-rocznica-pamietnego-wystapienia-lecha-kaczynskiego-na-wiecu-w-tbilisi\/","og_locale":"en_GB","og_type":"article","og_title":"Dzi\u015b mija 11. rocznica pami\u0119tnego wyst\u0105pienia Lecha Kaczy\u0144skiego na wiecu w Tbilisi &#8211; Marek Kuchci\u0144ski","og_description":"Dzi\u015b mija 11. rocznica pami\u0119tnego wyst\u0105pienia Lecha Kaczy\u0144skiego na wiecu w Tbilisi. W pi\u0105tym, decyduj\u0105cym dniu rosyjsko-gruzi\u0144skiej wojny, kiedy to rosyjskie oddzia\u0142y zaj\u0119\u0142y miejscowo\u015bci Karaleti i Gori i posuwa\u0142y si\u0119 w kierunku Tbilisi, Lech Kaczy\u0144ski osobi\u015bcie przyby\u0142 do Gruzji, zabieraj\u0105c ze sob\u0105 przyw\u00f3dc\u00f3w: Ukrainy, Litwy, \u0141otwy i Estonii. Podczas przem\u00f3wienia przed budynkiem parlamentu do zgromadzonych [&hellip;]","og_url":"https:\/\/marekkuchcinski.pl\/en\/bez-kategorii\/dzis-mija-11-rocznica-pamietnego-wystapienia-lecha-kaczynskiego-na-wiecu-w-tbilisi\/","og_site_name":"Marek Kuchci\u0144ski","article_published_time":"2019-08-12T14:14:57+00:00","article_modified_time":"2019-08-12T21:15:56+00:00","og_image":[{"width":1600,"height":971,"url":"https:\/\/marekkuchcinski.pl\/wp-content\/uploads\/2022\/09\/Marek.jpg","type":"image\/jpeg"}],"author":"Andrzej Paniw","twitter_card":"summary_large_image","twitter_misc":{"Written by":"Andrzej Paniw","Estimated reading time":"1 minute"},"schema":{"@context":"https:\/\/schema.org","@graph":[{"@type":"Article","@id":"https:\/\/marekkuchcinski.pl\/bez-kategorii\/dzis-mija-11-rocznica-pamietnego-wystapienia-lecha-kaczynskiego-na-wiecu-w-tbilisi\/#article","isPartOf":{"@id":"https:\/\/marekkuchcinski.pl\/bez-kategorii\/dzis-mija-11-rocznica-pamietnego-wystapienia-lecha-kaczynskiego-na-wiecu-w-tbilisi\/"},"author":{"name":"Andrzej Paniw","@id":"https:\/\/marekkuchcinski.pl\/#\/schema\/person\/0346d7f21c9bed5cf4eed3231e9f59fa"},"headline":"Dzi\u015b mija 11. rocznica pami\u0119tnego wyst\u0105pienia Lecha Kaczy\u0144skiego na wiecu w Tbilisi","datePublished":"2019-08-12T14:14:57+00:00","dateModified":"2019-08-12T21:15:56+00:00","mainEntityOfPage":{"@id":"https:\/\/marekkuchcinski.pl\/bez-kategorii\/dzis-mija-11-rocznica-pamietnego-wystapienia-lecha-kaczynskiego-na-wiecu-w-tbilisi\/"},"wordCount":276,"commentCount":0,"publisher":{"@id":"https:\/\/marekkuchcinski.pl\/#organization"},"articleSection":["Bez kategorii"],"inLanguage":"en-GB","potentialAction":[{"@type":"CommentAction","name":"Comment","target":["https:\/\/marekkuchcinski.pl\/bez-kategorii\/dzis-mija-11-rocznica-pamietnego-wystapienia-lecha-kaczynskiego-na-wiecu-w-tbilisi\/#respond"]}]},{"@type":"WebPage","@id":"https:\/\/marekkuchcinski.pl\/bez-kategorii\/dzis-mija-11-rocznica-pamietnego-wystapienia-lecha-kaczynskiego-na-wiecu-w-tbilisi\/","url":"https:\/\/marekkuchcinski.pl\/bez-kategorii\/dzis-mija-11-rocznica-pamietnego-wystapienia-lecha-kaczynskiego-na-wiecu-w-tbilisi\/","name":"Dzi\u015b mija 11. rocznica pami\u0119tnego wyst\u0105pienia Lecha Kaczy\u0144skiego na wiecu w Tbilisi &#8211; Marek Kuchci\u0144ski","isPartOf":{"@id":"https:\/\/marekkuchcinski.pl\/#website"},"datePublished":"2019-08-12T14:14:57+00:00","dateModified":"2019-08-12T21:15:56+00:00","breadcrumb":{"@id":"https:\/\/marekkuchcinski.pl\/bez-kategorii\/dzis-mija-11-rocznica-pamietnego-wystapienia-lecha-kaczynskiego-na-wiecu-w-tbilisi\/#breadcrumb"},"inLanguage":"en-GB","potentialAction":[{"@type":"ReadAction","target":["https:\/\/marekkuchcinski.pl\/bez-kategorii\/dzis-mija-11-rocznica-pamietnego-wystapienia-lecha-kaczynskiego-na-wiecu-w-tbilisi\/"]}]},{"@type":"BreadcrumbList","@id":"https:\/\/marekkuchcinski.pl\/bez-kategorii\/dzis-mija-11-rocznica-pamietnego-wystapienia-lecha-kaczynskiego-na-wiecu-w-tbilisi\/#breadcrumb","itemListElement":[{"@type":"ListItem","position":1,"name":"Strona g\u0142\u00f3wna","item":"https:\/\/marekkuchcinski.pl\/"},{"@type":"ListItem","position":2,"name":"Dzi\u015b mija 11. rocznica pami\u0119tnego wyst\u0105pienia Lecha Kaczy\u0144skiego na wiecu w Tbilisi"}]},{"@type":"WebSite","@id":"https:\/\/marekkuchcinski.pl\/#website","url":"https:\/\/marekkuchcinski.pl\/","name":"Marek Kuchci\u0144ski","description":"Pose\u0142 na sejm RP &ndash; okr\u0119g nr 22","publisher":{"@id":"https:\/\/marekkuchcinski.pl\/#organization"},"potentialAction":[{"@type":"SearchAction","target":{"@type":"EntryPoint","urlTemplate":"https:\/\/marekkuchcinski.pl\/?s={search_term_string}"},"query-input":{"@type":"PropertyValueSpecification","valueRequired":true,"valueName":"search_term_string"}}],"inLanguage":"en-GB"},{"@type":"Organization","@id":"https:\/\/marekkuchcinski.pl\/#organization","name":"Marek Kuchci\u0144ski","url":"https:\/\/marekkuchcinski.pl\/","logo":{"@type":"ImageObject","inLanguage":"en-GB","@id":"https:\/\/marekkuchcinski.pl\/#\/schema\/logo\/image\/","url":"https:\/\/marekkuchcinski.pl\/wp-content\/uploads\/2022\/09\/Marek.jpg","contentUrl":"https:\/\/marekkuchcinski.pl\/wp-content\/uploads\/2022\/09\/Marek.jpg","width":1600,"height":971,"caption":"Marek Kuchci\u0144ski"},"image":{"@id":"https:\/\/marekkuchcinski.pl\/#\/schema\/logo\/image\/"}},{"@type":"Person","@id":"https:\/\/marekkuchcinski.pl\/#\/schema\/person\/0346d7f21c9bed5cf4eed3231e9f59fa","name":"Andrzej Paniw","image":{"@type":"ImageObject","inLanguage":"en-GB","@id":"https:\/\/marekkuchcinski.pl\/#\/schema\/person\/image\/","url":"https:\/\/secure.gravatar.com\/avatar\/b68f7f24be3be59e4e54b34ffa26bdeb?s=96&d=mm&r=g","contentUrl":"https:\/\/secure.gravatar.com\/avatar\/b68f7f24be3be59e4e54b34ffa26bdeb?s=96&d=mm&r=g","caption":"Andrzej Paniw"},"url":"https:\/\/marekkuchcinski.pl\/en\/author\/andrzej-paniw\/"}]}},"_links":{"self":[{"href":"https:\/\/marekkuchcinski.pl\/en\/wp-json\/wp\/v2\/posts\/17421","targetHints":{"allow":["GET"]}}],"collection":[{"href":"https:\/\/marekkuchcinski.pl\/en\/wp-json\/wp\/v2\/posts"}],"about":[{"href":"https:\/\/marekkuchcinski.pl\/en\/wp-json\/wp\/v2\/types\/post"}],"author":[{"embeddable":true,"href":"https:\/\/marekkuchcinski.pl\/en\/wp-json\/wp\/v2\/users\/15"}],"replies":[{"embeddable":true,"href":"https:\/\/marekkuchcinski.pl\/en\/wp-json\/wp\/v2\/comments?post=17421"}],"version-history":[{"count":6,"href":"https:\/\/marekkuchcinski.pl\/en\/wp-json\/wp\/v2\/posts\/17421\/revisions"}],"predecessor-version":[{"id":17432,"href":"https:\/\/marekkuchcinski.pl\/en\/wp-json\/wp\/v2\/posts\/17421\/revisions\/17432"}],"wp:attachment":[{"href":"https:\/\/marekkuchcinski.pl\/en\/wp-json\/wp\/v2\/media?parent=17421"}],"wp:term":[{"taxonomy":"category","embeddable":true,"href":"https:\/\/marekkuchcinski.pl\/en\/wp-json\/wp\/v2\/categories?post=17421"},{"taxonomy":"post_tag","embeddable":true,"href":"https:\/\/marekkuchcinski.pl\/en\/wp-json\/wp\/v2\/tags?post=17421"}],"curies":[{"name":"wp","href":"https:\/\/api.w.org\/{rel}","templated":true}]}}