{"id":17358,"date":"2019-08-01T18:29:57","date_gmt":"2019-08-01T16:29:57","guid":{"rendered":"https:\/\/marekkuchcinski.pl\/?p=17358"},"modified":"2019-08-01T18:29:58","modified_gmt":"2019-08-01T16:29:58","slug":"75-rocznica-powstania-warszawskiego-czesc-i-wieczna-pamiec-poleglym-obroncom-warszawy","status":"publish","type":"post","link":"https:\/\/marekkuchcinski.pl\/en\/wydarzenia\/75-rocznica-powstania-warszawskiego-czesc-i-wieczna-pamiec-poleglym-obroncom-warszawy\/","title":{"rendered":"75. rocznica Powstania Warszawskiego. Cze\u015b\u0107 i wieczna pami\u0119\u0107 poleg\u0142ym obro\u0144com Warszawy!"},"content":{"rendered":"<p class=\"wp-block-paragraph\"><strong>List marsza\u0142ka Sejmu Marka Kuchci\u0144skiego skierowany do Uczestnik\u00f3w i Organizator\u00f3w uroczysto\u015bci 75. rocznicy wybuchu Powstania Warszawskiego. Warszawa, 1&nbsp;sierpnia 2019 r.  &nbsp; <\/strong><\/p>\n\n\n\n<p class=\"wp-block-paragraph\"><em>Szanowni Kombatanci,\nSzanowni Pa\u0144stwo, <\/em><\/p>\n\n\n\n<p class=\"wp-block-paragraph\"><em>siedemdziesi\u0105t pi\u0119\u0107 lat temu Warszawa&nbsp;zbrojnie wyst\u0105pi\u0142a w imieniu ca\u0142ego narodu, upominaj\u0105c si\u0119 o wolno\u015b\u0107 i prawo do samostanowienia. Powstanie Warszawskie nie by\u0142o aktem rozpaczy, lecz zbrojnym czynem wpisuj\u0105cym si\u0119 w narodowowyzwole\u0144cz\u0105 tradycj\u0119. By\u0142o wyrazem determinacji pokolenia, kt\u00f3re do\u015bwiadczy\u0142o zaborczej niewoli, a tak\u017ce \u015bwiadectwem najwy\u017cszej odwagi rocznik\u00f3w urodzonych w II Rzeczypospolitej i wychowanych w duchu wolno\u015bciowych warto\u015bci. Ta m\u0142odo\u015b\u0107 i pi\u0119kne plany zosta\u0142y zdeptane we wrze\u015bniu 1939 roku, gdy wojska niemieckie i sowieckie zaw\u0142adn\u0119\u0142y polsk\u0105 ziemi\u0105. Okupanci nie\u015bli \u015bmier\u0107 i&nbsp;zniszczenie, usi\u0142owali r\u00f3wnie\u017c zniweczy\u0107 niepodleg\u0142o\u015bciowe idea\u0142y. Jednak te zapisane g\u0142\u0119boko w sercach i umys\u0142ach Polak\u00f3w sta\u0142y si\u0119 impulsem do rozpocz\u0119cia czynnego oporu.<\/em><\/p>\n\n\n\n<p class=\"wp-block-paragraph\"><em>\u00d3wczesna sytuacja militarno-polityczna wymaga\u0142a od w\u0142adz Polskiego Pa\u0144stwa Podziemnego trudnych decyzji, dokonania dramatycznych wybor\u00f3w. I cho\u0107 nie nadesz\u0142o oczekiwane wsparcie aliant\u00f3w, a Armia Czerwona patrzy\u0142a, jak wykrwawia si\u0119 walcz\u0105ca Warszawa, to Powsta\u0144cy dali \u015bwiatu czytelny sygna\u0142, \u017ce Polacy gotowi s\u0105 do najwi\u0119kszych po\u015bwi\u0119ce\u0144 w imi\u0119 niezale\u017cnej Ojczyzny. <\/em><\/p>\n\n\n\n<p class=\"wp-block-paragraph\"><em>Przez 63 dni\n\u017co\u0142nierze Armii Krajowej prowadzili heroiczn\u0105 i osamotnion\u0105 walk\u0119 o&nbsp;wyzwolenie\nspod niemieckiej okupacji oraz nieuchronnej sowieckiej dominacji. By\u0142y to dni\nchwa\u0142y i wolno\u015bci, niezwyk\u0142ego m\u0119stwa i oddania Ojczy\u017anie. By\u0142y to tak\u017ce dni\nrozpaczy, hitlerowskiego okrucie\u0144stwa i niewyobra\u017calnych ludzkich dramat\u00f3w. <\/em><em>Za odwag\u0119 i determinacj\u0119 powsta\u0144cy i mieszka\u0144cy\nstolicy zap\u0142acili ogromn\u0105 cen\u0119. Hitlerowcy chcieli zr\u00f3wna\u0107 Warszaw\u0119 z ziemi\u0105, by stanowi\u0142a zastraszaj\u0105cy przyk\u0142ad dla ca\u0142ego\n\u015bwiata.<\/em><\/p>\n\n\n\n<p class=\"wp-block-paragraph\"><em>W tym szczeg\u00f3lnym rocznicowym dniu chylimy czo\u0142a przed bohaterami tamtych sze\u015b\u0107dziesi\u0119ciu trzech krwawych dni \u2013 przed \u017co\u0142nierzami Powstania, ofiarno\u015bci\u0105 ludno\u015bci cywilnej, a tak\u017ce przed tymi, kt\u00f3rzy podj\u0119li pr\u00f3b\u0119 niesienia pomocy walcz\u0105cej stolicy.<\/em> <em>Pami\u0119tamy i b\u0119dziemy pami\u0119ta\u0107, \u017ce nasz\u0105 wolno\u015b\u0107 zawdzi\u0119czamy niez\u0142omno\u015bci i m\u0119stwu Powsta\u0144c\u00f3w. <\/em><\/p>\n\n\n\n<p class=\"wp-block-paragraph\"><em>Cze\u015b\u0107 i wieczna pami\u0119\u0107 poleg\u0142ym obro\u0144com Warszawy! Cze\u015b\u0107 i chwa\u0142a obecnym w\u015br\u00f3d nas bohaterom Powstania!&nbsp;&nbsp;&nbsp;&nbsp;&nbsp;&nbsp;&nbsp;&nbsp;&nbsp;&nbsp;&nbsp;&nbsp;&nbsp;&nbsp;&nbsp;&nbsp;&nbsp;&nbsp;&nbsp;&nbsp;&nbsp;&nbsp;&nbsp;&nbsp;&nbsp;&nbsp;&nbsp;&nbsp;&nbsp;&nbsp;&nbsp;&nbsp;&nbsp;&nbsp;&nbsp;&nbsp;&nbsp;&nbsp;&nbsp;&nbsp;&nbsp;&nbsp;&nbsp;&nbsp;&nbsp;&nbsp;&nbsp;&nbsp;&nbsp;&nbsp;&nbsp;&nbsp;&nbsp;&nbsp;&nbsp;&nbsp;&nbsp;&nbsp;&nbsp;&nbsp;&nbsp;&nbsp;&nbsp;&nbsp;&nbsp;&nbsp;&nbsp;&nbsp;&nbsp;&nbsp;&nbsp;&nbsp;&nbsp;&nbsp;&nbsp;&nbsp;&nbsp;&nbsp;&nbsp;&nbsp;&nbsp;&nbsp;&nbsp;&nbsp;&nbsp;&nbsp;&nbsp;&nbsp;&nbsp;&nbsp;&nbsp;&nbsp;&nbsp;&nbsp;&nbsp;&nbsp;&nbsp;&nbsp;&nbsp;&nbsp;&nbsp;&nbsp;&nbsp;&nbsp;&nbsp;<\/em><\/p>\n\n\n\n<p class=\"wp-block-paragraph\"><em> Marek Kuchci\u0144ski <\/em><\/p>\n\n\n\n<p class=\"wp-block-paragraph\">31 sierpnia Sejm podj\u0105\u0142 uchwa\u0142\u0119 ws. upami\u0119tnienia 75. rocznicy wybuchu Powstania Warszawskiego.<\/p>\n\n\n\n<figure class=\"wp-block-image\"><img fetchpriority=\"high\" decoding=\"async\" width=\"1024\" height=\"683\" src=\"https:\/\/marekkuchcinski.pl\/wp-content\/uploads\/2019\/08\/85pw-1024x683.jpg\" alt=\"\" class=\"wp-image-17366\" srcset=\"https:\/\/marekkuchcinski.pl\/wp-content\/uploads\/2019\/08\/85pw-1024x683.jpg 1024w, https:\/\/marekkuchcinski.pl\/wp-content\/uploads\/2019\/08\/85pw-300x200.jpg 300w, https:\/\/marekkuchcinski.pl\/wp-content\/uploads\/2019\/08\/85pw-768x512.jpg 768w, https:\/\/marekkuchcinski.pl\/wp-content\/uploads\/2019\/08\/85pw.jpg 2048w\" sizes=\"(max-width: 1024px) 100vw, 1024px\" \/><\/figure>","protected":false},"excerpt":{"rendered":"<p>List marsza\u0142ka Sejmu Marka Kuchci\u0144skiego skierowany do Uczestnik\u00f3w i Organizator\u00f3w uroczysto\u015bci 75. rocznicy wybuchu Powstania Warszawskiego. Warszawa, 1&nbsp;sierpnia 2019 r. &nbsp; Szanowni Kombatanci, Szanowni Pa\u0144stwo, siedemdziesi\u0105t pi\u0119\u0107 lat temu Warszawa&nbsp;zbrojnie wyst\u0105pi\u0142a w imieniu ca\u0142ego narodu, upominaj\u0105c si\u0119 o wolno\u015b\u0107 i prawo do samostanowienia. Powstanie Warszawskie nie by\u0142o aktem rozpaczy, lecz zbrojnym czynem wpisuj\u0105cym si\u0119 w [&hellip;]<\/p>\n","protected":false},"author":1,"featured_media":17366,"comment_status":"open","ping_status":"open","sticky":false,"template":"","format":"standard","meta":{"ngg_post_thumbnail":0,"footnotes":""},"categories":[3],"tags":[],"class_list":["post-17358","post","type-post","status-publish","format-standard","has-post-thumbnail","hentry","category-wydarzenia"],"yoast_head":"<!-- This site is optimized with the Yoast SEO plugin v28.4 - https:\/\/yoast.com\/product\/yoast-seo-wordpress\/ -->\n<title>75. rocznica Powstania Warszawskiego. Cze\u015b\u0107 i wieczna pami\u0119\u0107 poleg\u0142ym obro\u0144com Warszawy! &#8211; Marek Kuchci\u0144ski<\/title>\n<meta name=\"robots\" content=\"index, follow, max-snippet:-1, max-image-preview:large, max-video-preview:-1\" \/>\n<link rel=\"canonical\" href=\"https:\/\/marekkuchcinski.pl\/en\/wydarzenia\/75-rocznica-powstania-warszawskiego-czesc-i-wieczna-pamiec-poleglym-obroncom-warszawy\/\" \/>\n<meta property=\"og:locale\" content=\"en_GB\" \/>\n<meta property=\"og:type\" content=\"article\" \/>\n<meta property=\"og:title\" content=\"75. rocznica Powstania Warszawskiego. Cze\u015b\u0107 i wieczna pami\u0119\u0107 poleg\u0142ym obro\u0144com Warszawy! &#8211; Marek Kuchci\u0144ski\" \/>\n<meta property=\"og:description\" content=\"List marsza\u0142ka Sejmu Marka Kuchci\u0144skiego skierowany do Uczestnik\u00f3w i Organizator\u00f3w uroczysto\u015bci 75. rocznicy wybuchu Powstania Warszawskiego. Warszawa, 1&nbsp;sierpnia 2019 r. &nbsp; Szanowni Kombatanci, Szanowni Pa\u0144stwo, siedemdziesi\u0105t pi\u0119\u0107 lat temu Warszawa&nbsp;zbrojnie wyst\u0105pi\u0142a w imieniu ca\u0142ego narodu, upominaj\u0105c si\u0119 o wolno\u015b\u0107 i prawo do samostanowienia. Powstanie Warszawskie nie by\u0142o aktem rozpaczy, lecz zbrojnym czynem wpisuj\u0105cym si\u0119 w [&hellip;]\" \/>\n<meta property=\"og:url\" content=\"https:\/\/marekkuchcinski.pl\/en\/wydarzenia\/75-rocznica-powstania-warszawskiego-czesc-i-wieczna-pamiec-poleglym-obroncom-warszawy\/\" \/>\n<meta property=\"og:site_name\" content=\"Marek Kuchci\u0144ski\" \/>\n<meta property=\"article:published_time\" content=\"2019-08-01T16:29:57+00:00\" \/>\n<meta property=\"article:modified_time\" content=\"2019-08-01T16:29:58+00:00\" \/>\n<meta property=\"og:image\" content=\"https:\/\/marekkuchcinski.pl\/wp-content\/uploads\/2019\/08\/85pw.jpg\" \/>\n\t<meta property=\"og:image:width\" content=\"2048\" \/>\n\t<meta property=\"og:image:height\" content=\"1365\" \/>\n\t<meta property=\"og:image:type\" content=\"image\/jpeg\" \/>\n<meta name=\"author\" content=\"admin\" \/>\n<meta name=\"twitter:card\" content=\"summary_large_image\" \/>\n<meta name=\"twitter:label1\" content=\"Written by\" \/>\n\t<meta name=\"twitter:data1\" content=\"admin\" \/>\n\t<meta name=\"twitter:label2\" content=\"Est. reading time\" \/>\n\t<meta name=\"twitter:data2\" content=\"3 minutes\" \/>\n<script type=\"application\/ld+json\" class=\"yoast-schema-graph\">{\"@context\":\"https:\\\/\\\/schema.org\",\"@graph\":[{\"@type\":\"Article\",\"@id\":\"https:\\\/\\\/marekkuchcinski.pl\\\/wydarzenia\\\/75-rocznica-powstania-warszawskiego-czesc-i-wieczna-pamiec-poleglym-obroncom-warszawy\\\/#article\",\"isPartOf\":{\"@id\":\"https:\\\/\\\/marekkuchcinski.pl\\\/wydarzenia\\\/75-rocznica-powstania-warszawskiego-czesc-i-wieczna-pamiec-poleglym-obroncom-warszawy\\\/\"},\"author\":{\"name\":\"admin\",\"@id\":\"https:\\\/\\\/marekkuchcinski.pl\\\/#\\\/schema\\\/person\\\/3df5731f1d989baf25555b5a344773d5\"},\"headline\":\"75. rocznica Powstania Warszawskiego. Cze\u015b\u0107 i wieczna pami\u0119\u0107 poleg\u0142ym obro\u0144com Warszawy!\",\"datePublished\":\"2019-08-01T16:29:57+00:00\",\"dateModified\":\"2019-08-01T16:29:58+00:00\",\"mainEntityOfPage\":{\"@id\":\"https:\\\/\\\/marekkuchcinski.pl\\\/wydarzenia\\\/75-rocznica-powstania-warszawskiego-czesc-i-wieczna-pamiec-poleglym-obroncom-warszawy\\\/\"},\"wordCount\":528,\"commentCount\":0,\"publisher\":{\"@id\":\"https:\\\/\\\/marekkuchcinski.pl\\\/#organization\"},\"image\":{\"@id\":\"https:\\\/\\\/marekkuchcinski.pl\\\/wydarzenia\\\/75-rocznica-powstania-warszawskiego-czesc-i-wieczna-pamiec-poleglym-obroncom-warszawy\\\/#primaryimage\"},\"thumbnailUrl\":\"https:\\\/\\\/marekkuchcinski.pl\\\/wp-content\\\/uploads\\\/2019\\\/08\\\/85pw.jpg\",\"articleSection\":[\"Wydarzenia\"],\"inLanguage\":\"en-GB\",\"potentialAction\":[{\"@type\":\"CommentAction\",\"name\":\"Comment\",\"target\":[\"https:\\\/\\\/marekkuchcinski.pl\\\/wydarzenia\\\/75-rocznica-powstania-warszawskiego-czesc-i-wieczna-pamiec-poleglym-obroncom-warszawy\\\/#respond\"]}]},{\"@type\":\"WebPage\",\"@id\":\"https:\\\/\\\/marekkuchcinski.pl\\\/wydarzenia\\\/75-rocznica-powstania-warszawskiego-czesc-i-wieczna-pamiec-poleglym-obroncom-warszawy\\\/\",\"url\":\"https:\\\/\\\/marekkuchcinski.pl\\\/wydarzenia\\\/75-rocznica-powstania-warszawskiego-czesc-i-wieczna-pamiec-poleglym-obroncom-warszawy\\\/\",\"name\":\"75. rocznica Powstania Warszawskiego. Cze\u015b\u0107 i wieczna pami\u0119\u0107 poleg\u0142ym obro\u0144com Warszawy! &#8211; Marek Kuchci\u0144ski\",\"isPartOf\":{\"@id\":\"https:\\\/\\\/marekkuchcinski.pl\\\/#website\"},\"primaryImageOfPage\":{\"@id\":\"https:\\\/\\\/marekkuchcinski.pl\\\/wydarzenia\\\/75-rocznica-powstania-warszawskiego-czesc-i-wieczna-pamiec-poleglym-obroncom-warszawy\\\/#primaryimage\"},\"image\":{\"@id\":\"https:\\\/\\\/marekkuchcinski.pl\\\/wydarzenia\\\/75-rocznica-powstania-warszawskiego-czesc-i-wieczna-pamiec-poleglym-obroncom-warszawy\\\/#primaryimage\"},\"thumbnailUrl\":\"https:\\\/\\\/marekkuchcinski.pl\\\/wp-content\\\/uploads\\\/2019\\\/08\\\/85pw.jpg\",\"datePublished\":\"2019-08-01T16:29:57+00:00\",\"dateModified\":\"2019-08-01T16:29:58+00:00\",\"breadcrumb\":{\"@id\":\"https:\\\/\\\/marekkuchcinski.pl\\\/wydarzenia\\\/75-rocznica-powstania-warszawskiego-czesc-i-wieczna-pamiec-poleglym-obroncom-warszawy\\\/#breadcrumb\"},\"inLanguage\":\"en-GB\",\"potentialAction\":[{\"@type\":\"ReadAction\",\"target\":[\"https:\\\/\\\/marekkuchcinski.pl\\\/wydarzenia\\\/75-rocznica-powstania-warszawskiego-czesc-i-wieczna-pamiec-poleglym-obroncom-warszawy\\\/\"]}]},{\"@type\":\"ImageObject\",\"inLanguage\":\"en-GB\",\"@id\":\"https:\\\/\\\/marekkuchcinski.pl\\\/wydarzenia\\\/75-rocznica-powstania-warszawskiego-czesc-i-wieczna-pamiec-poleglym-obroncom-warszawy\\\/#primaryimage\",\"url\":\"https:\\\/\\\/marekkuchcinski.pl\\\/wp-content\\\/uploads\\\/2019\\\/08\\\/85pw.jpg\",\"contentUrl\":\"https:\\\/\\\/marekkuchcinski.pl\\\/wp-content\\\/uploads\\\/2019\\\/08\\\/85pw.jpg\",\"width\":2048,\"height\":1365},{\"@type\":\"BreadcrumbList\",\"@id\":\"https:\\\/\\\/marekkuchcinski.pl\\\/wydarzenia\\\/75-rocznica-powstania-warszawskiego-czesc-i-wieczna-pamiec-poleglym-obroncom-warszawy\\\/#breadcrumb\",\"itemListElement\":[{\"@type\":\"ListItem\",\"position\":1,\"name\":\"Strona g\u0142\u00f3wna\",\"item\":\"https:\\\/\\\/marekkuchcinski.pl\\\/\"},{\"@type\":\"ListItem\",\"position\":2,\"name\":\"75. rocznica Powstania Warszawskiego. Cze\u015b\u0107 i wieczna pami\u0119\u0107 poleg\u0142ym obro\u0144com Warszawy!\"}]},{\"@type\":\"WebSite\",\"@id\":\"https:\\\/\\\/marekkuchcinski.pl\\\/#website\",\"url\":\"https:\\\/\\\/marekkuchcinski.pl\\\/\",\"name\":\"Marek Kuchci\u0144ski\",\"description\":\"Marek Kuchci\u0144ski \",\"publisher\":{\"@id\":\"https:\\\/\\\/marekkuchcinski.pl\\\/#organization\"},\"potentialAction\":[{\"@type\":\"SearchAction\",\"target\":{\"@type\":\"EntryPoint\",\"urlTemplate\":\"https:\\\/\\\/marekkuchcinski.pl\\\/?s={search_term_string}\"},\"query-input\":{\"@type\":\"PropertyValueSpecification\",\"valueRequired\":true,\"valueName\":\"search_term_string\"}}],\"inLanguage\":\"en-GB\"},{\"@type\":\"Organization\",\"@id\":\"https:\\\/\\\/marekkuchcinski.pl\\\/#organization\",\"name\":\"Marek Kuchci\u0144ski\",\"url\":\"https:\\\/\\\/marekkuchcinski.pl\\\/\",\"logo\":{\"@type\":\"ImageObject\",\"inLanguage\":\"en-GB\",\"@id\":\"https:\\\/\\\/marekkuchcinski.pl\\\/#\\\/schema\\\/logo\\\/image\\\/\",\"url\":\"https:\\\/\\\/marekkuchcinski.pl\\\/wp-content\\\/uploads\\\/2022\\\/09\\\/Marek.jpg\",\"contentUrl\":\"https:\\\/\\\/marekkuchcinski.pl\\\/wp-content\\\/uploads\\\/2022\\\/09\\\/Marek.jpg\",\"width\":1600,\"height\":971,\"caption\":\"Marek Kuchci\u0144ski\"},\"image\":{\"@id\":\"https:\\\/\\\/marekkuchcinski.pl\\\/#\\\/schema\\\/logo\\\/image\\\/\"}},{\"@type\":\"Person\",\"@id\":\"https:\\\/\\\/marekkuchcinski.pl\\\/#\\\/schema\\\/person\\\/3df5731f1d989baf25555b5a344773d5\",\"name\":\"admin\",\"image\":{\"@type\":\"ImageObject\",\"inLanguage\":\"en-GB\",\"@id\":\"https:\\\/\\\/secure.gravatar.com\\\/avatar\\\/8fdd2bf34b2a04a8cfb92bbed2c60d558452e5d61a8064e677da4778b9cf4898?s=96&d=mm&r=g\",\"url\":\"https:\\\/\\\/secure.gravatar.com\\\/avatar\\\/8fdd2bf34b2a04a8cfb92bbed2c60d558452e5d61a8064e677da4778b9cf4898?s=96&d=mm&r=g\",\"contentUrl\":\"https:\\\/\\\/secure.gravatar.com\\\/avatar\\\/8fdd2bf34b2a04a8cfb92bbed2c60d558452e5d61a8064e677da4778b9cf4898?s=96&d=mm&r=g\",\"caption\":\"admin\"},\"sameAs\":[\"https:\\\/\\\/marekkuchcinski.pl\"],\"url\":\"https:\\\/\\\/marekkuchcinski.pl\\\/en\\\/author\\\/admin\\\/\"}]}<\/script>\n<!-- \/ Yoast SEO plugin. -->","yoast_head_json":{"title":"75. rocznica Powstania Warszawskiego. Cze\u015b\u0107 i wieczna pami\u0119\u0107 poleg\u0142ym obro\u0144com Warszawy! &#8211; Marek Kuchci\u0144ski","robots":{"index":"index","follow":"follow","max-snippet":"max-snippet:-1","max-image-preview":"max-image-preview:large","max-video-preview":"max-video-preview:-1"},"canonical":"https:\/\/marekkuchcinski.pl\/en\/wydarzenia\/75-rocznica-powstania-warszawskiego-czesc-i-wieczna-pamiec-poleglym-obroncom-warszawy\/","og_locale":"en_GB","og_type":"article","og_title":"75. rocznica Powstania Warszawskiego. Cze\u015b\u0107 i wieczna pami\u0119\u0107 poleg\u0142ym obro\u0144com Warszawy! &#8211; Marek Kuchci\u0144ski","og_description":"List marsza\u0142ka Sejmu Marka Kuchci\u0144skiego skierowany do Uczestnik\u00f3w i Organizator\u00f3w uroczysto\u015bci 75. rocznicy wybuchu Powstania Warszawskiego. Warszawa, 1&nbsp;sierpnia 2019 r. &nbsp; Szanowni Kombatanci, Szanowni Pa\u0144stwo, siedemdziesi\u0105t pi\u0119\u0107 lat temu Warszawa&nbsp;zbrojnie wyst\u0105pi\u0142a w imieniu ca\u0142ego narodu, upominaj\u0105c si\u0119 o wolno\u015b\u0107 i prawo do samostanowienia. Powstanie Warszawskie nie by\u0142o aktem rozpaczy, lecz zbrojnym czynem wpisuj\u0105cym si\u0119 w [&hellip;]","og_url":"https:\/\/marekkuchcinski.pl\/en\/wydarzenia\/75-rocznica-powstania-warszawskiego-czesc-i-wieczna-pamiec-poleglym-obroncom-warszawy\/","og_site_name":"Marek Kuchci\u0144ski","article_published_time":"2019-08-01T16:29:57+00:00","article_modified_time":"2019-08-01T16:29:58+00:00","og_image":[{"width":2048,"height":1365,"url":"https:\/\/marekkuchcinski.pl\/wp-content\/uploads\/2019\/08\/85pw.jpg","type":"image\/jpeg"}],"author":"admin","twitter_card":"summary_large_image","twitter_misc":{"Written by":"admin","Est. reading time":"3 minutes"},"schema":{"@context":"https:\/\/schema.org","@graph":[{"@type":"Article","@id":"https:\/\/marekkuchcinski.pl\/wydarzenia\/75-rocznica-powstania-warszawskiego-czesc-i-wieczna-pamiec-poleglym-obroncom-warszawy\/#article","isPartOf":{"@id":"https:\/\/marekkuchcinski.pl\/wydarzenia\/75-rocznica-powstania-warszawskiego-czesc-i-wieczna-pamiec-poleglym-obroncom-warszawy\/"},"author":{"name":"admin","@id":"https:\/\/marekkuchcinski.pl\/#\/schema\/person\/3df5731f1d989baf25555b5a344773d5"},"headline":"75. rocznica Powstania Warszawskiego. Cze\u015b\u0107 i wieczna pami\u0119\u0107 poleg\u0142ym obro\u0144com Warszawy!","datePublished":"2019-08-01T16:29:57+00:00","dateModified":"2019-08-01T16:29:58+00:00","mainEntityOfPage":{"@id":"https:\/\/marekkuchcinski.pl\/wydarzenia\/75-rocznica-powstania-warszawskiego-czesc-i-wieczna-pamiec-poleglym-obroncom-warszawy\/"},"wordCount":528,"commentCount":0,"publisher":{"@id":"https:\/\/marekkuchcinski.pl\/#organization"},"image":{"@id":"https:\/\/marekkuchcinski.pl\/wydarzenia\/75-rocznica-powstania-warszawskiego-czesc-i-wieczna-pamiec-poleglym-obroncom-warszawy\/#primaryimage"},"thumbnailUrl":"https:\/\/marekkuchcinski.pl\/wp-content\/uploads\/2019\/08\/85pw.jpg","articleSection":["Wydarzenia"],"inLanguage":"en-GB","potentialAction":[{"@type":"CommentAction","name":"Comment","target":["https:\/\/marekkuchcinski.pl\/wydarzenia\/75-rocznica-powstania-warszawskiego-czesc-i-wieczna-pamiec-poleglym-obroncom-warszawy\/#respond"]}]},{"@type":"WebPage","@id":"https:\/\/marekkuchcinski.pl\/wydarzenia\/75-rocznica-powstania-warszawskiego-czesc-i-wieczna-pamiec-poleglym-obroncom-warszawy\/","url":"https:\/\/marekkuchcinski.pl\/wydarzenia\/75-rocznica-powstania-warszawskiego-czesc-i-wieczna-pamiec-poleglym-obroncom-warszawy\/","name":"75. rocznica Powstania Warszawskiego. Cze\u015b\u0107 i wieczna pami\u0119\u0107 poleg\u0142ym obro\u0144com Warszawy! &#8211; Marek Kuchci\u0144ski","isPartOf":{"@id":"https:\/\/marekkuchcinski.pl\/#website"},"primaryImageOfPage":{"@id":"https:\/\/marekkuchcinski.pl\/wydarzenia\/75-rocznica-powstania-warszawskiego-czesc-i-wieczna-pamiec-poleglym-obroncom-warszawy\/#primaryimage"},"image":{"@id":"https:\/\/marekkuchcinski.pl\/wydarzenia\/75-rocznica-powstania-warszawskiego-czesc-i-wieczna-pamiec-poleglym-obroncom-warszawy\/#primaryimage"},"thumbnailUrl":"https:\/\/marekkuchcinski.pl\/wp-content\/uploads\/2019\/08\/85pw.jpg","datePublished":"2019-08-01T16:29:57+00:00","dateModified":"2019-08-01T16:29:58+00:00","breadcrumb":{"@id":"https:\/\/marekkuchcinski.pl\/wydarzenia\/75-rocznica-powstania-warszawskiego-czesc-i-wieczna-pamiec-poleglym-obroncom-warszawy\/#breadcrumb"},"inLanguage":"en-GB","potentialAction":[{"@type":"ReadAction","target":["https:\/\/marekkuchcinski.pl\/wydarzenia\/75-rocznica-powstania-warszawskiego-czesc-i-wieczna-pamiec-poleglym-obroncom-warszawy\/"]}]},{"@type":"ImageObject","inLanguage":"en-GB","@id":"https:\/\/marekkuchcinski.pl\/wydarzenia\/75-rocznica-powstania-warszawskiego-czesc-i-wieczna-pamiec-poleglym-obroncom-warszawy\/#primaryimage","url":"https:\/\/marekkuchcinski.pl\/wp-content\/uploads\/2019\/08\/85pw.jpg","contentUrl":"https:\/\/marekkuchcinski.pl\/wp-content\/uploads\/2019\/08\/85pw.jpg","width":2048,"height":1365},{"@type":"BreadcrumbList","@id":"https:\/\/marekkuchcinski.pl\/wydarzenia\/75-rocznica-powstania-warszawskiego-czesc-i-wieczna-pamiec-poleglym-obroncom-warszawy\/#breadcrumb","itemListElement":[{"@type":"ListItem","position":1,"name":"Strona g\u0142\u00f3wna","item":"https:\/\/marekkuchcinski.pl\/"},{"@type":"ListItem","position":2,"name":"75. rocznica Powstania Warszawskiego. Cze\u015b\u0107 i wieczna pami\u0119\u0107 poleg\u0142ym obro\u0144com Warszawy!"}]},{"@type":"WebSite","@id":"https:\/\/marekkuchcinski.pl\/#website","url":"https:\/\/marekkuchcinski.pl\/","name":"Marek Kuchci\u0144ski","description":"Marek Kuchci\u0144ski","publisher":{"@id":"https:\/\/marekkuchcinski.pl\/#organization"},"potentialAction":[{"@type":"SearchAction","target":{"@type":"EntryPoint","urlTemplate":"https:\/\/marekkuchcinski.pl\/?s={search_term_string}"},"query-input":{"@type":"PropertyValueSpecification","valueRequired":true,"valueName":"search_term_string"}}],"inLanguage":"en-GB"},{"@type":"Organization","@id":"https:\/\/marekkuchcinski.pl\/#organization","name":"Marek Kuchci\u0144ski","url":"https:\/\/marekkuchcinski.pl\/","logo":{"@type":"ImageObject","inLanguage":"en-GB","@id":"https:\/\/marekkuchcinski.pl\/#\/schema\/logo\/image\/","url":"https:\/\/marekkuchcinski.pl\/wp-content\/uploads\/2022\/09\/Marek.jpg","contentUrl":"https:\/\/marekkuchcinski.pl\/wp-content\/uploads\/2022\/09\/Marek.jpg","width":1600,"height":971,"caption":"Marek Kuchci\u0144ski"},"image":{"@id":"https:\/\/marekkuchcinski.pl\/#\/schema\/logo\/image\/"}},{"@type":"Person","@id":"https:\/\/marekkuchcinski.pl\/#\/schema\/person\/3df5731f1d989baf25555b5a344773d5","name":"admin","image":{"@type":"ImageObject","inLanguage":"en-GB","@id":"https:\/\/secure.gravatar.com\/avatar\/8fdd2bf34b2a04a8cfb92bbed2c60d558452e5d61a8064e677da4778b9cf4898?s=96&d=mm&r=g","url":"https:\/\/secure.gravatar.com\/avatar\/8fdd2bf34b2a04a8cfb92bbed2c60d558452e5d61a8064e677da4778b9cf4898?s=96&d=mm&r=g","contentUrl":"https:\/\/secure.gravatar.com\/avatar\/8fdd2bf34b2a04a8cfb92bbed2c60d558452e5d61a8064e677da4778b9cf4898?s=96&d=mm&r=g","caption":"admin"},"sameAs":["https:\/\/marekkuchcinski.pl"],"url":"https:\/\/marekkuchcinski.pl\/en\/author\/admin\/"}]}},"_links":{"self":[{"href":"https:\/\/marekkuchcinski.pl\/en\/wp-json\/wp\/v2\/posts\/17358","targetHints":{"allow":["GET"]}}],"collection":[{"href":"https:\/\/marekkuchcinski.pl\/en\/wp-json\/wp\/v2\/posts"}],"about":[{"href":"https:\/\/marekkuchcinski.pl\/en\/wp-json\/wp\/v2\/types\/post"}],"author":[{"embeddable":true,"href":"https:\/\/marekkuchcinski.pl\/en\/wp-json\/wp\/v2\/users\/1"}],"replies":[{"embeddable":true,"href":"https:\/\/marekkuchcinski.pl\/en\/wp-json\/wp\/v2\/comments?post=17358"}],"version-history":[{"count":8,"href":"https:\/\/marekkuchcinski.pl\/en\/wp-json\/wp\/v2\/posts\/17358\/revisions"}],"predecessor-version":[{"id":17368,"href":"https:\/\/marekkuchcinski.pl\/en\/wp-json\/wp\/v2\/posts\/17358\/revisions\/17368"}],"wp:featuredmedia":[{"embeddable":true,"href":"https:\/\/marekkuchcinski.pl\/en\/wp-json\/wp\/v2\/media\/17366"}],"wp:attachment":[{"href":"https:\/\/marekkuchcinski.pl\/en\/wp-json\/wp\/v2\/media?parent=17358"}],"wp:term":[{"taxonomy":"category","embeddable":true,"href":"https:\/\/marekkuchcinski.pl\/en\/wp-json\/wp\/v2\/categories?post=17358"},{"taxonomy":"post_tag","embeddable":true,"href":"https:\/\/marekkuchcinski.pl\/en\/wp-json\/wp\/v2\/tags?post=17358"}],"curies":[{"name":"wp","href":"https:\/\/api.w.org\/{rel}","templated":true}]}}