{"id":16772,"date":"2019-07-06T11:19:38","date_gmt":"2019-07-06T09:19:38","guid":{"rendered":"https:\/\/marekkuchcinski.pl\/?p=16772"},"modified":"2019-07-30T11:13:44","modified_gmt":"2019-07-30T09:13:44","slug":"europa-karpat-europa-naszej-przyszlosci-konwencja-pis-w-katowicach","status":"publish","type":"post","link":"https:\/\/marekkuchcinski.pl\/en\/wydarzenia\/europa-karpat-europa-naszej-przyszlosci-konwencja-pis-w-katowicach\/","title":{"rendered":"Carpathian Europe - Europe of our future - the Law and Justice Party convention in Katowice"},"content":{"rendered":"<p><strong>Panel \"Carpathian Europe - Europe of our future\" - Law and Justice convention, Katowice 2019 <\/strong><\/p>\n\n\n\n<p><strong>Moderator: Marek Kuchci\u0144ski, <\/strong>Speaker of the Polish Sejm<\/p>\n\n\n\n<p><strong>Panelists:<\/strong><\/p>\n\n\n\n<p><strong>Ryszard Terlecki, <\/strong>Deputy Speaker of the Polish Parliament<\/p>\n\n\n\n<p><strong>Krzysztof Szczerski, <\/strong>Head of the Office of the President of the Republic of Poland<\/p>\n\n\n\n<p><strong>Adam Balazs,<\/strong>\nDirector of the Office of the Secretary for International Affairs of Fidesz <\/p>\n\n\n\n<p><strong>Professor Waldemar Paruch, <\/strong>Director of the Centre for Strategic Analysis of the Chancellery of the Prime Minister<\/p>\n\n\n\n<p><strong>Prof. Maciej Szymanowski, <\/strong>Director of the Wac\u0142aw Felczak Institute<\/p>\n\n\n\n<p><strong>Jerzy Kwiecinski, <\/strong>Minister for Investment and Development<\/p>\n\n\n\n<p><strong>Jan Hudacky,&nbsp; <\/strong>President of the Institute of Christian Social Thought in Bratislava<\/p>\n\n\n\n<p>Discussion on the past and future of the Europe of the\nCarpathians initiative in the pan-European context, with\nwith the participation of the creators, participants and allies of the project from Hungary and Slovakia. <\/p>\n\n\n\n<p><strong>Marek Kuchcinski: <\/strong><\/p>\n\n\n\n<p>\"Europe of the Carpathians - Europe of our future\" is a theme that sounds a bit\nmetaphorical, but proposed on purpose in order to look into the future from the perspective\nfrom the perspective of 20 years - from the Green Carpathian initiative, which we created as part of Polish\nThe Green Carpathian Initiative, which we created in the framework of Polish-Slovakian-Ukrainian cooperation, developing it in all areas, not\nnot only between local governments or governmental commissions for trans-border cooperation, but\nnot only between local governments or governmental commissions for transborder cooperation, but also within the framework of cooperation of representatives of all\ninstitutions, including parliaments. For 10 years we have been calling these meetings Carpathian Europe.\nThe theses we put to the panelists are as follows:<\/p>\n\n\n\n<ol class=\"wp-block-list\"><li>Central European borderland or periphery of the European Union and the\nThreats and opportunities for the region in the conditions of revived\nof geopolitics.<\/li><li>A new model of sustainable development for the Carpathian countries -.\nExperience in breaking economic dependence.<\/li><li>Carpathians for Europe - potential of the region, Carpathian strategy,\ncommunity of cultures, subjectivity of the region.<\/li><li>Nation-states - value and guarantor of diversity of Central Europe\nCentral.<\/li><\/ol>\n\n\n\n<p>Let me remind you of Milan Kundera's famous thesis that Central Europe is the\nCentral Europe is the most rich of all the continents. We have the most\ncultures, languages - maximum diversity on minimum territory - 40 Nobel Prize winners,\nthe greatest number of outstanding personalities - from art to economy. I would like to draw your attention to two\nI would like to point out two elements: from the Central European perspective\nI would like to draw your attention to two elements: from the perspective of Central Europe two issues are fundamental for our civilization: sovereignty and freedom - in relation to every area of our life\nOur life - and the values derived from the system of the Christian\nhuman nature - an axiological system. From these two elements grow\nother - related to security, economy, development, new technologies,\npolitics, etc. Today in the European Union they refer to democracy and human\nBut after all, they grow out of Christianity.<\/p>\n\n\n\n<p><strong>Ryszard Terlecki:<\/strong><\/p>\n\n\n\n<p>The Carpathians are said to be the land of wine, mutton and cheese... But it is first and foremost the land of attachment to values, traditions and achievements of generations. We understand the Carpathians more broadly - as Central Europe. It is said that people who live in the mountains are closer to God. This is also a commitment to faith. Our region is becoming a barrier to ideas that threaten our traditions, sovereignty, and social solidarity. The Carpathians, the wider Europe of the Carpathians, have certain characteristics that distinguish them from Western Europe. The region suffered many war dramas and then Soviet captivity. People in the West do not understand this, they do not understand our conviction that freedom is a value that one can die for. Western politicians believe that this is an anachronism, that today it is not worth dying for the Homeland, for the faith, for freedom. EK is such an area where we understand each other, exchanging these values. <\/p>\n\n\n\n<p>What's next. We have reached the level of intensification of the project, many things are happening, Via Carpatia is being built, we feel that we cannot stand still and we need to take a step further. What would that step be? In our part of Europe governments change quite often, early elections are held, there are not many stable countries like Hungary and Poland... Marshal Kuchci\u0144ski convinced us to think that we should build a community of parliaments, that there is room for rapprochement here. In history we have excellent projects reaching much further than our cooperation today: our political emigrations during the communist era, committees of free Hungarians, Croats, the Polish Government in Exile and others talked for years very seriously about a confederation of our region. The question for us, who are extremely attached to sovereignty: what room is there for us to move towards togetherness? When six countries (Lithuania, Latvia, Estonia, Poland, Georgia, Ukraine) left the Council of Europe last week in protest against the restoration of Russia's membership, after meeting with representatives of these countries we wondered: maybe we need our own Council of Europe - of Central and Eastern Europe?<\/p>\n\n\n\n<p><strong>Krzysztof Szczerski:<\/strong><\/p>\n\n\n\n<p>The whole concept of Carpathian Europe would not exist without Marshal Marek Kuchci\u0144ski. It took political imagination to start a discussion about a new, broader perspective on our role in the region than the Visegrad Group. Starting from the Carpathian Europe as a concept, which was born in our political environment, maintaining the instruments for political action, we were able to bring through the Presidential Palace two serious new forms of political cooperation of the region, showing its great potential. The first one is the Bucharest nine related to the NATO summit in Warsaw, in November 2015. At that time we managed to harmonize the security policies of countries from Estonia to Bulgaria so that we have a common position as the countries of NATO's eastern flank. The second one is the Tri-Moor - from Estonia to Croatia - one of the flagship forms of cooperation within the European Union, an important building block of integration. <\/p>\n\n\n\n<p>As far as Christian values are concerned, let us remember that apart from\npolitical patron of regional ideas, i.e. President Lech\nKaczy\u0144ski, we also have a spiritual patron of our cooperation, that is John Paul II, about whom\nII, about whom we must speak more and be more open in giving testimonies. <\/p>\n\n\n\n<p>In terms of challenges for the future, we need to build the resilience of\nof our region because we are doing so well that we can expect to be attacked. We have\nalso a responsibility to our neighbors, like Georgia and Ukraine, who cannot\nremain too long outside of our world. <\/p>\n\n\n\n<p><strong>Adam Balazs:<\/strong><\/p>\n\n\n\n<p>We can work together not only at the government level, but also\nparty level. The Visegrad Group countries have achieved excellent results in the elections to the\nThe Visegrad Group countries achieved excellent results in the elections to the Europarliament. They proved our strength on the political level. The fact that neither\nManfred Weber and Timmermans did not become heads of the European Commission is our common success.\njoint success. Fidesz received a strong mandate from society on issues\nsuch as mass emigration, defense of borders or Christian culture. And this\nundoubtedly unites us with the entire Visegrad Group. It is a strong foundation for\nfurther action in all bodies of the European Union. <\/p>\n\n\n\n<p><strong>Waldemar Paruch:<\/strong><\/p>\n\n\n\n<p>Carpathian Europe is a classic example in foreign policy when thought came first and then action. <strong>It proves that Poland should build its potential in Central Europe, which will enable us to gain proper subjectivity in the European Union and establish relations with our two most important neighbors.<\/strong> Initially, Carpathian Europe was a cross-border idea, located in the Carpathians as a natural environment. Carpathian Europe was a political idea based on the idea that mountains can unite. The Carpathians were seen in the context of diversity, but based on a value system characterized by tolerance and pluralism. The dynamics of EK are also clearly visible. The first phase was from 1998 to 2011, when it was a sub-regional idea. The most difficult period was between 2011 and 2014 - thanks to Marshal Kuchci\u0144ski, it was the only official parliamentary initiative implemented by Law and Justice. 2014 was a breakthrough - the conference in Krynica showed the broad landscape of our interests: from geopolitics to cooperation across Central Europe (today 150 million people, 18 percent of EU GDP, 16 EU countries are in the CEE). Thanks to the fact that we are in power, since 2015 additional initiatives could appear, we started to build network connections. These are the best solution for this part of the continent, which are based on the assumption of sovereignty of states. Not only do the mountains run through Carpathian Europe, but also the EU and North Atlantic Alliance borders. Strengthening the eastern flank of NATO is therefore our common interest. Geopolitics in our environment has become standard. Today the political elites know that there is a Europe of the Carpathians. Without EK there would be no Via Carpatia. <\/p>\n\n\n\n<p><strong>Jerzy Kwiecinski:<\/strong><\/p>\n\n\n\n<p>We have brought the discussion on Carpathian Europe to a completely different\nlevel. 2011 was a very difficult year for us. The government did not support us and only\nOnly thanks to the efforts of Marshal Kuchci\u0144ski this idea survived. Already in 2011\nMarshal Kuchci\u0144ski asked me to write assumptions for the Carpathian Strategy.\nCarpathian Strategy. The Carpathians are located in Europe, they are the most diverse not only in\nnot only in terms of nature, but also culture. Today they are beginning to connect us again, not\nnot divide us. We have started work on the preparation of macro-regional strategy as a\nEuropean strategy, which is the strongest instrument in regional policy in the\nregional policy in the EU (at present there are four of them). The importance of the macro-regional dimension can be seen, for instance, in\nThe Baltic Strategy (concerns the countries around the Baltic Sea), in which Poland started to participate.\nstarted to participate in it. The highest standard of living currently applies to the Baltic countries.\n<\/p>\n\n\n\n<p><strong>Jan Hudacky: <\/strong><\/p>\n\n\n\n<p>Poland is a force that influences geopolitics and it is on this\nEurope of the Carpathians should be built on this. The plane on which we can move is the\nsocial teaching of the Church. The concrete implementation of its teachings in politics, as well as the pro-family\nThe concrete implementation of its teachings in politics, as well as the pro-family policy applied by the Law and Justice\ncould spread in the countries of Carpathian Europe. This would unite us. <\/p>\n\n\n\n<p><strong>Maciej Szymanowski:<\/strong><\/p>\n\n\n\n<p>This region is certainly not the periphery. There are still strange\nechoes of the claim, invented in the 1930s in France, that the world consists of\ncenters and peripheries. But what kind of peripheries are we talking about, since each of us in the morning\nreaches for a tube of toothpaste or cosmetics invented by Max Factor\n(Max Factor), sugar cubes invented by the Czech Jakub Rada, while wearing\nclothes with nylon thread invented also by Czech Otto Wichterle. Entering\ninto the hall, we had to go through a metal detector, which was\nDuring the Second World War, J\u00f3zef Kosacki invented it.\nwould not have been possible without Jan Szczepanik, everyone has a cell phone that works on\ntechnology invented by Jan Czochrowski... The most important thing at the moment\nis that this is not only history. Our compatriot, Jan Kapusta, invented the icosahedron.\nThe so-called K-dron is a certain way of playing with space and covering it,\nwhich is that the paint behaves differently under the influence\nof light. It is already being used in some London Underground stations. <\/p>\n\n\n\n<p><strong>Przemys\u0142aw Czarnek,<\/strong> <strong>governor of lubelskie (voice-over):<\/strong><\/p>\n\n\n\n<p>We made a course from the first words of Mr. Speaker Kuchci\u0144ski, which concerned the values on which the Europe of the Carpathians is based, through the voice of Mr. Speaker Terlecki, who said that the man who lives in the mountains is closer to God. Through great geopolitics we came to prosperity. All countries have experienced seven years of poverty, while none has experienced seven years of prosperity. We want our prosperity to look like Western Europe. But something that sets us apart is that we are a Europe of the spirit. There the process of secularization, de-Christianization has gone extremely far. So much so that Benedict XVI says that Christian Europe is not and will not be anymore. The question is to what extent in the strategy of the Carpathian Europe and the Visegrad Group we will bet on the Europe of the spirit.<\/p>\n\n\n\n<p><\/p>\n\n\n\n<p>Text transcribed live, without authorization<\/p>\n\n\n\n<p>MO<\/p>\n\n\n\n<p>Photo by Marta Olejnik<\/p>\n\n\n\n<figure class=\"wp-block-image\"><img fetchpriority=\"high\" decoding=\"async\" width=\"1024\" height=\"683\" src=\"https:\/\/marekkuchcinski.pl\/wp-content\/uploads\/2019\/07\/IMG_3189-1024x683.jpg\" alt=\"\" class=\"wp-image-16774\" srcset=\"https:\/\/marekkuchcinski.pl\/wp-content\/uploads\/2019\/07\/IMG_3189-1024x683.jpg 1024w, https:\/\/marekkuchcinski.pl\/wp-content\/uploads\/2019\/07\/IMG_3189-300x200.jpg 300w, https:\/\/marekkuchcinski.pl\/wp-content\/uploads\/2019\/07\/IMG_3189-768x512.jpg 768w, https:\/\/marekkuchcinski.pl\/wp-content\/uploads\/2019\/07\/IMG_3189.jpg 2048w\" sizes=\"(max-width: 1024px) 100vw, 1024px\" \/><\/figure>\n\n\n\n<figure class=\"wp-block-image\"><img decoding=\"async\" width=\"1024\" height=\"683\" src=\"https:\/\/marekkuchcinski.pl\/wp-content\/uploads\/2019\/07\/IMG_3226-1024x683.jpg\" alt=\"\" class=\"wp-image-16775\" srcset=\"https:\/\/marekkuchcinski.pl\/wp-content\/uploads\/2019\/07\/IMG_3226-1024x683.jpg 1024w, https:\/\/marekkuchcinski.pl\/wp-content\/uploads\/2019\/07\/IMG_3226-300x200.jpg 300w, https:\/\/marekkuchcinski.pl\/wp-content\/uploads\/2019\/07\/IMG_3226-768x512.jpg 768w, https:\/\/marekkuchcinski.pl\/wp-content\/uploads\/2019\/07\/IMG_3226.jpg 2048w\" sizes=\"(max-width: 1024px) 100vw, 1024px\" \/><\/figure>\n\n\n\n<figure class=\"wp-block-image\"><img decoding=\"async\" width=\"1024\" height=\"680\" src=\"https:\/\/marekkuchcinski.pl\/wp-content\/uploads\/2019\/07\/IMG_3230-1024x680.jpg\" alt=\"\" class=\"wp-image-16805\" srcset=\"https:\/\/marekkuchcinski.pl\/wp-content\/uploads\/2019\/07\/IMG_3230-1024x680.jpg 1024w, https:\/\/marekkuchcinski.pl\/wp-content\/uploads\/2019\/07\/IMG_3230-300x199.jpg 300w, https:\/\/marekkuchcinski.pl\/wp-content\/uploads\/2019\/07\/IMG_3230-768x510.jpg 768w, https:\/\/marekkuchcinski.pl\/wp-content\/uploads\/2019\/07\/IMG_3230.jpg 2048w\" sizes=\"(max-width: 1024px) 100vw, 1024px\" \/><\/figure>\n\n\n\n<figure class=\"wp-block-image\"><img loading=\"lazy\" decoding=\"async\" width=\"1024\" height=\"683\" src=\"https:\/\/marekkuchcinski.pl\/wp-content\/uploads\/2019\/07\/IMG_3157-1-1024x683.jpg\" alt=\"\" class=\"wp-image-16806\" srcset=\"https:\/\/marekkuchcinski.pl\/wp-content\/uploads\/2019\/07\/IMG_3157-1-1024x683.jpg 1024w, https:\/\/marekkuchcinski.pl\/wp-content\/uploads\/2019\/07\/IMG_3157-1-300x200.jpg 300w, https:\/\/marekkuchcinski.pl\/wp-content\/uploads\/2019\/07\/IMG_3157-1-768x512.jpg 768w, https:\/\/marekkuchcinski.pl\/wp-content\/uploads\/2019\/07\/IMG_3157-1.jpg 2048w\" sizes=\"(max-width: 1024px) 100vw, 1024px\" \/><\/figure>\n\n\n\n<ul class=\"wp-block-gallery columns-1 is-cropped wp-block-gallery-1 is-layout-flex wp-block-gallery-is-layout-flex\"><li class=\"blocks-gallery-item\"><figure><img loading=\"lazy\" decoding=\"async\" width=\"1024\" height=\"687\" src=\"https:\/\/marekkuchcinski.pl\/wp-content\/uploads\/2019\/07\/IMG_3247-2-1024x687.jpg\" alt=\"\" data-id=\"16778\" data-link=\"https:\/\/marekkuchcinski.pl\/?attachment_id=16778\" class=\"wp-image-16778\" srcset=\"https:\/\/marekkuchcinski.pl\/wp-content\/uploads\/2019\/07\/IMG_3247-2-1024x687.jpg 1024w, https:\/\/marekkuchcinski.pl\/wp-content\/uploads\/2019\/07\/IMG_3247-2-300x201.jpg 300w, https:\/\/marekkuchcinski.pl\/wp-content\/uploads\/2019\/07\/IMG_3247-2-768x515.jpg 768w, https:\/\/marekkuchcinski.pl\/wp-content\/uploads\/2019\/07\/IMG_3247-2.jpg 2048w\" sizes=\"(max-width: 1024px) 100vw, 1024px\" \/><\/figure><\/li><li class=\"blocks-gallery-item\"><figure><img loading=\"lazy\" decoding=\"async\" width=\"1024\" height=\"604\" src=\"https:\/\/marekkuchcinski.pl\/wp-content\/uploads\/2019\/07\/IMG_3193-1024x604.jpg\" alt=\"\" data-id=\"16786\" data-link=\"https:\/\/marekkuchcinski.pl\/?attachment_id=16786\" class=\"wp-image-16786\" srcset=\"https:\/\/marekkuchcinski.pl\/wp-content\/uploads\/2019\/07\/IMG_3193-1024x604.jpg 1024w, https:\/\/marekkuchcinski.pl\/wp-content\/uploads\/2019\/07\/IMG_3193-300x177.jpg 300w, https:\/\/marekkuchcinski.pl\/wp-content\/uploads\/2019\/07\/IMG_3193-768x453.jpg 768w, https:\/\/marekkuchcinski.pl\/wp-content\/uploads\/2019\/07\/IMG_3193.jpg 2048w\" sizes=\"(max-width: 1024px) 100vw, 1024px\" \/><\/figure><\/li><li class=\"blocks-gallery-item\"><figure><img loading=\"lazy\" decoding=\"async\" width=\"1024\" height=\"683\" src=\"https:\/\/marekkuchcinski.pl\/wp-content\/uploads\/2019\/07\/IMG_3233-1024x683.jpg\" alt=\"\" data-id=\"16788\" data-link=\"https:\/\/marekkuchcinski.pl\/?attachment_id=16788\" class=\"wp-image-16788\" srcset=\"https:\/\/marekkuchcinski.pl\/wp-content\/uploads\/2019\/07\/IMG_3233-1024x683.jpg 1024w, https:\/\/marekkuchcinski.pl\/wp-content\/uploads\/2019\/07\/IMG_3233-300x200.jpg 300w, https:\/\/marekkuchcinski.pl\/wp-content\/uploads\/2019\/07\/IMG_3233-768x512.jpg 768w, https:\/\/marekkuchcinski.pl\/wp-content\/uploads\/2019\/07\/IMG_3233.jpg 2048w\" sizes=\"(max-width: 1024px) 100vw, 1024px\" \/><\/figure><\/li><li class=\"blocks-gallery-item\"><figure><img loading=\"lazy\" decoding=\"async\" width=\"1024\" height=\"683\" src=\"https:\/\/marekkuchcinski.pl\/wp-content\/uploads\/2019\/07\/IMG_3135-1024x683.jpg\" alt=\"\" data-id=\"16790\" data-link=\"https:\/\/marekkuchcinski.pl\/?attachment_id=16790\" class=\"wp-image-16790\" srcset=\"https:\/\/marekkuchcinski.pl\/wp-content\/uploads\/2019\/07\/IMG_3135-1024x683.jpg 1024w, https:\/\/marekkuchcinski.pl\/wp-content\/uploads\/2019\/07\/IMG_3135-300x200.jpg 300w, https:\/\/marekkuchcinski.pl\/wp-content\/uploads\/2019\/07\/IMG_3135-768x512.jpg 768w, https:\/\/marekkuchcinski.pl\/wp-content\/uploads\/2019\/07\/IMG_3135.jpg 2048w\" sizes=\"(max-width: 1024px) 100vw, 1024px\" \/><\/figure><\/li><li class=\"blocks-gallery-item\"><figure><img loading=\"lazy\" decoding=\"async\" width=\"1024\" height=\"683\" src=\"https:\/\/marekkuchcinski.pl\/wp-content\/uploads\/2019\/07\/IMG_3203-2-1024x683.jpg\" alt=\"\" data-id=\"16792\" data-link=\"https:\/\/marekkuchcinski.pl\/?attachment_id=16792\" class=\"wp-image-16792\" srcset=\"https:\/\/marekkuchcinski.pl\/wp-content\/uploads\/2019\/07\/IMG_3203-2-1024x683.jpg 1024w, https:\/\/marekkuchcinski.pl\/wp-content\/uploads\/2019\/07\/IMG_3203-2-300x200.jpg 300w, https:\/\/marekkuchcinski.pl\/wp-content\/uploads\/2019\/07\/IMG_3203-2-768x512.jpg 768w, https:\/\/marekkuchcinski.pl\/wp-content\/uploads\/2019\/07\/IMG_3203-2.jpg 2048w\" sizes=\"(max-width: 1024px) 100vw, 1024px\" \/><\/figure><\/li><li class=\"blocks-gallery-item\"><figure><img loading=\"lazy\" decoding=\"async\" width=\"1024\" height=\"683\" src=\"https:\/\/marekkuchcinski.pl\/wp-content\/uploads\/2019\/07\/IMG_3241-1024x683.jpg\" alt=\"\" data-id=\"16795\" data-link=\"https:\/\/marekkuchcinski.pl\/?attachment_id=16795\" class=\"wp-image-16795\" srcset=\"https:\/\/marekkuchcinski.pl\/wp-content\/uploads\/2019\/07\/IMG_3241-1024x683.jpg 1024w, https:\/\/marekkuchcinski.pl\/wp-content\/uploads\/2019\/07\/IMG_3241-300x200.jpg 300w, https:\/\/marekkuchcinski.pl\/wp-content\/uploads\/2019\/07\/IMG_3241-768x512.jpg 768w, https:\/\/marekkuchcinski.pl\/wp-content\/uploads\/2019\/07\/IMG_3241.jpg 2048w\" sizes=\"(max-width: 1024px) 100vw, 1024px\" \/><\/figure><\/li><\/ul>\n\n\n\n<figure class=\"wp-block-image\"><img loading=\"lazy\" decoding=\"async\" width=\"1024\" height=\"683\" src=\"https:\/\/marekkuchcinski.pl\/wp-content\/uploads\/2019\/07\/IMG_3245-1-1024x683.jpg\" alt=\"\" class=\"wp-image-16807\" srcset=\"https:\/\/marekkuchcinski.pl\/wp-content\/uploads\/2019\/07\/IMG_3245-1-1024x683.jpg 1024w, https:\/\/marekkuchcinski.pl\/wp-content\/uploads\/2019\/07\/IMG_3245-1-300x200.jpg 300w, https:\/\/marekkuchcinski.pl\/wp-content\/uploads\/2019\/07\/IMG_3245-1-768x512.jpg 768w, https:\/\/marekkuchcinski.pl\/wp-content\/uploads\/2019\/07\/IMG_3245-1.jpg 1918w\" sizes=\"(max-width: 1024px) 100vw, 1024px\" \/><\/figure>\n\n\n\n<figure class=\"wp-block-image\"><img loading=\"lazy\" decoding=\"async\" width=\"1024\" height=\"683\" src=\"https:\/\/marekkuchcinski.pl\/wp-content\/uploads\/2019\/07\/IMG_3210-1024x683.jpg\" alt=\"\" class=\"wp-image-16804\" srcset=\"https:\/\/marekkuchcinski.pl\/wp-content\/uploads\/2019\/07\/IMG_3210-1024x683.jpg 1024w, https:\/\/marekkuchcinski.pl\/wp-content\/uploads\/2019\/07\/IMG_3210-300x200.jpg 300w, https:\/\/marekkuchcinski.pl\/wp-content\/uploads\/2019\/07\/IMG_3210-768x512.jpg 768w, https:\/\/marekkuchcinski.pl\/wp-content\/uploads\/2019\/07\/IMG_3210.jpg 2048w\" sizes=\"(max-width: 1024px) 100vw, 1024px\" \/><\/figure>\n\n\n\n<figure class=\"wp-block-image\"><img loading=\"lazy\" decoding=\"async\" width=\"1024\" height=\"679\" src=\"https:\/\/marekkuchcinski.pl\/wp-content\/uploads\/2019\/07\/IMG_3027-2-2-1024x679.jpg\" alt=\"\" class=\"wp-image-16811\" srcset=\"https:\/\/marekkuchcinski.pl\/wp-content\/uploads\/2019\/07\/IMG_3027-2-2-1024x679.jpg 1024w, https:\/\/marekkuchcinski.pl\/wp-content\/uploads\/2019\/07\/IMG_3027-2-2-300x199.jpg 300w, https:\/\/marekkuchcinski.pl\/wp-content\/uploads\/2019\/07\/IMG_3027-2-2-768x509.jpg 768w, https:\/\/marekkuchcinski.pl\/wp-content\/uploads\/2019\/07\/IMG_3027-2-2.jpg 2048w\" sizes=\"(max-width: 1024px) 100vw, 1024px\" \/><\/figure>\n\n\n\n<figure class=\"wp-block-image\"><img loading=\"lazy\" decoding=\"async\" width=\"1024\" height=\"683\" src=\"https:\/\/marekkuchcinski.pl\/wp-content\/uploads\/2019\/07\/IMG_2988-1-1024x683.jpg\" alt=\"\" class=\"wp-image-16812\" srcset=\"https:\/\/marekkuchcinski.pl\/wp-content\/uploads\/2019\/07\/IMG_2988-1-1024x683.jpg 1024w, https:\/\/marekkuchcinski.pl\/wp-content\/uploads\/2019\/07\/IMG_2988-1-300x200.jpg 300w, https:\/\/marekkuchcinski.pl\/wp-content\/uploads\/2019\/07\/IMG_2988-1-768x512.jpg 768w, https:\/\/marekkuchcinski.pl\/wp-content\/uploads\/2019\/07\/IMG_2988-1.jpg 2048w\" sizes=\"(max-width: 1024px) 100vw, 1024px\" \/><\/figure>\n\n\n\n<figure class=\"wp-block-image\"><img loading=\"lazy\" decoding=\"async\" width=\"1024\" height=\"683\" src=\"https:\/\/marekkuchcinski.pl\/wp-content\/uploads\/2019\/07\/IMG_3080-1-1024x683.jpg\" alt=\"\" class=\"wp-image-16814\" srcset=\"https:\/\/marekkuchcinski.pl\/wp-content\/uploads\/2019\/07\/IMG_3080-1-1024x683.jpg 1024w, https:\/\/marekkuchcinski.pl\/wp-content\/uploads\/2019\/07\/IMG_3080-1-300x200.jpg 300w, https:\/\/marekkuchcinski.pl\/wp-content\/uploads\/2019\/07\/IMG_3080-1-768x512.jpg 768w, https:\/\/marekkuchcinski.pl\/wp-content\/uploads\/2019\/07\/IMG_3080-1.jpg 2048w\" sizes=\"(max-width: 1024px) 100vw, 1024px\" \/><\/figure>\n\n\n\n<figure class=\"wp-block-image\"><img loading=\"lazy\" decoding=\"async\" width=\"1024\" height=\"683\" src=\"https:\/\/marekkuchcinski.pl\/wp-content\/uploads\/2019\/07\/IMG_3112-1-1024x683.jpg\" alt=\"\" class=\"wp-image-16816\" srcset=\"https:\/\/marekkuchcinski.pl\/wp-content\/uploads\/2019\/07\/IMG_3112-1-1024x683.jpg 1024w, https:\/\/marekkuchcinski.pl\/wp-content\/uploads\/2019\/07\/IMG_3112-1-300x200.jpg 300w, https:\/\/marekkuchcinski.pl\/wp-content\/uploads\/2019\/07\/IMG_3112-1-768x512.jpg 768w, https:\/\/marekkuchcinski.pl\/wp-content\/uploads\/2019\/07\/IMG_3112-1.jpg 1560w\" sizes=\"(max-width: 1024px) 100vw, 1024px\" \/><\/figure>","protected":false},"excerpt":{"rendered":"<p>Panel \u201eEuropa Karpat \u2013 Europa naszej przysz\u0142o\u015bci\u201d \u2013 konwencja Prawa i Sprawiedliwo\u015bci, Katowice 2019 Moderator: Marek Kuchci\u0144ski, marsza\u0142ek Sejmu RP Paneli\u015bci: Ryszard Terlecki, wicemarsza\u0142ek Sejmu RP Krzysztof Szczerski, szef Gabinetu Prezydenta RP Adam Balazs, dyrektor biura Sekretarza do Spraw Mi\u0119dzynarodowych partii Fidesz prof. Waldemar Paruch, dyrektor Centrum Analiz Strategicznych KPRM prof. Maciej Szymanowski, dyrektor Instytutu [&hellip;]<\/p>","protected":false},"author":6,"featured_media":16774,"comment_status":"open","ping_status":"open","sticky":false,"template":"","format":"standard","meta":{"ngg_post_thumbnail":0,"footnotes":""},"categories":[78,49,82,3],"tags":[],"class_list":["post-16772","post","type-post","status-publish","format-standard","has-post-thumbnail","hentry","category-europa-karpat","category-podkarpacie","category-prawo-i-sprawiedliwosc","category-wydarzenia"],"yoast_head":"<!-- This site is optimized with the Yoast SEO plugin v24.7 - https:\/\/yoast.com\/wordpress\/plugins\/seo\/ -->\n<title>Europa Karpat \u2013 Europa naszej przysz\u0142o\u015bci \u2013 konwencja PiS w Katowicach &#8211; Marek Kuchci\u0144ski<\/title>\n<meta name=\"robots\" content=\"index, follow, max-snippet:-1, max-image-preview:large, max-video-preview:-1\" \/>\n<link rel=\"canonical\" href=\"https:\/\/marekkuchcinski.pl\/en\/wydarzenia\/europa-karpat-europa-naszej-przyszlosci-konwencja-pis-w-katowicach\/\" \/>\n<meta property=\"og:locale\" content=\"en_GB\" \/>\n<meta property=\"og:type\" content=\"article\" \/>\n<meta property=\"og:title\" content=\"Europa Karpat \u2013 Europa naszej przysz\u0142o\u015bci \u2013 konwencja PiS w Katowicach &#8211; Marek Kuchci\u0144ski\" \/>\n<meta property=\"og:description\" content=\"Panel \u201eEuropa Karpat \u2013 Europa naszej przysz\u0142o\u015bci\u201d \u2013 konwencja Prawa i Sprawiedliwo\u015bci, Katowice 2019 Moderator: Marek Kuchci\u0144ski, marsza\u0142ek Sejmu RP Paneli\u015bci: Ryszard Terlecki, wicemarsza\u0142ek Sejmu RP Krzysztof Szczerski, szef Gabinetu Prezydenta RP Adam Balazs, dyrektor biura Sekretarza do Spraw Mi\u0119dzynarodowych partii Fidesz prof. Waldemar Paruch, dyrektor Centrum Analiz Strategicznych KPRM prof. Maciej Szymanowski, dyrektor Instytutu [&hellip;]\" \/>\n<meta property=\"og:url\" content=\"https:\/\/marekkuchcinski.pl\/en\/wydarzenia\/europa-karpat-europa-naszej-przyszlosci-konwencja-pis-w-katowicach\/\" \/>\n<meta property=\"og:site_name\" content=\"Marek Kuchci\u0144ski\" \/>\n<meta property=\"article:published_time\" content=\"2019-07-06T09:19:38+00:00\" \/>\n<meta property=\"article:modified_time\" content=\"2019-07-30T09:13:44+00:00\" \/>\n<meta property=\"og:image\" content=\"https:\/\/marekkuchcinski.pl\/wp-content\/uploads\/2019\/07\/IMG_3189.jpg\" \/>\n\t<meta property=\"og:image:width\" content=\"2048\" \/>\n\t<meta property=\"og:image:height\" content=\"1365\" \/>\n\t<meta property=\"og:image:type\" content=\"image\/jpeg\" \/>\n<meta name=\"author\" content=\"admin\" \/>\n<meta name=\"twitter:card\" content=\"summary_large_image\" \/>\n<meta name=\"twitter:label1\" content=\"Written by\" \/>\n\t<meta name=\"twitter:data1\" content=\"admin\" \/>\n\t<meta name=\"twitter:label2\" content=\"Estimated reading time\" \/>\n\t<meta name=\"twitter:data2\" content=\"10 minutes\" \/>\n<script type=\"application\/ld+json\" class=\"yoast-schema-graph\">{\"@context\":\"https:\/\/schema.org\",\"@graph\":[{\"@type\":\"Article\",\"@id\":\"https:\/\/marekkuchcinski.pl\/ro\/wydarzenia\/europa-karpat-europa-naszej-przyszlosci-konwencja-pis-w-katowicach\/#article\",\"isPartOf\":{\"@id\":\"https:\/\/marekkuchcinski.pl\/ro\/wydarzenia\/europa-karpat-europa-naszej-przyszlosci-konwencja-pis-w-katowicach\/\"},\"author\":{\"name\":\"admin\",\"@id\":\"https:\/\/marekkuchcinski.pl\/#\/schema\/person\/6f62700996b4d950b6ea2d1183b6c6be\"},\"headline\":\"Europa Karpat \u2013 Europa naszej przysz\u0142o\u015bci \u2013 konwencja PiS w Katowicach\",\"datePublished\":\"2019-07-06T09:19:38+00:00\",\"dateModified\":\"2019-07-30T09:13:44+00:00\",\"mainEntityOfPage\":{\"@id\":\"https:\/\/marekkuchcinski.pl\/ro\/wydarzenia\/europa-karpat-europa-naszej-przyszlosci-konwencja-pis-w-katowicach\/\"},\"wordCount\":1990,\"commentCount\":0,\"publisher\":{\"@id\":\"https:\/\/marekkuchcinski.pl\/#organization\"},\"image\":{\"@id\":\"https:\/\/marekkuchcinski.pl\/ro\/wydarzenia\/europa-karpat-europa-naszej-przyszlosci-konwencja-pis-w-katowicach\/#primaryimage\"},\"thumbnailUrl\":\"https:\/\/marekkuchcinski.pl\/wp-content\/uploads\/2019\/07\/IMG_3189.jpg\",\"articleSection\":[\"Europa Karpat\",\"Podkarpacie\",\"Prawo i Sprawiedliwo\u015b\u0107\",\"Wydarzenia\"],\"inLanguage\":\"en-GB\",\"potentialAction\":[{\"@type\":\"CommentAction\",\"name\":\"Comment\",\"target\":[\"https:\/\/marekkuchcinski.pl\/ro\/wydarzenia\/europa-karpat-europa-naszej-przyszlosci-konwencja-pis-w-katowicach\/#respond\"]}]},{\"@type\":\"WebPage\",\"@id\":\"https:\/\/marekkuchcinski.pl\/ro\/wydarzenia\/europa-karpat-europa-naszej-przyszlosci-konwencja-pis-w-katowicach\/\",\"url\":\"https:\/\/marekkuchcinski.pl\/ro\/wydarzenia\/europa-karpat-europa-naszej-przyszlosci-konwencja-pis-w-katowicach\/\",\"name\":\"Europa Karpat \u2013 Europa naszej przysz\u0142o\u015bci \u2013 konwencja PiS w Katowicach &#8211; Marek Kuchci\u0144ski\",\"isPartOf\":{\"@id\":\"https:\/\/marekkuchcinski.pl\/#website\"},\"primaryImageOfPage\":{\"@id\":\"https:\/\/marekkuchcinski.pl\/ro\/wydarzenia\/europa-karpat-europa-naszej-przyszlosci-konwencja-pis-w-katowicach\/#primaryimage\"},\"image\":{\"@id\":\"https:\/\/marekkuchcinski.pl\/ro\/wydarzenia\/europa-karpat-europa-naszej-przyszlosci-konwencja-pis-w-katowicach\/#primaryimage\"},\"thumbnailUrl\":\"https:\/\/marekkuchcinski.pl\/wp-content\/uploads\/2019\/07\/IMG_3189.jpg\",\"datePublished\":\"2019-07-06T09:19:38+00:00\",\"dateModified\":\"2019-07-30T09:13:44+00:00\",\"breadcrumb\":{\"@id\":\"https:\/\/marekkuchcinski.pl\/ro\/wydarzenia\/europa-karpat-europa-naszej-przyszlosci-konwencja-pis-w-katowicach\/#breadcrumb\"},\"inLanguage\":\"en-GB\",\"potentialAction\":[{\"@type\":\"ReadAction\",\"target\":[\"https:\/\/marekkuchcinski.pl\/ro\/wydarzenia\/europa-karpat-europa-naszej-przyszlosci-konwencja-pis-w-katowicach\/\"]}]},{\"@type\":\"ImageObject\",\"inLanguage\":\"en-GB\",\"@id\":\"https:\/\/marekkuchcinski.pl\/ro\/wydarzenia\/europa-karpat-europa-naszej-przyszlosci-konwencja-pis-w-katowicach\/#primaryimage\",\"url\":\"https:\/\/marekkuchcinski.pl\/wp-content\/uploads\/2019\/07\/IMG_3189.jpg\",\"contentUrl\":\"https:\/\/marekkuchcinski.pl\/wp-content\/uploads\/2019\/07\/IMG_3189.jpg\",\"width\":2048,\"height\":1365},{\"@type\":\"BreadcrumbList\",\"@id\":\"https:\/\/marekkuchcinski.pl\/ro\/wydarzenia\/europa-karpat-europa-naszej-przyszlosci-konwencja-pis-w-katowicach\/#breadcrumb\",\"itemListElement\":[{\"@type\":\"ListItem\",\"position\":1,\"name\":\"Strona g\u0142\u00f3wna\",\"item\":\"https:\/\/marekkuchcinski.pl\/\"},{\"@type\":\"ListItem\",\"position\":2,\"name\":\"Europa Karpat \u2013 Europa naszej przysz\u0142o\u015bci \u2013 konwencja PiS w Katowicach\"}]},{\"@type\":\"WebSite\",\"@id\":\"https:\/\/marekkuchcinski.pl\/#website\",\"url\":\"https:\/\/marekkuchcinski.pl\/\",\"name\":\"Marek Kuchci\u0144ski\",\"description\":\"Pose\u0142 na sejm RP &ndash; okr\u0119g nr 22\",\"publisher\":{\"@id\":\"https:\/\/marekkuchcinski.pl\/#organization\"},\"potentialAction\":[{\"@type\":\"SearchAction\",\"target\":{\"@type\":\"EntryPoint\",\"urlTemplate\":\"https:\/\/marekkuchcinski.pl\/?s={search_term_string}\"},\"query-input\":{\"@type\":\"PropertyValueSpecification\",\"valueRequired\":true,\"valueName\":\"search_term_string\"}}],\"inLanguage\":\"en-GB\"},{\"@type\":\"Organization\",\"@id\":\"https:\/\/marekkuchcinski.pl\/#organization\",\"name\":\"Marek Kuchci\u0144ski\",\"url\":\"https:\/\/marekkuchcinski.pl\/\",\"logo\":{\"@type\":\"ImageObject\",\"inLanguage\":\"en-GB\",\"@id\":\"https:\/\/marekkuchcinski.pl\/#\/schema\/logo\/image\/\",\"url\":\"https:\/\/marekkuchcinski.pl\/wp-content\/uploads\/2022\/09\/Marek.jpg\",\"contentUrl\":\"https:\/\/marekkuchcinski.pl\/wp-content\/uploads\/2022\/09\/Marek.jpg\",\"width\":1600,\"height\":971,\"caption\":\"Marek Kuchci\u0144ski\"},\"image\":{\"@id\":\"https:\/\/marekkuchcinski.pl\/#\/schema\/logo\/image\/\"}},{\"@type\":\"Person\",\"@id\":\"https:\/\/marekkuchcinski.pl\/#\/schema\/person\/6f62700996b4d950b6ea2d1183b6c6be\",\"name\":\"admin\",\"image\":{\"@type\":\"ImageObject\",\"inLanguage\":\"en-GB\",\"@id\":\"https:\/\/marekkuchcinski.pl\/#\/schema\/person\/image\/\",\"url\":\"https:\/\/secure.gravatar.com\/avatar\/4bab693b9d55c3d6b52c0296a8765085?s=96&d=mm&r=g\",\"contentUrl\":\"https:\/\/secure.gravatar.com\/avatar\/4bab693b9d55c3d6b52c0296a8765085?s=96&d=mm&r=g\",\"caption\":\"admin\"},\"url\":\"https:\/\/marekkuchcinski.pl\/en\/author\/marta-olejnik\/\"}]}<\/script>\n<!-- \/ Yoast SEO plugin. -->","yoast_head_json":{"title":"Europa Karpat \u2013 Europa naszej przysz\u0142o\u015bci \u2013 konwencja PiS w Katowicach &#8211; Marek Kuchci\u0144ski","robots":{"index":"index","follow":"follow","max-snippet":"max-snippet:-1","max-image-preview":"max-image-preview:large","max-video-preview":"max-video-preview:-1"},"canonical":"https:\/\/marekkuchcinski.pl\/en\/wydarzenia\/europa-karpat-europa-naszej-przyszlosci-konwencja-pis-w-katowicach\/","og_locale":"en_GB","og_type":"article","og_title":"Europa Karpat \u2013 Europa naszej przysz\u0142o\u015bci \u2013 konwencja PiS w Katowicach &#8211; Marek Kuchci\u0144ski","og_description":"Panel \u201eEuropa Karpat \u2013 Europa naszej przysz\u0142o\u015bci\u201d \u2013 konwencja Prawa i Sprawiedliwo\u015bci, Katowice 2019 Moderator: Marek Kuchci\u0144ski, marsza\u0142ek Sejmu RP Paneli\u015bci: Ryszard Terlecki, wicemarsza\u0142ek Sejmu RP Krzysztof Szczerski, szef Gabinetu Prezydenta RP Adam Balazs, dyrektor biura Sekretarza do Spraw Mi\u0119dzynarodowych partii Fidesz prof. Waldemar Paruch, dyrektor Centrum Analiz Strategicznych KPRM prof. Maciej Szymanowski, dyrektor Instytutu [&hellip;]","og_url":"https:\/\/marekkuchcinski.pl\/en\/wydarzenia\/europa-karpat-europa-naszej-przyszlosci-konwencja-pis-w-katowicach\/","og_site_name":"Marek Kuchci\u0144ski","article_published_time":"2019-07-06T09:19:38+00:00","article_modified_time":"2019-07-30T09:13:44+00:00","og_image":[{"width":2048,"height":1365,"url":"https:\/\/marekkuchcinski.pl\/wp-content\/uploads\/2019\/07\/IMG_3189.jpg","type":"image\/jpeg"}],"author":"admin","twitter_card":"summary_large_image","twitter_misc":{"Written by":"admin","Estimated reading time":"10 minutes"},"schema":{"@context":"https:\/\/schema.org","@graph":[{"@type":"Article","@id":"https:\/\/marekkuchcinski.pl\/ro\/wydarzenia\/europa-karpat-europa-naszej-przyszlosci-konwencja-pis-w-katowicach\/#article","isPartOf":{"@id":"https:\/\/marekkuchcinski.pl\/ro\/wydarzenia\/europa-karpat-europa-naszej-przyszlosci-konwencja-pis-w-katowicach\/"},"author":{"name":"admin","@id":"https:\/\/marekkuchcinski.pl\/#\/schema\/person\/6f62700996b4d950b6ea2d1183b6c6be"},"headline":"Europa Karpat \u2013 Europa naszej przysz\u0142o\u015bci \u2013 konwencja PiS w Katowicach","datePublished":"2019-07-06T09:19:38+00:00","dateModified":"2019-07-30T09:13:44+00:00","mainEntityOfPage":{"@id":"https:\/\/marekkuchcinski.pl\/ro\/wydarzenia\/europa-karpat-europa-naszej-przyszlosci-konwencja-pis-w-katowicach\/"},"wordCount":1990,"commentCount":0,"publisher":{"@id":"https:\/\/marekkuchcinski.pl\/#organization"},"image":{"@id":"https:\/\/marekkuchcinski.pl\/ro\/wydarzenia\/europa-karpat-europa-naszej-przyszlosci-konwencja-pis-w-katowicach\/#primaryimage"},"thumbnailUrl":"https:\/\/marekkuchcinski.pl\/wp-content\/uploads\/2019\/07\/IMG_3189.jpg","articleSection":["Europa Karpat","Podkarpacie","Prawo i Sprawiedliwo\u015b\u0107","Wydarzenia"],"inLanguage":"en-GB","potentialAction":[{"@type":"CommentAction","name":"Comment","target":["https:\/\/marekkuchcinski.pl\/ro\/wydarzenia\/europa-karpat-europa-naszej-przyszlosci-konwencja-pis-w-katowicach\/#respond"]}]},{"@type":"WebPage","@id":"https:\/\/marekkuchcinski.pl\/ro\/wydarzenia\/europa-karpat-europa-naszej-przyszlosci-konwencja-pis-w-katowicach\/","url":"https:\/\/marekkuchcinski.pl\/ro\/wydarzenia\/europa-karpat-europa-naszej-przyszlosci-konwencja-pis-w-katowicach\/","name":"Europa Karpat \u2013 Europa naszej przysz\u0142o\u015bci \u2013 konwencja PiS w Katowicach &#8211; Marek Kuchci\u0144ski","isPartOf":{"@id":"https:\/\/marekkuchcinski.pl\/#website"},"primaryImageOfPage":{"@id":"https:\/\/marekkuchcinski.pl\/ro\/wydarzenia\/europa-karpat-europa-naszej-przyszlosci-konwencja-pis-w-katowicach\/#primaryimage"},"image":{"@id":"https:\/\/marekkuchcinski.pl\/ro\/wydarzenia\/europa-karpat-europa-naszej-przyszlosci-konwencja-pis-w-katowicach\/#primaryimage"},"thumbnailUrl":"https:\/\/marekkuchcinski.pl\/wp-content\/uploads\/2019\/07\/IMG_3189.jpg","datePublished":"2019-07-06T09:19:38+00:00","dateModified":"2019-07-30T09:13:44+00:00","breadcrumb":{"@id":"https:\/\/marekkuchcinski.pl\/ro\/wydarzenia\/europa-karpat-europa-naszej-przyszlosci-konwencja-pis-w-katowicach\/#breadcrumb"},"inLanguage":"en-GB","potentialAction":[{"@type":"ReadAction","target":["https:\/\/marekkuchcinski.pl\/ro\/wydarzenia\/europa-karpat-europa-naszej-przyszlosci-konwencja-pis-w-katowicach\/"]}]},{"@type":"ImageObject","inLanguage":"en-GB","@id":"https:\/\/marekkuchcinski.pl\/ro\/wydarzenia\/europa-karpat-europa-naszej-przyszlosci-konwencja-pis-w-katowicach\/#primaryimage","url":"https:\/\/marekkuchcinski.pl\/wp-content\/uploads\/2019\/07\/IMG_3189.jpg","contentUrl":"https:\/\/marekkuchcinski.pl\/wp-content\/uploads\/2019\/07\/IMG_3189.jpg","width":2048,"height":1365},{"@type":"BreadcrumbList","@id":"https:\/\/marekkuchcinski.pl\/ro\/wydarzenia\/europa-karpat-europa-naszej-przyszlosci-konwencja-pis-w-katowicach\/#breadcrumb","itemListElement":[{"@type":"ListItem","position":1,"name":"Strona g\u0142\u00f3wna","item":"https:\/\/marekkuchcinski.pl\/"},{"@type":"ListItem","position":2,"name":"Europa Karpat \u2013 Europa naszej przysz\u0142o\u015bci \u2013 konwencja PiS w Katowicach"}]},{"@type":"WebSite","@id":"https:\/\/marekkuchcinski.pl\/#website","url":"https:\/\/marekkuchcinski.pl\/","name":"Marek Kuchci\u0144ski","description":"Pose\u0142 na sejm RP &ndash; okr\u0119g nr 22","publisher":{"@id":"https:\/\/marekkuchcinski.pl\/#organization"},"potentialAction":[{"@type":"SearchAction","target":{"@type":"EntryPoint","urlTemplate":"https:\/\/marekkuchcinski.pl\/?s={search_term_string}"},"query-input":{"@type":"PropertyValueSpecification","valueRequired":true,"valueName":"search_term_string"}}],"inLanguage":"en-GB"},{"@type":"Organization","@id":"https:\/\/marekkuchcinski.pl\/#organization","name":"Marek Kuchci\u0144ski","url":"https:\/\/marekkuchcinski.pl\/","logo":{"@type":"ImageObject","inLanguage":"en-GB","@id":"https:\/\/marekkuchcinski.pl\/#\/schema\/logo\/image\/","url":"https:\/\/marekkuchcinski.pl\/wp-content\/uploads\/2022\/09\/Marek.jpg","contentUrl":"https:\/\/marekkuchcinski.pl\/wp-content\/uploads\/2022\/09\/Marek.jpg","width":1600,"height":971,"caption":"Marek Kuchci\u0144ski"},"image":{"@id":"https:\/\/marekkuchcinski.pl\/#\/schema\/logo\/image\/"}},{"@type":"Person","@id":"https:\/\/marekkuchcinski.pl\/#\/schema\/person\/6f62700996b4d950b6ea2d1183b6c6be","name":"admin","image":{"@type":"ImageObject","inLanguage":"en-GB","@id":"https:\/\/marekkuchcinski.pl\/#\/schema\/person\/image\/","url":"https:\/\/secure.gravatar.com\/avatar\/4bab693b9d55c3d6b52c0296a8765085?s=96&d=mm&r=g","contentUrl":"https:\/\/secure.gravatar.com\/avatar\/4bab693b9d55c3d6b52c0296a8765085?s=96&d=mm&r=g","caption":"admin"},"url":"https:\/\/marekkuchcinski.pl\/en\/author\/marta-olejnik\/"}]}},"_links":{"self":[{"href":"https:\/\/marekkuchcinski.pl\/en\/wp-json\/wp\/v2\/posts\/16772","targetHints":{"allow":["GET"]}}],"collection":[{"href":"https:\/\/marekkuchcinski.pl\/en\/wp-json\/wp\/v2\/posts"}],"about":[{"href":"https:\/\/marekkuchcinski.pl\/en\/wp-json\/wp\/v2\/types\/post"}],"author":[{"embeddable":true,"href":"https:\/\/marekkuchcinski.pl\/en\/wp-json\/wp\/v2\/users\/6"}],"replies":[{"embeddable":true,"href":"https:\/\/marekkuchcinski.pl\/en\/wp-json\/wp\/v2\/comments?post=16772"}],"version-history":[{"count":18,"href":"https:\/\/marekkuchcinski.pl\/en\/wp-json\/wp\/v2\/posts\/16772\/revisions"}],"predecessor-version":[{"id":17330,"href":"https:\/\/marekkuchcinski.pl\/en\/wp-json\/wp\/v2\/posts\/16772\/revisions\/17330"}],"wp:featuredmedia":[{"embeddable":true,"href":"https:\/\/marekkuchcinski.pl\/en\/wp-json\/wp\/v2\/media\/16774"}],"wp:attachment":[{"href":"https:\/\/marekkuchcinski.pl\/en\/wp-json\/wp\/v2\/media?parent=16772"}],"wp:term":[{"taxonomy":"category","embeddable":true,"href":"https:\/\/marekkuchcinski.pl\/en\/wp-json\/wp\/v2\/categories?post=16772"},{"taxonomy":"post_tag","embeddable":true,"href":"https:\/\/marekkuchcinski.pl\/en\/wp-json\/wp\/v2\/tags?post=16772"}],"curies":[{"name":"wp","href":"https:\/\/api.w.org\/{rel}","templated":true}]}}