{"id":16048,"date":"2019-06-05T09:19:09","date_gmt":"2019-06-05T07:19:09","guid":{"rendered":"https:\/\/marekkuchcinski.pl\/?p=16048"},"modified":"2019-06-05T09:19:10","modified_gmt":"2019-06-05T07:19:10","slug":"opera-narodowa-uroczysty-koncert-z-okazji-30-rocznicy-wyborow-4-czerwca-1989-roku-z-udzialem-marszalka-sejmu","status":"publish","type":"post","link":"https:\/\/marekkuchcinski.pl\/en\/wydarzenia\/opera-narodowa-uroczysty-koncert-z-okazji-30-rocznicy-wyborow-4-czerwca-1989-roku-z-udzialem-marszalka-sejmu\/","title":{"rendered":"National Opera: ceremonial concert to mark the 30th anniversary of the 4 June 1989 elections with the participation of the Speaker of the Sejm"},"content":{"rendered":"<p>Top government officials and numerous guests from Poland and abroad gathered on Tuesday, 4 June at the Grand Theatre - National Opera in Warsaw to commemorate the democratic breakthrough of 1989. The Sinfonia Varsovia Orchestra's gala concert took place exactly 30 years after the first partially free parliamentary elections, which opened a new chapter in the history of Poland and marked the beginning of the rebirth of Polish parliamentarianism.<\/p>\n\n\n\n<p>Among the guests of the event organized by the \"Niepodleg\u0142a\" Program Office were Marshals of the Sejm and Senate Marek Kuchci\u0144ski and Stanis\u0142aw Karczewski, Deputy Prime Minister and Minister of Culture and National Heritage Piotr Gli\u0144ski, Minister of Foreign Affairs Jacek Czaputowicz, Deputy Minister of Culture Jaros\u0142aw Sellin and Secretary of State in the Presidential Chancellery Andrzej Dera. The event was also attended by Agnieszka Kaczmarska, Head of the Chancellery of the Sejm. The concert was also attended by parliamentarians, participants and guests of the 4th Summit of Speakers of the Central and Eastern European Parliaments #EUROWAW2019 that was held at the Sejm and Senate.<\/p>\n\n\n\n<p>Welcoming the guests, the Speaker of the Sejm emphasized that the elections of June 4, '89 were the beginning of the political changes, the overthrow of communism and the symbol of the end of the Yalta system in Europe. - These elections were the introduction to the new Republic of Poland. The change required many sacrifices from Poles and taking stock of the past. The changes also affected the world of culture,\" said Marek Kuchci\u0144ski.<\/p>\n\n\n\n<p>The Speaker of the Sejm also reminded that 2019 was established by the resolution of the Sejm and the Senate as the Year of Stanislaw Moniuszko on the 200th anniversary of his birth. - We want to remember about the involvement of artistic circles in the process of building national identification especially today,\" he noted.<\/p>\n\n\n\n<p>- We want these ceremonies to build the unity of the Polish people,\" said Senate Speaker Stanis\u0142aw Karczewski, thanking the guests for their presence at the Grand Theatre-National Opera. - Let us take care of our democracy, let us take care of our independence, let us take care of our freedom and let us do it together,\" he appealed.<\/p>\n\n\n\n<p>In turn, Prime Minister Mateusz Morawiecki, in a letter addressed to the participants of the event, noted that June 4, 1989 was one of the stages of the long road to freedom. \"Despite years of enslavement, despite years of ideological propaganda, the Polish desire for freedom survived. This impenetrable wisdom of the Polish people remains for me always an inspiration and a lesson,\" wrote the Prime Minister.<\/p>\n\n\n\n<p><em>CIS<\/em><\/p>\n\n\n\n<p><em>Photo by Rafa\u0142 Zambrzycki<\/em><\/p>\n\n\n\n<ul class=\"wp-block-gallery columns-1 is-cropped wp-block-gallery-1 is-layout-flex wp-block-gallery-is-layout-flex\"><li class=\"blocks-gallery-item\"><figure><img fetchpriority=\"high\" decoding=\"async\" width=\"800\" height=\"533\" src=\"https:\/\/marekkuchcinski.pl\/wp-content\/uploads\/2019\/06\/t4.jpg\" alt=\"\" data-id=\"16050\" data-link=\"https:\/\/marekkuchcinski.pl\/?attachment_id=16050\" class=\"wp-image-16050\" srcset=\"https:\/\/marekkuchcinski.pl\/wp-content\/uploads\/2019\/06\/t4.jpg 800w, https:\/\/marekkuchcinski.pl\/wp-content\/uploads\/2019\/06\/t4-300x200.jpg 300w, https:\/\/marekkuchcinski.pl\/wp-content\/uploads\/2019\/06\/t4-768x512.jpg 768w\" sizes=\"(max-width: 800px) 100vw, 800px\" \/><\/figure><\/li><li class=\"blocks-gallery-item\"><figure><img decoding=\"async\" width=\"800\" height=\"533\" src=\"https:\/\/marekkuchcinski.pl\/wp-content\/uploads\/2019\/06\/t2.jpg\" alt=\"\" data-id=\"16052\" data-link=\"https:\/\/marekkuchcinski.pl\/?attachment_id=16052\" class=\"wp-image-16052\" srcset=\"https:\/\/marekkuchcinski.pl\/wp-content\/uploads\/2019\/06\/t2.jpg 800w, https:\/\/marekkuchcinski.pl\/wp-content\/uploads\/2019\/06\/t2-300x200.jpg 300w, https:\/\/marekkuchcinski.pl\/wp-content\/uploads\/2019\/06\/t2-768x512.jpg 768w\" sizes=\"(max-width: 800px) 100vw, 800px\" \/><\/figure><\/li><li class=\"blocks-gallery-item\"><figure><img decoding=\"async\" width=\"800\" height=\"533\" src=\"https:\/\/marekkuchcinski.pl\/wp-content\/uploads\/2019\/06\/t1.jpg\" alt=\"\" data-id=\"16053\" data-link=\"https:\/\/marekkuchcinski.pl\/?attachment_id=16053\" class=\"wp-image-16053\" srcset=\"https:\/\/marekkuchcinski.pl\/wp-content\/uploads\/2019\/06\/t1.jpg 800w, https:\/\/marekkuchcinski.pl\/wp-content\/uploads\/2019\/06\/t1-300x200.jpg 300w, https:\/\/marekkuchcinski.pl\/wp-content\/uploads\/2019\/06\/t1-768x512.jpg 768w\" sizes=\"(max-width: 800px) 100vw, 800px\" \/><\/figure><\/li><\/ul>","protected":false},"excerpt":{"rendered":"<p>Najwy\u017csi rang\u0105 urz\u0119dnicy pa\u0144stwowi i liczni go\u015bcie z Polski i zagranicy zebrali si\u0119 we wtorek 4 czerwca w Teatrze Wielkim &#8211; Operze Narodowej w Warszawie, by wsp\u00f3lnie uczci\u0107 pami\u0119\u0107 o demokratycznym prze\u0142omie 1989 roku. Uroczysty koncert orkiestry Sinfonia Varsovia odby\u0142 si\u0119 dok\u0142adnie 30 lat po pierwszych cz\u0119\u015bciowo wolnych wyborach parlamentarnych, kt\u00f3re otworzy\u0142y nowy rozdzia\u0142 w [&hellip;]<\/p>","protected":false},"author":6,"featured_media":16053,"comment_status":"open","ping_status":"open","sticky":false,"template":"","format":"standard","meta":{"ngg_post_thumbnail":0,"footnotes":""},"categories":[77,3],"tags":[],"class_list":["post-16048","post","type-post","status-publish","format-standard","has-post-thumbnail","hentry","category-wazne-daty","category-wydarzenia"],"yoast_head":"<!-- This site is optimized with the Yoast SEO plugin v24.7 - https:\/\/yoast.com\/wordpress\/plugins\/seo\/ -->\n<title>Opera Narodowa: uroczysty koncert z okazji 30. rocznicy wybor\u00f3w 4 czerwca 1989 roku z udzia\u0142em marsza\u0142ka Sejmu &#8211; Marek Kuchci\u0144ski<\/title>\n<meta name=\"robots\" content=\"index, follow, max-snippet:-1, max-image-preview:large, max-video-preview:-1\" \/>\n<link rel=\"canonical\" href=\"https:\/\/marekkuchcinski.pl\/en\/wydarzenia\/opera-narodowa-uroczysty-koncert-z-okazji-30-rocznicy-wyborow-4-czerwca-1989-roku-z-udzialem-marszalka-sejmu\/\" \/>\n<meta property=\"og:locale\" content=\"en_GB\" \/>\n<meta property=\"og:type\" content=\"article\" \/>\n<meta property=\"og:title\" content=\"Opera Narodowa: uroczysty koncert z okazji 30. rocznicy wybor\u00f3w 4 czerwca 1989 roku z udzia\u0142em marsza\u0142ka Sejmu &#8211; Marek Kuchci\u0144ski\" \/>\n<meta property=\"og:description\" content=\"Najwy\u017csi rang\u0105 urz\u0119dnicy pa\u0144stwowi i liczni go\u015bcie z Polski i zagranicy zebrali si\u0119 we wtorek 4 czerwca w Teatrze Wielkim &#8211; Operze Narodowej w Warszawie, by wsp\u00f3lnie uczci\u0107 pami\u0119\u0107 o demokratycznym prze\u0142omie 1989 roku. Uroczysty koncert orkiestry Sinfonia Varsovia odby\u0142 si\u0119 dok\u0142adnie 30 lat po pierwszych cz\u0119\u015bciowo wolnych wyborach parlamentarnych, kt\u00f3re otworzy\u0142y nowy rozdzia\u0142 w [&hellip;]\" \/>\n<meta property=\"og:url\" content=\"https:\/\/marekkuchcinski.pl\/en\/wydarzenia\/opera-narodowa-uroczysty-koncert-z-okazji-30-rocznicy-wyborow-4-czerwca-1989-roku-z-udzialem-marszalka-sejmu\/\" \/>\n<meta property=\"og:site_name\" content=\"Marek Kuchci\u0144ski\" \/>\n<meta property=\"article:published_time\" content=\"2019-06-05T07:19:09+00:00\" \/>\n<meta property=\"article:modified_time\" content=\"2019-06-05T07:19:10+00:00\" \/>\n<meta property=\"og:image\" content=\"https:\/\/marekkuchcinski.pl\/wp-content\/uploads\/2019\/06\/t1.jpg\" \/>\n\t<meta property=\"og:image:width\" content=\"800\" \/>\n\t<meta property=\"og:image:height\" content=\"533\" \/>\n\t<meta property=\"og:image:type\" content=\"image\/jpeg\" \/>\n<meta name=\"author\" content=\"admin\" \/>\n<meta name=\"twitter:card\" content=\"summary_large_image\" \/>\n<meta name=\"twitter:label1\" content=\"Written by\" \/>\n\t<meta name=\"twitter:data1\" content=\"admin\" \/>\n\t<meta name=\"twitter:label2\" content=\"Estimated reading time\" \/>\n\t<meta name=\"twitter:data2\" content=\"2 minutes\" \/>\n<script type=\"application\/ld+json\" class=\"yoast-schema-graph\">{\"@context\":\"https:\/\/schema.org\",\"@graph\":[{\"@type\":\"Article\",\"@id\":\"https:\/\/marekkuchcinski.pl\/wydarzenia\/opera-narodowa-uroczysty-koncert-z-okazji-30-rocznicy-wyborow-4-czerwca-1989-roku-z-udzialem-marszalka-sejmu\/#article\",\"isPartOf\":{\"@id\":\"https:\/\/marekkuchcinski.pl\/wydarzenia\/opera-narodowa-uroczysty-koncert-z-okazji-30-rocznicy-wyborow-4-czerwca-1989-roku-z-udzialem-marszalka-sejmu\/\"},\"author\":{\"name\":\"admin\",\"@id\":\"https:\/\/marekkuchcinski.pl\/#\/schema\/person\/6f62700996b4d950b6ea2d1183b6c6be\"},\"headline\":\"Opera Narodowa: uroczysty koncert z okazji 30. rocznicy wybor\u00f3w 4 czerwca 1989 roku z udzia\u0142em marsza\u0142ka Sejmu\",\"datePublished\":\"2019-06-05T07:19:09+00:00\",\"dateModified\":\"2019-06-05T07:19:10+00:00\",\"mainEntityOfPage\":{\"@id\":\"https:\/\/marekkuchcinski.pl\/wydarzenia\/opera-narodowa-uroczysty-koncert-z-okazji-30-rocznicy-wyborow-4-czerwca-1989-roku-z-udzialem-marszalka-sejmu\/\"},\"wordCount\":409,\"commentCount\":0,\"publisher\":{\"@id\":\"https:\/\/marekkuchcinski.pl\/#organization\"},\"image\":{\"@id\":\"https:\/\/marekkuchcinski.pl\/wydarzenia\/opera-narodowa-uroczysty-koncert-z-okazji-30-rocznicy-wyborow-4-czerwca-1989-roku-z-udzialem-marszalka-sejmu\/#primaryimage\"},\"thumbnailUrl\":\"https:\/\/marekkuchcinski.pl\/wp-content\/uploads\/2019\/06\/t1.jpg\",\"articleSection\":[\"Wa\u017cne daty\",\"Wydarzenia\"],\"inLanguage\":\"en-GB\",\"potentialAction\":[{\"@type\":\"CommentAction\",\"name\":\"Comment\",\"target\":[\"https:\/\/marekkuchcinski.pl\/wydarzenia\/opera-narodowa-uroczysty-koncert-z-okazji-30-rocznicy-wyborow-4-czerwca-1989-roku-z-udzialem-marszalka-sejmu\/#respond\"]}]},{\"@type\":\"WebPage\",\"@id\":\"https:\/\/marekkuchcinski.pl\/wydarzenia\/opera-narodowa-uroczysty-koncert-z-okazji-30-rocznicy-wyborow-4-czerwca-1989-roku-z-udzialem-marszalka-sejmu\/\",\"url\":\"https:\/\/marekkuchcinski.pl\/wydarzenia\/opera-narodowa-uroczysty-koncert-z-okazji-30-rocznicy-wyborow-4-czerwca-1989-roku-z-udzialem-marszalka-sejmu\/\",\"name\":\"Opera Narodowa: uroczysty koncert z okazji 30. rocznicy wybor\u00f3w 4 czerwca 1989 roku z udzia\u0142em marsza\u0142ka Sejmu &#8211; Marek Kuchci\u0144ski\",\"isPartOf\":{\"@id\":\"https:\/\/marekkuchcinski.pl\/#website\"},\"primaryImageOfPage\":{\"@id\":\"https:\/\/marekkuchcinski.pl\/wydarzenia\/opera-narodowa-uroczysty-koncert-z-okazji-30-rocznicy-wyborow-4-czerwca-1989-roku-z-udzialem-marszalka-sejmu\/#primaryimage\"},\"image\":{\"@id\":\"https:\/\/marekkuchcinski.pl\/wydarzenia\/opera-narodowa-uroczysty-koncert-z-okazji-30-rocznicy-wyborow-4-czerwca-1989-roku-z-udzialem-marszalka-sejmu\/#primaryimage\"},\"thumbnailUrl\":\"https:\/\/marekkuchcinski.pl\/wp-content\/uploads\/2019\/06\/t1.jpg\",\"datePublished\":\"2019-06-05T07:19:09+00:00\",\"dateModified\":\"2019-06-05T07:19:10+00:00\",\"breadcrumb\":{\"@id\":\"https:\/\/marekkuchcinski.pl\/wydarzenia\/opera-narodowa-uroczysty-koncert-z-okazji-30-rocznicy-wyborow-4-czerwca-1989-roku-z-udzialem-marszalka-sejmu\/#breadcrumb\"},\"inLanguage\":\"en-GB\",\"potentialAction\":[{\"@type\":\"ReadAction\",\"target\":[\"https:\/\/marekkuchcinski.pl\/wydarzenia\/opera-narodowa-uroczysty-koncert-z-okazji-30-rocznicy-wyborow-4-czerwca-1989-roku-z-udzialem-marszalka-sejmu\/\"]}]},{\"@type\":\"ImageObject\",\"inLanguage\":\"en-GB\",\"@id\":\"https:\/\/marekkuchcinski.pl\/wydarzenia\/opera-narodowa-uroczysty-koncert-z-okazji-30-rocznicy-wyborow-4-czerwca-1989-roku-z-udzialem-marszalka-sejmu\/#primaryimage\",\"url\":\"https:\/\/marekkuchcinski.pl\/wp-content\/uploads\/2019\/06\/t1.jpg\",\"contentUrl\":\"https:\/\/marekkuchcinski.pl\/wp-content\/uploads\/2019\/06\/t1.jpg\",\"width\":800,\"height\":533},{\"@type\":\"BreadcrumbList\",\"@id\":\"https:\/\/marekkuchcinski.pl\/wydarzenia\/opera-narodowa-uroczysty-koncert-z-okazji-30-rocznicy-wyborow-4-czerwca-1989-roku-z-udzialem-marszalka-sejmu\/#breadcrumb\",\"itemListElement\":[{\"@type\":\"ListItem\",\"position\":1,\"name\":\"Strona g\u0142\u00f3wna\",\"item\":\"https:\/\/marekkuchcinski.pl\/\"},{\"@type\":\"ListItem\",\"position\":2,\"name\":\"Opera Narodowa: uroczysty koncert z okazji 30. rocznicy wybor\u00f3w 4 czerwca 1989 roku z udzia\u0142em marsza\u0142ka Sejmu\"}]},{\"@type\":\"WebSite\",\"@id\":\"https:\/\/marekkuchcinski.pl\/#website\",\"url\":\"https:\/\/marekkuchcinski.pl\/\",\"name\":\"Marek Kuchci\u0144ski\",\"description\":\"Pose\u0142 na sejm RP &ndash; okr\u0119g nr 22\",\"publisher\":{\"@id\":\"https:\/\/marekkuchcinski.pl\/#organization\"},\"potentialAction\":[{\"@type\":\"SearchAction\",\"target\":{\"@type\":\"EntryPoint\",\"urlTemplate\":\"https:\/\/marekkuchcinski.pl\/?s={search_term_string}\"},\"query-input\":{\"@type\":\"PropertyValueSpecification\",\"valueRequired\":true,\"valueName\":\"search_term_string\"}}],\"inLanguage\":\"en-GB\"},{\"@type\":\"Organization\",\"@id\":\"https:\/\/marekkuchcinski.pl\/#organization\",\"name\":\"Marek Kuchci\u0144ski\",\"url\":\"https:\/\/marekkuchcinski.pl\/\",\"logo\":{\"@type\":\"ImageObject\",\"inLanguage\":\"en-GB\",\"@id\":\"https:\/\/marekkuchcinski.pl\/#\/schema\/logo\/image\/\",\"url\":\"https:\/\/marekkuchcinski.pl\/wp-content\/uploads\/2022\/09\/Marek.jpg\",\"contentUrl\":\"https:\/\/marekkuchcinski.pl\/wp-content\/uploads\/2022\/09\/Marek.jpg\",\"width\":1600,\"height\":971,\"caption\":\"Marek Kuchci\u0144ski\"},\"image\":{\"@id\":\"https:\/\/marekkuchcinski.pl\/#\/schema\/logo\/image\/\"}},{\"@type\":\"Person\",\"@id\":\"https:\/\/marekkuchcinski.pl\/#\/schema\/person\/6f62700996b4d950b6ea2d1183b6c6be\",\"name\":\"admin\",\"image\":{\"@type\":\"ImageObject\",\"inLanguage\":\"en-GB\",\"@id\":\"https:\/\/marekkuchcinski.pl\/#\/schema\/person\/image\/\",\"url\":\"https:\/\/secure.gravatar.com\/avatar\/4bab693b9d55c3d6b52c0296a8765085?s=96&d=mm&r=g\",\"contentUrl\":\"https:\/\/secure.gravatar.com\/avatar\/4bab693b9d55c3d6b52c0296a8765085?s=96&d=mm&r=g\",\"caption\":\"admin\"},\"url\":\"https:\/\/marekkuchcinski.pl\/en\/author\/marta-olejnik\/\"}]}<\/script>\n<!-- \/ Yoast SEO plugin. -->","yoast_head_json":{"title":"Opera Narodowa: uroczysty koncert z okazji 30. rocznicy wybor\u00f3w 4 czerwca 1989 roku z udzia\u0142em marsza\u0142ka Sejmu &#8211; Marek Kuchci\u0144ski","robots":{"index":"index","follow":"follow","max-snippet":"max-snippet:-1","max-image-preview":"max-image-preview:large","max-video-preview":"max-video-preview:-1"},"canonical":"https:\/\/marekkuchcinski.pl\/en\/wydarzenia\/opera-narodowa-uroczysty-koncert-z-okazji-30-rocznicy-wyborow-4-czerwca-1989-roku-z-udzialem-marszalka-sejmu\/","og_locale":"en_GB","og_type":"article","og_title":"Opera Narodowa: uroczysty koncert z okazji 30. rocznicy wybor\u00f3w 4 czerwca 1989 roku z udzia\u0142em marsza\u0142ka Sejmu &#8211; Marek Kuchci\u0144ski","og_description":"Najwy\u017csi rang\u0105 urz\u0119dnicy pa\u0144stwowi i liczni go\u015bcie z Polski i zagranicy zebrali si\u0119 we wtorek 4 czerwca w Teatrze Wielkim &#8211; Operze Narodowej w Warszawie, by wsp\u00f3lnie uczci\u0107 pami\u0119\u0107 o demokratycznym prze\u0142omie 1989 roku. Uroczysty koncert orkiestry Sinfonia Varsovia odby\u0142 si\u0119 dok\u0142adnie 30 lat po pierwszych cz\u0119\u015bciowo wolnych wyborach parlamentarnych, kt\u00f3re otworzy\u0142y nowy rozdzia\u0142 w [&hellip;]","og_url":"https:\/\/marekkuchcinski.pl\/en\/wydarzenia\/opera-narodowa-uroczysty-koncert-z-okazji-30-rocznicy-wyborow-4-czerwca-1989-roku-z-udzialem-marszalka-sejmu\/","og_site_name":"Marek Kuchci\u0144ski","article_published_time":"2019-06-05T07:19:09+00:00","article_modified_time":"2019-06-05T07:19:10+00:00","og_image":[{"width":800,"height":533,"url":"https:\/\/marekkuchcinski.pl\/wp-content\/uploads\/2019\/06\/t1.jpg","type":"image\/jpeg"}],"author":"admin","twitter_card":"summary_large_image","twitter_misc":{"Written by":"admin","Estimated reading time":"2 minutes"},"schema":{"@context":"https:\/\/schema.org","@graph":[{"@type":"Article","@id":"https:\/\/marekkuchcinski.pl\/wydarzenia\/opera-narodowa-uroczysty-koncert-z-okazji-30-rocznicy-wyborow-4-czerwca-1989-roku-z-udzialem-marszalka-sejmu\/#article","isPartOf":{"@id":"https:\/\/marekkuchcinski.pl\/wydarzenia\/opera-narodowa-uroczysty-koncert-z-okazji-30-rocznicy-wyborow-4-czerwca-1989-roku-z-udzialem-marszalka-sejmu\/"},"author":{"name":"admin","@id":"https:\/\/marekkuchcinski.pl\/#\/schema\/person\/6f62700996b4d950b6ea2d1183b6c6be"},"headline":"Opera Narodowa: uroczysty koncert z okazji 30. rocznicy wybor\u00f3w 4 czerwca 1989 roku z udzia\u0142em marsza\u0142ka Sejmu","datePublished":"2019-06-05T07:19:09+00:00","dateModified":"2019-06-05T07:19:10+00:00","mainEntityOfPage":{"@id":"https:\/\/marekkuchcinski.pl\/wydarzenia\/opera-narodowa-uroczysty-koncert-z-okazji-30-rocznicy-wyborow-4-czerwca-1989-roku-z-udzialem-marszalka-sejmu\/"},"wordCount":409,"commentCount":0,"publisher":{"@id":"https:\/\/marekkuchcinski.pl\/#organization"},"image":{"@id":"https:\/\/marekkuchcinski.pl\/wydarzenia\/opera-narodowa-uroczysty-koncert-z-okazji-30-rocznicy-wyborow-4-czerwca-1989-roku-z-udzialem-marszalka-sejmu\/#primaryimage"},"thumbnailUrl":"https:\/\/marekkuchcinski.pl\/wp-content\/uploads\/2019\/06\/t1.jpg","articleSection":["Wa\u017cne daty","Wydarzenia"],"inLanguage":"en-GB","potentialAction":[{"@type":"CommentAction","name":"Comment","target":["https:\/\/marekkuchcinski.pl\/wydarzenia\/opera-narodowa-uroczysty-koncert-z-okazji-30-rocznicy-wyborow-4-czerwca-1989-roku-z-udzialem-marszalka-sejmu\/#respond"]}]},{"@type":"WebPage","@id":"https:\/\/marekkuchcinski.pl\/wydarzenia\/opera-narodowa-uroczysty-koncert-z-okazji-30-rocznicy-wyborow-4-czerwca-1989-roku-z-udzialem-marszalka-sejmu\/","url":"https:\/\/marekkuchcinski.pl\/wydarzenia\/opera-narodowa-uroczysty-koncert-z-okazji-30-rocznicy-wyborow-4-czerwca-1989-roku-z-udzialem-marszalka-sejmu\/","name":"Opera Narodowa: uroczysty koncert z okazji 30. rocznicy wybor\u00f3w 4 czerwca 1989 roku z udzia\u0142em marsza\u0142ka Sejmu &#8211; Marek Kuchci\u0144ski","isPartOf":{"@id":"https:\/\/marekkuchcinski.pl\/#website"},"primaryImageOfPage":{"@id":"https:\/\/marekkuchcinski.pl\/wydarzenia\/opera-narodowa-uroczysty-koncert-z-okazji-30-rocznicy-wyborow-4-czerwca-1989-roku-z-udzialem-marszalka-sejmu\/#primaryimage"},"image":{"@id":"https:\/\/marekkuchcinski.pl\/wydarzenia\/opera-narodowa-uroczysty-koncert-z-okazji-30-rocznicy-wyborow-4-czerwca-1989-roku-z-udzialem-marszalka-sejmu\/#primaryimage"},"thumbnailUrl":"https:\/\/marekkuchcinski.pl\/wp-content\/uploads\/2019\/06\/t1.jpg","datePublished":"2019-06-05T07:19:09+00:00","dateModified":"2019-06-05T07:19:10+00:00","breadcrumb":{"@id":"https:\/\/marekkuchcinski.pl\/wydarzenia\/opera-narodowa-uroczysty-koncert-z-okazji-30-rocznicy-wyborow-4-czerwca-1989-roku-z-udzialem-marszalka-sejmu\/#breadcrumb"},"inLanguage":"en-GB","potentialAction":[{"@type":"ReadAction","target":["https:\/\/marekkuchcinski.pl\/wydarzenia\/opera-narodowa-uroczysty-koncert-z-okazji-30-rocznicy-wyborow-4-czerwca-1989-roku-z-udzialem-marszalka-sejmu\/"]}]},{"@type":"ImageObject","inLanguage":"en-GB","@id":"https:\/\/marekkuchcinski.pl\/wydarzenia\/opera-narodowa-uroczysty-koncert-z-okazji-30-rocznicy-wyborow-4-czerwca-1989-roku-z-udzialem-marszalka-sejmu\/#primaryimage","url":"https:\/\/marekkuchcinski.pl\/wp-content\/uploads\/2019\/06\/t1.jpg","contentUrl":"https:\/\/marekkuchcinski.pl\/wp-content\/uploads\/2019\/06\/t1.jpg","width":800,"height":533},{"@type":"BreadcrumbList","@id":"https:\/\/marekkuchcinski.pl\/wydarzenia\/opera-narodowa-uroczysty-koncert-z-okazji-30-rocznicy-wyborow-4-czerwca-1989-roku-z-udzialem-marszalka-sejmu\/#breadcrumb","itemListElement":[{"@type":"ListItem","position":1,"name":"Strona g\u0142\u00f3wna","item":"https:\/\/marekkuchcinski.pl\/"},{"@type":"ListItem","position":2,"name":"Opera Narodowa: uroczysty koncert z okazji 30. rocznicy wybor\u00f3w 4 czerwca 1989 roku z udzia\u0142em marsza\u0142ka Sejmu"}]},{"@type":"WebSite","@id":"https:\/\/marekkuchcinski.pl\/#website","url":"https:\/\/marekkuchcinski.pl\/","name":"Marek Kuchci\u0144ski","description":"Pose\u0142 na sejm RP &ndash; okr\u0119g nr 22","publisher":{"@id":"https:\/\/marekkuchcinski.pl\/#organization"},"potentialAction":[{"@type":"SearchAction","target":{"@type":"EntryPoint","urlTemplate":"https:\/\/marekkuchcinski.pl\/?s={search_term_string}"},"query-input":{"@type":"PropertyValueSpecification","valueRequired":true,"valueName":"search_term_string"}}],"inLanguage":"en-GB"},{"@type":"Organization","@id":"https:\/\/marekkuchcinski.pl\/#organization","name":"Marek Kuchci\u0144ski","url":"https:\/\/marekkuchcinski.pl\/","logo":{"@type":"ImageObject","inLanguage":"en-GB","@id":"https:\/\/marekkuchcinski.pl\/#\/schema\/logo\/image\/","url":"https:\/\/marekkuchcinski.pl\/wp-content\/uploads\/2022\/09\/Marek.jpg","contentUrl":"https:\/\/marekkuchcinski.pl\/wp-content\/uploads\/2022\/09\/Marek.jpg","width":1600,"height":971,"caption":"Marek Kuchci\u0144ski"},"image":{"@id":"https:\/\/marekkuchcinski.pl\/#\/schema\/logo\/image\/"}},{"@type":"Person","@id":"https:\/\/marekkuchcinski.pl\/#\/schema\/person\/6f62700996b4d950b6ea2d1183b6c6be","name":"admin","image":{"@type":"ImageObject","inLanguage":"en-GB","@id":"https:\/\/marekkuchcinski.pl\/#\/schema\/person\/image\/","url":"https:\/\/secure.gravatar.com\/avatar\/4bab693b9d55c3d6b52c0296a8765085?s=96&d=mm&r=g","contentUrl":"https:\/\/secure.gravatar.com\/avatar\/4bab693b9d55c3d6b52c0296a8765085?s=96&d=mm&r=g","caption":"admin"},"url":"https:\/\/marekkuchcinski.pl\/en\/author\/marta-olejnik\/"}]}},"_links":{"self":[{"href":"https:\/\/marekkuchcinski.pl\/en\/wp-json\/wp\/v2\/posts\/16048","targetHints":{"allow":["GET"]}}],"collection":[{"href":"https:\/\/marekkuchcinski.pl\/en\/wp-json\/wp\/v2\/posts"}],"about":[{"href":"https:\/\/marekkuchcinski.pl\/en\/wp-json\/wp\/v2\/types\/post"}],"author":[{"embeddable":true,"href":"https:\/\/marekkuchcinski.pl\/en\/wp-json\/wp\/v2\/users\/6"}],"replies":[{"embeddable":true,"href":"https:\/\/marekkuchcinski.pl\/en\/wp-json\/wp\/v2\/comments?post=16048"}],"version-history":[{"count":2,"href":"https:\/\/marekkuchcinski.pl\/en\/wp-json\/wp\/v2\/posts\/16048\/revisions"}],"predecessor-version":[{"id":16054,"href":"https:\/\/marekkuchcinski.pl\/en\/wp-json\/wp\/v2\/posts\/16048\/revisions\/16054"}],"wp:featuredmedia":[{"embeddable":true,"href":"https:\/\/marekkuchcinski.pl\/en\/wp-json\/wp\/v2\/media\/16053"}],"wp:attachment":[{"href":"https:\/\/marekkuchcinski.pl\/en\/wp-json\/wp\/v2\/media?parent=16048"}],"wp:term":[{"taxonomy":"category","embeddable":true,"href":"https:\/\/marekkuchcinski.pl\/en\/wp-json\/wp\/v2\/categories?post=16048"},{"taxonomy":"post_tag","embeddable":true,"href":"https:\/\/marekkuchcinski.pl\/en\/wp-json\/wp\/v2\/tags?post=16048"}],"curies":[{"name":"wp","href":"https:\/\/api.w.org\/{rel}","templated":true}]}}