{"id":16035,"date":"2019-06-05T14:48:57","date_gmt":"2019-06-05T12:48:57","guid":{"rendered":"https:\/\/marekkuchcinski.pl\/?p=16035"},"modified":"2020-01-25T11:26:08","modified_gmt":"2020-01-25T10:26:08","slug":"prof-roger-scruton-odznaczony-krzyzem-wielkim-orderu-zaslugi-rzeczypospolitej-polskiej","status":"publish","type":"post","link":"https:\/\/marekkuchcinski.pl\/en\/wydarzenia\/prof-roger-scruton-odznaczony-krzyzem-wielkim-orderu-zaslugi-rzeczypospolitej-polskiej\/","title":{"rendered":"Professor Roger Scruton awarded the Grand Cross of the Order of Merit of the Republic of Poland"},"content":{"rendered":"<p>The President of the Republic of Poland awarded the Grand Cross of the Order of Merit of the Republic of Poland to Roger Scruton, a citizen of the United Kingdom of Great Britain and Northern Ireland, in recognition of his outstanding contribution to supporting democratic change in Poland and for developing Polish-British scientific and academic cooperation. <\/p>\n\n\n\n<p>- Communism ended thanks to the faith and patriotism of the Polish people. I am honored to have played a modest role in that,\" said Professor Roger Scruton. - It is important to defend ideas in opposition to ideologies... Let us remember that communism was imposed on the nation by the Soviets to whom Poles were subordinate... We succeeded thanks to traditions and identity, Catholic faith, sense of history and courage. The Poles set a very good example. And just as we in the West once tried to help Poland, we now need your help,\" Scruton argued.<\/p>\n\n\n\n<p><strong>In the 1980s, Scruton supported the anti-communist opposition. Among others, he collaborated with the current Speaker of the Sejm, Marek Kuchcinski. In the introduction to a reprint of a magazine published by Kuchcinski, he wrote:<\/strong><\/p>\n\n\n\n<p>I traveled in search of small groups of people who wanted to discuss, learn, ask questions, and recapture at least some of the intellectual life that once flourished in Poland. I was always followed, and I could generally recognize the scoundrels who had a contract on me by their large cauliflower ears and noses dripping into their damp mustaches. They were the kind of people only the security police could hire. Everywhere I went it was clear how effectively the Communist Party had once again wiped out Poland's civil society, leaving the remnants to the Church. There was a grim realization in people that there was no point in arguing because nothing would ever change as a result of the dispute. It was best to take care of one's family and stay close to the Church.<\/p>\n\n\n\n<p>In the 1980s, the Solidarity period was already a\nmemory, and martial law had reduced Poland to a kind of\nsomnambulistic silence. I traveled in search of small groups of people who\nwanted to discuss, learn, ask questions, and recapture at least some of the intellectual life that\nintellectual life that once flourished in Poland. I was always followed and\ngenerally I could recognize the scoundrels who had an assignment on me by their large\ncauliflower ears and noses dripping into their moist mustaches. They were\nmen that only the security police could employ. Everywhere\nI did not go it was clear how effectively the Communist Party had once again\nwiped out Poland's civil society, leaving the remnants to the Church.\nThere was a grim realization in people that there was no point in arguing because nothing\nwould ever change as a result of the dispute. It was best to take care of your family and\nstay close to the Church.<\/p>\n\n\n\n<p>And then I stumbled upon Przemy\u015bl. Thanks to\nMark Matraszek's careful work, we learned about the society of citizens in\nthis old and once prosperous Galician city, who published an underground magazine,\n<em>The Cultural Attic<\/em>and who met, not like our friends from\nCzech Republic, in some cellar or boiler room underground, but on top of buildings,\nas if they didn't care who could see them. Their discussion group was\ndescribed as <em>attic<\/em>,\na place under a roof, and when I met them I found myself in an open society\nof normal, petty bourgeois people who were determined to live,\npaint, write and discuss, as if the Party was nothing more than a stream of\nof dirty water flowing in the sewage below.<\/p>\n\n\n\n<p>At\nThey were headed by Marek Kuchcinski, a former student of art history who lived outside\nsystem and was an ardent believer in culture as a liberation of the spirit and\nopposing the totalitarian order. The following people gathered around him\nwriters, painters, teachers, and it was thanks to him that I was able to organize\na series of visits by Western intellectuals to discuss in these attics\nthe most important issues of the day.<\/p>\n\n\n\n<p>Things\nbegan to change quickly, but the image of Przemy\u015bl as a\na haven for civil society in a bleak socialist state. It was\na place determined to preserve its identity as a city, culture, and lifestyle.\nlifestyle. When the communists finally capitulated I read with joy that Marek\nKuchci\u0144ski had been elected as a councilor, and later as an MP, of the city he had\nI look back fondly on those times. I look back with pleasure on those times when\nart and culture were symbols of the freedom of the human spirit and I recall how important\nI remember how important it was that small underground magazines, such as <em>The Cultural Attic<\/em>They kept the memory of\nof freedom and were the seedbeds of a civil society that was soon to\nto sprout again.<\/p>\n\n\n\n<p><em>text<\/em>\/ <em>Photo by M. Olejnik<\/em><\/p>\n\n\n\n<figure class=\"wp-block-embed-youtube wp-block-embed is-type-video is-provider-youtube wp-embed-aspect-16-9 wp-has-aspect-ratio\"><div class=\"wp-block-embed__wrapper\">\n<iframe title=\"Roger Scruton receives the Grand Cross of the Order of Merit of the Republic of Poland\" width=\"800\" height=\"450\" src=\"https:\/\/www.youtube.com\/embed\/lj-6xVtlrkw?start=787&#038;feature=oembed\" frameborder=\"0\" allow=\"accelerometer; autoplay; clipboard-write; encrypted-media; gyroscope; picture-in-picture\" allowfullscreen><\/iframe>\n<\/div><\/figure>\n\n\n\n<figure class=\"wp-block-image\"><img fetchpriority=\"high\" decoding=\"async\" width=\"1024\" height=\"726\" src=\"https:\/\/marekkuchcinski.pl\/wp-content\/uploads\/2019\/06\/sr-1-1024x726.jpg\" alt=\"\" class=\"wp-image-16087\" srcset=\"https:\/\/marekkuchcinski.pl\/wp-content\/uploads\/2019\/06\/sr-1-1024x726.jpg 1024w, https:\/\/marekkuchcinski.pl\/wp-content\/uploads\/2019\/06\/sr-1-300x213.jpg 300w, https:\/\/marekkuchcinski.pl\/wp-content\/uploads\/2019\/06\/sr-1-768x545.jpg 768w, https:\/\/marekkuchcinski.pl\/wp-content\/uploads\/2019\/06\/sr-1.jpg 2048w\" sizes=\"(max-width: 1024px) 100vw, 1024px\" \/><\/figure>\n\n\n\n<ul class=\"wp-block-gallery columns-1 is-cropped wp-block-gallery-1 is-layout-flex wp-block-gallery-is-layout-flex\"><li class=\"blocks-gallery-item\"><figure><img decoding=\"async\" width=\"1024\" height=\"682\" src=\"https:\/\/marekkuchcinski.pl\/wp-content\/uploads\/2019\/06\/msc-1-1024x682.jpg\" alt=\"\" data-id=\"16076\" data-link=\"https:\/\/marekkuchcinski.pl\/?attachment_id=16076\" class=\"wp-image-16076\" srcset=\"https:\/\/marekkuchcinski.pl\/wp-content\/uploads\/2019\/06\/msc-1-1024x682.jpg 1024w, https:\/\/marekkuchcinski.pl\/wp-content\/uploads\/2019\/06\/msc-1-300x200.jpg 300w, https:\/\/marekkuchcinski.pl\/wp-content\/uploads\/2019\/06\/msc-1-768x512.jpg 768w, https:\/\/marekkuchcinski.pl\/wp-content\/uploads\/2019\/06\/msc-1.jpg 2048w\" sizes=\"(max-width: 1024px) 100vw, 1024px\" \/><\/figure><\/li><li class=\"blocks-gallery-item\"><figure><img decoding=\"async\" width=\"1024\" height=\"683\" src=\"https:\/\/marekkuchcinski.pl\/wp-content\/uploads\/2019\/06\/s6-2-1024x683.jpg\" alt=\"\" data-id=\"16082\" data-link=\"https:\/\/marekkuchcinski.pl\/?attachment_id=16082\" class=\"wp-image-16082\" srcset=\"https:\/\/marekkuchcinski.pl\/wp-content\/uploads\/2019\/06\/s6-2-1024x683.jpg 1024w, https:\/\/marekkuchcinski.pl\/wp-content\/uploads\/2019\/06\/s6-2-300x200.jpg 300w, https:\/\/marekkuchcinski.pl\/wp-content\/uploads\/2019\/06\/s6-2-768x512.jpg 768w, https:\/\/marekkuchcinski.pl\/wp-content\/uploads\/2019\/06\/s6-2.jpg 2048w\" sizes=\"(max-width: 1024px) 100vw, 1024px\" \/><\/figure><\/li><li class=\"blocks-gallery-item\"><figure><img loading=\"lazy\" decoding=\"async\" width=\"1024\" height=\"683\" src=\"https:\/\/marekkuchcinski.pl\/wp-content\/uploads\/2019\/06\/sr2-1024x683.jpg\" alt=\"\" data-id=\"16085\" data-link=\"https:\/\/marekkuchcinski.pl\/?attachment_id=16085\" class=\"wp-image-16085\" srcset=\"https:\/\/marekkuchcinski.pl\/wp-content\/uploads\/2019\/06\/sr2-1024x683.jpg 1024w, https:\/\/marekkuchcinski.pl\/wp-content\/uploads\/2019\/06\/sr2-300x200.jpg 300w, https:\/\/marekkuchcinski.pl\/wp-content\/uploads\/2019\/06\/sr2-768x512.jpg 768w, https:\/\/marekkuchcinski.pl\/wp-content\/uploads\/2019\/06\/sr2.jpg 2048w\" sizes=\"(max-width: 1024px) 100vw, 1024px\" \/><\/figure><\/li><li class=\"blocks-gallery-item\"><figure><img loading=\"lazy\" decoding=\"async\" width=\"1024\" height=\"702\" src=\"https:\/\/marekkuchcinski.pl\/wp-content\/uploads\/2019\/06\/scrut-1-1024x702.jpg\" alt=\"\" data-id=\"16086\" data-link=\"https:\/\/marekkuchcinski.pl\/?attachment_id=16086\" class=\"wp-image-16086\" srcset=\"https:\/\/marekkuchcinski.pl\/wp-content\/uploads\/2019\/06\/scrut-1-1024x702.jpg 1024w, https:\/\/marekkuchcinski.pl\/wp-content\/uploads\/2019\/06\/scrut-1-300x206.jpg 300w, https:\/\/marekkuchcinski.pl\/wp-content\/uploads\/2019\/06\/scrut-1-768x527.jpg 768w, https:\/\/marekkuchcinski.pl\/wp-content\/uploads\/2019\/06\/scrut-1.jpg 2048w\" sizes=\"(max-width: 1024px) 100vw, 1024px\" \/><\/figure><\/li><li class=\"blocks-gallery-item\"><figure><img loading=\"lazy\" decoding=\"async\" width=\"1024\" height=\"683\" src=\"https:\/\/marekkuchcinski.pl\/wp-content\/uploads\/2019\/06\/rog-1-1024x683.jpg\" alt=\"\" data-id=\"16136\" data-link=\"https:\/\/marekkuchcinski.pl\/wydarzenia\/prof-roger-scruton-odznaczony-krzyzem-wielkim-orderu-zaslugi-rzeczypospolitej-polskiej\/attachment\/rog-2\/\" class=\"wp-image-16136\" srcset=\"https:\/\/marekkuchcinski.pl\/wp-content\/uploads\/2019\/06\/rog-1-1024x683.jpg 1024w, https:\/\/marekkuchcinski.pl\/wp-content\/uploads\/2019\/06\/rog-1-300x200.jpg 300w, https:\/\/marekkuchcinski.pl\/wp-content\/uploads\/2019\/06\/rog-1-768x512.jpg 768w, https:\/\/marekkuchcinski.pl\/wp-content\/uploads\/2019\/06\/rog-1.jpg 2048w\" sizes=\"(max-width: 1024px) 100vw, 1024px\" \/><\/figure><\/li><\/ul>\n\n\n\n<figure class=\"wp-block-image\"><img loading=\"lazy\" decoding=\"async\" width=\"599\" height=\"900\" src=\"https:\/\/marekkuchcinski.pl\/wp-content\/uploads\/2019\/06\/RS_Fotor.jpg\" alt=\"\" class=\"wp-image-16329\" srcset=\"https:\/\/marekkuchcinski.pl\/wp-content\/uploads\/2019\/06\/RS_Fotor.jpg 599w, https:\/\/marekkuchcinski.pl\/wp-content\/uploads\/2019\/06\/RS_Fotor-200x300.jpg 200w\" sizes=\"(max-width: 599px) 100vw, 599px\" \/><\/figure>","protected":false},"excerpt":{"rendered":"<p>Prezydent RP nada\u0142 Krzy\u017c Wielki Orderu Zas\u0142ugi Rzeczypospolitej Polskiej obywatelowi Zjednoczonego Kr\u00f3lestwa Wielkiej Brytanii i Irlandii P\u00f3\u0142nocnej Rogerowi Scrutonowi \u2013 w uznaniu wybitnych zas\u0142ug we wspieraniu przemian demokratycznych w Polsce, za rozwijanie polsko-brytyjskiej wsp\u00f3\u0142pracy naukowej i uczelnianej. &#8211; Komunizm sko\u0144czy\u0142 si\u0119 dzi\u0119ki wierze i patriotyzmowi polskiego narodu. Jestem zaszczycony, \u017ce mog\u0142em odegra\u0107 w tym skromn\u0105 [&hellip;]<\/p>","protected":false},"author":6,"featured_media":16082,"comment_status":"open","ping_status":"open","sticky":false,"template":"","format":"standard","meta":{"ngg_post_thumbnail":0,"footnotes":""},"categories":[50,3],"tags":[153,154,88,152],"class_list":["post-16035","post","type-post","status-publish","format-standard","has-post-thumbnail","hentry","category-wspolpraca-miedzynarodowa","category-wydarzenia","tag-kuchcinski","tag-lata-80","tag-marszalek-sejmu","tag-scruton"],"yoast_head":"<!-- This site is optimized with the Yoast SEO plugin v24.7 - https:\/\/yoast.com\/wordpress\/plugins\/seo\/ -->\n<title>Prof. Roger Scruton odznaczony Krzy\u017cem Wielkim Orderu Zas\u0142ugi Rzeczypospolitej Polskiej &#8211; Marek Kuchci\u0144ski<\/title>\n<meta name=\"robots\" content=\"index, follow, max-snippet:-1, max-image-preview:large, max-video-preview:-1\" \/>\n<link rel=\"canonical\" href=\"https:\/\/marekkuchcinski.pl\/en\/wydarzenia\/prof-roger-scruton-odznaczony-krzyzem-wielkim-orderu-zaslugi-rzeczypospolitej-polskiej\/\" \/>\n<meta property=\"og:locale\" content=\"en_GB\" \/>\n<meta property=\"og:type\" content=\"article\" \/>\n<meta property=\"og:title\" content=\"Prof. Roger Scruton odznaczony Krzy\u017cem Wielkim Orderu Zas\u0142ugi Rzeczypospolitej Polskiej &#8211; Marek Kuchci\u0144ski\" \/>\n<meta property=\"og:description\" content=\"Prezydent RP nada\u0142 Krzy\u017c Wielki Orderu Zas\u0142ugi Rzeczypospolitej Polskiej obywatelowi Zjednoczonego Kr\u00f3lestwa Wielkiej Brytanii i Irlandii P\u00f3\u0142nocnej Rogerowi Scrutonowi \u2013 w uznaniu wybitnych zas\u0142ug we wspieraniu przemian demokratycznych w Polsce, za rozwijanie polsko-brytyjskiej wsp\u00f3\u0142pracy naukowej i uczelnianej. &#8211; Komunizm sko\u0144czy\u0142 si\u0119 dzi\u0119ki wierze i patriotyzmowi polskiego narodu. Jestem zaszczycony, \u017ce mog\u0142em odegra\u0107 w tym skromn\u0105 [&hellip;]\" \/>\n<meta property=\"og:url\" content=\"https:\/\/marekkuchcinski.pl\/en\/wydarzenia\/prof-roger-scruton-odznaczony-krzyzem-wielkim-orderu-zaslugi-rzeczypospolitej-polskiej\/\" \/>\n<meta property=\"og:site_name\" content=\"Marek Kuchci\u0144ski\" \/>\n<meta property=\"article:published_time\" content=\"2019-06-05T12:48:57+00:00\" \/>\n<meta property=\"article:modified_time\" content=\"2020-01-25T10:26:08+00:00\" \/>\n<meta property=\"og:image\" content=\"https:\/\/marekkuchcinski.pl\/wp-content\/uploads\/2019\/06\/s6-2.jpg\" \/>\n\t<meta property=\"og:image:width\" content=\"2048\" \/>\n\t<meta property=\"og:image:height\" content=\"1365\" \/>\n\t<meta property=\"og:image:type\" content=\"image\/jpeg\" \/>\n<meta name=\"author\" content=\"admin\" \/>\n<meta name=\"twitter:card\" content=\"summary_large_image\" \/>\n<meta name=\"twitter:label1\" content=\"Written by\" \/>\n\t<meta name=\"twitter:data1\" content=\"admin\" \/>\n\t<meta name=\"twitter:label2\" content=\"Estimated reading time\" \/>\n\t<meta name=\"twitter:data2\" content=\"4 minutes\" \/>\n<script type=\"application\/ld+json\" class=\"yoast-schema-graph\">{\"@context\":\"https:\/\/schema.org\",\"@graph\":[{\"@type\":\"Article\",\"@id\":\"https:\/\/marekkuchcinski.pl\/uk\/wydarzenia\/prof-roger-scruton-odznaczony-krzyzem-wielkim-orderu-zaslugi-rzeczypospolitej-polskiej\/#article\",\"isPartOf\":{\"@id\":\"https:\/\/marekkuchcinski.pl\/uk\/wydarzenia\/prof-roger-scruton-odznaczony-krzyzem-wielkim-orderu-zaslugi-rzeczypospolitej-polskiej\/\"},\"author\":{\"name\":\"admin\",\"@id\":\"https:\/\/marekkuchcinski.pl\/#\/schema\/person\/6f62700996b4d950b6ea2d1183b6c6be\"},\"headline\":\"Prof. Roger Scruton odznaczony Krzy\u017cem Wielkim Orderu Zas\u0142ugi Rzeczypospolitej Polskiej\",\"datePublished\":\"2019-06-05T12:48:57+00:00\",\"dateModified\":\"2020-01-25T10:26:08+00:00\",\"mainEntityOfPage\":{\"@id\":\"https:\/\/marekkuchcinski.pl\/uk\/wydarzenia\/prof-roger-scruton-odznaczony-krzyzem-wielkim-orderu-zaslugi-rzeczypospolitej-polskiej\/\"},\"wordCount\":810,\"commentCount\":0,\"publisher\":{\"@id\":\"https:\/\/marekkuchcinski.pl\/#organization\"},\"image\":{\"@id\":\"https:\/\/marekkuchcinski.pl\/uk\/wydarzenia\/prof-roger-scruton-odznaczony-krzyzem-wielkim-orderu-zaslugi-rzeczypospolitej-polskiej\/#primaryimage\"},\"thumbnailUrl\":\"https:\/\/marekkuchcinski.pl\/wp-content\/uploads\/2019\/06\/s6-2.jpg\",\"keywords\":[\"Kuchci\u0144ski\",\"lata 80.\",\"marsza\u0142ek Sejmu\",\"Scruton\"],\"articleSection\":[\"Wsp\u00f3\u0142praca mi\u0119dzynarodowa\",\"Wydarzenia\"],\"inLanguage\":\"en-GB\",\"potentialAction\":[{\"@type\":\"CommentAction\",\"name\":\"Comment\",\"target\":[\"https:\/\/marekkuchcinski.pl\/uk\/wydarzenia\/prof-roger-scruton-odznaczony-krzyzem-wielkim-orderu-zaslugi-rzeczypospolitej-polskiej\/#respond\"]}]},{\"@type\":\"WebPage\",\"@id\":\"https:\/\/marekkuchcinski.pl\/uk\/wydarzenia\/prof-roger-scruton-odznaczony-krzyzem-wielkim-orderu-zaslugi-rzeczypospolitej-polskiej\/\",\"url\":\"https:\/\/marekkuchcinski.pl\/uk\/wydarzenia\/prof-roger-scruton-odznaczony-krzyzem-wielkim-orderu-zaslugi-rzeczypospolitej-polskiej\/\",\"name\":\"Prof. Roger Scruton odznaczony Krzy\u017cem Wielkim Orderu Zas\u0142ugi Rzeczypospolitej Polskiej &#8211; Marek Kuchci\u0144ski\",\"isPartOf\":{\"@id\":\"https:\/\/marekkuchcinski.pl\/#website\"},\"primaryImageOfPage\":{\"@id\":\"https:\/\/marekkuchcinski.pl\/uk\/wydarzenia\/prof-roger-scruton-odznaczony-krzyzem-wielkim-orderu-zaslugi-rzeczypospolitej-polskiej\/#primaryimage\"},\"image\":{\"@id\":\"https:\/\/marekkuchcinski.pl\/uk\/wydarzenia\/prof-roger-scruton-odznaczony-krzyzem-wielkim-orderu-zaslugi-rzeczypospolitej-polskiej\/#primaryimage\"},\"thumbnailUrl\":\"https:\/\/marekkuchcinski.pl\/wp-content\/uploads\/2019\/06\/s6-2.jpg\",\"datePublished\":\"2019-06-05T12:48:57+00:00\",\"dateModified\":\"2020-01-25T10:26:08+00:00\",\"breadcrumb\":{\"@id\":\"https:\/\/marekkuchcinski.pl\/uk\/wydarzenia\/prof-roger-scruton-odznaczony-krzyzem-wielkim-orderu-zaslugi-rzeczypospolitej-polskiej\/#breadcrumb\"},\"inLanguage\":\"en-GB\",\"potentialAction\":[{\"@type\":\"ReadAction\",\"target\":[\"https:\/\/marekkuchcinski.pl\/uk\/wydarzenia\/prof-roger-scruton-odznaczony-krzyzem-wielkim-orderu-zaslugi-rzeczypospolitej-polskiej\/\"]}]},{\"@type\":\"ImageObject\",\"inLanguage\":\"en-GB\",\"@id\":\"https:\/\/marekkuchcinski.pl\/uk\/wydarzenia\/prof-roger-scruton-odznaczony-krzyzem-wielkim-orderu-zaslugi-rzeczypospolitej-polskiej\/#primaryimage\",\"url\":\"https:\/\/marekkuchcinski.pl\/wp-content\/uploads\/2019\/06\/s6-2.jpg\",\"contentUrl\":\"https:\/\/marekkuchcinski.pl\/wp-content\/uploads\/2019\/06\/s6-2.jpg\",\"width\":2048,\"height\":1365},{\"@type\":\"BreadcrumbList\",\"@id\":\"https:\/\/marekkuchcinski.pl\/uk\/wydarzenia\/prof-roger-scruton-odznaczony-krzyzem-wielkim-orderu-zaslugi-rzeczypospolitej-polskiej\/#breadcrumb\",\"itemListElement\":[{\"@type\":\"ListItem\",\"position\":1,\"name\":\"Strona g\u0142\u00f3wna\",\"item\":\"https:\/\/marekkuchcinski.pl\/\"},{\"@type\":\"ListItem\",\"position\":2,\"name\":\"Prof. Roger Scruton odznaczony Krzy\u017cem Wielkim Orderu Zas\u0142ugi Rzeczypospolitej Polskiej\"}]},{\"@type\":\"WebSite\",\"@id\":\"https:\/\/marekkuchcinski.pl\/#website\",\"url\":\"https:\/\/marekkuchcinski.pl\/\",\"name\":\"Marek Kuchci\u0144ski\",\"description\":\"Pose\u0142 na sejm RP &ndash; okr\u0119g nr 22\",\"publisher\":{\"@id\":\"https:\/\/marekkuchcinski.pl\/#organization\"},\"potentialAction\":[{\"@type\":\"SearchAction\",\"target\":{\"@type\":\"EntryPoint\",\"urlTemplate\":\"https:\/\/marekkuchcinski.pl\/?s={search_term_string}\"},\"query-input\":{\"@type\":\"PropertyValueSpecification\",\"valueRequired\":true,\"valueName\":\"search_term_string\"}}],\"inLanguage\":\"en-GB\"},{\"@type\":\"Organization\",\"@id\":\"https:\/\/marekkuchcinski.pl\/#organization\",\"name\":\"Marek Kuchci\u0144ski\",\"url\":\"https:\/\/marekkuchcinski.pl\/\",\"logo\":{\"@type\":\"ImageObject\",\"inLanguage\":\"en-GB\",\"@id\":\"https:\/\/marekkuchcinski.pl\/#\/schema\/logo\/image\/\",\"url\":\"https:\/\/marekkuchcinski.pl\/wp-content\/uploads\/2022\/09\/Marek.jpg\",\"contentUrl\":\"https:\/\/marekkuchcinski.pl\/wp-content\/uploads\/2022\/09\/Marek.jpg\",\"width\":1600,\"height\":971,\"caption\":\"Marek Kuchci\u0144ski\"},\"image\":{\"@id\":\"https:\/\/marekkuchcinski.pl\/#\/schema\/logo\/image\/\"}},{\"@type\":\"Person\",\"@id\":\"https:\/\/marekkuchcinski.pl\/#\/schema\/person\/6f62700996b4d950b6ea2d1183b6c6be\",\"name\":\"admin\",\"image\":{\"@type\":\"ImageObject\",\"inLanguage\":\"en-GB\",\"@id\":\"https:\/\/marekkuchcinski.pl\/#\/schema\/person\/image\/\",\"url\":\"https:\/\/secure.gravatar.com\/avatar\/4bab693b9d55c3d6b52c0296a8765085?s=96&d=mm&r=g\",\"contentUrl\":\"https:\/\/secure.gravatar.com\/avatar\/4bab693b9d55c3d6b52c0296a8765085?s=96&d=mm&r=g\",\"caption\":\"admin\"},\"url\":\"https:\/\/marekkuchcinski.pl\/en\/author\/marta-olejnik\/\"}]}<\/script>\n<!-- \/ Yoast SEO plugin. -->","yoast_head_json":{"title":"Prof. Roger Scruton odznaczony Krzy\u017cem Wielkim Orderu Zas\u0142ugi Rzeczypospolitej Polskiej &#8211; Marek Kuchci\u0144ski","robots":{"index":"index","follow":"follow","max-snippet":"max-snippet:-1","max-image-preview":"max-image-preview:large","max-video-preview":"max-video-preview:-1"},"canonical":"https:\/\/marekkuchcinski.pl\/en\/wydarzenia\/prof-roger-scruton-odznaczony-krzyzem-wielkim-orderu-zaslugi-rzeczypospolitej-polskiej\/","og_locale":"en_GB","og_type":"article","og_title":"Prof. Roger Scruton odznaczony Krzy\u017cem Wielkim Orderu Zas\u0142ugi Rzeczypospolitej Polskiej &#8211; Marek Kuchci\u0144ski","og_description":"Prezydent RP nada\u0142 Krzy\u017c Wielki Orderu Zas\u0142ugi Rzeczypospolitej Polskiej obywatelowi Zjednoczonego Kr\u00f3lestwa Wielkiej Brytanii i Irlandii P\u00f3\u0142nocnej Rogerowi Scrutonowi \u2013 w uznaniu wybitnych zas\u0142ug we wspieraniu przemian demokratycznych w Polsce, za rozwijanie polsko-brytyjskiej wsp\u00f3\u0142pracy naukowej i uczelnianej. &#8211; Komunizm sko\u0144czy\u0142 si\u0119 dzi\u0119ki wierze i patriotyzmowi polskiego narodu. Jestem zaszczycony, \u017ce mog\u0142em odegra\u0107 w tym skromn\u0105 [&hellip;]","og_url":"https:\/\/marekkuchcinski.pl\/en\/wydarzenia\/prof-roger-scruton-odznaczony-krzyzem-wielkim-orderu-zaslugi-rzeczypospolitej-polskiej\/","og_site_name":"Marek Kuchci\u0144ski","article_published_time":"2019-06-05T12:48:57+00:00","article_modified_time":"2020-01-25T10:26:08+00:00","og_image":[{"width":2048,"height":1365,"url":"https:\/\/marekkuchcinski.pl\/wp-content\/uploads\/2019\/06\/s6-2.jpg","type":"image\/jpeg"}],"author":"admin","twitter_card":"summary_large_image","twitter_misc":{"Written by":"admin","Estimated reading time":"4 minutes"},"schema":{"@context":"https:\/\/schema.org","@graph":[{"@type":"Article","@id":"https:\/\/marekkuchcinski.pl\/uk\/wydarzenia\/prof-roger-scruton-odznaczony-krzyzem-wielkim-orderu-zaslugi-rzeczypospolitej-polskiej\/#article","isPartOf":{"@id":"https:\/\/marekkuchcinski.pl\/uk\/wydarzenia\/prof-roger-scruton-odznaczony-krzyzem-wielkim-orderu-zaslugi-rzeczypospolitej-polskiej\/"},"author":{"name":"admin","@id":"https:\/\/marekkuchcinski.pl\/#\/schema\/person\/6f62700996b4d950b6ea2d1183b6c6be"},"headline":"Prof. Roger Scruton odznaczony Krzy\u017cem Wielkim Orderu Zas\u0142ugi Rzeczypospolitej Polskiej","datePublished":"2019-06-05T12:48:57+00:00","dateModified":"2020-01-25T10:26:08+00:00","mainEntityOfPage":{"@id":"https:\/\/marekkuchcinski.pl\/uk\/wydarzenia\/prof-roger-scruton-odznaczony-krzyzem-wielkim-orderu-zaslugi-rzeczypospolitej-polskiej\/"},"wordCount":810,"commentCount":0,"publisher":{"@id":"https:\/\/marekkuchcinski.pl\/#organization"},"image":{"@id":"https:\/\/marekkuchcinski.pl\/uk\/wydarzenia\/prof-roger-scruton-odznaczony-krzyzem-wielkim-orderu-zaslugi-rzeczypospolitej-polskiej\/#primaryimage"},"thumbnailUrl":"https:\/\/marekkuchcinski.pl\/wp-content\/uploads\/2019\/06\/s6-2.jpg","keywords":["Kuchci\u0144ski","lata 80.","marsza\u0142ek Sejmu","Scruton"],"articleSection":["Wsp\u00f3\u0142praca mi\u0119dzynarodowa","Wydarzenia"],"inLanguage":"en-GB","potentialAction":[{"@type":"CommentAction","name":"Comment","target":["https:\/\/marekkuchcinski.pl\/uk\/wydarzenia\/prof-roger-scruton-odznaczony-krzyzem-wielkim-orderu-zaslugi-rzeczypospolitej-polskiej\/#respond"]}]},{"@type":"WebPage","@id":"https:\/\/marekkuchcinski.pl\/uk\/wydarzenia\/prof-roger-scruton-odznaczony-krzyzem-wielkim-orderu-zaslugi-rzeczypospolitej-polskiej\/","url":"https:\/\/marekkuchcinski.pl\/uk\/wydarzenia\/prof-roger-scruton-odznaczony-krzyzem-wielkim-orderu-zaslugi-rzeczypospolitej-polskiej\/","name":"Prof. Roger Scruton odznaczony Krzy\u017cem Wielkim Orderu Zas\u0142ugi Rzeczypospolitej Polskiej &#8211; Marek Kuchci\u0144ski","isPartOf":{"@id":"https:\/\/marekkuchcinski.pl\/#website"},"primaryImageOfPage":{"@id":"https:\/\/marekkuchcinski.pl\/uk\/wydarzenia\/prof-roger-scruton-odznaczony-krzyzem-wielkim-orderu-zaslugi-rzeczypospolitej-polskiej\/#primaryimage"},"image":{"@id":"https:\/\/marekkuchcinski.pl\/uk\/wydarzenia\/prof-roger-scruton-odznaczony-krzyzem-wielkim-orderu-zaslugi-rzeczypospolitej-polskiej\/#primaryimage"},"thumbnailUrl":"https:\/\/marekkuchcinski.pl\/wp-content\/uploads\/2019\/06\/s6-2.jpg","datePublished":"2019-06-05T12:48:57+00:00","dateModified":"2020-01-25T10:26:08+00:00","breadcrumb":{"@id":"https:\/\/marekkuchcinski.pl\/uk\/wydarzenia\/prof-roger-scruton-odznaczony-krzyzem-wielkim-orderu-zaslugi-rzeczypospolitej-polskiej\/#breadcrumb"},"inLanguage":"en-GB","potentialAction":[{"@type":"ReadAction","target":["https:\/\/marekkuchcinski.pl\/uk\/wydarzenia\/prof-roger-scruton-odznaczony-krzyzem-wielkim-orderu-zaslugi-rzeczypospolitej-polskiej\/"]}]},{"@type":"ImageObject","inLanguage":"en-GB","@id":"https:\/\/marekkuchcinski.pl\/uk\/wydarzenia\/prof-roger-scruton-odznaczony-krzyzem-wielkim-orderu-zaslugi-rzeczypospolitej-polskiej\/#primaryimage","url":"https:\/\/marekkuchcinski.pl\/wp-content\/uploads\/2019\/06\/s6-2.jpg","contentUrl":"https:\/\/marekkuchcinski.pl\/wp-content\/uploads\/2019\/06\/s6-2.jpg","width":2048,"height":1365},{"@type":"BreadcrumbList","@id":"https:\/\/marekkuchcinski.pl\/uk\/wydarzenia\/prof-roger-scruton-odznaczony-krzyzem-wielkim-orderu-zaslugi-rzeczypospolitej-polskiej\/#breadcrumb","itemListElement":[{"@type":"ListItem","position":1,"name":"Strona g\u0142\u00f3wna","item":"https:\/\/marekkuchcinski.pl\/"},{"@type":"ListItem","position":2,"name":"Prof. Roger Scruton odznaczony Krzy\u017cem Wielkim Orderu Zas\u0142ugi Rzeczypospolitej Polskiej"}]},{"@type":"WebSite","@id":"https:\/\/marekkuchcinski.pl\/#website","url":"https:\/\/marekkuchcinski.pl\/","name":"Marek Kuchci\u0144ski","description":"Pose\u0142 na sejm RP &ndash; okr\u0119g nr 22","publisher":{"@id":"https:\/\/marekkuchcinski.pl\/#organization"},"potentialAction":[{"@type":"SearchAction","target":{"@type":"EntryPoint","urlTemplate":"https:\/\/marekkuchcinski.pl\/?s={search_term_string}"},"query-input":{"@type":"PropertyValueSpecification","valueRequired":true,"valueName":"search_term_string"}}],"inLanguage":"en-GB"},{"@type":"Organization","@id":"https:\/\/marekkuchcinski.pl\/#organization","name":"Marek Kuchci\u0144ski","url":"https:\/\/marekkuchcinski.pl\/","logo":{"@type":"ImageObject","inLanguage":"en-GB","@id":"https:\/\/marekkuchcinski.pl\/#\/schema\/logo\/image\/","url":"https:\/\/marekkuchcinski.pl\/wp-content\/uploads\/2022\/09\/Marek.jpg","contentUrl":"https:\/\/marekkuchcinski.pl\/wp-content\/uploads\/2022\/09\/Marek.jpg","width":1600,"height":971,"caption":"Marek Kuchci\u0144ski"},"image":{"@id":"https:\/\/marekkuchcinski.pl\/#\/schema\/logo\/image\/"}},{"@type":"Person","@id":"https:\/\/marekkuchcinski.pl\/#\/schema\/person\/6f62700996b4d950b6ea2d1183b6c6be","name":"admin","image":{"@type":"ImageObject","inLanguage":"en-GB","@id":"https:\/\/marekkuchcinski.pl\/#\/schema\/person\/image\/","url":"https:\/\/secure.gravatar.com\/avatar\/4bab693b9d55c3d6b52c0296a8765085?s=96&d=mm&r=g","contentUrl":"https:\/\/secure.gravatar.com\/avatar\/4bab693b9d55c3d6b52c0296a8765085?s=96&d=mm&r=g","caption":"admin"},"url":"https:\/\/marekkuchcinski.pl\/en\/author\/marta-olejnik\/"}]}},"_links":{"self":[{"href":"https:\/\/marekkuchcinski.pl\/en\/wp-json\/wp\/v2\/posts\/16035","targetHints":{"allow":["GET"]}}],"collection":[{"href":"https:\/\/marekkuchcinski.pl\/en\/wp-json\/wp\/v2\/posts"}],"about":[{"href":"https:\/\/marekkuchcinski.pl\/en\/wp-json\/wp\/v2\/types\/post"}],"author":[{"embeddable":true,"href":"https:\/\/marekkuchcinski.pl\/en\/wp-json\/wp\/v2\/users\/6"}],"replies":[{"embeddable":true,"href":"https:\/\/marekkuchcinski.pl\/en\/wp-json\/wp\/v2\/comments?post=16035"}],"version-history":[{"count":13,"href":"https:\/\/marekkuchcinski.pl\/en\/wp-json\/wp\/v2\/posts\/16035\/revisions"}],"predecessor-version":[{"id":18302,"href":"https:\/\/marekkuchcinski.pl\/en\/wp-json\/wp\/v2\/posts\/16035\/revisions\/18302"}],"wp:featuredmedia":[{"embeddable":true,"href":"https:\/\/marekkuchcinski.pl\/en\/wp-json\/wp\/v2\/media\/16082"}],"wp:attachment":[{"href":"https:\/\/marekkuchcinski.pl\/en\/wp-json\/wp\/v2\/media?parent=16035"}],"wp:term":[{"taxonomy":"category","embeddable":true,"href":"https:\/\/marekkuchcinski.pl\/en\/wp-json\/wp\/v2\/categories?post=16035"},{"taxonomy":"post_tag","embeddable":true,"href":"https:\/\/marekkuchcinski.pl\/en\/wp-json\/wp\/v2\/tags?post=16035"}],"curies":[{"name":"wp","href":"https:\/\/api.w.org\/{rel}","templated":true}]}}