{"id":15982,"date":"2019-06-04T07:54:51","date_gmt":"2019-06-04T05:54:51","guid":{"rendered":"https:\/\/marekkuchcinski.pl\/?p=15982"},"modified":"2019-06-04T08:02:43","modified_gmt":"2019-06-04T06:02:43","slug":"15982","status":"publish","type":"post","link":"https:\/\/marekkuchcinski.pl\/en\/wydarzenia\/15982\/","title":{"rendered":"\"How to cross out your opponent\" - Election '89"},"content":{"rendered":"<p>The year\n1989 was primarily the June elections. Although not fully free, although connected with\nAlthough not fully free, but connected with many compromises, they brought a lot of hope and energy.\nIn anti-communist Przemysl, there were no problems with collecting signatures\nIn the anti-communist-oriented city of Przemy\u015bl, there were no problems with collecting signatures under the Solidarity letter. Despite the doubts about the Round Table Agreement, people believed that\nDespite doubts about the Round Table Agreements, people believed that new, good times would come. The previous reluctance to\nThe previous reluctance to vote in the rigged elections to the communist parliament\nThe former reluctance to vote in the rigged elections to the communist-era Sejm turned into enthusiasm that new people would finally sit in parliament. The candidates from the Solidarity\nThe candidates from the Solidarity side had a program that was talked about at home, at work, and on the street.\nOn the list carrying a breath of freedom were people who gave hope that\nThe candidates from the Solidarity side had a program that was talked about at home, at work and in the street.<\/p>\n\n\n\n<p>Marek\nKaminski, the chairman of the Regional Executive Commission of NSZZ Solidarno\u015b\u0107 in Przemy\u015bl, was obliged by the\nMarek Kaminski, the chairman of the Regional Executive Commission of NSZZ \"Solidarity\" in Przemy\u015bl, was obliged by the National Executive Commission to establish, together with\nthe local Solidarity of Individual Farmers to establish the Civic Committee\nSolidarity of the Przemy\u015bl voivodeship. Together with the head of the agricultural Solidarity, Jan\nKarusi, he invited 15 people, including Marek Kuchci\u0144ski, to join him.<\/p>\n\n\n\n<p>However,\npeople, program is not everything. The old power held firm. It had full\ncontrol over the state media, the whole propaganda apparatus. In order to reach the people,\nthey had to take the pro-independence message directly to the street.<\/p>\n\n\n\n<div class=\"wp-block-image\"><figure class=\"alignleft\"><img fetchpriority=\"high\" decoding=\"async\" width=\"242\" height=\"334\" src=\"https:\/\/marekkuchcinski.pl\/wp-content\/uploads\/2019\/06\/mik.jpg\" alt=\"\" class=\"wp-image-15984\" srcset=\"https:\/\/marekkuchcinski.pl\/wp-content\/uploads\/2019\/06\/mik.jpg 242w, https:\/\/marekkuchcinski.pl\/wp-content\/uploads\/2019\/06\/mik-217x300.jpg 217w\" sizes=\"(max-width: 242px) 100vw, 242px\" \/><\/figure><\/div>\n\n\n\n<p>- In June 1989, Przemy\u015bl was probably the most\nThe city of Przemy\u015bl was probably the most overgrown with election banners of the Solidarity opposition and posters\nThe city of Przemy\u015bl was probably the most full of Solidarity opposition election banners and posters in Poland\", recalls Marek Kuchci\u0144ski. - From the first days of the campaign there was\nFrom the first days of the campaign there was a poster war in the cities and villages - in place\ndestroyed, usually at night, new posters and banners appeared, and it happened that\nThe Przemysl office was besieged by groups of young distributors, often\nThere were also groups of young distributors, often children, who packed posters and leaflets into backpacks. One of the leaflets, the so-called \"how-to\",\nOne of the leaflets, a so-called \"how to cross out your opponent\", was reproduced in the underground printing house in the amount of\n300,000 copies. In such an atmosphere, the enemy, whose coalition\noffice was allegedly headed by a censor from Przemy\u015bl, not only had no chance of\nnot only had no chance to win, but also compromised by trying to convince voters with festivals\nwith beer and sausage handed out for the \"signature of support\" and with invented and\nslogans like: \"coalition has to win, so Poland will not lose\" - recalls marshal.\nPoland did not lose\" - recalls the Speaker of the Sejm. <\/p>\n\n\n\n<div class=\"wp-block-image\"><figure class=\"alignleft is-resized\"><img decoding=\"async\" src=\"https:\/\/marekkuchcinski.pl\/wp-content\/uploads\/2019\/06\/mul.png\" alt=\"\" class=\"wp-image-15983\" width=\"437\" height=\"583\" srcset=\"https:\/\/marekkuchcinski.pl\/wp-content\/uploads\/2019\/06\/mul.png 437w, https:\/\/marekkuchcinski.pl\/wp-content\/uploads\/2019\/06\/mul-225x300.png 225w\" sizes=\"(max-width: 437px) 100vw, 437px\" \/><\/figure><\/div>\n\n\n\n<p>Przemysl\nhouses, stores, Ruchu kiosks literally disappeared under the hastily pasted\nposters. It was a real battle. At the election headquarters they mixed water with flour,\nwhich was supposed to replace real glue. Dozens of people took to the streets\ntrying to hang the leaflets in the most visible places. It was not\neasy. Some of the shop owners were afraid of the authorities, they tore down the posters themselves, called the\nmilitia. Security patrols appeared in the city and destroyed the\nadvertisements. Out of 4 thousand Solidarity posters and banners, they tore down about\n3 thousand! Solidarity flags were also torn down, and people claiming to be\nThey also tore down Solidarity flags, and people claiming to be employees of the city hall's commerce department forced managers and sales clerks to\nThey also tore down Solidarity flags, and people claiming to be employees of the commerce department of the city hall forced managers and sellers to take down posters of the freedom side from store windows. There were destroyed\nSolidarity election announcements were also destroyed in Jaroslaw, Przeworsk and Lubaczow.<\/p>\n\n\n\n<p>W\nDuring the election campaign, the Civic Committee focused on field education and\nopenness to the citizens. The intelligentsia, people of culture and the Church were involved.\nSolidarity was presented as a team with common goals. In order to avoid divisions\nto avoid divisions, as many candidates were appointed as there were seats. For those accustomed to voting for\nvoting for the \"only right candidate\" from the PZPR, KO\nalso prepared voting manuals. In the election bulletins\nIn the election bulletins there was an appeal: to the citizens to support the opposition, because \"you owe it to\nYou owe it to them, because support for them means the end of murders, political rapes, suffering...\".\n.<\/p>\n\n\n\n<p>The\nThe poster war reached its climax the night before the election. The\nSolidarity side was determined. All night long, almost until the pale dawn, people were\nAll night long, almost until dawn, people were sneaking around the backstreets, under windows, in backyards\nelection announcements. Large cities, such as Warsaw, for this very night\nWarsaw, for this very night got the famous posters with the sheriff, who instead of a star, has a Solidarity badge in his lapel.\nSolidarity stamp on his lapel. However, it did not reach Przemy\u015bl. Instead, there were other leaflets and\nannouncements, hung with dedication wherever they could. Wherever\nThey were also hung where it was not possible.<\/p>\n\n\n\n<p>Early\nmorning of Sunday, June 4, 1989, the polling places opened. The turnout\nwas estimated as not very high - over 10 million out of 27 million eligible\nout of 27 million Poles who were entitled to vote. It was a result of the progressing\napathy of the society, which did not believe that elections could change anything. In the whole\nThe mood of the country was calm, there were no riots. <\/p>\n\n\n\n<p>Cut off\ncut off from the polls, with half an hour of air time a week, the opposition did not quite\nbelieved in what was about to happen: of the 161 seats in the Sejm available\nin free elections, it won 160 in the first round, and the remaining candidate\nwent through to the second round. Of the 100 seats in the Senate in the first round\nSolidarity candidates filled 92 of the 100 seats in the Senate in the first round.\nfour candidates: Jan Musia\u0142 and Tadeusz Ulma for the Senate, Tadeusz Trelka and\nJanusz Onyszkiewicz - for the Sejm. Despite such enormous social support\nSolidarity was too weak to hold the reins of power on its own. Despite such\nSolidarity's people were not able to carry the burden of change despite such a great effort over many years.<\/p>\n\n\n\n<p>Marek\nKaminski today said: I appreciate the bloodless leading to the elections, but with such\nI appreciate the bloodless conduct of the elections, but with such strength, advantage and social support Solidarity should have set conditions. I have\nI have a great deal of regret about this. Solidarity was weak and controlled by the communists. Not\nWe also did not notice Wilczek's movement in '85. They set up their own people, they pushed\nthey pushed them into companies. During the meetings, also with Walesa, whom we treated then\nas the only leader, I never imagined that these were people who would go\nCommunists into alliances. I am ashamed that I sat with them then. We wanted\nindependence, the People's Republic of Poland was not an independent Polish state. How were we supposed to feel\nfeel by electing Jaruzelski as Poland's president? - says Kami\u0144ski. <\/p>\n\n\n\n<p>Also\nJan Karu\u015b, the head of Solidarity of Farmers, speaks about the events after the year 89\nThe main goal of the project is to develop a new, more flexible and more efficient way of dealing with the problems of the Polish agricultural sector.\nThe head of Solidarno\u015b\u0107 Rolnicza, Jan Karu\u015b, also speaks about the events after 89 in a depressing tone. <\/p>\n\n\n\n<p>Elected\ndeputies and senators were also failing. In \"Views from Przemysl\" from December\n1989, Marek Kuchci\u0144ski wrote about the dissatisfaction and impatience of the\nby the authorities, lack of intelligence and helplessness.<\/p>\n\n\n\n<p>No one\nregrets that effort, however. Those who went to the polls on June 4th\nsimply wanted to overthrow communism. They succeeded, but the changes did not come easily, and\nWe are still reaping the harvest of the negligence of that time.<\/p>\n\n\n\n<p>- After 1989, we began to take responsibility for the state: at the level of local governments, state and local institutions. With the benefit of hindsight we can say that we did everything that could be done at that time. We expected changes in the state authorities and were disappointed, but this did not discourage us from work. From today's perspective it looks a little different: a small group of people performed miracles, fighting with communism like David with Goliath - recalls Marek Kuchci\u0144ski. <\/p>\n\n\n\n<p><em>Marta Olejnik<\/em><\/p>","protected":false},"excerpt":{"rendered":"<p>The year 1989 was primarily the June elections. Although not fully free, although associated with many compromises, they brought great hope and energy. In anti-communist-oriented Przemysl, there were no problems collecting signatures for the Solidarity list. Despite doubts about the Round Table arrangements, people believed that good new times were coming. Previous reluctance to vote [...]<\/p>","protected":false},"author":6,"featured_media":15986,"comment_status":"open","ping_status":"open","sticky":false,"template":"","format":"standard","meta":{"ngg_post_thumbnail":0,"footnotes":""},"categories":[49,77,3],"tags":[],"class_list":["post-15982","post","type-post","status-publish","format-standard","has-post-thumbnail","hentry","category-podkarpacie","category-wazne-daty","category-wydarzenia"],"yoast_head":"<!-- This site is optimized with the Yoast SEO plugin v24.7 - https:\/\/yoast.com\/wordpress\/plugins\/seo\/ -->\n<title>&quot;Jak skre\u015bli\u0107 przeciwnika&quot; - wybory &#039;89 &#8211; Marek Kuchci\u0144ski<\/title>\n<meta name=\"robots\" content=\"index, follow, max-snippet:-1, max-image-preview:large, max-video-preview:-1\" \/>\n<link rel=\"canonical\" href=\"https:\/\/marekkuchcinski.pl\/en\/wydarzenia\/15982\/\" \/>\n<meta property=\"og:locale\" content=\"en_GB\" \/>\n<meta property=\"og:type\" content=\"article\" \/>\n<meta property=\"og:title\" content=\"&quot;Jak skre\u015bli\u0107 przeciwnika&quot; - wybory &#039;89 &#8211; Marek Kuchci\u0144ski\" \/>\n<meta property=\"og:description\" content=\"Rok 1989 to przede wszystkim wybory czerwcowe. Cho\u0107 nie w pe\u0142ni wolne, cho\u0107 zwi\u0105zane z wieloma kompromisami, to jednak nios\u0105ce ogromn\u0105 nadziej\u0119 i energi\u0119. W nastawionym antykomunistycznie Przemy\u015blu nie by\u0142o problem\u00f3w ze zbiorem podpis\u00f3w pod solidarno\u015bciow\u0105 list\u0105. Mimo w\u0105tpliwo\u015bci co do ustale\u0144 okr\u0105g\u0142ego sto\u0142u, ludzie wierzyli, \u017ce nadejd\u0105 nowe, dobre czasy. Poprzednia niech\u0119\u0107 do g\u0142osowania [&hellip;]\" \/>\n<meta property=\"og:url\" content=\"https:\/\/marekkuchcinski.pl\/en\/wydarzenia\/15982\/\" \/>\n<meta property=\"og:site_name\" content=\"Marek Kuchci\u0144ski\" \/>\n<meta property=\"article:published_time\" content=\"2019-06-04T05:54:51+00:00\" \/>\n<meta property=\"article:modified_time\" content=\"2019-06-04T06:02:43+00:00\" \/>\n<meta property=\"og:image\" content=\"https:\/\/marekkuchcinski.pl\/wp-content\/uploads\/2019\/06\/mik-2.jpg\" \/>\n\t<meta property=\"og:image:width\" content=\"238\" \/>\n\t<meta property=\"og:image:height\" content=\"159\" \/>\n\t<meta property=\"og:image:type\" content=\"image\/jpeg\" \/>\n<meta name=\"author\" content=\"admin\" \/>\n<meta name=\"twitter:card\" content=\"summary_large_image\" \/>\n<meta name=\"twitter:label1\" content=\"Written by\" \/>\n\t<meta name=\"twitter:data1\" content=\"admin\" \/>\n\t<meta name=\"twitter:label2\" content=\"Estimated reading time\" \/>\n\t<meta name=\"twitter:data2\" content=\"6 minutes\" \/>\n<script type=\"application\/ld+json\" class=\"yoast-schema-graph\">{\"@context\":\"https:\/\/schema.org\",\"@graph\":[{\"@type\":\"Article\",\"@id\":\"https:\/\/marekkuchcinski.pl\/en\/wydarzenia\/15982\/#article\",\"isPartOf\":{\"@id\":\"https:\/\/marekkuchcinski.pl\/en\/wydarzenia\/15982\/\"},\"author\":{\"name\":\"admin\",\"@id\":\"https:\/\/marekkuchcinski.pl\/#\/schema\/person\/6f62700996b4d950b6ea2d1183b6c6be\"},\"headline\":\"&#8222;Jak skre\u015bli\u0107 przeciwnika&#8221; &#8211; wybory &#8217;89\",\"datePublished\":\"2019-06-04T05:54:51+00:00\",\"dateModified\":\"2019-06-04T06:02:43+00:00\",\"mainEntityOfPage\":{\"@id\":\"https:\/\/marekkuchcinski.pl\/en\/wydarzenia\/15982\/\"},\"wordCount\":1259,\"commentCount\":0,\"publisher\":{\"@id\":\"https:\/\/marekkuchcinski.pl\/#organization\"},\"image\":{\"@id\":\"https:\/\/marekkuchcinski.pl\/en\/wydarzenia\/15982\/#primaryimage\"},\"thumbnailUrl\":\"https:\/\/marekkuchcinski.pl\/wp-content\/uploads\/2019\/06\/mik-2.jpg\",\"articleSection\":[\"Podkarpacie\",\"Wa\u017cne daty\",\"Wydarzenia\"],\"inLanguage\":\"en-GB\",\"potentialAction\":[{\"@type\":\"CommentAction\",\"name\":\"Comment\",\"target\":[\"https:\/\/marekkuchcinski.pl\/en\/wydarzenia\/15982\/#respond\"]}]},{\"@type\":\"WebPage\",\"@id\":\"https:\/\/marekkuchcinski.pl\/en\/wydarzenia\/15982\/\",\"url\":\"https:\/\/marekkuchcinski.pl\/en\/wydarzenia\/15982\/\",\"name\":\"\\\"Jak skre\u015bli\u0107 przeciwnika\\\" - wybory '89 &#8211; Marek Kuchci\u0144ski\",\"isPartOf\":{\"@id\":\"https:\/\/marekkuchcinski.pl\/#website\"},\"primaryImageOfPage\":{\"@id\":\"https:\/\/marekkuchcinski.pl\/en\/wydarzenia\/15982\/#primaryimage\"},\"image\":{\"@id\":\"https:\/\/marekkuchcinski.pl\/en\/wydarzenia\/15982\/#primaryimage\"},\"thumbnailUrl\":\"https:\/\/marekkuchcinski.pl\/wp-content\/uploads\/2019\/06\/mik-2.jpg\",\"datePublished\":\"2019-06-04T05:54:51+00:00\",\"dateModified\":\"2019-06-04T06:02:43+00:00\",\"breadcrumb\":{\"@id\":\"https:\/\/marekkuchcinski.pl\/en\/wydarzenia\/15982\/#breadcrumb\"},\"inLanguage\":\"en-GB\",\"potentialAction\":[{\"@type\":\"ReadAction\",\"target\":[\"https:\/\/marekkuchcinski.pl\/en\/wydarzenia\/15982\/\"]}]},{\"@type\":\"ImageObject\",\"inLanguage\":\"en-GB\",\"@id\":\"https:\/\/marekkuchcinski.pl\/en\/wydarzenia\/15982\/#primaryimage\",\"url\":\"https:\/\/marekkuchcinski.pl\/wp-content\/uploads\/2019\/06\/mik-2.jpg\",\"contentUrl\":\"https:\/\/marekkuchcinski.pl\/wp-content\/uploads\/2019\/06\/mik-2.jpg\",\"width\":238,\"height\":159},{\"@type\":\"BreadcrumbList\",\"@id\":\"https:\/\/marekkuchcinski.pl\/en\/wydarzenia\/15982\/#breadcrumb\",\"itemListElement\":[{\"@type\":\"ListItem\",\"position\":1,\"name\":\"Strona g\u0142\u00f3wna\",\"item\":\"https:\/\/marekkuchcinski.pl\/\"},{\"@type\":\"ListItem\",\"position\":2,\"name\":\"&#8220;Jak skre\u015bli\u0107 przeciwnika&#8221; &#8211; wybory &#8217;89\"}]},{\"@type\":\"WebSite\",\"@id\":\"https:\/\/marekkuchcinski.pl\/#website\",\"url\":\"https:\/\/marekkuchcinski.pl\/\",\"name\":\"Marek Kuchci\u0144ski\",\"description\":\"Pose\u0142 na sejm RP &ndash; okr\u0119g nr 22\",\"publisher\":{\"@id\":\"https:\/\/marekkuchcinski.pl\/#organization\"},\"potentialAction\":[{\"@type\":\"SearchAction\",\"target\":{\"@type\":\"EntryPoint\",\"urlTemplate\":\"https:\/\/marekkuchcinski.pl\/?s={search_term_string}\"},\"query-input\":{\"@type\":\"PropertyValueSpecification\",\"valueRequired\":true,\"valueName\":\"search_term_string\"}}],\"inLanguage\":\"en-GB\"},{\"@type\":\"Organization\",\"@id\":\"https:\/\/marekkuchcinski.pl\/#organization\",\"name\":\"Marek Kuchci\u0144ski\",\"url\":\"https:\/\/marekkuchcinski.pl\/\",\"logo\":{\"@type\":\"ImageObject\",\"inLanguage\":\"en-GB\",\"@id\":\"https:\/\/marekkuchcinski.pl\/#\/schema\/logo\/image\/\",\"url\":\"https:\/\/marekkuchcinski.pl\/wp-content\/uploads\/2022\/09\/Marek.jpg\",\"contentUrl\":\"https:\/\/marekkuchcinski.pl\/wp-content\/uploads\/2022\/09\/Marek.jpg\",\"width\":1600,\"height\":971,\"caption\":\"Marek Kuchci\u0144ski\"},\"image\":{\"@id\":\"https:\/\/marekkuchcinski.pl\/#\/schema\/logo\/image\/\"}},{\"@type\":\"Person\",\"@id\":\"https:\/\/marekkuchcinski.pl\/#\/schema\/person\/6f62700996b4d950b6ea2d1183b6c6be\",\"name\":\"admin\",\"image\":{\"@type\":\"ImageObject\",\"inLanguage\":\"en-GB\",\"@id\":\"https:\/\/marekkuchcinski.pl\/#\/schema\/person\/image\/\",\"url\":\"https:\/\/secure.gravatar.com\/avatar\/4bab693b9d55c3d6b52c0296a8765085?s=96&d=mm&r=g\",\"contentUrl\":\"https:\/\/secure.gravatar.com\/avatar\/4bab693b9d55c3d6b52c0296a8765085?s=96&d=mm&r=g\",\"caption\":\"admin\"},\"url\":\"https:\/\/marekkuchcinski.pl\/en\/author\/marta-olejnik\/\"}]}<\/script>\n<!-- \/ Yoast SEO plugin. -->","yoast_head_json":{"title":"\"Jak skre\u015bli\u0107 przeciwnika\" - wybory '89 &#8211; Marek Kuchci\u0144ski","robots":{"index":"index","follow":"follow","max-snippet":"max-snippet:-1","max-image-preview":"max-image-preview:large","max-video-preview":"max-video-preview:-1"},"canonical":"https:\/\/marekkuchcinski.pl\/en\/wydarzenia\/15982\/","og_locale":"en_GB","og_type":"article","og_title":"\"Jak skre\u015bli\u0107 przeciwnika\" - wybory '89 &#8211; Marek Kuchci\u0144ski","og_description":"Rok 1989 to przede wszystkim wybory czerwcowe. Cho\u0107 nie w pe\u0142ni wolne, cho\u0107 zwi\u0105zane z wieloma kompromisami, to jednak nios\u0105ce ogromn\u0105 nadziej\u0119 i energi\u0119. W nastawionym antykomunistycznie Przemy\u015blu nie by\u0142o problem\u00f3w ze zbiorem podpis\u00f3w pod solidarno\u015bciow\u0105 list\u0105. Mimo w\u0105tpliwo\u015bci co do ustale\u0144 okr\u0105g\u0142ego sto\u0142u, ludzie wierzyli, \u017ce nadejd\u0105 nowe, dobre czasy. Poprzednia niech\u0119\u0107 do g\u0142osowania [&hellip;]","og_url":"https:\/\/marekkuchcinski.pl\/en\/wydarzenia\/15982\/","og_site_name":"Marek Kuchci\u0144ski","article_published_time":"2019-06-04T05:54:51+00:00","article_modified_time":"2019-06-04T06:02:43+00:00","og_image":[{"width":238,"height":159,"url":"https:\/\/marekkuchcinski.pl\/wp-content\/uploads\/2019\/06\/mik-2.jpg","type":"image\/jpeg"}],"author":"admin","twitter_card":"summary_large_image","twitter_misc":{"Written by":"admin","Estimated reading time":"6 minutes"},"schema":{"@context":"https:\/\/schema.org","@graph":[{"@type":"Article","@id":"https:\/\/marekkuchcinski.pl\/en\/wydarzenia\/15982\/#article","isPartOf":{"@id":"https:\/\/marekkuchcinski.pl\/en\/wydarzenia\/15982\/"},"author":{"name":"admin","@id":"https:\/\/marekkuchcinski.pl\/#\/schema\/person\/6f62700996b4d950b6ea2d1183b6c6be"},"headline":"&#8222;Jak skre\u015bli\u0107 przeciwnika&#8221; &#8211; wybory &#8217;89","datePublished":"2019-06-04T05:54:51+00:00","dateModified":"2019-06-04T06:02:43+00:00","mainEntityOfPage":{"@id":"https:\/\/marekkuchcinski.pl\/en\/wydarzenia\/15982\/"},"wordCount":1259,"commentCount":0,"publisher":{"@id":"https:\/\/marekkuchcinski.pl\/#organization"},"image":{"@id":"https:\/\/marekkuchcinski.pl\/en\/wydarzenia\/15982\/#primaryimage"},"thumbnailUrl":"https:\/\/marekkuchcinski.pl\/wp-content\/uploads\/2019\/06\/mik-2.jpg","articleSection":["Podkarpacie","Wa\u017cne daty","Wydarzenia"],"inLanguage":"en-GB","potentialAction":[{"@type":"CommentAction","name":"Comment","target":["https:\/\/marekkuchcinski.pl\/en\/wydarzenia\/15982\/#respond"]}]},{"@type":"WebPage","@id":"https:\/\/marekkuchcinski.pl\/en\/wydarzenia\/15982\/","url":"https:\/\/marekkuchcinski.pl\/en\/wydarzenia\/15982\/","name":"\"Jak skre\u015bli\u0107 przeciwnika\" - wybory '89 &#8211; Marek Kuchci\u0144ski","isPartOf":{"@id":"https:\/\/marekkuchcinski.pl\/#website"},"primaryImageOfPage":{"@id":"https:\/\/marekkuchcinski.pl\/en\/wydarzenia\/15982\/#primaryimage"},"image":{"@id":"https:\/\/marekkuchcinski.pl\/en\/wydarzenia\/15982\/#primaryimage"},"thumbnailUrl":"https:\/\/marekkuchcinski.pl\/wp-content\/uploads\/2019\/06\/mik-2.jpg","datePublished":"2019-06-04T05:54:51+00:00","dateModified":"2019-06-04T06:02:43+00:00","breadcrumb":{"@id":"https:\/\/marekkuchcinski.pl\/en\/wydarzenia\/15982\/#breadcrumb"},"inLanguage":"en-GB","potentialAction":[{"@type":"ReadAction","target":["https:\/\/marekkuchcinski.pl\/en\/wydarzenia\/15982\/"]}]},{"@type":"ImageObject","inLanguage":"en-GB","@id":"https:\/\/marekkuchcinski.pl\/en\/wydarzenia\/15982\/#primaryimage","url":"https:\/\/marekkuchcinski.pl\/wp-content\/uploads\/2019\/06\/mik-2.jpg","contentUrl":"https:\/\/marekkuchcinski.pl\/wp-content\/uploads\/2019\/06\/mik-2.jpg","width":238,"height":159},{"@type":"BreadcrumbList","@id":"https:\/\/marekkuchcinski.pl\/en\/wydarzenia\/15982\/#breadcrumb","itemListElement":[{"@type":"ListItem","position":1,"name":"Strona g\u0142\u00f3wna","item":"https:\/\/marekkuchcinski.pl\/"},{"@type":"ListItem","position":2,"name":"&#8220;Jak skre\u015bli\u0107 przeciwnika&#8221; &#8211; wybory &#8217;89"}]},{"@type":"WebSite","@id":"https:\/\/marekkuchcinski.pl\/#website","url":"https:\/\/marekkuchcinski.pl\/","name":"Marek Kuchci\u0144ski","description":"Pose\u0142 na sejm RP &ndash; okr\u0119g nr 22","publisher":{"@id":"https:\/\/marekkuchcinski.pl\/#organization"},"potentialAction":[{"@type":"SearchAction","target":{"@type":"EntryPoint","urlTemplate":"https:\/\/marekkuchcinski.pl\/?s={search_term_string}"},"query-input":{"@type":"PropertyValueSpecification","valueRequired":true,"valueName":"search_term_string"}}],"inLanguage":"en-GB"},{"@type":"Organization","@id":"https:\/\/marekkuchcinski.pl\/#organization","name":"Marek Kuchci\u0144ski","url":"https:\/\/marekkuchcinski.pl\/","logo":{"@type":"ImageObject","inLanguage":"en-GB","@id":"https:\/\/marekkuchcinski.pl\/#\/schema\/logo\/image\/","url":"https:\/\/marekkuchcinski.pl\/wp-content\/uploads\/2022\/09\/Marek.jpg","contentUrl":"https:\/\/marekkuchcinski.pl\/wp-content\/uploads\/2022\/09\/Marek.jpg","width":1600,"height":971,"caption":"Marek Kuchci\u0144ski"},"image":{"@id":"https:\/\/marekkuchcinski.pl\/#\/schema\/logo\/image\/"}},{"@type":"Person","@id":"https:\/\/marekkuchcinski.pl\/#\/schema\/person\/6f62700996b4d950b6ea2d1183b6c6be","name":"admin","image":{"@type":"ImageObject","inLanguage":"en-GB","@id":"https:\/\/marekkuchcinski.pl\/#\/schema\/person\/image\/","url":"https:\/\/secure.gravatar.com\/avatar\/4bab693b9d55c3d6b52c0296a8765085?s=96&d=mm&r=g","contentUrl":"https:\/\/secure.gravatar.com\/avatar\/4bab693b9d55c3d6b52c0296a8765085?s=96&d=mm&r=g","caption":"admin"},"url":"https:\/\/marekkuchcinski.pl\/en\/author\/marta-olejnik\/"}]}},"_links":{"self":[{"href":"https:\/\/marekkuchcinski.pl\/en\/wp-json\/wp\/v2\/posts\/15982","targetHints":{"allow":["GET"]}}],"collection":[{"href":"https:\/\/marekkuchcinski.pl\/en\/wp-json\/wp\/v2\/posts"}],"about":[{"href":"https:\/\/marekkuchcinski.pl\/en\/wp-json\/wp\/v2\/types\/post"}],"author":[{"embeddable":true,"href":"https:\/\/marekkuchcinski.pl\/en\/wp-json\/wp\/v2\/users\/6"}],"replies":[{"embeddable":true,"href":"https:\/\/marekkuchcinski.pl\/en\/wp-json\/wp\/v2\/comments?post=15982"}],"version-history":[{"count":6,"href":"https:\/\/marekkuchcinski.pl\/en\/wp-json\/wp\/v2\/posts\/15982\/revisions"}],"predecessor-version":[{"id":15991,"href":"https:\/\/marekkuchcinski.pl\/en\/wp-json\/wp\/v2\/posts\/15982\/revisions\/15991"}],"wp:featuredmedia":[{"embeddable":true,"href":"https:\/\/marekkuchcinski.pl\/en\/wp-json\/wp\/v2\/media\/15986"}],"wp:attachment":[{"href":"https:\/\/marekkuchcinski.pl\/en\/wp-json\/wp\/v2\/media?parent=15982"}],"wp:term":[{"taxonomy":"category","embeddable":true,"href":"https:\/\/marekkuchcinski.pl\/en\/wp-json\/wp\/v2\/categories?post=15982"},{"taxonomy":"post_tag","embeddable":true,"href":"https:\/\/marekkuchcinski.pl\/en\/wp-json\/wp\/v2\/tags?post=15982"}],"curies":[{"name":"wp","href":"https:\/\/api.w.org\/{rel}","templated":true}]}}