{"id":15958,"date":"2019-06-03T23:03:05","date_gmt":"2019-06-03T21:03:05","guid":{"rendered":"https:\/\/marekkuchcinski.pl\/?p=15958"},"modified":"2019-06-03T23:08:26","modified_gmt":"2019-06-03T21:08:26","slug":"uroczystosc-wreczenia-krzyza-wolnosci-i-solidarnosci-z-udzialem-marszalka-sejmu","status":"publish","type":"post","link":"https:\/\/marekkuchcinski.pl\/en\/wydarzenia\/uroczystosc-wreczenia-krzyza-wolnosci-i-solidarnosci-z-udzialem-marszalka-sejmu\/","title":{"rendered":"Ceremony of awarding the Cross of Freedom and Solidarity with the participation of the Speaker of the Sejm"},"content":{"rendered":"<p>On the eve of the 30th anniversary of the free elections to the Senate in the capital's Kamienica Theater, President of the Institute of National Remembrance Jaros\u0142aw Szarek awarded the Cross of Freedom and Solidarity to 27 former anti-communist opposition activists from the years 1956-1989. Marek Kuchci\u0144ski, Speaker of the Sejm, who was present at the ceremony, emphasized that the elections three decades ago were not only a return to parliamentary tradition but also an important next stage in the process of the collapse of communism. - Without you, honoured with the Cross of Freedom and Solidarity, there would not have been this great victory, there would not be a democratic Poland today - said Marek Kuchci\u0144ski.<\/p>\n\n\n\n<p>The Cross of Freedom and Solidarity was awarded to people of outstanding merit in the fight against the communist system. They were awarded posthumously to Prime Minister Jan Olszewski and Stanis\u0142aw Pyjas, who was murdered by the communist services; Stanis\u0142aw Ma\u0142kowski, a democratic opposition activist in the People's Republic of Poland and a Solidarity chaplain; Marek Balicki, the former Minister of Health and a Solidarity activist; Ryszard Terlecki, Deputy Speaker of the Sejm.<\/p>\n\n\n\n<p>Marshal Kuchci\u0144ski thanked the decorated for their struggle against communism. - You have proved that a repressive system is not able to suppress the desire for freedom and that it was worth undertaking the fight. We fought not only for ourselves, but also for future generations. Together we have made a great turn in the history of the 20th century, we have won,\" said the Speaker of the Sejm.<\/p>\n\n\n\n<div class=\"wp-block-file\"><a href=\"https:\/\/marekkuchcinski.pl\/wp-content\/uploads\/2019\/06\/Lista-odznaczonych-.pdf\">List of decorated<\/a><a href=\"https:\/\/marekkuchcinski.pl\/wp-content\/uploads\/2019\/06\/Lista-odznaczonych-.pdf\" class=\"wp-block-file__button\" download>Download<\/a><\/div>\n\n\n\n<p><em>CIS<\/em><\/p>\n\n\n\n<p><em>Photo by M. Olejnik<\/em><\/p>\n\n\n\n<figure class=\"wp-block-image\"><img fetchpriority=\"high\" decoding=\"async\" width=\"1024\" height=\"683\" src=\"https:\/\/marekkuchcinski.pl\/wp-content\/uploads\/2019\/06\/IMG_0142-1024x683.jpg\" alt=\"\" class=\"wp-image-15971\" srcset=\"https:\/\/marekkuchcinski.pl\/wp-content\/uploads\/2019\/06\/IMG_0142-1024x683.jpg 1024w, https:\/\/marekkuchcinski.pl\/wp-content\/uploads\/2019\/06\/IMG_0142-300x200.jpg 300w, https:\/\/marekkuchcinski.pl\/wp-content\/uploads\/2019\/06\/IMG_0142-768x512.jpg 768w, https:\/\/marekkuchcinski.pl\/wp-content\/uploads\/2019\/06\/IMG_0142.jpg 2048w\" sizes=\"(max-width: 1024px) 100vw, 1024px\" \/><\/figure>\n\n\n\n<figure class=\"wp-block-image\"><img decoding=\"async\" width=\"1024\" height=\"683\" src=\"https:\/\/marekkuchcinski.pl\/wp-content\/uploads\/2019\/06\/mt-1024x683.jpg\" alt=\"\" class=\"wp-image-15959\" srcset=\"https:\/\/marekkuchcinski.pl\/wp-content\/uploads\/2019\/06\/mt-1024x683.jpg 1024w, https:\/\/marekkuchcinski.pl\/wp-content\/uploads\/2019\/06\/mt-300x200.jpg 300w, https:\/\/marekkuchcinski.pl\/wp-content\/uploads\/2019\/06\/mt-768x512.jpg 768w, https:\/\/marekkuchcinski.pl\/wp-content\/uploads\/2019\/06\/mt.jpg 2048w\" sizes=\"(max-width: 1024px) 100vw, 1024px\" \/><\/figure>\n\n\n\n<figure class=\"wp-block-image\"><img decoding=\"async\" width=\"1024\" height=\"683\" src=\"https:\/\/marekkuchcinski.pl\/wp-content\/uploads\/2019\/06\/IMG_0206-1024x683.jpg\" alt=\"\" class=\"wp-image-15970\" srcset=\"https:\/\/marekkuchcinski.pl\/wp-content\/uploads\/2019\/06\/IMG_0206-1024x683.jpg 1024w, https:\/\/marekkuchcinski.pl\/wp-content\/uploads\/2019\/06\/IMG_0206-300x200.jpg 300w, https:\/\/marekkuchcinski.pl\/wp-content\/uploads\/2019\/06\/IMG_0206-768x512.jpg 768w, https:\/\/marekkuchcinski.pl\/wp-content\/uploads\/2019\/06\/IMG_0206.jpg 2048w\" sizes=\"(max-width: 1024px) 100vw, 1024px\" \/><\/figure>\n\n\n\n<figure class=\"wp-block-image\"><img loading=\"lazy\" decoding=\"async\" width=\"1024\" height=\"683\" src=\"https:\/\/marekkuchcinski.pl\/wp-content\/uploads\/2019\/06\/c2-1024x683.jpg\" alt=\"\" class=\"wp-image-15961\" srcset=\"https:\/\/marekkuchcinski.pl\/wp-content\/uploads\/2019\/06\/c2-1024x683.jpg 1024w, https:\/\/marekkuchcinski.pl\/wp-content\/uploads\/2019\/06\/c2-300x200.jpg 300w, https:\/\/marekkuchcinski.pl\/wp-content\/uploads\/2019\/06\/c2-768x512.jpg 768w, https:\/\/marekkuchcinski.pl\/wp-content\/uploads\/2019\/06\/c2.jpg 2048w\" sizes=\"(max-width: 1024px) 100vw, 1024px\" \/><\/figure>\n\n\n\n<figure class=\"wp-block-image\"><img loading=\"lazy\" decoding=\"async\" width=\"1024\" height=\"683\" src=\"https:\/\/marekkuchcinski.pl\/wp-content\/uploads\/2019\/06\/c3-1024x683.jpg\" alt=\"\" class=\"wp-image-15962\" srcset=\"https:\/\/marekkuchcinski.pl\/wp-content\/uploads\/2019\/06\/c3-1024x683.jpg 1024w, https:\/\/marekkuchcinski.pl\/wp-content\/uploads\/2019\/06\/c3-300x200.jpg 300w, https:\/\/marekkuchcinski.pl\/wp-content\/uploads\/2019\/06\/c3-768x512.jpg 768w, https:\/\/marekkuchcinski.pl\/wp-content\/uploads\/2019\/06\/c3.jpg 2048w\" sizes=\"(max-width: 1024px) 100vw, 1024px\" \/><\/figure>\n\n\n\n<figure class=\"wp-block-image\"><img loading=\"lazy\" decoding=\"async\" width=\"1024\" height=\"683\" src=\"https:\/\/marekkuchcinski.pl\/wp-content\/uploads\/2019\/06\/c5-1024x683.jpg\" alt=\"\" class=\"wp-image-15963\" srcset=\"https:\/\/marekkuchcinski.pl\/wp-content\/uploads\/2019\/06\/c5-1024x683.jpg 1024w, https:\/\/marekkuchcinski.pl\/wp-content\/uploads\/2019\/06\/c5-300x200.jpg 300w, https:\/\/marekkuchcinski.pl\/wp-content\/uploads\/2019\/06\/c5-768x512.jpg 768w, https:\/\/marekkuchcinski.pl\/wp-content\/uploads\/2019\/06\/c5.jpg 2048w\" sizes=\"(max-width: 1024px) 100vw, 1024px\" \/><\/figure>\n\n\n\n<figure class=\"wp-block-image\"><img loading=\"lazy\" decoding=\"async\" width=\"1024\" height=\"683\" src=\"https:\/\/marekkuchcinski.pl\/wp-content\/uploads\/2019\/06\/RT2-1024x683.jpg\" alt=\"\" class=\"wp-image-15964\" srcset=\"https:\/\/marekkuchcinski.pl\/wp-content\/uploads\/2019\/06\/RT2-1024x683.jpg 1024w, https:\/\/marekkuchcinski.pl\/wp-content\/uploads\/2019\/06\/RT2-300x200.jpg 300w, https:\/\/marekkuchcinski.pl\/wp-content\/uploads\/2019\/06\/RT2-768x512.jpg 768w, https:\/\/marekkuchcinski.pl\/wp-content\/uploads\/2019\/06\/RT2.jpg 2048w\" sizes=\"(max-width: 1024px) 100vw, 1024px\" \/><\/figure>\n\n\n\n<figure class=\"wp-block-image\"><img loading=\"lazy\" decoding=\"async\" width=\"1024\" height=\"683\" src=\"https:\/\/marekkuchcinski.pl\/wp-content\/uploads\/2019\/06\/c6-1024x683.jpg\" alt=\"\" class=\"wp-image-15965\" srcset=\"https:\/\/marekkuchcinski.pl\/wp-content\/uploads\/2019\/06\/c6-1024x683.jpg 1024w, https:\/\/marekkuchcinski.pl\/wp-content\/uploads\/2019\/06\/c6-300x200.jpg 300w, https:\/\/marekkuchcinski.pl\/wp-content\/uploads\/2019\/06\/c6-768x512.jpg 768w, https:\/\/marekkuchcinski.pl\/wp-content\/uploads\/2019\/06\/c6.jpg 2048w\" sizes=\"(max-width: 1024px) 100vw, 1024px\" \/><\/figure>\n\n\n\n<figure class=\"wp-block-image\"><img loading=\"lazy\" decoding=\"async\" width=\"1024\" height=\"683\" src=\"https:\/\/marekkuchcinski.pl\/wp-content\/uploads\/2019\/06\/rt-1024x683.jpg\" alt=\"\" class=\"wp-image-15966\" srcset=\"https:\/\/marekkuchcinski.pl\/wp-content\/uploads\/2019\/06\/rt-1024x683.jpg 1024w, https:\/\/marekkuchcinski.pl\/wp-content\/uploads\/2019\/06\/rt-300x200.jpg 300w, https:\/\/marekkuchcinski.pl\/wp-content\/uploads\/2019\/06\/rt-768x512.jpg 768w, https:\/\/marekkuchcinski.pl\/wp-content\/uploads\/2019\/06\/rt.jpg 2048w\" sizes=\"(max-width: 1024px) 100vw, 1024px\" \/><\/figure>\n\n\n\n<figure class=\"wp-block-image\"><img loading=\"lazy\" decoding=\"async\" width=\"1024\" height=\"683\" src=\"https:\/\/marekkuchcinski.pl\/wp-content\/uploads\/2019\/06\/IMG_0326-1024x683.jpg\" alt=\"\" class=\"wp-image-15972\" srcset=\"https:\/\/marekkuchcinski.pl\/wp-content\/uploads\/2019\/06\/IMG_0326-1024x683.jpg 1024w, https:\/\/marekkuchcinski.pl\/wp-content\/uploads\/2019\/06\/IMG_0326-300x200.jpg 300w, https:\/\/marekkuchcinski.pl\/wp-content\/uploads\/2019\/06\/IMG_0326-768x512.jpg 768w, https:\/\/marekkuchcinski.pl\/wp-content\/uploads\/2019\/06\/IMG_0326.jpg 2048w\" sizes=\"(max-width: 1024px) 100vw, 1024px\" \/><\/figure>\n\n\n\n<figure class=\"wp-block-image\"><img loading=\"lazy\" decoding=\"async\" width=\"1024\" height=\"683\" src=\"https:\/\/marekkuchcinski.pl\/wp-content\/uploads\/2019\/06\/IMG_0313-1024x683.jpg\" alt=\"\" class=\"wp-image-15973\" srcset=\"https:\/\/marekkuchcinski.pl\/wp-content\/uploads\/2019\/06\/IMG_0313-1024x683.jpg 1024w, https:\/\/marekkuchcinski.pl\/wp-content\/uploads\/2019\/06\/IMG_0313-300x200.jpg 300w, https:\/\/marekkuchcinski.pl\/wp-content\/uploads\/2019\/06\/IMG_0313-768x512.jpg 768w, https:\/\/marekkuchcinski.pl\/wp-content\/uploads\/2019\/06\/IMG_0313.jpg 2048w\" sizes=\"(max-width: 1024px) 100vw, 1024px\" \/><\/figure>\n\n\n\n<figure class=\"wp-block-image\"><img loading=\"lazy\" decoding=\"async\" width=\"1024\" height=\"683\" src=\"https:\/\/marekkuchcinski.pl\/wp-content\/uploads\/2019\/06\/IMG_0492-1024x683.jpg\" alt=\"\" class=\"wp-image-15974\" srcset=\"https:\/\/marekkuchcinski.pl\/wp-content\/uploads\/2019\/06\/IMG_0492-1024x683.jpg 1024w, https:\/\/marekkuchcinski.pl\/wp-content\/uploads\/2019\/06\/IMG_0492-300x200.jpg 300w, https:\/\/marekkuchcinski.pl\/wp-content\/uploads\/2019\/06\/IMG_0492-768x512.jpg 768w, https:\/\/marekkuchcinski.pl\/wp-content\/uploads\/2019\/06\/IMG_0492.jpg 2048w\" sizes=\"(max-width: 1024px) 100vw, 1024px\" \/><\/figure>","protected":false},"excerpt":{"rendered":"<p>W przededniu obchod\u00f3w 30. rocznicy wolnych wybor\u00f3w do Senatu w sto\u0142ecznym teatrze Kamienica prezes Instytutu Pami\u0119ci Narodowej Jaros\u0142aw Szarek wr\u0119czy\u0142 Krzy\u017ce Wolno\u015bci i Solidarno\u015bci 27 by\u0142ym dzia\u0142aczom opozycji antykomunistycznej z lat 1956-1989. Obecny na uroczysto\u015bci marsza\u0142ek Sejmu Marek Kuchci\u0144ski podkre\u015bli\u0142, \u017ce wybory sprzed trzech dekad to nie tylko powr\u00f3t do parlamentarnej tradycji, ale i wa\u017cny [&hellip;]<\/p>","protected":false},"author":6,"featured_media":15962,"comment_status":"open","ping_status":"open","sticky":false,"template":"","format":"standard","meta":{"ngg_post_thumbnail":0,"footnotes":""},"categories":[77,3],"tags":[],"class_list":["post-15958","post","type-post","status-publish","format-standard","has-post-thumbnail","hentry","category-wazne-daty","category-wydarzenia"],"yoast_head":"<!-- This site is optimized with the Yoast SEO plugin v24.7 - https:\/\/yoast.com\/wordpress\/plugins\/seo\/ -->\n<title>Uroczysto\u015b\u0107 wr\u0119czenia Krzy\u017ca Wolno\u015bci i Solidarno\u015bci z udzia\u0142em marsza\u0142ka Sejmu &#8211; Marek Kuchci\u0144ski<\/title>\n<meta name=\"robots\" content=\"index, follow, max-snippet:-1, max-image-preview:large, max-video-preview:-1\" \/>\n<link rel=\"canonical\" href=\"https:\/\/marekkuchcinski.pl\/en\/wydarzenia\/uroczystosc-wreczenia-krzyza-wolnosci-i-solidarnosci-z-udzialem-marszalka-sejmu\/\" \/>\n<meta property=\"og:locale\" content=\"en_GB\" \/>\n<meta property=\"og:type\" content=\"article\" \/>\n<meta property=\"og:title\" content=\"Uroczysto\u015b\u0107 wr\u0119czenia Krzy\u017ca Wolno\u015bci i Solidarno\u015bci z udzia\u0142em marsza\u0142ka Sejmu &#8211; Marek Kuchci\u0144ski\" \/>\n<meta property=\"og:description\" content=\"W przededniu obchod\u00f3w 30. rocznicy wolnych wybor\u00f3w do Senatu w sto\u0142ecznym teatrze Kamienica prezes Instytutu Pami\u0119ci Narodowej Jaros\u0142aw Szarek wr\u0119czy\u0142 Krzy\u017ce Wolno\u015bci i Solidarno\u015bci 27 by\u0142ym dzia\u0142aczom opozycji antykomunistycznej z lat 1956-1989. Obecny na uroczysto\u015bci marsza\u0142ek Sejmu Marek Kuchci\u0144ski podkre\u015bli\u0142, \u017ce wybory sprzed trzech dekad to nie tylko powr\u00f3t do parlamentarnej tradycji, ale i wa\u017cny [&hellip;]\" \/>\n<meta property=\"og:url\" content=\"https:\/\/marekkuchcinski.pl\/en\/wydarzenia\/uroczystosc-wreczenia-krzyza-wolnosci-i-solidarnosci-z-udzialem-marszalka-sejmu\/\" \/>\n<meta property=\"og:site_name\" content=\"Marek Kuchci\u0144ski\" \/>\n<meta property=\"article:published_time\" content=\"2019-06-03T21:03:05+00:00\" \/>\n<meta property=\"article:modified_time\" content=\"2019-06-03T21:08:26+00:00\" \/>\n<meta property=\"og:image\" content=\"https:\/\/marekkuchcinski.pl\/wp-content\/uploads\/2019\/06\/c3.jpg\" \/>\n\t<meta property=\"og:image:width\" content=\"2048\" \/>\n\t<meta property=\"og:image:height\" content=\"1366\" \/>\n\t<meta property=\"og:image:type\" content=\"image\/jpeg\" \/>\n<meta name=\"author\" content=\"admin\" \/>\n<meta name=\"twitter:card\" content=\"summary_large_image\" \/>\n<meta name=\"twitter:label1\" content=\"Written by\" \/>\n\t<meta name=\"twitter:data1\" content=\"admin\" \/>\n\t<meta name=\"twitter:label2\" content=\"Estimated reading time\" \/>\n\t<meta name=\"twitter:data2\" content=\"1 minute\" \/>\n<script type=\"application\/ld+json\" class=\"yoast-schema-graph\">{\"@context\":\"https:\/\/schema.org\",\"@graph\":[{\"@type\":\"Article\",\"@id\":\"https:\/\/marekkuchcinski.pl\/hu\/wydarzenia\/uroczystosc-wreczenia-krzyza-wolnosci-i-solidarnosci-z-udzialem-marszalka-sejmu\/#article\",\"isPartOf\":{\"@id\":\"https:\/\/marekkuchcinski.pl\/hu\/wydarzenia\/uroczystosc-wreczenia-krzyza-wolnosci-i-solidarnosci-z-udzialem-marszalka-sejmu\/\"},\"author\":{\"name\":\"admin\",\"@id\":\"https:\/\/marekkuchcinski.pl\/#\/schema\/person\/6f62700996b4d950b6ea2d1183b6c6be\"},\"headline\":\"Uroczysto\u015b\u0107 wr\u0119czenia Krzy\u017ca Wolno\u015bci i Solidarno\u015bci z udzia\u0142em marsza\u0142ka Sejmu\",\"datePublished\":\"2019-06-03T21:03:05+00:00\",\"dateModified\":\"2019-06-03T21:08:26+00:00\",\"mainEntityOfPage\":{\"@id\":\"https:\/\/marekkuchcinski.pl\/hu\/wydarzenia\/uroczystosc-wreczenia-krzyza-wolnosci-i-solidarnosci-z-udzialem-marszalka-sejmu\/\"},\"wordCount\":261,\"commentCount\":0,\"publisher\":{\"@id\":\"https:\/\/marekkuchcinski.pl\/#organization\"},\"image\":{\"@id\":\"https:\/\/marekkuchcinski.pl\/hu\/wydarzenia\/uroczystosc-wreczenia-krzyza-wolnosci-i-solidarnosci-z-udzialem-marszalka-sejmu\/#primaryimage\"},\"thumbnailUrl\":\"https:\/\/marekkuchcinski.pl\/wp-content\/uploads\/2019\/06\/c3.jpg\",\"articleSection\":[\"Wa\u017cne daty\",\"Wydarzenia\"],\"inLanguage\":\"en-GB\",\"potentialAction\":[{\"@type\":\"CommentAction\",\"name\":\"Comment\",\"target\":[\"https:\/\/marekkuchcinski.pl\/hu\/wydarzenia\/uroczystosc-wreczenia-krzyza-wolnosci-i-solidarnosci-z-udzialem-marszalka-sejmu\/#respond\"]}]},{\"@type\":\"WebPage\",\"@id\":\"https:\/\/marekkuchcinski.pl\/hu\/wydarzenia\/uroczystosc-wreczenia-krzyza-wolnosci-i-solidarnosci-z-udzialem-marszalka-sejmu\/\",\"url\":\"https:\/\/marekkuchcinski.pl\/hu\/wydarzenia\/uroczystosc-wreczenia-krzyza-wolnosci-i-solidarnosci-z-udzialem-marszalka-sejmu\/\",\"name\":\"Uroczysto\u015b\u0107 wr\u0119czenia Krzy\u017ca Wolno\u015bci i Solidarno\u015bci z udzia\u0142em marsza\u0142ka Sejmu &#8211; Marek Kuchci\u0144ski\",\"isPartOf\":{\"@id\":\"https:\/\/marekkuchcinski.pl\/#website\"},\"primaryImageOfPage\":{\"@id\":\"https:\/\/marekkuchcinski.pl\/hu\/wydarzenia\/uroczystosc-wreczenia-krzyza-wolnosci-i-solidarnosci-z-udzialem-marszalka-sejmu\/#primaryimage\"},\"image\":{\"@id\":\"https:\/\/marekkuchcinski.pl\/hu\/wydarzenia\/uroczystosc-wreczenia-krzyza-wolnosci-i-solidarnosci-z-udzialem-marszalka-sejmu\/#primaryimage\"},\"thumbnailUrl\":\"https:\/\/marekkuchcinski.pl\/wp-content\/uploads\/2019\/06\/c3.jpg\",\"datePublished\":\"2019-06-03T21:03:05+00:00\",\"dateModified\":\"2019-06-03T21:08:26+00:00\",\"breadcrumb\":{\"@id\":\"https:\/\/marekkuchcinski.pl\/hu\/wydarzenia\/uroczystosc-wreczenia-krzyza-wolnosci-i-solidarnosci-z-udzialem-marszalka-sejmu\/#breadcrumb\"},\"inLanguage\":\"en-GB\",\"potentialAction\":[{\"@type\":\"ReadAction\",\"target\":[\"https:\/\/marekkuchcinski.pl\/hu\/wydarzenia\/uroczystosc-wreczenia-krzyza-wolnosci-i-solidarnosci-z-udzialem-marszalka-sejmu\/\"]}]},{\"@type\":\"ImageObject\",\"inLanguage\":\"en-GB\",\"@id\":\"https:\/\/marekkuchcinski.pl\/hu\/wydarzenia\/uroczystosc-wreczenia-krzyza-wolnosci-i-solidarnosci-z-udzialem-marszalka-sejmu\/#primaryimage\",\"url\":\"https:\/\/marekkuchcinski.pl\/wp-content\/uploads\/2019\/06\/c3.jpg\",\"contentUrl\":\"https:\/\/marekkuchcinski.pl\/wp-content\/uploads\/2019\/06\/c3.jpg\",\"width\":2048,\"height\":1366},{\"@type\":\"BreadcrumbList\",\"@id\":\"https:\/\/marekkuchcinski.pl\/hu\/wydarzenia\/uroczystosc-wreczenia-krzyza-wolnosci-i-solidarnosci-z-udzialem-marszalka-sejmu\/#breadcrumb\",\"itemListElement\":[{\"@type\":\"ListItem\",\"position\":1,\"name\":\"Strona g\u0142\u00f3wna\",\"item\":\"https:\/\/marekkuchcinski.pl\/\"},{\"@type\":\"ListItem\",\"position\":2,\"name\":\"Uroczysto\u015b\u0107 wr\u0119czenia Krzy\u017ca Wolno\u015bci i Solidarno\u015bci z udzia\u0142em marsza\u0142ka Sejmu\"}]},{\"@type\":\"WebSite\",\"@id\":\"https:\/\/marekkuchcinski.pl\/#website\",\"url\":\"https:\/\/marekkuchcinski.pl\/\",\"name\":\"Marek Kuchci\u0144ski\",\"description\":\"Pose\u0142 na sejm RP &ndash; okr\u0119g nr 22\",\"publisher\":{\"@id\":\"https:\/\/marekkuchcinski.pl\/#organization\"},\"potentialAction\":[{\"@type\":\"SearchAction\",\"target\":{\"@type\":\"EntryPoint\",\"urlTemplate\":\"https:\/\/marekkuchcinski.pl\/?s={search_term_string}\"},\"query-input\":{\"@type\":\"PropertyValueSpecification\",\"valueRequired\":true,\"valueName\":\"search_term_string\"}}],\"inLanguage\":\"en-GB\"},{\"@type\":\"Organization\",\"@id\":\"https:\/\/marekkuchcinski.pl\/#organization\",\"name\":\"Marek Kuchci\u0144ski\",\"url\":\"https:\/\/marekkuchcinski.pl\/\",\"logo\":{\"@type\":\"ImageObject\",\"inLanguage\":\"en-GB\",\"@id\":\"https:\/\/marekkuchcinski.pl\/#\/schema\/logo\/image\/\",\"url\":\"https:\/\/marekkuchcinski.pl\/wp-content\/uploads\/2022\/09\/Marek.jpg\",\"contentUrl\":\"https:\/\/marekkuchcinski.pl\/wp-content\/uploads\/2022\/09\/Marek.jpg\",\"width\":1600,\"height\":971,\"caption\":\"Marek Kuchci\u0144ski\"},\"image\":{\"@id\":\"https:\/\/marekkuchcinski.pl\/#\/schema\/logo\/image\/\"}},{\"@type\":\"Person\",\"@id\":\"https:\/\/marekkuchcinski.pl\/#\/schema\/person\/6f62700996b4d950b6ea2d1183b6c6be\",\"name\":\"admin\",\"image\":{\"@type\":\"ImageObject\",\"inLanguage\":\"en-GB\",\"@id\":\"https:\/\/marekkuchcinski.pl\/#\/schema\/person\/image\/\",\"url\":\"https:\/\/secure.gravatar.com\/avatar\/4bab693b9d55c3d6b52c0296a8765085?s=96&d=mm&r=g\",\"contentUrl\":\"https:\/\/secure.gravatar.com\/avatar\/4bab693b9d55c3d6b52c0296a8765085?s=96&d=mm&r=g\",\"caption\":\"admin\"},\"url\":\"https:\/\/marekkuchcinski.pl\/en\/author\/marta-olejnik\/\"}]}<\/script>\n<!-- \/ Yoast SEO plugin. -->","yoast_head_json":{"title":"Uroczysto\u015b\u0107 wr\u0119czenia Krzy\u017ca Wolno\u015bci i Solidarno\u015bci z udzia\u0142em marsza\u0142ka Sejmu &#8211; Marek Kuchci\u0144ski","robots":{"index":"index","follow":"follow","max-snippet":"max-snippet:-1","max-image-preview":"max-image-preview:large","max-video-preview":"max-video-preview:-1"},"canonical":"https:\/\/marekkuchcinski.pl\/en\/wydarzenia\/uroczystosc-wreczenia-krzyza-wolnosci-i-solidarnosci-z-udzialem-marszalka-sejmu\/","og_locale":"en_GB","og_type":"article","og_title":"Uroczysto\u015b\u0107 wr\u0119czenia Krzy\u017ca Wolno\u015bci i Solidarno\u015bci z udzia\u0142em marsza\u0142ka Sejmu &#8211; Marek Kuchci\u0144ski","og_description":"W przededniu obchod\u00f3w 30. rocznicy wolnych wybor\u00f3w do Senatu w sto\u0142ecznym teatrze Kamienica prezes Instytutu Pami\u0119ci Narodowej Jaros\u0142aw Szarek wr\u0119czy\u0142 Krzy\u017ce Wolno\u015bci i Solidarno\u015bci 27 by\u0142ym dzia\u0142aczom opozycji antykomunistycznej z lat 1956-1989. Obecny na uroczysto\u015bci marsza\u0142ek Sejmu Marek Kuchci\u0144ski podkre\u015bli\u0142, \u017ce wybory sprzed trzech dekad to nie tylko powr\u00f3t do parlamentarnej tradycji, ale i wa\u017cny [&hellip;]","og_url":"https:\/\/marekkuchcinski.pl\/en\/wydarzenia\/uroczystosc-wreczenia-krzyza-wolnosci-i-solidarnosci-z-udzialem-marszalka-sejmu\/","og_site_name":"Marek Kuchci\u0144ski","article_published_time":"2019-06-03T21:03:05+00:00","article_modified_time":"2019-06-03T21:08:26+00:00","og_image":[{"width":2048,"height":1366,"url":"https:\/\/marekkuchcinski.pl\/wp-content\/uploads\/2019\/06\/c3.jpg","type":"image\/jpeg"}],"author":"admin","twitter_card":"summary_large_image","twitter_misc":{"Written by":"admin","Estimated reading time":"1 minute"},"schema":{"@context":"https:\/\/schema.org","@graph":[{"@type":"Article","@id":"https:\/\/marekkuchcinski.pl\/hu\/wydarzenia\/uroczystosc-wreczenia-krzyza-wolnosci-i-solidarnosci-z-udzialem-marszalka-sejmu\/#article","isPartOf":{"@id":"https:\/\/marekkuchcinski.pl\/hu\/wydarzenia\/uroczystosc-wreczenia-krzyza-wolnosci-i-solidarnosci-z-udzialem-marszalka-sejmu\/"},"author":{"name":"admin","@id":"https:\/\/marekkuchcinski.pl\/#\/schema\/person\/6f62700996b4d950b6ea2d1183b6c6be"},"headline":"Uroczysto\u015b\u0107 wr\u0119czenia Krzy\u017ca Wolno\u015bci i Solidarno\u015bci z udzia\u0142em marsza\u0142ka Sejmu","datePublished":"2019-06-03T21:03:05+00:00","dateModified":"2019-06-03T21:08:26+00:00","mainEntityOfPage":{"@id":"https:\/\/marekkuchcinski.pl\/hu\/wydarzenia\/uroczystosc-wreczenia-krzyza-wolnosci-i-solidarnosci-z-udzialem-marszalka-sejmu\/"},"wordCount":261,"commentCount":0,"publisher":{"@id":"https:\/\/marekkuchcinski.pl\/#organization"},"image":{"@id":"https:\/\/marekkuchcinski.pl\/hu\/wydarzenia\/uroczystosc-wreczenia-krzyza-wolnosci-i-solidarnosci-z-udzialem-marszalka-sejmu\/#primaryimage"},"thumbnailUrl":"https:\/\/marekkuchcinski.pl\/wp-content\/uploads\/2019\/06\/c3.jpg","articleSection":["Wa\u017cne daty","Wydarzenia"],"inLanguage":"en-GB","potentialAction":[{"@type":"CommentAction","name":"Comment","target":["https:\/\/marekkuchcinski.pl\/hu\/wydarzenia\/uroczystosc-wreczenia-krzyza-wolnosci-i-solidarnosci-z-udzialem-marszalka-sejmu\/#respond"]}]},{"@type":"WebPage","@id":"https:\/\/marekkuchcinski.pl\/hu\/wydarzenia\/uroczystosc-wreczenia-krzyza-wolnosci-i-solidarnosci-z-udzialem-marszalka-sejmu\/","url":"https:\/\/marekkuchcinski.pl\/hu\/wydarzenia\/uroczystosc-wreczenia-krzyza-wolnosci-i-solidarnosci-z-udzialem-marszalka-sejmu\/","name":"Uroczysto\u015b\u0107 wr\u0119czenia Krzy\u017ca Wolno\u015bci i Solidarno\u015bci z udzia\u0142em marsza\u0142ka Sejmu &#8211; Marek Kuchci\u0144ski","isPartOf":{"@id":"https:\/\/marekkuchcinski.pl\/#website"},"primaryImageOfPage":{"@id":"https:\/\/marekkuchcinski.pl\/hu\/wydarzenia\/uroczystosc-wreczenia-krzyza-wolnosci-i-solidarnosci-z-udzialem-marszalka-sejmu\/#primaryimage"},"image":{"@id":"https:\/\/marekkuchcinski.pl\/hu\/wydarzenia\/uroczystosc-wreczenia-krzyza-wolnosci-i-solidarnosci-z-udzialem-marszalka-sejmu\/#primaryimage"},"thumbnailUrl":"https:\/\/marekkuchcinski.pl\/wp-content\/uploads\/2019\/06\/c3.jpg","datePublished":"2019-06-03T21:03:05+00:00","dateModified":"2019-06-03T21:08:26+00:00","breadcrumb":{"@id":"https:\/\/marekkuchcinski.pl\/hu\/wydarzenia\/uroczystosc-wreczenia-krzyza-wolnosci-i-solidarnosci-z-udzialem-marszalka-sejmu\/#breadcrumb"},"inLanguage":"en-GB","potentialAction":[{"@type":"ReadAction","target":["https:\/\/marekkuchcinski.pl\/hu\/wydarzenia\/uroczystosc-wreczenia-krzyza-wolnosci-i-solidarnosci-z-udzialem-marszalka-sejmu\/"]}]},{"@type":"ImageObject","inLanguage":"en-GB","@id":"https:\/\/marekkuchcinski.pl\/hu\/wydarzenia\/uroczystosc-wreczenia-krzyza-wolnosci-i-solidarnosci-z-udzialem-marszalka-sejmu\/#primaryimage","url":"https:\/\/marekkuchcinski.pl\/wp-content\/uploads\/2019\/06\/c3.jpg","contentUrl":"https:\/\/marekkuchcinski.pl\/wp-content\/uploads\/2019\/06\/c3.jpg","width":2048,"height":1366},{"@type":"BreadcrumbList","@id":"https:\/\/marekkuchcinski.pl\/hu\/wydarzenia\/uroczystosc-wreczenia-krzyza-wolnosci-i-solidarnosci-z-udzialem-marszalka-sejmu\/#breadcrumb","itemListElement":[{"@type":"ListItem","position":1,"name":"Strona g\u0142\u00f3wna","item":"https:\/\/marekkuchcinski.pl\/"},{"@type":"ListItem","position":2,"name":"Uroczysto\u015b\u0107 wr\u0119czenia Krzy\u017ca Wolno\u015bci i Solidarno\u015bci z udzia\u0142em marsza\u0142ka Sejmu"}]},{"@type":"WebSite","@id":"https:\/\/marekkuchcinski.pl\/#website","url":"https:\/\/marekkuchcinski.pl\/","name":"Marek Kuchci\u0144ski","description":"Pose\u0142 na sejm RP &ndash; okr\u0119g nr 22","publisher":{"@id":"https:\/\/marekkuchcinski.pl\/#organization"},"potentialAction":[{"@type":"SearchAction","target":{"@type":"EntryPoint","urlTemplate":"https:\/\/marekkuchcinski.pl\/?s={search_term_string}"},"query-input":{"@type":"PropertyValueSpecification","valueRequired":true,"valueName":"search_term_string"}}],"inLanguage":"en-GB"},{"@type":"Organization","@id":"https:\/\/marekkuchcinski.pl\/#organization","name":"Marek Kuchci\u0144ski","url":"https:\/\/marekkuchcinski.pl\/","logo":{"@type":"ImageObject","inLanguage":"en-GB","@id":"https:\/\/marekkuchcinski.pl\/#\/schema\/logo\/image\/","url":"https:\/\/marekkuchcinski.pl\/wp-content\/uploads\/2022\/09\/Marek.jpg","contentUrl":"https:\/\/marekkuchcinski.pl\/wp-content\/uploads\/2022\/09\/Marek.jpg","width":1600,"height":971,"caption":"Marek Kuchci\u0144ski"},"image":{"@id":"https:\/\/marekkuchcinski.pl\/#\/schema\/logo\/image\/"}},{"@type":"Person","@id":"https:\/\/marekkuchcinski.pl\/#\/schema\/person\/6f62700996b4d950b6ea2d1183b6c6be","name":"admin","image":{"@type":"ImageObject","inLanguage":"en-GB","@id":"https:\/\/marekkuchcinski.pl\/#\/schema\/person\/image\/","url":"https:\/\/secure.gravatar.com\/avatar\/4bab693b9d55c3d6b52c0296a8765085?s=96&d=mm&r=g","contentUrl":"https:\/\/secure.gravatar.com\/avatar\/4bab693b9d55c3d6b52c0296a8765085?s=96&d=mm&r=g","caption":"admin"},"url":"https:\/\/marekkuchcinski.pl\/en\/author\/marta-olejnik\/"}]}},"_links":{"self":[{"href":"https:\/\/marekkuchcinski.pl\/en\/wp-json\/wp\/v2\/posts\/15958","targetHints":{"allow":["GET"]}}],"collection":[{"href":"https:\/\/marekkuchcinski.pl\/en\/wp-json\/wp\/v2\/posts"}],"about":[{"href":"https:\/\/marekkuchcinski.pl\/en\/wp-json\/wp\/v2\/types\/post"}],"author":[{"embeddable":true,"href":"https:\/\/marekkuchcinski.pl\/en\/wp-json\/wp\/v2\/users\/6"}],"replies":[{"embeddable":true,"href":"https:\/\/marekkuchcinski.pl\/en\/wp-json\/wp\/v2\/comments?post=15958"}],"version-history":[{"count":7,"href":"https:\/\/marekkuchcinski.pl\/en\/wp-json\/wp\/v2\/posts\/15958\/revisions"}],"predecessor-version":[{"id":15981,"href":"https:\/\/marekkuchcinski.pl\/en\/wp-json\/wp\/v2\/posts\/15958\/revisions\/15981"}],"wp:featuredmedia":[{"embeddable":true,"href":"https:\/\/marekkuchcinski.pl\/en\/wp-json\/wp\/v2\/media\/15962"}],"wp:attachment":[{"href":"https:\/\/marekkuchcinski.pl\/en\/wp-json\/wp\/v2\/media?parent=15958"}],"wp:term":[{"taxonomy":"category","embeddable":true,"href":"https:\/\/marekkuchcinski.pl\/en\/wp-json\/wp\/v2\/categories?post=15958"},{"taxonomy":"post_tag","embeddable":true,"href":"https:\/\/marekkuchcinski.pl\/en\/wp-json\/wp\/v2\/tags?post=15958"}],"curies":[{"name":"wp","href":"https:\/\/api.w.org\/{rel}","templated":true}]}}