{"id":15573,"date":"2019-05-23T15:15:41","date_gmt":"2019-05-23T13:15:41","guid":{"rendered":"https:\/\/marekkuchcinski.pl\/?p=15573"},"modified":"2019-05-23T15:15:43","modified_gmt":"2019-05-23T13:15:43","slug":"dobra-sytuacja-spoleczno-gospodarcza-przed-wyborami-do-parlamentu-europejskiego","status":"publish","type":"post","link":"https:\/\/marekkuchcinski.pl\/en\/wydarzenia\/dobra-sytuacja-spoleczno-gospodarcza-przed-wyborami-do-parlamentu-europejskiego\/","title":{"rendered":"Good socio-economic situation before the European Parliament elections"},"content":{"rendered":"<p><strong>The percentage of those declaring their willingness to vote for Law and Justice in the Sejm elections increased by 4 percentage points (the average in May was about 44%). According to telephone and internet surveys conducted by IBRIS, TNS, Ariadna, the percentage of those declaring their willingness to vote for PO (23%) did not change; and for the third month in a row support for Wiosna fell (to 8% in May).<\/strong><\/p>\n\n\n\n<p>In the elections to the European Union parliament, PiS has\nadvantage of 3 percentage points over the European Coalition (average of the last 5\nIBRIS, Ariadna, Kantar, Social Change surveys).<\/p>\n\n\n\n<p>The current consumer confidence indicator also rose\n(GUS survey) also rose - in May to 8.3 points (+1.1 point). This is the highest result\nin the survey's history (since 2004). Consumer optimism also went up\n- by 1.4 points to 4.9 points (GUS).<\/p>\n\n\n\n<p>The main drivers of growth are improving assessments of the nation's economy and a decline in\nprospects for rising unemployment. Consumers are more likely to report optimism than\npessimism since May 2017.<\/p>\n\n\n\n<p>It is also worth noting that the sales dynamics in April\nis the highest in the last eight years (results published by GUS), definitely above\nexpectations of market analysts. This is a result of a good condition of the economy, earnings (falling unemployment, labor market favoring employees).\n(falling unemployment, labor market favoring employees). Results\nsales are very good, regardless of the effect of Christmas shopping. Such\nresult is a hard indicator of good economic and social policy.<\/p>\n\n\n\n<p>Recall that retiree accounts are currently receiving money as part of the 13th retirement... Also ahead (starting in July) is the extension of the 500 plus program! <\/p>\n\n\n\n<p><em>mo<\/em><\/p>\n\n\n\n<p><\/p>","protected":false},"excerpt":{"rendered":"<p>O 4 punkty proc. wzr\u00f3s\u0142 odsetek deklaruj\u0105cych ch\u0119\u0107 g\u0142osowania na Prawo i Sprawiedliwo\u015b\u0107 w wyborach do Sejmu (\u015brednia w maju ok 44 proc.). Wed\u0142ug bada\u0144 telefonicznych i internetowych, przeprowadzonych przez IBRIS, TNS, Ariadna nie zmieni\u0142 si\u0119 odsetek deklaruj\u0105cych ch\u0119\u0107 g\u0142osowania na PO (23 proc.); a trzeci miesi\u0105c z kolei spad\u0142o poparcie Wiosny (do 8 proc. [&hellip;]<\/p>","protected":false},"author":6,"featured_media":15578,"comment_status":"open","ping_status":"open","sticky":false,"template":"","format":"standard","meta":{"ngg_post_thumbnail":0,"footnotes":""},"categories":[83,49,82,3],"tags":[],"class_list":["post-15573","post","type-post","status-publish","format-standard","has-post-thumbnail","hentry","category-badania-spoleczne","category-podkarpacie","category-prawo-i-sprawiedliwosc","category-wydarzenia"],"yoast_head":"<!-- This site is optimized with the Yoast SEO plugin v24.7 - https:\/\/yoast.com\/wordpress\/plugins\/seo\/ -->\n<title>Dobra sytuacja spo\u0142eczno-gospodarcza przed wyborami do Parlamentu Europejskiego &#8211; Marek Kuchci\u0144ski<\/title>\n<meta name=\"robots\" content=\"index, follow, max-snippet:-1, max-image-preview:large, max-video-preview:-1\" \/>\n<link rel=\"canonical\" href=\"https:\/\/marekkuchcinski.pl\/en\/wydarzenia\/dobra-sytuacja-spoleczno-gospodarcza-przed-wyborami-do-parlamentu-europejskiego\/\" \/>\n<meta property=\"og:locale\" content=\"en_GB\" \/>\n<meta property=\"og:type\" content=\"article\" \/>\n<meta property=\"og:title\" content=\"Dobra sytuacja spo\u0142eczno-gospodarcza przed wyborami do Parlamentu Europejskiego &#8211; Marek Kuchci\u0144ski\" \/>\n<meta property=\"og:description\" content=\"O 4 punkty proc. wzr\u00f3s\u0142 odsetek deklaruj\u0105cych ch\u0119\u0107 g\u0142osowania na Prawo i Sprawiedliwo\u015b\u0107 w wyborach do Sejmu (\u015brednia w maju ok 44 proc.). Wed\u0142ug bada\u0144 telefonicznych i internetowych, przeprowadzonych przez IBRIS, TNS, Ariadna nie zmieni\u0142 si\u0119 odsetek deklaruj\u0105cych ch\u0119\u0107 g\u0142osowania na PO (23 proc.); a trzeci miesi\u0105c z kolei spad\u0142o poparcie Wiosny (do 8 proc. [&hellip;]\" \/>\n<meta property=\"og:url\" content=\"https:\/\/marekkuchcinski.pl\/en\/wydarzenia\/dobra-sytuacja-spoleczno-gospodarcza-przed-wyborami-do-parlamentu-europejskiego\/\" \/>\n<meta property=\"og:site_name\" content=\"Marek Kuchci\u0144ski\" \/>\n<meta property=\"article:published_time\" content=\"2019-05-23T13:15:41+00:00\" \/>\n<meta property=\"article:modified_time\" content=\"2019-05-23T13:15:43+00:00\" \/>\n<meta property=\"og:image\" content=\"https:\/\/marekkuchcinski.pl\/wp-content\/uploads\/2019\/05\/received_308044190069462-1024x673-1.jpeg\" \/>\n\t<meta property=\"og:image:width\" content=\"1024\" \/>\n\t<meta property=\"og:image:height\" content=\"673\" \/>\n\t<meta property=\"og:image:type\" content=\"image\/jpeg\" \/>\n<meta name=\"author\" content=\"admin\" \/>\n<meta name=\"twitter:card\" content=\"summary_large_image\" \/>\n<meta name=\"twitter:label1\" content=\"Written by\" \/>\n\t<meta name=\"twitter:data1\" content=\"admin\" \/>\n\t<meta name=\"twitter:label2\" content=\"Estimated reading time\" \/>\n\t<meta name=\"twitter:data2\" content=\"1 minute\" \/>\n<script type=\"application\/ld+json\" class=\"yoast-schema-graph\">{\"@context\":\"https:\/\/schema.org\",\"@graph\":[{\"@type\":\"Article\",\"@id\":\"https:\/\/marekkuchcinski.pl\/en\/wydarzenia\/dobra-sytuacja-spoleczno-gospodarcza-przed-wyborami-do-parlamentu-europejskiego\/#article\",\"isPartOf\":{\"@id\":\"https:\/\/marekkuchcinski.pl\/en\/wydarzenia\/dobra-sytuacja-spoleczno-gospodarcza-przed-wyborami-do-parlamentu-europejskiego\/\"},\"author\":{\"name\":\"admin\",\"@id\":\"https:\/\/marekkuchcinski.pl\/#\/schema\/person\/6f62700996b4d950b6ea2d1183b6c6be\"},\"headline\":\"Dobra sytuacja spo\u0142eczno-gospodarcza przed wyborami do Parlamentu Europejskiego\",\"datePublished\":\"2019-05-23T13:15:41+00:00\",\"dateModified\":\"2019-05-23T13:15:43+00:00\",\"mainEntityOfPage\":{\"@id\":\"https:\/\/marekkuchcinski.pl\/en\/wydarzenia\/dobra-sytuacja-spoleczno-gospodarcza-przed-wyborami-do-parlamentu-europejskiego\/\"},\"wordCount\":254,\"commentCount\":0,\"publisher\":{\"@id\":\"https:\/\/marekkuchcinski.pl\/#organization\"},\"image\":{\"@id\":\"https:\/\/marekkuchcinski.pl\/en\/wydarzenia\/dobra-sytuacja-spoleczno-gospodarcza-przed-wyborami-do-parlamentu-europejskiego\/#primaryimage\"},\"thumbnailUrl\":\"https:\/\/marekkuchcinski.pl\/wp-content\/uploads\/2019\/05\/received_308044190069462-1024x673-1.jpeg\",\"articleSection\":[\"Badania spo\u0142eczne\",\"Podkarpacie\",\"Prawo i Sprawiedliwo\u015b\u0107\",\"Wydarzenia\"],\"inLanguage\":\"en-GB\",\"potentialAction\":[{\"@type\":\"CommentAction\",\"name\":\"Comment\",\"target\":[\"https:\/\/marekkuchcinski.pl\/en\/wydarzenia\/dobra-sytuacja-spoleczno-gospodarcza-przed-wyborami-do-parlamentu-europejskiego\/#respond\"]}]},{\"@type\":\"WebPage\",\"@id\":\"https:\/\/marekkuchcinski.pl\/en\/wydarzenia\/dobra-sytuacja-spoleczno-gospodarcza-przed-wyborami-do-parlamentu-europejskiego\/\",\"url\":\"https:\/\/marekkuchcinski.pl\/en\/wydarzenia\/dobra-sytuacja-spoleczno-gospodarcza-przed-wyborami-do-parlamentu-europejskiego\/\",\"name\":\"Dobra sytuacja spo\u0142eczno-gospodarcza przed wyborami do Parlamentu Europejskiego &#8211; Marek Kuchci\u0144ski\",\"isPartOf\":{\"@id\":\"https:\/\/marekkuchcinski.pl\/#website\"},\"primaryImageOfPage\":{\"@id\":\"https:\/\/marekkuchcinski.pl\/en\/wydarzenia\/dobra-sytuacja-spoleczno-gospodarcza-przed-wyborami-do-parlamentu-europejskiego\/#primaryimage\"},\"image\":{\"@id\":\"https:\/\/marekkuchcinski.pl\/en\/wydarzenia\/dobra-sytuacja-spoleczno-gospodarcza-przed-wyborami-do-parlamentu-europejskiego\/#primaryimage\"},\"thumbnailUrl\":\"https:\/\/marekkuchcinski.pl\/wp-content\/uploads\/2019\/05\/received_308044190069462-1024x673-1.jpeg\",\"datePublished\":\"2019-05-23T13:15:41+00:00\",\"dateModified\":\"2019-05-23T13:15:43+00:00\",\"breadcrumb\":{\"@id\":\"https:\/\/marekkuchcinski.pl\/en\/wydarzenia\/dobra-sytuacja-spoleczno-gospodarcza-przed-wyborami-do-parlamentu-europejskiego\/#breadcrumb\"},\"inLanguage\":\"en-GB\",\"potentialAction\":[{\"@type\":\"ReadAction\",\"target\":[\"https:\/\/marekkuchcinski.pl\/en\/wydarzenia\/dobra-sytuacja-spoleczno-gospodarcza-przed-wyborami-do-parlamentu-europejskiego\/\"]}]},{\"@type\":\"ImageObject\",\"inLanguage\":\"en-GB\",\"@id\":\"https:\/\/marekkuchcinski.pl\/en\/wydarzenia\/dobra-sytuacja-spoleczno-gospodarcza-przed-wyborami-do-parlamentu-europejskiego\/#primaryimage\",\"url\":\"https:\/\/marekkuchcinski.pl\/wp-content\/uploads\/2019\/05\/received_308044190069462-1024x673-1.jpeg\",\"contentUrl\":\"https:\/\/marekkuchcinski.pl\/wp-content\/uploads\/2019\/05\/received_308044190069462-1024x673-1.jpeg\",\"width\":1024,\"height\":673},{\"@type\":\"BreadcrumbList\",\"@id\":\"https:\/\/marekkuchcinski.pl\/en\/wydarzenia\/dobra-sytuacja-spoleczno-gospodarcza-przed-wyborami-do-parlamentu-europejskiego\/#breadcrumb\",\"itemListElement\":[{\"@type\":\"ListItem\",\"position\":1,\"name\":\"Strona g\u0142\u00f3wna\",\"item\":\"https:\/\/marekkuchcinski.pl\/\"},{\"@type\":\"ListItem\",\"position\":2,\"name\":\"Dobra sytuacja spo\u0142eczno-gospodarcza przed wyborami do Parlamentu Europejskiego\"}]},{\"@type\":\"WebSite\",\"@id\":\"https:\/\/marekkuchcinski.pl\/#website\",\"url\":\"https:\/\/marekkuchcinski.pl\/\",\"name\":\"Marek Kuchci\u0144ski\",\"description\":\"Pose\u0142 na sejm RP &ndash; okr\u0119g nr 22\",\"publisher\":{\"@id\":\"https:\/\/marekkuchcinski.pl\/#organization\"},\"potentialAction\":[{\"@type\":\"SearchAction\",\"target\":{\"@type\":\"EntryPoint\",\"urlTemplate\":\"https:\/\/marekkuchcinski.pl\/?s={search_term_string}\"},\"query-input\":{\"@type\":\"PropertyValueSpecification\",\"valueRequired\":true,\"valueName\":\"search_term_string\"}}],\"inLanguage\":\"en-GB\"},{\"@type\":\"Organization\",\"@id\":\"https:\/\/marekkuchcinski.pl\/#organization\",\"name\":\"Marek Kuchci\u0144ski\",\"url\":\"https:\/\/marekkuchcinski.pl\/\",\"logo\":{\"@type\":\"ImageObject\",\"inLanguage\":\"en-GB\",\"@id\":\"https:\/\/marekkuchcinski.pl\/#\/schema\/logo\/image\/\",\"url\":\"https:\/\/marekkuchcinski.pl\/wp-content\/uploads\/2022\/09\/Marek.jpg\",\"contentUrl\":\"https:\/\/marekkuchcinski.pl\/wp-content\/uploads\/2022\/09\/Marek.jpg\",\"width\":1600,\"height\":971,\"caption\":\"Marek Kuchci\u0144ski\"},\"image\":{\"@id\":\"https:\/\/marekkuchcinski.pl\/#\/schema\/logo\/image\/\"}},{\"@type\":\"Person\",\"@id\":\"https:\/\/marekkuchcinski.pl\/#\/schema\/person\/6f62700996b4d950b6ea2d1183b6c6be\",\"name\":\"admin\",\"image\":{\"@type\":\"ImageObject\",\"inLanguage\":\"en-GB\",\"@id\":\"https:\/\/marekkuchcinski.pl\/#\/schema\/person\/image\/\",\"url\":\"https:\/\/secure.gravatar.com\/avatar\/4bab693b9d55c3d6b52c0296a8765085?s=96&d=mm&r=g\",\"contentUrl\":\"https:\/\/secure.gravatar.com\/avatar\/4bab693b9d55c3d6b52c0296a8765085?s=96&d=mm&r=g\",\"caption\":\"admin\"},\"url\":\"https:\/\/marekkuchcinski.pl\/en\/author\/marta-olejnik\/\"}]}<\/script>\n<!-- \/ Yoast SEO plugin. -->","yoast_head_json":{"title":"Dobra sytuacja spo\u0142eczno-gospodarcza przed wyborami do Parlamentu Europejskiego &#8211; Marek Kuchci\u0144ski","robots":{"index":"index","follow":"follow","max-snippet":"max-snippet:-1","max-image-preview":"max-image-preview:large","max-video-preview":"max-video-preview:-1"},"canonical":"https:\/\/marekkuchcinski.pl\/en\/wydarzenia\/dobra-sytuacja-spoleczno-gospodarcza-przed-wyborami-do-parlamentu-europejskiego\/","og_locale":"en_GB","og_type":"article","og_title":"Dobra sytuacja spo\u0142eczno-gospodarcza przed wyborami do Parlamentu Europejskiego &#8211; Marek Kuchci\u0144ski","og_description":"O 4 punkty proc. wzr\u00f3s\u0142 odsetek deklaruj\u0105cych ch\u0119\u0107 g\u0142osowania na Prawo i Sprawiedliwo\u015b\u0107 w wyborach do Sejmu (\u015brednia w maju ok 44 proc.). Wed\u0142ug bada\u0144 telefonicznych i internetowych, przeprowadzonych przez IBRIS, TNS, Ariadna nie zmieni\u0142 si\u0119 odsetek deklaruj\u0105cych ch\u0119\u0107 g\u0142osowania na PO (23 proc.); a trzeci miesi\u0105c z kolei spad\u0142o poparcie Wiosny (do 8 proc. [&hellip;]","og_url":"https:\/\/marekkuchcinski.pl\/en\/wydarzenia\/dobra-sytuacja-spoleczno-gospodarcza-przed-wyborami-do-parlamentu-europejskiego\/","og_site_name":"Marek Kuchci\u0144ski","article_published_time":"2019-05-23T13:15:41+00:00","article_modified_time":"2019-05-23T13:15:43+00:00","og_image":[{"width":1024,"height":673,"url":"https:\/\/marekkuchcinski.pl\/wp-content\/uploads\/2019\/05\/received_308044190069462-1024x673-1.jpeg","type":"image\/jpeg"}],"author":"admin","twitter_card":"summary_large_image","twitter_misc":{"Written by":"admin","Estimated reading time":"1 minute"},"schema":{"@context":"https:\/\/schema.org","@graph":[{"@type":"Article","@id":"https:\/\/marekkuchcinski.pl\/en\/wydarzenia\/dobra-sytuacja-spoleczno-gospodarcza-przed-wyborami-do-parlamentu-europejskiego\/#article","isPartOf":{"@id":"https:\/\/marekkuchcinski.pl\/en\/wydarzenia\/dobra-sytuacja-spoleczno-gospodarcza-przed-wyborami-do-parlamentu-europejskiego\/"},"author":{"name":"admin","@id":"https:\/\/marekkuchcinski.pl\/#\/schema\/person\/6f62700996b4d950b6ea2d1183b6c6be"},"headline":"Dobra sytuacja spo\u0142eczno-gospodarcza przed wyborami do Parlamentu Europejskiego","datePublished":"2019-05-23T13:15:41+00:00","dateModified":"2019-05-23T13:15:43+00:00","mainEntityOfPage":{"@id":"https:\/\/marekkuchcinski.pl\/en\/wydarzenia\/dobra-sytuacja-spoleczno-gospodarcza-przed-wyborami-do-parlamentu-europejskiego\/"},"wordCount":254,"commentCount":0,"publisher":{"@id":"https:\/\/marekkuchcinski.pl\/#organization"},"image":{"@id":"https:\/\/marekkuchcinski.pl\/en\/wydarzenia\/dobra-sytuacja-spoleczno-gospodarcza-przed-wyborami-do-parlamentu-europejskiego\/#primaryimage"},"thumbnailUrl":"https:\/\/marekkuchcinski.pl\/wp-content\/uploads\/2019\/05\/received_308044190069462-1024x673-1.jpeg","articleSection":["Badania spo\u0142eczne","Podkarpacie","Prawo i Sprawiedliwo\u015b\u0107","Wydarzenia"],"inLanguage":"en-GB","potentialAction":[{"@type":"CommentAction","name":"Comment","target":["https:\/\/marekkuchcinski.pl\/en\/wydarzenia\/dobra-sytuacja-spoleczno-gospodarcza-przed-wyborami-do-parlamentu-europejskiego\/#respond"]}]},{"@type":"WebPage","@id":"https:\/\/marekkuchcinski.pl\/en\/wydarzenia\/dobra-sytuacja-spoleczno-gospodarcza-przed-wyborami-do-parlamentu-europejskiego\/","url":"https:\/\/marekkuchcinski.pl\/en\/wydarzenia\/dobra-sytuacja-spoleczno-gospodarcza-przed-wyborami-do-parlamentu-europejskiego\/","name":"Dobra sytuacja spo\u0142eczno-gospodarcza przed wyborami do Parlamentu Europejskiego &#8211; Marek Kuchci\u0144ski","isPartOf":{"@id":"https:\/\/marekkuchcinski.pl\/#website"},"primaryImageOfPage":{"@id":"https:\/\/marekkuchcinski.pl\/en\/wydarzenia\/dobra-sytuacja-spoleczno-gospodarcza-przed-wyborami-do-parlamentu-europejskiego\/#primaryimage"},"image":{"@id":"https:\/\/marekkuchcinski.pl\/en\/wydarzenia\/dobra-sytuacja-spoleczno-gospodarcza-przed-wyborami-do-parlamentu-europejskiego\/#primaryimage"},"thumbnailUrl":"https:\/\/marekkuchcinski.pl\/wp-content\/uploads\/2019\/05\/received_308044190069462-1024x673-1.jpeg","datePublished":"2019-05-23T13:15:41+00:00","dateModified":"2019-05-23T13:15:43+00:00","breadcrumb":{"@id":"https:\/\/marekkuchcinski.pl\/en\/wydarzenia\/dobra-sytuacja-spoleczno-gospodarcza-przed-wyborami-do-parlamentu-europejskiego\/#breadcrumb"},"inLanguage":"en-GB","potentialAction":[{"@type":"ReadAction","target":["https:\/\/marekkuchcinski.pl\/en\/wydarzenia\/dobra-sytuacja-spoleczno-gospodarcza-przed-wyborami-do-parlamentu-europejskiego\/"]}]},{"@type":"ImageObject","inLanguage":"en-GB","@id":"https:\/\/marekkuchcinski.pl\/en\/wydarzenia\/dobra-sytuacja-spoleczno-gospodarcza-przed-wyborami-do-parlamentu-europejskiego\/#primaryimage","url":"https:\/\/marekkuchcinski.pl\/wp-content\/uploads\/2019\/05\/received_308044190069462-1024x673-1.jpeg","contentUrl":"https:\/\/marekkuchcinski.pl\/wp-content\/uploads\/2019\/05\/received_308044190069462-1024x673-1.jpeg","width":1024,"height":673},{"@type":"BreadcrumbList","@id":"https:\/\/marekkuchcinski.pl\/en\/wydarzenia\/dobra-sytuacja-spoleczno-gospodarcza-przed-wyborami-do-parlamentu-europejskiego\/#breadcrumb","itemListElement":[{"@type":"ListItem","position":1,"name":"Strona g\u0142\u00f3wna","item":"https:\/\/marekkuchcinski.pl\/"},{"@type":"ListItem","position":2,"name":"Dobra sytuacja spo\u0142eczno-gospodarcza przed wyborami do Parlamentu Europejskiego"}]},{"@type":"WebSite","@id":"https:\/\/marekkuchcinski.pl\/#website","url":"https:\/\/marekkuchcinski.pl\/","name":"Marek Kuchci\u0144ski","description":"Pose\u0142 na sejm RP &ndash; okr\u0119g nr 22","publisher":{"@id":"https:\/\/marekkuchcinski.pl\/#organization"},"potentialAction":[{"@type":"SearchAction","target":{"@type":"EntryPoint","urlTemplate":"https:\/\/marekkuchcinski.pl\/?s={search_term_string}"},"query-input":{"@type":"PropertyValueSpecification","valueRequired":true,"valueName":"search_term_string"}}],"inLanguage":"en-GB"},{"@type":"Organization","@id":"https:\/\/marekkuchcinski.pl\/#organization","name":"Marek Kuchci\u0144ski","url":"https:\/\/marekkuchcinski.pl\/","logo":{"@type":"ImageObject","inLanguage":"en-GB","@id":"https:\/\/marekkuchcinski.pl\/#\/schema\/logo\/image\/","url":"https:\/\/marekkuchcinski.pl\/wp-content\/uploads\/2022\/09\/Marek.jpg","contentUrl":"https:\/\/marekkuchcinski.pl\/wp-content\/uploads\/2022\/09\/Marek.jpg","width":1600,"height":971,"caption":"Marek Kuchci\u0144ski"},"image":{"@id":"https:\/\/marekkuchcinski.pl\/#\/schema\/logo\/image\/"}},{"@type":"Person","@id":"https:\/\/marekkuchcinski.pl\/#\/schema\/person\/6f62700996b4d950b6ea2d1183b6c6be","name":"admin","image":{"@type":"ImageObject","inLanguage":"en-GB","@id":"https:\/\/marekkuchcinski.pl\/#\/schema\/person\/image\/","url":"https:\/\/secure.gravatar.com\/avatar\/4bab693b9d55c3d6b52c0296a8765085?s=96&d=mm&r=g","contentUrl":"https:\/\/secure.gravatar.com\/avatar\/4bab693b9d55c3d6b52c0296a8765085?s=96&d=mm&r=g","caption":"admin"},"url":"https:\/\/marekkuchcinski.pl\/en\/author\/marta-olejnik\/"}]}},"_links":{"self":[{"href":"https:\/\/marekkuchcinski.pl\/en\/wp-json\/wp\/v2\/posts\/15573","targetHints":{"allow":["GET"]}}],"collection":[{"href":"https:\/\/marekkuchcinski.pl\/en\/wp-json\/wp\/v2\/posts"}],"about":[{"href":"https:\/\/marekkuchcinski.pl\/en\/wp-json\/wp\/v2\/types\/post"}],"author":[{"embeddable":true,"href":"https:\/\/marekkuchcinski.pl\/en\/wp-json\/wp\/v2\/users\/6"}],"replies":[{"embeddable":true,"href":"https:\/\/marekkuchcinski.pl\/en\/wp-json\/wp\/v2\/comments?post=15573"}],"version-history":[{"count":4,"href":"https:\/\/marekkuchcinski.pl\/en\/wp-json\/wp\/v2\/posts\/15573\/revisions"}],"predecessor-version":[{"id":15580,"href":"https:\/\/marekkuchcinski.pl\/en\/wp-json\/wp\/v2\/posts\/15573\/revisions\/15580"}],"wp:featuredmedia":[{"embeddable":true,"href":"https:\/\/marekkuchcinski.pl\/en\/wp-json\/wp\/v2\/media\/15578"}],"wp:attachment":[{"href":"https:\/\/marekkuchcinski.pl\/en\/wp-json\/wp\/v2\/media?parent=15573"}],"wp:term":[{"taxonomy":"category","embeddable":true,"href":"https:\/\/marekkuchcinski.pl\/en\/wp-json\/wp\/v2\/categories?post=15573"},{"taxonomy":"post_tag","embeddable":true,"href":"https:\/\/marekkuchcinski.pl\/en\/wp-json\/wp\/v2\/tags?post=15573"}],"curies":[{"name":"wp","href":"https:\/\/api.w.org\/{rel}","templated":true}]}}