{"id":15530,"date":"2019-05-15T10:42:21","date_gmt":"2019-05-15T08:42:21","guid":{"rendered":"https:\/\/marekkuchcinski.pl\/?p=15530"},"modified":"2019-05-15T10:42:22","modified_gmt":"2019-05-15T08:42:22","slug":"spotkanie-marszalka-sejmu-z-prezydentem-konfederacji-szwajcarskiej","status":"publish","type":"post","link":"https:\/\/marekkuchcinski.pl\/en\/wspolpraca-miedzynarodowa\/spotkanie-marszalka-sejmu-z-prezydentem-konfederacji-szwajcarskiej\/","title":{"rendered":"Meeting of the Speaker of the Sejm with the President of the Swiss Confederation"},"content":{"rendered":"<p>On Tuesday (14.05), the Speaker of the Sejm Marek Kuchci\u0144ski and the President of the Swiss Confederation Ueli Maurer discussed the Polish-Swiss cooperation. The meeting was attended by Robert Ko\u0142akowski, deputy chairman of the Polish-Swiss Parliamentary Group, and Agnieszka Kaczmarska, head of the Sejm Chancellery. The visit of the Swiss politician to Warsaw is related to the 100th anniversary of the establishment of diplomatic relations between the two countries.<\/p>\n\n\n\n<p>Welcoming the Swiss President, the Speaker of the Sejm expressed his hope for intensification of Polish-Swiss relations. President Maurer, in turn, emphasized that both countries have very good relations. Marek Kuchci\u0144ski emphasized that Poland is interested in deepening the cooperation at the level of parliaments. In this context, he mentioned, among other things, the activities of the Polish-Swiss Parliamentary Group.<\/p>\n\n\n\n<p>Politicians discussed Brexit and the Swiss experience in conducting referendums. During the meeting, the Speaker of the Sejm also emphasized that Poland is committed to finding a good solution for the survival of the Polish Museum in Rapperswil.<\/p>\n\n\n\n<p><em>Photo by Marta Marchlewska<\/em><\/p>\n\n\n\n<figure class=\"wp-block-image\"><img fetchpriority=\"high\" decoding=\"async\" width=\"800\" height=\"533\" src=\"https:\/\/marekkuchcinski.pl\/wp-content\/uploads\/2019\/05\/MMA_3913.view_.jpg\" alt=\"\" class=\"wp-image-15531\" srcset=\"https:\/\/marekkuchcinski.pl\/wp-content\/uploads\/2019\/05\/MMA_3913.view_.jpg 800w, https:\/\/marekkuchcinski.pl\/wp-content\/uploads\/2019\/05\/MMA_3913.view_-300x200.jpg 300w, https:\/\/marekkuchcinski.pl\/wp-content\/uploads\/2019\/05\/MMA_3913.view_-768x512.jpg 768w\" sizes=\"(max-width: 800px) 100vw, 800px\" \/><\/figure>\n\n\n\n<figure class=\"wp-block-image\"><img decoding=\"async\" width=\"800\" height=\"534\" src=\"https:\/\/marekkuchcinski.pl\/wp-content\/uploads\/2019\/05\/MMA_3943.view_.jpg\" alt=\"\" class=\"wp-image-15532\" srcset=\"https:\/\/marekkuchcinski.pl\/wp-content\/uploads\/2019\/05\/MMA_3943.view_.jpg 800w, https:\/\/marekkuchcinski.pl\/wp-content\/uploads\/2019\/05\/MMA_3943.view_-300x200.jpg 300w, https:\/\/marekkuchcinski.pl\/wp-content\/uploads\/2019\/05\/MMA_3943.view_-768x513.jpg 768w\" sizes=\"(max-width: 800px) 100vw, 800px\" \/><\/figure>","protected":false},"excerpt":{"rendered":"<p>O polsko-szwajcarskiej wsp\u00f3\u0142pracy rozmawiali we wtorek (14.05) marsza\u0142ek Sejmu Marek Kuchci\u0144ski oraz prezydent Konfederacji Szwajcarskiej Ueli Maurer. W spotkaniu uczestniczyli pose\u0142 Robert Ko\u0142akowski, wiceprzewodnicz\u0105cy Polsko-Szwajcarskiej Grupy Parlamentarnej oraz Agnieszka Kaczmarska, szef Kancelarii Sejmu. Wizyta szwajcarskiego polityka w Warszawie zwi\u0105zana jest z 100. rocznic\u0105 nawi\u0105zania stosunk\u00f3w dyplomatycznych mi\u0119dzy oboma krajami. Witaj\u0105c prezydenta Szwajcarii Marsza\u0142ek Sejmu wyrazi\u0142 [&hellip;]<\/p>","protected":false},"author":6,"featured_media":15531,"comment_status":"open","ping_status":"open","sticky":false,"template":"","format":"standard","meta":{"ngg_post_thumbnail":0,"footnotes":""},"categories":[81,50],"tags":[],"class_list":["post-15530","post","type-post","status-publish","format-standard","has-post-thumbnail","hentry","category-wiesci-z-sejmu","category-wspolpraca-miedzynarodowa"],"yoast_head":"<!-- This site is optimized with the Yoast SEO plugin v24.7 - https:\/\/yoast.com\/wordpress\/plugins\/seo\/ -->\n<title>Spotkanie Marsza\u0142ka Sejmu z Prezydentem Konfederacji Szwajcarskiej &#8211; Marek Kuchci\u0144ski<\/title>\n<meta name=\"robots\" content=\"index, follow, max-snippet:-1, max-image-preview:large, max-video-preview:-1\" \/>\n<link rel=\"canonical\" href=\"https:\/\/marekkuchcinski.pl\/en\/wspolpraca-miedzynarodowa\/spotkanie-marszalka-sejmu-z-prezydentem-konfederacji-szwajcarskiej\/\" \/>\n<meta property=\"og:locale\" content=\"en_GB\" \/>\n<meta property=\"og:type\" content=\"article\" \/>\n<meta property=\"og:title\" content=\"Spotkanie Marsza\u0142ka Sejmu z Prezydentem Konfederacji Szwajcarskiej &#8211; Marek Kuchci\u0144ski\" \/>\n<meta property=\"og:description\" content=\"O polsko-szwajcarskiej wsp\u00f3\u0142pracy rozmawiali we wtorek (14.05) marsza\u0142ek Sejmu Marek Kuchci\u0144ski oraz prezydent Konfederacji Szwajcarskiej Ueli Maurer. W spotkaniu uczestniczyli pose\u0142 Robert Ko\u0142akowski, wiceprzewodnicz\u0105cy Polsko-Szwajcarskiej Grupy Parlamentarnej oraz Agnieszka Kaczmarska, szef Kancelarii Sejmu. Wizyta szwajcarskiego polityka w Warszawie zwi\u0105zana jest z 100. rocznic\u0105 nawi\u0105zania stosunk\u00f3w dyplomatycznych mi\u0119dzy oboma krajami. Witaj\u0105c prezydenta Szwajcarii Marsza\u0142ek Sejmu wyrazi\u0142 [&hellip;]\" \/>\n<meta property=\"og:url\" content=\"https:\/\/marekkuchcinski.pl\/en\/wspolpraca-miedzynarodowa\/spotkanie-marszalka-sejmu-z-prezydentem-konfederacji-szwajcarskiej\/\" \/>\n<meta property=\"og:site_name\" content=\"Marek Kuchci\u0144ski\" \/>\n<meta property=\"article:published_time\" content=\"2019-05-15T08:42:21+00:00\" \/>\n<meta property=\"article:modified_time\" content=\"2019-05-15T08:42:22+00:00\" \/>\n<meta property=\"og:image\" content=\"https:\/\/marekkuchcinski.pl\/wp-content\/uploads\/2019\/05\/MMA_3913.view_.jpg\" \/>\n\t<meta property=\"og:image:width\" content=\"800\" \/>\n\t<meta property=\"og:image:height\" content=\"533\" \/>\n\t<meta property=\"og:image:type\" content=\"image\/jpeg\" \/>\n<meta name=\"author\" content=\"admin\" \/>\n<meta name=\"twitter:card\" content=\"summary_large_image\" \/>\n<meta name=\"twitter:label1\" content=\"Written by\" \/>\n\t<meta name=\"twitter:data1\" content=\"admin\" \/>\n\t<meta name=\"twitter:label2\" content=\"Estimated reading time\" \/>\n\t<meta name=\"twitter:data2\" content=\"1 minute\" \/>\n<script type=\"application\/ld+json\" class=\"yoast-schema-graph\">{\"@context\":\"https:\/\/schema.org\",\"@graph\":[{\"@type\":\"Article\",\"@id\":\"https:\/\/marekkuchcinski.pl\/wspolpraca-miedzynarodowa\/spotkanie-marszalka-sejmu-z-prezydentem-konfederacji-szwajcarskiej\/#article\",\"isPartOf\":{\"@id\":\"https:\/\/marekkuchcinski.pl\/wspolpraca-miedzynarodowa\/spotkanie-marszalka-sejmu-z-prezydentem-konfederacji-szwajcarskiej\/\"},\"author\":{\"name\":\"admin\",\"@id\":\"https:\/\/marekkuchcinski.pl\/#\/schema\/person\/6f62700996b4d950b6ea2d1183b6c6be\"},\"headline\":\"Spotkanie Marsza\u0142ka Sejmu z Prezydentem Konfederacji Szwajcarskiej\",\"datePublished\":\"2019-05-15T08:42:21+00:00\",\"dateModified\":\"2019-05-15T08:42:22+00:00\",\"mainEntityOfPage\":{\"@id\":\"https:\/\/marekkuchcinski.pl\/wspolpraca-miedzynarodowa\/spotkanie-marszalka-sejmu-z-prezydentem-konfederacji-szwajcarskiej\/\"},\"wordCount\":163,\"commentCount\":0,\"publisher\":{\"@id\":\"https:\/\/marekkuchcinski.pl\/#organization\"},\"image\":{\"@id\":\"https:\/\/marekkuchcinski.pl\/wspolpraca-miedzynarodowa\/spotkanie-marszalka-sejmu-z-prezydentem-konfederacji-szwajcarskiej\/#primaryimage\"},\"thumbnailUrl\":\"https:\/\/marekkuchcinski.pl\/wp-content\/uploads\/2019\/05\/MMA_3913.view_.jpg\",\"articleSection\":[\"Wie\u015bci z Sejmu\",\"Wsp\u00f3\u0142praca mi\u0119dzynarodowa\"],\"inLanguage\":\"en-GB\",\"potentialAction\":[{\"@type\":\"CommentAction\",\"name\":\"Comment\",\"target\":[\"https:\/\/marekkuchcinski.pl\/wspolpraca-miedzynarodowa\/spotkanie-marszalka-sejmu-z-prezydentem-konfederacji-szwajcarskiej\/#respond\"]}]},{\"@type\":\"WebPage\",\"@id\":\"https:\/\/marekkuchcinski.pl\/wspolpraca-miedzynarodowa\/spotkanie-marszalka-sejmu-z-prezydentem-konfederacji-szwajcarskiej\/\",\"url\":\"https:\/\/marekkuchcinski.pl\/wspolpraca-miedzynarodowa\/spotkanie-marszalka-sejmu-z-prezydentem-konfederacji-szwajcarskiej\/\",\"name\":\"Spotkanie Marsza\u0142ka Sejmu z Prezydentem Konfederacji Szwajcarskiej &#8211; Marek Kuchci\u0144ski\",\"isPartOf\":{\"@id\":\"https:\/\/marekkuchcinski.pl\/#website\"},\"primaryImageOfPage\":{\"@id\":\"https:\/\/marekkuchcinski.pl\/wspolpraca-miedzynarodowa\/spotkanie-marszalka-sejmu-z-prezydentem-konfederacji-szwajcarskiej\/#primaryimage\"},\"image\":{\"@id\":\"https:\/\/marekkuchcinski.pl\/wspolpraca-miedzynarodowa\/spotkanie-marszalka-sejmu-z-prezydentem-konfederacji-szwajcarskiej\/#primaryimage\"},\"thumbnailUrl\":\"https:\/\/marekkuchcinski.pl\/wp-content\/uploads\/2019\/05\/MMA_3913.view_.jpg\",\"datePublished\":\"2019-05-15T08:42:21+00:00\",\"dateModified\":\"2019-05-15T08:42:22+00:00\",\"breadcrumb\":{\"@id\":\"https:\/\/marekkuchcinski.pl\/wspolpraca-miedzynarodowa\/spotkanie-marszalka-sejmu-z-prezydentem-konfederacji-szwajcarskiej\/#breadcrumb\"},\"inLanguage\":\"en-GB\",\"potentialAction\":[{\"@type\":\"ReadAction\",\"target\":[\"https:\/\/marekkuchcinski.pl\/wspolpraca-miedzynarodowa\/spotkanie-marszalka-sejmu-z-prezydentem-konfederacji-szwajcarskiej\/\"]}]},{\"@type\":\"ImageObject\",\"inLanguage\":\"en-GB\",\"@id\":\"https:\/\/marekkuchcinski.pl\/wspolpraca-miedzynarodowa\/spotkanie-marszalka-sejmu-z-prezydentem-konfederacji-szwajcarskiej\/#primaryimage\",\"url\":\"https:\/\/marekkuchcinski.pl\/wp-content\/uploads\/2019\/05\/MMA_3913.view_.jpg\",\"contentUrl\":\"https:\/\/marekkuchcinski.pl\/wp-content\/uploads\/2019\/05\/MMA_3913.view_.jpg\",\"width\":800,\"height\":533},{\"@type\":\"BreadcrumbList\",\"@id\":\"https:\/\/marekkuchcinski.pl\/wspolpraca-miedzynarodowa\/spotkanie-marszalka-sejmu-z-prezydentem-konfederacji-szwajcarskiej\/#breadcrumb\",\"itemListElement\":[{\"@type\":\"ListItem\",\"position\":1,\"name\":\"Strona g\u0142\u00f3wna\",\"item\":\"https:\/\/marekkuchcinski.pl\/\"},{\"@type\":\"ListItem\",\"position\":2,\"name\":\"Spotkanie Marsza\u0142ka Sejmu z Prezydentem Konfederacji Szwajcarskiej\"}]},{\"@type\":\"WebSite\",\"@id\":\"https:\/\/marekkuchcinski.pl\/#website\",\"url\":\"https:\/\/marekkuchcinski.pl\/\",\"name\":\"Marek Kuchci\u0144ski\",\"description\":\"Pose\u0142 na sejm RP &ndash; okr\u0119g nr 22\",\"publisher\":{\"@id\":\"https:\/\/marekkuchcinski.pl\/#organization\"},\"potentialAction\":[{\"@type\":\"SearchAction\",\"target\":{\"@type\":\"EntryPoint\",\"urlTemplate\":\"https:\/\/marekkuchcinski.pl\/?s={search_term_string}\"},\"query-input\":{\"@type\":\"PropertyValueSpecification\",\"valueRequired\":true,\"valueName\":\"search_term_string\"}}],\"inLanguage\":\"en-GB\"},{\"@type\":\"Organization\",\"@id\":\"https:\/\/marekkuchcinski.pl\/#organization\",\"name\":\"Marek Kuchci\u0144ski\",\"url\":\"https:\/\/marekkuchcinski.pl\/\",\"logo\":{\"@type\":\"ImageObject\",\"inLanguage\":\"en-GB\",\"@id\":\"https:\/\/marekkuchcinski.pl\/#\/schema\/logo\/image\/\",\"url\":\"https:\/\/marekkuchcinski.pl\/wp-content\/uploads\/2022\/09\/Marek.jpg\",\"contentUrl\":\"https:\/\/marekkuchcinski.pl\/wp-content\/uploads\/2022\/09\/Marek.jpg\",\"width\":1600,\"height\":971,\"caption\":\"Marek Kuchci\u0144ski\"},\"image\":{\"@id\":\"https:\/\/marekkuchcinski.pl\/#\/schema\/logo\/image\/\"}},{\"@type\":\"Person\",\"@id\":\"https:\/\/marekkuchcinski.pl\/#\/schema\/person\/6f62700996b4d950b6ea2d1183b6c6be\",\"name\":\"admin\",\"image\":{\"@type\":\"ImageObject\",\"inLanguage\":\"en-GB\",\"@id\":\"https:\/\/marekkuchcinski.pl\/#\/schema\/person\/image\/\",\"url\":\"https:\/\/secure.gravatar.com\/avatar\/4bab693b9d55c3d6b52c0296a8765085?s=96&d=mm&r=g\",\"contentUrl\":\"https:\/\/secure.gravatar.com\/avatar\/4bab693b9d55c3d6b52c0296a8765085?s=96&d=mm&r=g\",\"caption\":\"admin\"},\"url\":\"https:\/\/marekkuchcinski.pl\/en\/author\/marta-olejnik\/\"}]}<\/script>\n<!-- \/ Yoast SEO plugin. -->","yoast_head_json":{"title":"Spotkanie Marsza\u0142ka Sejmu z Prezydentem Konfederacji Szwajcarskiej &#8211; Marek Kuchci\u0144ski","robots":{"index":"index","follow":"follow","max-snippet":"max-snippet:-1","max-image-preview":"max-image-preview:large","max-video-preview":"max-video-preview:-1"},"canonical":"https:\/\/marekkuchcinski.pl\/en\/wspolpraca-miedzynarodowa\/spotkanie-marszalka-sejmu-z-prezydentem-konfederacji-szwajcarskiej\/","og_locale":"en_GB","og_type":"article","og_title":"Spotkanie Marsza\u0142ka Sejmu z Prezydentem Konfederacji Szwajcarskiej &#8211; Marek Kuchci\u0144ski","og_description":"O polsko-szwajcarskiej wsp\u00f3\u0142pracy rozmawiali we wtorek (14.05) marsza\u0142ek Sejmu Marek Kuchci\u0144ski oraz prezydent Konfederacji Szwajcarskiej Ueli Maurer. W spotkaniu uczestniczyli pose\u0142 Robert Ko\u0142akowski, wiceprzewodnicz\u0105cy Polsko-Szwajcarskiej Grupy Parlamentarnej oraz Agnieszka Kaczmarska, szef Kancelarii Sejmu. Wizyta szwajcarskiego polityka w Warszawie zwi\u0105zana jest z 100. rocznic\u0105 nawi\u0105zania stosunk\u00f3w dyplomatycznych mi\u0119dzy oboma krajami. Witaj\u0105c prezydenta Szwajcarii Marsza\u0142ek Sejmu wyrazi\u0142 [&hellip;]","og_url":"https:\/\/marekkuchcinski.pl\/en\/wspolpraca-miedzynarodowa\/spotkanie-marszalka-sejmu-z-prezydentem-konfederacji-szwajcarskiej\/","og_site_name":"Marek Kuchci\u0144ski","article_published_time":"2019-05-15T08:42:21+00:00","article_modified_time":"2019-05-15T08:42:22+00:00","og_image":[{"width":800,"height":533,"url":"https:\/\/marekkuchcinski.pl\/wp-content\/uploads\/2019\/05\/MMA_3913.view_.jpg","type":"image\/jpeg"}],"author":"admin","twitter_card":"summary_large_image","twitter_misc":{"Written by":"admin","Estimated reading time":"1 minute"},"schema":{"@context":"https:\/\/schema.org","@graph":[{"@type":"Article","@id":"https:\/\/marekkuchcinski.pl\/wspolpraca-miedzynarodowa\/spotkanie-marszalka-sejmu-z-prezydentem-konfederacji-szwajcarskiej\/#article","isPartOf":{"@id":"https:\/\/marekkuchcinski.pl\/wspolpraca-miedzynarodowa\/spotkanie-marszalka-sejmu-z-prezydentem-konfederacji-szwajcarskiej\/"},"author":{"name":"admin","@id":"https:\/\/marekkuchcinski.pl\/#\/schema\/person\/6f62700996b4d950b6ea2d1183b6c6be"},"headline":"Spotkanie Marsza\u0142ka Sejmu z Prezydentem Konfederacji Szwajcarskiej","datePublished":"2019-05-15T08:42:21+00:00","dateModified":"2019-05-15T08:42:22+00:00","mainEntityOfPage":{"@id":"https:\/\/marekkuchcinski.pl\/wspolpraca-miedzynarodowa\/spotkanie-marszalka-sejmu-z-prezydentem-konfederacji-szwajcarskiej\/"},"wordCount":163,"commentCount":0,"publisher":{"@id":"https:\/\/marekkuchcinski.pl\/#organization"},"image":{"@id":"https:\/\/marekkuchcinski.pl\/wspolpraca-miedzynarodowa\/spotkanie-marszalka-sejmu-z-prezydentem-konfederacji-szwajcarskiej\/#primaryimage"},"thumbnailUrl":"https:\/\/marekkuchcinski.pl\/wp-content\/uploads\/2019\/05\/MMA_3913.view_.jpg","articleSection":["Wie\u015bci z Sejmu","Wsp\u00f3\u0142praca mi\u0119dzynarodowa"],"inLanguage":"en-GB","potentialAction":[{"@type":"CommentAction","name":"Comment","target":["https:\/\/marekkuchcinski.pl\/wspolpraca-miedzynarodowa\/spotkanie-marszalka-sejmu-z-prezydentem-konfederacji-szwajcarskiej\/#respond"]}]},{"@type":"WebPage","@id":"https:\/\/marekkuchcinski.pl\/wspolpraca-miedzynarodowa\/spotkanie-marszalka-sejmu-z-prezydentem-konfederacji-szwajcarskiej\/","url":"https:\/\/marekkuchcinski.pl\/wspolpraca-miedzynarodowa\/spotkanie-marszalka-sejmu-z-prezydentem-konfederacji-szwajcarskiej\/","name":"Spotkanie Marsza\u0142ka Sejmu z Prezydentem Konfederacji Szwajcarskiej &#8211; Marek Kuchci\u0144ski","isPartOf":{"@id":"https:\/\/marekkuchcinski.pl\/#website"},"primaryImageOfPage":{"@id":"https:\/\/marekkuchcinski.pl\/wspolpraca-miedzynarodowa\/spotkanie-marszalka-sejmu-z-prezydentem-konfederacji-szwajcarskiej\/#primaryimage"},"image":{"@id":"https:\/\/marekkuchcinski.pl\/wspolpraca-miedzynarodowa\/spotkanie-marszalka-sejmu-z-prezydentem-konfederacji-szwajcarskiej\/#primaryimage"},"thumbnailUrl":"https:\/\/marekkuchcinski.pl\/wp-content\/uploads\/2019\/05\/MMA_3913.view_.jpg","datePublished":"2019-05-15T08:42:21+00:00","dateModified":"2019-05-15T08:42:22+00:00","breadcrumb":{"@id":"https:\/\/marekkuchcinski.pl\/wspolpraca-miedzynarodowa\/spotkanie-marszalka-sejmu-z-prezydentem-konfederacji-szwajcarskiej\/#breadcrumb"},"inLanguage":"en-GB","potentialAction":[{"@type":"ReadAction","target":["https:\/\/marekkuchcinski.pl\/wspolpraca-miedzynarodowa\/spotkanie-marszalka-sejmu-z-prezydentem-konfederacji-szwajcarskiej\/"]}]},{"@type":"ImageObject","inLanguage":"en-GB","@id":"https:\/\/marekkuchcinski.pl\/wspolpraca-miedzynarodowa\/spotkanie-marszalka-sejmu-z-prezydentem-konfederacji-szwajcarskiej\/#primaryimage","url":"https:\/\/marekkuchcinski.pl\/wp-content\/uploads\/2019\/05\/MMA_3913.view_.jpg","contentUrl":"https:\/\/marekkuchcinski.pl\/wp-content\/uploads\/2019\/05\/MMA_3913.view_.jpg","width":800,"height":533},{"@type":"BreadcrumbList","@id":"https:\/\/marekkuchcinski.pl\/wspolpraca-miedzynarodowa\/spotkanie-marszalka-sejmu-z-prezydentem-konfederacji-szwajcarskiej\/#breadcrumb","itemListElement":[{"@type":"ListItem","position":1,"name":"Strona g\u0142\u00f3wna","item":"https:\/\/marekkuchcinski.pl\/"},{"@type":"ListItem","position":2,"name":"Spotkanie Marsza\u0142ka Sejmu z Prezydentem Konfederacji Szwajcarskiej"}]},{"@type":"WebSite","@id":"https:\/\/marekkuchcinski.pl\/#website","url":"https:\/\/marekkuchcinski.pl\/","name":"Marek Kuchci\u0144ski","description":"Pose\u0142 na sejm RP &ndash; okr\u0119g nr 22","publisher":{"@id":"https:\/\/marekkuchcinski.pl\/#organization"},"potentialAction":[{"@type":"SearchAction","target":{"@type":"EntryPoint","urlTemplate":"https:\/\/marekkuchcinski.pl\/?s={search_term_string}"},"query-input":{"@type":"PropertyValueSpecification","valueRequired":true,"valueName":"search_term_string"}}],"inLanguage":"en-GB"},{"@type":"Organization","@id":"https:\/\/marekkuchcinski.pl\/#organization","name":"Marek Kuchci\u0144ski","url":"https:\/\/marekkuchcinski.pl\/","logo":{"@type":"ImageObject","inLanguage":"en-GB","@id":"https:\/\/marekkuchcinski.pl\/#\/schema\/logo\/image\/","url":"https:\/\/marekkuchcinski.pl\/wp-content\/uploads\/2022\/09\/Marek.jpg","contentUrl":"https:\/\/marekkuchcinski.pl\/wp-content\/uploads\/2022\/09\/Marek.jpg","width":1600,"height":971,"caption":"Marek Kuchci\u0144ski"},"image":{"@id":"https:\/\/marekkuchcinski.pl\/#\/schema\/logo\/image\/"}},{"@type":"Person","@id":"https:\/\/marekkuchcinski.pl\/#\/schema\/person\/6f62700996b4d950b6ea2d1183b6c6be","name":"admin","image":{"@type":"ImageObject","inLanguage":"en-GB","@id":"https:\/\/marekkuchcinski.pl\/#\/schema\/person\/image\/","url":"https:\/\/secure.gravatar.com\/avatar\/4bab693b9d55c3d6b52c0296a8765085?s=96&d=mm&r=g","contentUrl":"https:\/\/secure.gravatar.com\/avatar\/4bab693b9d55c3d6b52c0296a8765085?s=96&d=mm&r=g","caption":"admin"},"url":"https:\/\/marekkuchcinski.pl\/en\/author\/marta-olejnik\/"}]}},"_links":{"self":[{"href":"https:\/\/marekkuchcinski.pl\/en\/wp-json\/wp\/v2\/posts\/15530","targetHints":{"allow":["GET"]}}],"collection":[{"href":"https:\/\/marekkuchcinski.pl\/en\/wp-json\/wp\/v2\/posts"}],"about":[{"href":"https:\/\/marekkuchcinski.pl\/en\/wp-json\/wp\/v2\/types\/post"}],"author":[{"embeddable":true,"href":"https:\/\/marekkuchcinski.pl\/en\/wp-json\/wp\/v2\/users\/6"}],"replies":[{"embeddable":true,"href":"https:\/\/marekkuchcinski.pl\/en\/wp-json\/wp\/v2\/comments?post=15530"}],"version-history":[{"count":1,"href":"https:\/\/marekkuchcinski.pl\/en\/wp-json\/wp\/v2\/posts\/15530\/revisions"}],"predecessor-version":[{"id":15533,"href":"https:\/\/marekkuchcinski.pl\/en\/wp-json\/wp\/v2\/posts\/15530\/revisions\/15533"}],"wp:featuredmedia":[{"embeddable":true,"href":"https:\/\/marekkuchcinski.pl\/en\/wp-json\/wp\/v2\/media\/15531"}],"wp:attachment":[{"href":"https:\/\/marekkuchcinski.pl\/en\/wp-json\/wp\/v2\/media?parent=15530"}],"wp:term":[{"taxonomy":"category","embeddable":true,"href":"https:\/\/marekkuchcinski.pl\/en\/wp-json\/wp\/v2\/categories?post=15530"},{"taxonomy":"post_tag","embeddable":true,"href":"https:\/\/marekkuchcinski.pl\/en\/wp-json\/wp\/v2\/tags?post=15530"}],"curies":[{"name":"wp","href":"https:\/\/api.w.org\/{rel}","templated":true}]}}