{"id":155,"date":"2012-02-14T16:43:54","date_gmt":"2012-02-14T15:43:54","guid":{"rendered":"https:\/\/marekkuchcinski.pl\/druga-edycja-miedzynarodowego-turnieju-narciarskiego\/"},"modified":"2016-08-25T17:00:53","modified_gmt":"2016-08-25T15:00:53","slug":"druga-edycja-miedzynarodowego-turnieju-narciarskiego","status":"publish","type":"post","link":"https:\/\/marekkuchcinski.pl\/en\/bez-kategorii\/druga-edycja-miedzynarodowego-turnieju-narciarskiego\/","title":{"rendered":"Second Edition of the International Ski Tournament"},"content":{"rendered":"<p>We are starting with the second edition of the International Ski Tournament of Carpathian Cities for the cup of Vice-Marshal of the Polish Parliament Marek Kuchci\u0144ski.<\/p>\n<p>We would like to invite all lovers of skiing to try their hand at the second International Ski Tournament, whose main organizer is Marek Kuchci\u0144ski, Vice Marshal of the Sejm. The competition will be held on 27 February on the ski slope in Przemy\u015bl.<\/p>\n<p>We invite you to Przemysl to spend Sunday with your family and friends in an attractive and sporty way.<\/p>\n<p><img decoding=\"async\" class=\"size-full wp-image-152\" src=\"https:\/\/marekkuchcinski.pl\/wp-content\/uploads\/2012\/02\/pdf1.gif\" alt=\"\" width=\"32\" height=\"32\" \/>Download <a href=\"https:\/\/marekkuchcinski.pl\/wp-content\/uploads\/2012\/02\/turniej%20narciarski_program_2012.pdf\">program<\/a>i <a href=\"https:\/\/marekkuchcinski.pl\/wp-content\/uploads\/2012\/02\/turniej_narciarski_regulamin_2012.pdf\">regulations<\/a>.<\/p>\n<p>Subscribe: <a href=\"http:\/\/www.zawody.posir.pl\/index.php?id=kalendarz\">http:\/\/www.zawody.posir.pl\/index.php?id=kalendarz<\/a><\/p>\n<p><strong>Video coverage of the Ski Tournament:<\/strong><\/p>\n<p>&nbsp;<\/p>","protected":false},"excerpt":{"rendered":"<p>Ruszamy z drug\u0105 edycj\u0105 Mi\u0119dzynarodowego Turnieju Narciarskiego Miast Regionu Karpackiego o puchar Wicemarsza\u0142ka Sejmu RP Marka Kuchci\u0144skiego. Serdecznie zapraszamy wszystkich mi\u0142o\u015bnik\u00f3w narciarstwa do spr\u00f3bowania si\u0142 w drugim Mi\u0119dzynarodowym Turnieju Narciarskim, kt\u00f3rego g\u0142\u00f3wnym organizatorem jest Marek Kuchci\u0144ski, wicemarsza\u0142ek Sejmu. Zawody odb\u0119d\u0105 si\u0119 27 lutego na stoku narciarskim w Przemy\u015blu. Serdecznie zapraszamy do Przemy\u015bla, aby atrakcyjnie i [&hellip;]<\/p>","protected":false},"author":6,"featured_media":152,"comment_status":"open","ping_status":"open","sticky":false,"template":"","format":"standard","meta":{"ngg_post_thumbnail":0,"footnotes":""},"categories":[1],"tags":[],"class_list":["post-155","post","type-post","status-publish","format-standard","has-post-thumbnail","hentry","category-bez-kategorii"],"yoast_head":"<!-- This site is optimized with the Yoast SEO plugin v24.7 - https:\/\/yoast.com\/wordpress\/plugins\/seo\/ -->\n<title>Druga edycja Mi\u0119dzynarodowego Turnieju Narciarskiego &#8211; Marek Kuchci\u0144ski<\/title>\n<meta name=\"robots\" content=\"index, follow, max-snippet:-1, max-image-preview:large, max-video-preview:-1\" \/>\n<link rel=\"canonical\" href=\"https:\/\/marekkuchcinski.pl\/en\/bez-kategorii\/druga-edycja-miedzynarodowego-turnieju-narciarskiego\/\" \/>\n<meta property=\"og:locale\" content=\"en_GB\" \/>\n<meta property=\"og:type\" content=\"article\" \/>\n<meta property=\"og:title\" content=\"Druga edycja Mi\u0119dzynarodowego Turnieju Narciarskiego &#8211; Marek Kuchci\u0144ski\" \/>\n<meta property=\"og:description\" content=\"Ruszamy z drug\u0105 edycj\u0105 Mi\u0119dzynarodowego Turnieju Narciarskiego Miast Regionu Karpackiego o puchar Wicemarsza\u0142ka Sejmu RP Marka Kuchci\u0144skiego. Serdecznie zapraszamy wszystkich mi\u0142o\u015bnik\u00f3w narciarstwa do spr\u00f3bowania si\u0142 w drugim Mi\u0119dzynarodowym Turnieju Narciarskim, kt\u00f3rego g\u0142\u00f3wnym organizatorem jest Marek Kuchci\u0144ski, wicemarsza\u0142ek Sejmu. Zawody odb\u0119d\u0105 si\u0119 27 lutego na stoku narciarskim w Przemy\u015blu. Serdecznie zapraszamy do Przemy\u015bla, aby atrakcyjnie i [&hellip;]\" \/>\n<meta property=\"og:url\" content=\"https:\/\/marekkuchcinski.pl\/en\/bez-kategorii\/druga-edycja-miedzynarodowego-turnieju-narciarskiego\/\" \/>\n<meta property=\"og:site_name\" content=\"Marek Kuchci\u0144ski\" \/>\n<meta property=\"article:published_time\" content=\"2012-02-14T15:43:54+00:00\" \/>\n<meta property=\"article:modified_time\" content=\"2016-08-25T15:00:53+00:00\" \/>\n<meta property=\"og:image\" content=\"https:\/\/marekkuchcinski.pl\/wp-content\/uploads\/2012\/02\/pdf1.gif\" \/>\n\t<meta property=\"og:image:width\" content=\"32\" \/>\n\t<meta property=\"og:image:height\" content=\"32\" \/>\n\t<meta property=\"og:image:type\" content=\"image\/gif\" \/>\n<meta name=\"author\" content=\"admin\" \/>\n<meta name=\"twitter:card\" content=\"summary_large_image\" \/>\n<meta name=\"twitter:label1\" content=\"Written by\" \/>\n\t<meta name=\"twitter:data1\" content=\"admin\" \/>\n<script type=\"application\/ld+json\" class=\"yoast-schema-graph\">{\"@context\":\"https:\/\/schema.org\",\"@graph\":[{\"@type\":\"Article\",\"@id\":\"https:\/\/marekkuchcinski.pl\/bez-kategorii\/druga-edycja-miedzynarodowego-turnieju-narciarskiego\/#article\",\"isPartOf\":{\"@id\":\"https:\/\/marekkuchcinski.pl\/bez-kategorii\/druga-edycja-miedzynarodowego-turnieju-narciarskiego\/\"},\"author\":{\"name\":\"admin\",\"@id\":\"https:\/\/marekkuchcinski.pl\/#\/schema\/person\/6f62700996b4d950b6ea2d1183b6c6be\"},\"headline\":\"Druga edycja Mi\u0119dzynarodowego Turnieju Narciarskiego\",\"datePublished\":\"2012-02-14T15:43:54+00:00\",\"dateModified\":\"2016-08-25T15:00:53+00:00\",\"mainEntityOfPage\":{\"@id\":\"https:\/\/marekkuchcinski.pl\/bez-kategorii\/druga-edycja-miedzynarodowego-turnieju-narciarskiego\/\"},\"wordCount\":104,\"commentCount\":0,\"publisher\":{\"@id\":\"https:\/\/marekkuchcinski.pl\/#organization\"},\"image\":{\"@id\":\"https:\/\/marekkuchcinski.pl\/bez-kategorii\/druga-edycja-miedzynarodowego-turnieju-narciarskiego\/#primaryimage\"},\"thumbnailUrl\":\"https:\/\/marekkuchcinski.pl\/wp-content\/uploads\/2012\/02\/pdf1.gif\",\"articleSection\":[\"Bez kategorii\"],\"inLanguage\":\"en-GB\",\"potentialAction\":[{\"@type\":\"CommentAction\",\"name\":\"Comment\",\"target\":[\"https:\/\/marekkuchcinski.pl\/bez-kategorii\/druga-edycja-miedzynarodowego-turnieju-narciarskiego\/#respond\"]}]},{\"@type\":\"WebPage\",\"@id\":\"https:\/\/marekkuchcinski.pl\/bez-kategorii\/druga-edycja-miedzynarodowego-turnieju-narciarskiego\/\",\"url\":\"https:\/\/marekkuchcinski.pl\/bez-kategorii\/druga-edycja-miedzynarodowego-turnieju-narciarskiego\/\",\"name\":\"Druga edycja Mi\u0119dzynarodowego Turnieju Narciarskiego &#8211; Marek Kuchci\u0144ski\",\"isPartOf\":{\"@id\":\"https:\/\/marekkuchcinski.pl\/#website\"},\"primaryImageOfPage\":{\"@id\":\"https:\/\/marekkuchcinski.pl\/bez-kategorii\/druga-edycja-miedzynarodowego-turnieju-narciarskiego\/#primaryimage\"},\"image\":{\"@id\":\"https:\/\/marekkuchcinski.pl\/bez-kategorii\/druga-edycja-miedzynarodowego-turnieju-narciarskiego\/#primaryimage\"},\"thumbnailUrl\":\"https:\/\/marekkuchcinski.pl\/wp-content\/uploads\/2012\/02\/pdf1.gif\",\"datePublished\":\"2012-02-14T15:43:54+00:00\",\"dateModified\":\"2016-08-25T15:00:53+00:00\",\"breadcrumb\":{\"@id\":\"https:\/\/marekkuchcinski.pl\/bez-kategorii\/druga-edycja-miedzynarodowego-turnieju-narciarskiego\/#breadcrumb\"},\"inLanguage\":\"en-GB\",\"potentialAction\":[{\"@type\":\"ReadAction\",\"target\":[\"https:\/\/marekkuchcinski.pl\/bez-kategorii\/druga-edycja-miedzynarodowego-turnieju-narciarskiego\/\"]}]},{\"@type\":\"ImageObject\",\"inLanguage\":\"en-GB\",\"@id\":\"https:\/\/marekkuchcinski.pl\/bez-kategorii\/druga-edycja-miedzynarodowego-turnieju-narciarskiego\/#primaryimage\",\"url\":\"https:\/\/marekkuchcinski.pl\/wp-content\/uploads\/2012\/02\/pdf1.gif\",\"contentUrl\":\"https:\/\/marekkuchcinski.pl\/wp-content\/uploads\/2012\/02\/pdf1.gif\",\"width\":32,\"height\":32},{\"@type\":\"BreadcrumbList\",\"@id\":\"https:\/\/marekkuchcinski.pl\/bez-kategorii\/druga-edycja-miedzynarodowego-turnieju-narciarskiego\/#breadcrumb\",\"itemListElement\":[{\"@type\":\"ListItem\",\"position\":1,\"name\":\"Strona g\u0142\u00f3wna\",\"item\":\"https:\/\/marekkuchcinski.pl\/\"},{\"@type\":\"ListItem\",\"position\":2,\"name\":\"Druga edycja Mi\u0119dzynarodowego Turnieju Narciarskiego\"}]},{\"@type\":\"WebSite\",\"@id\":\"https:\/\/marekkuchcinski.pl\/#website\",\"url\":\"https:\/\/marekkuchcinski.pl\/\",\"name\":\"Marek Kuchci\u0144ski\",\"description\":\"Pose\u0142 na sejm RP &ndash; okr\u0119g nr 22\",\"publisher\":{\"@id\":\"https:\/\/marekkuchcinski.pl\/#organization\"},\"potentialAction\":[{\"@type\":\"SearchAction\",\"target\":{\"@type\":\"EntryPoint\",\"urlTemplate\":\"https:\/\/marekkuchcinski.pl\/?s={search_term_string}\"},\"query-input\":{\"@type\":\"PropertyValueSpecification\",\"valueRequired\":true,\"valueName\":\"search_term_string\"}}],\"inLanguage\":\"en-GB\"},{\"@type\":\"Organization\",\"@id\":\"https:\/\/marekkuchcinski.pl\/#organization\",\"name\":\"Marek Kuchci\u0144ski\",\"url\":\"https:\/\/marekkuchcinski.pl\/\",\"logo\":{\"@type\":\"ImageObject\",\"inLanguage\":\"en-GB\",\"@id\":\"https:\/\/marekkuchcinski.pl\/#\/schema\/logo\/image\/\",\"url\":\"https:\/\/marekkuchcinski.pl\/wp-content\/uploads\/2022\/09\/Marek.jpg\",\"contentUrl\":\"https:\/\/marekkuchcinski.pl\/wp-content\/uploads\/2022\/09\/Marek.jpg\",\"width\":1600,\"height\":971,\"caption\":\"Marek Kuchci\u0144ski\"},\"image\":{\"@id\":\"https:\/\/marekkuchcinski.pl\/#\/schema\/logo\/image\/\"}},{\"@type\":\"Person\",\"@id\":\"https:\/\/marekkuchcinski.pl\/#\/schema\/person\/6f62700996b4d950b6ea2d1183b6c6be\",\"name\":\"admin\",\"image\":{\"@type\":\"ImageObject\",\"inLanguage\":\"en-GB\",\"@id\":\"https:\/\/marekkuchcinski.pl\/#\/schema\/person\/image\/\",\"url\":\"https:\/\/secure.gravatar.com\/avatar\/4bab693b9d55c3d6b52c0296a8765085?s=96&d=mm&r=g\",\"contentUrl\":\"https:\/\/secure.gravatar.com\/avatar\/4bab693b9d55c3d6b52c0296a8765085?s=96&d=mm&r=g\",\"caption\":\"admin\"},\"url\":\"https:\/\/marekkuchcinski.pl\/en\/author\/marta-olejnik\/\"}]}<\/script>\n<!-- \/ Yoast SEO plugin. -->","yoast_head_json":{"title":"Druga edycja Mi\u0119dzynarodowego Turnieju Narciarskiego &#8211; Marek Kuchci\u0144ski","robots":{"index":"index","follow":"follow","max-snippet":"max-snippet:-1","max-image-preview":"max-image-preview:large","max-video-preview":"max-video-preview:-1"},"canonical":"https:\/\/marekkuchcinski.pl\/en\/bez-kategorii\/druga-edycja-miedzynarodowego-turnieju-narciarskiego\/","og_locale":"en_GB","og_type":"article","og_title":"Druga edycja Mi\u0119dzynarodowego Turnieju Narciarskiego &#8211; Marek Kuchci\u0144ski","og_description":"Ruszamy z drug\u0105 edycj\u0105 Mi\u0119dzynarodowego Turnieju Narciarskiego Miast Regionu Karpackiego o puchar Wicemarsza\u0142ka Sejmu RP Marka Kuchci\u0144skiego. Serdecznie zapraszamy wszystkich mi\u0142o\u015bnik\u00f3w narciarstwa do spr\u00f3bowania si\u0142 w drugim Mi\u0119dzynarodowym Turnieju Narciarskim, kt\u00f3rego g\u0142\u00f3wnym organizatorem jest Marek Kuchci\u0144ski, wicemarsza\u0142ek Sejmu. Zawody odb\u0119d\u0105 si\u0119 27 lutego na stoku narciarskim w Przemy\u015blu. Serdecznie zapraszamy do Przemy\u015bla, aby atrakcyjnie i [&hellip;]","og_url":"https:\/\/marekkuchcinski.pl\/en\/bez-kategorii\/druga-edycja-miedzynarodowego-turnieju-narciarskiego\/","og_site_name":"Marek Kuchci\u0144ski","article_published_time":"2012-02-14T15:43:54+00:00","article_modified_time":"2016-08-25T15:00:53+00:00","og_image":[{"width":32,"height":32,"url":"https:\/\/marekkuchcinski.pl\/wp-content\/uploads\/2012\/02\/pdf1.gif","type":"image\/gif"}],"author":"admin","twitter_card":"summary_large_image","twitter_misc":{"Written by":"admin"},"schema":{"@context":"https:\/\/schema.org","@graph":[{"@type":"Article","@id":"https:\/\/marekkuchcinski.pl\/bez-kategorii\/druga-edycja-miedzynarodowego-turnieju-narciarskiego\/#article","isPartOf":{"@id":"https:\/\/marekkuchcinski.pl\/bez-kategorii\/druga-edycja-miedzynarodowego-turnieju-narciarskiego\/"},"author":{"name":"admin","@id":"https:\/\/marekkuchcinski.pl\/#\/schema\/person\/6f62700996b4d950b6ea2d1183b6c6be"},"headline":"Druga edycja Mi\u0119dzynarodowego Turnieju Narciarskiego","datePublished":"2012-02-14T15:43:54+00:00","dateModified":"2016-08-25T15:00:53+00:00","mainEntityOfPage":{"@id":"https:\/\/marekkuchcinski.pl\/bez-kategorii\/druga-edycja-miedzynarodowego-turnieju-narciarskiego\/"},"wordCount":104,"commentCount":0,"publisher":{"@id":"https:\/\/marekkuchcinski.pl\/#organization"},"image":{"@id":"https:\/\/marekkuchcinski.pl\/bez-kategorii\/druga-edycja-miedzynarodowego-turnieju-narciarskiego\/#primaryimage"},"thumbnailUrl":"https:\/\/marekkuchcinski.pl\/wp-content\/uploads\/2012\/02\/pdf1.gif","articleSection":["Bez kategorii"],"inLanguage":"en-GB","potentialAction":[{"@type":"CommentAction","name":"Comment","target":["https:\/\/marekkuchcinski.pl\/bez-kategorii\/druga-edycja-miedzynarodowego-turnieju-narciarskiego\/#respond"]}]},{"@type":"WebPage","@id":"https:\/\/marekkuchcinski.pl\/bez-kategorii\/druga-edycja-miedzynarodowego-turnieju-narciarskiego\/","url":"https:\/\/marekkuchcinski.pl\/bez-kategorii\/druga-edycja-miedzynarodowego-turnieju-narciarskiego\/","name":"Druga edycja Mi\u0119dzynarodowego Turnieju Narciarskiego &#8211; Marek Kuchci\u0144ski","isPartOf":{"@id":"https:\/\/marekkuchcinski.pl\/#website"},"primaryImageOfPage":{"@id":"https:\/\/marekkuchcinski.pl\/bez-kategorii\/druga-edycja-miedzynarodowego-turnieju-narciarskiego\/#primaryimage"},"image":{"@id":"https:\/\/marekkuchcinski.pl\/bez-kategorii\/druga-edycja-miedzynarodowego-turnieju-narciarskiego\/#primaryimage"},"thumbnailUrl":"https:\/\/marekkuchcinski.pl\/wp-content\/uploads\/2012\/02\/pdf1.gif","datePublished":"2012-02-14T15:43:54+00:00","dateModified":"2016-08-25T15:00:53+00:00","breadcrumb":{"@id":"https:\/\/marekkuchcinski.pl\/bez-kategorii\/druga-edycja-miedzynarodowego-turnieju-narciarskiego\/#breadcrumb"},"inLanguage":"en-GB","potentialAction":[{"@type":"ReadAction","target":["https:\/\/marekkuchcinski.pl\/bez-kategorii\/druga-edycja-miedzynarodowego-turnieju-narciarskiego\/"]}]},{"@type":"ImageObject","inLanguage":"en-GB","@id":"https:\/\/marekkuchcinski.pl\/bez-kategorii\/druga-edycja-miedzynarodowego-turnieju-narciarskiego\/#primaryimage","url":"https:\/\/marekkuchcinski.pl\/wp-content\/uploads\/2012\/02\/pdf1.gif","contentUrl":"https:\/\/marekkuchcinski.pl\/wp-content\/uploads\/2012\/02\/pdf1.gif","width":32,"height":32},{"@type":"BreadcrumbList","@id":"https:\/\/marekkuchcinski.pl\/bez-kategorii\/druga-edycja-miedzynarodowego-turnieju-narciarskiego\/#breadcrumb","itemListElement":[{"@type":"ListItem","position":1,"name":"Strona g\u0142\u00f3wna","item":"https:\/\/marekkuchcinski.pl\/"},{"@type":"ListItem","position":2,"name":"Druga edycja Mi\u0119dzynarodowego Turnieju Narciarskiego"}]},{"@type":"WebSite","@id":"https:\/\/marekkuchcinski.pl\/#website","url":"https:\/\/marekkuchcinski.pl\/","name":"Marek Kuchci\u0144ski","description":"Pose\u0142 na sejm RP &ndash; okr\u0119g nr 22","publisher":{"@id":"https:\/\/marekkuchcinski.pl\/#organization"},"potentialAction":[{"@type":"SearchAction","target":{"@type":"EntryPoint","urlTemplate":"https:\/\/marekkuchcinski.pl\/?s={search_term_string}"},"query-input":{"@type":"PropertyValueSpecification","valueRequired":true,"valueName":"search_term_string"}}],"inLanguage":"en-GB"},{"@type":"Organization","@id":"https:\/\/marekkuchcinski.pl\/#organization","name":"Marek Kuchci\u0144ski","url":"https:\/\/marekkuchcinski.pl\/","logo":{"@type":"ImageObject","inLanguage":"en-GB","@id":"https:\/\/marekkuchcinski.pl\/#\/schema\/logo\/image\/","url":"https:\/\/marekkuchcinski.pl\/wp-content\/uploads\/2022\/09\/Marek.jpg","contentUrl":"https:\/\/marekkuchcinski.pl\/wp-content\/uploads\/2022\/09\/Marek.jpg","width":1600,"height":971,"caption":"Marek Kuchci\u0144ski"},"image":{"@id":"https:\/\/marekkuchcinski.pl\/#\/schema\/logo\/image\/"}},{"@type":"Person","@id":"https:\/\/marekkuchcinski.pl\/#\/schema\/person\/6f62700996b4d950b6ea2d1183b6c6be","name":"admin","image":{"@type":"ImageObject","inLanguage":"en-GB","@id":"https:\/\/marekkuchcinski.pl\/#\/schema\/person\/image\/","url":"https:\/\/secure.gravatar.com\/avatar\/4bab693b9d55c3d6b52c0296a8765085?s=96&d=mm&r=g","contentUrl":"https:\/\/secure.gravatar.com\/avatar\/4bab693b9d55c3d6b52c0296a8765085?s=96&d=mm&r=g","caption":"admin"},"url":"https:\/\/marekkuchcinski.pl\/en\/author\/marta-olejnik\/"}]}},"_links":{"self":[{"href":"https:\/\/marekkuchcinski.pl\/en\/wp-json\/wp\/v2\/posts\/155","targetHints":{"allow":["GET"]}}],"collection":[{"href":"https:\/\/marekkuchcinski.pl\/en\/wp-json\/wp\/v2\/posts"}],"about":[{"href":"https:\/\/marekkuchcinski.pl\/en\/wp-json\/wp\/v2\/types\/post"}],"author":[{"embeddable":true,"href":"https:\/\/marekkuchcinski.pl\/en\/wp-json\/wp\/v2\/users\/6"}],"replies":[{"embeddable":true,"href":"https:\/\/marekkuchcinski.pl\/en\/wp-json\/wp\/v2\/comments?post=155"}],"version-history":[{"count":1,"href":"https:\/\/marekkuchcinski.pl\/en\/wp-json\/wp\/v2\/posts\/155\/revisions"}],"predecessor-version":[{"id":3169,"href":"https:\/\/marekkuchcinski.pl\/en\/wp-json\/wp\/v2\/posts\/155\/revisions\/3169"}],"wp:featuredmedia":[{"embeddable":true,"href":"https:\/\/marekkuchcinski.pl\/en\/wp-json\/wp\/v2\/media\/152"}],"wp:attachment":[{"href":"https:\/\/marekkuchcinski.pl\/en\/wp-json\/wp\/v2\/media?parent=155"}],"wp:term":[{"taxonomy":"category","embeddable":true,"href":"https:\/\/marekkuchcinski.pl\/en\/wp-json\/wp\/v2\/categories?post=155"},{"taxonomy":"post_tag","embeddable":true,"href":"https:\/\/marekkuchcinski.pl\/en\/wp-json\/wp\/v2\/tags?post=155"}],"curies":[{"name":"wp","href":"https:\/\/api.w.org\/{rel}","templated":true}]}}