{"id":15394,"date":"2019-05-14T15:29:47","date_gmt":"2019-05-14T13:29:47","guid":{"rendered":"https:\/\/marekkuchcinski.pl\/?p=15394"},"modified":"2019-05-16T20:11:46","modified_gmt":"2019-05-16T18:11:46","slug":"rok-1989-w-europie-srodkowo-wschodniej-w-perspektywie-30-letniej-spotkanie-z-udzialem-marszalka-sejmu-marka-kuchcinskiego","status":"publish","type":"post","link":"https:\/\/marekkuchcinski.pl\/en\/wydarzenia\/rok-1989-w-europie-srodkowo-wschodniej-w-perspektywie-30-letniej-spotkanie-z-udzialem-marszalka-sejmu-marka-kuchcinskiego\/","title":{"rendered":"The year 1989 in Central and Eastern Europe in a 30-year perspective - meeting with the participation of Marek Kuchci\u0144ski, Speaker of the Sejm"},"content":{"rendered":"<p><strong>How changes took place in Poland after the fall of communism was discussed during the first meeting of the Carpathian Discussion Club at the National Museum of the Przemysl Region. <\/strong><\/p>\n\n\n\n<p>Professor Jan Draus compared the road to freedom of Poland and Hungary. He recalled that for Poland and Central and Eastern Europe 1989 marked the end of communism, which had enslaved a large part of the world's population for decades and was only a real experiment insofar as it could feed enslaved societies and suppress social revolts with violence... As a utopia communism lasted from crisis to crisis and its tool was violence. <\/p>\n\n\n\n<p>Summing up\nthe lecture, the professor emphasized that although everything started with Poland, other\nother countries were ahead of it in the democratization process. It took 10 years in Poland\nyears, in Hungary 10 months, in East Germany 10 weeks, in Czechoslovakia 10 days. W\nIn these countries freedom was decided by the opposition and society, in Romania and\nRomania and Hungary - palace coups. In all of them the dictators were removed from power. Z\nWith the exception of Poland, where General Wojciech Jaruzelski was appointed\npresident of the country. <\/p>\n\n\n\n<p>It is still difficult\nIt is still difficult to explain and, as Andrzej Klarkowski emphasized, the year 1989 is still a\nIt remains a mystery and a riddle. It remains a question to which we will not know the answer.\nKlarkowski reminded that for the communist authorities the elections of 1989 were\nKlarkowski recalled that for the communist authorities the elections of 1989 were to draw the opposition to the ruling team in order to give it legitimacy for a few years.\nSeveral years. However, social processes sometimes overtake the thinking of politicians and\nanalysts. At the time, there was a wild surge of enthusiasm after the June elections,\nthere was a crazy growth of enthusiasm after the June elections, a growth of trust in the opposition and a dramatic decrease of trust in the ruling\nPZPR. The PRL authorities were shocked, the democratic opposition did not use the full\npublic credit of trust. This failure to use the social mandate\npostponed and hindered the necessary and\nexpected changes. However, the balance of changes after 1989 was evaluated well by the Polish society, even better\neven better than the societies of our neighbors. What we did in Poland,\ndetermined the changes in the region. <\/p>\n\n\n\n<p>Recent CBOS surveys indicate that the first free elections of 1991 are considered the collapse of communism. However, the evaluation of the communist past is still not unequivocal. There is still resentment about the times connected with PRL, opinions are still divided when it comes to the necessity of introducing the martial law... Ambiguous legends are created about what PRL and PZPR were... which do not reflect the reality. We remember that there was fear, enslavement, blackmail, political murders. These were not times of ridiculous queues and ration cards, stupid ZOMO, militia, inept SB, it was a time of torment, persecution, poverty. Our task is to convey the truth about what happened, how important it is to be courageous both during the time of opposition to the People's Republic of Poland, as well as courageous in introducing the expected social and political changes.<\/p>\n\n\n\n<p>Perhaps,\nif not for the voters in 1989 giving victory to the democratic opposition, the changes would have been delayed\nPerhaps if not for the voters in 1989 giving victory to the democratic opposition, the changes would have been delayed for many years. They would have come later but the cost and drama would have been much greater. After\nUnfortunately, after the victory in 1989 mistakes were made. The system was not changed at once\n- The system was not changed at once as the voters wanted in 1989.\nThose responsible for criminal, criminal behaviours in PRL were not punished...<\/p>\n\n\n\n<p>Marek Kuchci\u0144ski took the floor as a person who actively participated in those changes. He recalled that in July 1989 from <a href=\"http:\/\/www.encysol.pl\/wiki\/Marek_Kami%C5%84ski\">Marek Kaminski<\/a> They launched protests by telex. The protests in Przemy\u015bl were strong and dramatic (MP <a href=\"http:\/\/www.encysol.pl\/wiki\/Robert_Majka\">Robert Majk<\/a>a). They concerned the national list after the first round of elections and the amendment of the electoral law between rounds to allow the addition of the national list. <\/p>\n\n\n\n<p>During the first congress of Porozumienie Centrum the idea of decommunization was put forward by Przemysl and Rzeszow structures.<\/p>\n\n\n\n<p>The Marshal noted the positive atmosphere that accompanied the Podkarpackie opposition, as well as its unity, strength and determination in the fight against communism. - I do not regret that time, it was very interesting,\" he concluded.<\/p>\n\n\n\n<p>Waldemar Wiglusz, on the other hand, noted that many things that were happening at the national and regional level at that time - were not known. - There were 49 provinces and no internet or cell phones. A lot of information about those times can be found in the interviews conducted by Eliza Olczyk in the weekend edition of Rzeczpospolita: Plus-Minus - with activists from that era. Let us hope that these interviews will be published one day in a book form, because they are a mine of knowledge from the witnesses of those events. Since today we ourselves are critical of the stories from those days - it remains to encourage you to write your own accounts and pass them on, for example to the Institute of National Remembrance, the press, or in any form you wish,\" said Wilgusz. <br><\/p>\n\n\n\n<p class=\"has-text-color has-vivid-cyan-blue-color\"><strong>CBOS survey in 2019 and changes in results compared to 2009, 2014<\/strong><\/p>\n\n\n\n<figure class=\"wp-block-image\"><img fetchpriority=\"high\" decoding=\"async\" width=\"1024\" height=\"803\" src=\"https:\/\/marekkuchcinski.pl\/wp-content\/uploads\/2019\/05\/1-1024x803.png\" alt=\"\" class=\"wp-image-15510\" srcset=\"https:\/\/marekkuchcinski.pl\/wp-content\/uploads\/2019\/05\/1-1024x803.png 1024w, https:\/\/marekkuchcinski.pl\/wp-content\/uploads\/2019\/05\/1-300x235.png 300w, https:\/\/marekkuchcinski.pl\/wp-content\/uploads\/2019\/05\/1-768x602.png 768w, https:\/\/marekkuchcinski.pl\/wp-content\/uploads\/2019\/05\/1.png 2048w\" sizes=\"(max-width: 1024px) 100vw, 1024px\" \/><\/figure>\n\n\n\n<figure class=\"wp-block-image\"><img decoding=\"async\" width=\"1024\" height=\"738\" src=\"https:\/\/marekkuchcinski.pl\/wp-content\/uploads\/2019\/05\/2-1024x738.png\" alt=\"\" class=\"wp-image-15511\" srcset=\"https:\/\/marekkuchcinski.pl\/wp-content\/uploads\/2019\/05\/2-1024x738.png 1024w, https:\/\/marekkuchcinski.pl\/wp-content\/uploads\/2019\/05\/2-300x216.png 300w, https:\/\/marekkuchcinski.pl\/wp-content\/uploads\/2019\/05\/2-768x554.png 768w, https:\/\/marekkuchcinski.pl\/wp-content\/uploads\/2019\/05\/2.png 2048w\" sizes=\"(max-width: 1024px) 100vw, 1024px\" \/><\/figure>\n\n\n\n<figure class=\"wp-block-image\"><img decoding=\"async\" width=\"1024\" height=\"617\" src=\"https:\/\/marekkuchcinski.pl\/wp-content\/uploads\/2019\/05\/3-1024x617.png\" alt=\"\" class=\"wp-image-15515\" srcset=\"https:\/\/marekkuchcinski.pl\/wp-content\/uploads\/2019\/05\/3-1024x617.png 1024w, https:\/\/marekkuchcinski.pl\/wp-content\/uploads\/2019\/05\/3-300x181.png 300w, https:\/\/marekkuchcinski.pl\/wp-content\/uploads\/2019\/05\/3-768x463.png 768w, https:\/\/marekkuchcinski.pl\/wp-content\/uploads\/2019\/05\/3.png 2048w\" sizes=\"(max-width: 1024px) 100vw, 1024px\" \/><\/figure>\n\n\n\n<figure class=\"wp-block-image\"><img loading=\"lazy\" decoding=\"async\" width=\"2048\" height=\"1407\" src=\"https:\/\/marekkuchcinski.pl\/wp-content\/uploads\/2019\/05\/4-1024x704.png\" alt=\"\" class=\"wp-image-15512\" srcset=\"https:\/\/marekkuchcinski.pl\/wp-content\/uploads\/2019\/05\/4-1024x704.png 1024w, https:\/\/marekkuchcinski.pl\/wp-content\/uploads\/2019\/05\/4-300x206.png 300w, https:\/\/marekkuchcinski.pl\/wp-content\/uploads\/2019\/05\/4-768x528.png 768w, https:\/\/marekkuchcinski.pl\/wp-content\/uploads\/2019\/05\/4.png 2048w\" sizes=\"(max-width: 2048px) 100vw, 2048px\" \/><\/figure>\n\n\n\n<figure class=\"wp-block-image\"><img loading=\"lazy\" decoding=\"async\" width=\"1024\" height=\"893\" src=\"https:\/\/marekkuchcinski.pl\/wp-content\/uploads\/2019\/05\/5-1024x893.png\" alt=\"\" class=\"wp-image-15513\" srcset=\"https:\/\/marekkuchcinski.pl\/wp-content\/uploads\/2019\/05\/5-1024x893.png 1024w, https:\/\/marekkuchcinski.pl\/wp-content\/uploads\/2019\/05\/5-300x262.png 300w, https:\/\/marekkuchcinski.pl\/wp-content\/uploads\/2019\/05\/5-768x670.png 768w, https:\/\/marekkuchcinski.pl\/wp-content\/uploads\/2019\/05\/5.png 2048w\" sizes=\"(max-width: 1024px) 100vw, 1024px\" \/><\/figure>\n\n\n\n<p><em>text, photo Marta Olejnik<\/em><\/p>\n\n\n\n<figure class=\"wp-block-image is-resized\"><img loading=\"lazy\" decoding=\"async\" src=\"https:\/\/marekkuchcinski.pl\/wp-content\/uploads\/2019\/05\/IMG_9872-814x1024.jpg\" alt=\"\" class=\"wp-image-15395\" width=\"574\" height=\"722\" srcset=\"https:\/\/marekkuchcinski.pl\/wp-content\/uploads\/2019\/05\/IMG_9872-814x1024.jpg 814w, https:\/\/marekkuchcinski.pl\/wp-content\/uploads\/2019\/05\/IMG_9872-239x300.jpg 239w, https:\/\/marekkuchcinski.pl\/wp-content\/uploads\/2019\/05\/IMG_9872-768x966.jpg 768w, https:\/\/marekkuchcinski.pl\/wp-content\/uploads\/2019\/05\/IMG_9872.jpg 1628w\" sizes=\"(max-width: 574px) 100vw, 574px\" \/><figcaption><strong>Prof. Jan Draus<\/strong><br><\/figcaption><\/figure>\n\n\n\n<figure class=\"wp-block-image\"><img loading=\"lazy\" decoding=\"async\" width=\"1024\" height=\"674\" src=\"https:\/\/marekkuchcinski.pl\/wp-content\/uploads\/2019\/05\/IMG_0002-1024x674.jpg\" alt=\"\" class=\"wp-image-15424\" srcset=\"https:\/\/marekkuchcinski.pl\/wp-content\/uploads\/2019\/05\/IMG_0002-1024x674.jpg 1024w, https:\/\/marekkuchcinski.pl\/wp-content\/uploads\/2019\/05\/IMG_0002-300x197.jpg 300w, https:\/\/marekkuchcinski.pl\/wp-content\/uploads\/2019\/05\/IMG_0002-768x505.jpg 768w, https:\/\/marekkuchcinski.pl\/wp-content\/uploads\/2019\/05\/IMG_0002.jpg 2048w\" sizes=\"(max-width: 1024px) 100vw, 1024px\" \/><figcaption><strong>Andrzej Klarkowski<\/strong><\/figcaption><\/figure>\n\n\n\n<figure class=\"wp-block-image\"><img loading=\"lazy\" decoding=\"async\" width=\"664\" height=\"463\" src=\"https:\/\/marekkuchcinski.pl\/wp-content\/uploads\/2019\/05\/PSX_20190513_171338.jpg\" alt=\"\" class=\"wp-image-15480\" srcset=\"https:\/\/marekkuchcinski.pl\/wp-content\/uploads\/2019\/05\/PSX_20190513_171338.jpg 664w, https:\/\/marekkuchcinski.pl\/wp-content\/uploads\/2019\/05\/PSX_20190513_171338-300x209.jpg 300w\" sizes=\"(max-width: 664px) 100vw, 664px\" \/><figcaption><strong>Marek Kuchci\u0144ski<\/strong><br><\/figcaption><\/figure>\n\n\n\n<figure class=\"wp-block-image\"><img loading=\"lazy\" decoding=\"async\" width=\"1024\" height=\"683\" src=\"https:\/\/marekkuchcinski.pl\/wp-content\/uploads\/2019\/05\/IMG_9934-1024x683.jpg\" alt=\"\" class=\"wp-image-15526\" srcset=\"https:\/\/marekkuchcinski.pl\/wp-content\/uploads\/2019\/05\/IMG_9934-1024x683.jpg 1024w, https:\/\/marekkuchcinski.pl\/wp-content\/uploads\/2019\/05\/IMG_9934-300x200.jpg 300w, https:\/\/marekkuchcinski.pl\/wp-content\/uploads\/2019\/05\/IMG_9934-768x512.jpg 768w, https:\/\/marekkuchcinski.pl\/wp-content\/uploads\/2019\/05\/IMG_9934.jpg 2048w\" sizes=\"(max-width: 1024px) 100vw, 1024px\" \/><\/figure>\n\n\n\n<figure class=\"wp-block-image\"><img loading=\"lazy\" decoding=\"async\" width=\"1024\" height=\"683\" src=\"https:\/\/marekkuchcinski.pl\/wp-content\/uploads\/2019\/05\/IMG_0032-1024x683.jpg\" alt=\"\" class=\"wp-image-15428\" srcset=\"https:\/\/marekkuchcinski.pl\/wp-content\/uploads\/2019\/05\/IMG_0032-1024x683.jpg 1024w, https:\/\/marekkuchcinski.pl\/wp-content\/uploads\/2019\/05\/IMG_0032-300x200.jpg 300w, https:\/\/marekkuchcinski.pl\/wp-content\/uploads\/2019\/05\/IMG_0032-768x512.jpg 768w, https:\/\/marekkuchcinski.pl\/wp-content\/uploads\/2019\/05\/IMG_0032.jpg 2048w\" sizes=\"(max-width: 1024px) 100vw, 1024px\" \/><figcaption><strong>Andrzej Paniw, chairman of the meeting<\/strong><\/figcaption><\/figure>\n\n\n\n<figure class=\"wp-block-image\"><img loading=\"lazy\" decoding=\"async\" width=\"1024\" height=\"683\" src=\"https:\/\/marekkuchcinski.pl\/wp-content\/uploads\/2019\/05\/IMG_0008-1024x683.jpg\" alt=\"\" class=\"wp-image-15425\" srcset=\"https:\/\/marekkuchcinski.pl\/wp-content\/uploads\/2019\/05\/IMG_0008-1024x683.jpg 1024w, https:\/\/marekkuchcinski.pl\/wp-content\/uploads\/2019\/05\/IMG_0008-300x200.jpg 300w, https:\/\/marekkuchcinski.pl\/wp-content\/uploads\/2019\/05\/IMG_0008-768x512.jpg 768w, https:\/\/marekkuchcinski.pl\/wp-content\/uploads\/2019\/05\/IMG_0008.jpg 2048w\" sizes=\"(max-width: 1024px) 100vw, 1024px\" \/><figcaption><strong> Lucyna Podhalicz, Bogus\u0142aw Wojnarowicz <\/strong><\/figcaption><\/figure>\n\n\n\n<figure class=\"wp-block-image\"><img loading=\"lazy\" decoding=\"async\" width=\"1024\" height=\"683\" src=\"https:\/\/marekkuchcinski.pl\/wp-content\/uploads\/2019\/05\/IMG_0028-1024x683.jpg\" alt=\"\" class=\"wp-image-15427\" srcset=\"https:\/\/marekkuchcinski.pl\/wp-content\/uploads\/2019\/05\/IMG_0028-1024x683.jpg 1024w, https:\/\/marekkuchcinski.pl\/wp-content\/uploads\/2019\/05\/IMG_0028-300x200.jpg 300w, https:\/\/marekkuchcinski.pl\/wp-content\/uploads\/2019\/05\/IMG_0028-768x512.jpg 768w, https:\/\/marekkuchcinski.pl\/wp-content\/uploads\/2019\/05\/IMG_0028.jpg 2048w\" sizes=\"(max-width: 1024px) 100vw, 1024px\" \/><figcaption><strong> Grzegorz Pietrusza <\/strong><\/figcaption><\/figure>\n\n\n\n<figure class=\"wp-block-image\"><img loading=\"lazy\" decoding=\"async\" width=\"1024\" height=\"683\" src=\"https:\/\/marekkuchcinski.pl\/wp-content\/uploads\/2019\/05\/IMG_9989-1024x683.jpg\" alt=\"\" class=\"wp-image-15399\" srcset=\"https:\/\/marekkuchcinski.pl\/wp-content\/uploads\/2019\/05\/IMG_9989-1024x683.jpg 1024w, https:\/\/marekkuchcinski.pl\/wp-content\/uploads\/2019\/05\/IMG_9989-300x200.jpg 300w, https:\/\/marekkuchcinski.pl\/wp-content\/uploads\/2019\/05\/IMG_9989-768x512.jpg 768w, https:\/\/marekkuchcinski.pl\/wp-content\/uploads\/2019\/05\/IMG_9989.jpg 2048w\" sizes=\"(max-width: 1024px) 100vw, 1024px\" \/><figcaption><strong>Waldemar Wiglusz:<\/strong><br><br><\/figcaption><\/figure>\n\n\n\n<figure class=\"wp-block-image\"><img loading=\"lazy\" decoding=\"async\" width=\"1024\" height=\"686\" src=\"https:\/\/marekkuchcinski.pl\/wp-content\/uploads\/2019\/05\/IMG_9990-1024x686.jpg\" alt=\"\" class=\"wp-image-15422\" srcset=\"https:\/\/marekkuchcinski.pl\/wp-content\/uploads\/2019\/05\/IMG_9990-1024x686.jpg 1024w, https:\/\/marekkuchcinski.pl\/wp-content\/uploads\/2019\/05\/IMG_9990-300x201.jpg 300w, https:\/\/marekkuchcinski.pl\/wp-content\/uploads\/2019\/05\/IMG_9990-768x515.jpg 768w, https:\/\/marekkuchcinski.pl\/wp-content\/uploads\/2019\/05\/IMG_9990.jpg 2048w\" sizes=\"(max-width: 1024px) 100vw, 1024px\" \/><figcaption><strong> Jerzy Adamski  <\/strong><\/figcaption><\/figure>\n\n\n\n<figure class=\"wp-block-image\"><img loading=\"lazy\" decoding=\"async\" width=\"1024\" height=\"877\" src=\"https:\/\/marekkuchcinski.pl\/wp-content\/uploads\/2019\/05\/IMG_9996-1-1024x877.jpg\" alt=\"\" class=\"wp-image-15432\" srcset=\"https:\/\/marekkuchcinski.pl\/wp-content\/uploads\/2019\/05\/IMG_9996-1-1024x877.jpg 1024w, https:\/\/marekkuchcinski.pl\/wp-content\/uploads\/2019\/05\/IMG_9996-1-300x257.jpg 300w, https:\/\/marekkuchcinski.pl\/wp-content\/uploads\/2019\/05\/IMG_9996-1-768x658.jpg 768w, https:\/\/marekkuchcinski.pl\/wp-content\/uploads\/2019\/05\/IMG_9996-1.jpg 2048w\" sizes=\"(max-width: 1024px) 100vw, 1024px\" \/><figcaption><strong> Maciej Debicki <\/strong><\/figcaption><\/figure>\n\n\n\n<figure class=\"wp-block-image\"><img loading=\"lazy\" decoding=\"async\" width=\"1024\" height=\"683\" src=\"https:\/\/marekkuchcinski.pl\/wp-content\/uploads\/2019\/05\/IMG_9975-1024x683.jpg\" alt=\"\" class=\"wp-image-15421\" srcset=\"https:\/\/marekkuchcinski.pl\/wp-content\/uploads\/2019\/05\/IMG_9975-1024x683.jpg 1024w, https:\/\/marekkuchcinski.pl\/wp-content\/uploads\/2019\/05\/IMG_9975-300x200.jpg 300w, https:\/\/marekkuchcinski.pl\/wp-content\/uploads\/2019\/05\/IMG_9975-768x512.jpg 768w, https:\/\/marekkuchcinski.pl\/wp-content\/uploads\/2019\/05\/IMG_9975.jpg 2048w\" sizes=\"(max-width: 1024px) 100vw, 1024px\" \/><figcaption><strong>Jan Karu\u015b, Marek Kami\u0144ski, Jan Musia\u0142<\/strong><\/figcaption><\/figure>\n\n\n\n<figure class=\"wp-block-image\"><img loading=\"lazy\" decoding=\"async\" width=\"1024\" height=\"683\" src=\"https:\/\/marekkuchcinski.pl\/wp-content\/uploads\/2019\/05\/IMG_0009-1024x683.jpg\" alt=\"\" class=\"wp-image-15430\" srcset=\"https:\/\/marekkuchcinski.pl\/wp-content\/uploads\/2019\/05\/IMG_0009-1024x683.jpg 1024w, https:\/\/marekkuchcinski.pl\/wp-content\/uploads\/2019\/05\/IMG_0009-300x200.jpg 300w, https:\/\/marekkuchcinski.pl\/wp-content\/uploads\/2019\/05\/IMG_0009-768x512.jpg 768w, https:\/\/marekkuchcinski.pl\/wp-content\/uploads\/2019\/05\/IMG_0009.jpg 2048w\" sizes=\"(max-width: 1024px) 100vw, 1024px\" \/><\/figure>","protected":false},"excerpt":{"rendered":"<p>O tym, jak przebiega\u0142y zmiany w Polsce po obaleniu komunizmu rozmawiano podczas pierwszego spotkania Karpackiego Klubu Dyskusyjnego w Muzeum Narodowym Ziemi Przemyskiej. Prof. Jan Draus por\u00f3wna\u0142 drog\u0119 do wolno\u015bci Polski i W\u0119gier. Przypomnia\u0142, \u017ce rok 1989 dla Polski i Europy \u015arodkowo-Wschodniej znamionowa\u0142 kres komunizmu, kt\u00f3ry przez dziesi\u0105tki lat zniewala\u0142 znaczn\u0105 cz\u0119\u015b\u0107 ludno\u015bci \u015bwiata i by\u0142 [&hellip;]<\/p>","protected":false},"author":6,"featured_media":15480,"comment_status":"open","ping_status":"open","sticky":false,"template":"","format":"standard","meta":{"ngg_post_thumbnail":0,"footnotes":""},"categories":[49,82,3],"tags":[],"class_list":["post-15394","post","type-post","status-publish","format-standard","has-post-thumbnail","hentry","category-podkarpacie","category-prawo-i-sprawiedliwosc","category-wydarzenia"],"yoast_head":"<!-- This site is optimized with the Yoast SEO plugin v24.7 - https:\/\/yoast.com\/wordpress\/plugins\/seo\/ -->\n<title>Rok 1989 w Europie \u015arodkowo-Wschodniej w perspektywie 30-letniej \u2013 spotkanie z udzia\u0142em marsza\u0142ka Sejmu Marka Kuchci\u0144skiego &#8211; Marek Kuchci\u0144ski<\/title>\n<meta name=\"robots\" content=\"index, follow, max-snippet:-1, max-image-preview:large, max-video-preview:-1\" \/>\n<link rel=\"canonical\" href=\"https:\/\/marekkuchcinski.pl\/en\/wydarzenia\/rok-1989-w-europie-srodkowo-wschodniej-w-perspektywie-30-letniej-spotkanie-z-udzialem-marszalka-sejmu-marka-kuchcinskiego\/\" \/>\n<meta property=\"og:locale\" content=\"en_GB\" \/>\n<meta property=\"og:type\" content=\"article\" \/>\n<meta property=\"og:title\" content=\"Rok 1989 w Europie \u015arodkowo-Wschodniej w perspektywie 30-letniej \u2013 spotkanie z udzia\u0142em marsza\u0142ka Sejmu Marka Kuchci\u0144skiego &#8211; Marek Kuchci\u0144ski\" \/>\n<meta property=\"og:description\" content=\"O tym, jak przebiega\u0142y zmiany w Polsce po obaleniu komunizmu rozmawiano podczas pierwszego spotkania Karpackiego Klubu Dyskusyjnego w Muzeum Narodowym Ziemi Przemyskiej. Prof. Jan Draus por\u00f3wna\u0142 drog\u0119 do wolno\u015bci Polski i W\u0119gier. Przypomnia\u0142, \u017ce rok 1989 dla Polski i Europy \u015arodkowo-Wschodniej znamionowa\u0142 kres komunizmu, kt\u00f3ry przez dziesi\u0105tki lat zniewala\u0142 znaczn\u0105 cz\u0119\u015b\u0107 ludno\u015bci \u015bwiata i by\u0142 [&hellip;]\" \/>\n<meta property=\"og:url\" content=\"https:\/\/marekkuchcinski.pl\/en\/wydarzenia\/rok-1989-w-europie-srodkowo-wschodniej-w-perspektywie-30-letniej-spotkanie-z-udzialem-marszalka-sejmu-marka-kuchcinskiego\/\" \/>\n<meta property=\"og:site_name\" content=\"Marek Kuchci\u0144ski\" \/>\n<meta property=\"article:published_time\" content=\"2019-05-14T13:29:47+00:00\" \/>\n<meta property=\"article:modified_time\" content=\"2019-05-16T18:11:46+00:00\" \/>\n<meta property=\"og:image\" content=\"https:\/\/marekkuchcinski.pl\/wp-content\/uploads\/2019\/05\/PSX_20190513_171338.jpg\" \/>\n\t<meta property=\"og:image:width\" content=\"664\" \/>\n\t<meta property=\"og:image:height\" content=\"463\" \/>\n\t<meta property=\"og:image:type\" content=\"image\/jpeg\" \/>\n<meta name=\"author\" content=\"admin\" \/>\n<meta name=\"twitter:card\" content=\"summary_large_image\" \/>\n<meta name=\"twitter:label1\" content=\"Written by\" \/>\n\t<meta name=\"twitter:data1\" content=\"admin\" \/>\n\t<meta name=\"twitter:label2\" content=\"Estimated reading time\" \/>\n\t<meta name=\"twitter:data2\" content=\"4 minutes\" \/>\n<script type=\"application\/ld+json\" class=\"yoast-schema-graph\">{\"@context\":\"https:\/\/schema.org\",\"@graph\":[{\"@type\":\"Article\",\"@id\":\"https:\/\/marekkuchcinski.pl\/ro\/wydarzenia\/rok-1989-w-europie-srodkowo-wschodniej-w-perspektywie-30-letniej-spotkanie-z-udzialem-marszalka-sejmu-marka-kuchcinskiego\/#article\",\"isPartOf\":{\"@id\":\"https:\/\/marekkuchcinski.pl\/ro\/wydarzenia\/rok-1989-w-europie-srodkowo-wschodniej-w-perspektywie-30-letniej-spotkanie-z-udzialem-marszalka-sejmu-marka-kuchcinskiego\/\"},\"author\":{\"name\":\"admin\",\"@id\":\"https:\/\/marekkuchcinski.pl\/#\/schema\/person\/6f62700996b4d950b6ea2d1183b6c6be\"},\"headline\":\"Rok 1989 w Europie \u015arodkowo-Wschodniej w perspektywie 30-letniej \u2013 spotkanie z udzia\u0142em marsza\u0142ka Sejmu Marka Kuchci\u0144skiego\",\"datePublished\":\"2019-05-14T13:29:47+00:00\",\"dateModified\":\"2019-05-16T18:11:46+00:00\",\"mainEntityOfPage\":{\"@id\":\"https:\/\/marekkuchcinski.pl\/ro\/wydarzenia\/rok-1989-w-europie-srodkowo-wschodniej-w-perspektywie-30-letniej-spotkanie-z-udzialem-marszalka-sejmu-marka-kuchcinskiego\/\"},\"wordCount\":868,\"commentCount\":0,\"publisher\":{\"@id\":\"https:\/\/marekkuchcinski.pl\/#organization\"},\"image\":{\"@id\":\"https:\/\/marekkuchcinski.pl\/ro\/wydarzenia\/rok-1989-w-europie-srodkowo-wschodniej-w-perspektywie-30-letniej-spotkanie-z-udzialem-marszalka-sejmu-marka-kuchcinskiego\/#primaryimage\"},\"thumbnailUrl\":\"https:\/\/marekkuchcinski.pl\/wp-content\/uploads\/2019\/05\/PSX_20190513_171338.jpg\",\"articleSection\":[\"Podkarpacie\",\"Prawo i Sprawiedliwo\u015b\u0107\",\"Wydarzenia\"],\"inLanguage\":\"en-GB\",\"potentialAction\":[{\"@type\":\"CommentAction\",\"name\":\"Comment\",\"target\":[\"https:\/\/marekkuchcinski.pl\/ro\/wydarzenia\/rok-1989-w-europie-srodkowo-wschodniej-w-perspektywie-30-letniej-spotkanie-z-udzialem-marszalka-sejmu-marka-kuchcinskiego\/#respond\"]}]},{\"@type\":\"WebPage\",\"@id\":\"https:\/\/marekkuchcinski.pl\/ro\/wydarzenia\/rok-1989-w-europie-srodkowo-wschodniej-w-perspektywie-30-letniej-spotkanie-z-udzialem-marszalka-sejmu-marka-kuchcinskiego\/\",\"url\":\"https:\/\/marekkuchcinski.pl\/ro\/wydarzenia\/rok-1989-w-europie-srodkowo-wschodniej-w-perspektywie-30-letniej-spotkanie-z-udzialem-marszalka-sejmu-marka-kuchcinskiego\/\",\"name\":\"Rok 1989 w Europie \u015arodkowo-Wschodniej w perspektywie 30-letniej \u2013 spotkanie z udzia\u0142em marsza\u0142ka Sejmu Marka Kuchci\u0144skiego &#8211; Marek Kuchci\u0144ski\",\"isPartOf\":{\"@id\":\"https:\/\/marekkuchcinski.pl\/#website\"},\"primaryImageOfPage\":{\"@id\":\"https:\/\/marekkuchcinski.pl\/ro\/wydarzenia\/rok-1989-w-europie-srodkowo-wschodniej-w-perspektywie-30-letniej-spotkanie-z-udzialem-marszalka-sejmu-marka-kuchcinskiego\/#primaryimage\"},\"image\":{\"@id\":\"https:\/\/marekkuchcinski.pl\/ro\/wydarzenia\/rok-1989-w-europie-srodkowo-wschodniej-w-perspektywie-30-letniej-spotkanie-z-udzialem-marszalka-sejmu-marka-kuchcinskiego\/#primaryimage\"},\"thumbnailUrl\":\"https:\/\/marekkuchcinski.pl\/wp-content\/uploads\/2019\/05\/PSX_20190513_171338.jpg\",\"datePublished\":\"2019-05-14T13:29:47+00:00\",\"dateModified\":\"2019-05-16T18:11:46+00:00\",\"breadcrumb\":{\"@id\":\"https:\/\/marekkuchcinski.pl\/ro\/wydarzenia\/rok-1989-w-europie-srodkowo-wschodniej-w-perspektywie-30-letniej-spotkanie-z-udzialem-marszalka-sejmu-marka-kuchcinskiego\/#breadcrumb\"},\"inLanguage\":\"en-GB\",\"potentialAction\":[{\"@type\":\"ReadAction\",\"target\":[\"https:\/\/marekkuchcinski.pl\/ro\/wydarzenia\/rok-1989-w-europie-srodkowo-wschodniej-w-perspektywie-30-letniej-spotkanie-z-udzialem-marszalka-sejmu-marka-kuchcinskiego\/\"]}]},{\"@type\":\"ImageObject\",\"inLanguage\":\"en-GB\",\"@id\":\"https:\/\/marekkuchcinski.pl\/ro\/wydarzenia\/rok-1989-w-europie-srodkowo-wschodniej-w-perspektywie-30-letniej-spotkanie-z-udzialem-marszalka-sejmu-marka-kuchcinskiego\/#primaryimage\",\"url\":\"https:\/\/marekkuchcinski.pl\/wp-content\/uploads\/2019\/05\/PSX_20190513_171338.jpg\",\"contentUrl\":\"https:\/\/marekkuchcinski.pl\/wp-content\/uploads\/2019\/05\/PSX_20190513_171338.jpg\",\"width\":664,\"height\":463},{\"@type\":\"BreadcrumbList\",\"@id\":\"https:\/\/marekkuchcinski.pl\/ro\/wydarzenia\/rok-1989-w-europie-srodkowo-wschodniej-w-perspektywie-30-letniej-spotkanie-z-udzialem-marszalka-sejmu-marka-kuchcinskiego\/#breadcrumb\",\"itemListElement\":[{\"@type\":\"ListItem\",\"position\":1,\"name\":\"Strona g\u0142\u00f3wna\",\"item\":\"https:\/\/marekkuchcinski.pl\/\"},{\"@type\":\"ListItem\",\"position\":2,\"name\":\"Rok 1989 w Europie \u015arodkowo-Wschodniej w perspektywie 30-letniej \u2013 spotkanie z udzia\u0142em marsza\u0142ka Sejmu Marka Kuchci\u0144skiego\"}]},{\"@type\":\"WebSite\",\"@id\":\"https:\/\/marekkuchcinski.pl\/#website\",\"url\":\"https:\/\/marekkuchcinski.pl\/\",\"name\":\"Marek Kuchci\u0144ski\",\"description\":\"Pose\u0142 na sejm RP &ndash; okr\u0119g nr 22\",\"publisher\":{\"@id\":\"https:\/\/marekkuchcinski.pl\/#organization\"},\"potentialAction\":[{\"@type\":\"SearchAction\",\"target\":{\"@type\":\"EntryPoint\",\"urlTemplate\":\"https:\/\/marekkuchcinski.pl\/?s={search_term_string}\"},\"query-input\":{\"@type\":\"PropertyValueSpecification\",\"valueRequired\":true,\"valueName\":\"search_term_string\"}}],\"inLanguage\":\"en-GB\"},{\"@type\":\"Organization\",\"@id\":\"https:\/\/marekkuchcinski.pl\/#organization\",\"name\":\"Marek Kuchci\u0144ski\",\"url\":\"https:\/\/marekkuchcinski.pl\/\",\"logo\":{\"@type\":\"ImageObject\",\"inLanguage\":\"en-GB\",\"@id\":\"https:\/\/marekkuchcinski.pl\/#\/schema\/logo\/image\/\",\"url\":\"https:\/\/marekkuchcinski.pl\/wp-content\/uploads\/2022\/09\/Marek.jpg\",\"contentUrl\":\"https:\/\/marekkuchcinski.pl\/wp-content\/uploads\/2022\/09\/Marek.jpg\",\"width\":1600,\"height\":971,\"caption\":\"Marek Kuchci\u0144ski\"},\"image\":{\"@id\":\"https:\/\/marekkuchcinski.pl\/#\/schema\/logo\/image\/\"}},{\"@type\":\"Person\",\"@id\":\"https:\/\/marekkuchcinski.pl\/#\/schema\/person\/6f62700996b4d950b6ea2d1183b6c6be\",\"name\":\"admin\",\"image\":{\"@type\":\"ImageObject\",\"inLanguage\":\"en-GB\",\"@id\":\"https:\/\/marekkuchcinski.pl\/#\/schema\/person\/image\/\",\"url\":\"https:\/\/secure.gravatar.com\/avatar\/4bab693b9d55c3d6b52c0296a8765085?s=96&d=mm&r=g\",\"contentUrl\":\"https:\/\/secure.gravatar.com\/avatar\/4bab693b9d55c3d6b52c0296a8765085?s=96&d=mm&r=g\",\"caption\":\"admin\"},\"url\":\"https:\/\/marekkuchcinski.pl\/en\/author\/marta-olejnik\/\"}]}<\/script>\n<!-- \/ Yoast SEO plugin. -->","yoast_head_json":{"title":"Rok 1989 w Europie \u015arodkowo-Wschodniej w perspektywie 30-letniej \u2013 spotkanie z udzia\u0142em marsza\u0142ka Sejmu Marka Kuchci\u0144skiego &#8211; Marek Kuchci\u0144ski","robots":{"index":"index","follow":"follow","max-snippet":"max-snippet:-1","max-image-preview":"max-image-preview:large","max-video-preview":"max-video-preview:-1"},"canonical":"https:\/\/marekkuchcinski.pl\/en\/wydarzenia\/rok-1989-w-europie-srodkowo-wschodniej-w-perspektywie-30-letniej-spotkanie-z-udzialem-marszalka-sejmu-marka-kuchcinskiego\/","og_locale":"en_GB","og_type":"article","og_title":"Rok 1989 w Europie \u015arodkowo-Wschodniej w perspektywie 30-letniej \u2013 spotkanie z udzia\u0142em marsza\u0142ka Sejmu Marka Kuchci\u0144skiego &#8211; Marek Kuchci\u0144ski","og_description":"O tym, jak przebiega\u0142y zmiany w Polsce po obaleniu komunizmu rozmawiano podczas pierwszego spotkania Karpackiego Klubu Dyskusyjnego w Muzeum Narodowym Ziemi Przemyskiej. Prof. Jan Draus por\u00f3wna\u0142 drog\u0119 do wolno\u015bci Polski i W\u0119gier. Przypomnia\u0142, \u017ce rok 1989 dla Polski i Europy \u015arodkowo-Wschodniej znamionowa\u0142 kres komunizmu, kt\u00f3ry przez dziesi\u0105tki lat zniewala\u0142 znaczn\u0105 cz\u0119\u015b\u0107 ludno\u015bci \u015bwiata i by\u0142 [&hellip;]","og_url":"https:\/\/marekkuchcinski.pl\/en\/wydarzenia\/rok-1989-w-europie-srodkowo-wschodniej-w-perspektywie-30-letniej-spotkanie-z-udzialem-marszalka-sejmu-marka-kuchcinskiego\/","og_site_name":"Marek Kuchci\u0144ski","article_published_time":"2019-05-14T13:29:47+00:00","article_modified_time":"2019-05-16T18:11:46+00:00","og_image":[{"width":664,"height":463,"url":"https:\/\/marekkuchcinski.pl\/wp-content\/uploads\/2019\/05\/PSX_20190513_171338.jpg","type":"image\/jpeg"}],"author":"admin","twitter_card":"summary_large_image","twitter_misc":{"Written by":"admin","Estimated reading time":"4 minutes"},"schema":{"@context":"https:\/\/schema.org","@graph":[{"@type":"Article","@id":"https:\/\/marekkuchcinski.pl\/ro\/wydarzenia\/rok-1989-w-europie-srodkowo-wschodniej-w-perspektywie-30-letniej-spotkanie-z-udzialem-marszalka-sejmu-marka-kuchcinskiego\/#article","isPartOf":{"@id":"https:\/\/marekkuchcinski.pl\/ro\/wydarzenia\/rok-1989-w-europie-srodkowo-wschodniej-w-perspektywie-30-letniej-spotkanie-z-udzialem-marszalka-sejmu-marka-kuchcinskiego\/"},"author":{"name":"admin","@id":"https:\/\/marekkuchcinski.pl\/#\/schema\/person\/6f62700996b4d950b6ea2d1183b6c6be"},"headline":"Rok 1989 w Europie \u015arodkowo-Wschodniej w perspektywie 30-letniej \u2013 spotkanie z udzia\u0142em marsza\u0142ka Sejmu Marka Kuchci\u0144skiego","datePublished":"2019-05-14T13:29:47+00:00","dateModified":"2019-05-16T18:11:46+00:00","mainEntityOfPage":{"@id":"https:\/\/marekkuchcinski.pl\/ro\/wydarzenia\/rok-1989-w-europie-srodkowo-wschodniej-w-perspektywie-30-letniej-spotkanie-z-udzialem-marszalka-sejmu-marka-kuchcinskiego\/"},"wordCount":868,"commentCount":0,"publisher":{"@id":"https:\/\/marekkuchcinski.pl\/#organization"},"image":{"@id":"https:\/\/marekkuchcinski.pl\/ro\/wydarzenia\/rok-1989-w-europie-srodkowo-wschodniej-w-perspektywie-30-letniej-spotkanie-z-udzialem-marszalka-sejmu-marka-kuchcinskiego\/#primaryimage"},"thumbnailUrl":"https:\/\/marekkuchcinski.pl\/wp-content\/uploads\/2019\/05\/PSX_20190513_171338.jpg","articleSection":["Podkarpacie","Prawo i Sprawiedliwo\u015b\u0107","Wydarzenia"],"inLanguage":"en-GB","potentialAction":[{"@type":"CommentAction","name":"Comment","target":["https:\/\/marekkuchcinski.pl\/ro\/wydarzenia\/rok-1989-w-europie-srodkowo-wschodniej-w-perspektywie-30-letniej-spotkanie-z-udzialem-marszalka-sejmu-marka-kuchcinskiego\/#respond"]}]},{"@type":"WebPage","@id":"https:\/\/marekkuchcinski.pl\/ro\/wydarzenia\/rok-1989-w-europie-srodkowo-wschodniej-w-perspektywie-30-letniej-spotkanie-z-udzialem-marszalka-sejmu-marka-kuchcinskiego\/","url":"https:\/\/marekkuchcinski.pl\/ro\/wydarzenia\/rok-1989-w-europie-srodkowo-wschodniej-w-perspektywie-30-letniej-spotkanie-z-udzialem-marszalka-sejmu-marka-kuchcinskiego\/","name":"Rok 1989 w Europie \u015arodkowo-Wschodniej w perspektywie 30-letniej \u2013 spotkanie z udzia\u0142em marsza\u0142ka Sejmu Marka Kuchci\u0144skiego &#8211; Marek Kuchci\u0144ski","isPartOf":{"@id":"https:\/\/marekkuchcinski.pl\/#website"},"primaryImageOfPage":{"@id":"https:\/\/marekkuchcinski.pl\/ro\/wydarzenia\/rok-1989-w-europie-srodkowo-wschodniej-w-perspektywie-30-letniej-spotkanie-z-udzialem-marszalka-sejmu-marka-kuchcinskiego\/#primaryimage"},"image":{"@id":"https:\/\/marekkuchcinski.pl\/ro\/wydarzenia\/rok-1989-w-europie-srodkowo-wschodniej-w-perspektywie-30-letniej-spotkanie-z-udzialem-marszalka-sejmu-marka-kuchcinskiego\/#primaryimage"},"thumbnailUrl":"https:\/\/marekkuchcinski.pl\/wp-content\/uploads\/2019\/05\/PSX_20190513_171338.jpg","datePublished":"2019-05-14T13:29:47+00:00","dateModified":"2019-05-16T18:11:46+00:00","breadcrumb":{"@id":"https:\/\/marekkuchcinski.pl\/ro\/wydarzenia\/rok-1989-w-europie-srodkowo-wschodniej-w-perspektywie-30-letniej-spotkanie-z-udzialem-marszalka-sejmu-marka-kuchcinskiego\/#breadcrumb"},"inLanguage":"en-GB","potentialAction":[{"@type":"ReadAction","target":["https:\/\/marekkuchcinski.pl\/ro\/wydarzenia\/rok-1989-w-europie-srodkowo-wschodniej-w-perspektywie-30-letniej-spotkanie-z-udzialem-marszalka-sejmu-marka-kuchcinskiego\/"]}]},{"@type":"ImageObject","inLanguage":"en-GB","@id":"https:\/\/marekkuchcinski.pl\/ro\/wydarzenia\/rok-1989-w-europie-srodkowo-wschodniej-w-perspektywie-30-letniej-spotkanie-z-udzialem-marszalka-sejmu-marka-kuchcinskiego\/#primaryimage","url":"https:\/\/marekkuchcinski.pl\/wp-content\/uploads\/2019\/05\/PSX_20190513_171338.jpg","contentUrl":"https:\/\/marekkuchcinski.pl\/wp-content\/uploads\/2019\/05\/PSX_20190513_171338.jpg","width":664,"height":463},{"@type":"BreadcrumbList","@id":"https:\/\/marekkuchcinski.pl\/ro\/wydarzenia\/rok-1989-w-europie-srodkowo-wschodniej-w-perspektywie-30-letniej-spotkanie-z-udzialem-marszalka-sejmu-marka-kuchcinskiego\/#breadcrumb","itemListElement":[{"@type":"ListItem","position":1,"name":"Strona g\u0142\u00f3wna","item":"https:\/\/marekkuchcinski.pl\/"},{"@type":"ListItem","position":2,"name":"Rok 1989 w Europie \u015arodkowo-Wschodniej w perspektywie 30-letniej \u2013 spotkanie z udzia\u0142em marsza\u0142ka Sejmu Marka Kuchci\u0144skiego"}]},{"@type":"WebSite","@id":"https:\/\/marekkuchcinski.pl\/#website","url":"https:\/\/marekkuchcinski.pl\/","name":"Marek Kuchci\u0144ski","description":"Pose\u0142 na sejm RP &ndash; okr\u0119g nr 22","publisher":{"@id":"https:\/\/marekkuchcinski.pl\/#organization"},"potentialAction":[{"@type":"SearchAction","target":{"@type":"EntryPoint","urlTemplate":"https:\/\/marekkuchcinski.pl\/?s={search_term_string}"},"query-input":{"@type":"PropertyValueSpecification","valueRequired":true,"valueName":"search_term_string"}}],"inLanguage":"en-GB"},{"@type":"Organization","@id":"https:\/\/marekkuchcinski.pl\/#organization","name":"Marek Kuchci\u0144ski","url":"https:\/\/marekkuchcinski.pl\/","logo":{"@type":"ImageObject","inLanguage":"en-GB","@id":"https:\/\/marekkuchcinski.pl\/#\/schema\/logo\/image\/","url":"https:\/\/marekkuchcinski.pl\/wp-content\/uploads\/2022\/09\/Marek.jpg","contentUrl":"https:\/\/marekkuchcinski.pl\/wp-content\/uploads\/2022\/09\/Marek.jpg","width":1600,"height":971,"caption":"Marek Kuchci\u0144ski"},"image":{"@id":"https:\/\/marekkuchcinski.pl\/#\/schema\/logo\/image\/"}},{"@type":"Person","@id":"https:\/\/marekkuchcinski.pl\/#\/schema\/person\/6f62700996b4d950b6ea2d1183b6c6be","name":"admin","image":{"@type":"ImageObject","inLanguage":"en-GB","@id":"https:\/\/marekkuchcinski.pl\/#\/schema\/person\/image\/","url":"https:\/\/secure.gravatar.com\/avatar\/4bab693b9d55c3d6b52c0296a8765085?s=96&d=mm&r=g","contentUrl":"https:\/\/secure.gravatar.com\/avatar\/4bab693b9d55c3d6b52c0296a8765085?s=96&d=mm&r=g","caption":"admin"},"url":"https:\/\/marekkuchcinski.pl\/en\/author\/marta-olejnik\/"}]}},"_links":{"self":[{"href":"https:\/\/marekkuchcinski.pl\/en\/wp-json\/wp\/v2\/posts\/15394","targetHints":{"allow":["GET"]}}],"collection":[{"href":"https:\/\/marekkuchcinski.pl\/en\/wp-json\/wp\/v2\/posts"}],"about":[{"href":"https:\/\/marekkuchcinski.pl\/en\/wp-json\/wp\/v2\/types\/post"}],"author":[{"embeddable":true,"href":"https:\/\/marekkuchcinski.pl\/en\/wp-json\/wp\/v2\/users\/6"}],"replies":[{"embeddable":true,"href":"https:\/\/marekkuchcinski.pl\/en\/wp-json\/wp\/v2\/comments?post=15394"}],"version-history":[{"count":40,"href":"https:\/\/marekkuchcinski.pl\/en\/wp-json\/wp\/v2\/posts\/15394\/revisions"}],"predecessor-version":[{"id":15539,"href":"https:\/\/marekkuchcinski.pl\/en\/wp-json\/wp\/v2\/posts\/15394\/revisions\/15539"}],"wp:featuredmedia":[{"embeddable":true,"href":"https:\/\/marekkuchcinski.pl\/en\/wp-json\/wp\/v2\/media\/15480"}],"wp:attachment":[{"href":"https:\/\/marekkuchcinski.pl\/en\/wp-json\/wp\/v2\/media?parent=15394"}],"wp:term":[{"taxonomy":"category","embeddable":true,"href":"https:\/\/marekkuchcinski.pl\/en\/wp-json\/wp\/v2\/categories?post=15394"},{"taxonomy":"post_tag","embeddable":true,"href":"https:\/\/marekkuchcinski.pl\/en\/wp-json\/wp\/v2\/tags?post=15394"}],"curies":[{"name":"wp","href":"https:\/\/api.w.org\/{rel}","templated":true}]}}