{"id":15306,"date":"2019-05-12T08:40:24","date_gmt":"2019-05-12T06:40:24","guid":{"rendered":"https:\/\/marekkuchcinski.pl\/?p=15306"},"modified":"2019-05-12T08:44:58","modified_gmt":"2019-05-12T06:44:58","slug":"15306","status":"publish","type":"post","link":"https:\/\/marekkuchcinski.pl\/en\/wydarzenia\/15306\/","title":{"rendered":"Inauguration of the 58th Music Festival in \u0141a\u0144cut"},"content":{"rendered":"<p class=\"wp-block-paragraph\">During the inauguration of the 58th \u0141a\u0144cut Music Festival, the Speaker of the Sejm, Marek Kuchci\u0144ski, said that musical traditions had been connected with the castle - a symbol of our historical heritage and also a treasure of Polish architecture - almost since its creation.  - I am glad that in this unique atmosphere, which allows listeners to be transported into a unique world of artistic beauty, the attention of music lovers is directed towards events during which outstanding personalities present masterpieces of world music literature.  The high level and wonderful setting make each of the concerts an individual feast,\" he stressed. <\/p>\n\n\n\n<p class=\"wp-block-paragraph\">Marek Kuchci\u0144ski pointed out that the festival, by playing a huge role in dissemination of musical culture, co-creates Polish and European heritage. It also becomes a beautiful showcase of Podkarpacie.<\/p>\n\n\n\n<p class=\"wp-block-paragraph\">The festival at \u0141a\u0144cut Castle, one of the most beautiful magnate residences in Europe, has been organized for 60 years. The musical traditions of this place date back to the 18th century. In 1961 it was revived thanks to the State Philharmonic in Rzesz\u00f3w. The festival attracts outstanding singers, instrumentalists, and stars of the stage, as well as concerts by renowned orchestras and chamber ensembles, scientific sessions and music workshops, and its reputation is enhanced by the presence of such distinguished names as Piotr Becza\u0142a, Rafa\u0142 Blechacz, and Jos\u00e9 Carreras.<\/p>\n\n\n\n<p class=\"wp-block-paragraph\">The festival opened with a performance by the group <strong>THE KING`S SINGERS. <\/strong><\/p>\n\n\n\n<p class=\"wp-block-paragraph\"><em>Photo by Marta Olejnik<\/em><\/p>\n\n\n\n<ul class=\"wp-block-gallery columns-1 is-cropped wp-block-gallery-1 is-layout-flex wp-block-gallery-is-layout-flex\"><li class=\"blocks-gallery-item\"><figure><img fetchpriority=\"high\" decoding=\"async\" width=\"1024\" height=\"683\" src=\"https:\/\/marekkuchcinski.pl\/wp-content\/uploads\/2019\/05\/IMG_0462-1024x683.jpg\" alt=\"\" data-id=\"15307\" data-link=\"https:\/\/marekkuchcinski.pl\/?attachment_id=15307\" class=\"wp-image-15307\" srcset=\"https:\/\/marekkuchcinski.pl\/wp-content\/uploads\/2019\/05\/IMG_0462-1024x683.jpg 1024w, https:\/\/marekkuchcinski.pl\/wp-content\/uploads\/2019\/05\/IMG_0462-300x200.jpg 300w, https:\/\/marekkuchcinski.pl\/wp-content\/uploads\/2019\/05\/IMG_0462-768x512.jpg 768w, https:\/\/marekkuchcinski.pl\/wp-content\/uploads\/2019\/05\/IMG_0462.jpg 2048w\" sizes=\"(max-width: 1024px) 100vw, 1024px\" \/><\/figure><\/li><li class=\"blocks-gallery-item\"><figure><img decoding=\"async\" width=\"1024\" height=\"683\" src=\"https:\/\/marekkuchcinski.pl\/wp-content\/uploads\/2019\/05\/IMG_0571-1024x683.jpg\" alt=\"\" data-id=\"15308\" data-link=\"https:\/\/marekkuchcinski.pl\/?attachment_id=15308\" class=\"wp-image-15308\" srcset=\"https:\/\/marekkuchcinski.pl\/wp-content\/uploads\/2019\/05\/IMG_0571-1024x683.jpg 1024w, https:\/\/marekkuchcinski.pl\/wp-content\/uploads\/2019\/05\/IMG_0571-300x200.jpg 300w, https:\/\/marekkuchcinski.pl\/wp-content\/uploads\/2019\/05\/IMG_0571-768x512.jpg 768w, https:\/\/marekkuchcinski.pl\/wp-content\/uploads\/2019\/05\/IMG_0571.jpg 2048w\" sizes=\"(max-width: 1024px) 100vw, 1024px\" \/><\/figure><\/li><li class=\"blocks-gallery-item\"><figure><img decoding=\"async\" width=\"1024\" height=\"683\" src=\"https:\/\/marekkuchcinski.pl\/wp-content\/uploads\/2019\/05\/IMG_0510-1024x683.jpg\" alt=\"\" data-id=\"15309\" data-link=\"https:\/\/marekkuchcinski.pl\/?attachment_id=15309\" class=\"wp-image-15309\" srcset=\"https:\/\/marekkuchcinski.pl\/wp-content\/uploads\/2019\/05\/IMG_0510-1024x683.jpg 1024w, https:\/\/marekkuchcinski.pl\/wp-content\/uploads\/2019\/05\/IMG_0510-300x200.jpg 300w, https:\/\/marekkuchcinski.pl\/wp-content\/uploads\/2019\/05\/IMG_0510-768x512.jpg 768w, https:\/\/marekkuchcinski.pl\/wp-content\/uploads\/2019\/05\/IMG_0510.jpg 2048w\" sizes=\"(max-width: 1024px) 100vw, 1024px\" \/><\/figure><\/li><li class=\"blocks-gallery-item\"><figure><img decoding=\"async\" src=\"blob:https:\/\/marekkuchcinski.pl\/22854e35-c3f6-47e0-8515-48423998fa4e\"\/><\/figure><\/li><li class=\"blocks-gallery-item\"><figure><img loading=\"lazy\" decoding=\"async\" width=\"1024\" height=\"686\" src=\"https:\/\/marekkuchcinski.pl\/wp-content\/uploads\/2019\/05\/IMG_0584-1024x686.jpg\" alt=\"\" data-id=\"15311\" data-link=\"https:\/\/marekkuchcinski.pl\/?attachment_id=15311\" class=\"wp-image-15311\" srcset=\"https:\/\/marekkuchcinski.pl\/wp-content\/uploads\/2019\/05\/IMG_0584-1024x686.jpg 1024w, https:\/\/marekkuchcinski.pl\/wp-content\/uploads\/2019\/05\/IMG_0584-300x201.jpg 300w, https:\/\/marekkuchcinski.pl\/wp-content\/uploads\/2019\/05\/IMG_0584-768x514.jpg 768w, https:\/\/marekkuchcinski.pl\/wp-content\/uploads\/2019\/05\/IMG_0584.jpg 2048w\" sizes=\"(max-width: 1024px) 100vw, 1024px\" \/><\/figure><\/li><li class=\"blocks-gallery-item\"><figure><img loading=\"lazy\" decoding=\"async\" width=\"1024\" height=\"683\" src=\"https:\/\/marekkuchcinski.pl\/wp-content\/uploads\/2019\/05\/IMG_0400-1-1024x683.jpg\" alt=\"\" data-id=\"15321\" data-link=\"https:\/\/marekkuchcinski.pl\/?attachment_id=15321\" class=\"wp-image-15321\" srcset=\"https:\/\/marekkuchcinski.pl\/wp-content\/uploads\/2019\/05\/IMG_0400-1-1024x683.jpg 1024w, https:\/\/marekkuchcinski.pl\/wp-content\/uploads\/2019\/05\/IMG_0400-1-300x200.jpg 300w, https:\/\/marekkuchcinski.pl\/wp-content\/uploads\/2019\/05\/IMG_0400-1-768x512.jpg 768w, https:\/\/marekkuchcinski.pl\/wp-content\/uploads\/2019\/05\/IMG_0400-1.jpg 2048w\" sizes=\"(max-width: 1024px) 100vw, 1024px\" \/><\/figure><\/li><\/ul>\n\n\n\n<figure class=\"wp-block-image\"><img loading=\"lazy\" decoding=\"async\" width=\"1024\" height=\"721\" src=\"https:\/\/marekkuchcinski.pl\/wp-content\/uploads\/2019\/05\/IMG_0493-1024x721.jpg\" alt=\"\" class=\"wp-image-15324\" srcset=\"https:\/\/marekkuchcinski.pl\/wp-content\/uploads\/2019\/05\/IMG_0493-1024x721.jpg 1024w, https:\/\/marekkuchcinski.pl\/wp-content\/uploads\/2019\/05\/IMG_0493-300x211.jpg 300w, https:\/\/marekkuchcinski.pl\/wp-content\/uploads\/2019\/05\/IMG_0493-768x541.jpg 768w, https:\/\/marekkuchcinski.pl\/wp-content\/uploads\/2019\/05\/IMG_0493.jpg 2048w\" sizes=\"(max-width: 1024px) 100vw, 1024px\" \/><\/figure>","protected":false},"excerpt":{"rendered":"<p>Podczas inauguracji 58. Festiwalu Muzycznego w \u0141a\u0144cucie marsza\u0142ek Sejmu Marek Kuchci\u0144ski m\u00f3wi\u0142, \u017ce z zamkiem \u2013 symbolem naszego dziedzictwa historycznego, a zarazem&nbsp; skarbem polskiej architektury \u2013 tradycje muzyczne \u0142\u0105czy\u0142y si\u0119 niemal od chwili powstania.&nbsp; \u2013 Ciesz\u0119 si\u0119, \u017ce w tej niepowtarzalnej atmosferze, pozwalaj\u0105cej s\u0142uchaczom przenie\u015b\u0107 si\u0119 w wyj\u0105tkowy \u015bwiat artystycznego pi\u0119kna, uwaga meloman\u00f3w kieruje si\u0119 [&hellip;]<\/p>\n","protected":false},"author":6,"featured_media":15309,"comment_status":"open","ping_status":"open","sticky":false,"template":"","format":"standard","meta":{"ngg_post_thumbnail":0,"footnotes":""},"categories":[49,3],"tags":[],"class_list":["post-15306","post","type-post","status-publish","format-standard","has-post-thumbnail","hentry","category-podkarpacie","category-wydarzenia"],"_links":{"self":[{"href":"https:\/\/marekkuchcinski.pl\/en\/wp-json\/wp\/v2\/posts\/15306","targetHints":{"allow":["GET"]}}],"collection":[{"href":"https:\/\/marekkuchcinski.pl\/en\/wp-json\/wp\/v2\/posts"}],"about":[{"href":"https:\/\/marekkuchcinski.pl\/en\/wp-json\/wp\/v2\/types\/post"}],"author":[{"embeddable":true,"href":"https:\/\/marekkuchcinski.pl\/en\/wp-json\/wp\/v2\/users\/6"}],"replies":[{"embeddable":true,"href":"https:\/\/marekkuchcinski.pl\/en\/wp-json\/wp\/v2\/comments?post=15306"}],"version-history":[{"count":9,"href":"https:\/\/marekkuchcinski.pl\/en\/wp-json\/wp\/v2\/posts\/15306\/revisions"}],"predecessor-version":[{"id":15326,"href":"https:\/\/marekkuchcinski.pl\/en\/wp-json\/wp\/v2\/posts\/15306\/revisions\/15326"}],"wp:featuredmedia":[{"embeddable":true,"href":"https:\/\/marekkuchcinski.pl\/en\/wp-json\/wp\/v2\/media\/15309"}],"wp:attachment":[{"href":"https:\/\/marekkuchcinski.pl\/en\/wp-json\/wp\/v2\/media?parent=15306"}],"wp:term":[{"taxonomy":"category","embeddable":true,"href":"https:\/\/marekkuchcinski.pl\/en\/wp-json\/wp\/v2\/categories?post=15306"},{"taxonomy":"post_tag","embeddable":true,"href":"https:\/\/marekkuchcinski.pl\/en\/wp-json\/wp\/v2\/tags?post=15306"}],"curies":[{"name":"wp","href":"https:\/\/api.w.org\/{rel}","templated":true}]}}