{"id":15282,"date":"2019-05-12T00:18:55","date_gmt":"2019-05-11T22:18:55","guid":{"rendered":"https:\/\/marekkuchcinski.pl\/?p=15282"},"modified":"2019-05-13T14:25:44","modified_gmt":"2019-05-13T12:25:44","slug":"powiatowa-konwencja-prawa-i-sprawiedliwosci-w-przemyslu","status":"publish","type":"post","link":"https:\/\/marekkuchcinski.pl\/en\/wydarzenia\/powiatowa-konwencja-prawa-i-sprawiedliwosci-w-przemyslu\/","title":{"rendered":"County Convention of Law and Justice in Przemysl"},"content":{"rendered":"<ul class=\"wp-block-gallery columns-0 is-cropped wp-block-gallery-1 is-layout-flex wp-block-gallery-is-layout-flex\"><li class=\"blocks-gallery-item\"><figure><img fetchpriority=\"high\" decoding=\"async\" width=\"1024\" height=\"702\" src=\"https:\/\/marekkuchcinski.pl\/wp-content\/uploads\/2019\/05\/IMG_0357-1-1024x702.jpg\" alt=\"\" data-id=\"15460\" data-link=\"https:\/\/marekkuchcinski.pl\/wydarzenia\/powiatowa-konwencja-prawa-i-sprawiedliwosci-w-przemyslu\/attachment\/img_0357-2\/\" class=\"wp-image-15460\" srcset=\"https:\/\/marekkuchcinski.pl\/wp-content\/uploads\/2019\/05\/IMG_0357-1-1024x702.jpg 1024w, https:\/\/marekkuchcinski.pl\/wp-content\/uploads\/2019\/05\/IMG_0357-1-300x206.jpg 300w, https:\/\/marekkuchcinski.pl\/wp-content\/uploads\/2019\/05\/IMG_0357-1-768x526.jpg 768w, https:\/\/marekkuchcinski.pl\/wp-content\/uploads\/2019\/05\/IMG_0357-1.jpg 2048w\" sizes=\"(max-width: 1024px) 100vw, 1024px\" \/><\/figure><\/li><\/ul>\n\n\n\n<figure class=\"wp-block-image\"><img decoding=\"async\" width=\"1024\" height=\"683\" src=\"https:\/\/marekkuchcinski.pl\/wp-content\/uploads\/2019\/05\/IMG_0219-3-1024x683.jpg\" alt=\"\" class=\"wp-image-15457\" srcset=\"https:\/\/marekkuchcinski.pl\/wp-content\/uploads\/2019\/05\/IMG_0219-3-1024x683.jpg 1024w, https:\/\/marekkuchcinski.pl\/wp-content\/uploads\/2019\/05\/IMG_0219-3-300x200.jpg 300w, https:\/\/marekkuchcinski.pl\/wp-content\/uploads\/2019\/05\/IMG_0219-3-768x512.jpg 768w, https:\/\/marekkuchcinski.pl\/wp-content\/uploads\/2019\/05\/IMG_0219-3.jpg 2048w\" sizes=\"(max-width: 1024px) 100vw, 1024px\" \/><\/figure>\n\n\n\n<p><strong>On May 11, 2019, the following took place in Przemy\u015bl\nCounty Convention of Law and Justice was held in Przemy\u015bl. The president of the Subcarpathian Law and Justice -.\nMarek Kuchci\u0144ski emphasized the great contribution of Law and Justice in the good\nchanges in Poland.<\/strong><\/p>\n\n\n\n<p>He recalled, among others, the so-called Kaczy\u0144ski's Five, which is supported by as many as 80 percent of Poles, and thanks to which more money will be left in wallets and the quality of life of Polish families will improve. <\/p>\n\n\n\n<p><strong>The new PiS program consists of:<\/strong><\/p>\n\n\n\n<ul class=\"wp-block-list\"><li>\"Thirteenth\npension\" in the amount of PLN 888 per hand for each of 10 million pensioners and\npensioners. The law has been passed, and the money is already being paid out.<\/li><li>\"500\nplus\" for each child, upon application, payment from July 1.<\/li><li>Reducing\nLabor costs. Raising deductible costs and lowering the PIT from\n18 to 17 percent for all employees will reduce the fiscal burden and allow\nincrease the real salaries that Poles receive. <\/li><li>No\nPIT for employees up to age 26. The relief will cover all employees\nunder the age of 26 who have a contract of employment or commission. The change will give stable\nemployment among young people and will make it easier for them to start their careers.<\/li><li>Restoration of\nLocal bus services - special fund for local governments for local transport\nlocal transport. Project in the Parliament.<\/li><\/ul>\n\n\n\n<p>-\nOur policy helps ensure the sustainable development of Poland and equalize the standard of living\nof life between its different parts. This is especially important for the Przemy\u015bl region.\nThis is especially important for the Przemy\u015bl region - Kuchci\u0144ski emphasized. - The New PiS Five and the previously announced\nprogrammes such as the \"Local Government Roads Fund\" or the thermal modernisation programme\n\"Warm Home\" means billions of PLN for Eastern Poland in the perspective of several years.\nEastern Poland. These actions, combined with extensive social programs\nThese actions, combined with extensive social programs and systematic increase of minimum salaries (increase by 500 PLN)\nensure better living conditions - emphasized the Speaker of the Sejm.<\/p>\n\n\n\n<p>Marek Kuchci\u0144ski pointed out that\nThe success that Law and Justice party achieved in the local elections to the Sejmik\nThe success that PiS has achieved in local, regional and county council elections is a result of hard work. In the elections to the European Parliament\nThis success should be repeated in the elections to the European Parliament, which will be held on May 26th. We must\ntake care for the highest possible turnout. Poland needs a strong representation in Brussels\nPoland needs a strong representation in Brussels, which will represent us with dignity.<\/p>\n\n\n\n<p>- The basis of our activities\nwas and is credibility. We keep our word. Some of the announced demands\nhave already been implemented and others will be adopted in the coming weeks.\nin the coming weeks. Earlier promises were not kept: the retirement age was raised,\nThe promises were not kept before: the retirement age was raised, VAT was increased, funds from open pension funds were taken away - Kuchci\u0144ski said.<\/p>\n\n\n\n<p>The Speaker of the\nThe Speaker of the Sejm recalled the socially important and developmental programs introduced by the Law and Justice\ndevelopmental programs that have already been implemented:<\/p>\n\n\n\n<ul class=\"wp-block-list\"><li>School starter kit - Good Start<\/li><\/ul>\n\n\n\n<p>300 PLN support program for students under the age of 18. Every year, in\nAugust, parents receive 300 PLN for a school starter kit\npupil <em>w <\/em>2017- 4.6 million students<\/p>\n\n\n\n<ul class=\"wp-block-list\"><li>We lower CIT - we lower taxes<\/li><\/ul>\n\n\n\n<p>In 2016. PiS lowered the CIT for small and medium-sized companies from 19 to 15 percent.\nAs of January 1, 2019, another CIT cut is in effect - from 15 percent to 9 percent! To one\none of the lowest levels in Europe! The rate of 9 percent is still in force in Hungary\nand in Montenegro. The introduced Change covers about 400 thousand companies.<\/p>\n\n\n\n<ul class=\"wp-block-list\"><li>Accessibility plus over 8 years - PLN 23 billion<\/li><\/ul>\n\n\n\n<p>A program for seniors and anyone who needs help with\ndaily living. It is intended to provide real accessibility to places that today\nmany Poles cannot normally get to. Buses, train stations, apartment buildings\nmust be accessible to all. In Poland there are 4.3 million people\nwith disabilities.<\/p>\n\n\n\n<p>Additionally, a minimum pension provision was introduced for women\nwho have given birth to and raised at least four children. They will receive the minimum\npension regardless of how much they have worked. Families with 4 or more children in 2011. 184,7\nthousand, in rural areas and 88.6 thousand in urban areas.<\/p>\n\n\n\n<ul class=\"wp-block-list\"><li>Small company - Small Social Insurance Institution<\/li><\/ul>\n\n\n\n<p>Lower Social Security for companies with a monthly turnover of up to 2.5\nminimum wages in Poland. Now a small company pays 1230 PLN. After the change -\n660 PLN.<\/p>\n\n\n\n<ul class=\"wp-block-list\"><li>Local roads<\/li><\/ul>\n\n\n\n<p>A fund for the construction of local roads worth at least PLN 6 billion has been set up\nfor the repair and construction of local roads. In 2016, according to the Central Statistical Office, only about 60 percent of urban public roads\nhave a hardened surface.<\/p>\n\n\n\n<p>In 2016 in Poland - 420 236 km\nof public roads, of which freeways and expressways accounted for 3171 km.<\/p>\n\n\n\n<p><strong>&nbsp;&nbsp; The tasks completed by PiS:<\/strong><\/p>\n\n\n\n<p>Programs: Family 500+,\n15% CIT for entrepreneurs, free medicines from the age of 75, lowering of retirement age\nretirement age, raising the minimum hourly rate to over PLN 13,\nincrease in minimum pensions, withdrawal of compulsory sending of\nThe Constitution for Business, ban on buying Polish land,\nThe Good School reform - these are just some of the projects announced, which\nhave been realized during these more than two years;<\/p>\n\n\n\n<p>&nbsp;&nbsp;&nbsp;&nbsp;&nbsp; <strong>List\ncompleted election pledges:<\/strong><\/p>\n\n\n\n<p><strong>Reforms\nstates<\/strong><\/p>\n\n\n\n<ul class=\"wp-block-list\"><li>reform\neducation reform - Good school - 8-year elementary school, 4-year high school, 5-year\ntechnical schools, trade schools.<\/li><li>reform of\ntax administration and establishment of the National Tax Administration, <\/li><li>&nbsp;judicial reform.<\/li><\/ul>\n\n\n\n<p><strong>Reforms\nsocial reforms<\/strong><\/p>\n\n\n\n<ul class=\"wp-block-list\"><li>program\nFamily 500 plus (2.5 million families, 3.7 million children),<\/li><li>Reducing\nretirement age to 60 and 65 (350,000 in 2017),<\/li><li>free\nmedications for seniors,<\/li><li>increase of the minimum wage\nthe minimum wage to PLN 2250 and the hourly rate to PLN 14.7,<\/li><li>increase\nthe lowest pensions to PLN 1063,<\/li><li>restriction\ntrading on Sunday,<\/li><li>Increase\nhealth spending to 6% of GDP in the coming years,<\/li><\/ul>\n\n\n\n<p><strong>Reform\neducation<\/strong><\/p>\n\n\n\n<ul class=\"wp-block-list\"><li>Good school\n- 8-year elementary school, 4-year high school, 5-year technical school, trade schools,<\/li><li>abolition of\ncompulsory schooling for 6-year-olds,<\/li><li>ban\ntaking children away from their parents because of poverty.<\/li><\/ul>\n\n\n\n<p><strong>Economy<\/strong><\/p>\n\n\n\n<ul class=\"wp-block-list\"><li>fight against\nVAT fraud - only in 2017, an increase in revenue of PLN 30 billion<\/li><li>reduction of\nCIT from 19 to 9% for small companies and those starting<\/li><li>reform of tax administration and establishment of\nKAS - National Fiscal Administration<\/li><li>increase of the tax-free amount\nup to PLN 8 thousand <\/li><li>Sunday trade restriction,<\/li><li>Business Constitution\n- Among others, change in the relation between the entrepreneur and the office, possibility\nThe amendment includes a change in the relation between the entrepreneur and the office, possibility of non-registered small business activity, a 6-month allowance\n6-month relief from social security contributions for new entrepreneurs. <\/li><\/ul>\n\n\n\n<p><strong>Security<\/strong><\/p>\n\n\n\n<ul class=\"wp-block-list\"><li>Establishment of the Forces of Territorial Defense\n     Territorial Defense Troops, <\/li><li>Modernisation of uniformed services\n     (including the police and army) - allocated PLN 9.2 billion, of which over PLN 4 billion for\n     pay rises,<\/li><li>Enhancing energy security\n     (e.g. start-up of gas transport to the gas port in \u015awinouj\u015bcie, construction of Baltic Pipe).\n     Pipe).<\/li><\/ul>\n\n\n\n<p><strong>Agriculture<\/strong><\/p>\n\n\n\n<ul class=\"wp-block-list\"><li>Increase in spending on agriculture and\n     Rural development - 49 billion in 2018, <\/li><li>Insurance for farmers,<\/li><li>Protection of Polish land against\n     buyout,<\/li><li>Opening 30 new foreign markets\n     for Polish products.<\/li><\/ul>\n\n\n\n<p>The following also spoke during the convention\nMP Krystyna Wr\u00f3blewska, Deputy Marshal of Podkarpackie Voivodeship Piotr Pilch\n(a candidate for the European Parliament) and Lucyna Podhalicz, Deputy Governor of Podkarpacie.<\/p>","protected":false},"excerpt":{"rendered":"<p>11 maja 2019 r. w Przemy\u015blu odby\u0142a si\u0119 Powiatowa Konwencja Prawa i Sprawiedliwo\u015bci. Prezes podkarpackiego PiS &#8211; Marek Kuchci\u0144ski podkre\u015bli\u0142 wielki wk\u0142ad Prawa i Sprawiedliwo\u015bci w dobrych zmianach w Polsce. Przypomnia\u0142 m.in. o tzw. Pi\u0105tce Kaczy\u0144skiego, kt\u00f3r\u0105 popiera a\u017c 80 proc. Polak\u00f3w, i dzi\u0119ki kt\u00f3rej w portfelach zostanie wi\u0119cej pieni\u0119dzy, a jako\u015b\u0107 \u017cycia polskich rodzin [&hellip;]<\/p>","protected":false},"author":6,"featured_media":15457,"comment_status":"open","ping_status":"open","sticky":false,"template":"","format":"standard","meta":{"ngg_post_thumbnail":0,"footnotes":""},"categories":[82,3],"tags":[134],"class_list":["post-15282","post","type-post","status-publish","format-standard","has-post-thumbnail","hentry","category-prawo-i-sprawiedliwosc","category-wydarzenia","tag-podkarpacie"],"yoast_head":"<!-- This site is optimized with the Yoast SEO plugin v24.7 - https:\/\/yoast.com\/wordpress\/plugins\/seo\/ -->\n<title>Powiatowa Konwencja Prawa i Sprawiedliwo\u015bci w Przemy\u015blu &#8211; Marek Kuchci\u0144ski<\/title>\n<meta name=\"robots\" content=\"index, follow, max-snippet:-1, max-image-preview:large, max-video-preview:-1\" \/>\n<link rel=\"canonical\" href=\"https:\/\/marekkuchcinski.pl\/en\/wydarzenia\/powiatowa-konwencja-prawa-i-sprawiedliwosci-w-przemyslu\/\" \/>\n<meta property=\"og:locale\" content=\"en_GB\" \/>\n<meta property=\"og:type\" content=\"article\" \/>\n<meta property=\"og:title\" content=\"Powiatowa Konwencja Prawa i Sprawiedliwo\u015bci w Przemy\u015blu &#8211; Marek Kuchci\u0144ski\" \/>\n<meta property=\"og:description\" content=\"11 maja 2019 r. w Przemy\u015blu odby\u0142a si\u0119 Powiatowa Konwencja Prawa i Sprawiedliwo\u015bci. Prezes podkarpackiego PiS &#8211; Marek Kuchci\u0144ski podkre\u015bli\u0142 wielki wk\u0142ad Prawa i Sprawiedliwo\u015bci w dobrych zmianach w Polsce. Przypomnia\u0142 m.in. o tzw. Pi\u0105tce Kaczy\u0144skiego, kt\u00f3r\u0105 popiera a\u017c 80 proc. Polak\u00f3w, i dzi\u0119ki kt\u00f3rej w portfelach zostanie wi\u0119cej pieni\u0119dzy, a jako\u015b\u0107 \u017cycia polskich rodzin [&hellip;]\" \/>\n<meta property=\"og:url\" content=\"https:\/\/marekkuchcinski.pl\/en\/wydarzenia\/powiatowa-konwencja-prawa-i-sprawiedliwosci-w-przemyslu\/\" \/>\n<meta property=\"og:site_name\" content=\"Marek Kuchci\u0144ski\" \/>\n<meta property=\"article:published_time\" content=\"2019-05-11T22:18:55+00:00\" \/>\n<meta property=\"article:modified_time\" content=\"2019-05-13T12:25:44+00:00\" \/>\n<meta property=\"og:image\" content=\"https:\/\/marekkuchcinski.pl\/wp-content\/uploads\/2019\/05\/IMG_0219-3.jpg\" \/>\n\t<meta property=\"og:image:width\" content=\"2048\" \/>\n\t<meta property=\"og:image:height\" content=\"1365\" \/>\n\t<meta property=\"og:image:type\" content=\"image\/jpeg\" \/>\n<meta name=\"author\" content=\"admin\" \/>\n<meta name=\"twitter:card\" content=\"summary_large_image\" \/>\n<meta name=\"twitter:label1\" content=\"Written by\" \/>\n\t<meta name=\"twitter:data1\" content=\"admin\" \/>\n\t<meta name=\"twitter:label2\" content=\"Estimated reading time\" \/>\n\t<meta name=\"twitter:data2\" content=\"6 minutes\" \/>\n<script type=\"application\/ld+json\" class=\"yoast-schema-graph\">{\"@context\":\"https:\/\/schema.org\",\"@graph\":[{\"@type\":\"Article\",\"@id\":\"https:\/\/marekkuchcinski.pl\/en\/wydarzenia\/powiatowa-konwencja-prawa-i-sprawiedliwosci-w-przemyslu\/#article\",\"isPartOf\":{\"@id\":\"https:\/\/marekkuchcinski.pl\/en\/wydarzenia\/powiatowa-konwencja-prawa-i-sprawiedliwosci-w-przemyslu\/\"},\"author\":{\"name\":\"admin\",\"@id\":\"https:\/\/marekkuchcinski.pl\/#\/schema\/person\/6f62700996b4d950b6ea2d1183b6c6be\"},\"headline\":\"Powiatowa Konwencja Prawa i Sprawiedliwo\u015bci w Przemy\u015blu\",\"datePublished\":\"2019-05-11T22:18:55+00:00\",\"dateModified\":\"2019-05-13T12:25:44+00:00\",\"mainEntityOfPage\":{\"@id\":\"https:\/\/marekkuchcinski.pl\/en\/wydarzenia\/powiatowa-konwencja-prawa-i-sprawiedliwosci-w-przemyslu\/\"},\"wordCount\":1174,\"commentCount\":0,\"publisher\":{\"@id\":\"https:\/\/marekkuchcinski.pl\/#organization\"},\"image\":{\"@id\":\"https:\/\/marekkuchcinski.pl\/en\/wydarzenia\/powiatowa-konwencja-prawa-i-sprawiedliwosci-w-przemyslu\/#primaryimage\"},\"thumbnailUrl\":\"https:\/\/marekkuchcinski.pl\/wp-content\/uploads\/2019\/05\/IMG_0219-3.jpg\",\"keywords\":[\"Podkarpacie\"],\"articleSection\":[\"Prawo i Sprawiedliwo\u015b\u0107\",\"Wydarzenia\"],\"inLanguage\":\"en-GB\",\"potentialAction\":[{\"@type\":\"CommentAction\",\"name\":\"Comment\",\"target\":[\"https:\/\/marekkuchcinski.pl\/en\/wydarzenia\/powiatowa-konwencja-prawa-i-sprawiedliwosci-w-przemyslu\/#respond\"]}]},{\"@type\":\"WebPage\",\"@id\":\"https:\/\/marekkuchcinski.pl\/en\/wydarzenia\/powiatowa-konwencja-prawa-i-sprawiedliwosci-w-przemyslu\/\",\"url\":\"https:\/\/marekkuchcinski.pl\/en\/wydarzenia\/powiatowa-konwencja-prawa-i-sprawiedliwosci-w-przemyslu\/\",\"name\":\"Powiatowa Konwencja Prawa i Sprawiedliwo\u015bci w Przemy\u015blu &#8211; Marek Kuchci\u0144ski\",\"isPartOf\":{\"@id\":\"https:\/\/marekkuchcinski.pl\/#website\"},\"primaryImageOfPage\":{\"@id\":\"https:\/\/marekkuchcinski.pl\/en\/wydarzenia\/powiatowa-konwencja-prawa-i-sprawiedliwosci-w-przemyslu\/#primaryimage\"},\"image\":{\"@id\":\"https:\/\/marekkuchcinski.pl\/en\/wydarzenia\/powiatowa-konwencja-prawa-i-sprawiedliwosci-w-przemyslu\/#primaryimage\"},\"thumbnailUrl\":\"https:\/\/marekkuchcinski.pl\/wp-content\/uploads\/2019\/05\/IMG_0219-3.jpg\",\"datePublished\":\"2019-05-11T22:18:55+00:00\",\"dateModified\":\"2019-05-13T12:25:44+00:00\",\"breadcrumb\":{\"@id\":\"https:\/\/marekkuchcinski.pl\/en\/wydarzenia\/powiatowa-konwencja-prawa-i-sprawiedliwosci-w-przemyslu\/#breadcrumb\"},\"inLanguage\":\"en-GB\",\"potentialAction\":[{\"@type\":\"ReadAction\",\"target\":[\"https:\/\/marekkuchcinski.pl\/en\/wydarzenia\/powiatowa-konwencja-prawa-i-sprawiedliwosci-w-przemyslu\/\"]}]},{\"@type\":\"ImageObject\",\"inLanguage\":\"en-GB\",\"@id\":\"https:\/\/marekkuchcinski.pl\/en\/wydarzenia\/powiatowa-konwencja-prawa-i-sprawiedliwosci-w-przemyslu\/#primaryimage\",\"url\":\"https:\/\/marekkuchcinski.pl\/wp-content\/uploads\/2019\/05\/IMG_0219-3.jpg\",\"contentUrl\":\"https:\/\/marekkuchcinski.pl\/wp-content\/uploads\/2019\/05\/IMG_0219-3.jpg\",\"width\":2048,\"height\":1365},{\"@type\":\"BreadcrumbList\",\"@id\":\"https:\/\/marekkuchcinski.pl\/en\/wydarzenia\/powiatowa-konwencja-prawa-i-sprawiedliwosci-w-przemyslu\/#breadcrumb\",\"itemListElement\":[{\"@type\":\"ListItem\",\"position\":1,\"name\":\"Strona g\u0142\u00f3wna\",\"item\":\"https:\/\/marekkuchcinski.pl\/\"},{\"@type\":\"ListItem\",\"position\":2,\"name\":\"Powiatowa Konwencja Prawa i Sprawiedliwo\u015bci w Przemy\u015blu\"}]},{\"@type\":\"WebSite\",\"@id\":\"https:\/\/marekkuchcinski.pl\/#website\",\"url\":\"https:\/\/marekkuchcinski.pl\/\",\"name\":\"Marek Kuchci\u0144ski\",\"description\":\"Pose\u0142 na sejm RP &ndash; okr\u0119g nr 22\",\"publisher\":{\"@id\":\"https:\/\/marekkuchcinski.pl\/#organization\"},\"potentialAction\":[{\"@type\":\"SearchAction\",\"target\":{\"@type\":\"EntryPoint\",\"urlTemplate\":\"https:\/\/marekkuchcinski.pl\/?s={search_term_string}\"},\"query-input\":{\"@type\":\"PropertyValueSpecification\",\"valueRequired\":true,\"valueName\":\"search_term_string\"}}],\"inLanguage\":\"en-GB\"},{\"@type\":\"Organization\",\"@id\":\"https:\/\/marekkuchcinski.pl\/#organization\",\"name\":\"Marek Kuchci\u0144ski\",\"url\":\"https:\/\/marekkuchcinski.pl\/\",\"logo\":{\"@type\":\"ImageObject\",\"inLanguage\":\"en-GB\",\"@id\":\"https:\/\/marekkuchcinski.pl\/#\/schema\/logo\/image\/\",\"url\":\"https:\/\/marekkuchcinski.pl\/wp-content\/uploads\/2022\/09\/Marek.jpg\",\"contentUrl\":\"https:\/\/marekkuchcinski.pl\/wp-content\/uploads\/2022\/09\/Marek.jpg\",\"width\":1600,\"height\":971,\"caption\":\"Marek Kuchci\u0144ski\"},\"image\":{\"@id\":\"https:\/\/marekkuchcinski.pl\/#\/schema\/logo\/image\/\"}},{\"@type\":\"Person\",\"@id\":\"https:\/\/marekkuchcinski.pl\/#\/schema\/person\/6f62700996b4d950b6ea2d1183b6c6be\",\"name\":\"admin\",\"image\":{\"@type\":\"ImageObject\",\"inLanguage\":\"en-GB\",\"@id\":\"https:\/\/marekkuchcinski.pl\/#\/schema\/person\/image\/\",\"url\":\"https:\/\/secure.gravatar.com\/avatar\/4bab693b9d55c3d6b52c0296a8765085?s=96&d=mm&r=g\",\"contentUrl\":\"https:\/\/secure.gravatar.com\/avatar\/4bab693b9d55c3d6b52c0296a8765085?s=96&d=mm&r=g\",\"caption\":\"admin\"},\"url\":\"https:\/\/marekkuchcinski.pl\/en\/author\/marta-olejnik\/\"}]}<\/script>\n<!-- \/ Yoast SEO plugin. -->","yoast_head_json":{"title":"Powiatowa Konwencja Prawa i Sprawiedliwo\u015bci w Przemy\u015blu &#8211; Marek Kuchci\u0144ski","robots":{"index":"index","follow":"follow","max-snippet":"max-snippet:-1","max-image-preview":"max-image-preview:large","max-video-preview":"max-video-preview:-1"},"canonical":"https:\/\/marekkuchcinski.pl\/en\/wydarzenia\/powiatowa-konwencja-prawa-i-sprawiedliwosci-w-przemyslu\/","og_locale":"en_GB","og_type":"article","og_title":"Powiatowa Konwencja Prawa i Sprawiedliwo\u015bci w Przemy\u015blu &#8211; Marek Kuchci\u0144ski","og_description":"11 maja 2019 r. w Przemy\u015blu odby\u0142a si\u0119 Powiatowa Konwencja Prawa i Sprawiedliwo\u015bci. Prezes podkarpackiego PiS &#8211; Marek Kuchci\u0144ski podkre\u015bli\u0142 wielki wk\u0142ad Prawa i Sprawiedliwo\u015bci w dobrych zmianach w Polsce. Przypomnia\u0142 m.in. o tzw. Pi\u0105tce Kaczy\u0144skiego, kt\u00f3r\u0105 popiera a\u017c 80 proc. Polak\u00f3w, i dzi\u0119ki kt\u00f3rej w portfelach zostanie wi\u0119cej pieni\u0119dzy, a jako\u015b\u0107 \u017cycia polskich rodzin [&hellip;]","og_url":"https:\/\/marekkuchcinski.pl\/en\/wydarzenia\/powiatowa-konwencja-prawa-i-sprawiedliwosci-w-przemyslu\/","og_site_name":"Marek Kuchci\u0144ski","article_published_time":"2019-05-11T22:18:55+00:00","article_modified_time":"2019-05-13T12:25:44+00:00","og_image":[{"width":2048,"height":1365,"url":"https:\/\/marekkuchcinski.pl\/wp-content\/uploads\/2019\/05\/IMG_0219-3.jpg","type":"image\/jpeg"}],"author":"admin","twitter_card":"summary_large_image","twitter_misc":{"Written by":"admin","Estimated reading time":"6 minutes"},"schema":{"@context":"https:\/\/schema.org","@graph":[{"@type":"Article","@id":"https:\/\/marekkuchcinski.pl\/en\/wydarzenia\/powiatowa-konwencja-prawa-i-sprawiedliwosci-w-przemyslu\/#article","isPartOf":{"@id":"https:\/\/marekkuchcinski.pl\/en\/wydarzenia\/powiatowa-konwencja-prawa-i-sprawiedliwosci-w-przemyslu\/"},"author":{"name":"admin","@id":"https:\/\/marekkuchcinski.pl\/#\/schema\/person\/6f62700996b4d950b6ea2d1183b6c6be"},"headline":"Powiatowa Konwencja Prawa i Sprawiedliwo\u015bci w Przemy\u015blu","datePublished":"2019-05-11T22:18:55+00:00","dateModified":"2019-05-13T12:25:44+00:00","mainEntityOfPage":{"@id":"https:\/\/marekkuchcinski.pl\/en\/wydarzenia\/powiatowa-konwencja-prawa-i-sprawiedliwosci-w-przemyslu\/"},"wordCount":1174,"commentCount":0,"publisher":{"@id":"https:\/\/marekkuchcinski.pl\/#organization"},"image":{"@id":"https:\/\/marekkuchcinski.pl\/en\/wydarzenia\/powiatowa-konwencja-prawa-i-sprawiedliwosci-w-przemyslu\/#primaryimage"},"thumbnailUrl":"https:\/\/marekkuchcinski.pl\/wp-content\/uploads\/2019\/05\/IMG_0219-3.jpg","keywords":["Podkarpacie"],"articleSection":["Prawo i Sprawiedliwo\u015b\u0107","Wydarzenia"],"inLanguage":"en-GB","potentialAction":[{"@type":"CommentAction","name":"Comment","target":["https:\/\/marekkuchcinski.pl\/en\/wydarzenia\/powiatowa-konwencja-prawa-i-sprawiedliwosci-w-przemyslu\/#respond"]}]},{"@type":"WebPage","@id":"https:\/\/marekkuchcinski.pl\/en\/wydarzenia\/powiatowa-konwencja-prawa-i-sprawiedliwosci-w-przemyslu\/","url":"https:\/\/marekkuchcinski.pl\/en\/wydarzenia\/powiatowa-konwencja-prawa-i-sprawiedliwosci-w-przemyslu\/","name":"Powiatowa Konwencja Prawa i Sprawiedliwo\u015bci w Przemy\u015blu &#8211; Marek Kuchci\u0144ski","isPartOf":{"@id":"https:\/\/marekkuchcinski.pl\/#website"},"primaryImageOfPage":{"@id":"https:\/\/marekkuchcinski.pl\/en\/wydarzenia\/powiatowa-konwencja-prawa-i-sprawiedliwosci-w-przemyslu\/#primaryimage"},"image":{"@id":"https:\/\/marekkuchcinski.pl\/en\/wydarzenia\/powiatowa-konwencja-prawa-i-sprawiedliwosci-w-przemyslu\/#primaryimage"},"thumbnailUrl":"https:\/\/marekkuchcinski.pl\/wp-content\/uploads\/2019\/05\/IMG_0219-3.jpg","datePublished":"2019-05-11T22:18:55+00:00","dateModified":"2019-05-13T12:25:44+00:00","breadcrumb":{"@id":"https:\/\/marekkuchcinski.pl\/en\/wydarzenia\/powiatowa-konwencja-prawa-i-sprawiedliwosci-w-przemyslu\/#breadcrumb"},"inLanguage":"en-GB","potentialAction":[{"@type":"ReadAction","target":["https:\/\/marekkuchcinski.pl\/en\/wydarzenia\/powiatowa-konwencja-prawa-i-sprawiedliwosci-w-przemyslu\/"]}]},{"@type":"ImageObject","inLanguage":"en-GB","@id":"https:\/\/marekkuchcinski.pl\/en\/wydarzenia\/powiatowa-konwencja-prawa-i-sprawiedliwosci-w-przemyslu\/#primaryimage","url":"https:\/\/marekkuchcinski.pl\/wp-content\/uploads\/2019\/05\/IMG_0219-3.jpg","contentUrl":"https:\/\/marekkuchcinski.pl\/wp-content\/uploads\/2019\/05\/IMG_0219-3.jpg","width":2048,"height":1365},{"@type":"BreadcrumbList","@id":"https:\/\/marekkuchcinski.pl\/en\/wydarzenia\/powiatowa-konwencja-prawa-i-sprawiedliwosci-w-przemyslu\/#breadcrumb","itemListElement":[{"@type":"ListItem","position":1,"name":"Strona g\u0142\u00f3wna","item":"https:\/\/marekkuchcinski.pl\/"},{"@type":"ListItem","position":2,"name":"Powiatowa Konwencja Prawa i Sprawiedliwo\u015bci w Przemy\u015blu"}]},{"@type":"WebSite","@id":"https:\/\/marekkuchcinski.pl\/#website","url":"https:\/\/marekkuchcinski.pl\/","name":"Marek Kuchci\u0144ski","description":"Pose\u0142 na sejm RP &ndash; okr\u0119g nr 22","publisher":{"@id":"https:\/\/marekkuchcinski.pl\/#organization"},"potentialAction":[{"@type":"SearchAction","target":{"@type":"EntryPoint","urlTemplate":"https:\/\/marekkuchcinski.pl\/?s={search_term_string}"},"query-input":{"@type":"PropertyValueSpecification","valueRequired":true,"valueName":"search_term_string"}}],"inLanguage":"en-GB"},{"@type":"Organization","@id":"https:\/\/marekkuchcinski.pl\/#organization","name":"Marek Kuchci\u0144ski","url":"https:\/\/marekkuchcinski.pl\/","logo":{"@type":"ImageObject","inLanguage":"en-GB","@id":"https:\/\/marekkuchcinski.pl\/#\/schema\/logo\/image\/","url":"https:\/\/marekkuchcinski.pl\/wp-content\/uploads\/2022\/09\/Marek.jpg","contentUrl":"https:\/\/marekkuchcinski.pl\/wp-content\/uploads\/2022\/09\/Marek.jpg","width":1600,"height":971,"caption":"Marek Kuchci\u0144ski"},"image":{"@id":"https:\/\/marekkuchcinski.pl\/#\/schema\/logo\/image\/"}},{"@type":"Person","@id":"https:\/\/marekkuchcinski.pl\/#\/schema\/person\/6f62700996b4d950b6ea2d1183b6c6be","name":"admin","image":{"@type":"ImageObject","inLanguage":"en-GB","@id":"https:\/\/marekkuchcinski.pl\/#\/schema\/person\/image\/","url":"https:\/\/secure.gravatar.com\/avatar\/4bab693b9d55c3d6b52c0296a8765085?s=96&d=mm&r=g","contentUrl":"https:\/\/secure.gravatar.com\/avatar\/4bab693b9d55c3d6b52c0296a8765085?s=96&d=mm&r=g","caption":"admin"},"url":"https:\/\/marekkuchcinski.pl\/en\/author\/marta-olejnik\/"}]}},"_links":{"self":[{"href":"https:\/\/marekkuchcinski.pl\/en\/wp-json\/wp\/v2\/posts\/15282","targetHints":{"allow":["GET"]}}],"collection":[{"href":"https:\/\/marekkuchcinski.pl\/en\/wp-json\/wp\/v2\/posts"}],"about":[{"href":"https:\/\/marekkuchcinski.pl\/en\/wp-json\/wp\/v2\/types\/post"}],"author":[{"embeddable":true,"href":"https:\/\/marekkuchcinski.pl\/en\/wp-json\/wp\/v2\/users\/6"}],"replies":[{"embeddable":true,"href":"https:\/\/marekkuchcinski.pl\/en\/wp-json\/wp\/v2\/comments?post=15282"}],"version-history":[{"count":11,"href":"https:\/\/marekkuchcinski.pl\/en\/wp-json\/wp\/v2\/posts\/15282\/revisions"}],"predecessor-version":[{"id":15462,"href":"https:\/\/marekkuchcinski.pl\/en\/wp-json\/wp\/v2\/posts\/15282\/revisions\/15462"}],"wp:featuredmedia":[{"embeddable":true,"href":"https:\/\/marekkuchcinski.pl\/en\/wp-json\/wp\/v2\/media\/15457"}],"wp:attachment":[{"href":"https:\/\/marekkuchcinski.pl\/en\/wp-json\/wp\/v2\/media?parent=15282"}],"wp:term":[{"taxonomy":"category","embeddable":true,"href":"https:\/\/marekkuchcinski.pl\/en\/wp-json\/wp\/v2\/categories?post=15282"},{"taxonomy":"post_tag","embeddable":true,"href":"https:\/\/marekkuchcinski.pl\/en\/wp-json\/wp\/v2\/tags?post=15282"}],"curies":[{"name":"wp","href":"https:\/\/api.w.org\/{rel}","templated":true}]}}