{"id":15212,"date":"2019-05-09T11:15:07","date_gmt":"2019-05-09T09:15:07","guid":{"rendered":"https:\/\/marekkuchcinski.pl\/?p=15212"},"modified":"2019-05-09T11:15:09","modified_gmt":"2019-05-09T09:15:09","slug":"powiatowy-dzien-godnosci-osob-niepelnosprawnych","status":"publish","type":"post","link":"https:\/\/marekkuchcinski.pl\/en\/bez-kategorii\/lms\/powiatowy-dzien-godnosci-osob-niepelnosprawnych\/","title":{"rendered":"District Day of Dignity of Persons with Disabilities"},"content":{"rendered":"<p><em>Warsaw,\n       May 2019.<\/em><\/p>\n\n\n\n<p><em> Dear Sirs,<\/em><\/p>\n\n\n\n<p><em>Thank you for your invitation\nto participate in the District Day of Dignity of Persons with Disabilities. Not being able\nto do it personally, this way I send warm greetings to the participants\nto the participants of the ceremony. &nbsp;<\/em><\/p>\n\n\n\n<p><em>Today's\nholiday is an opportunity to remind us all about the rights of people with disabilities,\nthat they are an integral part of our society. It is a moment that makes us\nto reflect on their everyday lives - often full of intolerance and lack of understanding.\nand lack of understanding. And yet it is from them that we can learn sensitivity\nand empathy. District Day of Dignity of Persons with Disabilities\nis also an opportunity to break\nstereotypes and at the same time a contribution to the discussion on the problems which this social group\nthis social group, as well as their relatives. &nbsp;<\/em><\/p>\n\n\n\n<p><em>Therefore\nI would like to express my appreciation to the people and institutions involved in organizing the\nthe celebrations, as well as to all those<\/em>, <em>who with their daily work contribute\nimprove the quality of life of those affected by fate. D<\/em><em>Thank you for your commitment,\nand most of all for your willingness to help others.<\/em> <em>At the same time I wish you success and perseverance in your endeavors.\n<\/em><\/p>\n\n\n\n<p><em>On this occasion<\/em> <em>To the participants of the District Day of Dignity of Persons with Disabilities celebrations\nI wish you a pleasant celebration with a sense of understanding and kindness. <\/em><\/p>\n\n\n\n<p><em>Once again, greetings and\nrespect. <\/em><\/p>\n\n\n\n<p><em>Marek Kuchci\u0144ski<\/em><\/p>","protected":false},"excerpt":{"rendered":"<p>Warszawa,&nbsp; &nbsp;&nbsp;&nbsp;&nbsp;&nbsp;&nbsp;&nbsp;maja 2019 r. Szanowni Pa\u0144stwo, uprzejmie dzi\u0119kuj\u0119 za zaproszenie do wzi\u0119cia udzia\u0142u w Powiatowym Dniu Godno\u015bci Os\u00f3b Niepe\u0142nosprawnych. Nie mog\u0105c uczyni\u0107 tego osobi\u015bcie, t\u0105 drog\u0105 przesy\u0142am serdeczne pozdrowienia dla uczestnik\u00f3w uroczysto\u015bci. &nbsp; Dzisiejsze \u015bwi\u0119to jest okazj\u0105 do przypomnienia nam wszystkim o prawach os\u00f3b niepe\u0142nosprawnych, o tym, \u017ce s\u0105 one integraln\u0105 cz\u0119\u015bci\u0105 naszego spo\u0142ecze\u0144stwa. To [&hellip;]<\/p>","protected":false},"author":6,"featured_media":13506,"comment_status":"open","ping_status":"open","sticky":false,"template":"","format":"standard","meta":{"ngg_post_thumbnail":0,"footnotes":""},"categories":[104],"tags":[],"class_list":["post-15212","post","type-post","status-publish","format-standard","has-post-thumbnail","hentry","category-lms"],"yoast_head":"<!-- This site is optimized with the Yoast SEO plugin v24.7 - https:\/\/yoast.com\/wordpress\/plugins\/seo\/ -->\n<title>Powiatowy Dzie\u0144 Godno\u015bci Os\u00f3b Niepe\u0142nosprawnych &#8211; Marek Kuchci\u0144ski<\/title>\n<meta name=\"robots\" content=\"index, follow, max-snippet:-1, max-image-preview:large, max-video-preview:-1\" \/>\n<link rel=\"canonical\" href=\"https:\/\/marekkuchcinski.pl\/en\/bez-kategorii\/lms\/powiatowy-dzien-godnosci-osob-niepelnosprawnych\/\" \/>\n<meta property=\"og:locale\" content=\"en_GB\" \/>\n<meta property=\"og:type\" content=\"article\" \/>\n<meta property=\"og:title\" content=\"Powiatowy Dzie\u0144 Godno\u015bci Os\u00f3b Niepe\u0142nosprawnych &#8211; Marek Kuchci\u0144ski\" \/>\n<meta property=\"og:description\" content=\"Warszawa,&nbsp; &nbsp;&nbsp;&nbsp;&nbsp;&nbsp;&nbsp;&nbsp;maja 2019 r. Szanowni Pa\u0144stwo, uprzejmie dzi\u0119kuj\u0119 za zaproszenie do wzi\u0119cia udzia\u0142u w Powiatowym Dniu Godno\u015bci Os\u00f3b Niepe\u0142nosprawnych. Nie mog\u0105c uczyni\u0107 tego osobi\u015bcie, t\u0105 drog\u0105 przesy\u0142am serdeczne pozdrowienia dla uczestnik\u00f3w uroczysto\u015bci. &nbsp; Dzisiejsze \u015bwi\u0119to jest okazj\u0105 do przypomnienia nam wszystkim o prawach os\u00f3b niepe\u0142nosprawnych, o tym, \u017ce s\u0105 one integraln\u0105 cz\u0119\u015bci\u0105 naszego spo\u0142ecze\u0144stwa. To [&hellip;]\" \/>\n<meta property=\"og:url\" content=\"https:\/\/marekkuchcinski.pl\/en\/bez-kategorii\/lms\/powiatowy-dzien-godnosci-osob-niepelnosprawnych\/\" \/>\n<meta property=\"og:site_name\" content=\"Marek Kuchci\u0144ski\" \/>\n<meta property=\"article:published_time\" content=\"2019-05-09T09:15:07+00:00\" \/>\n<meta property=\"article:modified_time\" content=\"2019-05-09T09:15:09+00:00\" \/>\n<meta property=\"og:image\" content=\"https:\/\/marekkuchcinski.pl\/wp-content\/uploads\/2019\/03\/DSCF6504-5.jpg\" \/>\n\t<meta property=\"og:image:width\" content=\"2048\" \/>\n\t<meta property=\"og:image:height\" content=\"1955\" \/>\n\t<meta property=\"og:image:type\" content=\"image\/jpeg\" \/>\n<meta name=\"author\" content=\"admin\" \/>\n<meta name=\"twitter:card\" content=\"summary_large_image\" \/>\n<meta name=\"twitter:label1\" content=\"Written by\" \/>\n\t<meta name=\"twitter:data1\" content=\"admin\" \/>\n\t<meta name=\"twitter:label2\" content=\"Estimated reading time\" \/>\n\t<meta name=\"twitter:data2\" content=\"1 minute\" \/>\n<script type=\"application\/ld+json\" class=\"yoast-schema-graph\">{\"@context\":\"https:\/\/schema.org\",\"@graph\":[{\"@type\":\"Article\",\"@id\":\"https:\/\/marekkuchcinski.pl\/bez-kategorii\/lms\/powiatowy-dzien-godnosci-osob-niepelnosprawnych\/#article\",\"isPartOf\":{\"@id\":\"https:\/\/marekkuchcinski.pl\/bez-kategorii\/lms\/powiatowy-dzien-godnosci-osob-niepelnosprawnych\/\"},\"author\":{\"name\":\"admin\",\"@id\":\"https:\/\/marekkuchcinski.pl\/#\/schema\/person\/6f62700996b4d950b6ea2d1183b6c6be\"},\"headline\":\"Powiatowy Dzie\u0144 Godno\u015bci Os\u00f3b Niepe\u0142nosprawnych\",\"datePublished\":\"2019-05-09T09:15:07+00:00\",\"dateModified\":\"2019-05-09T09:15:09+00:00\",\"mainEntityOfPage\":{\"@id\":\"https:\/\/marekkuchcinski.pl\/bez-kategorii\/lms\/powiatowy-dzien-godnosci-osob-niepelnosprawnych\/\"},\"wordCount\":280,\"commentCount\":0,\"publisher\":{\"@id\":\"https:\/\/marekkuchcinski.pl\/#organization\"},\"image\":{\"@id\":\"https:\/\/marekkuchcinski.pl\/bez-kategorii\/lms\/powiatowy-dzien-godnosci-osob-niepelnosprawnych\/#primaryimage\"},\"thumbnailUrl\":\"https:\/\/marekkuchcinski.pl\/wp-content\/uploads\/2019\/03\/DSCF6504-5.jpg\",\"articleSection\":[\"Listy Marsza\u0142ka Sejmu\"],\"inLanguage\":\"en-GB\",\"potentialAction\":[{\"@type\":\"CommentAction\",\"name\":\"Comment\",\"target\":[\"https:\/\/marekkuchcinski.pl\/bez-kategorii\/lms\/powiatowy-dzien-godnosci-osob-niepelnosprawnych\/#respond\"]}]},{\"@type\":\"WebPage\",\"@id\":\"https:\/\/marekkuchcinski.pl\/bez-kategorii\/lms\/powiatowy-dzien-godnosci-osob-niepelnosprawnych\/\",\"url\":\"https:\/\/marekkuchcinski.pl\/bez-kategorii\/lms\/powiatowy-dzien-godnosci-osob-niepelnosprawnych\/\",\"name\":\"Powiatowy Dzie\u0144 Godno\u015bci Os\u00f3b Niepe\u0142nosprawnych &#8211; Marek Kuchci\u0144ski\",\"isPartOf\":{\"@id\":\"https:\/\/marekkuchcinski.pl\/#website\"},\"primaryImageOfPage\":{\"@id\":\"https:\/\/marekkuchcinski.pl\/bez-kategorii\/lms\/powiatowy-dzien-godnosci-osob-niepelnosprawnych\/#primaryimage\"},\"image\":{\"@id\":\"https:\/\/marekkuchcinski.pl\/bez-kategorii\/lms\/powiatowy-dzien-godnosci-osob-niepelnosprawnych\/#primaryimage\"},\"thumbnailUrl\":\"https:\/\/marekkuchcinski.pl\/wp-content\/uploads\/2019\/03\/DSCF6504-5.jpg\",\"datePublished\":\"2019-05-09T09:15:07+00:00\",\"dateModified\":\"2019-05-09T09:15:09+00:00\",\"breadcrumb\":{\"@id\":\"https:\/\/marekkuchcinski.pl\/bez-kategorii\/lms\/powiatowy-dzien-godnosci-osob-niepelnosprawnych\/#breadcrumb\"},\"inLanguage\":\"en-GB\",\"potentialAction\":[{\"@type\":\"ReadAction\",\"target\":[\"https:\/\/marekkuchcinski.pl\/bez-kategorii\/lms\/powiatowy-dzien-godnosci-osob-niepelnosprawnych\/\"]}]},{\"@type\":\"ImageObject\",\"inLanguage\":\"en-GB\",\"@id\":\"https:\/\/marekkuchcinski.pl\/bez-kategorii\/lms\/powiatowy-dzien-godnosci-osob-niepelnosprawnych\/#primaryimage\",\"url\":\"https:\/\/marekkuchcinski.pl\/wp-content\/uploads\/2019\/03\/DSCF6504-5.jpg\",\"contentUrl\":\"https:\/\/marekkuchcinski.pl\/wp-content\/uploads\/2019\/03\/DSCF6504-5.jpg\",\"width\":2048,\"height\":1955},{\"@type\":\"BreadcrumbList\",\"@id\":\"https:\/\/marekkuchcinski.pl\/bez-kategorii\/lms\/powiatowy-dzien-godnosci-osob-niepelnosprawnych\/#breadcrumb\",\"itemListElement\":[{\"@type\":\"ListItem\",\"position\":1,\"name\":\"Strona g\u0142\u00f3wna\",\"item\":\"https:\/\/marekkuchcinski.pl\/\"},{\"@type\":\"ListItem\",\"position\":2,\"name\":\"Powiatowy Dzie\u0144 Godno\u015bci Os\u00f3b Niepe\u0142nosprawnych\"}]},{\"@type\":\"WebSite\",\"@id\":\"https:\/\/marekkuchcinski.pl\/#website\",\"url\":\"https:\/\/marekkuchcinski.pl\/\",\"name\":\"Marek Kuchci\u0144ski\",\"description\":\"Pose\u0142 na sejm RP &ndash; okr\u0119g nr 22\",\"publisher\":{\"@id\":\"https:\/\/marekkuchcinski.pl\/#organization\"},\"potentialAction\":[{\"@type\":\"SearchAction\",\"target\":{\"@type\":\"EntryPoint\",\"urlTemplate\":\"https:\/\/marekkuchcinski.pl\/?s={search_term_string}\"},\"query-input\":{\"@type\":\"PropertyValueSpecification\",\"valueRequired\":true,\"valueName\":\"search_term_string\"}}],\"inLanguage\":\"en-GB\"},{\"@type\":\"Organization\",\"@id\":\"https:\/\/marekkuchcinski.pl\/#organization\",\"name\":\"Marek Kuchci\u0144ski\",\"url\":\"https:\/\/marekkuchcinski.pl\/\",\"logo\":{\"@type\":\"ImageObject\",\"inLanguage\":\"en-GB\",\"@id\":\"https:\/\/marekkuchcinski.pl\/#\/schema\/logo\/image\/\",\"url\":\"https:\/\/marekkuchcinski.pl\/wp-content\/uploads\/2022\/09\/Marek.jpg\",\"contentUrl\":\"https:\/\/marekkuchcinski.pl\/wp-content\/uploads\/2022\/09\/Marek.jpg\",\"width\":1600,\"height\":971,\"caption\":\"Marek Kuchci\u0144ski\"},\"image\":{\"@id\":\"https:\/\/marekkuchcinski.pl\/#\/schema\/logo\/image\/\"}},{\"@type\":\"Person\",\"@id\":\"https:\/\/marekkuchcinski.pl\/#\/schema\/person\/6f62700996b4d950b6ea2d1183b6c6be\",\"name\":\"admin\",\"image\":{\"@type\":\"ImageObject\",\"inLanguage\":\"en-GB\",\"@id\":\"https:\/\/marekkuchcinski.pl\/#\/schema\/person\/image\/\",\"url\":\"https:\/\/secure.gravatar.com\/avatar\/4bab693b9d55c3d6b52c0296a8765085?s=96&d=mm&r=g\",\"contentUrl\":\"https:\/\/secure.gravatar.com\/avatar\/4bab693b9d55c3d6b52c0296a8765085?s=96&d=mm&r=g\",\"caption\":\"admin\"},\"url\":\"https:\/\/marekkuchcinski.pl\/en\/author\/marta-olejnik\/\"}]}<\/script>\n<!-- \/ Yoast SEO plugin. -->","yoast_head_json":{"title":"Powiatowy Dzie\u0144 Godno\u015bci Os\u00f3b Niepe\u0142nosprawnych &#8211; Marek Kuchci\u0144ski","robots":{"index":"index","follow":"follow","max-snippet":"max-snippet:-1","max-image-preview":"max-image-preview:large","max-video-preview":"max-video-preview:-1"},"canonical":"https:\/\/marekkuchcinski.pl\/en\/bez-kategorii\/lms\/powiatowy-dzien-godnosci-osob-niepelnosprawnych\/","og_locale":"en_GB","og_type":"article","og_title":"Powiatowy Dzie\u0144 Godno\u015bci Os\u00f3b Niepe\u0142nosprawnych &#8211; Marek Kuchci\u0144ski","og_description":"Warszawa,&nbsp; &nbsp;&nbsp;&nbsp;&nbsp;&nbsp;&nbsp;&nbsp;maja 2019 r. Szanowni Pa\u0144stwo, uprzejmie dzi\u0119kuj\u0119 za zaproszenie do wzi\u0119cia udzia\u0142u w Powiatowym Dniu Godno\u015bci Os\u00f3b Niepe\u0142nosprawnych. Nie mog\u0105c uczyni\u0107 tego osobi\u015bcie, t\u0105 drog\u0105 przesy\u0142am serdeczne pozdrowienia dla uczestnik\u00f3w uroczysto\u015bci. &nbsp; Dzisiejsze \u015bwi\u0119to jest okazj\u0105 do przypomnienia nam wszystkim o prawach os\u00f3b niepe\u0142nosprawnych, o tym, \u017ce s\u0105 one integraln\u0105 cz\u0119\u015bci\u0105 naszego spo\u0142ecze\u0144stwa. To [&hellip;]","og_url":"https:\/\/marekkuchcinski.pl\/en\/bez-kategorii\/lms\/powiatowy-dzien-godnosci-osob-niepelnosprawnych\/","og_site_name":"Marek Kuchci\u0144ski","article_published_time":"2019-05-09T09:15:07+00:00","article_modified_time":"2019-05-09T09:15:09+00:00","og_image":[{"width":2048,"height":1955,"url":"https:\/\/marekkuchcinski.pl\/wp-content\/uploads\/2019\/03\/DSCF6504-5.jpg","type":"image\/jpeg"}],"author":"admin","twitter_card":"summary_large_image","twitter_misc":{"Written by":"admin","Estimated reading time":"1 minute"},"schema":{"@context":"https:\/\/schema.org","@graph":[{"@type":"Article","@id":"https:\/\/marekkuchcinski.pl\/bez-kategorii\/lms\/powiatowy-dzien-godnosci-osob-niepelnosprawnych\/#article","isPartOf":{"@id":"https:\/\/marekkuchcinski.pl\/bez-kategorii\/lms\/powiatowy-dzien-godnosci-osob-niepelnosprawnych\/"},"author":{"name":"admin","@id":"https:\/\/marekkuchcinski.pl\/#\/schema\/person\/6f62700996b4d950b6ea2d1183b6c6be"},"headline":"Powiatowy Dzie\u0144 Godno\u015bci Os\u00f3b Niepe\u0142nosprawnych","datePublished":"2019-05-09T09:15:07+00:00","dateModified":"2019-05-09T09:15:09+00:00","mainEntityOfPage":{"@id":"https:\/\/marekkuchcinski.pl\/bez-kategorii\/lms\/powiatowy-dzien-godnosci-osob-niepelnosprawnych\/"},"wordCount":280,"commentCount":0,"publisher":{"@id":"https:\/\/marekkuchcinski.pl\/#organization"},"image":{"@id":"https:\/\/marekkuchcinski.pl\/bez-kategorii\/lms\/powiatowy-dzien-godnosci-osob-niepelnosprawnych\/#primaryimage"},"thumbnailUrl":"https:\/\/marekkuchcinski.pl\/wp-content\/uploads\/2019\/03\/DSCF6504-5.jpg","articleSection":["Listy Marsza\u0142ka Sejmu"],"inLanguage":"en-GB","potentialAction":[{"@type":"CommentAction","name":"Comment","target":["https:\/\/marekkuchcinski.pl\/bez-kategorii\/lms\/powiatowy-dzien-godnosci-osob-niepelnosprawnych\/#respond"]}]},{"@type":"WebPage","@id":"https:\/\/marekkuchcinski.pl\/bez-kategorii\/lms\/powiatowy-dzien-godnosci-osob-niepelnosprawnych\/","url":"https:\/\/marekkuchcinski.pl\/bez-kategorii\/lms\/powiatowy-dzien-godnosci-osob-niepelnosprawnych\/","name":"Powiatowy Dzie\u0144 Godno\u015bci Os\u00f3b Niepe\u0142nosprawnych &#8211; Marek Kuchci\u0144ski","isPartOf":{"@id":"https:\/\/marekkuchcinski.pl\/#website"},"primaryImageOfPage":{"@id":"https:\/\/marekkuchcinski.pl\/bez-kategorii\/lms\/powiatowy-dzien-godnosci-osob-niepelnosprawnych\/#primaryimage"},"image":{"@id":"https:\/\/marekkuchcinski.pl\/bez-kategorii\/lms\/powiatowy-dzien-godnosci-osob-niepelnosprawnych\/#primaryimage"},"thumbnailUrl":"https:\/\/marekkuchcinski.pl\/wp-content\/uploads\/2019\/03\/DSCF6504-5.jpg","datePublished":"2019-05-09T09:15:07+00:00","dateModified":"2019-05-09T09:15:09+00:00","breadcrumb":{"@id":"https:\/\/marekkuchcinski.pl\/bez-kategorii\/lms\/powiatowy-dzien-godnosci-osob-niepelnosprawnych\/#breadcrumb"},"inLanguage":"en-GB","potentialAction":[{"@type":"ReadAction","target":["https:\/\/marekkuchcinski.pl\/bez-kategorii\/lms\/powiatowy-dzien-godnosci-osob-niepelnosprawnych\/"]}]},{"@type":"ImageObject","inLanguage":"en-GB","@id":"https:\/\/marekkuchcinski.pl\/bez-kategorii\/lms\/powiatowy-dzien-godnosci-osob-niepelnosprawnych\/#primaryimage","url":"https:\/\/marekkuchcinski.pl\/wp-content\/uploads\/2019\/03\/DSCF6504-5.jpg","contentUrl":"https:\/\/marekkuchcinski.pl\/wp-content\/uploads\/2019\/03\/DSCF6504-5.jpg","width":2048,"height":1955},{"@type":"BreadcrumbList","@id":"https:\/\/marekkuchcinski.pl\/bez-kategorii\/lms\/powiatowy-dzien-godnosci-osob-niepelnosprawnych\/#breadcrumb","itemListElement":[{"@type":"ListItem","position":1,"name":"Strona g\u0142\u00f3wna","item":"https:\/\/marekkuchcinski.pl\/"},{"@type":"ListItem","position":2,"name":"Powiatowy Dzie\u0144 Godno\u015bci Os\u00f3b Niepe\u0142nosprawnych"}]},{"@type":"WebSite","@id":"https:\/\/marekkuchcinski.pl\/#website","url":"https:\/\/marekkuchcinski.pl\/","name":"Marek Kuchci\u0144ski","description":"Pose\u0142 na sejm RP &ndash; okr\u0119g nr 22","publisher":{"@id":"https:\/\/marekkuchcinski.pl\/#organization"},"potentialAction":[{"@type":"SearchAction","target":{"@type":"EntryPoint","urlTemplate":"https:\/\/marekkuchcinski.pl\/?s={search_term_string}"},"query-input":{"@type":"PropertyValueSpecification","valueRequired":true,"valueName":"search_term_string"}}],"inLanguage":"en-GB"},{"@type":"Organization","@id":"https:\/\/marekkuchcinski.pl\/#organization","name":"Marek Kuchci\u0144ski","url":"https:\/\/marekkuchcinski.pl\/","logo":{"@type":"ImageObject","inLanguage":"en-GB","@id":"https:\/\/marekkuchcinski.pl\/#\/schema\/logo\/image\/","url":"https:\/\/marekkuchcinski.pl\/wp-content\/uploads\/2022\/09\/Marek.jpg","contentUrl":"https:\/\/marekkuchcinski.pl\/wp-content\/uploads\/2022\/09\/Marek.jpg","width":1600,"height":971,"caption":"Marek Kuchci\u0144ski"},"image":{"@id":"https:\/\/marekkuchcinski.pl\/#\/schema\/logo\/image\/"}},{"@type":"Person","@id":"https:\/\/marekkuchcinski.pl\/#\/schema\/person\/6f62700996b4d950b6ea2d1183b6c6be","name":"admin","image":{"@type":"ImageObject","inLanguage":"en-GB","@id":"https:\/\/marekkuchcinski.pl\/#\/schema\/person\/image\/","url":"https:\/\/secure.gravatar.com\/avatar\/4bab693b9d55c3d6b52c0296a8765085?s=96&d=mm&r=g","contentUrl":"https:\/\/secure.gravatar.com\/avatar\/4bab693b9d55c3d6b52c0296a8765085?s=96&d=mm&r=g","caption":"admin"},"url":"https:\/\/marekkuchcinski.pl\/en\/author\/marta-olejnik\/"}]}},"_links":{"self":[{"href":"https:\/\/marekkuchcinski.pl\/en\/wp-json\/wp\/v2\/posts\/15212","targetHints":{"allow":["GET"]}}],"collection":[{"href":"https:\/\/marekkuchcinski.pl\/en\/wp-json\/wp\/v2\/posts"}],"about":[{"href":"https:\/\/marekkuchcinski.pl\/en\/wp-json\/wp\/v2\/types\/post"}],"author":[{"embeddable":true,"href":"https:\/\/marekkuchcinski.pl\/en\/wp-json\/wp\/v2\/users\/6"}],"replies":[{"embeddable":true,"href":"https:\/\/marekkuchcinski.pl\/en\/wp-json\/wp\/v2\/comments?post=15212"}],"version-history":[{"count":1,"href":"https:\/\/marekkuchcinski.pl\/en\/wp-json\/wp\/v2\/posts\/15212\/revisions"}],"predecessor-version":[{"id":15213,"href":"https:\/\/marekkuchcinski.pl\/en\/wp-json\/wp\/v2\/posts\/15212\/revisions\/15213"}],"wp:featuredmedia":[{"embeddable":true,"href":"https:\/\/marekkuchcinski.pl\/en\/wp-json\/wp\/v2\/media\/13506"}],"wp:attachment":[{"href":"https:\/\/marekkuchcinski.pl\/en\/wp-json\/wp\/v2\/media?parent=15212"}],"wp:term":[{"taxonomy":"category","embeddable":true,"href":"https:\/\/marekkuchcinski.pl\/en\/wp-json\/wp\/v2\/categories?post=15212"},{"taxonomy":"post_tag","embeddable":true,"href":"https:\/\/marekkuchcinski.pl\/en\/wp-json\/wp\/v2\/tags?post=15212"}],"curies":[{"name":"wp","href":"https:\/\/api.w.org\/{rel}","templated":true}]}}