{"id":15115,"date":"2019-04-26T14:03:18","date_gmt":"2019-04-26T12:03:18","guid":{"rendered":"https:\/\/marekkuchcinski.pl\/?p=15115"},"modified":"2019-04-26T14:03:19","modified_gmt":"2019-04-26T12:03:19","slug":"sejm-przyjal-ustawe-zapewniajaca-500-zl-na-kazde-dziecko-do-18-roku-zycia","status":"publish","type":"post","link":"https:\/\/marekkuchcinski.pl\/en\/wydarzenia\/sejm-przyjal-ustawe-zapewniajaca-500-zl-na-kazde-dziecko-do-18-roku-zycia\/","title":{"rendered":"The Sejm has passed a law providing for PLN 500 for each child up to the age of 18"},"content":{"rendered":"<p>The Sejm has passed a government amendment to extend the\nThe Parliament passed a governmental amendment on extension of the Family 500 plus program. According to the amendment, the right to the benefit will be granted to\nall children and teenagers up to 18 years of age, including only children, regardless of family income.\nfamily income. <\/p>\n\n\n\n<p>The right to the benefit will also be granted to children placed in\ncare and educational institutions.<\/p>\n\n\n\n<p>- 500 plus for each child is a pro-social, solidarity-based programme; it is a programme that in its new version will confirm our thesis that entrepreneurial Poland and solidarity-based Poland do not have to be contradictory, that solidarity-based Poland and entrepreneurial Poland are one Poland. Programs such as this one build a chance for development of our homeland, so I am very glad that this program is gaining acceptance of the entire opposition,\" Prime Minister Mateusz Morawiecki argued during a parliamentary debate.<\/p>\n\n\n\n<p>The justification to the Act reads that family policy is one of the most important areas of activity of the current Government. The Family 500 plus program, which entered into force on April 1, 2016, is the first program since the political transformation that so clearly emphasizes the need for investment in the family, which provides real support for it.<\/p>\n\n\n\n<p>The 500 plus family has completely changed the outlook on state support for families and has become a reference point in the debate on family policy. Thanks to the program and billions in cash transfers to families, we have opened development prospects for people who were previously marginalized. We have restored their dignity. Support for families through family policy instruments is an investment in human capital, on which the condition of the state to a large extent depends.<\/p>\n\n\n\n<figure class=\"wp-block-embed is-type-rich is-provider-marek-kuchcinski\"><div class=\"wp-block-embed__wrapper\">\n<blockquote class=\"wp-embedded-content\" data-secret=\"Ahdoad7gkG\"><a href=\"https:\/\/marekkuchcinski.pl\/en\/wydarzenia\/pis-skutecznie-pomaga-ludziom-i-ogranicza-biede-i-nierownosci\/\">Poland is a leader in equalizing living standards. Law and Justice party successfully reduces differences between rich and poor<\/a><\/blockquote><iframe class=\"wp-embedded-content\" sandbox=\"allow-scripts\" security=\"restricted\" style=\"position: absolute; clip: rect(1px, 1px, 1px, 1px);\" title=\"&quot;Poland a leader in equalizing living standards. Law and Justice party effectively reduces differences between the poor and the rich&quot; - Marek Kuchci\u0144ski\" src=\"https:\/\/marekkuchcinski.pl\/wydarzenia\/pis-skutecznie-pomaga-ludziom-i-ogranicza-biede-i-nierownosci\/embed\/#?secret=Ahdoad7gkG\" data-secret=\"Ahdoad7gkG\" width=\"600\" height=\"338\" frameborder=\"0\" marginwidth=\"0\" marginheight=\"0\" scrolling=\"no\"><\/iframe>\n<\/div><\/figure>","protected":false},"excerpt":{"rendered":"<p>Sejm uchwali\u0142 rz\u0105dow\u0105 nowelizacj\u0119 w sprawie rozszerzenia programu Rodzina 500 plus. Zgodnie z ni\u0105 prawo do \u015bwiadczenia b\u0119d\u0105 mia\u0142y wszystkie dzieci i nastolatkowie do 18 lat, r\u00f3wnie\u017c jedynacy, bez wzgl\u0119du na dochody rodziny. Prawo do \u015bwiadczenia zyskaj\u0105 r\u00f3wnie\u017c dzieci umieszczone w plac\u00f3wkach opieku\u0144czo-wychowawczych. &#8211; 500&nbsp;plus&nbsp;na ka\u017cde dziecko jest programem prospo\u0142ecznym, solidarno\u015bciowym; jest programem, kt\u00f3ry w [&hellip;]<\/p>","protected":false},"author":6,"featured_media":15122,"comment_status":"open","ping_status":"open","sticky":false,"template":"","format":"standard","meta":{"ngg_post_thumbnail":0,"footnotes":""},"categories":[82,81,3],"tags":[],"class_list":["post-15115","post","type-post","status-publish","format-standard","has-post-thumbnail","hentry","category-prawo-i-sprawiedliwosc","category-wiesci-z-sejmu","category-wydarzenia"],"yoast_head":"<!-- This site is optimized with the Yoast SEO plugin v24.7 - https:\/\/yoast.com\/wordpress\/plugins\/seo\/ -->\n<title>Sejm przyj\u0105\u0142 ustaw\u0119 zapewniaj\u0105c\u0105 500 z\u0142 na ka\u017cde dziecko do 18. roku \u017cycia &#8211; Marek Kuchci\u0144ski<\/title>\n<meta name=\"robots\" content=\"index, follow, max-snippet:-1, max-image-preview:large, max-video-preview:-1\" \/>\n<link rel=\"canonical\" href=\"https:\/\/marekkuchcinski.pl\/en\/wydarzenia\/sejm-przyjal-ustawe-zapewniajaca-500-zl-na-kazde-dziecko-do-18-roku-zycia\/\" \/>\n<meta property=\"og:locale\" content=\"en_GB\" \/>\n<meta property=\"og:type\" content=\"article\" \/>\n<meta property=\"og:title\" content=\"Sejm przyj\u0105\u0142 ustaw\u0119 zapewniaj\u0105c\u0105 500 z\u0142 na ka\u017cde dziecko do 18. roku \u017cycia &#8211; Marek Kuchci\u0144ski\" \/>\n<meta property=\"og:description\" content=\"Sejm uchwali\u0142 rz\u0105dow\u0105 nowelizacj\u0119 w sprawie rozszerzenia programu Rodzina 500 plus. Zgodnie z ni\u0105 prawo do \u015bwiadczenia b\u0119d\u0105 mia\u0142y wszystkie dzieci i nastolatkowie do 18 lat, r\u00f3wnie\u017c jedynacy, bez wzgl\u0119du na dochody rodziny. Prawo do \u015bwiadczenia zyskaj\u0105 r\u00f3wnie\u017c dzieci umieszczone w plac\u00f3wkach opieku\u0144czo-wychowawczych. &#8211; 500&nbsp;plus&nbsp;na ka\u017cde dziecko jest programem prospo\u0142ecznym, solidarno\u015bciowym; jest programem, kt\u00f3ry w [&hellip;]\" \/>\n<meta property=\"og:url\" content=\"https:\/\/marekkuchcinski.pl\/en\/wydarzenia\/sejm-przyjal-ustawe-zapewniajaca-500-zl-na-kazde-dziecko-do-18-roku-zycia\/\" \/>\n<meta property=\"og:site_name\" content=\"Marek Kuchci\u0144ski\" \/>\n<meta property=\"article:published_time\" content=\"2019-04-26T12:03:18+00:00\" \/>\n<meta property=\"article:modified_time\" content=\"2019-04-26T12:03:19+00:00\" \/>\n<meta property=\"og:image\" content=\"https:\/\/marekkuchcinski.pl\/wp-content\/uploads\/2019\/04\/62434_564848326904827_554205125_n.jpg\" \/>\n\t<meta property=\"og:image:width\" content=\"960\" \/>\n\t<meta property=\"og:image:height\" content=\"640\" \/>\n\t<meta property=\"og:image:type\" content=\"image\/jpeg\" \/>\n<meta name=\"author\" content=\"admin\" \/>\n<meta name=\"twitter:card\" content=\"summary_large_image\" \/>\n<meta name=\"twitter:label1\" content=\"Written by\" \/>\n\t<meta name=\"twitter:data1\" content=\"admin\" \/>\n\t<meta name=\"twitter:label2\" content=\"Estimated reading time\" \/>\n\t<meta name=\"twitter:data2\" content=\"1 minute\" \/>\n<script type=\"application\/ld+json\" class=\"yoast-schema-graph\">{\"@context\":\"https:\/\/schema.org\",\"@graph\":[{\"@type\":\"Article\",\"@id\":\"https:\/\/marekkuchcinski.pl\/wydarzenia\/sejm-przyjal-ustawe-zapewniajaca-500-zl-na-kazde-dziecko-do-18-roku-zycia\/#article\",\"isPartOf\":{\"@id\":\"https:\/\/marekkuchcinski.pl\/wydarzenia\/sejm-przyjal-ustawe-zapewniajaca-500-zl-na-kazde-dziecko-do-18-roku-zycia\/\"},\"author\":{\"name\":\"admin\",\"@id\":\"https:\/\/marekkuchcinski.pl\/#\/schema\/person\/6f62700996b4d950b6ea2d1183b6c6be\"},\"headline\":\"Sejm przyj\u0105\u0142 ustaw\u0119 zapewniaj\u0105c\u0105 500 z\u0142 na ka\u017cde dziecko do 18. roku \u017cycia\",\"datePublished\":\"2019-04-26T12:03:18+00:00\",\"dateModified\":\"2019-04-26T12:03:19+00:00\",\"mainEntityOfPage\":{\"@id\":\"https:\/\/marekkuchcinski.pl\/wydarzenia\/sejm-przyjal-ustawe-zapewniajaca-500-zl-na-kazde-dziecko-do-18-roku-zycia\/\"},\"wordCount\":288,\"commentCount\":0,\"publisher\":{\"@id\":\"https:\/\/marekkuchcinski.pl\/#organization\"},\"image\":{\"@id\":\"https:\/\/marekkuchcinski.pl\/wydarzenia\/sejm-przyjal-ustawe-zapewniajaca-500-zl-na-kazde-dziecko-do-18-roku-zycia\/#primaryimage\"},\"thumbnailUrl\":\"https:\/\/marekkuchcinski.pl\/wp-content\/uploads\/2019\/04\/62434_564848326904827_554205125_n.jpg\",\"articleSection\":[\"Prawo i Sprawiedliwo\u015b\u0107\",\"Wie\u015bci z Sejmu\",\"Wydarzenia\"],\"inLanguage\":\"en-GB\",\"potentialAction\":[{\"@type\":\"CommentAction\",\"name\":\"Comment\",\"target\":[\"https:\/\/marekkuchcinski.pl\/wydarzenia\/sejm-przyjal-ustawe-zapewniajaca-500-zl-na-kazde-dziecko-do-18-roku-zycia\/#respond\"]}]},{\"@type\":\"WebPage\",\"@id\":\"https:\/\/marekkuchcinski.pl\/wydarzenia\/sejm-przyjal-ustawe-zapewniajaca-500-zl-na-kazde-dziecko-do-18-roku-zycia\/\",\"url\":\"https:\/\/marekkuchcinski.pl\/wydarzenia\/sejm-przyjal-ustawe-zapewniajaca-500-zl-na-kazde-dziecko-do-18-roku-zycia\/\",\"name\":\"Sejm przyj\u0105\u0142 ustaw\u0119 zapewniaj\u0105c\u0105 500 z\u0142 na ka\u017cde dziecko do 18. roku \u017cycia &#8211; Marek Kuchci\u0144ski\",\"isPartOf\":{\"@id\":\"https:\/\/marekkuchcinski.pl\/#website\"},\"primaryImageOfPage\":{\"@id\":\"https:\/\/marekkuchcinski.pl\/wydarzenia\/sejm-przyjal-ustawe-zapewniajaca-500-zl-na-kazde-dziecko-do-18-roku-zycia\/#primaryimage\"},\"image\":{\"@id\":\"https:\/\/marekkuchcinski.pl\/wydarzenia\/sejm-przyjal-ustawe-zapewniajaca-500-zl-na-kazde-dziecko-do-18-roku-zycia\/#primaryimage\"},\"thumbnailUrl\":\"https:\/\/marekkuchcinski.pl\/wp-content\/uploads\/2019\/04\/62434_564848326904827_554205125_n.jpg\",\"datePublished\":\"2019-04-26T12:03:18+00:00\",\"dateModified\":\"2019-04-26T12:03:19+00:00\",\"breadcrumb\":{\"@id\":\"https:\/\/marekkuchcinski.pl\/wydarzenia\/sejm-przyjal-ustawe-zapewniajaca-500-zl-na-kazde-dziecko-do-18-roku-zycia\/#breadcrumb\"},\"inLanguage\":\"en-GB\",\"potentialAction\":[{\"@type\":\"ReadAction\",\"target\":[\"https:\/\/marekkuchcinski.pl\/wydarzenia\/sejm-przyjal-ustawe-zapewniajaca-500-zl-na-kazde-dziecko-do-18-roku-zycia\/\"]}]},{\"@type\":\"ImageObject\",\"inLanguage\":\"en-GB\",\"@id\":\"https:\/\/marekkuchcinski.pl\/wydarzenia\/sejm-przyjal-ustawe-zapewniajaca-500-zl-na-kazde-dziecko-do-18-roku-zycia\/#primaryimage\",\"url\":\"https:\/\/marekkuchcinski.pl\/wp-content\/uploads\/2019\/04\/62434_564848326904827_554205125_n.jpg\",\"contentUrl\":\"https:\/\/marekkuchcinski.pl\/wp-content\/uploads\/2019\/04\/62434_564848326904827_554205125_n.jpg\",\"width\":960,\"height\":640},{\"@type\":\"BreadcrumbList\",\"@id\":\"https:\/\/marekkuchcinski.pl\/wydarzenia\/sejm-przyjal-ustawe-zapewniajaca-500-zl-na-kazde-dziecko-do-18-roku-zycia\/#breadcrumb\",\"itemListElement\":[{\"@type\":\"ListItem\",\"position\":1,\"name\":\"Strona g\u0142\u00f3wna\",\"item\":\"https:\/\/marekkuchcinski.pl\/\"},{\"@type\":\"ListItem\",\"position\":2,\"name\":\"Sejm przyj\u0105\u0142 ustaw\u0119 zapewniaj\u0105c\u0105 500 z\u0142 na ka\u017cde dziecko do 18. roku \u017cycia\"}]},{\"@type\":\"WebSite\",\"@id\":\"https:\/\/marekkuchcinski.pl\/#website\",\"url\":\"https:\/\/marekkuchcinski.pl\/\",\"name\":\"Marek Kuchci\u0144ski\",\"description\":\"Pose\u0142 na sejm RP &ndash; okr\u0119g nr 22\",\"publisher\":{\"@id\":\"https:\/\/marekkuchcinski.pl\/#organization\"},\"potentialAction\":[{\"@type\":\"SearchAction\",\"target\":{\"@type\":\"EntryPoint\",\"urlTemplate\":\"https:\/\/marekkuchcinski.pl\/?s={search_term_string}\"},\"query-input\":{\"@type\":\"PropertyValueSpecification\",\"valueRequired\":true,\"valueName\":\"search_term_string\"}}],\"inLanguage\":\"en-GB\"},{\"@type\":\"Organization\",\"@id\":\"https:\/\/marekkuchcinski.pl\/#organization\",\"name\":\"Marek Kuchci\u0144ski\",\"url\":\"https:\/\/marekkuchcinski.pl\/\",\"logo\":{\"@type\":\"ImageObject\",\"inLanguage\":\"en-GB\",\"@id\":\"https:\/\/marekkuchcinski.pl\/#\/schema\/logo\/image\/\",\"url\":\"https:\/\/marekkuchcinski.pl\/wp-content\/uploads\/2022\/09\/Marek.jpg\",\"contentUrl\":\"https:\/\/marekkuchcinski.pl\/wp-content\/uploads\/2022\/09\/Marek.jpg\",\"width\":1600,\"height\":971,\"caption\":\"Marek Kuchci\u0144ski\"},\"image\":{\"@id\":\"https:\/\/marekkuchcinski.pl\/#\/schema\/logo\/image\/\"}},{\"@type\":\"Person\",\"@id\":\"https:\/\/marekkuchcinski.pl\/#\/schema\/person\/6f62700996b4d950b6ea2d1183b6c6be\",\"name\":\"admin\",\"image\":{\"@type\":\"ImageObject\",\"inLanguage\":\"en-GB\",\"@id\":\"https:\/\/marekkuchcinski.pl\/#\/schema\/person\/image\/\",\"url\":\"https:\/\/secure.gravatar.com\/avatar\/4bab693b9d55c3d6b52c0296a8765085?s=96&d=mm&r=g\",\"contentUrl\":\"https:\/\/secure.gravatar.com\/avatar\/4bab693b9d55c3d6b52c0296a8765085?s=96&d=mm&r=g\",\"caption\":\"admin\"},\"url\":\"https:\/\/marekkuchcinski.pl\/en\/author\/marta-olejnik\/\"}]}<\/script>\n<!-- \/ Yoast SEO plugin. -->","yoast_head_json":{"title":"Sejm przyj\u0105\u0142 ustaw\u0119 zapewniaj\u0105c\u0105 500 z\u0142 na ka\u017cde dziecko do 18. roku \u017cycia &#8211; Marek Kuchci\u0144ski","robots":{"index":"index","follow":"follow","max-snippet":"max-snippet:-1","max-image-preview":"max-image-preview:large","max-video-preview":"max-video-preview:-1"},"canonical":"https:\/\/marekkuchcinski.pl\/en\/wydarzenia\/sejm-przyjal-ustawe-zapewniajaca-500-zl-na-kazde-dziecko-do-18-roku-zycia\/","og_locale":"en_GB","og_type":"article","og_title":"Sejm przyj\u0105\u0142 ustaw\u0119 zapewniaj\u0105c\u0105 500 z\u0142 na ka\u017cde dziecko do 18. roku \u017cycia &#8211; Marek Kuchci\u0144ski","og_description":"Sejm uchwali\u0142 rz\u0105dow\u0105 nowelizacj\u0119 w sprawie rozszerzenia programu Rodzina 500 plus. Zgodnie z ni\u0105 prawo do \u015bwiadczenia b\u0119d\u0105 mia\u0142y wszystkie dzieci i nastolatkowie do 18 lat, r\u00f3wnie\u017c jedynacy, bez wzgl\u0119du na dochody rodziny. Prawo do \u015bwiadczenia zyskaj\u0105 r\u00f3wnie\u017c dzieci umieszczone w plac\u00f3wkach opieku\u0144czo-wychowawczych. &#8211; 500&nbsp;plus&nbsp;na ka\u017cde dziecko jest programem prospo\u0142ecznym, solidarno\u015bciowym; jest programem, kt\u00f3ry w [&hellip;]","og_url":"https:\/\/marekkuchcinski.pl\/en\/wydarzenia\/sejm-przyjal-ustawe-zapewniajaca-500-zl-na-kazde-dziecko-do-18-roku-zycia\/","og_site_name":"Marek Kuchci\u0144ski","article_published_time":"2019-04-26T12:03:18+00:00","article_modified_time":"2019-04-26T12:03:19+00:00","og_image":[{"width":960,"height":640,"url":"https:\/\/marekkuchcinski.pl\/wp-content\/uploads\/2019\/04\/62434_564848326904827_554205125_n.jpg","type":"image\/jpeg"}],"author":"admin","twitter_card":"summary_large_image","twitter_misc":{"Written by":"admin","Estimated reading time":"1 minute"},"schema":{"@context":"https:\/\/schema.org","@graph":[{"@type":"Article","@id":"https:\/\/marekkuchcinski.pl\/wydarzenia\/sejm-przyjal-ustawe-zapewniajaca-500-zl-na-kazde-dziecko-do-18-roku-zycia\/#article","isPartOf":{"@id":"https:\/\/marekkuchcinski.pl\/wydarzenia\/sejm-przyjal-ustawe-zapewniajaca-500-zl-na-kazde-dziecko-do-18-roku-zycia\/"},"author":{"name":"admin","@id":"https:\/\/marekkuchcinski.pl\/#\/schema\/person\/6f62700996b4d950b6ea2d1183b6c6be"},"headline":"Sejm przyj\u0105\u0142 ustaw\u0119 zapewniaj\u0105c\u0105 500 z\u0142 na ka\u017cde dziecko do 18. roku \u017cycia","datePublished":"2019-04-26T12:03:18+00:00","dateModified":"2019-04-26T12:03:19+00:00","mainEntityOfPage":{"@id":"https:\/\/marekkuchcinski.pl\/wydarzenia\/sejm-przyjal-ustawe-zapewniajaca-500-zl-na-kazde-dziecko-do-18-roku-zycia\/"},"wordCount":288,"commentCount":0,"publisher":{"@id":"https:\/\/marekkuchcinski.pl\/#organization"},"image":{"@id":"https:\/\/marekkuchcinski.pl\/wydarzenia\/sejm-przyjal-ustawe-zapewniajaca-500-zl-na-kazde-dziecko-do-18-roku-zycia\/#primaryimage"},"thumbnailUrl":"https:\/\/marekkuchcinski.pl\/wp-content\/uploads\/2019\/04\/62434_564848326904827_554205125_n.jpg","articleSection":["Prawo i Sprawiedliwo\u015b\u0107","Wie\u015bci z Sejmu","Wydarzenia"],"inLanguage":"en-GB","potentialAction":[{"@type":"CommentAction","name":"Comment","target":["https:\/\/marekkuchcinski.pl\/wydarzenia\/sejm-przyjal-ustawe-zapewniajaca-500-zl-na-kazde-dziecko-do-18-roku-zycia\/#respond"]}]},{"@type":"WebPage","@id":"https:\/\/marekkuchcinski.pl\/wydarzenia\/sejm-przyjal-ustawe-zapewniajaca-500-zl-na-kazde-dziecko-do-18-roku-zycia\/","url":"https:\/\/marekkuchcinski.pl\/wydarzenia\/sejm-przyjal-ustawe-zapewniajaca-500-zl-na-kazde-dziecko-do-18-roku-zycia\/","name":"Sejm przyj\u0105\u0142 ustaw\u0119 zapewniaj\u0105c\u0105 500 z\u0142 na ka\u017cde dziecko do 18. roku \u017cycia &#8211; Marek Kuchci\u0144ski","isPartOf":{"@id":"https:\/\/marekkuchcinski.pl\/#website"},"primaryImageOfPage":{"@id":"https:\/\/marekkuchcinski.pl\/wydarzenia\/sejm-przyjal-ustawe-zapewniajaca-500-zl-na-kazde-dziecko-do-18-roku-zycia\/#primaryimage"},"image":{"@id":"https:\/\/marekkuchcinski.pl\/wydarzenia\/sejm-przyjal-ustawe-zapewniajaca-500-zl-na-kazde-dziecko-do-18-roku-zycia\/#primaryimage"},"thumbnailUrl":"https:\/\/marekkuchcinski.pl\/wp-content\/uploads\/2019\/04\/62434_564848326904827_554205125_n.jpg","datePublished":"2019-04-26T12:03:18+00:00","dateModified":"2019-04-26T12:03:19+00:00","breadcrumb":{"@id":"https:\/\/marekkuchcinski.pl\/wydarzenia\/sejm-przyjal-ustawe-zapewniajaca-500-zl-na-kazde-dziecko-do-18-roku-zycia\/#breadcrumb"},"inLanguage":"en-GB","potentialAction":[{"@type":"ReadAction","target":["https:\/\/marekkuchcinski.pl\/wydarzenia\/sejm-przyjal-ustawe-zapewniajaca-500-zl-na-kazde-dziecko-do-18-roku-zycia\/"]}]},{"@type":"ImageObject","inLanguage":"en-GB","@id":"https:\/\/marekkuchcinski.pl\/wydarzenia\/sejm-przyjal-ustawe-zapewniajaca-500-zl-na-kazde-dziecko-do-18-roku-zycia\/#primaryimage","url":"https:\/\/marekkuchcinski.pl\/wp-content\/uploads\/2019\/04\/62434_564848326904827_554205125_n.jpg","contentUrl":"https:\/\/marekkuchcinski.pl\/wp-content\/uploads\/2019\/04\/62434_564848326904827_554205125_n.jpg","width":960,"height":640},{"@type":"BreadcrumbList","@id":"https:\/\/marekkuchcinski.pl\/wydarzenia\/sejm-przyjal-ustawe-zapewniajaca-500-zl-na-kazde-dziecko-do-18-roku-zycia\/#breadcrumb","itemListElement":[{"@type":"ListItem","position":1,"name":"Strona g\u0142\u00f3wna","item":"https:\/\/marekkuchcinski.pl\/"},{"@type":"ListItem","position":2,"name":"Sejm przyj\u0105\u0142 ustaw\u0119 zapewniaj\u0105c\u0105 500 z\u0142 na ka\u017cde dziecko do 18. roku \u017cycia"}]},{"@type":"WebSite","@id":"https:\/\/marekkuchcinski.pl\/#website","url":"https:\/\/marekkuchcinski.pl\/","name":"Marek Kuchci\u0144ski","description":"Pose\u0142 na sejm RP &ndash; okr\u0119g nr 22","publisher":{"@id":"https:\/\/marekkuchcinski.pl\/#organization"},"potentialAction":[{"@type":"SearchAction","target":{"@type":"EntryPoint","urlTemplate":"https:\/\/marekkuchcinski.pl\/?s={search_term_string}"},"query-input":{"@type":"PropertyValueSpecification","valueRequired":true,"valueName":"search_term_string"}}],"inLanguage":"en-GB"},{"@type":"Organization","@id":"https:\/\/marekkuchcinski.pl\/#organization","name":"Marek Kuchci\u0144ski","url":"https:\/\/marekkuchcinski.pl\/","logo":{"@type":"ImageObject","inLanguage":"en-GB","@id":"https:\/\/marekkuchcinski.pl\/#\/schema\/logo\/image\/","url":"https:\/\/marekkuchcinski.pl\/wp-content\/uploads\/2022\/09\/Marek.jpg","contentUrl":"https:\/\/marekkuchcinski.pl\/wp-content\/uploads\/2022\/09\/Marek.jpg","width":1600,"height":971,"caption":"Marek Kuchci\u0144ski"},"image":{"@id":"https:\/\/marekkuchcinski.pl\/#\/schema\/logo\/image\/"}},{"@type":"Person","@id":"https:\/\/marekkuchcinski.pl\/#\/schema\/person\/6f62700996b4d950b6ea2d1183b6c6be","name":"admin","image":{"@type":"ImageObject","inLanguage":"en-GB","@id":"https:\/\/marekkuchcinski.pl\/#\/schema\/person\/image\/","url":"https:\/\/secure.gravatar.com\/avatar\/4bab693b9d55c3d6b52c0296a8765085?s=96&d=mm&r=g","contentUrl":"https:\/\/secure.gravatar.com\/avatar\/4bab693b9d55c3d6b52c0296a8765085?s=96&d=mm&r=g","caption":"admin"},"url":"https:\/\/marekkuchcinski.pl\/en\/author\/marta-olejnik\/"}]}},"_links":{"self":[{"href":"https:\/\/marekkuchcinski.pl\/en\/wp-json\/wp\/v2\/posts\/15115","targetHints":{"allow":["GET"]}}],"collection":[{"href":"https:\/\/marekkuchcinski.pl\/en\/wp-json\/wp\/v2\/posts"}],"about":[{"href":"https:\/\/marekkuchcinski.pl\/en\/wp-json\/wp\/v2\/types\/post"}],"author":[{"embeddable":true,"href":"https:\/\/marekkuchcinski.pl\/en\/wp-json\/wp\/v2\/users\/6"}],"replies":[{"embeddable":true,"href":"https:\/\/marekkuchcinski.pl\/en\/wp-json\/wp\/v2\/comments?post=15115"}],"version-history":[{"count":2,"href":"https:\/\/marekkuchcinski.pl\/en\/wp-json\/wp\/v2\/posts\/15115\/revisions"}],"predecessor-version":[{"id":15121,"href":"https:\/\/marekkuchcinski.pl\/en\/wp-json\/wp\/v2\/posts\/15115\/revisions\/15121"}],"wp:featuredmedia":[{"embeddable":true,"href":"https:\/\/marekkuchcinski.pl\/en\/wp-json\/wp\/v2\/media\/15122"}],"wp:attachment":[{"href":"https:\/\/marekkuchcinski.pl\/en\/wp-json\/wp\/v2\/media?parent=15115"}],"wp:term":[{"taxonomy":"category","embeddable":true,"href":"https:\/\/marekkuchcinski.pl\/en\/wp-json\/wp\/v2\/categories?post=15115"},{"taxonomy":"post_tag","embeddable":true,"href":"https:\/\/marekkuchcinski.pl\/en\/wp-json\/wp\/v2\/tags?post=15115"}],"curies":[{"name":"wp","href":"https:\/\/api.w.org\/{rel}","templated":true}]}}