{"id":15044,"date":"2019-04-25T16:21:18","date_gmt":"2019-04-25T14:21:18","guid":{"rendered":"https:\/\/marekkuchcinski.pl\/?p=15044"},"modified":"2019-04-29T15:26:32","modified_gmt":"2019-04-29T13:26:32","slug":"marek-kuchcinski-odslonil-popiersia-wspoltworcow-konstytucji-3-maja","status":"publish","type":"post","link":"https:\/\/marekkuchcinski.pl\/en\/wydarzenia\/marek-kuchcinski-odslonil-popiersia-wspoltworcow-konstytucji-3-maja\/","title":{"rendered":"Marek Kuchci\u0144ski unveiled busts of co-authors of the 3rd of May Constitution"},"content":{"rendered":"<p>In the heart of the Sejm complex, a gallery of sculptures depicting the Speakers of the Chamber of Deputies from the period of the First Republic was initiated.<\/p>\n\n\n\n<p>Marshal of the Sejm Marek Kuchci\u0144ski unveiling the busts of the co-authors of the 3rd of May Constitution: Stanis\u0142aw Ma\u0142achowski, Marshal of the Four-Year Sejm, and Kazimierz Nestor Sapieha, Marshal of the Confederation of the Grand Duchy of Lithuania, said:<\/p>\n\n\n\n<p>We unveil the statues of these two marshals first, because this year we are celebrating the 450th anniversary of the signing of the Union of Lublin.<\/p>\n\n\n\n<p>It united the two states, allowing for the creation of a\nunique parliamentary system in Europe. <\/p>\n\n\n\n<p>And the confirmation of the durability of the idea of the union took place in 1791 during the Four-Year Sejm in the presence of Marshals Malachowski and Sapieha.<\/p>\n\n\n\n<p>The wisdom and foresight of both marshals, the deep political sense\npolitical sense and respect for republican values made it possible to combine the\nfor sovereignty with reforming the system of the Polish-Lithuanian Commonwealth. These ideas are still\nand inspiring.<\/p>\n\n\n\n<p>Last year, the act of union of Lublin was inscribed on the UNESCO World Memory of the World Program, which was jointly sought by Poland, Lithuania, Latvia, Belarus and Ukraine.<\/p>\n\n\n\n<p>We hope that these sculptures, as works of national art placed in the grounds of the Sejm, as well as the portraits of the Marshals of the First and Second Republics, will help to shape the historical memory and social sensitivity of the Poles,\" emphasized the Speaker of the Sejm.<\/p>\n\n\n\n<p>This gallery is one of the projects undertaken last year as part of the celebrations of the 550th anniversary of the Parliamentarism of the Republic of Poland. <\/p>\n\n\n\n<p><em>Photo by Marta Olejnik<\/em><\/p>\n\n\n\n<figure class=\"wp-block-image\"><img fetchpriority=\"high\" decoding=\"async\" width=\"709\" height=\"1024\" src=\"https:\/\/marekkuchcinski.pl\/wp-content\/uploads\/2019\/04\/IMG_9057-2-709x1024.jpg\" alt=\"\" class=\"wp-image-15136\" srcset=\"https:\/\/marekkuchcinski.pl\/wp-content\/uploads\/2019\/04\/IMG_9057-2-709x1024.jpg 709w, https:\/\/marekkuchcinski.pl\/wp-content\/uploads\/2019\/04\/IMG_9057-2-208x300.jpg 208w, https:\/\/marekkuchcinski.pl\/wp-content\/uploads\/2019\/04\/IMG_9057-2-768x1109.jpg 768w, https:\/\/marekkuchcinski.pl\/wp-content\/uploads\/2019\/04\/IMG_9057-2.jpg 1419w\" sizes=\"(max-width: 709px) 100vw, 709px\" \/><figcaption> <br><strong>C A Z I M I E R Z<br> N E S T O R S A P I E H A<\/strong><br><strong>1754-1798<br><\/strong><br>He studied at the Knights School (1767-1771). General of the Lithuanian Artillery<br> (1773-1792). At the Great Sejm in 1788, he became marshal of the confederation<br> Lithuanian. At first he leaned towards the Hetman's side<br> (related to hetman Franciszek Ksawery Branicki), but under<br> Under the influence of Stanis\u0142aw Ma\u0142achowski he went over to the side of the supporters<br> reforms and swore in the Constitution of May 3. He protested against the accession of<br> Stanis\u0142aw August to the Targowicki Confederation and left Poland. After<br> the outbreak of the Ko\u015bciuszko Uprising, he returned to the country and fought<br> in the rank of captain of artillery, and after the fall of the insurrection he went again<br> He went into exile. His Sejm speeches were published in print, his poems<br> He published in \"Zabawy Przyjemne i Po\u017cytecznych\" (\"Pleasant and Useful Plays\").<br><br> <br>The author of the bust <strong>Kazimierz Nestor Sapieha<\/strong> is Marek Szczepanik, a graduate of the Academy of Fine Arts in Warsaw, a sculptor from Radom, cooperating with the Institute of National Remembrance and the \"We Remember\" Foundation, the author of, among others, several monuments dedicated to the soldiers of the cursed, the Monument to the Deeds of Legions and Jan Kili\u0144ski in Radom.  <br><br><\/figcaption><\/figure>\n\n\n\n<figure class=\"wp-block-image\"><img decoding=\"async\" width=\"781\" height=\"1024\" src=\"https:\/\/marekkuchcinski.pl\/wp-content\/uploads\/2019\/04\/IMG_9063-1-781x1024.jpg\" alt=\"\" class=\"wp-image-15139\" srcset=\"https:\/\/marekkuchcinski.pl\/wp-content\/uploads\/2019\/04\/IMG_9063-1-781x1024.jpg 781w, https:\/\/marekkuchcinski.pl\/wp-content\/uploads\/2019\/04\/IMG_9063-1-229x300.jpg 229w, https:\/\/marekkuchcinski.pl\/wp-content\/uploads\/2019\/04\/IMG_9063-1-768x1006.jpg 768w, https:\/\/marekkuchcinski.pl\/wp-content\/uploads\/2019\/04\/IMG_9063-1.jpg 1563w\" sizes=\"(max-width: 781px) 100vw, 781px\" \/><figcaption> <br><strong>S T A N I S M<br> M A \u0141 A C H O W S K I<br>1736-18<\/strong>0<strong>9<\/strong><br><br>  He signed the election of Stanis\u0142aw August (1764). One of the most prominent<br> members of the patriotic party, supported the emancipatory aspirations of<br> townsmen. Judge and Marshal of the Crown Tribunal from 1774, famous<br> of impeccable integrity (called the Polish Aristides). Referendarz<br> Grand Crown Prince (1780-1792). As Speaker of the Great Sejm (1788-1792)<br> worked to bring together the positions of the patriotic party<br> and royalty. He participated in drafting the text of the 3rd of May Constitution.<br> In 1792, he publicly condemned the Targowica Confederation and demonstratively<br> resigned from office, having previously limited (suspended) the deliberations of the Great Sejm.<br> Knight of the Order of the White Eagle (1782). In 1807 he became president of the Commission<br> He was also a member of the ruling party and later the president of the Senate of the Duchy of Warsaw. <br><br><br> The author of the bust <strong>Stanislaw Malachowski<\/strong> is El\u017cbieta Ko\u0142odziejczyk-Macander, lecturer in the Department of Conservation and Restoration of Sculpture and Architectural Elements at the Academy of Fine Arts in Warsaw. Her achievements include the restoration of works by J\u00f3zef Gos\u0142awski, which since 2013 have decorated the courtyard of the Sejm, and the conservation of<br>interior of the St. Lawrence Collegiate Church in Zhovkva, Ukraine. The bronze cast of the bust was made by Marek Zebrowski, a sculptor from Bielsko-Biala.  <br><br><br><\/figcaption><\/figure>\n\n\n\n<figure class=\"wp-block-image\"><img decoding=\"async\" width=\"1024\" height=\"683\" src=\"https:\/\/marekkuchcinski.pl\/wp-content\/uploads\/2019\/04\/IMG_9077-1024x683.jpg\" alt=\"\" class=\"wp-image-15143\" srcset=\"https:\/\/marekkuchcinski.pl\/wp-content\/uploads\/2019\/04\/IMG_9077-1024x683.jpg 1024w, https:\/\/marekkuchcinski.pl\/wp-content\/uploads\/2019\/04\/IMG_9077-300x200.jpg 300w, https:\/\/marekkuchcinski.pl\/wp-content\/uploads\/2019\/04\/IMG_9077-768x512.jpg 768w, https:\/\/marekkuchcinski.pl\/wp-content\/uploads\/2019\/04\/IMG_9077.jpg 2048w\" sizes=\"(max-width: 1024px) 100vw, 1024px\" \/><\/figure>\n\n\n\n<figure class=\"wp-block-image\"><img loading=\"lazy\" decoding=\"async\" width=\"1024\" height=\"683\" src=\"https:\/\/marekkuchcinski.pl\/wp-content\/uploads\/2019\/04\/IMG_9065-1024x683.jpg\" alt=\"\" class=\"wp-image-15147\" srcset=\"https:\/\/marekkuchcinski.pl\/wp-content\/uploads\/2019\/04\/IMG_9065-1024x683.jpg 1024w, https:\/\/marekkuchcinski.pl\/wp-content\/uploads\/2019\/04\/IMG_9065-300x200.jpg 300w, https:\/\/marekkuchcinski.pl\/wp-content\/uploads\/2019\/04\/IMG_9065-768x512.jpg 768w, https:\/\/marekkuchcinski.pl\/wp-content\/uploads\/2019\/04\/IMG_9065.jpg 2048w\" sizes=\"(max-width: 1024px) 100vw, 1024px\" \/><\/figure>\n\n\n\n<figure class=\"wp-block-image\"><img loading=\"lazy\" decoding=\"async\" width=\"1024\" height=\"683\" src=\"https:\/\/marekkuchcinski.pl\/wp-content\/uploads\/2019\/04\/IMG_8698-1-1024x683.jpg\" alt=\"\" class=\"wp-image-15060\" srcset=\"https:\/\/marekkuchcinski.pl\/wp-content\/uploads\/2019\/04\/IMG_8698-1-1024x683.jpg 1024w, https:\/\/marekkuchcinski.pl\/wp-content\/uploads\/2019\/04\/IMG_8698-1-300x200.jpg 300w, https:\/\/marekkuchcinski.pl\/wp-content\/uploads\/2019\/04\/IMG_8698-1-768x512.jpg 768w, https:\/\/marekkuchcinski.pl\/wp-content\/uploads\/2019\/04\/IMG_8698-1.jpg 2048w\" sizes=\"(max-width: 1024px) 100vw, 1024px\" \/><\/figure>\n\n\n\n<figure class=\"wp-block-image\"><img loading=\"lazy\" decoding=\"async\" width=\"1024\" height=\"683\" src=\"https:\/\/marekkuchcinski.pl\/wp-content\/uploads\/2019\/04\/IMG_8738-1-1024x683.jpg\" alt=\"\" class=\"wp-image-15151\" srcset=\"https:\/\/marekkuchcinski.pl\/wp-content\/uploads\/2019\/04\/IMG_8738-1-1024x683.jpg 1024w, https:\/\/marekkuchcinski.pl\/wp-content\/uploads\/2019\/04\/IMG_8738-1-300x200.jpg 300w, https:\/\/marekkuchcinski.pl\/wp-content\/uploads\/2019\/04\/IMG_8738-1-768x512.jpg 768w, https:\/\/marekkuchcinski.pl\/wp-content\/uploads\/2019\/04\/IMG_8738-1.jpg 2048w\" sizes=\"(max-width: 1024px) 100vw, 1024px\" \/><\/figure>\n\n\n\n<figure class=\"wp-block-image\"><img loading=\"lazy\" decoding=\"async\" width=\"1024\" height=\"683\" src=\"https:\/\/marekkuchcinski.pl\/wp-content\/uploads\/2019\/04\/IMG_8800-1024x683.jpg\" alt=\"\" class=\"wp-image-15152\" srcset=\"https:\/\/marekkuchcinski.pl\/wp-content\/uploads\/2019\/04\/IMG_8800-1024x683.jpg 1024w, https:\/\/marekkuchcinski.pl\/wp-content\/uploads\/2019\/04\/IMG_8800-300x200.jpg 300w, https:\/\/marekkuchcinski.pl\/wp-content\/uploads\/2019\/04\/IMG_8800-768x512.jpg 768w, https:\/\/marekkuchcinski.pl\/wp-content\/uploads\/2019\/04\/IMG_8800.jpg 2048w\" sizes=\"(max-width: 1024px) 100vw, 1024px\" \/><\/figure>\n\n\n\n<ul class=\"wp-block-gallery columns-1 is-cropped wp-block-gallery-1 is-layout-flex wp-block-gallery-is-layout-flex\"><li class=\"blocks-gallery-item\"><figure><img loading=\"lazy\" decoding=\"async\" width=\"1024\" height=\"683\" src=\"https:\/\/marekkuchcinski.pl\/wp-content\/uploads\/2019\/04\/IMG_8774-1024x683.jpg\" alt=\"\" data-id=\"15046\" data-link=\"https:\/\/marekkuchcinski.pl\/?attachment_id=15046\" class=\"wp-image-15046\" srcset=\"https:\/\/marekkuchcinski.pl\/wp-content\/uploads\/2019\/04\/IMG_8774-1024x683.jpg 1024w, https:\/\/marekkuchcinski.pl\/wp-content\/uploads\/2019\/04\/IMG_8774-300x200.jpg 300w, https:\/\/marekkuchcinski.pl\/wp-content\/uploads\/2019\/04\/IMG_8774-768x512.jpg 768w, https:\/\/marekkuchcinski.pl\/wp-content\/uploads\/2019\/04\/IMG_8774.jpg 2048w\" sizes=\"(max-width: 1024px) 100vw, 1024px\" \/><\/figure><\/li><li class=\"blocks-gallery-item\"><figure><img loading=\"lazy\" decoding=\"async\" width=\"1024\" height=\"683\" src=\"https:\/\/marekkuchcinski.pl\/wp-content\/uploads\/2019\/04\/IMG_8810-1024x683.jpg\" alt=\"\" data-id=\"15049\" data-link=\"https:\/\/marekkuchcinski.pl\/?attachment_id=15049\" class=\"wp-image-15049\" srcset=\"https:\/\/marekkuchcinski.pl\/wp-content\/uploads\/2019\/04\/IMG_8810-1024x683.jpg 1024w, https:\/\/marekkuchcinski.pl\/wp-content\/uploads\/2019\/04\/IMG_8810-300x200.jpg 300w, https:\/\/marekkuchcinski.pl\/wp-content\/uploads\/2019\/04\/IMG_8810-768x512.jpg 768w, https:\/\/marekkuchcinski.pl\/wp-content\/uploads\/2019\/04\/IMG_8810.jpg 2048w\" sizes=\"(max-width: 1024px) 100vw, 1024px\" \/><\/figure><\/li><li class=\"blocks-gallery-item\"><figure><img loading=\"lazy\" decoding=\"async\" width=\"1024\" height=\"683\" src=\"https:\/\/marekkuchcinski.pl\/wp-content\/uploads\/2019\/04\/IMG_8856-1024x683.jpg\" alt=\"\" data-id=\"15051\" data-link=\"https:\/\/marekkuchcinski.pl\/?attachment_id=15051\" class=\"wp-image-15051\" srcset=\"https:\/\/marekkuchcinski.pl\/wp-content\/uploads\/2019\/04\/IMG_8856-1024x683.jpg 1024w, https:\/\/marekkuchcinski.pl\/wp-content\/uploads\/2019\/04\/IMG_8856-300x200.jpg 300w, https:\/\/marekkuchcinski.pl\/wp-content\/uploads\/2019\/04\/IMG_8856-768x512.jpg 768w, https:\/\/marekkuchcinski.pl\/wp-content\/uploads\/2019\/04\/IMG_8856.jpg 2048w\" sizes=\"(max-width: 1024px) 100vw, 1024px\" \/><\/figure><\/li><li class=\"blocks-gallery-item\"><figure><img loading=\"lazy\" decoding=\"async\" width=\"1024\" height=\"683\" src=\"https:\/\/marekkuchcinski.pl\/wp-content\/uploads\/2019\/04\/IMG_9029-1024x683.jpg\" alt=\"\" data-id=\"15055\" data-link=\"https:\/\/marekkuchcinski.pl\/?attachment_id=15055\" class=\"wp-image-15055\" srcset=\"https:\/\/marekkuchcinski.pl\/wp-content\/uploads\/2019\/04\/IMG_9029-1024x683.jpg 1024w, https:\/\/marekkuchcinski.pl\/wp-content\/uploads\/2019\/04\/IMG_9029-300x200.jpg 300w, https:\/\/marekkuchcinski.pl\/wp-content\/uploads\/2019\/04\/IMG_9029-768x512.jpg 768w, https:\/\/marekkuchcinski.pl\/wp-content\/uploads\/2019\/04\/IMG_9029.jpg 2048w\" sizes=\"(max-width: 1024px) 100vw, 1024px\" \/><\/figure><\/li><li class=\"blocks-gallery-item\"><figure><img loading=\"lazy\" decoding=\"async\" width=\"1024\" height=\"605\" src=\"https:\/\/marekkuchcinski.pl\/wp-content\/uploads\/2019\/04\/IMG_8904-1024x605.jpg\" alt=\"\" data-id=\"15057\" data-link=\"https:\/\/marekkuchcinski.pl\/?attachment_id=15057\" class=\"wp-image-15057\" srcset=\"https:\/\/marekkuchcinski.pl\/wp-content\/uploads\/2019\/04\/IMG_8904-1024x605.jpg 1024w, https:\/\/marekkuchcinski.pl\/wp-content\/uploads\/2019\/04\/IMG_8904-300x177.jpg 300w, https:\/\/marekkuchcinski.pl\/wp-content\/uploads\/2019\/04\/IMG_8904-768x453.jpg 768w, https:\/\/marekkuchcinski.pl\/wp-content\/uploads\/2019\/04\/IMG_8904.jpg 2048w\" sizes=\"(max-width: 1024px) 100vw, 1024px\" \/><\/figure><\/li><\/ul>\n\n\n\n<figure class=\"wp-block-image\"><img loading=\"lazy\" decoding=\"async\" width=\"1024\" height=\"683\" src=\"https:\/\/marekkuchcinski.pl\/wp-content\/uploads\/2019\/04\/IMG_8979-1024x683.jpg\" alt=\"\" class=\"wp-image-15070\" srcset=\"https:\/\/marekkuchcinski.pl\/wp-content\/uploads\/2019\/04\/IMG_8979-1024x683.jpg 1024w, https:\/\/marekkuchcinski.pl\/wp-content\/uploads\/2019\/04\/IMG_8979-300x200.jpg 300w, https:\/\/marekkuchcinski.pl\/wp-content\/uploads\/2019\/04\/IMG_8979-768x512.jpg 768w, https:\/\/marekkuchcinski.pl\/wp-content\/uploads\/2019\/04\/IMG_8979.jpg 2048w\" sizes=\"(max-width: 1024px) 100vw, 1024px\" \/><\/figure>\n\n\n\n<figure class=\"wp-block-image\"><img loading=\"lazy\" decoding=\"async\" width=\"1024\" height=\"683\" src=\"https:\/\/marekkuchcinski.pl\/wp-content\/uploads\/2019\/04\/IMG_8794-1024x683.jpg\" alt=\"\" class=\"wp-image-15112\" srcset=\"https:\/\/marekkuchcinski.pl\/wp-content\/uploads\/2019\/04\/IMG_8794-1024x683.jpg 1024w, https:\/\/marekkuchcinski.pl\/wp-content\/uploads\/2019\/04\/IMG_8794-300x200.jpg 300w, https:\/\/marekkuchcinski.pl\/wp-content\/uploads\/2019\/04\/IMG_8794-768x512.jpg 768w, https:\/\/marekkuchcinski.pl\/wp-content\/uploads\/2019\/04\/IMG_8794.jpg 2048w\" sizes=\"(max-width: 1024px) 100vw, 1024px\" \/><\/figure>\n\n\n\n<p><\/p>","protected":false},"excerpt":{"rendered":"<p>At the heart of the Sejm complex, a gallery of sculptures depicting the Marshals of the Chamber of Deputies from the period of the First Republic was initiated. Sejm Speaker Marek Kuchcinski unveiling busts of the co-founders of the May 3 Constitution: Stanis\u0142aw Ma\u0142achowski, Marshal of the Four-Year Sejm, and Kazimierz Nestor Sapieha, Marshal of the Confederation of the Grand Duchy of Lithuania, said: We are unveiling the sculptures of these two marshals first, as this year we are celebrating the 450th anniversary of the signing of the [...]<\/p>","protected":false},"author":6,"featured_media":15051,"comment_status":"open","ping_status":"open","sticky":false,"template":"","format":"standard","meta":{"ngg_post_thumbnail":0,"footnotes":""},"categories":[145,3],"tags":[],"class_list":["post-15044","post","type-post","status-publish","format-standard","has-post-thumbnail","hentry","category-sejmgalszt","category-wydarzenia"],"yoast_head":"<!-- This site is optimized with the Yoast SEO plugin v24.7 - https:\/\/yoast.com\/wordpress\/plugins\/seo\/ -->\n<title>Marek Kuchci\u0144ski ods\u0142oni\u0142 popiersia wsp\u00f3\u0142tw\u00f3rc\u00f3w Konstytucji 3 maja &#8211; Marek Kuchci\u0144ski<\/title>\n<meta name=\"robots\" content=\"index, follow, max-snippet:-1, max-image-preview:large, max-video-preview:-1\" \/>\n<link rel=\"canonical\" href=\"https:\/\/marekkuchcinski.pl\/en\/wydarzenia\/marek-kuchcinski-odslonil-popiersia-wspoltworcow-konstytucji-3-maja\/\" \/>\n<meta property=\"og:locale\" content=\"en_GB\" \/>\n<meta property=\"og:type\" content=\"article\" \/>\n<meta property=\"og:title\" content=\"Marek Kuchci\u0144ski ods\u0142oni\u0142 popiersia wsp\u00f3\u0142tw\u00f3rc\u00f3w Konstytucji 3 maja &#8211; Marek Kuchci\u0144ski\" \/>\n<meta property=\"og:description\" content=\"W samym sercu kompleksu sejmowego zainicjowano galeri\u0119 rze\u017ab przedstawiaj\u0105cych marsza\u0142k\u00f3w izby poselskiej z&nbsp;&nbsp;okresu I&nbsp;&nbsp;Rzeczypospolitej. Marsza\u0142ek Sejmu Marek Kuchci\u0144ski ods\u0142aniaj\u0105c popiersia wsp\u00f3\u0142tw\u00f3rc\u00f3w Konstytucji 3 maja: Stanis\u0142awa Ma\u0142achowskiego, marsza\u0142ka Sejmu Czteroletniego oraz Kazimierza Nestora Sapiehy, marsza\u0142ka konfederacji Wielkiego Ksi\u0119stwa Litewskiego, powiedzia\u0142: Rze\u017aby tych dw\u00f3ch marsza\u0142k\u00f3w ods\u0142aniamy w pierwszej kolejno\u015bci, bowiem w tym roku obchodzimy 450. rocznic\u0119 podpisania [&hellip;]\" \/>\n<meta property=\"og:url\" content=\"https:\/\/marekkuchcinski.pl\/en\/wydarzenia\/marek-kuchcinski-odslonil-popiersia-wspoltworcow-konstytucji-3-maja\/\" \/>\n<meta property=\"og:site_name\" content=\"Marek Kuchci\u0144ski\" \/>\n<meta property=\"article:published_time\" content=\"2019-04-25T14:21:18+00:00\" \/>\n<meta property=\"article:modified_time\" content=\"2019-04-29T13:26:32+00:00\" \/>\n<meta property=\"og:image\" content=\"https:\/\/marekkuchcinski.pl\/wp-content\/uploads\/2019\/04\/IMG_8856.jpg\" \/>\n\t<meta property=\"og:image:width\" content=\"2048\" \/>\n\t<meta property=\"og:image:height\" content=\"1365\" \/>\n\t<meta property=\"og:image:type\" content=\"image\/jpeg\" \/>\n<meta name=\"author\" content=\"admin\" \/>\n<meta name=\"twitter:card\" content=\"summary_large_image\" \/>\n<meta name=\"twitter:label1\" content=\"Written by\" \/>\n\t<meta name=\"twitter:data1\" content=\"admin\" \/>\n\t<meta name=\"twitter:label2\" content=\"Estimated reading time\" \/>\n\t<meta name=\"twitter:data2\" content=\"3 minutes\" \/>\n<script type=\"application\/ld+json\" class=\"yoast-schema-graph\">{\"@context\":\"https:\/\/schema.org\",\"@graph\":[{\"@type\":\"Article\",\"@id\":\"https:\/\/marekkuchcinski.pl\/wydarzenia\/marek-kuchcinski-odslonil-popiersia-wspoltworcow-konstytucji-3-maja\/#article\",\"isPartOf\":{\"@id\":\"https:\/\/marekkuchcinski.pl\/wydarzenia\/marek-kuchcinski-odslonil-popiersia-wspoltworcow-konstytucji-3-maja\/\"},\"author\":{\"name\":\"admin\",\"@id\":\"https:\/\/marekkuchcinski.pl\/#\/schema\/person\/6f62700996b4d950b6ea2d1183b6c6be\"},\"headline\":\"Marek Kuchci\u0144ski ods\u0142oni\u0142 popiersia wsp\u00f3\u0142tw\u00f3rc\u00f3w Konstytucji 3 maja\",\"datePublished\":\"2019-04-25T14:21:18+00:00\",\"dateModified\":\"2019-04-29T13:26:32+00:00\",\"mainEntityOfPage\":{\"@id\":\"https:\/\/marekkuchcinski.pl\/wydarzenia\/marek-kuchcinski-odslonil-popiersia-wspoltworcow-konstytucji-3-maja\/\"},\"wordCount\":656,\"commentCount\":0,\"publisher\":{\"@id\":\"https:\/\/marekkuchcinski.pl\/#organization\"},\"image\":{\"@id\":\"https:\/\/marekkuchcinski.pl\/wydarzenia\/marek-kuchcinski-odslonil-popiersia-wspoltworcow-konstytucji-3-maja\/#primaryimage\"},\"thumbnailUrl\":\"https:\/\/marekkuchcinski.pl\/wp-content\/uploads\/2019\/04\/IMG_8856.jpg\",\"articleSection\":[\"Sejmowa galeria sztuki\",\"Wydarzenia\"],\"inLanguage\":\"en-GB\",\"potentialAction\":[{\"@type\":\"CommentAction\",\"name\":\"Comment\",\"target\":[\"https:\/\/marekkuchcinski.pl\/wydarzenia\/marek-kuchcinski-odslonil-popiersia-wspoltworcow-konstytucji-3-maja\/#respond\"]}]},{\"@type\":\"WebPage\",\"@id\":\"https:\/\/marekkuchcinski.pl\/wydarzenia\/marek-kuchcinski-odslonil-popiersia-wspoltworcow-konstytucji-3-maja\/\",\"url\":\"https:\/\/marekkuchcinski.pl\/wydarzenia\/marek-kuchcinski-odslonil-popiersia-wspoltworcow-konstytucji-3-maja\/\",\"name\":\"Marek Kuchci\u0144ski ods\u0142oni\u0142 popiersia wsp\u00f3\u0142tw\u00f3rc\u00f3w Konstytucji 3 maja &#8211; Marek Kuchci\u0144ski\",\"isPartOf\":{\"@id\":\"https:\/\/marekkuchcinski.pl\/#website\"},\"primaryImageOfPage\":{\"@id\":\"https:\/\/marekkuchcinski.pl\/wydarzenia\/marek-kuchcinski-odslonil-popiersia-wspoltworcow-konstytucji-3-maja\/#primaryimage\"},\"image\":{\"@id\":\"https:\/\/marekkuchcinski.pl\/wydarzenia\/marek-kuchcinski-odslonil-popiersia-wspoltworcow-konstytucji-3-maja\/#primaryimage\"},\"thumbnailUrl\":\"https:\/\/marekkuchcinski.pl\/wp-content\/uploads\/2019\/04\/IMG_8856.jpg\",\"datePublished\":\"2019-04-25T14:21:18+00:00\",\"dateModified\":\"2019-04-29T13:26:32+00:00\",\"breadcrumb\":{\"@id\":\"https:\/\/marekkuchcinski.pl\/wydarzenia\/marek-kuchcinski-odslonil-popiersia-wspoltworcow-konstytucji-3-maja\/#breadcrumb\"},\"inLanguage\":\"en-GB\",\"potentialAction\":[{\"@type\":\"ReadAction\",\"target\":[\"https:\/\/marekkuchcinski.pl\/wydarzenia\/marek-kuchcinski-odslonil-popiersia-wspoltworcow-konstytucji-3-maja\/\"]}]},{\"@type\":\"ImageObject\",\"inLanguage\":\"en-GB\",\"@id\":\"https:\/\/marekkuchcinski.pl\/wydarzenia\/marek-kuchcinski-odslonil-popiersia-wspoltworcow-konstytucji-3-maja\/#primaryimage\",\"url\":\"https:\/\/marekkuchcinski.pl\/wp-content\/uploads\/2019\/04\/IMG_8856.jpg\",\"contentUrl\":\"https:\/\/marekkuchcinski.pl\/wp-content\/uploads\/2019\/04\/IMG_8856.jpg\",\"width\":2048,\"height\":1365},{\"@type\":\"BreadcrumbList\",\"@id\":\"https:\/\/marekkuchcinski.pl\/wydarzenia\/marek-kuchcinski-odslonil-popiersia-wspoltworcow-konstytucji-3-maja\/#breadcrumb\",\"itemListElement\":[{\"@type\":\"ListItem\",\"position\":1,\"name\":\"Strona g\u0142\u00f3wna\",\"item\":\"https:\/\/marekkuchcinski.pl\/\"},{\"@type\":\"ListItem\",\"position\":2,\"name\":\"Marek Kuchci\u0144ski ods\u0142oni\u0142 popiersia wsp\u00f3\u0142tw\u00f3rc\u00f3w Konstytucji 3 maja\"}]},{\"@type\":\"WebSite\",\"@id\":\"https:\/\/marekkuchcinski.pl\/#website\",\"url\":\"https:\/\/marekkuchcinski.pl\/\",\"name\":\"Marek Kuchci\u0144ski\",\"description\":\"Pose\u0142 na sejm RP &ndash; okr\u0119g nr 22\",\"publisher\":{\"@id\":\"https:\/\/marekkuchcinski.pl\/#organization\"},\"potentialAction\":[{\"@type\":\"SearchAction\",\"target\":{\"@type\":\"EntryPoint\",\"urlTemplate\":\"https:\/\/marekkuchcinski.pl\/?s={search_term_string}\"},\"query-input\":{\"@type\":\"PropertyValueSpecification\",\"valueRequired\":true,\"valueName\":\"search_term_string\"}}],\"inLanguage\":\"en-GB\"},{\"@type\":\"Organization\",\"@id\":\"https:\/\/marekkuchcinski.pl\/#organization\",\"name\":\"Marek Kuchci\u0144ski\",\"url\":\"https:\/\/marekkuchcinski.pl\/\",\"logo\":{\"@type\":\"ImageObject\",\"inLanguage\":\"en-GB\",\"@id\":\"https:\/\/marekkuchcinski.pl\/#\/schema\/logo\/image\/\",\"url\":\"https:\/\/marekkuchcinski.pl\/wp-content\/uploads\/2022\/09\/Marek.jpg\",\"contentUrl\":\"https:\/\/marekkuchcinski.pl\/wp-content\/uploads\/2022\/09\/Marek.jpg\",\"width\":1600,\"height\":971,\"caption\":\"Marek Kuchci\u0144ski\"},\"image\":{\"@id\":\"https:\/\/marekkuchcinski.pl\/#\/schema\/logo\/image\/\"}},{\"@type\":\"Person\",\"@id\":\"https:\/\/marekkuchcinski.pl\/#\/schema\/person\/6f62700996b4d950b6ea2d1183b6c6be\",\"name\":\"admin\",\"image\":{\"@type\":\"ImageObject\",\"inLanguage\":\"en-GB\",\"@id\":\"https:\/\/marekkuchcinski.pl\/#\/schema\/person\/image\/\",\"url\":\"https:\/\/secure.gravatar.com\/avatar\/4bab693b9d55c3d6b52c0296a8765085?s=96&d=mm&r=g\",\"contentUrl\":\"https:\/\/secure.gravatar.com\/avatar\/4bab693b9d55c3d6b52c0296a8765085?s=96&d=mm&r=g\",\"caption\":\"admin\"},\"url\":\"https:\/\/marekkuchcinski.pl\/en\/author\/marta-olejnik\/\"}]}<\/script>\n<!-- \/ Yoast SEO plugin. -->","yoast_head_json":{"title":"Marek Kuchci\u0144ski ods\u0142oni\u0142 popiersia wsp\u00f3\u0142tw\u00f3rc\u00f3w Konstytucji 3 maja &#8211; Marek Kuchci\u0144ski","robots":{"index":"index","follow":"follow","max-snippet":"max-snippet:-1","max-image-preview":"max-image-preview:large","max-video-preview":"max-video-preview:-1"},"canonical":"https:\/\/marekkuchcinski.pl\/en\/wydarzenia\/marek-kuchcinski-odslonil-popiersia-wspoltworcow-konstytucji-3-maja\/","og_locale":"en_GB","og_type":"article","og_title":"Marek Kuchci\u0144ski ods\u0142oni\u0142 popiersia wsp\u00f3\u0142tw\u00f3rc\u00f3w Konstytucji 3 maja &#8211; Marek Kuchci\u0144ski","og_description":"W samym sercu kompleksu sejmowego zainicjowano galeri\u0119 rze\u017ab przedstawiaj\u0105cych marsza\u0142k\u00f3w izby poselskiej z&nbsp;&nbsp;okresu I&nbsp;&nbsp;Rzeczypospolitej. Marsza\u0142ek Sejmu Marek Kuchci\u0144ski ods\u0142aniaj\u0105c popiersia wsp\u00f3\u0142tw\u00f3rc\u00f3w Konstytucji 3 maja: Stanis\u0142awa Ma\u0142achowskiego, marsza\u0142ka Sejmu Czteroletniego oraz Kazimierza Nestora Sapiehy, marsza\u0142ka konfederacji Wielkiego Ksi\u0119stwa Litewskiego, powiedzia\u0142: Rze\u017aby tych dw\u00f3ch marsza\u0142k\u00f3w ods\u0142aniamy w pierwszej kolejno\u015bci, bowiem w tym roku obchodzimy 450. rocznic\u0119 podpisania [&hellip;]","og_url":"https:\/\/marekkuchcinski.pl\/en\/wydarzenia\/marek-kuchcinski-odslonil-popiersia-wspoltworcow-konstytucji-3-maja\/","og_site_name":"Marek Kuchci\u0144ski","article_published_time":"2019-04-25T14:21:18+00:00","article_modified_time":"2019-04-29T13:26:32+00:00","og_image":[{"width":2048,"height":1365,"url":"https:\/\/marekkuchcinski.pl\/wp-content\/uploads\/2019\/04\/IMG_8856.jpg","type":"image\/jpeg"}],"author":"admin","twitter_card":"summary_large_image","twitter_misc":{"Written by":"admin","Estimated reading time":"3 minutes"},"schema":{"@context":"https:\/\/schema.org","@graph":[{"@type":"Article","@id":"https:\/\/marekkuchcinski.pl\/wydarzenia\/marek-kuchcinski-odslonil-popiersia-wspoltworcow-konstytucji-3-maja\/#article","isPartOf":{"@id":"https:\/\/marekkuchcinski.pl\/wydarzenia\/marek-kuchcinski-odslonil-popiersia-wspoltworcow-konstytucji-3-maja\/"},"author":{"name":"admin","@id":"https:\/\/marekkuchcinski.pl\/#\/schema\/person\/6f62700996b4d950b6ea2d1183b6c6be"},"headline":"Marek Kuchci\u0144ski ods\u0142oni\u0142 popiersia wsp\u00f3\u0142tw\u00f3rc\u00f3w Konstytucji 3 maja","datePublished":"2019-04-25T14:21:18+00:00","dateModified":"2019-04-29T13:26:32+00:00","mainEntityOfPage":{"@id":"https:\/\/marekkuchcinski.pl\/wydarzenia\/marek-kuchcinski-odslonil-popiersia-wspoltworcow-konstytucji-3-maja\/"},"wordCount":656,"commentCount":0,"publisher":{"@id":"https:\/\/marekkuchcinski.pl\/#organization"},"image":{"@id":"https:\/\/marekkuchcinski.pl\/wydarzenia\/marek-kuchcinski-odslonil-popiersia-wspoltworcow-konstytucji-3-maja\/#primaryimage"},"thumbnailUrl":"https:\/\/marekkuchcinski.pl\/wp-content\/uploads\/2019\/04\/IMG_8856.jpg","articleSection":["Sejmowa galeria sztuki","Wydarzenia"],"inLanguage":"en-GB","potentialAction":[{"@type":"CommentAction","name":"Comment","target":["https:\/\/marekkuchcinski.pl\/wydarzenia\/marek-kuchcinski-odslonil-popiersia-wspoltworcow-konstytucji-3-maja\/#respond"]}]},{"@type":"WebPage","@id":"https:\/\/marekkuchcinski.pl\/wydarzenia\/marek-kuchcinski-odslonil-popiersia-wspoltworcow-konstytucji-3-maja\/","url":"https:\/\/marekkuchcinski.pl\/wydarzenia\/marek-kuchcinski-odslonil-popiersia-wspoltworcow-konstytucji-3-maja\/","name":"Marek Kuchci\u0144ski ods\u0142oni\u0142 popiersia wsp\u00f3\u0142tw\u00f3rc\u00f3w Konstytucji 3 maja &#8211; Marek Kuchci\u0144ski","isPartOf":{"@id":"https:\/\/marekkuchcinski.pl\/#website"},"primaryImageOfPage":{"@id":"https:\/\/marekkuchcinski.pl\/wydarzenia\/marek-kuchcinski-odslonil-popiersia-wspoltworcow-konstytucji-3-maja\/#primaryimage"},"image":{"@id":"https:\/\/marekkuchcinski.pl\/wydarzenia\/marek-kuchcinski-odslonil-popiersia-wspoltworcow-konstytucji-3-maja\/#primaryimage"},"thumbnailUrl":"https:\/\/marekkuchcinski.pl\/wp-content\/uploads\/2019\/04\/IMG_8856.jpg","datePublished":"2019-04-25T14:21:18+00:00","dateModified":"2019-04-29T13:26:32+00:00","breadcrumb":{"@id":"https:\/\/marekkuchcinski.pl\/wydarzenia\/marek-kuchcinski-odslonil-popiersia-wspoltworcow-konstytucji-3-maja\/#breadcrumb"},"inLanguage":"en-GB","potentialAction":[{"@type":"ReadAction","target":["https:\/\/marekkuchcinski.pl\/wydarzenia\/marek-kuchcinski-odslonil-popiersia-wspoltworcow-konstytucji-3-maja\/"]}]},{"@type":"ImageObject","inLanguage":"en-GB","@id":"https:\/\/marekkuchcinski.pl\/wydarzenia\/marek-kuchcinski-odslonil-popiersia-wspoltworcow-konstytucji-3-maja\/#primaryimage","url":"https:\/\/marekkuchcinski.pl\/wp-content\/uploads\/2019\/04\/IMG_8856.jpg","contentUrl":"https:\/\/marekkuchcinski.pl\/wp-content\/uploads\/2019\/04\/IMG_8856.jpg","width":2048,"height":1365},{"@type":"BreadcrumbList","@id":"https:\/\/marekkuchcinski.pl\/wydarzenia\/marek-kuchcinski-odslonil-popiersia-wspoltworcow-konstytucji-3-maja\/#breadcrumb","itemListElement":[{"@type":"ListItem","position":1,"name":"Strona g\u0142\u00f3wna","item":"https:\/\/marekkuchcinski.pl\/"},{"@type":"ListItem","position":2,"name":"Marek Kuchci\u0144ski ods\u0142oni\u0142 popiersia wsp\u00f3\u0142tw\u00f3rc\u00f3w Konstytucji 3 maja"}]},{"@type":"WebSite","@id":"https:\/\/marekkuchcinski.pl\/#website","url":"https:\/\/marekkuchcinski.pl\/","name":"Marek Kuchci\u0144ski","description":"Pose\u0142 na sejm RP &ndash; okr\u0119g nr 22","publisher":{"@id":"https:\/\/marekkuchcinski.pl\/#organization"},"potentialAction":[{"@type":"SearchAction","target":{"@type":"EntryPoint","urlTemplate":"https:\/\/marekkuchcinski.pl\/?s={search_term_string}"},"query-input":{"@type":"PropertyValueSpecification","valueRequired":true,"valueName":"search_term_string"}}],"inLanguage":"en-GB"},{"@type":"Organization","@id":"https:\/\/marekkuchcinski.pl\/#organization","name":"Marek Kuchci\u0144ski","url":"https:\/\/marekkuchcinski.pl\/","logo":{"@type":"ImageObject","inLanguage":"en-GB","@id":"https:\/\/marekkuchcinski.pl\/#\/schema\/logo\/image\/","url":"https:\/\/marekkuchcinski.pl\/wp-content\/uploads\/2022\/09\/Marek.jpg","contentUrl":"https:\/\/marekkuchcinski.pl\/wp-content\/uploads\/2022\/09\/Marek.jpg","width":1600,"height":971,"caption":"Marek Kuchci\u0144ski"},"image":{"@id":"https:\/\/marekkuchcinski.pl\/#\/schema\/logo\/image\/"}},{"@type":"Person","@id":"https:\/\/marekkuchcinski.pl\/#\/schema\/person\/6f62700996b4d950b6ea2d1183b6c6be","name":"admin","image":{"@type":"ImageObject","inLanguage":"en-GB","@id":"https:\/\/marekkuchcinski.pl\/#\/schema\/person\/image\/","url":"https:\/\/secure.gravatar.com\/avatar\/4bab693b9d55c3d6b52c0296a8765085?s=96&d=mm&r=g","contentUrl":"https:\/\/secure.gravatar.com\/avatar\/4bab693b9d55c3d6b52c0296a8765085?s=96&d=mm&r=g","caption":"admin"},"url":"https:\/\/marekkuchcinski.pl\/en\/author\/marta-olejnik\/"}]}},"_links":{"self":[{"href":"https:\/\/marekkuchcinski.pl\/en\/wp-json\/wp\/v2\/posts\/15044","targetHints":{"allow":["GET"]}}],"collection":[{"href":"https:\/\/marekkuchcinski.pl\/en\/wp-json\/wp\/v2\/posts"}],"about":[{"href":"https:\/\/marekkuchcinski.pl\/en\/wp-json\/wp\/v2\/types\/post"}],"author":[{"embeddable":true,"href":"https:\/\/marekkuchcinski.pl\/en\/wp-json\/wp\/v2\/users\/6"}],"replies":[{"embeddable":true,"href":"https:\/\/marekkuchcinski.pl\/en\/wp-json\/wp\/v2\/comments?post=15044"}],"version-history":[{"count":30,"href":"https:\/\/marekkuchcinski.pl\/en\/wp-json\/wp\/v2\/posts\/15044\/revisions"}],"predecessor-version":[{"id":15153,"href":"https:\/\/marekkuchcinski.pl\/en\/wp-json\/wp\/v2\/posts\/15044\/revisions\/15153"}],"wp:featuredmedia":[{"embeddable":true,"href":"https:\/\/marekkuchcinski.pl\/en\/wp-json\/wp\/v2\/media\/15051"}],"wp:attachment":[{"href":"https:\/\/marekkuchcinski.pl\/en\/wp-json\/wp\/v2\/media?parent=15044"}],"wp:term":[{"taxonomy":"category","embeddable":true,"href":"https:\/\/marekkuchcinski.pl\/en\/wp-json\/wp\/v2\/categories?post=15044"},{"taxonomy":"post_tag","embeddable":true,"href":"https:\/\/marekkuchcinski.pl\/en\/wp-json\/wp\/v2\/tags?post=15044"}],"curies":[{"name":"wp","href":"https:\/\/api.w.org\/{rel}","templated":true}]}}