{"id":15036,"date":"2019-04-24T00:30:58","date_gmt":"2019-04-23T22:30:58","guid":{"rendered":"https:\/\/marekkuchcinski.pl\/?p=15036"},"modified":"2019-04-24T12:03:50","modified_gmt":"2019-04-24T10:03:50","slug":"sejm-zajmie-sie-rozszerzeniem-programu-500-plus-o-pierwsze-dziecko","status":"publish","type":"post","link":"https:\/\/marekkuchcinski.pl\/en\/wydarzenia\/sejm-zajmie-sie-rozszerzeniem-programu-500-plus-o-pierwsze-dziecko\/","title":{"rendered":"The Sejm will deal with extending the 500 plus program to include the first child"},"content":{"rendered":"<p><strong>At Thursday's session of the Sejm, MPs will consider the government's draft, which is part of the so-called Kaczy\u0144ski's Five, i.e. PLN 500 granted also to the first child. <\/strong><\/p>\n\n\n\n<p>The explanatory memorandum to the bill states that family policy is one of the most important areas\nof the current government. The program Family 500 plus, which came into force on 1\nApril 2016, is the first program since the political transformation that so\naccentuates so clearly the need for investment in the family, which is its real\nsupport. <\/p>\n\n\n\n<p>The 500 plus family has completely changed the\nThe 500 plus family has completely changed the outlook on state support for families and has become a\nThe 500 plus family has completely changed the perspective on family support by the state and has become a point of reference in the debate on family policy. Thanks to the program and the billions\nbillion in cash transfers to families, we have opened development perspectives\npeople who have been marginalized so far. We have restored their dignity.\nSupport for families through family policy instruments is an investment in\nhuman capital on which the condition of the state to a large extent depends.<\/p>\n\n\n\n<p>The proposed change would cover all\nchildren under the age of 18. Thus, it repeals provisions concerning all solutions in the\nincome criterion entitling to parental benefit. Covering\ncovering all children with benefits from the Family 500 plus program will increase\nexpenditures from the state budget in favour of families to the level of ca. 4% GDP. This will be\nincrease by 125% of the ratio of the share of expenditures on family policy in GDP in relation\nto the 2015 expenditures. <\/p>\n\n\n\n<p>The level of expenditures on family policy places Poland in the very forefront of European countries and is proof that support for families is a priority for the Government.<\/p>\n\n\n\n<figure class=\"wp-block-embed is-type-rich is-provider-marek-kuchcinski\"><div class=\"wp-block-embed__wrapper\">\n<blockquote class=\"wp-embedded-content\" data-secret=\"puFtU2lIlI\"><a href=\"https:\/\/marekkuchcinski.pl\/en\/wydarzenia\/pis-skutecznie-pomaga-ludziom-i-ogranicza-biede-i-nierownosci\/\">Poland is a leader in equalizing living standards. Law and Justice party successfully reduces differences between rich and poor<\/a><\/blockquote><iframe class=\"wp-embedded-content\" sandbox=\"allow-scripts\" security=\"restricted\" style=\"position: absolute; clip: rect(1px, 1px, 1px, 1px);\" title=\"&quot;Poland a leader in equalizing living standards. Law and Justice party effectively reduces differences between the poor and the rich&quot; - Marek Kuchci\u0144ski\" src=\"https:\/\/marekkuchcinski.pl\/wydarzenia\/pis-skutecznie-pomaga-ludziom-i-ogranicza-biede-i-nierownosci\/embed\/#?secret=puFtU2lIlI\" data-secret=\"puFtU2lIlI\" width=\"600\" height=\"338\" frameborder=\"0\" marginwidth=\"0\" marginheight=\"0\" scrolling=\"no\"><\/iframe>\n<\/div><\/figure>","protected":false},"excerpt":{"rendered":"<p>Na czwartkowym posiedzeniu Sejmu pos\u0142owie pochyl\u0105 si\u0119 nad rz\u0105dowym projektem, b\u0119d\u0105cym elementem tzw. Pi\u0105tki Kaczy\u0144skiego, czyli 500 z\u0142 przyznawanym r\u00f3wnie\u017c na pierwsze dziecko. W uzasadnieniu do ustawy czytamy, \u017ce polityka rodzinna to jeden z najwa\u017cniejszych obszar\u00f3w dzia\u0142ania obecnego Rz\u0105du. Program Rodzina 500 plus, kt\u00f3ry wszed\u0142 w \u017cycie 1 kwietnia 2016 r., to pierwszy od transformacji [&hellip;]<\/p>","protected":false},"author":6,"featured_media":15037,"comment_status":"open","ping_status":"open","sticky":false,"template":"","format":"standard","meta":{"ngg_post_thumbnail":0,"footnotes":""},"categories":[82,81,3],"tags":[],"class_list":["post-15036","post","type-post","status-publish","format-standard","has-post-thumbnail","hentry","category-prawo-i-sprawiedliwosc","category-wiesci-z-sejmu","category-wydarzenia"],"yoast_head":"<!-- This site is optimized with the Yoast SEO plugin v24.7 - https:\/\/yoast.com\/wordpress\/plugins\/seo\/ -->\n<title>Sejm zajmie si\u0119 rozszerzeniem programu 500 plus o pierwsze dziecko &#8211; Marek Kuchci\u0144ski<\/title>\n<meta name=\"robots\" content=\"index, follow, max-snippet:-1, max-image-preview:large, max-video-preview:-1\" \/>\n<link rel=\"canonical\" href=\"https:\/\/marekkuchcinski.pl\/en\/wydarzenia\/sejm-zajmie-sie-rozszerzeniem-programu-500-plus-o-pierwsze-dziecko\/\" \/>\n<meta property=\"og:locale\" content=\"en_GB\" \/>\n<meta property=\"og:type\" content=\"article\" \/>\n<meta property=\"og:title\" content=\"Sejm zajmie si\u0119 rozszerzeniem programu 500 plus o pierwsze dziecko &#8211; Marek Kuchci\u0144ski\" \/>\n<meta property=\"og:description\" content=\"Na czwartkowym posiedzeniu Sejmu pos\u0142owie pochyl\u0105 si\u0119 nad rz\u0105dowym projektem, b\u0119d\u0105cym elementem tzw. Pi\u0105tki Kaczy\u0144skiego, czyli 500 z\u0142 przyznawanym r\u00f3wnie\u017c na pierwsze dziecko. W uzasadnieniu do ustawy czytamy, \u017ce polityka rodzinna to jeden z najwa\u017cniejszych obszar\u00f3w dzia\u0142ania obecnego Rz\u0105du. Program Rodzina 500 plus, kt\u00f3ry wszed\u0142 w \u017cycie 1 kwietnia 2016 r., to pierwszy od transformacji [&hellip;]\" \/>\n<meta property=\"og:url\" content=\"https:\/\/marekkuchcinski.pl\/en\/wydarzenia\/sejm-zajmie-sie-rozszerzeniem-programu-500-plus-o-pierwsze-dziecko\/\" \/>\n<meta property=\"og:site_name\" content=\"Marek Kuchci\u0144ski\" \/>\n<meta property=\"article:published_time\" content=\"2019-04-23T22:30:58+00:00\" \/>\n<meta property=\"article:modified_time\" content=\"2019-04-24T10:03:50+00:00\" \/>\n<meta property=\"og:image\" content=\"https:\/\/marekkuchcinski.pl\/wp-content\/uploads\/2019\/04\/500.png\" \/>\n\t<meta property=\"og:image:width\" content=\"1200\" \/>\n\t<meta property=\"og:image:height\" content=\"630\" \/>\n\t<meta property=\"og:image:type\" content=\"image\/png\" \/>\n<meta name=\"author\" content=\"admin\" \/>\n<meta name=\"twitter:card\" content=\"summary_large_image\" \/>\n<meta name=\"twitter:label1\" content=\"Written by\" \/>\n\t<meta name=\"twitter:data1\" content=\"admin\" \/>\n\t<meta name=\"twitter:label2\" content=\"Estimated reading time\" \/>\n\t<meta name=\"twitter:data2\" content=\"1 minute\" \/>\n<script type=\"application\/ld+json\" class=\"yoast-schema-graph\">{\"@context\":\"https:\/\/schema.org\",\"@graph\":[{\"@type\":\"Article\",\"@id\":\"https:\/\/marekkuchcinski.pl\/ro\/wydarzenia\/sejm-zajmie-sie-rozszerzeniem-programu-500-plus-o-pierwsze-dziecko\/#article\",\"isPartOf\":{\"@id\":\"https:\/\/marekkuchcinski.pl\/ro\/wydarzenia\/sejm-zajmie-sie-rozszerzeniem-programu-500-plus-o-pierwsze-dziecko\/\"},\"author\":{\"name\":\"admin\",\"@id\":\"https:\/\/marekkuchcinski.pl\/#\/schema\/person\/6f62700996b4d950b6ea2d1183b6c6be\"},\"headline\":\"Sejm zajmie si\u0119 rozszerzeniem programu 500 plus o pierwsze dziecko\",\"datePublished\":\"2019-04-23T22:30:58+00:00\",\"dateModified\":\"2019-04-24T10:03:50+00:00\",\"mainEntityOfPage\":{\"@id\":\"https:\/\/marekkuchcinski.pl\/ro\/wydarzenia\/sejm-zajmie-sie-rozszerzeniem-programu-500-plus-o-pierwsze-dziecko\/\"},\"wordCount\":278,\"commentCount\":0,\"publisher\":{\"@id\":\"https:\/\/marekkuchcinski.pl\/#organization\"},\"image\":{\"@id\":\"https:\/\/marekkuchcinski.pl\/ro\/wydarzenia\/sejm-zajmie-sie-rozszerzeniem-programu-500-plus-o-pierwsze-dziecko\/#primaryimage\"},\"thumbnailUrl\":\"https:\/\/marekkuchcinski.pl\/wp-content\/uploads\/2019\/04\/500.png\",\"articleSection\":[\"Prawo i Sprawiedliwo\u015b\u0107\",\"Wie\u015bci z Sejmu\",\"Wydarzenia\"],\"inLanguage\":\"en-GB\",\"potentialAction\":[{\"@type\":\"CommentAction\",\"name\":\"Comment\",\"target\":[\"https:\/\/marekkuchcinski.pl\/ro\/wydarzenia\/sejm-zajmie-sie-rozszerzeniem-programu-500-plus-o-pierwsze-dziecko\/#respond\"]}]},{\"@type\":\"WebPage\",\"@id\":\"https:\/\/marekkuchcinski.pl\/ro\/wydarzenia\/sejm-zajmie-sie-rozszerzeniem-programu-500-plus-o-pierwsze-dziecko\/\",\"url\":\"https:\/\/marekkuchcinski.pl\/ro\/wydarzenia\/sejm-zajmie-sie-rozszerzeniem-programu-500-plus-o-pierwsze-dziecko\/\",\"name\":\"Sejm zajmie si\u0119 rozszerzeniem programu 500 plus o pierwsze dziecko &#8211; Marek Kuchci\u0144ski\",\"isPartOf\":{\"@id\":\"https:\/\/marekkuchcinski.pl\/#website\"},\"primaryImageOfPage\":{\"@id\":\"https:\/\/marekkuchcinski.pl\/ro\/wydarzenia\/sejm-zajmie-sie-rozszerzeniem-programu-500-plus-o-pierwsze-dziecko\/#primaryimage\"},\"image\":{\"@id\":\"https:\/\/marekkuchcinski.pl\/ro\/wydarzenia\/sejm-zajmie-sie-rozszerzeniem-programu-500-plus-o-pierwsze-dziecko\/#primaryimage\"},\"thumbnailUrl\":\"https:\/\/marekkuchcinski.pl\/wp-content\/uploads\/2019\/04\/500.png\",\"datePublished\":\"2019-04-23T22:30:58+00:00\",\"dateModified\":\"2019-04-24T10:03:50+00:00\",\"breadcrumb\":{\"@id\":\"https:\/\/marekkuchcinski.pl\/ro\/wydarzenia\/sejm-zajmie-sie-rozszerzeniem-programu-500-plus-o-pierwsze-dziecko\/#breadcrumb\"},\"inLanguage\":\"en-GB\",\"potentialAction\":[{\"@type\":\"ReadAction\",\"target\":[\"https:\/\/marekkuchcinski.pl\/ro\/wydarzenia\/sejm-zajmie-sie-rozszerzeniem-programu-500-plus-o-pierwsze-dziecko\/\"]}]},{\"@type\":\"ImageObject\",\"inLanguage\":\"en-GB\",\"@id\":\"https:\/\/marekkuchcinski.pl\/ro\/wydarzenia\/sejm-zajmie-sie-rozszerzeniem-programu-500-plus-o-pierwsze-dziecko\/#primaryimage\",\"url\":\"https:\/\/marekkuchcinski.pl\/wp-content\/uploads\/2019\/04\/500.png\",\"contentUrl\":\"https:\/\/marekkuchcinski.pl\/wp-content\/uploads\/2019\/04\/500.png\",\"width\":1200,\"height\":630},{\"@type\":\"BreadcrumbList\",\"@id\":\"https:\/\/marekkuchcinski.pl\/ro\/wydarzenia\/sejm-zajmie-sie-rozszerzeniem-programu-500-plus-o-pierwsze-dziecko\/#breadcrumb\",\"itemListElement\":[{\"@type\":\"ListItem\",\"position\":1,\"name\":\"Strona g\u0142\u00f3wna\",\"item\":\"https:\/\/marekkuchcinski.pl\/\"},{\"@type\":\"ListItem\",\"position\":2,\"name\":\"Sejm zajmie si\u0119 rozszerzeniem programu 500 plus o pierwsze dziecko\"}]},{\"@type\":\"WebSite\",\"@id\":\"https:\/\/marekkuchcinski.pl\/#website\",\"url\":\"https:\/\/marekkuchcinski.pl\/\",\"name\":\"Marek Kuchci\u0144ski\",\"description\":\"Pose\u0142 na sejm RP &ndash; okr\u0119g nr 22\",\"publisher\":{\"@id\":\"https:\/\/marekkuchcinski.pl\/#organization\"},\"potentialAction\":[{\"@type\":\"SearchAction\",\"target\":{\"@type\":\"EntryPoint\",\"urlTemplate\":\"https:\/\/marekkuchcinski.pl\/?s={search_term_string}\"},\"query-input\":{\"@type\":\"PropertyValueSpecification\",\"valueRequired\":true,\"valueName\":\"search_term_string\"}}],\"inLanguage\":\"en-GB\"},{\"@type\":\"Organization\",\"@id\":\"https:\/\/marekkuchcinski.pl\/#organization\",\"name\":\"Marek Kuchci\u0144ski\",\"url\":\"https:\/\/marekkuchcinski.pl\/\",\"logo\":{\"@type\":\"ImageObject\",\"inLanguage\":\"en-GB\",\"@id\":\"https:\/\/marekkuchcinski.pl\/#\/schema\/logo\/image\/\",\"url\":\"https:\/\/marekkuchcinski.pl\/wp-content\/uploads\/2022\/09\/Marek.jpg\",\"contentUrl\":\"https:\/\/marekkuchcinski.pl\/wp-content\/uploads\/2022\/09\/Marek.jpg\",\"width\":1600,\"height\":971,\"caption\":\"Marek Kuchci\u0144ski\"},\"image\":{\"@id\":\"https:\/\/marekkuchcinski.pl\/#\/schema\/logo\/image\/\"}},{\"@type\":\"Person\",\"@id\":\"https:\/\/marekkuchcinski.pl\/#\/schema\/person\/6f62700996b4d950b6ea2d1183b6c6be\",\"name\":\"admin\",\"image\":{\"@type\":\"ImageObject\",\"inLanguage\":\"en-GB\",\"@id\":\"https:\/\/marekkuchcinski.pl\/#\/schema\/person\/image\/\",\"url\":\"https:\/\/secure.gravatar.com\/avatar\/4bab693b9d55c3d6b52c0296a8765085?s=96&d=mm&r=g\",\"contentUrl\":\"https:\/\/secure.gravatar.com\/avatar\/4bab693b9d55c3d6b52c0296a8765085?s=96&d=mm&r=g\",\"caption\":\"admin\"},\"url\":\"https:\/\/marekkuchcinski.pl\/en\/author\/marta-olejnik\/\"}]}<\/script>\n<!-- \/ Yoast SEO plugin. -->","yoast_head_json":{"title":"Sejm zajmie si\u0119 rozszerzeniem programu 500 plus o pierwsze dziecko &#8211; Marek Kuchci\u0144ski","robots":{"index":"index","follow":"follow","max-snippet":"max-snippet:-1","max-image-preview":"max-image-preview:large","max-video-preview":"max-video-preview:-1"},"canonical":"https:\/\/marekkuchcinski.pl\/en\/wydarzenia\/sejm-zajmie-sie-rozszerzeniem-programu-500-plus-o-pierwsze-dziecko\/","og_locale":"en_GB","og_type":"article","og_title":"Sejm zajmie si\u0119 rozszerzeniem programu 500 plus o pierwsze dziecko &#8211; Marek Kuchci\u0144ski","og_description":"Na czwartkowym posiedzeniu Sejmu pos\u0142owie pochyl\u0105 si\u0119 nad rz\u0105dowym projektem, b\u0119d\u0105cym elementem tzw. Pi\u0105tki Kaczy\u0144skiego, czyli 500 z\u0142 przyznawanym r\u00f3wnie\u017c na pierwsze dziecko. W uzasadnieniu do ustawy czytamy, \u017ce polityka rodzinna to jeden z najwa\u017cniejszych obszar\u00f3w dzia\u0142ania obecnego Rz\u0105du. Program Rodzina 500 plus, kt\u00f3ry wszed\u0142 w \u017cycie 1 kwietnia 2016 r., to pierwszy od transformacji [&hellip;]","og_url":"https:\/\/marekkuchcinski.pl\/en\/wydarzenia\/sejm-zajmie-sie-rozszerzeniem-programu-500-plus-o-pierwsze-dziecko\/","og_site_name":"Marek Kuchci\u0144ski","article_published_time":"2019-04-23T22:30:58+00:00","article_modified_time":"2019-04-24T10:03:50+00:00","og_image":[{"width":1200,"height":630,"url":"https:\/\/marekkuchcinski.pl\/wp-content\/uploads\/2019\/04\/500.png","type":"image\/png"}],"author":"admin","twitter_card":"summary_large_image","twitter_misc":{"Written by":"admin","Estimated reading time":"1 minute"},"schema":{"@context":"https:\/\/schema.org","@graph":[{"@type":"Article","@id":"https:\/\/marekkuchcinski.pl\/ro\/wydarzenia\/sejm-zajmie-sie-rozszerzeniem-programu-500-plus-o-pierwsze-dziecko\/#article","isPartOf":{"@id":"https:\/\/marekkuchcinski.pl\/ro\/wydarzenia\/sejm-zajmie-sie-rozszerzeniem-programu-500-plus-o-pierwsze-dziecko\/"},"author":{"name":"admin","@id":"https:\/\/marekkuchcinski.pl\/#\/schema\/person\/6f62700996b4d950b6ea2d1183b6c6be"},"headline":"Sejm zajmie si\u0119 rozszerzeniem programu 500 plus o pierwsze dziecko","datePublished":"2019-04-23T22:30:58+00:00","dateModified":"2019-04-24T10:03:50+00:00","mainEntityOfPage":{"@id":"https:\/\/marekkuchcinski.pl\/ro\/wydarzenia\/sejm-zajmie-sie-rozszerzeniem-programu-500-plus-o-pierwsze-dziecko\/"},"wordCount":278,"commentCount":0,"publisher":{"@id":"https:\/\/marekkuchcinski.pl\/#organization"},"image":{"@id":"https:\/\/marekkuchcinski.pl\/ro\/wydarzenia\/sejm-zajmie-sie-rozszerzeniem-programu-500-plus-o-pierwsze-dziecko\/#primaryimage"},"thumbnailUrl":"https:\/\/marekkuchcinski.pl\/wp-content\/uploads\/2019\/04\/500.png","articleSection":["Prawo i Sprawiedliwo\u015b\u0107","Wie\u015bci z Sejmu","Wydarzenia"],"inLanguage":"en-GB","potentialAction":[{"@type":"CommentAction","name":"Comment","target":["https:\/\/marekkuchcinski.pl\/ro\/wydarzenia\/sejm-zajmie-sie-rozszerzeniem-programu-500-plus-o-pierwsze-dziecko\/#respond"]}]},{"@type":"WebPage","@id":"https:\/\/marekkuchcinski.pl\/ro\/wydarzenia\/sejm-zajmie-sie-rozszerzeniem-programu-500-plus-o-pierwsze-dziecko\/","url":"https:\/\/marekkuchcinski.pl\/ro\/wydarzenia\/sejm-zajmie-sie-rozszerzeniem-programu-500-plus-o-pierwsze-dziecko\/","name":"Sejm zajmie si\u0119 rozszerzeniem programu 500 plus o pierwsze dziecko &#8211; Marek Kuchci\u0144ski","isPartOf":{"@id":"https:\/\/marekkuchcinski.pl\/#website"},"primaryImageOfPage":{"@id":"https:\/\/marekkuchcinski.pl\/ro\/wydarzenia\/sejm-zajmie-sie-rozszerzeniem-programu-500-plus-o-pierwsze-dziecko\/#primaryimage"},"image":{"@id":"https:\/\/marekkuchcinski.pl\/ro\/wydarzenia\/sejm-zajmie-sie-rozszerzeniem-programu-500-plus-o-pierwsze-dziecko\/#primaryimage"},"thumbnailUrl":"https:\/\/marekkuchcinski.pl\/wp-content\/uploads\/2019\/04\/500.png","datePublished":"2019-04-23T22:30:58+00:00","dateModified":"2019-04-24T10:03:50+00:00","breadcrumb":{"@id":"https:\/\/marekkuchcinski.pl\/ro\/wydarzenia\/sejm-zajmie-sie-rozszerzeniem-programu-500-plus-o-pierwsze-dziecko\/#breadcrumb"},"inLanguage":"en-GB","potentialAction":[{"@type":"ReadAction","target":["https:\/\/marekkuchcinski.pl\/ro\/wydarzenia\/sejm-zajmie-sie-rozszerzeniem-programu-500-plus-o-pierwsze-dziecko\/"]}]},{"@type":"ImageObject","inLanguage":"en-GB","@id":"https:\/\/marekkuchcinski.pl\/ro\/wydarzenia\/sejm-zajmie-sie-rozszerzeniem-programu-500-plus-o-pierwsze-dziecko\/#primaryimage","url":"https:\/\/marekkuchcinski.pl\/wp-content\/uploads\/2019\/04\/500.png","contentUrl":"https:\/\/marekkuchcinski.pl\/wp-content\/uploads\/2019\/04\/500.png","width":1200,"height":630},{"@type":"BreadcrumbList","@id":"https:\/\/marekkuchcinski.pl\/ro\/wydarzenia\/sejm-zajmie-sie-rozszerzeniem-programu-500-plus-o-pierwsze-dziecko\/#breadcrumb","itemListElement":[{"@type":"ListItem","position":1,"name":"Strona g\u0142\u00f3wna","item":"https:\/\/marekkuchcinski.pl\/"},{"@type":"ListItem","position":2,"name":"Sejm zajmie si\u0119 rozszerzeniem programu 500 plus o pierwsze dziecko"}]},{"@type":"WebSite","@id":"https:\/\/marekkuchcinski.pl\/#website","url":"https:\/\/marekkuchcinski.pl\/","name":"Marek Kuchci\u0144ski","description":"Pose\u0142 na sejm RP &ndash; okr\u0119g nr 22","publisher":{"@id":"https:\/\/marekkuchcinski.pl\/#organization"},"potentialAction":[{"@type":"SearchAction","target":{"@type":"EntryPoint","urlTemplate":"https:\/\/marekkuchcinski.pl\/?s={search_term_string}"},"query-input":{"@type":"PropertyValueSpecification","valueRequired":true,"valueName":"search_term_string"}}],"inLanguage":"en-GB"},{"@type":"Organization","@id":"https:\/\/marekkuchcinski.pl\/#organization","name":"Marek Kuchci\u0144ski","url":"https:\/\/marekkuchcinski.pl\/","logo":{"@type":"ImageObject","inLanguage":"en-GB","@id":"https:\/\/marekkuchcinski.pl\/#\/schema\/logo\/image\/","url":"https:\/\/marekkuchcinski.pl\/wp-content\/uploads\/2022\/09\/Marek.jpg","contentUrl":"https:\/\/marekkuchcinski.pl\/wp-content\/uploads\/2022\/09\/Marek.jpg","width":1600,"height":971,"caption":"Marek Kuchci\u0144ski"},"image":{"@id":"https:\/\/marekkuchcinski.pl\/#\/schema\/logo\/image\/"}},{"@type":"Person","@id":"https:\/\/marekkuchcinski.pl\/#\/schema\/person\/6f62700996b4d950b6ea2d1183b6c6be","name":"admin","image":{"@type":"ImageObject","inLanguage":"en-GB","@id":"https:\/\/marekkuchcinski.pl\/#\/schema\/person\/image\/","url":"https:\/\/secure.gravatar.com\/avatar\/4bab693b9d55c3d6b52c0296a8765085?s=96&d=mm&r=g","contentUrl":"https:\/\/secure.gravatar.com\/avatar\/4bab693b9d55c3d6b52c0296a8765085?s=96&d=mm&r=g","caption":"admin"},"url":"https:\/\/marekkuchcinski.pl\/en\/author\/marta-olejnik\/"}]}},"_links":{"self":[{"href":"https:\/\/marekkuchcinski.pl\/en\/wp-json\/wp\/v2\/posts\/15036","targetHints":{"allow":["GET"]}}],"collection":[{"href":"https:\/\/marekkuchcinski.pl\/en\/wp-json\/wp\/v2\/posts"}],"about":[{"href":"https:\/\/marekkuchcinski.pl\/en\/wp-json\/wp\/v2\/types\/post"}],"author":[{"embeddable":true,"href":"https:\/\/marekkuchcinski.pl\/en\/wp-json\/wp\/v2\/users\/6"}],"replies":[{"embeddable":true,"href":"https:\/\/marekkuchcinski.pl\/en\/wp-json\/wp\/v2\/comments?post=15036"}],"version-history":[{"count":4,"href":"https:\/\/marekkuchcinski.pl\/en\/wp-json\/wp\/v2\/posts\/15036\/revisions"}],"predecessor-version":[{"id":15043,"href":"https:\/\/marekkuchcinski.pl\/en\/wp-json\/wp\/v2\/posts\/15036\/revisions\/15043"}],"wp:featuredmedia":[{"embeddable":true,"href":"https:\/\/marekkuchcinski.pl\/en\/wp-json\/wp\/v2\/media\/15037"}],"wp:attachment":[{"href":"https:\/\/marekkuchcinski.pl\/en\/wp-json\/wp\/v2\/media?parent=15036"}],"wp:term":[{"taxonomy":"category","embeddable":true,"href":"https:\/\/marekkuchcinski.pl\/en\/wp-json\/wp\/v2\/categories?post=15036"},{"taxonomy":"post_tag","embeddable":true,"href":"https:\/\/marekkuchcinski.pl\/en\/wp-json\/wp\/v2\/tags?post=15036"}],"curies":[{"name":"wp","href":"https:\/\/api.w.org\/{rel}","templated":true}]}}