{"id":15027,"date":"2019-04-23T12:51:44","date_gmt":"2019-04-23T10:51:44","guid":{"rendered":"https:\/\/marekkuchcinski.pl\/?p=15027"},"modified":"2019-04-23T15:51:53","modified_gmt":"2019-04-23T13:51:53","slug":"program-leki-75-plus-zwiekszyl-dostep-osob-starszych-do-farmakoterapii-i-zmniejszyl-ich-wydatki","status":"publish","type":"post","link":"https:\/\/marekkuchcinski.pl\/en\/wydarzenia\/program-leki-75-plus-zwiekszyl-dostep-osob-starszych-do-farmakoterapii-i-zmniejszyl-ich-wydatki\/","title":{"rendered":"The Medicines 75 plus program has increased older people's access to pharmacotherapy and reduced their expenses"},"content":{"rendered":"<p><strong>The Supreme Audit Office assesses that the Medicines 75+ program has improved access<br>seniors to medicinal products. The household budgets of the elderly have seen a decline in spending on medicines, said NIK President Krzysztof Kwiatkowski.<\/strong><br> <br> The auditors' findings show, among other things, that some of the costs<br> spent on drugs was left in the pockets of seniors. \"For example.<br> At the end of 2017, the national savings total was nearly 490<br> PLN million\" - emphasized Krzysztof Kwiatkowski.<br> <br>The goal of the Drug 75 plus Program, introduced on September 1, 2016. Medicines 75 plus Program was to improve access to pharmacotherapy for the elderly. The program assumed<br>Providing free access to individuals who are 75 years of age or older<br>to medicines, foodstuffs for particular nutritional uses<br>and medical devices. The Minister of Health was required to announce a list of free products for seniors every two months.<\/p>\n\n\n\n<p class=\"has-text-color has-vivid-cyan-blue-color\"> <br><strong>Ministry of Health data on the Medicines 75 plus program in 2018:<\/strong><\/p>\n\n\n\n<ul class=\"wp-block-list\"><li><strong>2.4 million&nbsp;<\/strong>seniors who have benefited from free\nmedications<\/li><li><strong>PLN 693.3 million<\/strong>&nbsp;for the implementation of the project in&nbsp;<strong>2018<\/strong>&nbsp;year<\/li><li><strong>40 million&nbsp;<\/strong>free medicine packs issued to seniors<\/li><li><strong>21<\/strong>&nbsp;<strong>million<\/strong>&nbsp;filled prescriptions with an eligibility code\n\"S\"<\/li><li><strong>2043 items<\/strong>&nbsp;on the list of 75 plus drugs<\/li><\/ul>\n\n\n\n<p>The Ministry of Health is preparing another change in regulations, thanks to which even more seniors over 75 will benefit from free medicines. Specialists will be able to issue prescriptions for free medicines, but only in an electronic form, which will eliminate the need to confirm them with a primary care doctor (this will save one visit). <\/p>","protected":false},"excerpt":{"rendered":"<p>Najwy\u017csza Izba Kontroli ocenia, \u017ce program Leki 75+ poprawi\u0142 dost\u0119psenior\u00f3w do produkt\u00f3w leczniczych. W bud\u017cetach domowych os\u00f3b starszych zauwa\u017cono spadek wydatk\u00f3w na leki \u2013 powiedzia\u0142 prezes NIK Krzysztof Kwiatkowski. Ustalenia kontroler\u00f3w pokazuj\u0105 mi\u0119dzy innymi, \u017ce cz\u0119\u015b\u0107 koszt\u00f3w przeznaczanych na leki zostawa\u0142a w kieszeniach senior\u00f3w. \u201eNa przyk\u0142ad na koniec 2017 roku suma oszcz\u0119dno\u015bci w skali kraju [&hellip;]<\/p>","protected":false},"author":6,"featured_media":15031,"comment_status":"open","ping_status":"open","sticky":false,"template":"","format":"standard","meta":{"ngg_post_thumbnail":0,"footnotes":""},"categories":[82,3],"tags":[],"class_list":["post-15027","post","type-post","status-publish","format-standard","has-post-thumbnail","hentry","category-prawo-i-sprawiedliwosc","category-wydarzenia"],"yoast_head":"<!-- This site is optimized with the Yoast SEO plugin v24.7 - https:\/\/yoast.com\/wordpress\/plugins\/seo\/ -->\n<title>Program Leki 75 plus zwi\u0119kszy\u0142 dost\u0119p os\u00f3b starszych do farmakoterapii i zmniejszy\u0142 ich wydatki &#8211; Marek Kuchci\u0144ski<\/title>\n<meta name=\"robots\" content=\"index, follow, max-snippet:-1, max-image-preview:large, max-video-preview:-1\" \/>\n<link rel=\"canonical\" href=\"https:\/\/marekkuchcinski.pl\/en\/wydarzenia\/program-leki-75-plus-zwiekszyl-dostep-osob-starszych-do-farmakoterapii-i-zmniejszyl-ich-wydatki\/\" \/>\n<meta property=\"og:locale\" content=\"en_GB\" \/>\n<meta property=\"og:type\" content=\"article\" \/>\n<meta property=\"og:title\" content=\"Program Leki 75 plus zwi\u0119kszy\u0142 dost\u0119p os\u00f3b starszych do farmakoterapii i zmniejszy\u0142 ich wydatki &#8211; Marek Kuchci\u0144ski\" \/>\n<meta property=\"og:description\" content=\"Najwy\u017csza Izba Kontroli ocenia, \u017ce program Leki 75+ poprawi\u0142 dost\u0119psenior\u00f3w do produkt\u00f3w leczniczych. W bud\u017cetach domowych os\u00f3b starszych zauwa\u017cono spadek wydatk\u00f3w na leki \u2013 powiedzia\u0142 prezes NIK Krzysztof Kwiatkowski. Ustalenia kontroler\u00f3w pokazuj\u0105 mi\u0119dzy innymi, \u017ce cz\u0119\u015b\u0107 koszt\u00f3w przeznaczanych na leki zostawa\u0142a w kieszeniach senior\u00f3w. \u201eNa przyk\u0142ad na koniec 2017 roku suma oszcz\u0119dno\u015bci w skali kraju [&hellip;]\" \/>\n<meta property=\"og:url\" content=\"https:\/\/marekkuchcinski.pl\/en\/wydarzenia\/program-leki-75-plus-zwiekszyl-dostep-osob-starszych-do-farmakoterapii-i-zmniejszyl-ich-wydatki\/\" \/>\n<meta property=\"og:site_name\" content=\"Marek Kuchci\u0144ski\" \/>\n<meta property=\"article:published_time\" content=\"2019-04-23T10:51:44+00:00\" \/>\n<meta property=\"article:modified_time\" content=\"2019-04-23T13:51:53+00:00\" \/>\n<meta property=\"og:image\" content=\"https:\/\/marekkuchcinski.pl\/wp-content\/uploads\/2019\/04\/leki-75.jpg\" \/>\n\t<meta property=\"og:image:width\" content=\"449\" \/>\n\t<meta property=\"og:image:height\" content=\"307\" \/>\n\t<meta property=\"og:image:type\" content=\"image\/jpeg\" \/>\n<meta name=\"author\" content=\"admin\" \/>\n<meta name=\"twitter:card\" content=\"summary_large_image\" \/>\n<meta name=\"twitter:label1\" content=\"Written by\" \/>\n\t<meta name=\"twitter:data1\" content=\"admin\" \/>\n\t<meta name=\"twitter:label2\" content=\"Estimated reading time\" \/>\n\t<meta name=\"twitter:data2\" content=\"1 minute\" \/>\n<script type=\"application\/ld+json\" class=\"yoast-schema-graph\">{\"@context\":\"https:\/\/schema.org\",\"@graph\":[{\"@type\":\"Article\",\"@id\":\"https:\/\/marekkuchcinski.pl\/wydarzenia\/program-leki-75-plus-zwiekszyl-dostep-osob-starszych-do-farmakoterapii-i-zmniejszyl-ich-wydatki\/#article\",\"isPartOf\":{\"@id\":\"https:\/\/marekkuchcinski.pl\/wydarzenia\/program-leki-75-plus-zwiekszyl-dostep-osob-starszych-do-farmakoterapii-i-zmniejszyl-ich-wydatki\/\"},\"author\":{\"name\":\"admin\",\"@id\":\"https:\/\/marekkuchcinski.pl\/#\/schema\/person\/6f62700996b4d950b6ea2d1183b6c6be\"},\"headline\":\"Program Leki 75 plus zwi\u0119kszy\u0142 dost\u0119p os\u00f3b starszych do farmakoterapii i zmniejszy\u0142 ich wydatki\",\"datePublished\":\"2019-04-23T10:51:44+00:00\",\"dateModified\":\"2019-04-23T13:51:53+00:00\",\"mainEntityOfPage\":{\"@id\":\"https:\/\/marekkuchcinski.pl\/wydarzenia\/program-leki-75-plus-zwiekszyl-dostep-osob-starszych-do-farmakoterapii-i-zmniejszyl-ich-wydatki\/\"},\"wordCount\":286,\"commentCount\":0,\"publisher\":{\"@id\":\"https:\/\/marekkuchcinski.pl\/#organization\"},\"image\":{\"@id\":\"https:\/\/marekkuchcinski.pl\/wydarzenia\/program-leki-75-plus-zwiekszyl-dostep-osob-starszych-do-farmakoterapii-i-zmniejszyl-ich-wydatki\/#primaryimage\"},\"thumbnailUrl\":\"https:\/\/marekkuchcinski.pl\/wp-content\/uploads\/2019\/04\/leki-75.jpg\",\"articleSection\":[\"Prawo i Sprawiedliwo\u015b\u0107\",\"Wydarzenia\"],\"inLanguage\":\"en-GB\",\"potentialAction\":[{\"@type\":\"CommentAction\",\"name\":\"Comment\",\"target\":[\"https:\/\/marekkuchcinski.pl\/wydarzenia\/program-leki-75-plus-zwiekszyl-dostep-osob-starszych-do-farmakoterapii-i-zmniejszyl-ich-wydatki\/#respond\"]}]},{\"@type\":\"WebPage\",\"@id\":\"https:\/\/marekkuchcinski.pl\/wydarzenia\/program-leki-75-plus-zwiekszyl-dostep-osob-starszych-do-farmakoterapii-i-zmniejszyl-ich-wydatki\/\",\"url\":\"https:\/\/marekkuchcinski.pl\/wydarzenia\/program-leki-75-plus-zwiekszyl-dostep-osob-starszych-do-farmakoterapii-i-zmniejszyl-ich-wydatki\/\",\"name\":\"Program Leki 75 plus zwi\u0119kszy\u0142 dost\u0119p os\u00f3b starszych do farmakoterapii i zmniejszy\u0142 ich wydatki &#8211; Marek Kuchci\u0144ski\",\"isPartOf\":{\"@id\":\"https:\/\/marekkuchcinski.pl\/#website\"},\"primaryImageOfPage\":{\"@id\":\"https:\/\/marekkuchcinski.pl\/wydarzenia\/program-leki-75-plus-zwiekszyl-dostep-osob-starszych-do-farmakoterapii-i-zmniejszyl-ich-wydatki\/#primaryimage\"},\"image\":{\"@id\":\"https:\/\/marekkuchcinski.pl\/wydarzenia\/program-leki-75-plus-zwiekszyl-dostep-osob-starszych-do-farmakoterapii-i-zmniejszyl-ich-wydatki\/#primaryimage\"},\"thumbnailUrl\":\"https:\/\/marekkuchcinski.pl\/wp-content\/uploads\/2019\/04\/leki-75.jpg\",\"datePublished\":\"2019-04-23T10:51:44+00:00\",\"dateModified\":\"2019-04-23T13:51:53+00:00\",\"breadcrumb\":{\"@id\":\"https:\/\/marekkuchcinski.pl\/wydarzenia\/program-leki-75-plus-zwiekszyl-dostep-osob-starszych-do-farmakoterapii-i-zmniejszyl-ich-wydatki\/#breadcrumb\"},\"inLanguage\":\"en-GB\",\"potentialAction\":[{\"@type\":\"ReadAction\",\"target\":[\"https:\/\/marekkuchcinski.pl\/wydarzenia\/program-leki-75-plus-zwiekszyl-dostep-osob-starszych-do-farmakoterapii-i-zmniejszyl-ich-wydatki\/\"]}]},{\"@type\":\"ImageObject\",\"inLanguage\":\"en-GB\",\"@id\":\"https:\/\/marekkuchcinski.pl\/wydarzenia\/program-leki-75-plus-zwiekszyl-dostep-osob-starszych-do-farmakoterapii-i-zmniejszyl-ich-wydatki\/#primaryimage\",\"url\":\"https:\/\/marekkuchcinski.pl\/wp-content\/uploads\/2019\/04\/leki-75.jpg\",\"contentUrl\":\"https:\/\/marekkuchcinski.pl\/wp-content\/uploads\/2019\/04\/leki-75.jpg\",\"width\":449,\"height\":307},{\"@type\":\"BreadcrumbList\",\"@id\":\"https:\/\/marekkuchcinski.pl\/wydarzenia\/program-leki-75-plus-zwiekszyl-dostep-osob-starszych-do-farmakoterapii-i-zmniejszyl-ich-wydatki\/#breadcrumb\",\"itemListElement\":[{\"@type\":\"ListItem\",\"position\":1,\"name\":\"Strona g\u0142\u00f3wna\",\"item\":\"https:\/\/marekkuchcinski.pl\/\"},{\"@type\":\"ListItem\",\"position\":2,\"name\":\"Program Leki 75 plus zwi\u0119kszy\u0142 dost\u0119p os\u00f3b starszych do farmakoterapii i zmniejszy\u0142 ich wydatki\"}]},{\"@type\":\"WebSite\",\"@id\":\"https:\/\/marekkuchcinski.pl\/#website\",\"url\":\"https:\/\/marekkuchcinski.pl\/\",\"name\":\"Marek Kuchci\u0144ski\",\"description\":\"Pose\u0142 na sejm RP &ndash; okr\u0119g nr 22\",\"publisher\":{\"@id\":\"https:\/\/marekkuchcinski.pl\/#organization\"},\"potentialAction\":[{\"@type\":\"SearchAction\",\"target\":{\"@type\":\"EntryPoint\",\"urlTemplate\":\"https:\/\/marekkuchcinski.pl\/?s={search_term_string}\"},\"query-input\":{\"@type\":\"PropertyValueSpecification\",\"valueRequired\":true,\"valueName\":\"search_term_string\"}}],\"inLanguage\":\"en-GB\"},{\"@type\":\"Organization\",\"@id\":\"https:\/\/marekkuchcinski.pl\/#organization\",\"name\":\"Marek Kuchci\u0144ski\",\"url\":\"https:\/\/marekkuchcinski.pl\/\",\"logo\":{\"@type\":\"ImageObject\",\"inLanguage\":\"en-GB\",\"@id\":\"https:\/\/marekkuchcinski.pl\/#\/schema\/logo\/image\/\",\"url\":\"https:\/\/marekkuchcinski.pl\/wp-content\/uploads\/2022\/09\/Marek.jpg\",\"contentUrl\":\"https:\/\/marekkuchcinski.pl\/wp-content\/uploads\/2022\/09\/Marek.jpg\",\"width\":1600,\"height\":971,\"caption\":\"Marek Kuchci\u0144ski\"},\"image\":{\"@id\":\"https:\/\/marekkuchcinski.pl\/#\/schema\/logo\/image\/\"}},{\"@type\":\"Person\",\"@id\":\"https:\/\/marekkuchcinski.pl\/#\/schema\/person\/6f62700996b4d950b6ea2d1183b6c6be\",\"name\":\"admin\",\"image\":{\"@type\":\"ImageObject\",\"inLanguage\":\"en-GB\",\"@id\":\"https:\/\/marekkuchcinski.pl\/#\/schema\/person\/image\/\",\"url\":\"https:\/\/secure.gravatar.com\/avatar\/4bab693b9d55c3d6b52c0296a8765085?s=96&d=mm&r=g\",\"contentUrl\":\"https:\/\/secure.gravatar.com\/avatar\/4bab693b9d55c3d6b52c0296a8765085?s=96&d=mm&r=g\",\"caption\":\"admin\"},\"url\":\"https:\/\/marekkuchcinski.pl\/en\/author\/marta-olejnik\/\"}]}<\/script>\n<!-- \/ Yoast SEO plugin. -->","yoast_head_json":{"title":"Program Leki 75 plus zwi\u0119kszy\u0142 dost\u0119p os\u00f3b starszych do farmakoterapii i zmniejszy\u0142 ich wydatki &#8211; Marek Kuchci\u0144ski","robots":{"index":"index","follow":"follow","max-snippet":"max-snippet:-1","max-image-preview":"max-image-preview:large","max-video-preview":"max-video-preview:-1"},"canonical":"https:\/\/marekkuchcinski.pl\/en\/wydarzenia\/program-leki-75-plus-zwiekszyl-dostep-osob-starszych-do-farmakoterapii-i-zmniejszyl-ich-wydatki\/","og_locale":"en_GB","og_type":"article","og_title":"Program Leki 75 plus zwi\u0119kszy\u0142 dost\u0119p os\u00f3b starszych do farmakoterapii i zmniejszy\u0142 ich wydatki &#8211; Marek Kuchci\u0144ski","og_description":"Najwy\u017csza Izba Kontroli ocenia, \u017ce program Leki 75+ poprawi\u0142 dost\u0119psenior\u00f3w do produkt\u00f3w leczniczych. W bud\u017cetach domowych os\u00f3b starszych zauwa\u017cono spadek wydatk\u00f3w na leki \u2013 powiedzia\u0142 prezes NIK Krzysztof Kwiatkowski. Ustalenia kontroler\u00f3w pokazuj\u0105 mi\u0119dzy innymi, \u017ce cz\u0119\u015b\u0107 koszt\u00f3w przeznaczanych na leki zostawa\u0142a w kieszeniach senior\u00f3w. \u201eNa przyk\u0142ad na koniec 2017 roku suma oszcz\u0119dno\u015bci w skali kraju [&hellip;]","og_url":"https:\/\/marekkuchcinski.pl\/en\/wydarzenia\/program-leki-75-plus-zwiekszyl-dostep-osob-starszych-do-farmakoterapii-i-zmniejszyl-ich-wydatki\/","og_site_name":"Marek Kuchci\u0144ski","article_published_time":"2019-04-23T10:51:44+00:00","article_modified_time":"2019-04-23T13:51:53+00:00","og_image":[{"width":449,"height":307,"url":"https:\/\/marekkuchcinski.pl\/wp-content\/uploads\/2019\/04\/leki-75.jpg","type":"image\/jpeg"}],"author":"admin","twitter_card":"summary_large_image","twitter_misc":{"Written by":"admin","Estimated reading time":"1 minute"},"schema":{"@context":"https:\/\/schema.org","@graph":[{"@type":"Article","@id":"https:\/\/marekkuchcinski.pl\/wydarzenia\/program-leki-75-plus-zwiekszyl-dostep-osob-starszych-do-farmakoterapii-i-zmniejszyl-ich-wydatki\/#article","isPartOf":{"@id":"https:\/\/marekkuchcinski.pl\/wydarzenia\/program-leki-75-plus-zwiekszyl-dostep-osob-starszych-do-farmakoterapii-i-zmniejszyl-ich-wydatki\/"},"author":{"name":"admin","@id":"https:\/\/marekkuchcinski.pl\/#\/schema\/person\/6f62700996b4d950b6ea2d1183b6c6be"},"headline":"Program Leki 75 plus zwi\u0119kszy\u0142 dost\u0119p os\u00f3b starszych do farmakoterapii i zmniejszy\u0142 ich wydatki","datePublished":"2019-04-23T10:51:44+00:00","dateModified":"2019-04-23T13:51:53+00:00","mainEntityOfPage":{"@id":"https:\/\/marekkuchcinski.pl\/wydarzenia\/program-leki-75-plus-zwiekszyl-dostep-osob-starszych-do-farmakoterapii-i-zmniejszyl-ich-wydatki\/"},"wordCount":286,"commentCount":0,"publisher":{"@id":"https:\/\/marekkuchcinski.pl\/#organization"},"image":{"@id":"https:\/\/marekkuchcinski.pl\/wydarzenia\/program-leki-75-plus-zwiekszyl-dostep-osob-starszych-do-farmakoterapii-i-zmniejszyl-ich-wydatki\/#primaryimage"},"thumbnailUrl":"https:\/\/marekkuchcinski.pl\/wp-content\/uploads\/2019\/04\/leki-75.jpg","articleSection":["Prawo i Sprawiedliwo\u015b\u0107","Wydarzenia"],"inLanguage":"en-GB","potentialAction":[{"@type":"CommentAction","name":"Comment","target":["https:\/\/marekkuchcinski.pl\/wydarzenia\/program-leki-75-plus-zwiekszyl-dostep-osob-starszych-do-farmakoterapii-i-zmniejszyl-ich-wydatki\/#respond"]}]},{"@type":"WebPage","@id":"https:\/\/marekkuchcinski.pl\/wydarzenia\/program-leki-75-plus-zwiekszyl-dostep-osob-starszych-do-farmakoterapii-i-zmniejszyl-ich-wydatki\/","url":"https:\/\/marekkuchcinski.pl\/wydarzenia\/program-leki-75-plus-zwiekszyl-dostep-osob-starszych-do-farmakoterapii-i-zmniejszyl-ich-wydatki\/","name":"Program Leki 75 plus zwi\u0119kszy\u0142 dost\u0119p os\u00f3b starszych do farmakoterapii i zmniejszy\u0142 ich wydatki &#8211; Marek Kuchci\u0144ski","isPartOf":{"@id":"https:\/\/marekkuchcinski.pl\/#website"},"primaryImageOfPage":{"@id":"https:\/\/marekkuchcinski.pl\/wydarzenia\/program-leki-75-plus-zwiekszyl-dostep-osob-starszych-do-farmakoterapii-i-zmniejszyl-ich-wydatki\/#primaryimage"},"image":{"@id":"https:\/\/marekkuchcinski.pl\/wydarzenia\/program-leki-75-plus-zwiekszyl-dostep-osob-starszych-do-farmakoterapii-i-zmniejszyl-ich-wydatki\/#primaryimage"},"thumbnailUrl":"https:\/\/marekkuchcinski.pl\/wp-content\/uploads\/2019\/04\/leki-75.jpg","datePublished":"2019-04-23T10:51:44+00:00","dateModified":"2019-04-23T13:51:53+00:00","breadcrumb":{"@id":"https:\/\/marekkuchcinski.pl\/wydarzenia\/program-leki-75-plus-zwiekszyl-dostep-osob-starszych-do-farmakoterapii-i-zmniejszyl-ich-wydatki\/#breadcrumb"},"inLanguage":"en-GB","potentialAction":[{"@type":"ReadAction","target":["https:\/\/marekkuchcinski.pl\/wydarzenia\/program-leki-75-plus-zwiekszyl-dostep-osob-starszych-do-farmakoterapii-i-zmniejszyl-ich-wydatki\/"]}]},{"@type":"ImageObject","inLanguage":"en-GB","@id":"https:\/\/marekkuchcinski.pl\/wydarzenia\/program-leki-75-plus-zwiekszyl-dostep-osob-starszych-do-farmakoterapii-i-zmniejszyl-ich-wydatki\/#primaryimage","url":"https:\/\/marekkuchcinski.pl\/wp-content\/uploads\/2019\/04\/leki-75.jpg","contentUrl":"https:\/\/marekkuchcinski.pl\/wp-content\/uploads\/2019\/04\/leki-75.jpg","width":449,"height":307},{"@type":"BreadcrumbList","@id":"https:\/\/marekkuchcinski.pl\/wydarzenia\/program-leki-75-plus-zwiekszyl-dostep-osob-starszych-do-farmakoterapii-i-zmniejszyl-ich-wydatki\/#breadcrumb","itemListElement":[{"@type":"ListItem","position":1,"name":"Strona g\u0142\u00f3wna","item":"https:\/\/marekkuchcinski.pl\/"},{"@type":"ListItem","position":2,"name":"Program Leki 75 plus zwi\u0119kszy\u0142 dost\u0119p os\u00f3b starszych do farmakoterapii i zmniejszy\u0142 ich wydatki"}]},{"@type":"WebSite","@id":"https:\/\/marekkuchcinski.pl\/#website","url":"https:\/\/marekkuchcinski.pl\/","name":"Marek Kuchci\u0144ski","description":"Pose\u0142 na sejm RP &ndash; okr\u0119g nr 22","publisher":{"@id":"https:\/\/marekkuchcinski.pl\/#organization"},"potentialAction":[{"@type":"SearchAction","target":{"@type":"EntryPoint","urlTemplate":"https:\/\/marekkuchcinski.pl\/?s={search_term_string}"},"query-input":{"@type":"PropertyValueSpecification","valueRequired":true,"valueName":"search_term_string"}}],"inLanguage":"en-GB"},{"@type":"Organization","@id":"https:\/\/marekkuchcinski.pl\/#organization","name":"Marek Kuchci\u0144ski","url":"https:\/\/marekkuchcinski.pl\/","logo":{"@type":"ImageObject","inLanguage":"en-GB","@id":"https:\/\/marekkuchcinski.pl\/#\/schema\/logo\/image\/","url":"https:\/\/marekkuchcinski.pl\/wp-content\/uploads\/2022\/09\/Marek.jpg","contentUrl":"https:\/\/marekkuchcinski.pl\/wp-content\/uploads\/2022\/09\/Marek.jpg","width":1600,"height":971,"caption":"Marek Kuchci\u0144ski"},"image":{"@id":"https:\/\/marekkuchcinski.pl\/#\/schema\/logo\/image\/"}},{"@type":"Person","@id":"https:\/\/marekkuchcinski.pl\/#\/schema\/person\/6f62700996b4d950b6ea2d1183b6c6be","name":"admin","image":{"@type":"ImageObject","inLanguage":"en-GB","@id":"https:\/\/marekkuchcinski.pl\/#\/schema\/person\/image\/","url":"https:\/\/secure.gravatar.com\/avatar\/4bab693b9d55c3d6b52c0296a8765085?s=96&d=mm&r=g","contentUrl":"https:\/\/secure.gravatar.com\/avatar\/4bab693b9d55c3d6b52c0296a8765085?s=96&d=mm&r=g","caption":"admin"},"url":"https:\/\/marekkuchcinski.pl\/en\/author\/marta-olejnik\/"}]}},"_links":{"self":[{"href":"https:\/\/marekkuchcinski.pl\/en\/wp-json\/wp\/v2\/posts\/15027","targetHints":{"allow":["GET"]}}],"collection":[{"href":"https:\/\/marekkuchcinski.pl\/en\/wp-json\/wp\/v2\/posts"}],"about":[{"href":"https:\/\/marekkuchcinski.pl\/en\/wp-json\/wp\/v2\/types\/post"}],"author":[{"embeddable":true,"href":"https:\/\/marekkuchcinski.pl\/en\/wp-json\/wp\/v2\/users\/6"}],"replies":[{"embeddable":true,"href":"https:\/\/marekkuchcinski.pl\/en\/wp-json\/wp\/v2\/comments?post=15027"}],"version-history":[{"count":6,"href":"https:\/\/marekkuchcinski.pl\/en\/wp-json\/wp\/v2\/posts\/15027\/revisions"}],"predecessor-version":[{"id":15035,"href":"https:\/\/marekkuchcinski.pl\/en\/wp-json\/wp\/v2\/posts\/15027\/revisions\/15035"}],"wp:featuredmedia":[{"embeddable":true,"href":"https:\/\/marekkuchcinski.pl\/en\/wp-json\/wp\/v2\/media\/15031"}],"wp:attachment":[{"href":"https:\/\/marekkuchcinski.pl\/en\/wp-json\/wp\/v2\/media?parent=15027"}],"wp:term":[{"taxonomy":"category","embeddable":true,"href":"https:\/\/marekkuchcinski.pl\/en\/wp-json\/wp\/v2\/categories?post=15027"},{"taxonomy":"post_tag","embeddable":true,"href":"https:\/\/marekkuchcinski.pl\/en\/wp-json\/wp\/v2\/tags?post=15027"}],"curies":[{"name":"wp","href":"https:\/\/api.w.org\/{rel}","templated":true}]}}