{"id":15003,"date":"2019-04-15T20:18:38","date_gmt":"2019-04-15T18:18:38","guid":{"rendered":"https:\/\/marekkuchcinski.pl\/?p=15003"},"modified":"2019-04-21T20:21:26","modified_gmt":"2019-04-21T18:21:26","slug":"sto-lat-temu-urodzil-sie-wojciech-bogumil-jastrzebowski-tworca-konstytucji-dla-europy","status":"publish","type":"post","link":"https:\/\/marekkuchcinski.pl\/en\/wazne-daty\/sto-lat-temu-urodzil-sie-wojciech-bogumil-jastrzebowski-tworca-konstytucji-dla-europy\/","title":{"rendered":"One hundred years ago Wojciech Bogumi\u0142 Jastrz\u0119bowski was born, the author of the \"Constitution for Europe\"."},"content":{"rendered":"<p class=\"wp-block-paragraph\">On April 15, 1819, Wojciech Bogumi\u0142 Jastrz\u0119bowski, author of the May 3, 1831 document: \"Wolne chwilerza polskiego, czyli my\u015bli o wiecznym pokoju mi\u0119dzy narodami ucywilizowanych\". Its essential part was the Constitution for Europe. In his treatise, Jastrz\u0119bowski wrote about Europe as a federation of nations speaking different languages, but subject to the same general political principles. It was important for Jastrz\u0119bowski, who was a young scholar at the time and a participant in the November Uprising, to preserve national distinctions. He wrote about unification as a chance for peace. His vision was partly utopian, and it is difficult to put it forth as a topic for discussion about the future of the modern world. It is clear, however, that even during the 19th century struggle for independence, Poles thought in terms of a broader good, the future of the continent, and not only of their own property torn away from the partitioners in bloody battles.<\/p>\n\n\n\n<p class=\"wp-block-paragraph\">Thus, we do not have to use only historical examples cited by Western European countries, which often try to introduce a narrative that limits the voice of discussants reminding that attachment to one's own people, traditions, and otherness has been a hotly debated topic for centuries.<\/p>","protected":false},"excerpt":{"rendered":"<p>15 kwietnia 1819 r. urodzi\u0142 si\u0119 Wojciech Bogumi\u0142 Jastrz\u0119bowski, autor dokumentu z 3 maja 1831 roku: \u201eWolne chwile \u017co\u0142nierza polskiego, czyli my\u015bli o wiecznym pokoju mi\u0119dzy narodami ucywilizowanymi\u201d. Jego zasadnicz\u0105 cz\u0119\u015b\u0107 stanowi\u0142a Konstytucja dla Europy. Jastrz\u0119bowski w swoim traktacie pisa\u0142 o Europie, kt\u00f3ra ma by\u0107 federacj\u0105 narod\u00f3w m\u00f3wi\u0105cych r\u00f3\u017cnymi j\u0119zykami, lecz podlegaj\u0105cych tym samym og\u00f3lnym [&hellip;]<\/p>\n","protected":false},"author":6,"featured_media":15005,"comment_status":"open","ping_status":"open","sticky":false,"template":"","format":"standard","meta":{"ngg_post_thumbnail":0,"footnotes":""},"categories":[77],"tags":[],"class_list":["post-15003","post","type-post","status-publish","format-standard","has-post-thumbnail","hentry","category-wazne-daty"],"_links":{"self":[{"href":"https:\/\/marekkuchcinski.pl\/en\/wp-json\/wp\/v2\/posts\/15003","targetHints":{"allow":["GET"]}}],"collection":[{"href":"https:\/\/marekkuchcinski.pl\/en\/wp-json\/wp\/v2\/posts"}],"about":[{"href":"https:\/\/marekkuchcinski.pl\/en\/wp-json\/wp\/v2\/types\/post"}],"author":[{"embeddable":true,"href":"https:\/\/marekkuchcinski.pl\/en\/wp-json\/wp\/v2\/users\/6"}],"replies":[{"embeddable":true,"href":"https:\/\/marekkuchcinski.pl\/en\/wp-json\/wp\/v2\/comments?post=15003"}],"version-history":[{"count":2,"href":"https:\/\/marekkuchcinski.pl\/en\/wp-json\/wp\/v2\/posts\/15003\/revisions"}],"predecessor-version":[{"id":15006,"href":"https:\/\/marekkuchcinski.pl\/en\/wp-json\/wp\/v2\/posts\/15003\/revisions\/15006"}],"wp:featuredmedia":[{"embeddable":true,"href":"https:\/\/marekkuchcinski.pl\/en\/wp-json\/wp\/v2\/media\/15005"}],"wp:attachment":[{"href":"https:\/\/marekkuchcinski.pl\/en\/wp-json\/wp\/v2\/media?parent=15003"}],"wp:term":[{"taxonomy":"category","embeddable":true,"href":"https:\/\/marekkuchcinski.pl\/en\/wp-json\/wp\/v2\/categories?post=15003"},{"taxonomy":"post_tag","embeddable":true,"href":"https:\/\/marekkuchcinski.pl\/en\/wp-json\/wp\/v2\/tags?post=15003"}],"curies":[{"name":"wp","href":"https:\/\/api.w.org\/{rel}","templated":true}]}}