{"id":14934,"date":"2019-04-17T16:11:04","date_gmt":"2019-04-17T14:11:04","guid":{"rendered":"https:\/\/marekkuchcinski.pl\/?p=14934"},"modified":"2019-04-18T16:18:26","modified_gmt":"2019-04-18T14:18:26","slug":"marek-kuchcinski-o-budowie-via-carpatia-jestesmy-w-trakcie-wielkiego-procesu-historycznego-ktory-moze-zmienic-nasza-czesc-europy","status":"publish","type":"post","link":"https:\/\/marekkuchcinski.pl\/en\/wydarzenia\/marek-kuchcinski-o-budowie-via-carpatia-jestesmy-w-trakcie-wielkiego-procesu-historycznego-ktory-moze-zmienic-nasza-czesc-europy\/","title":{"rendered":"Marek Kuchci\u0144ski on construction of Via Carpatia: We are in the middle of a great historical process that can change our part of Europe"},"content":{"rendered":"<p>On April 17 in Lancut, a conference was held on \"Benefits for the regions\nresulting from the implementation of the Via Carpatia route\". Representatives of 10 countries, including\nincluding Poland, signed proposals to include the VC corridor in the TEN-T core network and the\nLa\u0144cut III declaration.<\/p>\n\n\n\n<p>Infrastructure Minister Andrzej Adamczyk recalled\nthe initiator of the Via Carpatia project - Prof. Lech Kaczynski - who signed the 1st\n\u0141a\u0144cut Declaration in 2006.<\/p>\n\n\n\n<p>Adamczyk called the VC the embodiment of the Jagiellonian idea, the creation of a\nregion of friendly states; focused on what unites. He stressed that the\nVC is a corridor with a planned length of 7700 kilometers - from \u0136lajpeda to Thessaloniki and\nIstanbul.<\/p>\n\n\n\n<p>He welcomed the addition of new\ncountries Belarus and Croatia.<\/p>\n\n\n\n<p>He called absent Greece, Bosnia and Herzegovina and the Czech Republic still\nimportant candidates for the project. He expressed hope that Estonia, Latvia and Finland would soon join the construction of BC\nEstonia, Latvia and Finland will also join. According to the VC minister, this is a historic\nopportunity to fairly connect our region.<\/p>\n\n\n\n<p><strong>Sejm Speaker Marek Kuchcinski said that we are in the midst of a great historical process that can change our part of Europe. He recalled that post-1989 changes in Europe also began with Poland, Czechoslovakia and Hungary, before the Berlin Wall came down. He called communication the foundation of development. Kuchcinski argued that the VC will serve all areas of life along the EU border. It will contribute to the development of cultural and regional cooperation.<\/strong><\/p>\n\n\n\n<p>The conference displayed a message from MEP Tomasz\nPor\u0119ba, who argued that today's vote in the EP paves the way for the\nnegotiations on the inclusion of VCs in the TEN-T network.<\/p>\n\n\n\n<p>MP Bogdan Rzonec read out a letter from Prime Minister Morawiecki, in which he\nstressed the importance of being able to communicate, including for our neighbors from the southern\nand eastern borders of the European Union.<a href=\"https:\/\/www.facebook.com\/wiewiorkaewka\"><\/a><\/p>\n\n\n\n<p>The prime minister wrote that during the communist era, we had to subordinate the\nthe construction of infrastructure to a headquarters focused on building connections convenient to\nMoscow. After the fall of communism, we focused on building connections to the West to\ndevelop trade and tourism. And it was only in the last decade that we realized that\nwe cannot limit ourselves to developing communications on only one axis: the East\n- West.<\/p>\n\n\n\n<p>Deputy Development Minister Adam Hamryszczak stressed that one of the\nof the government's priorities is the development of the region, including the preparation of the Macroregional Strategy of the\nCarpathian Strategy.<\/p>\n\n\n\n<p>VC will affect the economic development and living standards of citizens.<\/p>\n\n\n\n<p>Gregory Witkowski of the Ministry of Economy and Trade said that the cities on the edges of the VC have one thing in common - access to the sea. In Klaipeda, Rijeke, Constance and Istanbul, 80 percent of trade is conducted by sea. Via Carpatia is a great potential. Its first draft shows the great vision shown by Lech Kaczynski. Connecting the ports is part of Poland's raison d'\u00e9tat. He mentioned that the idea of the Trilateral is also attractive by the fact that it gives our neighbors access to the sea, which they do not have now.<\/p>\n\n\n\n<p>Marshal of the Subcarpathian region Wladyslaw Ortyl read out a\na letter from the President of the Law and Justice party Jaroslaw Kaczynski, in which he thanked those involved in the\nin the project.<\/p>\n\n\n\n<p>Pawel Wojciechowski, a representative of the European Commission, in\nhis speech, said that developing TEN-T is important for the sake of\nsocial goals and sustainable development. He welcomed the joining of\nBelarus and Croatia to the project. He stressed that it is necessary to provide the EC with\neconomic data. It will also be important, in the event that funding is awarded, to\nthe use of project funds.<\/p>\n\n\n\n<p>The conference was attended by representatives of the signatory countries to the declaration.<\/p>\n\n\n\n<p><em>Agata Obratanska<\/em><\/p>\n\n\n\n<p><em>Photo by Marta Marchlewska<\/em><\/p>\n\n\n\n<figure class=\"wp-block-embed is-type-rich is-provider-marek-kuchcinski\"><div class=\"wp-block-embed__wrapper\">\n<blockquote class=\"wp-embedded-content\" data-secret=\"3HiVEIP0mi\"><a href=\"https:\/\/marekkuchcinski.pl\/en\/wydarzenia\/via-carpatia-wpisana-projektu-rozporzadzenia-cef\/\">Via Carpatia included in CEF draft regulation<\/a><\/blockquote><iframe class=\"wp-embedded-content\" sandbox=\"allow-scripts\" security=\"restricted\" style=\"position: absolute; clip: rect(1px, 1px, 1px, 1px);\" title=\"&quot;Via Carpatia included in draft CEF regulation&quot;. - Marek Kuchcinski\" src=\"https:\/\/marekkuchcinski.pl\/wydarzenia\/via-carpatia-wpisana-projektu-rozporzadzenia-cef\/embed\/#?secret=3HiVEIP0mi\" data-secret=\"3HiVEIP0mi\" width=\"600\" height=\"338\" frameborder=\"0\" marginwidth=\"0\" marginheight=\"0\" scrolling=\"no\"><\/iframe>\n<\/div><\/figure>\n\n\n\n<figure class=\"wp-block-embed is-type-rich is-provider-marek-kuchcinski\"><div class=\"wp-block-embed__wrapper\">\n<blockquote class=\"wp-embedded-content\" data-secret=\"4LqDHmKt8F\"><a href=\"https:\/\/marekkuchcinski.pl\/en\/wydarzenia\/via-carpatia-9-panstw-podpisalo-w-warszawie-deklaracje-dot-budowy-szlaku\/\">Via Carpatia - 8 countries signed a declaration in Warsaw on the construction of the route<\/a><\/blockquote><iframe class=\"wp-embedded-content\" sandbox=\"allow-scripts\" security=\"restricted\" style=\"position: absolute; clip: rect(1px, 1px, 1px, 1px);\" title=\"&quot;Via Carpatia - 8 countries signed a declaration in Warsaw regarding the construction of the route&quot; - Marek Kuchci\u0144ski\" src=\"https:\/\/marekkuchcinski.pl\/wydarzenia\/via-carpatia-9-panstw-podpisalo-w-warszawie-deklaracje-dot-budowy-szlaku\/embed\/#?secret=4LqDHmKt8F\" data-secret=\"4LqDHmKt8F\" width=\"600\" height=\"338\" frameborder=\"0\" marginwidth=\"0\" marginheight=\"0\" scrolling=\"no\"><\/iframe>\n<\/div><\/figure>\n\n\n\n<figure class=\"wp-block-embed is-type-rich is-provider-marek-kuchcinski\"><div class=\"wp-block-embed__wrapper\">\n<blockquote class=\"wp-embedded-content\" data-secret=\"KAm5swRnZF\"><a href=\"https:\/\/marekkuchcinski.pl\/en\/wydarzenia\/o-via-carpatia-s19-w-parlamencie-europejskim\/\">Via Carpatia (S19) in the European Parliament<\/a><\/blockquote><iframe class=\"wp-embedded-content\" sandbox=\"allow-scripts\" security=\"restricted\" style=\"position: absolute; clip: rect(1px, 1px, 1px, 1px);\" title=\"&quot;About Via Carpatia (S19) in the European Parliament&quot;. - Marek Kuchcinski\" src=\"https:\/\/marekkuchcinski.pl\/wydarzenia\/o-via-carpatia-s19-w-parlamencie-europejskim\/embed\/#?secret=KAm5swRnZF\" data-secret=\"KAm5swRnZF\" width=\"600\" height=\"338\" frameborder=\"0\" marginwidth=\"0\" marginheight=\"0\" scrolling=\"no\"><\/iframe>\n<\/div><\/figure>\n\n\n\n<ul class=\"wp-block-gallery columns-1 is-cropped wp-block-gallery-1 is-layout-flex wp-block-gallery-is-layout-flex\"><li class=\"blocks-gallery-item\"><figure><img fetchpriority=\"high\" decoding=\"async\" width=\"800\" height=\"534\" src=\"https:\/\/marekkuchcinski.pl\/wp-content\/uploads\/2019\/04\/\u01416.jpg\" alt=\"\" data-id=\"14936\" data-link=\"https:\/\/marekkuchcinski.pl\/?attachment_id=14936\" class=\"wp-image-14936\" srcset=\"https:\/\/marekkuchcinski.pl\/wp-content\/uploads\/2019\/04\/\u01416.jpg 800w, https:\/\/marekkuchcinski.pl\/wp-content\/uploads\/2019\/04\/\u01416-300x200.jpg 300w, https:\/\/marekkuchcinski.pl\/wp-content\/uploads\/2019\/04\/\u01416-768x513.jpg 768w\" sizes=\"(max-width: 800px) 100vw, 800px\" \/><\/figure><\/li><li class=\"blocks-gallery-item\"><figure><img decoding=\"async\" width=\"800\" height=\"534\" src=\"https:\/\/marekkuchcinski.pl\/wp-content\/uploads\/2019\/04\/\u01415.jpg\" alt=\"\" data-id=\"14937\" data-link=\"https:\/\/marekkuchcinski.pl\/?attachment_id=14937\" class=\"wp-image-14937\" srcset=\"https:\/\/marekkuchcinski.pl\/wp-content\/uploads\/2019\/04\/\u01415.jpg 800w, https:\/\/marekkuchcinski.pl\/wp-content\/uploads\/2019\/04\/\u01415-300x200.jpg 300w, https:\/\/marekkuchcinski.pl\/wp-content\/uploads\/2019\/04\/\u01415-768x513.jpg 768w\" sizes=\"(max-width: 800px) 100vw, 800px\" \/><\/figure><\/li><li class=\"blocks-gallery-item\"><figure><img decoding=\"async\" width=\"800\" height=\"534\" src=\"https:\/\/marekkuchcinski.pl\/wp-content\/uploads\/2019\/04\/\u01414.jpg\" alt=\"\" data-id=\"14938\" data-link=\"https:\/\/marekkuchcinski.pl\/?attachment_id=14938\" class=\"wp-image-14938\" srcset=\"https:\/\/marekkuchcinski.pl\/wp-content\/uploads\/2019\/04\/\u01414.jpg 800w, https:\/\/marekkuchcinski.pl\/wp-content\/uploads\/2019\/04\/\u01414-300x200.jpg 300w, https:\/\/marekkuchcinski.pl\/wp-content\/uploads\/2019\/04\/\u01414-768x513.jpg 768w\" sizes=\"(max-width: 800px) 100vw, 800px\" \/><\/figure><\/li><li class=\"blocks-gallery-item\"><figure><img loading=\"lazy\" decoding=\"async\" width=\"800\" height=\"534\" src=\"https:\/\/marekkuchcinski.pl\/wp-content\/uploads\/2019\/04\/\u01413.jpg\" alt=\"\" data-id=\"14939\" data-link=\"https:\/\/marekkuchcinski.pl\/?attachment_id=14939\" class=\"wp-image-14939\" srcset=\"https:\/\/marekkuchcinski.pl\/wp-content\/uploads\/2019\/04\/\u01413.jpg 800w, https:\/\/marekkuchcinski.pl\/wp-content\/uploads\/2019\/04\/\u01413-300x200.jpg 300w, https:\/\/marekkuchcinski.pl\/wp-content\/uploads\/2019\/04\/\u01413-768x513.jpg 768w\" sizes=\"(max-width: 800px) 100vw, 800px\" \/><\/figure><\/li><li class=\"blocks-gallery-item\"><figure><img loading=\"lazy\" decoding=\"async\" width=\"800\" height=\"534\" src=\"https:\/\/marekkuchcinski.pl\/wp-content\/uploads\/2019\/04\/\u01412.jpg\" alt=\"\" data-id=\"14940\" data-link=\"https:\/\/marekkuchcinski.pl\/?attachment_id=14940\" class=\"wp-image-14940\" srcset=\"https:\/\/marekkuchcinski.pl\/wp-content\/uploads\/2019\/04\/\u01412.jpg 800w, https:\/\/marekkuchcinski.pl\/wp-content\/uploads\/2019\/04\/\u01412-300x200.jpg 300w, https:\/\/marekkuchcinski.pl\/wp-content\/uploads\/2019\/04\/\u01412-768x513.jpg 768w\" sizes=\"(max-width: 800px) 100vw, 800px\" \/><\/figure><\/li><li class=\"blocks-gallery-item\"><figure><img loading=\"lazy\" decoding=\"async\" width=\"800\" height=\"534\" src=\"https:\/\/marekkuchcinski.pl\/wp-content\/uploads\/2019\/04\/\u01411.jpg\" alt=\"\" data-id=\"14941\" data-link=\"https:\/\/marekkuchcinski.pl\/?attachment_id=14941\" class=\"wp-image-14941\" srcset=\"https:\/\/marekkuchcinski.pl\/wp-content\/uploads\/2019\/04\/\u01411.jpg 800w, https:\/\/marekkuchcinski.pl\/wp-content\/uploads\/2019\/04\/\u01411-300x200.jpg 300w, https:\/\/marekkuchcinski.pl\/wp-content\/uploads\/2019\/04\/\u01411-768x513.jpg 768w\" sizes=\"(max-width: 800px) 100vw, 800px\" \/><\/figure><\/li><\/ul>","protected":false},"excerpt":{"rendered":"<p>17 kwietnia w \u0141a\u0144cucie odby\u0142a si\u0119 konferencja \u201eKorzy\u015bci dla region\u00f3w wynikaj\u0105ce z wdra\u017cania trasy Via Carpatia&#8221;. Przedstawiciele 10 pa\u0144stw, w tym Polski, podpisali wnioski o w\u0142\u0105czenie korytarza VC do sieci bazowej TEN-T oraz deklaracj\u0119 \u0141a\u0144cut III. Minister infrastruktury Andrzej Adamczyk przypomnia\u0142 inicjatora projektu Via Carpatia &#8211; prof. Lecha Kaczy\u0144skiego &#8211; kt\u00f3ry podpisa\u0142 I deklaracj\u0119 \u0142a\u0144cuck\u0105 [&hellip;]<\/p>","protected":false},"author":6,"featured_media":14942,"comment_status":"open","ping_status":"open","sticky":false,"template":"","format":"standard","meta":{"ngg_post_thumbnail":0,"footnotes":""},"categories":[78,49,82,3],"tags":[],"class_list":["post-14934","post","type-post","status-publish","format-standard","has-post-thumbnail","hentry","category-europa-karpat","category-podkarpacie","category-prawo-i-sprawiedliwosc","category-wydarzenia"],"yoast_head":"<!-- This site is optimized with the Yoast SEO plugin v24.7 - https:\/\/yoast.com\/wordpress\/plugins\/seo\/ -->\n<title>Marek Kuchci\u0144ski o budowie Via Carpatii: Jeste\u015bmy w trakcie wielkiego procesu historycznego, kt\u00f3ry mo\u017ce zmieni\u0107 nasz\u0105 cz\u0119\u015b\u0107 Europy &#8211; Marek Kuchci\u0144ski<\/title>\n<meta name=\"robots\" content=\"index, follow, max-snippet:-1, max-image-preview:large, max-video-preview:-1\" \/>\n<link rel=\"canonical\" href=\"https:\/\/marekkuchcinski.pl\/en\/wydarzenia\/marek-kuchcinski-o-budowie-via-carpatia-jestesmy-w-trakcie-wielkiego-procesu-historycznego-ktory-moze-zmienic-nasza-czesc-europy\/\" \/>\n<meta property=\"og:locale\" content=\"en_GB\" \/>\n<meta property=\"og:type\" content=\"article\" \/>\n<meta property=\"og:title\" content=\"Marek Kuchci\u0144ski o budowie Via Carpatii: Jeste\u015bmy w trakcie wielkiego procesu historycznego, kt\u00f3ry mo\u017ce zmieni\u0107 nasz\u0105 cz\u0119\u015b\u0107 Europy &#8211; Marek Kuchci\u0144ski\" \/>\n<meta property=\"og:description\" content=\"17 kwietnia w \u0141a\u0144cucie odby\u0142a si\u0119 konferencja \u201eKorzy\u015bci dla region\u00f3w wynikaj\u0105ce z wdra\u017cania trasy Via Carpatia&#8221;. Przedstawiciele 10 pa\u0144stw, w tym Polski, podpisali wnioski o w\u0142\u0105czenie korytarza VC do sieci bazowej TEN-T oraz deklaracj\u0119 \u0141a\u0144cut III. Minister infrastruktury Andrzej Adamczyk przypomnia\u0142 inicjatora projektu Via Carpatia &#8211; prof. Lecha Kaczy\u0144skiego &#8211; kt\u00f3ry podpisa\u0142 I deklaracj\u0119 \u0142a\u0144cuck\u0105 [&hellip;]\" \/>\n<meta property=\"og:url\" content=\"https:\/\/marekkuchcinski.pl\/en\/wydarzenia\/marek-kuchcinski-o-budowie-via-carpatia-jestesmy-w-trakcie-wielkiego-procesu-historycznego-ktory-moze-zmienic-nasza-czesc-europy\/\" \/>\n<meta property=\"og:site_name\" content=\"Marek Kuchci\u0144ski\" \/>\n<meta property=\"article:published_time\" content=\"2019-04-17T14:11:04+00:00\" \/>\n<meta property=\"article:modified_time\" content=\"2019-04-18T14:18:26+00:00\" \/>\n<meta property=\"og:image\" content=\"https:\/\/marekkuchcinski.pl\/wp-content\/uploads\/2019\/04\/\u01416-1.jpg\" \/>\n\t<meta property=\"og:image:width\" content=\"800\" \/>\n\t<meta property=\"og:image:height\" content=\"534\" \/>\n\t<meta property=\"og:image:type\" content=\"image\/jpeg\" \/>\n<meta name=\"author\" content=\"admin\" \/>\n<meta name=\"twitter:card\" content=\"summary_large_image\" \/>\n<meta name=\"twitter:label1\" content=\"Written by\" \/>\n\t<meta name=\"twitter:data1\" content=\"admin\" \/>\n\t<meta name=\"twitter:label2\" content=\"Estimated reading time\" \/>\n\t<meta name=\"twitter:data2\" content=\"3 minutes\" \/>\n<script type=\"application\/ld+json\" class=\"yoast-schema-graph\">{\"@context\":\"https:\/\/schema.org\",\"@graph\":[{\"@type\":\"Article\",\"@id\":\"https:\/\/marekkuchcinski.pl\/uk\/wydarzenia\/marek-kuchcinski-o-budowie-via-carpatia-jestesmy-w-trakcie-wielkiego-procesu-historycznego-ktory-moze-zmienic-nasza-czesc-europy\/#article\",\"isPartOf\":{\"@id\":\"https:\/\/marekkuchcinski.pl\/uk\/wydarzenia\/marek-kuchcinski-o-budowie-via-carpatia-jestesmy-w-trakcie-wielkiego-procesu-historycznego-ktory-moze-zmienic-nasza-czesc-europy\/\"},\"author\":{\"name\":\"admin\",\"@id\":\"https:\/\/marekkuchcinski.pl\/#\/schema\/person\/6f62700996b4d950b6ea2d1183b6c6be\"},\"headline\":\"Marek Kuchci\u0144ski o budowie Via Carpatii: Jeste\u015bmy w trakcie wielkiego procesu historycznego, kt\u00f3ry mo\u017ce zmieni\u0107 nasz\u0105 cz\u0119\u015b\u0107 Europy\",\"datePublished\":\"2019-04-17T14:11:04+00:00\",\"dateModified\":\"2019-04-18T14:18:26+00:00\",\"mainEntityOfPage\":{\"@id\":\"https:\/\/marekkuchcinski.pl\/uk\/wydarzenia\/marek-kuchcinski-o-budowie-via-carpatia-jestesmy-w-trakcie-wielkiego-procesu-historycznego-ktory-moze-zmienic-nasza-czesc-europy\/\"},\"wordCount\":638,\"commentCount\":0,\"publisher\":{\"@id\":\"https:\/\/marekkuchcinski.pl\/#organization\"},\"image\":{\"@id\":\"https:\/\/marekkuchcinski.pl\/uk\/wydarzenia\/marek-kuchcinski-o-budowie-via-carpatia-jestesmy-w-trakcie-wielkiego-procesu-historycznego-ktory-moze-zmienic-nasza-czesc-europy\/#primaryimage\"},\"thumbnailUrl\":\"https:\/\/marekkuchcinski.pl\/wp-content\/uploads\/2019\/04\/\u01416-1.jpg\",\"articleSection\":[\"Europa Karpat\",\"Podkarpacie\",\"Prawo i Sprawiedliwo\u015b\u0107\",\"Wydarzenia\"],\"inLanguage\":\"en-GB\",\"potentialAction\":[{\"@type\":\"CommentAction\",\"name\":\"Comment\",\"target\":[\"https:\/\/marekkuchcinski.pl\/uk\/wydarzenia\/marek-kuchcinski-o-budowie-via-carpatia-jestesmy-w-trakcie-wielkiego-procesu-historycznego-ktory-moze-zmienic-nasza-czesc-europy\/#respond\"]}]},{\"@type\":\"WebPage\",\"@id\":\"https:\/\/marekkuchcinski.pl\/uk\/wydarzenia\/marek-kuchcinski-o-budowie-via-carpatia-jestesmy-w-trakcie-wielkiego-procesu-historycznego-ktory-moze-zmienic-nasza-czesc-europy\/\",\"url\":\"https:\/\/marekkuchcinski.pl\/uk\/wydarzenia\/marek-kuchcinski-o-budowie-via-carpatia-jestesmy-w-trakcie-wielkiego-procesu-historycznego-ktory-moze-zmienic-nasza-czesc-europy\/\",\"name\":\"Marek Kuchci\u0144ski o budowie Via Carpatii: Jeste\u015bmy w trakcie wielkiego procesu historycznego, kt\u00f3ry mo\u017ce zmieni\u0107 nasz\u0105 cz\u0119\u015b\u0107 Europy &#8211; Marek Kuchci\u0144ski\",\"isPartOf\":{\"@id\":\"https:\/\/marekkuchcinski.pl\/#website\"},\"primaryImageOfPage\":{\"@id\":\"https:\/\/marekkuchcinski.pl\/uk\/wydarzenia\/marek-kuchcinski-o-budowie-via-carpatia-jestesmy-w-trakcie-wielkiego-procesu-historycznego-ktory-moze-zmienic-nasza-czesc-europy\/#primaryimage\"},\"image\":{\"@id\":\"https:\/\/marekkuchcinski.pl\/uk\/wydarzenia\/marek-kuchcinski-o-budowie-via-carpatia-jestesmy-w-trakcie-wielkiego-procesu-historycznego-ktory-moze-zmienic-nasza-czesc-europy\/#primaryimage\"},\"thumbnailUrl\":\"https:\/\/marekkuchcinski.pl\/wp-content\/uploads\/2019\/04\/\u01416-1.jpg\",\"datePublished\":\"2019-04-17T14:11:04+00:00\",\"dateModified\":\"2019-04-18T14:18:26+00:00\",\"breadcrumb\":{\"@id\":\"https:\/\/marekkuchcinski.pl\/uk\/wydarzenia\/marek-kuchcinski-o-budowie-via-carpatia-jestesmy-w-trakcie-wielkiego-procesu-historycznego-ktory-moze-zmienic-nasza-czesc-europy\/#breadcrumb\"},\"inLanguage\":\"en-GB\",\"potentialAction\":[{\"@type\":\"ReadAction\",\"target\":[\"https:\/\/marekkuchcinski.pl\/uk\/wydarzenia\/marek-kuchcinski-o-budowie-via-carpatia-jestesmy-w-trakcie-wielkiego-procesu-historycznego-ktory-moze-zmienic-nasza-czesc-europy\/\"]}]},{\"@type\":\"ImageObject\",\"inLanguage\":\"en-GB\",\"@id\":\"https:\/\/marekkuchcinski.pl\/uk\/wydarzenia\/marek-kuchcinski-o-budowie-via-carpatia-jestesmy-w-trakcie-wielkiego-procesu-historycznego-ktory-moze-zmienic-nasza-czesc-europy\/#primaryimage\",\"url\":\"https:\/\/marekkuchcinski.pl\/wp-content\/uploads\/2019\/04\/\u01416-1.jpg\",\"contentUrl\":\"https:\/\/marekkuchcinski.pl\/wp-content\/uploads\/2019\/04\/\u01416-1.jpg\",\"width\":800,\"height\":534},{\"@type\":\"BreadcrumbList\",\"@id\":\"https:\/\/marekkuchcinski.pl\/uk\/wydarzenia\/marek-kuchcinski-o-budowie-via-carpatia-jestesmy-w-trakcie-wielkiego-procesu-historycznego-ktory-moze-zmienic-nasza-czesc-europy\/#breadcrumb\",\"itemListElement\":[{\"@type\":\"ListItem\",\"position\":1,\"name\":\"Strona g\u0142\u00f3wna\",\"item\":\"https:\/\/marekkuchcinski.pl\/\"},{\"@type\":\"ListItem\",\"position\":2,\"name\":\"Marek Kuchci\u0144ski o budowie Via Carpatii: Jeste\u015bmy w trakcie wielkiego procesu historycznego, kt\u00f3ry mo\u017ce zmieni\u0107 nasz\u0105 cz\u0119\u015b\u0107 Europy\"}]},{\"@type\":\"WebSite\",\"@id\":\"https:\/\/marekkuchcinski.pl\/#website\",\"url\":\"https:\/\/marekkuchcinski.pl\/\",\"name\":\"Marek Kuchci\u0144ski\",\"description\":\"Pose\u0142 na sejm RP &ndash; okr\u0119g nr 22\",\"publisher\":{\"@id\":\"https:\/\/marekkuchcinski.pl\/#organization\"},\"potentialAction\":[{\"@type\":\"SearchAction\",\"target\":{\"@type\":\"EntryPoint\",\"urlTemplate\":\"https:\/\/marekkuchcinski.pl\/?s={search_term_string}\"},\"query-input\":{\"@type\":\"PropertyValueSpecification\",\"valueRequired\":true,\"valueName\":\"search_term_string\"}}],\"inLanguage\":\"en-GB\"},{\"@type\":\"Organization\",\"@id\":\"https:\/\/marekkuchcinski.pl\/#organization\",\"name\":\"Marek Kuchci\u0144ski\",\"url\":\"https:\/\/marekkuchcinski.pl\/\",\"logo\":{\"@type\":\"ImageObject\",\"inLanguage\":\"en-GB\",\"@id\":\"https:\/\/marekkuchcinski.pl\/#\/schema\/logo\/image\/\",\"url\":\"https:\/\/marekkuchcinski.pl\/wp-content\/uploads\/2022\/09\/Marek.jpg\",\"contentUrl\":\"https:\/\/marekkuchcinski.pl\/wp-content\/uploads\/2022\/09\/Marek.jpg\",\"width\":1600,\"height\":971,\"caption\":\"Marek Kuchci\u0144ski\"},\"image\":{\"@id\":\"https:\/\/marekkuchcinski.pl\/#\/schema\/logo\/image\/\"}},{\"@type\":\"Person\",\"@id\":\"https:\/\/marekkuchcinski.pl\/#\/schema\/person\/6f62700996b4d950b6ea2d1183b6c6be\",\"name\":\"admin\",\"image\":{\"@type\":\"ImageObject\",\"inLanguage\":\"en-GB\",\"@id\":\"https:\/\/marekkuchcinski.pl\/#\/schema\/person\/image\/\",\"url\":\"https:\/\/secure.gravatar.com\/avatar\/4bab693b9d55c3d6b52c0296a8765085?s=96&d=mm&r=g\",\"contentUrl\":\"https:\/\/secure.gravatar.com\/avatar\/4bab693b9d55c3d6b52c0296a8765085?s=96&d=mm&r=g\",\"caption\":\"admin\"},\"url\":\"https:\/\/marekkuchcinski.pl\/en\/author\/marta-olejnik\/\"}]}<\/script>\n<!-- \/ Yoast SEO plugin. -->","yoast_head_json":{"title":"Marek Kuchci\u0144ski o budowie Via Carpatii: Jeste\u015bmy w trakcie wielkiego procesu historycznego, kt\u00f3ry mo\u017ce zmieni\u0107 nasz\u0105 cz\u0119\u015b\u0107 Europy &#8211; Marek Kuchci\u0144ski","robots":{"index":"index","follow":"follow","max-snippet":"max-snippet:-1","max-image-preview":"max-image-preview:large","max-video-preview":"max-video-preview:-1"},"canonical":"https:\/\/marekkuchcinski.pl\/en\/wydarzenia\/marek-kuchcinski-o-budowie-via-carpatia-jestesmy-w-trakcie-wielkiego-procesu-historycznego-ktory-moze-zmienic-nasza-czesc-europy\/","og_locale":"en_GB","og_type":"article","og_title":"Marek Kuchci\u0144ski o budowie Via Carpatii: Jeste\u015bmy w trakcie wielkiego procesu historycznego, kt\u00f3ry mo\u017ce zmieni\u0107 nasz\u0105 cz\u0119\u015b\u0107 Europy &#8211; Marek Kuchci\u0144ski","og_description":"17 kwietnia w \u0141a\u0144cucie odby\u0142a si\u0119 konferencja \u201eKorzy\u015bci dla region\u00f3w wynikaj\u0105ce z wdra\u017cania trasy Via Carpatia&#8221;. Przedstawiciele 10 pa\u0144stw, w tym Polski, podpisali wnioski o w\u0142\u0105czenie korytarza VC do sieci bazowej TEN-T oraz deklaracj\u0119 \u0141a\u0144cut III. Minister infrastruktury Andrzej Adamczyk przypomnia\u0142 inicjatora projektu Via Carpatia &#8211; prof. Lecha Kaczy\u0144skiego &#8211; kt\u00f3ry podpisa\u0142 I deklaracj\u0119 \u0142a\u0144cuck\u0105 [&hellip;]","og_url":"https:\/\/marekkuchcinski.pl\/en\/wydarzenia\/marek-kuchcinski-o-budowie-via-carpatia-jestesmy-w-trakcie-wielkiego-procesu-historycznego-ktory-moze-zmienic-nasza-czesc-europy\/","og_site_name":"Marek Kuchci\u0144ski","article_published_time":"2019-04-17T14:11:04+00:00","article_modified_time":"2019-04-18T14:18:26+00:00","og_image":[{"width":800,"height":534,"url":"https:\/\/marekkuchcinski.pl\/wp-content\/uploads\/2019\/04\/\u01416-1.jpg","type":"image\/jpeg"}],"author":"admin","twitter_card":"summary_large_image","twitter_misc":{"Written by":"admin","Estimated reading time":"3 minutes"},"schema":{"@context":"https:\/\/schema.org","@graph":[{"@type":"Article","@id":"https:\/\/marekkuchcinski.pl\/uk\/wydarzenia\/marek-kuchcinski-o-budowie-via-carpatia-jestesmy-w-trakcie-wielkiego-procesu-historycznego-ktory-moze-zmienic-nasza-czesc-europy\/#article","isPartOf":{"@id":"https:\/\/marekkuchcinski.pl\/uk\/wydarzenia\/marek-kuchcinski-o-budowie-via-carpatia-jestesmy-w-trakcie-wielkiego-procesu-historycznego-ktory-moze-zmienic-nasza-czesc-europy\/"},"author":{"name":"admin","@id":"https:\/\/marekkuchcinski.pl\/#\/schema\/person\/6f62700996b4d950b6ea2d1183b6c6be"},"headline":"Marek Kuchci\u0144ski o budowie Via Carpatii: Jeste\u015bmy w trakcie wielkiego procesu historycznego, kt\u00f3ry mo\u017ce zmieni\u0107 nasz\u0105 cz\u0119\u015b\u0107 Europy","datePublished":"2019-04-17T14:11:04+00:00","dateModified":"2019-04-18T14:18:26+00:00","mainEntityOfPage":{"@id":"https:\/\/marekkuchcinski.pl\/uk\/wydarzenia\/marek-kuchcinski-o-budowie-via-carpatia-jestesmy-w-trakcie-wielkiego-procesu-historycznego-ktory-moze-zmienic-nasza-czesc-europy\/"},"wordCount":638,"commentCount":0,"publisher":{"@id":"https:\/\/marekkuchcinski.pl\/#organization"},"image":{"@id":"https:\/\/marekkuchcinski.pl\/uk\/wydarzenia\/marek-kuchcinski-o-budowie-via-carpatia-jestesmy-w-trakcie-wielkiego-procesu-historycznego-ktory-moze-zmienic-nasza-czesc-europy\/#primaryimage"},"thumbnailUrl":"https:\/\/marekkuchcinski.pl\/wp-content\/uploads\/2019\/04\/\u01416-1.jpg","articleSection":["Europa Karpat","Podkarpacie","Prawo i Sprawiedliwo\u015b\u0107","Wydarzenia"],"inLanguage":"en-GB","potentialAction":[{"@type":"CommentAction","name":"Comment","target":["https:\/\/marekkuchcinski.pl\/uk\/wydarzenia\/marek-kuchcinski-o-budowie-via-carpatia-jestesmy-w-trakcie-wielkiego-procesu-historycznego-ktory-moze-zmienic-nasza-czesc-europy\/#respond"]}]},{"@type":"WebPage","@id":"https:\/\/marekkuchcinski.pl\/uk\/wydarzenia\/marek-kuchcinski-o-budowie-via-carpatia-jestesmy-w-trakcie-wielkiego-procesu-historycznego-ktory-moze-zmienic-nasza-czesc-europy\/","url":"https:\/\/marekkuchcinski.pl\/uk\/wydarzenia\/marek-kuchcinski-o-budowie-via-carpatia-jestesmy-w-trakcie-wielkiego-procesu-historycznego-ktory-moze-zmienic-nasza-czesc-europy\/","name":"Marek Kuchci\u0144ski o budowie Via Carpatii: Jeste\u015bmy w trakcie wielkiego procesu historycznego, kt\u00f3ry mo\u017ce zmieni\u0107 nasz\u0105 cz\u0119\u015b\u0107 Europy &#8211; Marek Kuchci\u0144ski","isPartOf":{"@id":"https:\/\/marekkuchcinski.pl\/#website"},"primaryImageOfPage":{"@id":"https:\/\/marekkuchcinski.pl\/uk\/wydarzenia\/marek-kuchcinski-o-budowie-via-carpatia-jestesmy-w-trakcie-wielkiego-procesu-historycznego-ktory-moze-zmienic-nasza-czesc-europy\/#primaryimage"},"image":{"@id":"https:\/\/marekkuchcinski.pl\/uk\/wydarzenia\/marek-kuchcinski-o-budowie-via-carpatia-jestesmy-w-trakcie-wielkiego-procesu-historycznego-ktory-moze-zmienic-nasza-czesc-europy\/#primaryimage"},"thumbnailUrl":"https:\/\/marekkuchcinski.pl\/wp-content\/uploads\/2019\/04\/\u01416-1.jpg","datePublished":"2019-04-17T14:11:04+00:00","dateModified":"2019-04-18T14:18:26+00:00","breadcrumb":{"@id":"https:\/\/marekkuchcinski.pl\/uk\/wydarzenia\/marek-kuchcinski-o-budowie-via-carpatia-jestesmy-w-trakcie-wielkiego-procesu-historycznego-ktory-moze-zmienic-nasza-czesc-europy\/#breadcrumb"},"inLanguage":"en-GB","potentialAction":[{"@type":"ReadAction","target":["https:\/\/marekkuchcinski.pl\/uk\/wydarzenia\/marek-kuchcinski-o-budowie-via-carpatia-jestesmy-w-trakcie-wielkiego-procesu-historycznego-ktory-moze-zmienic-nasza-czesc-europy\/"]}]},{"@type":"ImageObject","inLanguage":"en-GB","@id":"https:\/\/marekkuchcinski.pl\/uk\/wydarzenia\/marek-kuchcinski-o-budowie-via-carpatia-jestesmy-w-trakcie-wielkiego-procesu-historycznego-ktory-moze-zmienic-nasza-czesc-europy\/#primaryimage","url":"https:\/\/marekkuchcinski.pl\/wp-content\/uploads\/2019\/04\/\u01416-1.jpg","contentUrl":"https:\/\/marekkuchcinski.pl\/wp-content\/uploads\/2019\/04\/\u01416-1.jpg","width":800,"height":534},{"@type":"BreadcrumbList","@id":"https:\/\/marekkuchcinski.pl\/uk\/wydarzenia\/marek-kuchcinski-o-budowie-via-carpatia-jestesmy-w-trakcie-wielkiego-procesu-historycznego-ktory-moze-zmienic-nasza-czesc-europy\/#breadcrumb","itemListElement":[{"@type":"ListItem","position":1,"name":"Strona g\u0142\u00f3wna","item":"https:\/\/marekkuchcinski.pl\/"},{"@type":"ListItem","position":2,"name":"Marek Kuchci\u0144ski o budowie Via Carpatii: Jeste\u015bmy w trakcie wielkiego procesu historycznego, kt\u00f3ry mo\u017ce zmieni\u0107 nasz\u0105 cz\u0119\u015b\u0107 Europy"}]},{"@type":"WebSite","@id":"https:\/\/marekkuchcinski.pl\/#website","url":"https:\/\/marekkuchcinski.pl\/","name":"Marek Kuchci\u0144ski","description":"Pose\u0142 na sejm RP &ndash; okr\u0119g nr 22","publisher":{"@id":"https:\/\/marekkuchcinski.pl\/#organization"},"potentialAction":[{"@type":"SearchAction","target":{"@type":"EntryPoint","urlTemplate":"https:\/\/marekkuchcinski.pl\/?s={search_term_string}"},"query-input":{"@type":"PropertyValueSpecification","valueRequired":true,"valueName":"search_term_string"}}],"inLanguage":"en-GB"},{"@type":"Organization","@id":"https:\/\/marekkuchcinski.pl\/#organization","name":"Marek Kuchci\u0144ski","url":"https:\/\/marekkuchcinski.pl\/","logo":{"@type":"ImageObject","inLanguage":"en-GB","@id":"https:\/\/marekkuchcinski.pl\/#\/schema\/logo\/image\/","url":"https:\/\/marekkuchcinski.pl\/wp-content\/uploads\/2022\/09\/Marek.jpg","contentUrl":"https:\/\/marekkuchcinski.pl\/wp-content\/uploads\/2022\/09\/Marek.jpg","width":1600,"height":971,"caption":"Marek Kuchci\u0144ski"},"image":{"@id":"https:\/\/marekkuchcinski.pl\/#\/schema\/logo\/image\/"}},{"@type":"Person","@id":"https:\/\/marekkuchcinski.pl\/#\/schema\/person\/6f62700996b4d950b6ea2d1183b6c6be","name":"admin","image":{"@type":"ImageObject","inLanguage":"en-GB","@id":"https:\/\/marekkuchcinski.pl\/#\/schema\/person\/image\/","url":"https:\/\/secure.gravatar.com\/avatar\/4bab693b9d55c3d6b52c0296a8765085?s=96&d=mm&r=g","contentUrl":"https:\/\/secure.gravatar.com\/avatar\/4bab693b9d55c3d6b52c0296a8765085?s=96&d=mm&r=g","caption":"admin"},"url":"https:\/\/marekkuchcinski.pl\/en\/author\/marta-olejnik\/"}]}},"_links":{"self":[{"href":"https:\/\/marekkuchcinski.pl\/en\/wp-json\/wp\/v2\/posts\/14934","targetHints":{"allow":["GET"]}}],"collection":[{"href":"https:\/\/marekkuchcinski.pl\/en\/wp-json\/wp\/v2\/posts"}],"about":[{"href":"https:\/\/marekkuchcinski.pl\/en\/wp-json\/wp\/v2\/types\/post"}],"author":[{"embeddable":true,"href":"https:\/\/marekkuchcinski.pl\/en\/wp-json\/wp\/v2\/users\/6"}],"replies":[{"embeddable":true,"href":"https:\/\/marekkuchcinski.pl\/en\/wp-json\/wp\/v2\/comments?post=14934"}],"version-history":[{"count":6,"href":"https:\/\/marekkuchcinski.pl\/en\/wp-json\/wp\/v2\/posts\/14934\/revisions"}],"predecessor-version":[{"id":14965,"href":"https:\/\/marekkuchcinski.pl\/en\/wp-json\/wp\/v2\/posts\/14934\/revisions\/14965"}],"wp:featuredmedia":[{"embeddable":true,"href":"https:\/\/marekkuchcinski.pl\/en\/wp-json\/wp\/v2\/media\/14942"}],"wp:attachment":[{"href":"https:\/\/marekkuchcinski.pl\/en\/wp-json\/wp\/v2\/media?parent=14934"}],"wp:term":[{"taxonomy":"category","embeddable":true,"href":"https:\/\/marekkuchcinski.pl\/en\/wp-json\/wp\/v2\/categories?post=14934"},{"taxonomy":"post_tag","embeddable":true,"href":"https:\/\/marekkuchcinski.pl\/en\/wp-json\/wp\/v2\/tags?post=14934"}],"curies":[{"name":"wp","href":"https:\/\/api.w.org\/{rel}","templated":true}]}}