{"id":14701,"date":"2019-04-12T12:01:19","date_gmt":"2019-04-12T10:01:19","guid":{"rendered":"https:\/\/marekkuchcinski.pl\/?p=14701"},"modified":"2019-04-12T13:55:19","modified_gmt":"2019-04-12T11:55:19","slug":"wielkanocne-spotkanie-prawa-i-sprawiedliwosci","status":"publish","type":"post","link":"https:\/\/marekkuchcinski.pl\/en\/wydarzenia\/wielkanocne-spotkanie-prawa-i-sprawiedliwosci\/","title":{"rendered":"Easter meeting of the Law and Justice party"},"content":{"rendered":"<p>Law and Justice parliamentarians met at the Sejm to wish each other Easter. Jaroslaw Kaczynski, chairman of Law and Justice party, emphasized that these are special holidays, because they are close to the activities that are the meaning of political parties, namely the election campaign. <\/p>\n\n\n\n<p>He wished those gathered that this time will be full of good events, work, hope and determination that will bring successful results for PiS.  <\/p>\n\n\n\n<figure class=\"wp-block-image\"><img fetchpriority=\"high\" decoding=\"async\" width=\"1024\" height=\"655\" src=\"https:\/\/marekkuchcinski.pl\/wp-content\/uploads\/2019\/04\/IMG_9362-1024x655.jpg\" alt=\"\" class=\"wp-image-14707\" srcset=\"https:\/\/marekkuchcinski.pl\/wp-content\/uploads\/2019\/04\/IMG_9362-1024x655.jpg 1024w, https:\/\/marekkuchcinski.pl\/wp-content\/uploads\/2019\/04\/IMG_9362-300x192.jpg 300w, https:\/\/marekkuchcinski.pl\/wp-content\/uploads\/2019\/04\/IMG_9362-768x492.jpg 768w, https:\/\/marekkuchcinski.pl\/wp-content\/uploads\/2019\/04\/IMG_9362.jpg 2048w\" sizes=\"(max-width: 1024px) 100vw, 1024px\" \/><\/figure>\n\n\n\n<figure class=\"wp-block-image\"><img decoding=\"async\" width=\"1024\" height=\"761\" src=\"https:\/\/marekkuchcinski.pl\/wp-content\/uploads\/2019\/04\/na-wwew-jako-1024x761.jpg\" alt=\"\" class=\"wp-image-14730\" srcset=\"https:\/\/marekkuchcinski.pl\/wp-content\/uploads\/2019\/04\/na-wwew-jako-1024x761.jpg 1024w, https:\/\/marekkuchcinski.pl\/wp-content\/uploads\/2019\/04\/na-wwew-jako-300x223.jpg 300w, https:\/\/marekkuchcinski.pl\/wp-content\/uploads\/2019\/04\/na-wwew-jako-768x571.jpg 768w, https:\/\/marekkuchcinski.pl\/wp-content\/uploads\/2019\/04\/na-wwew-jako.jpg 2048w\" sizes=\"(max-width: 1024px) 100vw, 1024px\" \/><\/figure>","protected":false},"excerpt":{"rendered":"<p>Parlamentarzy\u015bci Prawa i Sprawiedliwo\u015bci spotkali si\u0119 w Sejmie, by z\u0142o\u017cy\u0107 sobie wielkanocne \u017cyczenia. Prezes PiS Jaros\u0142aw Kaczy\u0144ski podkre\u015bla\u0142, \u017ce s\u0105 to \u015bwi\u0119ta szczeg\u00f3lne, bo blisko dzia\u0142alno\u015bci, kt\u00f3ra jest sensem partii politycznych, czyli kampanii wyborczej. Zebranym \u017cyczy\u0142, by ten czas by\u0142 pe\u0142en dobrych wydarze\u0144, pracy, nadziei i determinacji, kt\u00f3re przynios\u0105 pomy\u015blne dla PiS-u efekty.<\/p>","protected":false},"author":6,"featured_media":14706,"comment_status":"open","ping_status":"open","sticky":false,"template":"","format":"standard","meta":{"ngg_post_thumbnail":0,"footnotes":""},"categories":[82,3],"tags":[],"class_list":["post-14701","post","type-post","status-publish","format-standard","has-post-thumbnail","hentry","category-prawo-i-sprawiedliwosc","category-wydarzenia"],"yoast_head":"<!-- This site is optimized with the Yoast SEO plugin v24.7 - https:\/\/yoast.com\/wordpress\/plugins\/seo\/ -->\n<title>Wielkanocne spotkanie Prawa i Sprawiedliwo\u015bci &#8211; Marek Kuchci\u0144ski<\/title>\n<meta name=\"robots\" content=\"index, follow, max-snippet:-1, max-image-preview:large, max-video-preview:-1\" \/>\n<link rel=\"canonical\" href=\"https:\/\/marekkuchcinski.pl\/en\/wydarzenia\/wielkanocne-spotkanie-prawa-i-sprawiedliwosci\/\" \/>\n<meta property=\"og:locale\" content=\"en_GB\" \/>\n<meta property=\"og:type\" content=\"article\" \/>\n<meta property=\"og:title\" content=\"Wielkanocne spotkanie Prawa i Sprawiedliwo\u015bci &#8211; Marek Kuchci\u0144ski\" \/>\n<meta property=\"og:description\" content=\"Parlamentarzy\u015bci Prawa i Sprawiedliwo\u015bci spotkali si\u0119 w Sejmie, by z\u0142o\u017cy\u0107 sobie wielkanocne \u017cyczenia. Prezes PiS Jaros\u0142aw Kaczy\u0144ski podkre\u015bla\u0142, \u017ce s\u0105 to \u015bwi\u0119ta szczeg\u00f3lne, bo blisko dzia\u0142alno\u015bci, kt\u00f3ra jest sensem partii politycznych, czyli kampanii wyborczej. Zebranym \u017cyczy\u0142, by ten czas by\u0142 pe\u0142en dobrych wydarze\u0144, pracy, nadziei i determinacji, kt\u00f3re przynios\u0105 pomy\u015blne dla PiS-u efekty.\" \/>\n<meta property=\"og:url\" content=\"https:\/\/marekkuchcinski.pl\/en\/wydarzenia\/wielkanocne-spotkanie-prawa-i-sprawiedliwosci\/\" \/>\n<meta property=\"og:site_name\" content=\"Marek Kuchci\u0144ski\" \/>\n<meta property=\"article:published_time\" content=\"2019-04-12T10:01:19+00:00\" \/>\n<meta property=\"article:modified_time\" content=\"2019-04-12T11:55:19+00:00\" \/>\n<meta property=\"og:image\" content=\"https:\/\/marekkuchcinski.pl\/wp-content\/uploads\/2019\/04\/IMG_9356-1.jpg\" \/>\n\t<meta property=\"og:image:width\" content=\"2048\" \/>\n\t<meta property=\"og:image:height\" content=\"1371\" \/>\n\t<meta property=\"og:image:type\" content=\"image\/jpeg\" \/>\n<meta name=\"author\" content=\"admin\" \/>\n<meta name=\"twitter:card\" content=\"summary_large_image\" \/>\n<meta name=\"twitter:label1\" content=\"Written by\" \/>\n\t<meta name=\"twitter:data1\" content=\"admin\" \/>\n<script type=\"application\/ld+json\" class=\"yoast-schema-graph\">{\"@context\":\"https:\/\/schema.org\",\"@graph\":[{\"@type\":\"Article\",\"@id\":\"https:\/\/marekkuchcinski.pl\/en\/wydarzenia\/wielkanocne-spotkanie-prawa-i-sprawiedliwosci\/#article\",\"isPartOf\":{\"@id\":\"https:\/\/marekkuchcinski.pl\/en\/wydarzenia\/wielkanocne-spotkanie-prawa-i-sprawiedliwosci\/\"},\"author\":{\"name\":\"admin\",\"@id\":\"https:\/\/marekkuchcinski.pl\/#\/schema\/person\/6f62700996b4d950b6ea2d1183b6c6be\"},\"headline\":\"Wielkanocne spotkanie Prawa i Sprawiedliwo\u015bci\",\"datePublished\":\"2019-04-12T10:01:19+00:00\",\"dateModified\":\"2019-04-12T11:55:19+00:00\",\"mainEntityOfPage\":{\"@id\":\"https:\/\/marekkuchcinski.pl\/en\/wydarzenia\/wielkanocne-spotkanie-prawa-i-sprawiedliwosci\/\"},\"wordCount\":74,\"commentCount\":0,\"publisher\":{\"@id\":\"https:\/\/marekkuchcinski.pl\/#organization\"},\"image\":{\"@id\":\"https:\/\/marekkuchcinski.pl\/en\/wydarzenia\/wielkanocne-spotkanie-prawa-i-sprawiedliwosci\/#primaryimage\"},\"thumbnailUrl\":\"https:\/\/marekkuchcinski.pl\/wp-content\/uploads\/2019\/04\/IMG_9356-1.jpg\",\"articleSection\":[\"Prawo i Sprawiedliwo\u015b\u0107\",\"Wydarzenia\"],\"inLanguage\":\"en-GB\",\"potentialAction\":[{\"@type\":\"CommentAction\",\"name\":\"Comment\",\"target\":[\"https:\/\/marekkuchcinski.pl\/en\/wydarzenia\/wielkanocne-spotkanie-prawa-i-sprawiedliwosci\/#respond\"]}]},{\"@type\":\"WebPage\",\"@id\":\"https:\/\/marekkuchcinski.pl\/en\/wydarzenia\/wielkanocne-spotkanie-prawa-i-sprawiedliwosci\/\",\"url\":\"https:\/\/marekkuchcinski.pl\/en\/wydarzenia\/wielkanocne-spotkanie-prawa-i-sprawiedliwosci\/\",\"name\":\"Wielkanocne spotkanie Prawa i Sprawiedliwo\u015bci &#8211; Marek Kuchci\u0144ski\",\"isPartOf\":{\"@id\":\"https:\/\/marekkuchcinski.pl\/#website\"},\"primaryImageOfPage\":{\"@id\":\"https:\/\/marekkuchcinski.pl\/en\/wydarzenia\/wielkanocne-spotkanie-prawa-i-sprawiedliwosci\/#primaryimage\"},\"image\":{\"@id\":\"https:\/\/marekkuchcinski.pl\/en\/wydarzenia\/wielkanocne-spotkanie-prawa-i-sprawiedliwosci\/#primaryimage\"},\"thumbnailUrl\":\"https:\/\/marekkuchcinski.pl\/wp-content\/uploads\/2019\/04\/IMG_9356-1.jpg\",\"datePublished\":\"2019-04-12T10:01:19+00:00\",\"dateModified\":\"2019-04-12T11:55:19+00:00\",\"breadcrumb\":{\"@id\":\"https:\/\/marekkuchcinski.pl\/en\/wydarzenia\/wielkanocne-spotkanie-prawa-i-sprawiedliwosci\/#breadcrumb\"},\"inLanguage\":\"en-GB\",\"potentialAction\":[{\"@type\":\"ReadAction\",\"target\":[\"https:\/\/marekkuchcinski.pl\/en\/wydarzenia\/wielkanocne-spotkanie-prawa-i-sprawiedliwosci\/\"]}]},{\"@type\":\"ImageObject\",\"inLanguage\":\"en-GB\",\"@id\":\"https:\/\/marekkuchcinski.pl\/en\/wydarzenia\/wielkanocne-spotkanie-prawa-i-sprawiedliwosci\/#primaryimage\",\"url\":\"https:\/\/marekkuchcinski.pl\/wp-content\/uploads\/2019\/04\/IMG_9356-1.jpg\",\"contentUrl\":\"https:\/\/marekkuchcinski.pl\/wp-content\/uploads\/2019\/04\/IMG_9356-1.jpg\",\"width\":2048,\"height\":1371},{\"@type\":\"BreadcrumbList\",\"@id\":\"https:\/\/marekkuchcinski.pl\/en\/wydarzenia\/wielkanocne-spotkanie-prawa-i-sprawiedliwosci\/#breadcrumb\",\"itemListElement\":[{\"@type\":\"ListItem\",\"position\":1,\"name\":\"Strona g\u0142\u00f3wna\",\"item\":\"https:\/\/marekkuchcinski.pl\/\"},{\"@type\":\"ListItem\",\"position\":2,\"name\":\"Wielkanocne spotkanie Prawa i Sprawiedliwo\u015bci\"}]},{\"@type\":\"WebSite\",\"@id\":\"https:\/\/marekkuchcinski.pl\/#website\",\"url\":\"https:\/\/marekkuchcinski.pl\/\",\"name\":\"Marek Kuchci\u0144ski\",\"description\":\"Pose\u0142 na sejm RP &ndash; okr\u0119g nr 22\",\"publisher\":{\"@id\":\"https:\/\/marekkuchcinski.pl\/#organization\"},\"potentialAction\":[{\"@type\":\"SearchAction\",\"target\":{\"@type\":\"EntryPoint\",\"urlTemplate\":\"https:\/\/marekkuchcinski.pl\/?s={search_term_string}\"},\"query-input\":{\"@type\":\"PropertyValueSpecification\",\"valueRequired\":true,\"valueName\":\"search_term_string\"}}],\"inLanguage\":\"en-GB\"},{\"@type\":\"Organization\",\"@id\":\"https:\/\/marekkuchcinski.pl\/#organization\",\"name\":\"Marek Kuchci\u0144ski\",\"url\":\"https:\/\/marekkuchcinski.pl\/\",\"logo\":{\"@type\":\"ImageObject\",\"inLanguage\":\"en-GB\",\"@id\":\"https:\/\/marekkuchcinski.pl\/#\/schema\/logo\/image\/\",\"url\":\"https:\/\/marekkuchcinski.pl\/wp-content\/uploads\/2022\/09\/Marek.jpg\",\"contentUrl\":\"https:\/\/marekkuchcinski.pl\/wp-content\/uploads\/2022\/09\/Marek.jpg\",\"width\":1600,\"height\":971,\"caption\":\"Marek Kuchci\u0144ski\"},\"image\":{\"@id\":\"https:\/\/marekkuchcinski.pl\/#\/schema\/logo\/image\/\"}},{\"@type\":\"Person\",\"@id\":\"https:\/\/marekkuchcinski.pl\/#\/schema\/person\/6f62700996b4d950b6ea2d1183b6c6be\",\"name\":\"admin\",\"image\":{\"@type\":\"ImageObject\",\"inLanguage\":\"en-GB\",\"@id\":\"https:\/\/marekkuchcinski.pl\/#\/schema\/person\/image\/\",\"url\":\"https:\/\/secure.gravatar.com\/avatar\/4bab693b9d55c3d6b52c0296a8765085?s=96&d=mm&r=g\",\"contentUrl\":\"https:\/\/secure.gravatar.com\/avatar\/4bab693b9d55c3d6b52c0296a8765085?s=96&d=mm&r=g\",\"caption\":\"admin\"},\"url\":\"https:\/\/marekkuchcinski.pl\/en\/author\/marta-olejnik\/\"}]}<\/script>\n<!-- \/ Yoast SEO plugin. -->","yoast_head_json":{"title":"Wielkanocne spotkanie Prawa i Sprawiedliwo\u015bci &#8211; Marek Kuchci\u0144ski","robots":{"index":"index","follow":"follow","max-snippet":"max-snippet:-1","max-image-preview":"max-image-preview:large","max-video-preview":"max-video-preview:-1"},"canonical":"https:\/\/marekkuchcinski.pl\/en\/wydarzenia\/wielkanocne-spotkanie-prawa-i-sprawiedliwosci\/","og_locale":"en_GB","og_type":"article","og_title":"Wielkanocne spotkanie Prawa i Sprawiedliwo\u015bci &#8211; Marek Kuchci\u0144ski","og_description":"Parlamentarzy\u015bci Prawa i Sprawiedliwo\u015bci spotkali si\u0119 w Sejmie, by z\u0142o\u017cy\u0107 sobie wielkanocne \u017cyczenia. Prezes PiS Jaros\u0142aw Kaczy\u0144ski podkre\u015bla\u0142, \u017ce s\u0105 to \u015bwi\u0119ta szczeg\u00f3lne, bo blisko dzia\u0142alno\u015bci, kt\u00f3ra jest sensem partii politycznych, czyli kampanii wyborczej. Zebranym \u017cyczy\u0142, by ten czas by\u0142 pe\u0142en dobrych wydarze\u0144, pracy, nadziei i determinacji, kt\u00f3re przynios\u0105 pomy\u015blne dla PiS-u efekty.","og_url":"https:\/\/marekkuchcinski.pl\/en\/wydarzenia\/wielkanocne-spotkanie-prawa-i-sprawiedliwosci\/","og_site_name":"Marek Kuchci\u0144ski","article_published_time":"2019-04-12T10:01:19+00:00","article_modified_time":"2019-04-12T11:55:19+00:00","og_image":[{"width":2048,"height":1371,"url":"https:\/\/marekkuchcinski.pl\/wp-content\/uploads\/2019\/04\/IMG_9356-1.jpg","type":"image\/jpeg"}],"author":"admin","twitter_card":"summary_large_image","twitter_misc":{"Written by":"admin"},"schema":{"@context":"https:\/\/schema.org","@graph":[{"@type":"Article","@id":"https:\/\/marekkuchcinski.pl\/en\/wydarzenia\/wielkanocne-spotkanie-prawa-i-sprawiedliwosci\/#article","isPartOf":{"@id":"https:\/\/marekkuchcinski.pl\/en\/wydarzenia\/wielkanocne-spotkanie-prawa-i-sprawiedliwosci\/"},"author":{"name":"admin","@id":"https:\/\/marekkuchcinski.pl\/#\/schema\/person\/6f62700996b4d950b6ea2d1183b6c6be"},"headline":"Wielkanocne spotkanie Prawa i Sprawiedliwo\u015bci","datePublished":"2019-04-12T10:01:19+00:00","dateModified":"2019-04-12T11:55:19+00:00","mainEntityOfPage":{"@id":"https:\/\/marekkuchcinski.pl\/en\/wydarzenia\/wielkanocne-spotkanie-prawa-i-sprawiedliwosci\/"},"wordCount":74,"commentCount":0,"publisher":{"@id":"https:\/\/marekkuchcinski.pl\/#organization"},"image":{"@id":"https:\/\/marekkuchcinski.pl\/en\/wydarzenia\/wielkanocne-spotkanie-prawa-i-sprawiedliwosci\/#primaryimage"},"thumbnailUrl":"https:\/\/marekkuchcinski.pl\/wp-content\/uploads\/2019\/04\/IMG_9356-1.jpg","articleSection":["Prawo i Sprawiedliwo\u015b\u0107","Wydarzenia"],"inLanguage":"en-GB","potentialAction":[{"@type":"CommentAction","name":"Comment","target":["https:\/\/marekkuchcinski.pl\/en\/wydarzenia\/wielkanocne-spotkanie-prawa-i-sprawiedliwosci\/#respond"]}]},{"@type":"WebPage","@id":"https:\/\/marekkuchcinski.pl\/en\/wydarzenia\/wielkanocne-spotkanie-prawa-i-sprawiedliwosci\/","url":"https:\/\/marekkuchcinski.pl\/en\/wydarzenia\/wielkanocne-spotkanie-prawa-i-sprawiedliwosci\/","name":"Wielkanocne spotkanie Prawa i Sprawiedliwo\u015bci &#8211; Marek Kuchci\u0144ski","isPartOf":{"@id":"https:\/\/marekkuchcinski.pl\/#website"},"primaryImageOfPage":{"@id":"https:\/\/marekkuchcinski.pl\/en\/wydarzenia\/wielkanocne-spotkanie-prawa-i-sprawiedliwosci\/#primaryimage"},"image":{"@id":"https:\/\/marekkuchcinski.pl\/en\/wydarzenia\/wielkanocne-spotkanie-prawa-i-sprawiedliwosci\/#primaryimage"},"thumbnailUrl":"https:\/\/marekkuchcinski.pl\/wp-content\/uploads\/2019\/04\/IMG_9356-1.jpg","datePublished":"2019-04-12T10:01:19+00:00","dateModified":"2019-04-12T11:55:19+00:00","breadcrumb":{"@id":"https:\/\/marekkuchcinski.pl\/en\/wydarzenia\/wielkanocne-spotkanie-prawa-i-sprawiedliwosci\/#breadcrumb"},"inLanguage":"en-GB","potentialAction":[{"@type":"ReadAction","target":["https:\/\/marekkuchcinski.pl\/en\/wydarzenia\/wielkanocne-spotkanie-prawa-i-sprawiedliwosci\/"]}]},{"@type":"ImageObject","inLanguage":"en-GB","@id":"https:\/\/marekkuchcinski.pl\/en\/wydarzenia\/wielkanocne-spotkanie-prawa-i-sprawiedliwosci\/#primaryimage","url":"https:\/\/marekkuchcinski.pl\/wp-content\/uploads\/2019\/04\/IMG_9356-1.jpg","contentUrl":"https:\/\/marekkuchcinski.pl\/wp-content\/uploads\/2019\/04\/IMG_9356-1.jpg","width":2048,"height":1371},{"@type":"BreadcrumbList","@id":"https:\/\/marekkuchcinski.pl\/en\/wydarzenia\/wielkanocne-spotkanie-prawa-i-sprawiedliwosci\/#breadcrumb","itemListElement":[{"@type":"ListItem","position":1,"name":"Strona g\u0142\u00f3wna","item":"https:\/\/marekkuchcinski.pl\/"},{"@type":"ListItem","position":2,"name":"Wielkanocne spotkanie Prawa i Sprawiedliwo\u015bci"}]},{"@type":"WebSite","@id":"https:\/\/marekkuchcinski.pl\/#website","url":"https:\/\/marekkuchcinski.pl\/","name":"Marek Kuchci\u0144ski","description":"Pose\u0142 na sejm RP &ndash; okr\u0119g nr 22","publisher":{"@id":"https:\/\/marekkuchcinski.pl\/#organization"},"potentialAction":[{"@type":"SearchAction","target":{"@type":"EntryPoint","urlTemplate":"https:\/\/marekkuchcinski.pl\/?s={search_term_string}"},"query-input":{"@type":"PropertyValueSpecification","valueRequired":true,"valueName":"search_term_string"}}],"inLanguage":"en-GB"},{"@type":"Organization","@id":"https:\/\/marekkuchcinski.pl\/#organization","name":"Marek Kuchci\u0144ski","url":"https:\/\/marekkuchcinski.pl\/","logo":{"@type":"ImageObject","inLanguage":"en-GB","@id":"https:\/\/marekkuchcinski.pl\/#\/schema\/logo\/image\/","url":"https:\/\/marekkuchcinski.pl\/wp-content\/uploads\/2022\/09\/Marek.jpg","contentUrl":"https:\/\/marekkuchcinski.pl\/wp-content\/uploads\/2022\/09\/Marek.jpg","width":1600,"height":971,"caption":"Marek Kuchci\u0144ski"},"image":{"@id":"https:\/\/marekkuchcinski.pl\/#\/schema\/logo\/image\/"}},{"@type":"Person","@id":"https:\/\/marekkuchcinski.pl\/#\/schema\/person\/6f62700996b4d950b6ea2d1183b6c6be","name":"admin","image":{"@type":"ImageObject","inLanguage":"en-GB","@id":"https:\/\/marekkuchcinski.pl\/#\/schema\/person\/image\/","url":"https:\/\/secure.gravatar.com\/avatar\/4bab693b9d55c3d6b52c0296a8765085?s=96&d=mm&r=g","contentUrl":"https:\/\/secure.gravatar.com\/avatar\/4bab693b9d55c3d6b52c0296a8765085?s=96&d=mm&r=g","caption":"admin"},"url":"https:\/\/marekkuchcinski.pl\/en\/author\/marta-olejnik\/"}]}},"_links":{"self":[{"href":"https:\/\/marekkuchcinski.pl\/en\/wp-json\/wp\/v2\/posts\/14701","targetHints":{"allow":["GET"]}}],"collection":[{"href":"https:\/\/marekkuchcinski.pl\/en\/wp-json\/wp\/v2\/posts"}],"about":[{"href":"https:\/\/marekkuchcinski.pl\/en\/wp-json\/wp\/v2\/types\/post"}],"author":[{"embeddable":true,"href":"https:\/\/marekkuchcinski.pl\/en\/wp-json\/wp\/v2\/users\/6"}],"replies":[{"embeddable":true,"href":"https:\/\/marekkuchcinski.pl\/en\/wp-json\/wp\/v2\/comments?post=14701"}],"version-history":[{"count":5,"href":"https:\/\/marekkuchcinski.pl\/en\/wp-json\/wp\/v2\/posts\/14701\/revisions"}],"predecessor-version":[{"id":14731,"href":"https:\/\/marekkuchcinski.pl\/en\/wp-json\/wp\/v2\/posts\/14701\/revisions\/14731"}],"wp:featuredmedia":[{"embeddable":true,"href":"https:\/\/marekkuchcinski.pl\/en\/wp-json\/wp\/v2\/media\/14706"}],"wp:attachment":[{"href":"https:\/\/marekkuchcinski.pl\/en\/wp-json\/wp\/v2\/media?parent=14701"}],"wp:term":[{"taxonomy":"category","embeddable":true,"href":"https:\/\/marekkuchcinski.pl\/en\/wp-json\/wp\/v2\/categories?post=14701"},{"taxonomy":"post_tag","embeddable":true,"href":"https:\/\/marekkuchcinski.pl\/en\/wp-json\/wp\/v2\/tags?post=14701"}],"curies":[{"name":"wp","href":"https:\/\/api.w.org\/{rel}","templated":true}]}}