{"id":14590,"date":"2019-04-07T20:04:14","date_gmt":"2019-04-07T18:04:14","guid":{"rendered":"https:\/\/marekkuchcinski.pl\/?p=14590"},"modified":"2019-04-07T20:04:16","modified_gmt":"2019-04-07T18:04:16","slug":"xxi-sejmik-folklorystyczny-zwiazany-z-obchodami-swiat-wielkanocnych","status":"publish","type":"post","link":"https:\/\/marekkuchcinski.pl\/en\/bez-kategorii\/lms\/xxi-sejmik-folklorystyczny-zwiazany-z-obchodami-swiat-wielkanocnych\/","title":{"rendered":"XXIst Folklore Sejmik related to the celebration of Easter"},"content":{"rendered":"<p><strong><em>Mr.<br> Waclaw Pawlowski<br> The Head of the Krzywcza Commune <br> <\/em><\/strong><\/p>\n\n\n\n<p><em>Dear\nMr. Mayor,<\/em><\/p>\n\n\n\n<p><em>I would like to sincerely thank you for\ninvitation to the 21st Folk Sejmik related to the celebration of\nEaster. Not being able to take part in it, I would like to send my greetings\nto all the participants.<\/em><\/p>\n\n\n\n<p><em>Easter is a special time,\nwhen symbolic religious rituals, folk traditions and the rebirth of nature\nare intertwined into one. Old customs commemorate important Christian events\nevents, as well as highlight the natural changes taking place <br>\nIn the natural world. <\/em><\/p>\n\n\n\n<p><em>I am glad that every year\nyou organise the Folklore Festival, during which the youngest\nan opportunity to learn about ancient customs. This is because it is an important part of our heritage\npassed on to future generations for centuries.  Please accept our best wishes for a pleasant atmosphere\na pleasant atmosphere and good fun. Congratulations to the winners of the Easter contests.<\/em><\/p>\n\n\n\n<p><em>On the occasion of the upcoming holidays I wish you\nyou to live this special time <br>\nin a spirit of joy, mutual understanding\nand hope. <\/em><\/p>\n\n\n\n<p><em>Kind regards and best regards\nrespect.<\/em><\/p>\n\n\n\n<p><em>&nbsp;&nbsp;&nbsp; Marek Kuchci\u0144ski&nbsp; <\/em><\/p>","protected":false},"excerpt":{"rendered":"<p>Pan Wac\u0142aw Paw\u0142owski W\u00f3jt Gminy Krzywcza Szanowny Panie W\u00f3jcie, pragn\u0119 serdecznie podzi\u0119kowa\u0107 za zaproszenie na XXI Sejmik Folklorystyczny zwi\u0105zany z obchodami \u015awi\u0105t Wielkanocnych. Nie mog\u0105c wzi\u0105\u0107 w nim udzia\u0142u, t\u0105 drog\u0105 chcia\u0142bym pozdrowi\u0107 wszystkich uczestnik\u00f3w. \u015awi\u0119ta wielkanocne to wyj\u0105tkowy czas, kiedy symboliczne obrz\u0119dy religijne, tradycja ludowa i odradzaj\u0105ca przyroda splataj\u0105 si\u0119 w jedno. Dawne zwyczaje [&hellip;]<\/p>","protected":false},"author":6,"featured_media":14113,"comment_status":"open","ping_status":"open","sticky":false,"template":"","format":"standard","meta":{"ngg_post_thumbnail":0,"footnotes":""},"categories":[104],"tags":[],"class_list":["post-14590","post","type-post","status-publish","format-standard","has-post-thumbnail","hentry","category-lms"],"yoast_head":"<!-- This site is optimized with the Yoast SEO plugin v24.7 - https:\/\/yoast.com\/wordpress\/plugins\/seo\/ -->\n<title>XXI Sejmik Folklorystyczny zwi\u0105zany z obchodami \u015awi\u0105t Wielkanocnych &#8211; Marek Kuchci\u0144ski<\/title>\n<meta name=\"robots\" content=\"index, follow, max-snippet:-1, max-image-preview:large, max-video-preview:-1\" \/>\n<link rel=\"canonical\" href=\"https:\/\/marekkuchcinski.pl\/en\/bez-kategorii\/lms\/xxi-sejmik-folklorystyczny-zwiazany-z-obchodami-swiat-wielkanocnych\/\" \/>\n<meta property=\"og:locale\" content=\"en_GB\" \/>\n<meta property=\"og:type\" content=\"article\" \/>\n<meta property=\"og:title\" content=\"XXI Sejmik Folklorystyczny zwi\u0105zany z obchodami \u015awi\u0105t Wielkanocnych &#8211; Marek Kuchci\u0144ski\" \/>\n<meta property=\"og:description\" content=\"Pan Wac\u0142aw Paw\u0142owski W\u00f3jt Gminy Krzywcza Szanowny Panie W\u00f3jcie, pragn\u0119 serdecznie podzi\u0119kowa\u0107 za zaproszenie na XXI Sejmik Folklorystyczny zwi\u0105zany z obchodami \u015awi\u0105t Wielkanocnych. Nie mog\u0105c wzi\u0105\u0107 w nim udzia\u0142u, t\u0105 drog\u0105 chcia\u0142bym pozdrowi\u0107 wszystkich uczestnik\u00f3w. \u015awi\u0119ta wielkanocne to wyj\u0105tkowy czas, kiedy symboliczne obrz\u0119dy religijne, tradycja ludowa i odradzaj\u0105ca przyroda splataj\u0105 si\u0119 w jedno. Dawne zwyczaje [&hellip;]\" \/>\n<meta property=\"og:url\" content=\"https:\/\/marekkuchcinski.pl\/en\/bez-kategorii\/lms\/xxi-sejmik-folklorystyczny-zwiazany-z-obchodami-swiat-wielkanocnych\/\" \/>\n<meta property=\"og:site_name\" content=\"Marek Kuchci\u0144ski\" \/>\n<meta property=\"article:published_time\" content=\"2019-04-07T18:04:14+00:00\" \/>\n<meta property=\"article:modified_time\" content=\"2019-04-07T18:04:16+00:00\" \/>\n<meta property=\"og:image\" content=\"https:\/\/marekkuchcinski.pl\/wp-content\/uploads\/2019\/03\/\u00a9_DSCF6504.jpg\" \/>\n\t<meta property=\"og:image:width\" content=\"2048\" \/>\n\t<meta property=\"og:image:height\" content=\"1955\" \/>\n\t<meta property=\"og:image:type\" content=\"image\/jpeg\" \/>\n<meta name=\"author\" content=\"admin\" \/>\n<meta name=\"twitter:card\" content=\"summary_large_image\" \/>\n<meta name=\"twitter:label1\" content=\"Written by\" \/>\n\t<meta name=\"twitter:data1\" content=\"admin\" \/>\n\t<meta name=\"twitter:label2\" content=\"Estimated reading time\" \/>\n\t<meta name=\"twitter:data2\" content=\"1 minute\" \/>\n<script type=\"application\/ld+json\" class=\"yoast-schema-graph\">{\"@context\":\"https:\/\/schema.org\",\"@graph\":[{\"@type\":\"Article\",\"@id\":\"https:\/\/marekkuchcinski.pl\/uk\/bez-kategorii\/lms\/xxi-sejmik-folklorystyczny-zwiazany-z-obchodami-swiat-wielkanocnych\/#article\",\"isPartOf\":{\"@id\":\"https:\/\/marekkuchcinski.pl\/uk\/bez-kategorii\/lms\/xxi-sejmik-folklorystyczny-zwiazany-z-obchodami-swiat-wielkanocnych\/\"},\"author\":{\"name\":\"admin\",\"@id\":\"https:\/\/marekkuchcinski.pl\/#\/schema\/person\/6f62700996b4d950b6ea2d1183b6c6be\"},\"headline\":\"XXI Sejmik Folklorystyczny zwi\u0105zany z obchodami \u015awi\u0105t Wielkanocnych\",\"datePublished\":\"2019-04-07T18:04:14+00:00\",\"dateModified\":\"2019-04-07T18:04:16+00:00\",\"mainEntityOfPage\":{\"@id\":\"https:\/\/marekkuchcinski.pl\/uk\/bez-kategorii\/lms\/xxi-sejmik-folklorystyczny-zwiazany-z-obchodami-swiat-wielkanocnych\/\"},\"wordCount\":192,\"commentCount\":0,\"publisher\":{\"@id\":\"https:\/\/marekkuchcinski.pl\/#organization\"},\"image\":{\"@id\":\"https:\/\/marekkuchcinski.pl\/uk\/bez-kategorii\/lms\/xxi-sejmik-folklorystyczny-zwiazany-z-obchodami-swiat-wielkanocnych\/#primaryimage\"},\"thumbnailUrl\":\"https:\/\/marekkuchcinski.pl\/wp-content\/uploads\/2019\/03\/\u00a9_DSCF6504.jpg\",\"articleSection\":[\"Listy Marsza\u0142ka Sejmu\"],\"inLanguage\":\"en-GB\",\"potentialAction\":[{\"@type\":\"CommentAction\",\"name\":\"Comment\",\"target\":[\"https:\/\/marekkuchcinski.pl\/uk\/bez-kategorii\/lms\/xxi-sejmik-folklorystyczny-zwiazany-z-obchodami-swiat-wielkanocnych\/#respond\"]}]},{\"@type\":\"WebPage\",\"@id\":\"https:\/\/marekkuchcinski.pl\/uk\/bez-kategorii\/lms\/xxi-sejmik-folklorystyczny-zwiazany-z-obchodami-swiat-wielkanocnych\/\",\"url\":\"https:\/\/marekkuchcinski.pl\/uk\/bez-kategorii\/lms\/xxi-sejmik-folklorystyczny-zwiazany-z-obchodami-swiat-wielkanocnych\/\",\"name\":\"XXI Sejmik Folklorystyczny zwi\u0105zany z obchodami \u015awi\u0105t Wielkanocnych &#8211; Marek Kuchci\u0144ski\",\"isPartOf\":{\"@id\":\"https:\/\/marekkuchcinski.pl\/#website\"},\"primaryImageOfPage\":{\"@id\":\"https:\/\/marekkuchcinski.pl\/uk\/bez-kategorii\/lms\/xxi-sejmik-folklorystyczny-zwiazany-z-obchodami-swiat-wielkanocnych\/#primaryimage\"},\"image\":{\"@id\":\"https:\/\/marekkuchcinski.pl\/uk\/bez-kategorii\/lms\/xxi-sejmik-folklorystyczny-zwiazany-z-obchodami-swiat-wielkanocnych\/#primaryimage\"},\"thumbnailUrl\":\"https:\/\/marekkuchcinski.pl\/wp-content\/uploads\/2019\/03\/\u00a9_DSCF6504.jpg\",\"datePublished\":\"2019-04-07T18:04:14+00:00\",\"dateModified\":\"2019-04-07T18:04:16+00:00\",\"breadcrumb\":{\"@id\":\"https:\/\/marekkuchcinski.pl\/uk\/bez-kategorii\/lms\/xxi-sejmik-folklorystyczny-zwiazany-z-obchodami-swiat-wielkanocnych\/#breadcrumb\"},\"inLanguage\":\"en-GB\",\"potentialAction\":[{\"@type\":\"ReadAction\",\"target\":[\"https:\/\/marekkuchcinski.pl\/uk\/bez-kategorii\/lms\/xxi-sejmik-folklorystyczny-zwiazany-z-obchodami-swiat-wielkanocnych\/\"]}]},{\"@type\":\"ImageObject\",\"inLanguage\":\"en-GB\",\"@id\":\"https:\/\/marekkuchcinski.pl\/uk\/bez-kategorii\/lms\/xxi-sejmik-folklorystyczny-zwiazany-z-obchodami-swiat-wielkanocnych\/#primaryimage\",\"url\":\"https:\/\/marekkuchcinski.pl\/wp-content\/uploads\/2019\/03\/\u00a9_DSCF6504.jpg\",\"contentUrl\":\"https:\/\/marekkuchcinski.pl\/wp-content\/uploads\/2019\/03\/\u00a9_DSCF6504.jpg\",\"width\":2048,\"height\":1955},{\"@type\":\"BreadcrumbList\",\"@id\":\"https:\/\/marekkuchcinski.pl\/uk\/bez-kategorii\/lms\/xxi-sejmik-folklorystyczny-zwiazany-z-obchodami-swiat-wielkanocnych\/#breadcrumb\",\"itemListElement\":[{\"@type\":\"ListItem\",\"position\":1,\"name\":\"Strona g\u0142\u00f3wna\",\"item\":\"https:\/\/marekkuchcinski.pl\/\"},{\"@type\":\"ListItem\",\"position\":2,\"name\":\"XXI Sejmik Folklorystyczny zwi\u0105zany z obchodami \u015awi\u0105t Wielkanocnych\"}]},{\"@type\":\"WebSite\",\"@id\":\"https:\/\/marekkuchcinski.pl\/#website\",\"url\":\"https:\/\/marekkuchcinski.pl\/\",\"name\":\"Marek Kuchci\u0144ski\",\"description\":\"Pose\u0142 na sejm RP &ndash; okr\u0119g nr 22\",\"publisher\":{\"@id\":\"https:\/\/marekkuchcinski.pl\/#organization\"},\"potentialAction\":[{\"@type\":\"SearchAction\",\"target\":{\"@type\":\"EntryPoint\",\"urlTemplate\":\"https:\/\/marekkuchcinski.pl\/?s={search_term_string}\"},\"query-input\":{\"@type\":\"PropertyValueSpecification\",\"valueRequired\":true,\"valueName\":\"search_term_string\"}}],\"inLanguage\":\"en-GB\"},{\"@type\":\"Organization\",\"@id\":\"https:\/\/marekkuchcinski.pl\/#organization\",\"name\":\"Marek Kuchci\u0144ski\",\"url\":\"https:\/\/marekkuchcinski.pl\/\",\"logo\":{\"@type\":\"ImageObject\",\"inLanguage\":\"en-GB\",\"@id\":\"https:\/\/marekkuchcinski.pl\/#\/schema\/logo\/image\/\",\"url\":\"https:\/\/marekkuchcinski.pl\/wp-content\/uploads\/2022\/09\/Marek.jpg\",\"contentUrl\":\"https:\/\/marekkuchcinski.pl\/wp-content\/uploads\/2022\/09\/Marek.jpg\",\"width\":1600,\"height\":971,\"caption\":\"Marek Kuchci\u0144ski\"},\"image\":{\"@id\":\"https:\/\/marekkuchcinski.pl\/#\/schema\/logo\/image\/\"}},{\"@type\":\"Person\",\"@id\":\"https:\/\/marekkuchcinski.pl\/#\/schema\/person\/6f62700996b4d950b6ea2d1183b6c6be\",\"name\":\"admin\",\"image\":{\"@type\":\"ImageObject\",\"inLanguage\":\"en-GB\",\"@id\":\"https:\/\/marekkuchcinski.pl\/#\/schema\/person\/image\/\",\"url\":\"https:\/\/secure.gravatar.com\/avatar\/4bab693b9d55c3d6b52c0296a8765085?s=96&d=mm&r=g\",\"contentUrl\":\"https:\/\/secure.gravatar.com\/avatar\/4bab693b9d55c3d6b52c0296a8765085?s=96&d=mm&r=g\",\"caption\":\"admin\"},\"url\":\"https:\/\/marekkuchcinski.pl\/en\/author\/marta-olejnik\/\"}]}<\/script>\n<!-- \/ Yoast SEO plugin. -->","yoast_head_json":{"title":"XXI Sejmik Folklorystyczny zwi\u0105zany z obchodami \u015awi\u0105t Wielkanocnych &#8211; Marek Kuchci\u0144ski","robots":{"index":"index","follow":"follow","max-snippet":"max-snippet:-1","max-image-preview":"max-image-preview:large","max-video-preview":"max-video-preview:-1"},"canonical":"https:\/\/marekkuchcinski.pl\/en\/bez-kategorii\/lms\/xxi-sejmik-folklorystyczny-zwiazany-z-obchodami-swiat-wielkanocnych\/","og_locale":"en_GB","og_type":"article","og_title":"XXI Sejmik Folklorystyczny zwi\u0105zany z obchodami \u015awi\u0105t Wielkanocnych &#8211; Marek Kuchci\u0144ski","og_description":"Pan Wac\u0142aw Paw\u0142owski W\u00f3jt Gminy Krzywcza Szanowny Panie W\u00f3jcie, pragn\u0119 serdecznie podzi\u0119kowa\u0107 za zaproszenie na XXI Sejmik Folklorystyczny zwi\u0105zany z obchodami \u015awi\u0105t Wielkanocnych. Nie mog\u0105c wzi\u0105\u0107 w nim udzia\u0142u, t\u0105 drog\u0105 chcia\u0142bym pozdrowi\u0107 wszystkich uczestnik\u00f3w. \u015awi\u0119ta wielkanocne to wyj\u0105tkowy czas, kiedy symboliczne obrz\u0119dy religijne, tradycja ludowa i odradzaj\u0105ca przyroda splataj\u0105 si\u0119 w jedno. Dawne zwyczaje [&hellip;]","og_url":"https:\/\/marekkuchcinski.pl\/en\/bez-kategorii\/lms\/xxi-sejmik-folklorystyczny-zwiazany-z-obchodami-swiat-wielkanocnych\/","og_site_name":"Marek Kuchci\u0144ski","article_published_time":"2019-04-07T18:04:14+00:00","article_modified_time":"2019-04-07T18:04:16+00:00","og_image":[{"width":2048,"height":1955,"url":"https:\/\/marekkuchcinski.pl\/wp-content\/uploads\/2019\/03\/\u00a9_DSCF6504.jpg","type":"image\/jpeg"}],"author":"admin","twitter_card":"summary_large_image","twitter_misc":{"Written by":"admin","Estimated reading time":"1 minute"},"schema":{"@context":"https:\/\/schema.org","@graph":[{"@type":"Article","@id":"https:\/\/marekkuchcinski.pl\/uk\/bez-kategorii\/lms\/xxi-sejmik-folklorystyczny-zwiazany-z-obchodami-swiat-wielkanocnych\/#article","isPartOf":{"@id":"https:\/\/marekkuchcinski.pl\/uk\/bez-kategorii\/lms\/xxi-sejmik-folklorystyczny-zwiazany-z-obchodami-swiat-wielkanocnych\/"},"author":{"name":"admin","@id":"https:\/\/marekkuchcinski.pl\/#\/schema\/person\/6f62700996b4d950b6ea2d1183b6c6be"},"headline":"XXI Sejmik Folklorystyczny zwi\u0105zany z obchodami \u015awi\u0105t Wielkanocnych","datePublished":"2019-04-07T18:04:14+00:00","dateModified":"2019-04-07T18:04:16+00:00","mainEntityOfPage":{"@id":"https:\/\/marekkuchcinski.pl\/uk\/bez-kategorii\/lms\/xxi-sejmik-folklorystyczny-zwiazany-z-obchodami-swiat-wielkanocnych\/"},"wordCount":192,"commentCount":0,"publisher":{"@id":"https:\/\/marekkuchcinski.pl\/#organization"},"image":{"@id":"https:\/\/marekkuchcinski.pl\/uk\/bez-kategorii\/lms\/xxi-sejmik-folklorystyczny-zwiazany-z-obchodami-swiat-wielkanocnych\/#primaryimage"},"thumbnailUrl":"https:\/\/marekkuchcinski.pl\/wp-content\/uploads\/2019\/03\/\u00a9_DSCF6504.jpg","articleSection":["Listy Marsza\u0142ka Sejmu"],"inLanguage":"en-GB","potentialAction":[{"@type":"CommentAction","name":"Comment","target":["https:\/\/marekkuchcinski.pl\/uk\/bez-kategorii\/lms\/xxi-sejmik-folklorystyczny-zwiazany-z-obchodami-swiat-wielkanocnych\/#respond"]}]},{"@type":"WebPage","@id":"https:\/\/marekkuchcinski.pl\/uk\/bez-kategorii\/lms\/xxi-sejmik-folklorystyczny-zwiazany-z-obchodami-swiat-wielkanocnych\/","url":"https:\/\/marekkuchcinski.pl\/uk\/bez-kategorii\/lms\/xxi-sejmik-folklorystyczny-zwiazany-z-obchodami-swiat-wielkanocnych\/","name":"XXI Sejmik Folklorystyczny zwi\u0105zany z obchodami \u015awi\u0105t Wielkanocnych &#8211; Marek Kuchci\u0144ski","isPartOf":{"@id":"https:\/\/marekkuchcinski.pl\/#website"},"primaryImageOfPage":{"@id":"https:\/\/marekkuchcinski.pl\/uk\/bez-kategorii\/lms\/xxi-sejmik-folklorystyczny-zwiazany-z-obchodami-swiat-wielkanocnych\/#primaryimage"},"image":{"@id":"https:\/\/marekkuchcinski.pl\/uk\/bez-kategorii\/lms\/xxi-sejmik-folklorystyczny-zwiazany-z-obchodami-swiat-wielkanocnych\/#primaryimage"},"thumbnailUrl":"https:\/\/marekkuchcinski.pl\/wp-content\/uploads\/2019\/03\/\u00a9_DSCF6504.jpg","datePublished":"2019-04-07T18:04:14+00:00","dateModified":"2019-04-07T18:04:16+00:00","breadcrumb":{"@id":"https:\/\/marekkuchcinski.pl\/uk\/bez-kategorii\/lms\/xxi-sejmik-folklorystyczny-zwiazany-z-obchodami-swiat-wielkanocnych\/#breadcrumb"},"inLanguage":"en-GB","potentialAction":[{"@type":"ReadAction","target":["https:\/\/marekkuchcinski.pl\/uk\/bez-kategorii\/lms\/xxi-sejmik-folklorystyczny-zwiazany-z-obchodami-swiat-wielkanocnych\/"]}]},{"@type":"ImageObject","inLanguage":"en-GB","@id":"https:\/\/marekkuchcinski.pl\/uk\/bez-kategorii\/lms\/xxi-sejmik-folklorystyczny-zwiazany-z-obchodami-swiat-wielkanocnych\/#primaryimage","url":"https:\/\/marekkuchcinski.pl\/wp-content\/uploads\/2019\/03\/\u00a9_DSCF6504.jpg","contentUrl":"https:\/\/marekkuchcinski.pl\/wp-content\/uploads\/2019\/03\/\u00a9_DSCF6504.jpg","width":2048,"height":1955},{"@type":"BreadcrumbList","@id":"https:\/\/marekkuchcinski.pl\/uk\/bez-kategorii\/lms\/xxi-sejmik-folklorystyczny-zwiazany-z-obchodami-swiat-wielkanocnych\/#breadcrumb","itemListElement":[{"@type":"ListItem","position":1,"name":"Strona g\u0142\u00f3wna","item":"https:\/\/marekkuchcinski.pl\/"},{"@type":"ListItem","position":2,"name":"XXI Sejmik Folklorystyczny zwi\u0105zany z obchodami \u015awi\u0105t Wielkanocnych"}]},{"@type":"WebSite","@id":"https:\/\/marekkuchcinski.pl\/#website","url":"https:\/\/marekkuchcinski.pl\/","name":"Marek Kuchci\u0144ski","description":"Pose\u0142 na sejm RP &ndash; okr\u0119g nr 22","publisher":{"@id":"https:\/\/marekkuchcinski.pl\/#organization"},"potentialAction":[{"@type":"SearchAction","target":{"@type":"EntryPoint","urlTemplate":"https:\/\/marekkuchcinski.pl\/?s={search_term_string}"},"query-input":{"@type":"PropertyValueSpecification","valueRequired":true,"valueName":"search_term_string"}}],"inLanguage":"en-GB"},{"@type":"Organization","@id":"https:\/\/marekkuchcinski.pl\/#organization","name":"Marek Kuchci\u0144ski","url":"https:\/\/marekkuchcinski.pl\/","logo":{"@type":"ImageObject","inLanguage":"en-GB","@id":"https:\/\/marekkuchcinski.pl\/#\/schema\/logo\/image\/","url":"https:\/\/marekkuchcinski.pl\/wp-content\/uploads\/2022\/09\/Marek.jpg","contentUrl":"https:\/\/marekkuchcinski.pl\/wp-content\/uploads\/2022\/09\/Marek.jpg","width":1600,"height":971,"caption":"Marek Kuchci\u0144ski"},"image":{"@id":"https:\/\/marekkuchcinski.pl\/#\/schema\/logo\/image\/"}},{"@type":"Person","@id":"https:\/\/marekkuchcinski.pl\/#\/schema\/person\/6f62700996b4d950b6ea2d1183b6c6be","name":"admin","image":{"@type":"ImageObject","inLanguage":"en-GB","@id":"https:\/\/marekkuchcinski.pl\/#\/schema\/person\/image\/","url":"https:\/\/secure.gravatar.com\/avatar\/4bab693b9d55c3d6b52c0296a8765085?s=96&d=mm&r=g","contentUrl":"https:\/\/secure.gravatar.com\/avatar\/4bab693b9d55c3d6b52c0296a8765085?s=96&d=mm&r=g","caption":"admin"},"url":"https:\/\/marekkuchcinski.pl\/en\/author\/marta-olejnik\/"}]}},"_links":{"self":[{"href":"https:\/\/marekkuchcinski.pl\/en\/wp-json\/wp\/v2\/posts\/14590","targetHints":{"allow":["GET"]}}],"collection":[{"href":"https:\/\/marekkuchcinski.pl\/en\/wp-json\/wp\/v2\/posts"}],"about":[{"href":"https:\/\/marekkuchcinski.pl\/en\/wp-json\/wp\/v2\/types\/post"}],"author":[{"embeddable":true,"href":"https:\/\/marekkuchcinski.pl\/en\/wp-json\/wp\/v2\/users\/6"}],"replies":[{"embeddable":true,"href":"https:\/\/marekkuchcinski.pl\/en\/wp-json\/wp\/v2\/comments?post=14590"}],"version-history":[{"count":1,"href":"https:\/\/marekkuchcinski.pl\/en\/wp-json\/wp\/v2\/posts\/14590\/revisions"}],"predecessor-version":[{"id":14591,"href":"https:\/\/marekkuchcinski.pl\/en\/wp-json\/wp\/v2\/posts\/14590\/revisions\/14591"}],"wp:featuredmedia":[{"embeddable":true,"href":"https:\/\/marekkuchcinski.pl\/en\/wp-json\/wp\/v2\/media\/14113"}],"wp:attachment":[{"href":"https:\/\/marekkuchcinski.pl\/en\/wp-json\/wp\/v2\/media?parent=14590"}],"wp:term":[{"taxonomy":"category","embeddable":true,"href":"https:\/\/marekkuchcinski.pl\/en\/wp-json\/wp\/v2\/categories?post=14590"},{"taxonomy":"post_tag","embeddable":true,"href":"https:\/\/marekkuchcinski.pl\/en\/wp-json\/wp\/v2\/tags?post=14590"}],"curies":[{"name":"wp","href":"https:\/\/api.w.org\/{rel}","templated":true}]}}