{"id":14587,"date":"2019-04-07T19:59:43","date_gmt":"2019-04-07T17:59:43","guid":{"rendered":"https:\/\/marekkuchcinski.pl\/?p=14587"},"modified":"2019-04-07T20:06:19","modified_gmt":"2019-04-07T18:06:19","slug":"uroczyste-obchody-upamietniajace-9-rocznice-tragedii-smolenskiej-i-79-rocznice-mordu-katynskiego","status":"publish","type":"post","link":"https:\/\/marekkuchcinski.pl\/en\/bez-kategorii\/lms\/uroczyste-obchody-upamietniajace-9-rocznice-tragedii-smolenskiej-i-79-rocznice-mordu-katynskiego\/","title":{"rendered":"Solemn commemoration of the 9th anniversary of Smolensk tragedy and 79th anniversary of Katyn massacre"},"content":{"rendered":"<p><strong>&nbsp;&nbsp; Mrs Barbara Bartu\u015b<\/strong><\/p>\n\n\n\n<p><strong>&nbsp;&nbsp; Member of the Polish Parliament<\/strong><\/p>\n\n\n\n<p><strong>&nbsp;&nbsp; County Board <\/strong><\/p>\n\n\n\n<p><strong>&nbsp;&nbsp; Law and Justice <\/strong><\/p>\n\n\n\n<p><strong>&nbsp;&nbsp; in Gorlice<\/strong><\/p>\n\n\n\n<p><strong>&nbsp;&nbsp; Our Town Association <\/strong><\/p>\n\n\n\n<p>Dear Sirs, <\/p>\n\n\n\n<p>thank you for the invitation to the solemn celebrations commemorating the 9th anniversary of the\nof the Smolensk tragedy and the 79th anniversary of the Katyn massacre. <\/p>\n\n\n\n<p><a>Prayerful reverie uniquely unites\nof the faithful, p<\/a>he commemoration reminds us of our common ideas and makes us think deeply about\nOur difficult history, as well as people who were united by concern for the good\nand devotion to patriotic values. <\/p>\n\n\n\n<p>On this anniversary day we commemorate the late President of the Republic of Poland Professor Lech\nKaczy\u0144ski and his wife Maria and all the victims of the\nSmolensk catastrophe. More than usual we feel the void left by our\nfriends and colleagues dear to our hearts. Their tragic death also\nmakes us reflect on their achievements. <\/p>\n\n\n\n<p>The legacy left by the late Lech Kaczynski is an inspiration for us,\nand at the same time an obligation towards the past, towards those who fought for\nfreedom. With even greater respect we bow our heads before the victims of the\nKatyn Massacre - Poles murdered by the NKVD. <\/p>\n\n\n\n<p>I would like to thank the organizers of the ceremonies in Gorlice\nfor cultivating the memory of our heroes. <\/p>\n\n\n\n<p>&nbsp;&nbsp;&nbsp;&nbsp;&nbsp;&nbsp;&nbsp;&nbsp;&nbsp;&nbsp;&nbsp;&nbsp;&nbsp;&nbsp;&nbsp;&nbsp;&nbsp;&nbsp;&nbsp;&nbsp;&nbsp;&nbsp;&nbsp;&nbsp;&nbsp;&nbsp;&nbsp;&nbsp;&nbsp;&nbsp;&nbsp;&nbsp;&nbsp;&nbsp;&nbsp;&nbsp;&nbsp;&nbsp;&nbsp;&nbsp;&nbsp;&nbsp;&nbsp;&nbsp;&nbsp;&nbsp;&nbsp;&nbsp;&nbsp;&nbsp;&nbsp;&nbsp;&nbsp;&nbsp;&nbsp;&nbsp;&nbsp;&nbsp;&nbsp;&nbsp;&nbsp;&nbsp;&nbsp;&nbsp;&nbsp;&nbsp;&nbsp;&nbsp;&nbsp;&nbsp;&nbsp;&nbsp;&nbsp;&nbsp;&nbsp;&nbsp;&nbsp;&nbsp;&nbsp;&nbsp;&nbsp;&nbsp; Z\nbest regards <\/p>\n\n\n\n<p>&nbsp;&nbsp;&nbsp;&nbsp;&nbsp;&nbsp;&nbsp;&nbsp;&nbsp;&nbsp;&nbsp;&nbsp;&nbsp;&nbsp;&nbsp;&nbsp;&nbsp;&nbsp;&nbsp;&nbsp;&nbsp;&nbsp;&nbsp;&nbsp;&nbsp;&nbsp;&nbsp;&nbsp;&nbsp;&nbsp;&nbsp;&nbsp;&nbsp;&nbsp;&nbsp;&nbsp;&nbsp;&nbsp;&nbsp;&nbsp;&nbsp;&nbsp;&nbsp;&nbsp;&nbsp;&nbsp;&nbsp;&nbsp;&nbsp;&nbsp;&nbsp;&nbsp;&nbsp;&nbsp;&nbsp;&nbsp;&nbsp;&nbsp;&nbsp;&nbsp;&nbsp;&nbsp;&nbsp;&nbsp;&nbsp;&nbsp;\n&nbsp;&nbsp;&nbsp;&nbsp;&nbsp;&nbsp;&nbsp;&nbsp;&nbsp;&nbsp;&nbsp;&nbsp;&nbsp;&nbsp;&nbsp;&nbsp;&nbsp;&nbsp;&nbsp;Marek\nKuchci\u0144ski <\/p>","protected":false},"excerpt":{"rendered":"<p>&nbsp;&nbsp; Pani Barbara Bartu\u015b &nbsp;&nbsp; Pose\u0142 na Sejm RP &nbsp;&nbsp; Zarz\u0105d Powiatowy &nbsp;&nbsp; Prawa i Sprawiedliwo\u015bci &nbsp;&nbsp; w Gorlicach &nbsp;&nbsp; Stowarzyszenie \u201eNasze Miasto\u201d Szanowni Pa\u0144stwo, dzi\u0119kuj\u0119 za zaproszenie na uroczyste obchody upami\u0119tniaj\u0105ce 9. rocznic\u0119 tragedii smole\u0144skiej i 79. rocznic\u0119 mordu katy\u0144skiego. Modlitewna zaduma w wyj\u0105tkowy spos\u00f3b jednoczy wiernych, przypomina wsp\u00f3lne idee i sk\u0142ania do g\u0142\u0119bokich [&hellip;]<\/p>","protected":false},"author":6,"featured_media":14113,"comment_status":"open","ping_status":"open","sticky":false,"template":"","format":"standard","meta":{"ngg_post_thumbnail":0,"footnotes":""},"categories":[104],"tags":[],"class_list":["post-14587","post","type-post","status-publish","format-standard","has-post-thumbnail","hentry","category-lms"],"yoast_head":"<!-- This site is optimized with the Yoast SEO plugin v24.7 - https:\/\/yoast.com\/wordpress\/plugins\/seo\/ -->\n<title>Uroczyste obchody upami\u0119tniaj\u0105ce 9. rocznic\u0119 tragedii smole\u0144skiej i 79. rocznic\u0119 mordu katy\u0144skiego &#8211; Marek Kuchci\u0144ski<\/title>\n<meta name=\"robots\" content=\"index, follow, max-snippet:-1, max-image-preview:large, max-video-preview:-1\" \/>\n<link rel=\"canonical\" href=\"https:\/\/marekkuchcinski.pl\/en\/bez-kategorii\/lms\/uroczyste-obchody-upamietniajace-9-rocznice-tragedii-smolenskiej-i-79-rocznice-mordu-katynskiego\/\" \/>\n<meta property=\"og:locale\" content=\"en_GB\" \/>\n<meta property=\"og:type\" content=\"article\" \/>\n<meta property=\"og:title\" content=\"Uroczyste obchody upami\u0119tniaj\u0105ce 9. rocznic\u0119 tragedii smole\u0144skiej i 79. rocznic\u0119 mordu katy\u0144skiego &#8211; Marek Kuchci\u0144ski\" \/>\n<meta property=\"og:description\" content=\"&nbsp;&nbsp; Pani Barbara Bartu\u015b &nbsp;&nbsp; Pose\u0142 na Sejm RP &nbsp;&nbsp; Zarz\u0105d Powiatowy &nbsp;&nbsp; Prawa i Sprawiedliwo\u015bci &nbsp;&nbsp; w Gorlicach &nbsp;&nbsp; Stowarzyszenie \u201eNasze Miasto\u201d Szanowni Pa\u0144stwo, dzi\u0119kuj\u0119 za zaproszenie na uroczyste obchody upami\u0119tniaj\u0105ce 9. rocznic\u0119 tragedii smole\u0144skiej i 79. rocznic\u0119 mordu katy\u0144skiego. Modlitewna zaduma w wyj\u0105tkowy spos\u00f3b jednoczy wiernych, przypomina wsp\u00f3lne idee i sk\u0142ania do g\u0142\u0119bokich [&hellip;]\" \/>\n<meta property=\"og:url\" content=\"https:\/\/marekkuchcinski.pl\/en\/bez-kategorii\/lms\/uroczyste-obchody-upamietniajace-9-rocznice-tragedii-smolenskiej-i-79-rocznice-mordu-katynskiego\/\" \/>\n<meta property=\"og:site_name\" content=\"Marek Kuchci\u0144ski\" \/>\n<meta property=\"article:published_time\" content=\"2019-04-07T17:59:43+00:00\" \/>\n<meta property=\"article:modified_time\" content=\"2019-04-07T18:06:19+00:00\" \/>\n<meta property=\"og:image\" content=\"https:\/\/marekkuchcinski.pl\/wp-content\/uploads\/2019\/03\/\u00a9_DSCF6504.jpg\" \/>\n\t<meta property=\"og:image:width\" content=\"2048\" \/>\n\t<meta property=\"og:image:height\" content=\"1955\" \/>\n\t<meta property=\"og:image:type\" content=\"image\/jpeg\" \/>\n<meta name=\"author\" content=\"admin\" \/>\n<meta name=\"twitter:card\" content=\"summary_large_image\" \/>\n<meta name=\"twitter:label1\" content=\"Written by\" \/>\n\t<meta name=\"twitter:data1\" content=\"admin\" \/>\n\t<meta name=\"twitter:label2\" content=\"Estimated reading time\" \/>\n\t<meta name=\"twitter:data2\" content=\"2 minutes\" \/>\n<script type=\"application\/ld+json\" class=\"yoast-schema-graph\">{\"@context\":\"https:\/\/schema.org\",\"@graph\":[{\"@type\":\"Article\",\"@id\":\"https:\/\/marekkuchcinski.pl\/hu\/bez-kategorii\/lms\/uroczyste-obchody-upamietniajace-9-rocznice-tragedii-smolenskiej-i-79-rocznice-mordu-katynskiego\/#article\",\"isPartOf\":{\"@id\":\"https:\/\/marekkuchcinski.pl\/hu\/bez-kategorii\/lms\/uroczyste-obchody-upamietniajace-9-rocznice-tragedii-smolenskiej-i-79-rocznice-mordu-katynskiego\/\"},\"author\":{\"name\":\"admin\",\"@id\":\"https:\/\/marekkuchcinski.pl\/#\/schema\/person\/6f62700996b4d950b6ea2d1183b6c6be\"},\"headline\":\"Uroczyste obchody upami\u0119tniaj\u0105ce 9. rocznic\u0119 tragedii smole\u0144skiej i 79. rocznic\u0119 mordu katy\u0144skiego\",\"datePublished\":\"2019-04-07T17:59:43+00:00\",\"dateModified\":\"2019-04-07T18:06:19+00:00\",\"mainEntityOfPage\":{\"@id\":\"https:\/\/marekkuchcinski.pl\/hu\/bez-kategorii\/lms\/uroczyste-obchody-upamietniajace-9-rocznice-tragedii-smolenskiej-i-79-rocznice-mordu-katynskiego\/\"},\"wordCount\":398,\"commentCount\":0,\"publisher\":{\"@id\":\"https:\/\/marekkuchcinski.pl\/#organization\"},\"image\":{\"@id\":\"https:\/\/marekkuchcinski.pl\/hu\/bez-kategorii\/lms\/uroczyste-obchody-upamietniajace-9-rocznice-tragedii-smolenskiej-i-79-rocznice-mordu-katynskiego\/#primaryimage\"},\"thumbnailUrl\":\"https:\/\/marekkuchcinski.pl\/wp-content\/uploads\/2019\/03\/\u00a9_DSCF6504.jpg\",\"articleSection\":[\"Listy Marsza\u0142ka Sejmu\"],\"inLanguage\":\"en-GB\",\"potentialAction\":[{\"@type\":\"CommentAction\",\"name\":\"Comment\",\"target\":[\"https:\/\/marekkuchcinski.pl\/hu\/bez-kategorii\/lms\/uroczyste-obchody-upamietniajace-9-rocznice-tragedii-smolenskiej-i-79-rocznice-mordu-katynskiego\/#respond\"]}]},{\"@type\":\"WebPage\",\"@id\":\"https:\/\/marekkuchcinski.pl\/hu\/bez-kategorii\/lms\/uroczyste-obchody-upamietniajace-9-rocznice-tragedii-smolenskiej-i-79-rocznice-mordu-katynskiego\/\",\"url\":\"https:\/\/marekkuchcinski.pl\/hu\/bez-kategorii\/lms\/uroczyste-obchody-upamietniajace-9-rocznice-tragedii-smolenskiej-i-79-rocznice-mordu-katynskiego\/\",\"name\":\"Uroczyste obchody upami\u0119tniaj\u0105ce 9. rocznic\u0119 tragedii smole\u0144skiej i 79. rocznic\u0119 mordu katy\u0144skiego &#8211; Marek Kuchci\u0144ski\",\"isPartOf\":{\"@id\":\"https:\/\/marekkuchcinski.pl\/#website\"},\"primaryImageOfPage\":{\"@id\":\"https:\/\/marekkuchcinski.pl\/hu\/bez-kategorii\/lms\/uroczyste-obchody-upamietniajace-9-rocznice-tragedii-smolenskiej-i-79-rocznice-mordu-katynskiego\/#primaryimage\"},\"image\":{\"@id\":\"https:\/\/marekkuchcinski.pl\/hu\/bez-kategorii\/lms\/uroczyste-obchody-upamietniajace-9-rocznice-tragedii-smolenskiej-i-79-rocznice-mordu-katynskiego\/#primaryimage\"},\"thumbnailUrl\":\"https:\/\/marekkuchcinski.pl\/wp-content\/uploads\/2019\/03\/\u00a9_DSCF6504.jpg\",\"datePublished\":\"2019-04-07T17:59:43+00:00\",\"dateModified\":\"2019-04-07T18:06:19+00:00\",\"breadcrumb\":{\"@id\":\"https:\/\/marekkuchcinski.pl\/hu\/bez-kategorii\/lms\/uroczyste-obchody-upamietniajace-9-rocznice-tragedii-smolenskiej-i-79-rocznice-mordu-katynskiego\/#breadcrumb\"},\"inLanguage\":\"en-GB\",\"potentialAction\":[{\"@type\":\"ReadAction\",\"target\":[\"https:\/\/marekkuchcinski.pl\/hu\/bez-kategorii\/lms\/uroczyste-obchody-upamietniajace-9-rocznice-tragedii-smolenskiej-i-79-rocznice-mordu-katynskiego\/\"]}]},{\"@type\":\"ImageObject\",\"inLanguage\":\"en-GB\",\"@id\":\"https:\/\/marekkuchcinski.pl\/hu\/bez-kategorii\/lms\/uroczyste-obchody-upamietniajace-9-rocznice-tragedii-smolenskiej-i-79-rocznice-mordu-katynskiego\/#primaryimage\",\"url\":\"https:\/\/marekkuchcinski.pl\/wp-content\/uploads\/2019\/03\/\u00a9_DSCF6504.jpg\",\"contentUrl\":\"https:\/\/marekkuchcinski.pl\/wp-content\/uploads\/2019\/03\/\u00a9_DSCF6504.jpg\",\"width\":2048,\"height\":1955},{\"@type\":\"BreadcrumbList\",\"@id\":\"https:\/\/marekkuchcinski.pl\/hu\/bez-kategorii\/lms\/uroczyste-obchody-upamietniajace-9-rocznice-tragedii-smolenskiej-i-79-rocznice-mordu-katynskiego\/#breadcrumb\",\"itemListElement\":[{\"@type\":\"ListItem\",\"position\":1,\"name\":\"Strona g\u0142\u00f3wna\",\"item\":\"https:\/\/marekkuchcinski.pl\/\"},{\"@type\":\"ListItem\",\"position\":2,\"name\":\"Uroczyste obchody upami\u0119tniaj\u0105ce 9. rocznic\u0119 tragedii smole\u0144skiej i 79. rocznic\u0119 mordu katy\u0144skiego\"}]},{\"@type\":\"WebSite\",\"@id\":\"https:\/\/marekkuchcinski.pl\/#website\",\"url\":\"https:\/\/marekkuchcinski.pl\/\",\"name\":\"Marek Kuchci\u0144ski\",\"description\":\"Pose\u0142 na sejm RP &ndash; okr\u0119g nr 22\",\"publisher\":{\"@id\":\"https:\/\/marekkuchcinski.pl\/#organization\"},\"potentialAction\":[{\"@type\":\"SearchAction\",\"target\":{\"@type\":\"EntryPoint\",\"urlTemplate\":\"https:\/\/marekkuchcinski.pl\/?s={search_term_string}\"},\"query-input\":{\"@type\":\"PropertyValueSpecification\",\"valueRequired\":true,\"valueName\":\"search_term_string\"}}],\"inLanguage\":\"en-GB\"},{\"@type\":\"Organization\",\"@id\":\"https:\/\/marekkuchcinski.pl\/#organization\",\"name\":\"Marek Kuchci\u0144ski\",\"url\":\"https:\/\/marekkuchcinski.pl\/\",\"logo\":{\"@type\":\"ImageObject\",\"inLanguage\":\"en-GB\",\"@id\":\"https:\/\/marekkuchcinski.pl\/#\/schema\/logo\/image\/\",\"url\":\"https:\/\/marekkuchcinski.pl\/wp-content\/uploads\/2022\/09\/Marek.jpg\",\"contentUrl\":\"https:\/\/marekkuchcinski.pl\/wp-content\/uploads\/2022\/09\/Marek.jpg\",\"width\":1600,\"height\":971,\"caption\":\"Marek Kuchci\u0144ski\"},\"image\":{\"@id\":\"https:\/\/marekkuchcinski.pl\/#\/schema\/logo\/image\/\"}},{\"@type\":\"Person\",\"@id\":\"https:\/\/marekkuchcinski.pl\/#\/schema\/person\/6f62700996b4d950b6ea2d1183b6c6be\",\"name\":\"admin\",\"image\":{\"@type\":\"ImageObject\",\"inLanguage\":\"en-GB\",\"@id\":\"https:\/\/marekkuchcinski.pl\/#\/schema\/person\/image\/\",\"url\":\"https:\/\/secure.gravatar.com\/avatar\/4bab693b9d55c3d6b52c0296a8765085?s=96&d=mm&r=g\",\"contentUrl\":\"https:\/\/secure.gravatar.com\/avatar\/4bab693b9d55c3d6b52c0296a8765085?s=96&d=mm&r=g\",\"caption\":\"admin\"},\"url\":\"https:\/\/marekkuchcinski.pl\/en\/author\/marta-olejnik\/\"}]}<\/script>\n<!-- \/ Yoast SEO plugin. -->","yoast_head_json":{"title":"Uroczyste obchody upami\u0119tniaj\u0105ce 9. rocznic\u0119 tragedii smole\u0144skiej i 79. rocznic\u0119 mordu katy\u0144skiego &#8211; Marek Kuchci\u0144ski","robots":{"index":"index","follow":"follow","max-snippet":"max-snippet:-1","max-image-preview":"max-image-preview:large","max-video-preview":"max-video-preview:-1"},"canonical":"https:\/\/marekkuchcinski.pl\/en\/bez-kategorii\/lms\/uroczyste-obchody-upamietniajace-9-rocznice-tragedii-smolenskiej-i-79-rocznice-mordu-katynskiego\/","og_locale":"en_GB","og_type":"article","og_title":"Uroczyste obchody upami\u0119tniaj\u0105ce 9. rocznic\u0119 tragedii smole\u0144skiej i 79. rocznic\u0119 mordu katy\u0144skiego &#8211; Marek Kuchci\u0144ski","og_description":"&nbsp;&nbsp; Pani Barbara Bartu\u015b &nbsp;&nbsp; Pose\u0142 na Sejm RP &nbsp;&nbsp; Zarz\u0105d Powiatowy &nbsp;&nbsp; Prawa i Sprawiedliwo\u015bci &nbsp;&nbsp; w Gorlicach &nbsp;&nbsp; Stowarzyszenie \u201eNasze Miasto\u201d Szanowni Pa\u0144stwo, dzi\u0119kuj\u0119 za zaproszenie na uroczyste obchody upami\u0119tniaj\u0105ce 9. rocznic\u0119 tragedii smole\u0144skiej i 79. rocznic\u0119 mordu katy\u0144skiego. Modlitewna zaduma w wyj\u0105tkowy spos\u00f3b jednoczy wiernych, przypomina wsp\u00f3lne idee i sk\u0142ania do g\u0142\u0119bokich [&hellip;]","og_url":"https:\/\/marekkuchcinski.pl\/en\/bez-kategorii\/lms\/uroczyste-obchody-upamietniajace-9-rocznice-tragedii-smolenskiej-i-79-rocznice-mordu-katynskiego\/","og_site_name":"Marek Kuchci\u0144ski","article_published_time":"2019-04-07T17:59:43+00:00","article_modified_time":"2019-04-07T18:06:19+00:00","og_image":[{"width":2048,"height":1955,"url":"https:\/\/marekkuchcinski.pl\/wp-content\/uploads\/2019\/03\/\u00a9_DSCF6504.jpg","type":"image\/jpeg"}],"author":"admin","twitter_card":"summary_large_image","twitter_misc":{"Written by":"admin","Estimated reading time":"2 minutes"},"schema":{"@context":"https:\/\/schema.org","@graph":[{"@type":"Article","@id":"https:\/\/marekkuchcinski.pl\/hu\/bez-kategorii\/lms\/uroczyste-obchody-upamietniajace-9-rocznice-tragedii-smolenskiej-i-79-rocznice-mordu-katynskiego\/#article","isPartOf":{"@id":"https:\/\/marekkuchcinski.pl\/hu\/bez-kategorii\/lms\/uroczyste-obchody-upamietniajace-9-rocznice-tragedii-smolenskiej-i-79-rocznice-mordu-katynskiego\/"},"author":{"name":"admin","@id":"https:\/\/marekkuchcinski.pl\/#\/schema\/person\/6f62700996b4d950b6ea2d1183b6c6be"},"headline":"Uroczyste obchody upami\u0119tniaj\u0105ce 9. rocznic\u0119 tragedii smole\u0144skiej i 79. rocznic\u0119 mordu katy\u0144skiego","datePublished":"2019-04-07T17:59:43+00:00","dateModified":"2019-04-07T18:06:19+00:00","mainEntityOfPage":{"@id":"https:\/\/marekkuchcinski.pl\/hu\/bez-kategorii\/lms\/uroczyste-obchody-upamietniajace-9-rocznice-tragedii-smolenskiej-i-79-rocznice-mordu-katynskiego\/"},"wordCount":398,"commentCount":0,"publisher":{"@id":"https:\/\/marekkuchcinski.pl\/#organization"},"image":{"@id":"https:\/\/marekkuchcinski.pl\/hu\/bez-kategorii\/lms\/uroczyste-obchody-upamietniajace-9-rocznice-tragedii-smolenskiej-i-79-rocznice-mordu-katynskiego\/#primaryimage"},"thumbnailUrl":"https:\/\/marekkuchcinski.pl\/wp-content\/uploads\/2019\/03\/\u00a9_DSCF6504.jpg","articleSection":["Listy Marsza\u0142ka Sejmu"],"inLanguage":"en-GB","potentialAction":[{"@type":"CommentAction","name":"Comment","target":["https:\/\/marekkuchcinski.pl\/hu\/bez-kategorii\/lms\/uroczyste-obchody-upamietniajace-9-rocznice-tragedii-smolenskiej-i-79-rocznice-mordu-katynskiego\/#respond"]}]},{"@type":"WebPage","@id":"https:\/\/marekkuchcinski.pl\/hu\/bez-kategorii\/lms\/uroczyste-obchody-upamietniajace-9-rocznice-tragedii-smolenskiej-i-79-rocznice-mordu-katynskiego\/","url":"https:\/\/marekkuchcinski.pl\/hu\/bez-kategorii\/lms\/uroczyste-obchody-upamietniajace-9-rocznice-tragedii-smolenskiej-i-79-rocznice-mordu-katynskiego\/","name":"Uroczyste obchody upami\u0119tniaj\u0105ce 9. rocznic\u0119 tragedii smole\u0144skiej i 79. rocznic\u0119 mordu katy\u0144skiego &#8211; Marek Kuchci\u0144ski","isPartOf":{"@id":"https:\/\/marekkuchcinski.pl\/#website"},"primaryImageOfPage":{"@id":"https:\/\/marekkuchcinski.pl\/hu\/bez-kategorii\/lms\/uroczyste-obchody-upamietniajace-9-rocznice-tragedii-smolenskiej-i-79-rocznice-mordu-katynskiego\/#primaryimage"},"image":{"@id":"https:\/\/marekkuchcinski.pl\/hu\/bez-kategorii\/lms\/uroczyste-obchody-upamietniajace-9-rocznice-tragedii-smolenskiej-i-79-rocznice-mordu-katynskiego\/#primaryimage"},"thumbnailUrl":"https:\/\/marekkuchcinski.pl\/wp-content\/uploads\/2019\/03\/\u00a9_DSCF6504.jpg","datePublished":"2019-04-07T17:59:43+00:00","dateModified":"2019-04-07T18:06:19+00:00","breadcrumb":{"@id":"https:\/\/marekkuchcinski.pl\/hu\/bez-kategorii\/lms\/uroczyste-obchody-upamietniajace-9-rocznice-tragedii-smolenskiej-i-79-rocznice-mordu-katynskiego\/#breadcrumb"},"inLanguage":"en-GB","potentialAction":[{"@type":"ReadAction","target":["https:\/\/marekkuchcinski.pl\/hu\/bez-kategorii\/lms\/uroczyste-obchody-upamietniajace-9-rocznice-tragedii-smolenskiej-i-79-rocznice-mordu-katynskiego\/"]}]},{"@type":"ImageObject","inLanguage":"en-GB","@id":"https:\/\/marekkuchcinski.pl\/hu\/bez-kategorii\/lms\/uroczyste-obchody-upamietniajace-9-rocznice-tragedii-smolenskiej-i-79-rocznice-mordu-katynskiego\/#primaryimage","url":"https:\/\/marekkuchcinski.pl\/wp-content\/uploads\/2019\/03\/\u00a9_DSCF6504.jpg","contentUrl":"https:\/\/marekkuchcinski.pl\/wp-content\/uploads\/2019\/03\/\u00a9_DSCF6504.jpg","width":2048,"height":1955},{"@type":"BreadcrumbList","@id":"https:\/\/marekkuchcinski.pl\/hu\/bez-kategorii\/lms\/uroczyste-obchody-upamietniajace-9-rocznice-tragedii-smolenskiej-i-79-rocznice-mordu-katynskiego\/#breadcrumb","itemListElement":[{"@type":"ListItem","position":1,"name":"Strona g\u0142\u00f3wna","item":"https:\/\/marekkuchcinski.pl\/"},{"@type":"ListItem","position":2,"name":"Uroczyste obchody upami\u0119tniaj\u0105ce 9. rocznic\u0119 tragedii smole\u0144skiej i 79. rocznic\u0119 mordu katy\u0144skiego"}]},{"@type":"WebSite","@id":"https:\/\/marekkuchcinski.pl\/#website","url":"https:\/\/marekkuchcinski.pl\/","name":"Marek Kuchci\u0144ski","description":"Pose\u0142 na sejm RP &ndash; okr\u0119g nr 22","publisher":{"@id":"https:\/\/marekkuchcinski.pl\/#organization"},"potentialAction":[{"@type":"SearchAction","target":{"@type":"EntryPoint","urlTemplate":"https:\/\/marekkuchcinski.pl\/?s={search_term_string}"},"query-input":{"@type":"PropertyValueSpecification","valueRequired":true,"valueName":"search_term_string"}}],"inLanguage":"en-GB"},{"@type":"Organization","@id":"https:\/\/marekkuchcinski.pl\/#organization","name":"Marek Kuchci\u0144ski","url":"https:\/\/marekkuchcinski.pl\/","logo":{"@type":"ImageObject","inLanguage":"en-GB","@id":"https:\/\/marekkuchcinski.pl\/#\/schema\/logo\/image\/","url":"https:\/\/marekkuchcinski.pl\/wp-content\/uploads\/2022\/09\/Marek.jpg","contentUrl":"https:\/\/marekkuchcinski.pl\/wp-content\/uploads\/2022\/09\/Marek.jpg","width":1600,"height":971,"caption":"Marek Kuchci\u0144ski"},"image":{"@id":"https:\/\/marekkuchcinski.pl\/#\/schema\/logo\/image\/"}},{"@type":"Person","@id":"https:\/\/marekkuchcinski.pl\/#\/schema\/person\/6f62700996b4d950b6ea2d1183b6c6be","name":"admin","image":{"@type":"ImageObject","inLanguage":"en-GB","@id":"https:\/\/marekkuchcinski.pl\/#\/schema\/person\/image\/","url":"https:\/\/secure.gravatar.com\/avatar\/4bab693b9d55c3d6b52c0296a8765085?s=96&d=mm&r=g","contentUrl":"https:\/\/secure.gravatar.com\/avatar\/4bab693b9d55c3d6b52c0296a8765085?s=96&d=mm&r=g","caption":"admin"},"url":"https:\/\/marekkuchcinski.pl\/en\/author\/marta-olejnik\/"}]}},"_links":{"self":[{"href":"https:\/\/marekkuchcinski.pl\/en\/wp-json\/wp\/v2\/posts\/14587","targetHints":{"allow":["GET"]}}],"collection":[{"href":"https:\/\/marekkuchcinski.pl\/en\/wp-json\/wp\/v2\/posts"}],"about":[{"href":"https:\/\/marekkuchcinski.pl\/en\/wp-json\/wp\/v2\/types\/post"}],"author":[{"embeddable":true,"href":"https:\/\/marekkuchcinski.pl\/en\/wp-json\/wp\/v2\/users\/6"}],"replies":[{"embeddable":true,"href":"https:\/\/marekkuchcinski.pl\/en\/wp-json\/wp\/v2\/comments?post=14587"}],"version-history":[{"count":1,"href":"https:\/\/marekkuchcinski.pl\/en\/wp-json\/wp\/v2\/posts\/14587\/revisions"}],"predecessor-version":[{"id":14588,"href":"https:\/\/marekkuchcinski.pl\/en\/wp-json\/wp\/v2\/posts\/14587\/revisions\/14588"}],"wp:featuredmedia":[{"embeddable":true,"href":"https:\/\/marekkuchcinski.pl\/en\/wp-json\/wp\/v2\/media\/14113"}],"wp:attachment":[{"href":"https:\/\/marekkuchcinski.pl\/en\/wp-json\/wp\/v2\/media?parent=14587"}],"wp:term":[{"taxonomy":"category","embeddable":true,"href":"https:\/\/marekkuchcinski.pl\/en\/wp-json\/wp\/v2\/categories?post=14587"},{"taxonomy":"post_tag","embeddable":true,"href":"https:\/\/marekkuchcinski.pl\/en\/wp-json\/wp\/v2\/tags?post=14587"}],"curies":[{"name":"wp","href":"https:\/\/api.w.org\/{rel}","templated":true}]}}