{"id":14584,"date":"2019-04-07T20:08:03","date_gmt":"2019-04-07T18:08:03","guid":{"rendered":"https:\/\/marekkuchcinski.pl\/?p=14584"},"modified":"2019-04-07T20:08:05","modified_gmt":"2019-04-07T18:08:05","slug":"v-forum-kobiet-podkarpacia-im-dr-grazyny-gesickiej-kobiety-w-100-lecie-niepodleglosci","status":"publish","type":"post","link":"https:\/\/marekkuchcinski.pl\/en\/bez-kategorii\/lms\/v-forum-kobiet-podkarpacia-im-dr-grazyny-gesickiej-kobiety-w-100-lecie-niepodleglosci\/","title":{"rendered":"V Forum for Women of Podkarpacie named after dr Gra\u017cyna G\u0119sicka \"Women in the 100th Anniversary of Independence\"."},"content":{"rendered":"<p><em>&nbsp;&nbsp;&nbsp;&nbsp;&nbsp;&nbsp;&nbsp;&nbsp;&nbsp;&nbsp;&nbsp;&nbsp;&nbsp;&nbsp;&nbsp;&nbsp;&nbsp;&nbsp;&nbsp;&nbsp;&nbsp;&nbsp;&nbsp;&nbsp;&nbsp;&nbsp;&nbsp;&nbsp;&nbsp;&nbsp;&nbsp;&nbsp;&nbsp;&nbsp;&nbsp;&nbsp;&nbsp;&nbsp;&nbsp;&nbsp;&nbsp;&nbsp;&nbsp;&nbsp;&nbsp;&nbsp;&nbsp;&nbsp;&nbsp;&nbsp;&nbsp;&nbsp;&nbsp;&nbsp;&nbsp;&nbsp;&nbsp;&nbsp;&nbsp;&nbsp;&nbsp;&nbsp;&nbsp;&nbsp;&nbsp;&nbsp;&nbsp;&nbsp;&nbsp;&nbsp;&nbsp;&nbsp;&nbsp;&nbsp;&nbsp;&nbsp;&nbsp;&nbsp;&nbsp;&nbsp;&nbsp;&nbsp; <strong>Ms.<\/strong><\/em><\/p>\n\n\n\n<p><strong><em>Prof. Dr. J\u00f3zefa Hrynkiewicz<\/em><\/strong><\/p>\n\n\n\n<p><strong><em>Member of the Polish Parliament<\/em><\/strong><\/p>\n\n\n\n<p><em>&nbsp;&nbsp;&nbsp;&nbsp;&nbsp;&nbsp;&nbsp;&nbsp;&nbsp;&nbsp;&nbsp; Dear\nMember,<\/em><\/p>\n\n\n\n<p><em>&nbsp;&nbsp;&nbsp;&nbsp;&nbsp;&nbsp;&nbsp;&nbsp;&nbsp;&nbsp;&nbsp; very\nThank you for the invitation to the 5th Forum for Women of the Podkarpacie Region named after dr Gra\u017cyna G\u0119sicka\n\"Women in the 100th Anniversary of Independence\". Being unable to participate in this event,\nI would like to send my regards to all the participants and invited guests.<\/em><\/p>\n\n\n\n<p><em>&nbsp;&nbsp;&nbsp;&nbsp;&nbsp;&nbsp;&nbsp;&nbsp;&nbsp;&nbsp;&nbsp; I am glad\nI am glad that the Forum has become part of the calendar of important meetings in our region. I believe\nI believe that every voice in matters of women and their place in social and public life\nis worthy of support.<\/em><\/p>\n\n\n\n<p><em>&nbsp;&nbsp;&nbsp;&nbsp;&nbsp;&nbsp;&nbsp;&nbsp;&nbsp;&nbsp;&nbsp; The more so\nThe more so as the celebrations of the centenary of the independence of our Homeland, in a special\nThe celebrations of the centennial of our Homeland's independence made us realize in a special way that there would not have been an independent, strong and democratic\nPoland without the involvement of generations of Polish women who faced not\nnot only the difficult everyday life in the face of partitions, war and oppression, but\nThey faced not only the hardships of everyday life in the face of partitions, war and oppression, but also undertook an active fight for freedom on an equal footing with men. <\/em><\/p>\n\n\n\n<p><em>Last year was also the last\nhundred years from a decision that permanently changed the shape of Polish society. Poland\nPoland was one of the first countries in the world where women gained full\nThe decision was one of the first countries in the world to grant women full suffrage. This testifies to the exceptional maturity - not only of the fathers of\nThis shows exceptional maturity - not only of the fathers of independence, but also of the whole society. Therefore, the Sejm of the Republic of\nPolish Sejm in recognition of those who have contributed to such legislative changes\nand, above all, to the many wise, courageous and determined\nwomen fighting for equal rights - established 2018 as the Year of Women's Rights. <\/em><\/p>\n\n\n\n<p><em>Today, when we are witnessing\nToday, when we witness the enormous changes taking place in social consciousness that\nstereotypes about the image of women, it is worth referring to these\nIt is worth referring to these historical experiences. They can be a contribution to many inspiring reflections.\nreflections.<\/em><\/p>\n\n\n\n<p><em>&nbsp;&nbsp;&nbsp;&nbsp;&nbsp;&nbsp;&nbsp;&nbsp;&nbsp;&nbsp;&nbsp; Using\nI would like to take this opportunity to thank the organizers of the Podkarpackie Forum for\ninitiative and effort to prepare this valuable undertaking. To all the ladies\nwho set an example of how to integrate the environment and devote themselves to their work with passion and great\nI would like to express my appreciation to all ladies who set an example of how to integrate the community and devote themselves to their work with passion and great commitment. I am also\nI am convinced that this meeting, like the previous ones, will be\nI am also convinced that this meeting, like the previous ones, will be an excellent opportunity to promote creative and active women who serve the local society.\nlocal society. <\/em><\/p>\n\n\n\n<p><em>&nbsp;&nbsp;&nbsp;&nbsp;&nbsp;&nbsp;&nbsp;&nbsp;&nbsp;&nbsp;&nbsp; Wishing\nperseverance and determination in your further activities, I would like to express my\nrespect.<\/em><\/p>\n\n\n\n<p><em>&nbsp;&nbsp;&nbsp;&nbsp;&nbsp;&nbsp;&nbsp;&nbsp;&nbsp;&nbsp;&nbsp;&nbsp;&nbsp;&nbsp;&nbsp;&nbsp;&nbsp;&nbsp;&nbsp;&nbsp;&nbsp;&nbsp;&nbsp;&nbsp;&nbsp;&nbsp;&nbsp;&nbsp;&nbsp;&nbsp;&nbsp;&nbsp;&nbsp;&nbsp;&nbsp;&nbsp;&nbsp;&nbsp;&nbsp;&nbsp;&nbsp;&nbsp;&nbsp;&nbsp;&nbsp;&nbsp;&nbsp;&nbsp;&nbsp;&nbsp;&nbsp;&nbsp;&nbsp;&nbsp;&nbsp;&nbsp;&nbsp;&nbsp;&nbsp;&nbsp;&nbsp;&nbsp;&nbsp;&nbsp;&nbsp;&nbsp;&nbsp;&nbsp;&nbsp;&nbsp;&nbsp;&nbsp;&nbsp;&nbsp;&nbsp;&nbsp;&nbsp;&nbsp;&nbsp;&nbsp;&nbsp;&nbsp;&nbsp;&nbsp;&nbsp;&nbsp;&nbsp;&nbsp;&nbsp;&nbsp;&nbsp;&nbsp;&nbsp; Marek\nKuchci\u0144ski<\/em><\/p>","protected":false},"excerpt":{"rendered":"<p>&nbsp;&nbsp;&nbsp;&nbsp;&nbsp;&nbsp;&nbsp;&nbsp;&nbsp;&nbsp;&nbsp;&nbsp;&nbsp;&nbsp;&nbsp;&nbsp;&nbsp;&nbsp;&nbsp;&nbsp;&nbsp;&nbsp;&nbsp;&nbsp;&nbsp;&nbsp;&nbsp;&nbsp;&nbsp;&nbsp;&nbsp;&nbsp;&nbsp;&nbsp;&nbsp;&nbsp;&nbsp;&nbsp;&nbsp;&nbsp;&nbsp;&nbsp;&nbsp;&nbsp;&nbsp;&nbsp;&nbsp;&nbsp;&nbsp;&nbsp;&nbsp;&nbsp;&nbsp;&nbsp;&nbsp;&nbsp;&nbsp;&nbsp;&nbsp;&nbsp;&nbsp;&nbsp;&nbsp;&nbsp;&nbsp;&nbsp;&nbsp;&nbsp;&nbsp;&nbsp;&nbsp;&nbsp;&nbsp;&nbsp;&nbsp;&nbsp;&nbsp;&nbsp;&nbsp;&nbsp;&nbsp;&nbsp; Pani prof. dr hab. J\u00f3zefa Hrynkiewicz Pose\u0142 na Sejm RP &nbsp;&nbsp;&nbsp;&nbsp;&nbsp;&nbsp;&nbsp;&nbsp;&nbsp;&nbsp;&nbsp; Szanowna Pani Pose\u0142, &nbsp;&nbsp;&nbsp;&nbsp;&nbsp;&nbsp;&nbsp;&nbsp;&nbsp;&nbsp;&nbsp; bardzo dzi\u0119kuj\u0119 za zaproszenie na V Forum Kobiet Podkarpacia im. dr Gra\u017cyny G\u0119sickiej \u201eKobiety w 100-lecie Niepodleg\u0142o\u015bci\u201d. Nie mog\u0105c wzi\u0105\u0107 udzia\u0142u w tym wydarzeniu, t\u0105 drog\u0105 pozdrawiam wszystkie uczestniczki oraz zaproszonych go\u015bci. &nbsp;&nbsp;&nbsp;&nbsp;&nbsp;&nbsp;&nbsp;&nbsp;&nbsp;&nbsp;&nbsp; Ciesz\u0119 si\u0119, \u017ce Forum wpisa\u0142o si\u0119 [&hellip;]<\/p>","protected":false},"author":6,"featured_media":0,"comment_status":"open","ping_status":"open","sticky":false,"template":"","format":"standard","meta":{"ngg_post_thumbnail":0,"footnotes":""},"categories":[104],"tags":[],"class_list":["post-14584","post","type-post","status-publish","format-standard","hentry","category-lms"],"yoast_head":"<!-- This site is optimized with the Yoast SEO plugin v24.7 - https:\/\/yoast.com\/wordpress\/plugins\/seo\/ -->\n<title>V Forum Kobiet Podkarpacia im. dr Gra\u017cyny G\u0119sickiej \u201eKobiety w 100-lecie Niepodleg\u0142o\u015bci\u201d &#8211; Marek Kuchci\u0144ski<\/title>\n<meta name=\"robots\" content=\"index, follow, max-snippet:-1, max-image-preview:large, max-video-preview:-1\" \/>\n<link rel=\"canonical\" href=\"https:\/\/marekkuchcinski.pl\/en\/bez-kategorii\/lms\/v-forum-kobiet-podkarpacia-im-dr-grazyny-gesickiej-kobiety-w-100-lecie-niepodleglosci\/\" \/>\n<meta property=\"og:locale\" content=\"en_GB\" \/>\n<meta property=\"og:type\" content=\"article\" \/>\n<meta property=\"og:title\" content=\"V Forum Kobiet Podkarpacia im. dr Gra\u017cyny G\u0119sickiej \u201eKobiety w 100-lecie Niepodleg\u0142o\u015bci\u201d &#8211; Marek Kuchci\u0144ski\" \/>\n<meta property=\"og:description\" content=\"&nbsp;&nbsp;&nbsp;&nbsp;&nbsp;&nbsp;&nbsp;&nbsp;&nbsp;&nbsp;&nbsp;&nbsp;&nbsp;&nbsp;&nbsp;&nbsp;&nbsp;&nbsp;&nbsp;&nbsp;&nbsp;&nbsp;&nbsp;&nbsp;&nbsp;&nbsp;&nbsp;&nbsp;&nbsp;&nbsp;&nbsp;&nbsp;&nbsp;&nbsp;&nbsp;&nbsp;&nbsp;&nbsp;&nbsp;&nbsp;&nbsp;&nbsp;&nbsp;&nbsp;&nbsp;&nbsp;&nbsp;&nbsp;&nbsp;&nbsp;&nbsp;&nbsp;&nbsp;&nbsp;&nbsp;&nbsp;&nbsp;&nbsp;&nbsp;&nbsp;&nbsp;&nbsp;&nbsp;&nbsp;&nbsp;&nbsp;&nbsp;&nbsp;&nbsp;&nbsp;&nbsp;&nbsp;&nbsp;&nbsp;&nbsp;&nbsp;&nbsp;&nbsp;&nbsp;&nbsp;&nbsp;&nbsp; Pani prof. dr hab. J\u00f3zefa Hrynkiewicz Pose\u0142 na Sejm RP &nbsp;&nbsp;&nbsp;&nbsp;&nbsp;&nbsp;&nbsp;&nbsp;&nbsp;&nbsp;&nbsp; Szanowna Pani Pose\u0142, &nbsp;&nbsp;&nbsp;&nbsp;&nbsp;&nbsp;&nbsp;&nbsp;&nbsp;&nbsp;&nbsp; bardzo dzi\u0119kuj\u0119 za zaproszenie na V Forum Kobiet Podkarpacia im. dr Gra\u017cyny G\u0119sickiej \u201eKobiety w 100-lecie Niepodleg\u0142o\u015bci\u201d. Nie mog\u0105c wzi\u0105\u0107 udzia\u0142u w tym wydarzeniu, t\u0105 drog\u0105 pozdrawiam wszystkie uczestniczki oraz zaproszonych go\u015bci. &nbsp;&nbsp;&nbsp;&nbsp;&nbsp;&nbsp;&nbsp;&nbsp;&nbsp;&nbsp;&nbsp; Ciesz\u0119 si\u0119, \u017ce Forum wpisa\u0142o si\u0119 [&hellip;]\" \/>\n<meta property=\"og:url\" content=\"https:\/\/marekkuchcinski.pl\/en\/bez-kategorii\/lms\/v-forum-kobiet-podkarpacia-im-dr-grazyny-gesickiej-kobiety-w-100-lecie-niepodleglosci\/\" \/>\n<meta property=\"og:site_name\" content=\"Marek Kuchci\u0144ski\" \/>\n<meta property=\"article:published_time\" content=\"2019-04-07T18:08:03+00:00\" \/>\n<meta property=\"article:modified_time\" content=\"2019-04-07T18:08:05+00:00\" \/>\n<meta property=\"og:image\" content=\"https:\/\/marekkuchcinski.pl\/wp-content\/uploads\/2022\/09\/Marek.jpg\" \/>\n\t<meta property=\"og:image:width\" content=\"1600\" \/>\n\t<meta property=\"og:image:height\" content=\"971\" \/>\n\t<meta property=\"og:image:type\" content=\"image\/jpeg\" \/>\n<meta name=\"author\" content=\"admin\" \/>\n<meta name=\"twitter:card\" content=\"summary_large_image\" \/>\n<meta name=\"twitter:label1\" content=\"Written by\" \/>\n\t<meta name=\"twitter:data1\" content=\"admin\" \/>\n\t<meta name=\"twitter:label2\" content=\"Estimated reading time\" \/>\n\t<meta name=\"twitter:data2\" content=\"3 minutes\" \/>\n<script type=\"application\/ld+json\" class=\"yoast-schema-graph\">{\"@context\":\"https:\/\/schema.org\",\"@graph\":[{\"@type\":\"Article\",\"@id\":\"https:\/\/marekkuchcinski.pl\/cs\/bez-kategorii\/lms\/v-forum-kobiet-podkarpacia-im-dr-grazyny-gesickiej-kobiety-w-100-lecie-niepodleglosci\/#article\",\"isPartOf\":{\"@id\":\"https:\/\/marekkuchcinski.pl\/cs\/bez-kategorii\/lms\/v-forum-kobiet-podkarpacia-im-dr-grazyny-gesickiej-kobiety-w-100-lecie-niepodleglosci\/\"},\"author\":{\"name\":\"admin\",\"@id\":\"https:\/\/marekkuchcinski.pl\/#\/schema\/person\/6f62700996b4d950b6ea2d1183b6c6be\"},\"headline\":\"V Forum Kobiet Podkarpacia im. dr Gra\u017cyny G\u0119sickiej \u201eKobiety w 100-lecie Niepodleg\u0142o\u015bci\u201d\",\"datePublished\":\"2019-04-07T18:08:03+00:00\",\"dateModified\":\"2019-04-07T18:08:05+00:00\",\"mainEntityOfPage\":{\"@id\":\"https:\/\/marekkuchcinski.pl\/cs\/bez-kategorii\/lms\/v-forum-kobiet-podkarpacia-im-dr-grazyny-gesickiej-kobiety-w-100-lecie-niepodleglosci\/\"},\"wordCount\":666,\"commentCount\":0,\"publisher\":{\"@id\":\"https:\/\/marekkuchcinski.pl\/#organization\"},\"articleSection\":[\"Listy Marsza\u0142ka Sejmu\"],\"inLanguage\":\"en-GB\",\"potentialAction\":[{\"@type\":\"CommentAction\",\"name\":\"Comment\",\"target\":[\"https:\/\/marekkuchcinski.pl\/cs\/bez-kategorii\/lms\/v-forum-kobiet-podkarpacia-im-dr-grazyny-gesickiej-kobiety-w-100-lecie-niepodleglosci\/#respond\"]}]},{\"@type\":\"WebPage\",\"@id\":\"https:\/\/marekkuchcinski.pl\/cs\/bez-kategorii\/lms\/v-forum-kobiet-podkarpacia-im-dr-grazyny-gesickiej-kobiety-w-100-lecie-niepodleglosci\/\",\"url\":\"https:\/\/marekkuchcinski.pl\/cs\/bez-kategorii\/lms\/v-forum-kobiet-podkarpacia-im-dr-grazyny-gesickiej-kobiety-w-100-lecie-niepodleglosci\/\",\"name\":\"V Forum Kobiet Podkarpacia im. dr Gra\u017cyny G\u0119sickiej \u201eKobiety w 100-lecie Niepodleg\u0142o\u015bci\u201d &#8211; Marek Kuchci\u0144ski\",\"isPartOf\":{\"@id\":\"https:\/\/marekkuchcinski.pl\/#website\"},\"datePublished\":\"2019-04-07T18:08:03+00:00\",\"dateModified\":\"2019-04-07T18:08:05+00:00\",\"breadcrumb\":{\"@id\":\"https:\/\/marekkuchcinski.pl\/cs\/bez-kategorii\/lms\/v-forum-kobiet-podkarpacia-im-dr-grazyny-gesickiej-kobiety-w-100-lecie-niepodleglosci\/#breadcrumb\"},\"inLanguage\":\"en-GB\",\"potentialAction\":[{\"@type\":\"ReadAction\",\"target\":[\"https:\/\/marekkuchcinski.pl\/cs\/bez-kategorii\/lms\/v-forum-kobiet-podkarpacia-im-dr-grazyny-gesickiej-kobiety-w-100-lecie-niepodleglosci\/\"]}]},{\"@type\":\"BreadcrumbList\",\"@id\":\"https:\/\/marekkuchcinski.pl\/cs\/bez-kategorii\/lms\/v-forum-kobiet-podkarpacia-im-dr-grazyny-gesickiej-kobiety-w-100-lecie-niepodleglosci\/#breadcrumb\",\"itemListElement\":[{\"@type\":\"ListItem\",\"position\":1,\"name\":\"Strona g\u0142\u00f3wna\",\"item\":\"https:\/\/marekkuchcinski.pl\/\"},{\"@type\":\"ListItem\",\"position\":2,\"name\":\"V Forum Kobiet Podkarpacia im. dr Gra\u017cyny G\u0119sickiej \u201eKobiety w 100-lecie Niepodleg\u0142o\u015bci\u201d\"}]},{\"@type\":\"WebSite\",\"@id\":\"https:\/\/marekkuchcinski.pl\/#website\",\"url\":\"https:\/\/marekkuchcinski.pl\/\",\"name\":\"Marek Kuchci\u0144ski\",\"description\":\"Pose\u0142 na sejm RP &ndash; okr\u0119g nr 22\",\"publisher\":{\"@id\":\"https:\/\/marekkuchcinski.pl\/#organization\"},\"potentialAction\":[{\"@type\":\"SearchAction\",\"target\":{\"@type\":\"EntryPoint\",\"urlTemplate\":\"https:\/\/marekkuchcinski.pl\/?s={search_term_string}\"},\"query-input\":{\"@type\":\"PropertyValueSpecification\",\"valueRequired\":true,\"valueName\":\"search_term_string\"}}],\"inLanguage\":\"en-GB\"},{\"@type\":\"Organization\",\"@id\":\"https:\/\/marekkuchcinski.pl\/#organization\",\"name\":\"Marek Kuchci\u0144ski\",\"url\":\"https:\/\/marekkuchcinski.pl\/\",\"logo\":{\"@type\":\"ImageObject\",\"inLanguage\":\"en-GB\",\"@id\":\"https:\/\/marekkuchcinski.pl\/#\/schema\/logo\/image\/\",\"url\":\"https:\/\/marekkuchcinski.pl\/wp-content\/uploads\/2022\/09\/Marek.jpg\",\"contentUrl\":\"https:\/\/marekkuchcinski.pl\/wp-content\/uploads\/2022\/09\/Marek.jpg\",\"width\":1600,\"height\":971,\"caption\":\"Marek Kuchci\u0144ski\"},\"image\":{\"@id\":\"https:\/\/marekkuchcinski.pl\/#\/schema\/logo\/image\/\"}},{\"@type\":\"Person\",\"@id\":\"https:\/\/marekkuchcinski.pl\/#\/schema\/person\/6f62700996b4d950b6ea2d1183b6c6be\",\"name\":\"admin\",\"image\":{\"@type\":\"ImageObject\",\"inLanguage\":\"en-GB\",\"@id\":\"https:\/\/marekkuchcinski.pl\/#\/schema\/person\/image\/\",\"url\":\"https:\/\/secure.gravatar.com\/avatar\/4bab693b9d55c3d6b52c0296a8765085?s=96&d=mm&r=g\",\"contentUrl\":\"https:\/\/secure.gravatar.com\/avatar\/4bab693b9d55c3d6b52c0296a8765085?s=96&d=mm&r=g\",\"caption\":\"admin\"},\"url\":\"https:\/\/marekkuchcinski.pl\/en\/author\/marta-olejnik\/\"}]}<\/script>\n<!-- \/ Yoast SEO plugin. -->","yoast_head_json":{"title":"V Forum Kobiet Podkarpacia im. dr Gra\u017cyny G\u0119sickiej \u201eKobiety w 100-lecie Niepodleg\u0142o\u015bci\u201d &#8211; Marek Kuchci\u0144ski","robots":{"index":"index","follow":"follow","max-snippet":"max-snippet:-1","max-image-preview":"max-image-preview:large","max-video-preview":"max-video-preview:-1"},"canonical":"https:\/\/marekkuchcinski.pl\/en\/bez-kategorii\/lms\/v-forum-kobiet-podkarpacia-im-dr-grazyny-gesickiej-kobiety-w-100-lecie-niepodleglosci\/","og_locale":"en_GB","og_type":"article","og_title":"V Forum Kobiet Podkarpacia im. dr Gra\u017cyny G\u0119sickiej \u201eKobiety w 100-lecie Niepodleg\u0142o\u015bci\u201d &#8211; Marek Kuchci\u0144ski","og_description":"&nbsp;&nbsp;&nbsp;&nbsp;&nbsp;&nbsp;&nbsp;&nbsp;&nbsp;&nbsp;&nbsp;&nbsp;&nbsp;&nbsp;&nbsp;&nbsp;&nbsp;&nbsp;&nbsp;&nbsp;&nbsp;&nbsp;&nbsp;&nbsp;&nbsp;&nbsp;&nbsp;&nbsp;&nbsp;&nbsp;&nbsp;&nbsp;&nbsp;&nbsp;&nbsp;&nbsp;&nbsp;&nbsp;&nbsp;&nbsp;&nbsp;&nbsp;&nbsp;&nbsp;&nbsp;&nbsp;&nbsp;&nbsp;&nbsp;&nbsp;&nbsp;&nbsp;&nbsp;&nbsp;&nbsp;&nbsp;&nbsp;&nbsp;&nbsp;&nbsp;&nbsp;&nbsp;&nbsp;&nbsp;&nbsp;&nbsp;&nbsp;&nbsp;&nbsp;&nbsp;&nbsp;&nbsp;&nbsp;&nbsp;&nbsp;&nbsp;&nbsp;&nbsp;&nbsp;&nbsp;&nbsp;&nbsp; Pani prof. dr hab. J\u00f3zefa Hrynkiewicz Pose\u0142 na Sejm RP &nbsp;&nbsp;&nbsp;&nbsp;&nbsp;&nbsp;&nbsp;&nbsp;&nbsp;&nbsp;&nbsp; Szanowna Pani Pose\u0142, &nbsp;&nbsp;&nbsp;&nbsp;&nbsp;&nbsp;&nbsp;&nbsp;&nbsp;&nbsp;&nbsp; bardzo dzi\u0119kuj\u0119 za zaproszenie na V Forum Kobiet Podkarpacia im. dr Gra\u017cyny G\u0119sickiej \u201eKobiety w 100-lecie Niepodleg\u0142o\u015bci\u201d. Nie mog\u0105c wzi\u0105\u0107 udzia\u0142u w tym wydarzeniu, t\u0105 drog\u0105 pozdrawiam wszystkie uczestniczki oraz zaproszonych go\u015bci. &nbsp;&nbsp;&nbsp;&nbsp;&nbsp;&nbsp;&nbsp;&nbsp;&nbsp;&nbsp;&nbsp; Ciesz\u0119 si\u0119, \u017ce Forum wpisa\u0142o si\u0119 [&hellip;]","og_url":"https:\/\/marekkuchcinski.pl\/en\/bez-kategorii\/lms\/v-forum-kobiet-podkarpacia-im-dr-grazyny-gesickiej-kobiety-w-100-lecie-niepodleglosci\/","og_site_name":"Marek Kuchci\u0144ski","article_published_time":"2019-04-07T18:08:03+00:00","article_modified_time":"2019-04-07T18:08:05+00:00","og_image":[{"width":1600,"height":971,"url":"https:\/\/marekkuchcinski.pl\/wp-content\/uploads\/2022\/09\/Marek.jpg","type":"image\/jpeg"}],"author":"admin","twitter_card":"summary_large_image","twitter_misc":{"Written by":"admin","Estimated reading time":"3 minutes"},"schema":{"@context":"https:\/\/schema.org","@graph":[{"@type":"Article","@id":"https:\/\/marekkuchcinski.pl\/cs\/bez-kategorii\/lms\/v-forum-kobiet-podkarpacia-im-dr-grazyny-gesickiej-kobiety-w-100-lecie-niepodleglosci\/#article","isPartOf":{"@id":"https:\/\/marekkuchcinski.pl\/cs\/bez-kategorii\/lms\/v-forum-kobiet-podkarpacia-im-dr-grazyny-gesickiej-kobiety-w-100-lecie-niepodleglosci\/"},"author":{"name":"admin","@id":"https:\/\/marekkuchcinski.pl\/#\/schema\/person\/6f62700996b4d950b6ea2d1183b6c6be"},"headline":"V Forum Kobiet Podkarpacia im. dr Gra\u017cyny G\u0119sickiej \u201eKobiety w 100-lecie Niepodleg\u0142o\u015bci\u201d","datePublished":"2019-04-07T18:08:03+00:00","dateModified":"2019-04-07T18:08:05+00:00","mainEntityOfPage":{"@id":"https:\/\/marekkuchcinski.pl\/cs\/bez-kategorii\/lms\/v-forum-kobiet-podkarpacia-im-dr-grazyny-gesickiej-kobiety-w-100-lecie-niepodleglosci\/"},"wordCount":666,"commentCount":0,"publisher":{"@id":"https:\/\/marekkuchcinski.pl\/#organization"},"articleSection":["Listy Marsza\u0142ka Sejmu"],"inLanguage":"en-GB","potentialAction":[{"@type":"CommentAction","name":"Comment","target":["https:\/\/marekkuchcinski.pl\/cs\/bez-kategorii\/lms\/v-forum-kobiet-podkarpacia-im-dr-grazyny-gesickiej-kobiety-w-100-lecie-niepodleglosci\/#respond"]}]},{"@type":"WebPage","@id":"https:\/\/marekkuchcinski.pl\/cs\/bez-kategorii\/lms\/v-forum-kobiet-podkarpacia-im-dr-grazyny-gesickiej-kobiety-w-100-lecie-niepodleglosci\/","url":"https:\/\/marekkuchcinski.pl\/cs\/bez-kategorii\/lms\/v-forum-kobiet-podkarpacia-im-dr-grazyny-gesickiej-kobiety-w-100-lecie-niepodleglosci\/","name":"V Forum Kobiet Podkarpacia im. dr Gra\u017cyny G\u0119sickiej \u201eKobiety w 100-lecie Niepodleg\u0142o\u015bci\u201d &#8211; Marek Kuchci\u0144ski","isPartOf":{"@id":"https:\/\/marekkuchcinski.pl\/#website"},"datePublished":"2019-04-07T18:08:03+00:00","dateModified":"2019-04-07T18:08:05+00:00","breadcrumb":{"@id":"https:\/\/marekkuchcinski.pl\/cs\/bez-kategorii\/lms\/v-forum-kobiet-podkarpacia-im-dr-grazyny-gesickiej-kobiety-w-100-lecie-niepodleglosci\/#breadcrumb"},"inLanguage":"en-GB","potentialAction":[{"@type":"ReadAction","target":["https:\/\/marekkuchcinski.pl\/cs\/bez-kategorii\/lms\/v-forum-kobiet-podkarpacia-im-dr-grazyny-gesickiej-kobiety-w-100-lecie-niepodleglosci\/"]}]},{"@type":"BreadcrumbList","@id":"https:\/\/marekkuchcinski.pl\/cs\/bez-kategorii\/lms\/v-forum-kobiet-podkarpacia-im-dr-grazyny-gesickiej-kobiety-w-100-lecie-niepodleglosci\/#breadcrumb","itemListElement":[{"@type":"ListItem","position":1,"name":"Strona g\u0142\u00f3wna","item":"https:\/\/marekkuchcinski.pl\/"},{"@type":"ListItem","position":2,"name":"V Forum Kobiet Podkarpacia im. dr Gra\u017cyny G\u0119sickiej \u201eKobiety w 100-lecie Niepodleg\u0142o\u015bci\u201d"}]},{"@type":"WebSite","@id":"https:\/\/marekkuchcinski.pl\/#website","url":"https:\/\/marekkuchcinski.pl\/","name":"Marek Kuchci\u0144ski","description":"Pose\u0142 na sejm RP &ndash; okr\u0119g nr 22","publisher":{"@id":"https:\/\/marekkuchcinski.pl\/#organization"},"potentialAction":[{"@type":"SearchAction","target":{"@type":"EntryPoint","urlTemplate":"https:\/\/marekkuchcinski.pl\/?s={search_term_string}"},"query-input":{"@type":"PropertyValueSpecification","valueRequired":true,"valueName":"search_term_string"}}],"inLanguage":"en-GB"},{"@type":"Organization","@id":"https:\/\/marekkuchcinski.pl\/#organization","name":"Marek Kuchci\u0144ski","url":"https:\/\/marekkuchcinski.pl\/","logo":{"@type":"ImageObject","inLanguage":"en-GB","@id":"https:\/\/marekkuchcinski.pl\/#\/schema\/logo\/image\/","url":"https:\/\/marekkuchcinski.pl\/wp-content\/uploads\/2022\/09\/Marek.jpg","contentUrl":"https:\/\/marekkuchcinski.pl\/wp-content\/uploads\/2022\/09\/Marek.jpg","width":1600,"height":971,"caption":"Marek Kuchci\u0144ski"},"image":{"@id":"https:\/\/marekkuchcinski.pl\/#\/schema\/logo\/image\/"}},{"@type":"Person","@id":"https:\/\/marekkuchcinski.pl\/#\/schema\/person\/6f62700996b4d950b6ea2d1183b6c6be","name":"admin","image":{"@type":"ImageObject","inLanguage":"en-GB","@id":"https:\/\/marekkuchcinski.pl\/#\/schema\/person\/image\/","url":"https:\/\/secure.gravatar.com\/avatar\/4bab693b9d55c3d6b52c0296a8765085?s=96&d=mm&r=g","contentUrl":"https:\/\/secure.gravatar.com\/avatar\/4bab693b9d55c3d6b52c0296a8765085?s=96&d=mm&r=g","caption":"admin"},"url":"https:\/\/marekkuchcinski.pl\/en\/author\/marta-olejnik\/"}]}},"_links":{"self":[{"href":"https:\/\/marekkuchcinski.pl\/en\/wp-json\/wp\/v2\/posts\/14584","targetHints":{"allow":["GET"]}}],"collection":[{"href":"https:\/\/marekkuchcinski.pl\/en\/wp-json\/wp\/v2\/posts"}],"about":[{"href":"https:\/\/marekkuchcinski.pl\/en\/wp-json\/wp\/v2\/types\/post"}],"author":[{"embeddable":true,"href":"https:\/\/marekkuchcinski.pl\/en\/wp-json\/wp\/v2\/users\/6"}],"replies":[{"embeddable":true,"href":"https:\/\/marekkuchcinski.pl\/en\/wp-json\/wp\/v2\/comments?post=14584"}],"version-history":[{"count":1,"href":"https:\/\/marekkuchcinski.pl\/en\/wp-json\/wp\/v2\/posts\/14584\/revisions"}],"predecessor-version":[{"id":14595,"href":"https:\/\/marekkuchcinski.pl\/en\/wp-json\/wp\/v2\/posts\/14584\/revisions\/14595"}],"wp:attachment":[{"href":"https:\/\/marekkuchcinski.pl\/en\/wp-json\/wp\/v2\/media?parent=14584"}],"wp:term":[{"taxonomy":"category","embeddable":true,"href":"https:\/\/marekkuchcinski.pl\/en\/wp-json\/wp\/v2\/categories?post=14584"},{"taxonomy":"post_tag","embeddable":true,"href":"https:\/\/marekkuchcinski.pl\/en\/wp-json\/wp\/v2\/tags?post=14584"}],"curies":[{"name":"wp","href":"https:\/\/api.w.org\/{rel}","templated":true}]}}