{"id":14582,"date":"2019-04-07T20:07:32","date_gmt":"2019-04-07T18:07:32","guid":{"rendered":"https:\/\/marekkuchcinski.pl\/?p=14582"},"modified":"2019-04-07T20:07:33","modified_gmt":"2019-04-07T18:07:33","slug":"wernisaz-sztuka-wspolczesna-malarstwo-grafika-formy-przestrzenne-wystawa-prac-xxvii-i-xxviii-miedzynarodowego-pleneru-malarskiego-impresje-mikolowskie-2017-2018","status":"publish","type":"post","link":"https:\/\/marekkuchcinski.pl\/en\/bez-kategorii\/lms\/wernisaz-sztuka-wspolczesna-malarstwo-grafika-formy-przestrzenne-wystawa-prac-xxvii-i-xxviii-miedzynarodowego-pleneru-malarskiego-impresje-mikolowskie-2017-2018\/","title":{"rendered":"The opening of \"Contemporary art: painting\/graphics\/spatial forms. Exhibition of works from the XXVII and XXVIII International Painting Plein Air IMPRESSIONS OF MIKO\u0141OWSK 2017\/2018\""},"content":{"rendered":"<p><strong><em> Mr.<\/em><\/strong><\/p>\n\n\n\n<p><strong><em>Narcissus\nPi\u00f3recki<\/em><\/strong><\/p>\n\n\n\n<p><strong><em>Director\nArboretum <\/em><\/strong><\/p>\n\n\n\n<p><strong><em>w\nBolestraszyce<\/em><\/strong><\/p>\n\n\n\n<p><em>Dear Mr.\nDirector,<\/em><\/p>\n\n\n\n<p><em>thank you for inviting me\nto the vernissage of \"Contemporary Art: Painting\/Graphics\/Space Forms. Exhibition\nworks of XXVII and XXVIII International Painting Plein-Air IMPRESSIONS MIKO\u0141OWSKIE\n2017\/2018\". Unfortunately I will not be able to participate in this artistic event,\nSo I would like to use this way to thank the organizers for the wonderful\ninitiative, as well as the effort put into its preparation.<\/em><\/p>\n\n\n\n<p><em>I am convinced that the\nthe exhibition will meet with great interest, providing visitors with many exciting impressions\nI am convinced that the exhibition will meet with great interest, providing visitors with many exciting impressions inspired by the works presented.<\/em><\/p>\n\n\n\n<p><em>I would like to take this opportunity to wish you\nDirector I wish you good luck in your endeavors.\nI wish the authors of works of art the creative energy and successful implementation of the\nintentions. And to the guests visiting the Arboretum - unforgettable experiences.<\/em><\/p>\n\n\n\n<p><em>I cordially greet you and\nkind regards. <\/em><\/p>\n\n\n\n<p><em> &nbsp; &nbsp;&nbsp;&nbsp;&nbsp;&nbsp;&nbsp;&nbsp;&nbsp;&nbsp;&nbsp;&nbsp;&nbsp;&nbsp;&nbsp;&nbsp;&nbsp;&nbsp;&nbsp;&nbsp;&nbsp;&nbsp;&nbsp;&nbsp;&nbsp;&nbsp;&nbsp;&nbsp;&nbsp;&nbsp;&nbsp;&nbsp;&nbsp;&nbsp;&nbsp;&nbsp;&nbsp;&nbsp;&nbsp;&nbsp;&nbsp;&nbsp;&nbsp;&nbsp;&nbsp;&nbsp;&nbsp;&nbsp;&nbsp;&nbsp;&nbsp;&nbsp;&nbsp;&nbsp;&nbsp;&nbsp;&nbsp;&nbsp;&nbsp;&nbsp;&nbsp;&nbsp;&nbsp;&nbsp;&nbsp;Marek Kuchci\u0144ski<\/em><\/p>","protected":false},"excerpt":{"rendered":"<p>Pan Narcyz Pi\u00f3recki Dyrektor Arboretum w Bolestraszycach Szanowny Panie Dyrektorze, uprzejmie dzi\u0119kuj\u0119 za zaproszenie na wernisa\u017c \u201eSztuka wsp\u00f3\u0142czesna: malarstwo\/grafika\/formy przestrzenne. Wystawa prac XXVII i XXVIII Mi\u0119dzynarodowego Pleneru Malarskiego IMPRESJE MIKO\u0141OWSKIE 2017\/2018\u201d. Niestety nie b\u0119d\u0119 m\u00f3g\u0142 wzi\u0105\u0107 udzia\u0142u w tym artystycznym wydarzeniu, chcia\u0142bym wi\u0119c t\u0105 drog\u0105 przekaza\u0107 organizatorom podzi\u0119kowania za&nbsp;wspania\u0142\u0105 inicjatyw\u0119, a tak\u017ce trud w\u0142o\u017cony w [&hellip;]<\/p>","protected":false},"author":6,"featured_media":0,"comment_status":"open","ping_status":"open","sticky":false,"template":"","format":"standard","meta":{"ngg_post_thumbnail":0,"footnotes":""},"categories":[104],"tags":[],"class_list":["post-14582","post","type-post","status-publish","format-standard","hentry","category-lms"],"yoast_head":"<!-- This site is optimized with the Yoast SEO plugin v24.7 - https:\/\/yoast.com\/wordpress\/plugins\/seo\/ -->\n<title>Wernisa\u017c \u201eSztuka wsp\u00f3\u0142czesna: malarstwo\/grafika\/formy przestrzenne. Wystawa prac XXVII i XXVIII Mi\u0119dzynarodowego Pleneru Malarskiego IMPRESJE MIKO\u0141OWSKIE 2017\/2018\u201d &#8211; Marek Kuchci\u0144ski<\/title>\n<meta name=\"robots\" content=\"index, follow, max-snippet:-1, max-image-preview:large, max-video-preview:-1\" \/>\n<link rel=\"canonical\" href=\"https:\/\/marekkuchcinski.pl\/en\/bez-kategorii\/lms\/wernisaz-sztuka-wspolczesna-malarstwo-grafika-formy-przestrzenne-wystawa-prac-xxvii-i-xxviii-miedzynarodowego-pleneru-malarskiego-impresje-mikolowskie-2017-2018\/\" \/>\n<meta property=\"og:locale\" content=\"en_GB\" \/>\n<meta property=\"og:type\" content=\"article\" \/>\n<meta property=\"og:title\" content=\"Wernisa\u017c \u201eSztuka wsp\u00f3\u0142czesna: malarstwo\/grafika\/formy przestrzenne. Wystawa prac XXVII i XXVIII Mi\u0119dzynarodowego Pleneru Malarskiego IMPRESJE MIKO\u0141OWSKIE 2017\/2018\u201d &#8211; Marek Kuchci\u0144ski\" \/>\n<meta property=\"og:description\" content=\"Pan Narcyz Pi\u00f3recki Dyrektor Arboretum w Bolestraszycach Szanowny Panie Dyrektorze, uprzejmie dzi\u0119kuj\u0119 za zaproszenie na wernisa\u017c \u201eSztuka wsp\u00f3\u0142czesna: malarstwo\/grafika\/formy przestrzenne. Wystawa prac XXVII i XXVIII Mi\u0119dzynarodowego Pleneru Malarskiego IMPRESJE MIKO\u0141OWSKIE 2017\/2018\u201d. Niestety nie b\u0119d\u0119 m\u00f3g\u0142 wzi\u0105\u0107 udzia\u0142u w tym artystycznym wydarzeniu, chcia\u0142bym wi\u0119c t\u0105 drog\u0105 przekaza\u0107 organizatorom podzi\u0119kowania za&nbsp;wspania\u0142\u0105 inicjatyw\u0119, a tak\u017ce trud w\u0142o\u017cony w [&hellip;]\" \/>\n<meta property=\"og:url\" content=\"https:\/\/marekkuchcinski.pl\/en\/bez-kategorii\/lms\/wernisaz-sztuka-wspolczesna-malarstwo-grafika-formy-przestrzenne-wystawa-prac-xxvii-i-xxviii-miedzynarodowego-pleneru-malarskiego-impresje-mikolowskie-2017-2018\/\" \/>\n<meta property=\"og:site_name\" content=\"Marek Kuchci\u0144ski\" \/>\n<meta property=\"article:published_time\" content=\"2019-04-07T18:07:32+00:00\" \/>\n<meta property=\"article:modified_time\" content=\"2019-04-07T18:07:33+00:00\" \/>\n<meta property=\"og:image\" content=\"https:\/\/marekkuchcinski.pl\/wp-content\/uploads\/2022\/09\/Marek.jpg\" \/>\n\t<meta property=\"og:image:width\" content=\"1600\" \/>\n\t<meta property=\"og:image:height\" content=\"971\" \/>\n\t<meta property=\"og:image:type\" content=\"image\/jpeg\" \/>\n<meta name=\"author\" content=\"admin\" \/>\n<meta name=\"twitter:card\" content=\"summary_large_image\" \/>\n<meta name=\"twitter:label1\" content=\"Written by\" \/>\n\t<meta name=\"twitter:data1\" content=\"admin\" \/>\n\t<meta name=\"twitter:label2\" content=\"Estimated reading time\" \/>\n\t<meta name=\"twitter:data2\" content=\"1 minute\" \/>\n<script type=\"application\/ld+json\" class=\"yoast-schema-graph\">{\"@context\":\"https:\/\/schema.org\",\"@graph\":[{\"@type\":\"Article\",\"@id\":\"https:\/\/marekkuchcinski.pl\/uk\/bez-kategorii\/lms\/wernisaz-sztuka-wspolczesna-malarstwo-grafika-formy-przestrzenne-wystawa-prac-xxvii-i-xxviii-miedzynarodowego-pleneru-malarskiego-impresje-mikolowskie-2017-2018\/#article\",\"isPartOf\":{\"@id\":\"https:\/\/marekkuchcinski.pl\/uk\/bez-kategorii\/lms\/wernisaz-sztuka-wspolczesna-malarstwo-grafika-formy-przestrzenne-wystawa-prac-xxvii-i-xxviii-miedzynarodowego-pleneru-malarskiego-impresje-mikolowskie-2017-2018\/\"},\"author\":{\"name\":\"admin\",\"@id\":\"https:\/\/marekkuchcinski.pl\/#\/schema\/person\/6f62700996b4d950b6ea2d1183b6c6be\"},\"headline\":\"Wernisa\u017c \u201eSztuka wsp\u00f3\u0142czesna: malarstwo\/grafika\/formy przestrzenne. Wystawa prac XXVII i XXVIII Mi\u0119dzynarodowego Pleneru Malarskiego IMPRESJE MIKO\u0141OWSKIE 2017\/2018\u201d\",\"datePublished\":\"2019-04-07T18:07:32+00:00\",\"dateModified\":\"2019-04-07T18:07:33+00:00\",\"mainEntityOfPage\":{\"@id\":\"https:\/\/marekkuchcinski.pl\/uk\/bez-kategorii\/lms\/wernisaz-sztuka-wspolczesna-malarstwo-grafika-formy-przestrzenne-wystawa-prac-xxvii-i-xxviii-miedzynarodowego-pleneru-malarskiego-impresje-mikolowskie-2017-2018\/\"},\"wordCount\":235,\"commentCount\":0,\"publisher\":{\"@id\":\"https:\/\/marekkuchcinski.pl\/#organization\"},\"articleSection\":[\"Listy Marsza\u0142ka Sejmu\"],\"inLanguage\":\"en-GB\",\"potentialAction\":[{\"@type\":\"CommentAction\",\"name\":\"Comment\",\"target\":[\"https:\/\/marekkuchcinski.pl\/uk\/bez-kategorii\/lms\/wernisaz-sztuka-wspolczesna-malarstwo-grafika-formy-przestrzenne-wystawa-prac-xxvii-i-xxviii-miedzynarodowego-pleneru-malarskiego-impresje-mikolowskie-2017-2018\/#respond\"]}]},{\"@type\":\"WebPage\",\"@id\":\"https:\/\/marekkuchcinski.pl\/uk\/bez-kategorii\/lms\/wernisaz-sztuka-wspolczesna-malarstwo-grafika-formy-przestrzenne-wystawa-prac-xxvii-i-xxviii-miedzynarodowego-pleneru-malarskiego-impresje-mikolowskie-2017-2018\/\",\"url\":\"https:\/\/marekkuchcinski.pl\/uk\/bez-kategorii\/lms\/wernisaz-sztuka-wspolczesna-malarstwo-grafika-formy-przestrzenne-wystawa-prac-xxvii-i-xxviii-miedzynarodowego-pleneru-malarskiego-impresje-mikolowskie-2017-2018\/\",\"name\":\"Wernisa\u017c \u201eSztuka wsp\u00f3\u0142czesna: malarstwo\/grafika\/formy przestrzenne. Wystawa prac XXVII i XXVIII Mi\u0119dzynarodowego Pleneru Malarskiego IMPRESJE MIKO\u0141OWSKIE 2017\/2018\u201d &#8211; Marek Kuchci\u0144ski\",\"isPartOf\":{\"@id\":\"https:\/\/marekkuchcinski.pl\/#website\"},\"datePublished\":\"2019-04-07T18:07:32+00:00\",\"dateModified\":\"2019-04-07T18:07:33+00:00\",\"breadcrumb\":{\"@id\":\"https:\/\/marekkuchcinski.pl\/uk\/bez-kategorii\/lms\/wernisaz-sztuka-wspolczesna-malarstwo-grafika-formy-przestrzenne-wystawa-prac-xxvii-i-xxviii-miedzynarodowego-pleneru-malarskiego-impresje-mikolowskie-2017-2018\/#breadcrumb\"},\"inLanguage\":\"en-GB\",\"potentialAction\":[{\"@type\":\"ReadAction\",\"target\":[\"https:\/\/marekkuchcinski.pl\/uk\/bez-kategorii\/lms\/wernisaz-sztuka-wspolczesna-malarstwo-grafika-formy-przestrzenne-wystawa-prac-xxvii-i-xxviii-miedzynarodowego-pleneru-malarskiego-impresje-mikolowskie-2017-2018\/\"]}]},{\"@type\":\"BreadcrumbList\",\"@id\":\"https:\/\/marekkuchcinski.pl\/uk\/bez-kategorii\/lms\/wernisaz-sztuka-wspolczesna-malarstwo-grafika-formy-przestrzenne-wystawa-prac-xxvii-i-xxviii-miedzynarodowego-pleneru-malarskiego-impresje-mikolowskie-2017-2018\/#breadcrumb\",\"itemListElement\":[{\"@type\":\"ListItem\",\"position\":1,\"name\":\"Strona g\u0142\u00f3wna\",\"item\":\"https:\/\/marekkuchcinski.pl\/\"},{\"@type\":\"ListItem\",\"position\":2,\"name\":\"Wernisa\u017c \u201eSztuka wsp\u00f3\u0142czesna: malarstwo\/grafika\/formy przestrzenne. Wystawa prac XXVII i XXVIII Mi\u0119dzynarodowego Pleneru Malarskiego IMPRESJE MIKO\u0141OWSKIE 2017\/2018\u201d\"}]},{\"@type\":\"WebSite\",\"@id\":\"https:\/\/marekkuchcinski.pl\/#website\",\"url\":\"https:\/\/marekkuchcinski.pl\/\",\"name\":\"Marek Kuchci\u0144ski\",\"description\":\"Pose\u0142 na sejm RP &ndash; okr\u0119g nr 22\",\"publisher\":{\"@id\":\"https:\/\/marekkuchcinski.pl\/#organization\"},\"potentialAction\":[{\"@type\":\"SearchAction\",\"target\":{\"@type\":\"EntryPoint\",\"urlTemplate\":\"https:\/\/marekkuchcinski.pl\/?s={search_term_string}\"},\"query-input\":{\"@type\":\"PropertyValueSpecification\",\"valueRequired\":true,\"valueName\":\"search_term_string\"}}],\"inLanguage\":\"en-GB\"},{\"@type\":\"Organization\",\"@id\":\"https:\/\/marekkuchcinski.pl\/#organization\",\"name\":\"Marek Kuchci\u0144ski\",\"url\":\"https:\/\/marekkuchcinski.pl\/\",\"logo\":{\"@type\":\"ImageObject\",\"inLanguage\":\"en-GB\",\"@id\":\"https:\/\/marekkuchcinski.pl\/#\/schema\/logo\/image\/\",\"url\":\"https:\/\/marekkuchcinski.pl\/wp-content\/uploads\/2022\/09\/Marek.jpg\",\"contentUrl\":\"https:\/\/marekkuchcinski.pl\/wp-content\/uploads\/2022\/09\/Marek.jpg\",\"width\":1600,\"height\":971,\"caption\":\"Marek Kuchci\u0144ski\"},\"image\":{\"@id\":\"https:\/\/marekkuchcinski.pl\/#\/schema\/logo\/image\/\"}},{\"@type\":\"Person\",\"@id\":\"https:\/\/marekkuchcinski.pl\/#\/schema\/person\/6f62700996b4d950b6ea2d1183b6c6be\",\"name\":\"admin\",\"image\":{\"@type\":\"ImageObject\",\"inLanguage\":\"en-GB\",\"@id\":\"https:\/\/marekkuchcinski.pl\/#\/schema\/person\/image\/\",\"url\":\"https:\/\/secure.gravatar.com\/avatar\/4bab693b9d55c3d6b52c0296a8765085?s=96&d=mm&r=g\",\"contentUrl\":\"https:\/\/secure.gravatar.com\/avatar\/4bab693b9d55c3d6b52c0296a8765085?s=96&d=mm&r=g\",\"caption\":\"admin\"},\"url\":\"https:\/\/marekkuchcinski.pl\/en\/author\/marta-olejnik\/\"}]}<\/script>\n<!-- \/ Yoast SEO plugin. -->","yoast_head_json":{"title":"Wernisa\u017c \u201eSztuka wsp\u00f3\u0142czesna: malarstwo\/grafika\/formy przestrzenne. Wystawa prac XXVII i XXVIII Mi\u0119dzynarodowego Pleneru Malarskiego IMPRESJE MIKO\u0141OWSKIE 2017\/2018\u201d &#8211; Marek Kuchci\u0144ski","robots":{"index":"index","follow":"follow","max-snippet":"max-snippet:-1","max-image-preview":"max-image-preview:large","max-video-preview":"max-video-preview:-1"},"canonical":"https:\/\/marekkuchcinski.pl\/en\/bez-kategorii\/lms\/wernisaz-sztuka-wspolczesna-malarstwo-grafika-formy-przestrzenne-wystawa-prac-xxvii-i-xxviii-miedzynarodowego-pleneru-malarskiego-impresje-mikolowskie-2017-2018\/","og_locale":"en_GB","og_type":"article","og_title":"Wernisa\u017c \u201eSztuka wsp\u00f3\u0142czesna: malarstwo\/grafika\/formy przestrzenne. Wystawa prac XXVII i XXVIII Mi\u0119dzynarodowego Pleneru Malarskiego IMPRESJE MIKO\u0141OWSKIE 2017\/2018\u201d &#8211; Marek Kuchci\u0144ski","og_description":"Pan Narcyz Pi\u00f3recki Dyrektor Arboretum w Bolestraszycach Szanowny Panie Dyrektorze, uprzejmie dzi\u0119kuj\u0119 za zaproszenie na wernisa\u017c \u201eSztuka wsp\u00f3\u0142czesna: malarstwo\/grafika\/formy przestrzenne. Wystawa prac XXVII i XXVIII Mi\u0119dzynarodowego Pleneru Malarskiego IMPRESJE MIKO\u0141OWSKIE 2017\/2018\u201d. Niestety nie b\u0119d\u0119 m\u00f3g\u0142 wzi\u0105\u0107 udzia\u0142u w tym artystycznym wydarzeniu, chcia\u0142bym wi\u0119c t\u0105 drog\u0105 przekaza\u0107 organizatorom podzi\u0119kowania za&nbsp;wspania\u0142\u0105 inicjatyw\u0119, a tak\u017ce trud w\u0142o\u017cony w [&hellip;]","og_url":"https:\/\/marekkuchcinski.pl\/en\/bez-kategorii\/lms\/wernisaz-sztuka-wspolczesna-malarstwo-grafika-formy-przestrzenne-wystawa-prac-xxvii-i-xxviii-miedzynarodowego-pleneru-malarskiego-impresje-mikolowskie-2017-2018\/","og_site_name":"Marek Kuchci\u0144ski","article_published_time":"2019-04-07T18:07:32+00:00","article_modified_time":"2019-04-07T18:07:33+00:00","og_image":[{"width":1600,"height":971,"url":"https:\/\/marekkuchcinski.pl\/wp-content\/uploads\/2022\/09\/Marek.jpg","type":"image\/jpeg"}],"author":"admin","twitter_card":"summary_large_image","twitter_misc":{"Written by":"admin","Estimated reading time":"1 minute"},"schema":{"@context":"https:\/\/schema.org","@graph":[{"@type":"Article","@id":"https:\/\/marekkuchcinski.pl\/uk\/bez-kategorii\/lms\/wernisaz-sztuka-wspolczesna-malarstwo-grafika-formy-przestrzenne-wystawa-prac-xxvii-i-xxviii-miedzynarodowego-pleneru-malarskiego-impresje-mikolowskie-2017-2018\/#article","isPartOf":{"@id":"https:\/\/marekkuchcinski.pl\/uk\/bez-kategorii\/lms\/wernisaz-sztuka-wspolczesna-malarstwo-grafika-formy-przestrzenne-wystawa-prac-xxvii-i-xxviii-miedzynarodowego-pleneru-malarskiego-impresje-mikolowskie-2017-2018\/"},"author":{"name":"admin","@id":"https:\/\/marekkuchcinski.pl\/#\/schema\/person\/6f62700996b4d950b6ea2d1183b6c6be"},"headline":"Wernisa\u017c \u201eSztuka wsp\u00f3\u0142czesna: malarstwo\/grafika\/formy przestrzenne. Wystawa prac XXVII i XXVIII Mi\u0119dzynarodowego Pleneru Malarskiego IMPRESJE MIKO\u0141OWSKIE 2017\/2018\u201d","datePublished":"2019-04-07T18:07:32+00:00","dateModified":"2019-04-07T18:07:33+00:00","mainEntityOfPage":{"@id":"https:\/\/marekkuchcinski.pl\/uk\/bez-kategorii\/lms\/wernisaz-sztuka-wspolczesna-malarstwo-grafika-formy-przestrzenne-wystawa-prac-xxvii-i-xxviii-miedzynarodowego-pleneru-malarskiego-impresje-mikolowskie-2017-2018\/"},"wordCount":235,"commentCount":0,"publisher":{"@id":"https:\/\/marekkuchcinski.pl\/#organization"},"articleSection":["Listy Marsza\u0142ka Sejmu"],"inLanguage":"en-GB","potentialAction":[{"@type":"CommentAction","name":"Comment","target":["https:\/\/marekkuchcinski.pl\/uk\/bez-kategorii\/lms\/wernisaz-sztuka-wspolczesna-malarstwo-grafika-formy-przestrzenne-wystawa-prac-xxvii-i-xxviii-miedzynarodowego-pleneru-malarskiego-impresje-mikolowskie-2017-2018\/#respond"]}]},{"@type":"WebPage","@id":"https:\/\/marekkuchcinski.pl\/uk\/bez-kategorii\/lms\/wernisaz-sztuka-wspolczesna-malarstwo-grafika-formy-przestrzenne-wystawa-prac-xxvii-i-xxviii-miedzynarodowego-pleneru-malarskiego-impresje-mikolowskie-2017-2018\/","url":"https:\/\/marekkuchcinski.pl\/uk\/bez-kategorii\/lms\/wernisaz-sztuka-wspolczesna-malarstwo-grafika-formy-przestrzenne-wystawa-prac-xxvii-i-xxviii-miedzynarodowego-pleneru-malarskiego-impresje-mikolowskie-2017-2018\/","name":"Wernisa\u017c \u201eSztuka wsp\u00f3\u0142czesna: malarstwo\/grafika\/formy przestrzenne. Wystawa prac XXVII i XXVIII Mi\u0119dzynarodowego Pleneru Malarskiego IMPRESJE MIKO\u0141OWSKIE 2017\/2018\u201d &#8211; Marek Kuchci\u0144ski","isPartOf":{"@id":"https:\/\/marekkuchcinski.pl\/#website"},"datePublished":"2019-04-07T18:07:32+00:00","dateModified":"2019-04-07T18:07:33+00:00","breadcrumb":{"@id":"https:\/\/marekkuchcinski.pl\/uk\/bez-kategorii\/lms\/wernisaz-sztuka-wspolczesna-malarstwo-grafika-formy-przestrzenne-wystawa-prac-xxvii-i-xxviii-miedzynarodowego-pleneru-malarskiego-impresje-mikolowskie-2017-2018\/#breadcrumb"},"inLanguage":"en-GB","potentialAction":[{"@type":"ReadAction","target":["https:\/\/marekkuchcinski.pl\/uk\/bez-kategorii\/lms\/wernisaz-sztuka-wspolczesna-malarstwo-grafika-formy-przestrzenne-wystawa-prac-xxvii-i-xxviii-miedzynarodowego-pleneru-malarskiego-impresje-mikolowskie-2017-2018\/"]}]},{"@type":"BreadcrumbList","@id":"https:\/\/marekkuchcinski.pl\/uk\/bez-kategorii\/lms\/wernisaz-sztuka-wspolczesna-malarstwo-grafika-formy-przestrzenne-wystawa-prac-xxvii-i-xxviii-miedzynarodowego-pleneru-malarskiego-impresje-mikolowskie-2017-2018\/#breadcrumb","itemListElement":[{"@type":"ListItem","position":1,"name":"Strona g\u0142\u00f3wna","item":"https:\/\/marekkuchcinski.pl\/"},{"@type":"ListItem","position":2,"name":"Wernisa\u017c \u201eSztuka wsp\u00f3\u0142czesna: malarstwo\/grafika\/formy przestrzenne. Wystawa prac XXVII i XXVIII Mi\u0119dzynarodowego Pleneru Malarskiego IMPRESJE MIKO\u0141OWSKIE 2017\/2018\u201d"}]},{"@type":"WebSite","@id":"https:\/\/marekkuchcinski.pl\/#website","url":"https:\/\/marekkuchcinski.pl\/","name":"Marek Kuchci\u0144ski","description":"Pose\u0142 na sejm RP &ndash; okr\u0119g nr 22","publisher":{"@id":"https:\/\/marekkuchcinski.pl\/#organization"},"potentialAction":[{"@type":"SearchAction","target":{"@type":"EntryPoint","urlTemplate":"https:\/\/marekkuchcinski.pl\/?s={search_term_string}"},"query-input":{"@type":"PropertyValueSpecification","valueRequired":true,"valueName":"search_term_string"}}],"inLanguage":"en-GB"},{"@type":"Organization","@id":"https:\/\/marekkuchcinski.pl\/#organization","name":"Marek Kuchci\u0144ski","url":"https:\/\/marekkuchcinski.pl\/","logo":{"@type":"ImageObject","inLanguage":"en-GB","@id":"https:\/\/marekkuchcinski.pl\/#\/schema\/logo\/image\/","url":"https:\/\/marekkuchcinski.pl\/wp-content\/uploads\/2022\/09\/Marek.jpg","contentUrl":"https:\/\/marekkuchcinski.pl\/wp-content\/uploads\/2022\/09\/Marek.jpg","width":1600,"height":971,"caption":"Marek Kuchci\u0144ski"},"image":{"@id":"https:\/\/marekkuchcinski.pl\/#\/schema\/logo\/image\/"}},{"@type":"Person","@id":"https:\/\/marekkuchcinski.pl\/#\/schema\/person\/6f62700996b4d950b6ea2d1183b6c6be","name":"admin","image":{"@type":"ImageObject","inLanguage":"en-GB","@id":"https:\/\/marekkuchcinski.pl\/#\/schema\/person\/image\/","url":"https:\/\/secure.gravatar.com\/avatar\/4bab693b9d55c3d6b52c0296a8765085?s=96&d=mm&r=g","contentUrl":"https:\/\/secure.gravatar.com\/avatar\/4bab693b9d55c3d6b52c0296a8765085?s=96&d=mm&r=g","caption":"admin"},"url":"https:\/\/marekkuchcinski.pl\/en\/author\/marta-olejnik\/"}]}},"_links":{"self":[{"href":"https:\/\/marekkuchcinski.pl\/en\/wp-json\/wp\/v2\/posts\/14582","targetHints":{"allow":["GET"]}}],"collection":[{"href":"https:\/\/marekkuchcinski.pl\/en\/wp-json\/wp\/v2\/posts"}],"about":[{"href":"https:\/\/marekkuchcinski.pl\/en\/wp-json\/wp\/v2\/types\/post"}],"author":[{"embeddable":true,"href":"https:\/\/marekkuchcinski.pl\/en\/wp-json\/wp\/v2\/users\/6"}],"replies":[{"embeddable":true,"href":"https:\/\/marekkuchcinski.pl\/en\/wp-json\/wp\/v2\/comments?post=14582"}],"version-history":[{"count":1,"href":"https:\/\/marekkuchcinski.pl\/en\/wp-json\/wp\/v2\/posts\/14582\/revisions"}],"predecessor-version":[{"id":14594,"href":"https:\/\/marekkuchcinski.pl\/en\/wp-json\/wp\/v2\/posts\/14582\/revisions\/14594"}],"wp:attachment":[{"href":"https:\/\/marekkuchcinski.pl\/en\/wp-json\/wp\/v2\/media?parent=14582"}],"wp:term":[{"taxonomy":"category","embeddable":true,"href":"https:\/\/marekkuchcinski.pl\/en\/wp-json\/wp\/v2\/categories?post=14582"},{"taxonomy":"post_tag","embeddable":true,"href":"https:\/\/marekkuchcinski.pl\/en\/wp-json\/wp\/v2\/tags?post=14582"}],"curies":[{"name":"wp","href":"https:\/\/api.w.org\/{rel}","templated":true}]}}