{"id":14517,"date":"2019-04-04T21:16:09","date_gmt":"2019-04-04T19:16:09","guid":{"rendered":"https:\/\/marekkuchcinski.pl\/?p=14517"},"modified":"2019-04-10T13:00:26","modified_gmt":"2019-04-10T11:00:26","slug":"sejm-uchwalil-trzynasta-emeryture-marszalek-kuchcinski-dotrzymujemy-slowa-wychodzimy-naprzeciw-wieloletnim-zaniedbaniom-wobec-osob-starszych","status":"publish","type":"post","link":"https:\/\/marekkuchcinski.pl\/en\/wydarzenia\/sejm-uchwalil-trzynasta-emeryture-marszalek-kuchcinski-dotrzymujemy-slowa-wychodzimy-naprzeciw-wieloletnim-zaniedbaniom-wobec-osob-starszych\/","title":{"rendered":"The Sejm passed the \"thirteenth pension\". Speaker Kuchci\u0144ski: We keep our word. We are addressing the long-standing neglect of the elderly"},"content":{"rendered":"<p><strong>At its 79th session, the Sejm passed the \"Emerytura plus\" bill. The benefit addressed to pensioners and disability pensioners consists in a single payment of the thirteenth pension in the amount of 1100 PLN gross (888.25 PLN net).&nbsp;<\/strong><\/p>\n\n\n\n<p>In the explanatory memorandum to the law, the Ministry of the Family explains that the purpose of the one-off cash benefit, in addition to helping pensioners, is specifically to reduce wealth disparities in society. Although many changes have been made in recent years to protect the level of pension benefits, this assistance is still considered insufficient. The 13th pension will go to more than 9.8 million seniors, including nearly 7 million pensioners and more than 2.5 million disability pensioners. <\/p>\n\n\n\n<p>A few dozen minutes after the bill was passed by the Parliament, the Speaker of the Sejm, accompanied by the Speaker of the Senate and the Prime Minister met with the seniors from Jasieniec. Marek Kuchci\u0144ski said that PiS keeps its word, thinks about the present as well as the future generations.  <\/p>\n\n\n\n<p>- Thirteen is a tribute to our fathers, grandfathers, the generations that raised us for today's functions and responsibilities. We are looking for a recipe to support those who need it most. Lech Kaczynski said many years ago that he envisions solidarity as the ability to share. Until now, elderly people living in different parts of Poland had no support. Law and Justice Law is addressing this long-standing backlog - Kuchci\u0144ski emphasized. <br><\/p>\n\n\n\n<p>The elderly are a group in particular need of state assistance. The Ministry of Family Affairs, taking into account demographic changes in Polish society, has been consistently implementing senior citizen policy, introducing programs to support and develop seniors, such as:<\/p>\n\n\n\n<p class=\"has-text-color has-vivid-red-color\"><strong>Restore\nRetirement age: 60 years for women, 65 for men<\/strong><\/p>\n\n\n\n<p>The law only specifies the minimum age at which you can exercise\nthe right to an old-age pension. It enables each insured person to make\ndecide on their own when they stop working <\/p>\n\n\n\n<p class=\"has-text-color has-vivid-red-color\"><strong>The \"Medicines 75 Plus\" project, i.e. free medicines for seniors\nover 75 years of age<\/strong><\/p>\n\n\n\n<ul class=\"wp-block-list\"><li><strong>2.2 million&nbsp;<\/strong>seniors have already benefited\nof free drugs<\/li><li><strong>564 million\nPLN<\/strong>&nbsp;for the implementation of\nproject in 2017<\/li><li><strong>40 million&nbsp;<\/strong>packages of free medicines dispensed\nfor seniors<\/li><li><strong>15<\/strong>&nbsp;<strong>million<\/strong>&nbsp;completed\nprescriptions with an eligibility code \"S\"<\/li><li><strong>1530 items<\/strong>&nbsp;on the list of drugs\n75 plus<\/li><\/ul>\n\n\n\n<p class=\"has-text-color has-vivid-red-color\"><strong>Multiannual Programme\n\"Senior Plus\" for the years 2015 - 2020<\/strong><\/p>\n\n\n\n<p>The program is addressed to local government units\nlocal government units. Its objective is to increase active participation\nsocial life of seniors through development of a network of \"Senior+\" Day Care Centers and \"Senior+\" Clubs.\n\"Senior+\"<strong><\/strong><\/p>\n\n\n\n<p class=\"has-text-color has-vivid-red-color\"><strong>\"Accessibility Plus\" Program <\/strong><\/p>\n\n\n\n<p><strong>23 billion<\/strong> PLN was earmarked for, among other things\nremoval of architectural barriers. The aim of the project is to improve living conditions\nliving conditions of elderly, frail and disabled persons<\/p>\n\n\n\n<p class=\"has-text-color has-vivid-red-color\"><strong>Pension valorization <\/strong><\/p>\n\n\n\n<p>The lowest benefits will be raised to\nto PLN 1100 (from PLN 1029.80) and PLN 825 (in the case of the lowest partial disability benefit), respectively.\npartial inability to work)<\/p>\n\n\n\n<p>Old-age and disability pensions paid out by the Social Insurance Institution (ZUS) will increase by the index of valorization - 2.86%, but not less than PLN 70. <\/p>\n\n\n\n<p class=\"has-text-color has-vivid-red-color\"><strong>Reinstatement of PKS<\/strong><\/p>\n\n\n\n<p>The law restoring the bus service will come into force at the turn of\nApril\/May this year. Local governments will have to actively participate in its implementation\nlocal governments.<\/p>\n\n\n\n<p>The fight against transport exclusion will be carried out in two ways:\nThrough the Road Fund and the restoration of transport links where they\neliminated due to lack of profitability.<em><strong><\/strong><\/em><\/p>\n\n\n\n<p class=\"has-text-color has-vivid-red-color\"><strong>\"Social Policy for the Elderly 2030\". <\/strong><\/p>\n\n\n\n<p><strong>Adopted by the Council of Ministers on 26\nOctober 2018, <\/strong><strong>document\npredicts:<\/strong><\/p>\n\n\n\n<ul class=\"wp-block-list\"><li>Shaping a positive perception of old age in society.<\/li><li>Participate in community life and support all forms of civic, social, cultural, artistic, sporting and religious activities.<\/li><li>Creating conditions that make it possible to use the potential of older people as active participants in economic life and the labor market, adapted to their psychophysical capabilities and family situation.<\/li><li>Health promotion, disease prevention, access to diagnosis, treatment and rehabilitation.<\/li><li>Increasing physical safety - addressing elder abuse and neglect.<\/li><li>Creating conditions for intergenerational solidarity and integration.<\/li><li>Actions for education for old age (care and medical personnel), to old age (whole society), through old age (from the youngest generation) and education in old age (elderly people).&nbsp;<\/li><li>Reduce the extent of dependence on others by facilitating access to services that enhance independence and adapting the residential environment to the functional capabilities of dependent older adults.<\/li><li>Ensure optimal access to health, rehabilitation, and care services tailored to the needs of dependent older adults.<\/li><li>A network of community and institutional services provided to dependent older adults.<\/li><li>The system of support of informal caregivers of dependent elderly people by public institutions.&nbsp;<\/li><\/ul>\n\n\n\n<p><em>text\/ photo Marta Olejnik<\/em><\/p>\n\n\n\n<figure class=\"wp-block-image\"><img fetchpriority=\"high\" decoding=\"async\" width=\"1024\" height=\"683\" src=\"https:\/\/marekkuchcinski.pl\/wp-content\/uploads\/2019\/04\/IMG_2015-1024x683.jpeg\" alt=\"\" class=\"wp-image-14521\" srcset=\"https:\/\/marekkuchcinski.pl\/wp-content\/uploads\/2019\/04\/IMG_2015-1024x683.jpeg 1024w, https:\/\/marekkuchcinski.pl\/wp-content\/uploads\/2019\/04\/IMG_2015-300x200.jpeg 300w, https:\/\/marekkuchcinski.pl\/wp-content\/uploads\/2019\/04\/IMG_2015-768x512.jpeg 768w, https:\/\/marekkuchcinski.pl\/wp-content\/uploads\/2019\/04\/IMG_2015.jpeg 2048w\" sizes=\"(max-width: 1024px) 100vw, 1024px\" \/><\/figure>\n\n\n\n<figure class=\"wp-block-image\"><img decoding=\"async\" width=\"1024\" height=\"722\" src=\"https:\/\/marekkuchcinski.pl\/wp-content\/uploads\/2019\/04\/IMG_2032-1024x722.jpeg\" alt=\"\" class=\"wp-image-14523\" srcset=\"https:\/\/marekkuchcinski.pl\/wp-content\/uploads\/2019\/04\/IMG_2032-1024x722.jpeg 1024w, https:\/\/marekkuchcinski.pl\/wp-content\/uploads\/2019\/04\/IMG_2032-300x211.jpeg 300w, https:\/\/marekkuchcinski.pl\/wp-content\/uploads\/2019\/04\/IMG_2032-768x541.jpeg 768w, https:\/\/marekkuchcinski.pl\/wp-content\/uploads\/2019\/04\/IMG_2032.jpeg 2048w\" sizes=\"(max-width: 1024px) 100vw, 1024px\" \/><\/figure>\n\n\n\n<figure class=\"wp-block-image\"><img decoding=\"async\" width=\"1024\" height=\"721\" src=\"https:\/\/marekkuchcinski.pl\/wp-content\/uploads\/2019\/04\/IMG_2072-1024x721.jpg\" alt=\"\" class=\"wp-image-14525\" srcset=\"https:\/\/marekkuchcinski.pl\/wp-content\/uploads\/2019\/04\/IMG_2072-1024x721.jpg 1024w, https:\/\/marekkuchcinski.pl\/wp-content\/uploads\/2019\/04\/IMG_2072-300x211.jpg 300w, https:\/\/marekkuchcinski.pl\/wp-content\/uploads\/2019\/04\/IMG_2072-768x541.jpg 768w, https:\/\/marekkuchcinski.pl\/wp-content\/uploads\/2019\/04\/IMG_2072.jpg 2048w\" sizes=\"(max-width: 1024px) 100vw, 1024px\" \/><\/figure>\n\n\n\n<figure class=\"wp-block-image\"><img loading=\"lazy\" decoding=\"async\" width=\"1024\" height=\"732\" src=\"https:\/\/marekkuchcinski.pl\/wp-content\/uploads\/2019\/04\/IMG_2191-1024x732.jpg\" alt=\"\" class=\"wp-image-14527\" srcset=\"https:\/\/marekkuchcinski.pl\/wp-content\/uploads\/2019\/04\/IMG_2191-1024x732.jpg 1024w, https:\/\/marekkuchcinski.pl\/wp-content\/uploads\/2019\/04\/IMG_2191-300x214.jpg 300w, https:\/\/marekkuchcinski.pl\/wp-content\/uploads\/2019\/04\/IMG_2191-768x549.jpg 768w, https:\/\/marekkuchcinski.pl\/wp-content\/uploads\/2019\/04\/IMG_2191.jpg 2048w\" sizes=\"(max-width: 1024px) 100vw, 1024px\" \/><\/figure>\n\n\n\n<figure class=\"wp-block-image\"><img loading=\"lazy\" decoding=\"async\" width=\"982\" height=\"1024\" src=\"https:\/\/marekkuchcinski.pl\/wp-content\/uploads\/2019\/04\/IMG_2263-982x1024.jpg\" alt=\"\" class=\"wp-image-14533\" srcset=\"https:\/\/marekkuchcinski.pl\/wp-content\/uploads\/2019\/04\/IMG_2263-982x1024.jpg 982w, https:\/\/marekkuchcinski.pl\/wp-content\/uploads\/2019\/04\/IMG_2263-288x300.jpg 288w, https:\/\/marekkuchcinski.pl\/wp-content\/uploads\/2019\/04\/IMG_2263-768x801.jpg 768w, https:\/\/marekkuchcinski.pl\/wp-content\/uploads\/2019\/04\/IMG_2263.jpg 1964w\" sizes=\"(max-width: 982px) 100vw, 982px\" \/><\/figure>\n\n\n\n<figure class=\"wp-block-image\"><img loading=\"lazy\" decoding=\"async\" width=\"970\" height=\"1024\" src=\"https:\/\/marekkuchcinski.pl\/wp-content\/uploads\/2019\/04\/IMG_2266-970x1024.jpg\" alt=\"\" class=\"wp-image-14534\" srcset=\"https:\/\/marekkuchcinski.pl\/wp-content\/uploads\/2019\/04\/IMG_2266-970x1024.jpg 970w, https:\/\/marekkuchcinski.pl\/wp-content\/uploads\/2019\/04\/IMG_2266-284x300.jpg 284w, https:\/\/marekkuchcinski.pl\/wp-content\/uploads\/2019\/04\/IMG_2266-768x811.jpg 768w, https:\/\/marekkuchcinski.pl\/wp-content\/uploads\/2019\/04\/IMG_2266.jpg 1940w\" sizes=\"(max-width: 970px) 100vw, 970px\" \/><\/figure>\n\n\n\n<figure class=\"wp-block-image\"><img loading=\"lazy\" decoding=\"async\" width=\"1024\" height=\"678\" src=\"https:\/\/marekkuchcinski.pl\/wp-content\/uploads\/2019\/04\/IMG_2289-1024x678.jpg\" alt=\"\" class=\"wp-image-14535\" srcset=\"https:\/\/marekkuchcinski.pl\/wp-content\/uploads\/2019\/04\/IMG_2289-1024x678.jpg 1024w, https:\/\/marekkuchcinski.pl\/wp-content\/uploads\/2019\/04\/IMG_2289-300x199.jpg 300w, https:\/\/marekkuchcinski.pl\/wp-content\/uploads\/2019\/04\/IMG_2289-768x509.jpg 768w, https:\/\/marekkuchcinski.pl\/wp-content\/uploads\/2019\/04\/IMG_2289.jpg 2048w\" sizes=\"(max-width: 1024px) 100vw, 1024px\" \/><\/figure>\n\n\n\n<figure class=\"wp-block-image\"><img loading=\"lazy\" decoding=\"async\" width=\"1024\" height=\"710\" src=\"https:\/\/marekkuchcinski.pl\/wp-content\/uploads\/2019\/04\/IMG_2258-1024x710.jpg\" alt=\"\" class=\"wp-image-14530\" srcset=\"https:\/\/marekkuchcinski.pl\/wp-content\/uploads\/2019\/04\/IMG_2258-1024x710.jpg 1024w, https:\/\/marekkuchcinski.pl\/wp-content\/uploads\/2019\/04\/IMG_2258-300x208.jpg 300w, https:\/\/marekkuchcinski.pl\/wp-content\/uploads\/2019\/04\/IMG_2258-768x532.jpg 768w, https:\/\/marekkuchcinski.pl\/wp-content\/uploads\/2019\/04\/IMG_2258.jpg 2048w\" sizes=\"(max-width: 1024px) 100vw, 1024px\" \/><\/figure>\n\n\n\n<figure class=\"wp-block-image\"><img loading=\"lazy\" decoding=\"async\" width=\"1024\" height=\"658\" src=\"https:\/\/marekkuchcinski.pl\/wp-content\/uploads\/2019\/04\/IMG_2383-1024x658.jpg\" alt=\"\" class=\"wp-image-14548\" srcset=\"https:\/\/marekkuchcinski.pl\/wp-content\/uploads\/2019\/04\/IMG_2383-1024x658.jpg 1024w, https:\/\/marekkuchcinski.pl\/wp-content\/uploads\/2019\/04\/IMG_2383-300x193.jpg 300w, https:\/\/marekkuchcinski.pl\/wp-content\/uploads\/2019\/04\/IMG_2383-768x494.jpg 768w, https:\/\/marekkuchcinski.pl\/wp-content\/uploads\/2019\/04\/IMG_2383.jpg 2048w\" sizes=\"(max-width: 1024px) 100vw, 1024px\" \/><\/figure>\n\n\n\n<figure class=\"wp-block-image\"><img loading=\"lazy\" decoding=\"async\" width=\"1024\" height=\"673\" src=\"https:\/\/marekkuchcinski.pl\/wp-content\/uploads\/2019\/04\/IMG_2385-1024x673.jpg\" alt=\"\" class=\"wp-image-14549\" srcset=\"https:\/\/marekkuchcinski.pl\/wp-content\/uploads\/2019\/04\/IMG_2385-1024x673.jpg 1024w, https:\/\/marekkuchcinski.pl\/wp-content\/uploads\/2019\/04\/IMG_2385-300x197.jpg 300w, https:\/\/marekkuchcinski.pl\/wp-content\/uploads\/2019\/04\/IMG_2385-768x505.jpg 768w, https:\/\/marekkuchcinski.pl\/wp-content\/uploads\/2019\/04\/IMG_2385.jpg 2048w\" sizes=\"(max-width: 1024px) 100vw, 1024px\" \/><\/figure>\n\n\n\n<figure class=\"wp-block-image\"><img loading=\"lazy\" decoding=\"async\" width=\"1024\" height=\"682\" src=\"https:\/\/marekkuchcinski.pl\/wp-content\/uploads\/2019\/04\/IMG_2433-1024x682.jpg\" alt=\"\" class=\"wp-image-14555\" srcset=\"https:\/\/marekkuchcinski.pl\/wp-content\/uploads\/2019\/04\/IMG_2433-1024x682.jpg 1024w, https:\/\/marekkuchcinski.pl\/wp-content\/uploads\/2019\/04\/IMG_2433-300x200.jpg 300w, https:\/\/marekkuchcinski.pl\/wp-content\/uploads\/2019\/04\/IMG_2433-768x511.jpg 768w, https:\/\/marekkuchcinski.pl\/wp-content\/uploads\/2019\/04\/IMG_2433.jpg 2048w\" sizes=\"(max-width: 1024px) 100vw, 1024px\" \/><\/figure>\n\n\n\n<figure class=\"wp-block-image\"><img loading=\"lazy\" decoding=\"async\" width=\"1024\" height=\"683\" src=\"https:\/\/marekkuchcinski.pl\/wp-content\/uploads\/2019\/04\/IMG_2451-1024x683.jpg\" alt=\"\" class=\"wp-image-14556\" srcset=\"https:\/\/marekkuchcinski.pl\/wp-content\/uploads\/2019\/04\/IMG_2451-1024x683.jpg 1024w, https:\/\/marekkuchcinski.pl\/wp-content\/uploads\/2019\/04\/IMG_2451-300x200.jpg 300w, https:\/\/marekkuchcinski.pl\/wp-content\/uploads\/2019\/04\/IMG_2451-768x512.jpg 768w, https:\/\/marekkuchcinski.pl\/wp-content\/uploads\/2019\/04\/IMG_2451.jpg 2048w\" sizes=\"(max-width: 1024px) 100vw, 1024px\" \/><\/figure>\n\n\n\n<figure class=\"wp-block-image\"><img loading=\"lazy\" decoding=\"async\" width=\"1024\" height=\"657\" src=\"https:\/\/marekkuchcinski.pl\/wp-content\/uploads\/2019\/04\/IMG_2380-1024x657.jpg\" alt=\"\" class=\"wp-image-14546\" srcset=\"https:\/\/marekkuchcinski.pl\/wp-content\/uploads\/2019\/04\/IMG_2380-1024x657.jpg 1024w, https:\/\/marekkuchcinski.pl\/wp-content\/uploads\/2019\/04\/IMG_2380-300x192.jpg 300w, https:\/\/marekkuchcinski.pl\/wp-content\/uploads\/2019\/04\/IMG_2380-768x493.jpg 768w, https:\/\/marekkuchcinski.pl\/wp-content\/uploads\/2019\/04\/IMG_2380.jpg 2048w\" sizes=\"(max-width: 1024px) 100vw, 1024px\" \/><\/figure>\n\n\n\n<figure class=\"wp-block-image\"><img loading=\"lazy\" decoding=\"async\" width=\"1024\" height=\"683\" src=\"https:\/\/marekkuchcinski.pl\/wp-content\/uploads\/2019\/04\/IMG_1978-1024x683.jpeg\" alt=\"\" class=\"wp-image-14518\" srcset=\"https:\/\/marekkuchcinski.pl\/wp-content\/uploads\/2019\/04\/IMG_1978-1024x683.jpeg 1024w, https:\/\/marekkuchcinski.pl\/wp-content\/uploads\/2019\/04\/IMG_1978-300x200.jpeg 300w, https:\/\/marekkuchcinski.pl\/wp-content\/uploads\/2019\/04\/IMG_1978-768x512.jpeg 768w, https:\/\/marekkuchcinski.pl\/wp-content\/uploads\/2019\/04\/IMG_1978.jpeg 2048w\" sizes=\"(max-width: 1024px) 100vw, 1024px\" \/><\/figure>","protected":false},"excerpt":{"rendered":"<p>Na 79. posiedzeniu Sejm przyj\u0105\u0142 ustaw\u0119 \u201eEmerytura plus\u201d. \u015awiadczenie skierowane do emeryt\u00f3w i rencist\u00f3w polega na wyp\u0142acaniu jednorazowo trzynastej emerytury w wysoko\u015bci &nbsp;1100 z\u0142 brutto (888,25 z\u0142 netto).&nbsp; W uzasadnieniu do ustawy Ministerstwo Rodziny obja\u015bnia, \u017ce celem jednorazowego \u015bwiadczenia pieni\u0119\u017cnego, obok pomocy dla emeryt\u00f3w i rencist\u00f3w, ma by\u0107 w szczeg\u00f3lno\u015bci zmniejszenie r\u00f3\u017cnic maj\u0105tkowych w spo\u0142ecze\u0144stwie. [&hellip;]<\/p>","protected":false},"author":6,"featured_media":14575,"comment_status":"open","ping_status":"open","sticky":false,"template":"","format":"standard","meta":{"ngg_post_thumbnail":0,"footnotes":""},"categories":[82,81,3],"tags":[],"class_list":["post-14517","post","type-post","status-publish","format-standard","has-post-thumbnail","hentry","category-prawo-i-sprawiedliwosc","category-wiesci-z-sejmu","category-wydarzenia"],"yoast_head":"<!-- This site is optimized with the Yoast SEO plugin v24.7 - https:\/\/yoast.com\/wordpress\/plugins\/seo\/ -->\n<title>Sejm uchwali\u0142 &quot;trzynast\u0105 emerytur\u0119&quot;. Marsza\u0142ek Kuchci\u0144ski: Dotrzymujemy s\u0142owa. Wychodzimy naprzeciw wieloletnim zaniedbaniom wobec os\u00f3b starszych &#8211; Marek Kuchci\u0144ski<\/title>\n<meta name=\"robots\" content=\"index, follow, max-snippet:-1, max-image-preview:large, max-video-preview:-1\" \/>\n<link rel=\"canonical\" href=\"https:\/\/marekkuchcinski.pl\/en\/wydarzenia\/sejm-uchwalil-trzynasta-emeryture-marszalek-kuchcinski-dotrzymujemy-slowa-wychodzimy-naprzeciw-wieloletnim-zaniedbaniom-wobec-osob-starszych\/\" \/>\n<meta property=\"og:locale\" content=\"en_GB\" \/>\n<meta property=\"og:type\" content=\"article\" \/>\n<meta property=\"og:title\" content=\"Sejm uchwali\u0142 &quot;trzynast\u0105 emerytur\u0119&quot;. Marsza\u0142ek Kuchci\u0144ski: Dotrzymujemy s\u0142owa. Wychodzimy naprzeciw wieloletnim zaniedbaniom wobec os\u00f3b starszych &#8211; Marek Kuchci\u0144ski\" \/>\n<meta property=\"og:description\" content=\"Na 79. posiedzeniu Sejm przyj\u0105\u0142 ustaw\u0119 \u201eEmerytura plus\u201d. \u015awiadczenie skierowane do emeryt\u00f3w i rencist\u00f3w polega na wyp\u0142acaniu jednorazowo trzynastej emerytury w wysoko\u015bci &nbsp;1100 z\u0142 brutto (888,25 z\u0142 netto).&nbsp; W uzasadnieniu do ustawy Ministerstwo Rodziny obja\u015bnia, \u017ce celem jednorazowego \u015bwiadczenia pieni\u0119\u017cnego, obok pomocy dla emeryt\u00f3w i rencist\u00f3w, ma by\u0107 w szczeg\u00f3lno\u015bci zmniejszenie r\u00f3\u017cnic maj\u0105tkowych w spo\u0142ecze\u0144stwie. [&hellip;]\" \/>\n<meta property=\"og:url\" content=\"https:\/\/marekkuchcinski.pl\/en\/wydarzenia\/sejm-uchwalil-trzynasta-emeryture-marszalek-kuchcinski-dotrzymujemy-slowa-wychodzimy-naprzeciw-wieloletnim-zaniedbaniom-wobec-osob-starszych\/\" \/>\n<meta property=\"og:site_name\" content=\"Marek Kuchci\u0144ski\" \/>\n<meta property=\"article:published_time\" content=\"2019-04-04T19:16:09+00:00\" \/>\n<meta property=\"article:modified_time\" content=\"2019-04-10T11:00:26+00:00\" \/>\n<meta property=\"og:image\" content=\"https:\/\/marekkuchcinski.pl\/wp-content\/uploads\/2019\/04\/PSX_20190404_230243.jpg\" \/>\n\t<meta property=\"og:image:width\" content=\"2048\" \/>\n\t<meta property=\"og:image:height\" content=\"1434\" \/>\n\t<meta property=\"og:image:type\" content=\"image\/jpeg\" \/>\n<meta name=\"author\" content=\"admin\" \/>\n<meta name=\"twitter:card\" content=\"summary_large_image\" \/>\n<meta name=\"twitter:label1\" content=\"Written by\" \/>\n\t<meta name=\"twitter:data1\" content=\"admin\" \/>\n\t<meta name=\"twitter:label2\" content=\"Estimated reading time\" \/>\n\t<meta name=\"twitter:data2\" content=\"4 minutes\" \/>\n<script type=\"application\/ld+json\" class=\"yoast-schema-graph\">{\"@context\":\"https:\/\/schema.org\",\"@graph\":[{\"@type\":\"Article\",\"@id\":\"https:\/\/marekkuchcinski.pl\/sk\/wydarzenia\/sejm-uchwalil-trzynasta-emeryture-marszalek-kuchcinski-dotrzymujemy-slowa-wychodzimy-naprzeciw-wieloletnim-zaniedbaniom-wobec-osob-starszych\/#article\",\"isPartOf\":{\"@id\":\"https:\/\/marekkuchcinski.pl\/sk\/wydarzenia\/sejm-uchwalil-trzynasta-emeryture-marszalek-kuchcinski-dotrzymujemy-slowa-wychodzimy-naprzeciw-wieloletnim-zaniedbaniom-wobec-osob-starszych\/\"},\"author\":{\"name\":\"admin\",\"@id\":\"https:\/\/marekkuchcinski.pl\/#\/schema\/person\/6f62700996b4d950b6ea2d1183b6c6be\"},\"headline\":\"Sejm uchwali\u0142 &#8222;trzynast\u0105 emerytur\u0119&#8221;. Marsza\u0142ek Kuchci\u0144ski: Dotrzymujemy s\u0142owa. Wychodzimy naprzeciw wieloletnim zaniedbaniom wobec os\u00f3b starszych\",\"datePublished\":\"2019-04-04T19:16:09+00:00\",\"dateModified\":\"2019-04-10T11:00:26+00:00\",\"mainEntityOfPage\":{\"@id\":\"https:\/\/marekkuchcinski.pl\/sk\/wydarzenia\/sejm-uchwalil-trzynasta-emeryture-marszalek-kuchcinski-dotrzymujemy-slowa-wychodzimy-naprzeciw-wieloletnim-zaniedbaniom-wobec-osob-starszych\/\"},\"wordCount\":834,\"commentCount\":0,\"publisher\":{\"@id\":\"https:\/\/marekkuchcinski.pl\/#organization\"},\"image\":{\"@id\":\"https:\/\/marekkuchcinski.pl\/sk\/wydarzenia\/sejm-uchwalil-trzynasta-emeryture-marszalek-kuchcinski-dotrzymujemy-slowa-wychodzimy-naprzeciw-wieloletnim-zaniedbaniom-wobec-osob-starszych\/#primaryimage\"},\"thumbnailUrl\":\"https:\/\/marekkuchcinski.pl\/wp-content\/uploads\/2019\/04\/PSX_20190404_230243.jpg\",\"articleSection\":[\"Prawo i Sprawiedliwo\u015b\u0107\",\"Wie\u015bci z Sejmu\",\"Wydarzenia\"],\"inLanguage\":\"en-GB\",\"potentialAction\":[{\"@type\":\"CommentAction\",\"name\":\"Comment\",\"target\":[\"https:\/\/marekkuchcinski.pl\/sk\/wydarzenia\/sejm-uchwalil-trzynasta-emeryture-marszalek-kuchcinski-dotrzymujemy-slowa-wychodzimy-naprzeciw-wieloletnim-zaniedbaniom-wobec-osob-starszych\/#respond\"]}]},{\"@type\":\"WebPage\",\"@id\":\"https:\/\/marekkuchcinski.pl\/sk\/wydarzenia\/sejm-uchwalil-trzynasta-emeryture-marszalek-kuchcinski-dotrzymujemy-slowa-wychodzimy-naprzeciw-wieloletnim-zaniedbaniom-wobec-osob-starszych\/\",\"url\":\"https:\/\/marekkuchcinski.pl\/sk\/wydarzenia\/sejm-uchwalil-trzynasta-emeryture-marszalek-kuchcinski-dotrzymujemy-slowa-wychodzimy-naprzeciw-wieloletnim-zaniedbaniom-wobec-osob-starszych\/\",\"name\":\"Sejm uchwali\u0142 \\\"trzynast\u0105 emerytur\u0119\\\". Marsza\u0142ek Kuchci\u0144ski: Dotrzymujemy s\u0142owa. Wychodzimy naprzeciw wieloletnim zaniedbaniom wobec os\u00f3b starszych &#8211; Marek Kuchci\u0144ski\",\"isPartOf\":{\"@id\":\"https:\/\/marekkuchcinski.pl\/#website\"},\"primaryImageOfPage\":{\"@id\":\"https:\/\/marekkuchcinski.pl\/sk\/wydarzenia\/sejm-uchwalil-trzynasta-emeryture-marszalek-kuchcinski-dotrzymujemy-slowa-wychodzimy-naprzeciw-wieloletnim-zaniedbaniom-wobec-osob-starszych\/#primaryimage\"},\"image\":{\"@id\":\"https:\/\/marekkuchcinski.pl\/sk\/wydarzenia\/sejm-uchwalil-trzynasta-emeryture-marszalek-kuchcinski-dotrzymujemy-slowa-wychodzimy-naprzeciw-wieloletnim-zaniedbaniom-wobec-osob-starszych\/#primaryimage\"},\"thumbnailUrl\":\"https:\/\/marekkuchcinski.pl\/wp-content\/uploads\/2019\/04\/PSX_20190404_230243.jpg\",\"datePublished\":\"2019-04-04T19:16:09+00:00\",\"dateModified\":\"2019-04-10T11:00:26+00:00\",\"breadcrumb\":{\"@id\":\"https:\/\/marekkuchcinski.pl\/sk\/wydarzenia\/sejm-uchwalil-trzynasta-emeryture-marszalek-kuchcinski-dotrzymujemy-slowa-wychodzimy-naprzeciw-wieloletnim-zaniedbaniom-wobec-osob-starszych\/#breadcrumb\"},\"inLanguage\":\"en-GB\",\"potentialAction\":[{\"@type\":\"ReadAction\",\"target\":[\"https:\/\/marekkuchcinski.pl\/sk\/wydarzenia\/sejm-uchwalil-trzynasta-emeryture-marszalek-kuchcinski-dotrzymujemy-slowa-wychodzimy-naprzeciw-wieloletnim-zaniedbaniom-wobec-osob-starszych\/\"]}]},{\"@type\":\"ImageObject\",\"inLanguage\":\"en-GB\",\"@id\":\"https:\/\/marekkuchcinski.pl\/sk\/wydarzenia\/sejm-uchwalil-trzynasta-emeryture-marszalek-kuchcinski-dotrzymujemy-slowa-wychodzimy-naprzeciw-wieloletnim-zaniedbaniom-wobec-osob-starszych\/#primaryimage\",\"url\":\"https:\/\/marekkuchcinski.pl\/wp-content\/uploads\/2019\/04\/PSX_20190404_230243.jpg\",\"contentUrl\":\"https:\/\/marekkuchcinski.pl\/wp-content\/uploads\/2019\/04\/PSX_20190404_230243.jpg\",\"width\":2048,\"height\":1434},{\"@type\":\"BreadcrumbList\",\"@id\":\"https:\/\/marekkuchcinski.pl\/sk\/wydarzenia\/sejm-uchwalil-trzynasta-emeryture-marszalek-kuchcinski-dotrzymujemy-slowa-wychodzimy-naprzeciw-wieloletnim-zaniedbaniom-wobec-osob-starszych\/#breadcrumb\",\"itemListElement\":[{\"@type\":\"ListItem\",\"position\":1,\"name\":\"Strona g\u0142\u00f3wna\",\"item\":\"https:\/\/marekkuchcinski.pl\/\"},{\"@type\":\"ListItem\",\"position\":2,\"name\":\"Sejm uchwali\u0142 &#8220;trzynast\u0105 emerytur\u0119&#8221;. Marsza\u0142ek Kuchci\u0144ski: Dotrzymujemy s\u0142owa. Wychodzimy naprzeciw wieloletnim zaniedbaniom wobec os\u00f3b starszych\"}]},{\"@type\":\"WebSite\",\"@id\":\"https:\/\/marekkuchcinski.pl\/#website\",\"url\":\"https:\/\/marekkuchcinski.pl\/\",\"name\":\"Marek Kuchci\u0144ski\",\"description\":\"Pose\u0142 na sejm RP &ndash; okr\u0119g nr 22\",\"publisher\":{\"@id\":\"https:\/\/marekkuchcinski.pl\/#organization\"},\"potentialAction\":[{\"@type\":\"SearchAction\",\"target\":{\"@type\":\"EntryPoint\",\"urlTemplate\":\"https:\/\/marekkuchcinski.pl\/?s={search_term_string}\"},\"query-input\":{\"@type\":\"PropertyValueSpecification\",\"valueRequired\":true,\"valueName\":\"search_term_string\"}}],\"inLanguage\":\"en-GB\"},{\"@type\":\"Organization\",\"@id\":\"https:\/\/marekkuchcinski.pl\/#organization\",\"name\":\"Marek Kuchci\u0144ski\",\"url\":\"https:\/\/marekkuchcinski.pl\/\",\"logo\":{\"@type\":\"ImageObject\",\"inLanguage\":\"en-GB\",\"@id\":\"https:\/\/marekkuchcinski.pl\/#\/schema\/logo\/image\/\",\"url\":\"https:\/\/marekkuchcinski.pl\/wp-content\/uploads\/2022\/09\/Marek.jpg\",\"contentUrl\":\"https:\/\/marekkuchcinski.pl\/wp-content\/uploads\/2022\/09\/Marek.jpg\",\"width\":1600,\"height\":971,\"caption\":\"Marek Kuchci\u0144ski\"},\"image\":{\"@id\":\"https:\/\/marekkuchcinski.pl\/#\/schema\/logo\/image\/\"}},{\"@type\":\"Person\",\"@id\":\"https:\/\/marekkuchcinski.pl\/#\/schema\/person\/6f62700996b4d950b6ea2d1183b6c6be\",\"name\":\"admin\",\"image\":{\"@type\":\"ImageObject\",\"inLanguage\":\"en-GB\",\"@id\":\"https:\/\/marekkuchcinski.pl\/#\/schema\/person\/image\/\",\"url\":\"https:\/\/secure.gravatar.com\/avatar\/4bab693b9d55c3d6b52c0296a8765085?s=96&d=mm&r=g\",\"contentUrl\":\"https:\/\/secure.gravatar.com\/avatar\/4bab693b9d55c3d6b52c0296a8765085?s=96&d=mm&r=g\",\"caption\":\"admin\"},\"url\":\"https:\/\/marekkuchcinski.pl\/en\/author\/marta-olejnik\/\"}]}<\/script>\n<!-- \/ Yoast SEO plugin. -->","yoast_head_json":{"title":"Sejm uchwali\u0142 \"trzynast\u0105 emerytur\u0119\". Marsza\u0142ek Kuchci\u0144ski: Dotrzymujemy s\u0142owa. Wychodzimy naprzeciw wieloletnim zaniedbaniom wobec os\u00f3b starszych &#8211; Marek Kuchci\u0144ski","robots":{"index":"index","follow":"follow","max-snippet":"max-snippet:-1","max-image-preview":"max-image-preview:large","max-video-preview":"max-video-preview:-1"},"canonical":"https:\/\/marekkuchcinski.pl\/en\/wydarzenia\/sejm-uchwalil-trzynasta-emeryture-marszalek-kuchcinski-dotrzymujemy-slowa-wychodzimy-naprzeciw-wieloletnim-zaniedbaniom-wobec-osob-starszych\/","og_locale":"en_GB","og_type":"article","og_title":"Sejm uchwali\u0142 \"trzynast\u0105 emerytur\u0119\". Marsza\u0142ek Kuchci\u0144ski: Dotrzymujemy s\u0142owa. Wychodzimy naprzeciw wieloletnim zaniedbaniom wobec os\u00f3b starszych &#8211; Marek Kuchci\u0144ski","og_description":"Na 79. posiedzeniu Sejm przyj\u0105\u0142 ustaw\u0119 \u201eEmerytura plus\u201d. \u015awiadczenie skierowane do emeryt\u00f3w i rencist\u00f3w polega na wyp\u0142acaniu jednorazowo trzynastej emerytury w wysoko\u015bci &nbsp;1100 z\u0142 brutto (888,25 z\u0142 netto).&nbsp; W uzasadnieniu do ustawy Ministerstwo Rodziny obja\u015bnia, \u017ce celem jednorazowego \u015bwiadczenia pieni\u0119\u017cnego, obok pomocy dla emeryt\u00f3w i rencist\u00f3w, ma by\u0107 w szczeg\u00f3lno\u015bci zmniejszenie r\u00f3\u017cnic maj\u0105tkowych w spo\u0142ecze\u0144stwie. [&hellip;]","og_url":"https:\/\/marekkuchcinski.pl\/en\/wydarzenia\/sejm-uchwalil-trzynasta-emeryture-marszalek-kuchcinski-dotrzymujemy-slowa-wychodzimy-naprzeciw-wieloletnim-zaniedbaniom-wobec-osob-starszych\/","og_site_name":"Marek Kuchci\u0144ski","article_published_time":"2019-04-04T19:16:09+00:00","article_modified_time":"2019-04-10T11:00:26+00:00","og_image":[{"width":2048,"height":1434,"url":"https:\/\/marekkuchcinski.pl\/wp-content\/uploads\/2019\/04\/PSX_20190404_230243.jpg","type":"image\/jpeg"}],"author":"admin","twitter_card":"summary_large_image","twitter_misc":{"Written by":"admin","Estimated reading time":"4 minutes"},"schema":{"@context":"https:\/\/schema.org","@graph":[{"@type":"Article","@id":"https:\/\/marekkuchcinski.pl\/sk\/wydarzenia\/sejm-uchwalil-trzynasta-emeryture-marszalek-kuchcinski-dotrzymujemy-slowa-wychodzimy-naprzeciw-wieloletnim-zaniedbaniom-wobec-osob-starszych\/#article","isPartOf":{"@id":"https:\/\/marekkuchcinski.pl\/sk\/wydarzenia\/sejm-uchwalil-trzynasta-emeryture-marszalek-kuchcinski-dotrzymujemy-slowa-wychodzimy-naprzeciw-wieloletnim-zaniedbaniom-wobec-osob-starszych\/"},"author":{"name":"admin","@id":"https:\/\/marekkuchcinski.pl\/#\/schema\/person\/6f62700996b4d950b6ea2d1183b6c6be"},"headline":"Sejm uchwali\u0142 &#8222;trzynast\u0105 emerytur\u0119&#8221;. Marsza\u0142ek Kuchci\u0144ski: Dotrzymujemy s\u0142owa. Wychodzimy naprzeciw wieloletnim zaniedbaniom wobec os\u00f3b starszych","datePublished":"2019-04-04T19:16:09+00:00","dateModified":"2019-04-10T11:00:26+00:00","mainEntityOfPage":{"@id":"https:\/\/marekkuchcinski.pl\/sk\/wydarzenia\/sejm-uchwalil-trzynasta-emeryture-marszalek-kuchcinski-dotrzymujemy-slowa-wychodzimy-naprzeciw-wieloletnim-zaniedbaniom-wobec-osob-starszych\/"},"wordCount":834,"commentCount":0,"publisher":{"@id":"https:\/\/marekkuchcinski.pl\/#organization"},"image":{"@id":"https:\/\/marekkuchcinski.pl\/sk\/wydarzenia\/sejm-uchwalil-trzynasta-emeryture-marszalek-kuchcinski-dotrzymujemy-slowa-wychodzimy-naprzeciw-wieloletnim-zaniedbaniom-wobec-osob-starszych\/#primaryimage"},"thumbnailUrl":"https:\/\/marekkuchcinski.pl\/wp-content\/uploads\/2019\/04\/PSX_20190404_230243.jpg","articleSection":["Prawo i Sprawiedliwo\u015b\u0107","Wie\u015bci z Sejmu","Wydarzenia"],"inLanguage":"en-GB","potentialAction":[{"@type":"CommentAction","name":"Comment","target":["https:\/\/marekkuchcinski.pl\/sk\/wydarzenia\/sejm-uchwalil-trzynasta-emeryture-marszalek-kuchcinski-dotrzymujemy-slowa-wychodzimy-naprzeciw-wieloletnim-zaniedbaniom-wobec-osob-starszych\/#respond"]}]},{"@type":"WebPage","@id":"https:\/\/marekkuchcinski.pl\/sk\/wydarzenia\/sejm-uchwalil-trzynasta-emeryture-marszalek-kuchcinski-dotrzymujemy-slowa-wychodzimy-naprzeciw-wieloletnim-zaniedbaniom-wobec-osob-starszych\/","url":"https:\/\/marekkuchcinski.pl\/sk\/wydarzenia\/sejm-uchwalil-trzynasta-emeryture-marszalek-kuchcinski-dotrzymujemy-slowa-wychodzimy-naprzeciw-wieloletnim-zaniedbaniom-wobec-osob-starszych\/","name":"Sejm uchwali\u0142 \"trzynast\u0105 emerytur\u0119\". Marsza\u0142ek Kuchci\u0144ski: Dotrzymujemy s\u0142owa. Wychodzimy naprzeciw wieloletnim zaniedbaniom wobec os\u00f3b starszych &#8211; Marek Kuchci\u0144ski","isPartOf":{"@id":"https:\/\/marekkuchcinski.pl\/#website"},"primaryImageOfPage":{"@id":"https:\/\/marekkuchcinski.pl\/sk\/wydarzenia\/sejm-uchwalil-trzynasta-emeryture-marszalek-kuchcinski-dotrzymujemy-slowa-wychodzimy-naprzeciw-wieloletnim-zaniedbaniom-wobec-osob-starszych\/#primaryimage"},"image":{"@id":"https:\/\/marekkuchcinski.pl\/sk\/wydarzenia\/sejm-uchwalil-trzynasta-emeryture-marszalek-kuchcinski-dotrzymujemy-slowa-wychodzimy-naprzeciw-wieloletnim-zaniedbaniom-wobec-osob-starszych\/#primaryimage"},"thumbnailUrl":"https:\/\/marekkuchcinski.pl\/wp-content\/uploads\/2019\/04\/PSX_20190404_230243.jpg","datePublished":"2019-04-04T19:16:09+00:00","dateModified":"2019-04-10T11:00:26+00:00","breadcrumb":{"@id":"https:\/\/marekkuchcinski.pl\/sk\/wydarzenia\/sejm-uchwalil-trzynasta-emeryture-marszalek-kuchcinski-dotrzymujemy-slowa-wychodzimy-naprzeciw-wieloletnim-zaniedbaniom-wobec-osob-starszych\/#breadcrumb"},"inLanguage":"en-GB","potentialAction":[{"@type":"ReadAction","target":["https:\/\/marekkuchcinski.pl\/sk\/wydarzenia\/sejm-uchwalil-trzynasta-emeryture-marszalek-kuchcinski-dotrzymujemy-slowa-wychodzimy-naprzeciw-wieloletnim-zaniedbaniom-wobec-osob-starszych\/"]}]},{"@type":"ImageObject","inLanguage":"en-GB","@id":"https:\/\/marekkuchcinski.pl\/sk\/wydarzenia\/sejm-uchwalil-trzynasta-emeryture-marszalek-kuchcinski-dotrzymujemy-slowa-wychodzimy-naprzeciw-wieloletnim-zaniedbaniom-wobec-osob-starszych\/#primaryimage","url":"https:\/\/marekkuchcinski.pl\/wp-content\/uploads\/2019\/04\/PSX_20190404_230243.jpg","contentUrl":"https:\/\/marekkuchcinski.pl\/wp-content\/uploads\/2019\/04\/PSX_20190404_230243.jpg","width":2048,"height":1434},{"@type":"BreadcrumbList","@id":"https:\/\/marekkuchcinski.pl\/sk\/wydarzenia\/sejm-uchwalil-trzynasta-emeryture-marszalek-kuchcinski-dotrzymujemy-slowa-wychodzimy-naprzeciw-wieloletnim-zaniedbaniom-wobec-osob-starszych\/#breadcrumb","itemListElement":[{"@type":"ListItem","position":1,"name":"Strona g\u0142\u00f3wna","item":"https:\/\/marekkuchcinski.pl\/"},{"@type":"ListItem","position":2,"name":"Sejm uchwali\u0142 &#8220;trzynast\u0105 emerytur\u0119&#8221;. Marsza\u0142ek Kuchci\u0144ski: Dotrzymujemy s\u0142owa. Wychodzimy naprzeciw wieloletnim zaniedbaniom wobec os\u00f3b starszych"}]},{"@type":"WebSite","@id":"https:\/\/marekkuchcinski.pl\/#website","url":"https:\/\/marekkuchcinski.pl\/","name":"Marek Kuchci\u0144ski","description":"Pose\u0142 na sejm RP &ndash; okr\u0119g nr 22","publisher":{"@id":"https:\/\/marekkuchcinski.pl\/#organization"},"potentialAction":[{"@type":"SearchAction","target":{"@type":"EntryPoint","urlTemplate":"https:\/\/marekkuchcinski.pl\/?s={search_term_string}"},"query-input":{"@type":"PropertyValueSpecification","valueRequired":true,"valueName":"search_term_string"}}],"inLanguage":"en-GB"},{"@type":"Organization","@id":"https:\/\/marekkuchcinski.pl\/#organization","name":"Marek Kuchci\u0144ski","url":"https:\/\/marekkuchcinski.pl\/","logo":{"@type":"ImageObject","inLanguage":"en-GB","@id":"https:\/\/marekkuchcinski.pl\/#\/schema\/logo\/image\/","url":"https:\/\/marekkuchcinski.pl\/wp-content\/uploads\/2022\/09\/Marek.jpg","contentUrl":"https:\/\/marekkuchcinski.pl\/wp-content\/uploads\/2022\/09\/Marek.jpg","width":1600,"height":971,"caption":"Marek Kuchci\u0144ski"},"image":{"@id":"https:\/\/marekkuchcinski.pl\/#\/schema\/logo\/image\/"}},{"@type":"Person","@id":"https:\/\/marekkuchcinski.pl\/#\/schema\/person\/6f62700996b4d950b6ea2d1183b6c6be","name":"admin","image":{"@type":"ImageObject","inLanguage":"en-GB","@id":"https:\/\/marekkuchcinski.pl\/#\/schema\/person\/image\/","url":"https:\/\/secure.gravatar.com\/avatar\/4bab693b9d55c3d6b52c0296a8765085?s=96&d=mm&r=g","contentUrl":"https:\/\/secure.gravatar.com\/avatar\/4bab693b9d55c3d6b52c0296a8765085?s=96&d=mm&r=g","caption":"admin"},"url":"https:\/\/marekkuchcinski.pl\/en\/author\/marta-olejnik\/"}]}},"_links":{"self":[{"href":"https:\/\/marekkuchcinski.pl\/en\/wp-json\/wp\/v2\/posts\/14517","targetHints":{"allow":["GET"]}}],"collection":[{"href":"https:\/\/marekkuchcinski.pl\/en\/wp-json\/wp\/v2\/posts"}],"about":[{"href":"https:\/\/marekkuchcinski.pl\/en\/wp-json\/wp\/v2\/types\/post"}],"author":[{"embeddable":true,"href":"https:\/\/marekkuchcinski.pl\/en\/wp-json\/wp\/v2\/users\/6"}],"replies":[{"embeddable":true,"href":"https:\/\/marekkuchcinski.pl\/en\/wp-json\/wp\/v2\/comments?post=14517"}],"version-history":[{"count":17,"href":"https:\/\/marekkuchcinski.pl\/en\/wp-json\/wp\/v2\/posts\/14517\/revisions"}],"predecessor-version":[{"id":14628,"href":"https:\/\/marekkuchcinski.pl\/en\/wp-json\/wp\/v2\/posts\/14517\/revisions\/14628"}],"wp:featuredmedia":[{"embeddable":true,"href":"https:\/\/marekkuchcinski.pl\/en\/wp-json\/wp\/v2\/media\/14575"}],"wp:attachment":[{"href":"https:\/\/marekkuchcinski.pl\/en\/wp-json\/wp\/v2\/media?parent=14517"}],"wp:term":[{"taxonomy":"category","embeddable":true,"href":"https:\/\/marekkuchcinski.pl\/en\/wp-json\/wp\/v2\/categories?post=14517"},{"taxonomy":"post_tag","embeddable":true,"href":"https:\/\/marekkuchcinski.pl\/en\/wp-json\/wp\/v2\/tags?post=14517"}],"curies":[{"name":"wp","href":"https:\/\/api.w.org\/{rel}","templated":true}]}}