{"id":14483,"date":"2019-04-03T21:25:45","date_gmt":"2019-04-03T19:25:45","guid":{"rendered":"https:\/\/marekkuchcinski.pl\/?p=14483"},"modified":"2019-04-04T00:03:42","modified_gmt":"2019-04-03T22:03:42","slug":"marek-kuchcinski-oddal-hold-w-80-rocznice-smierci-walerego-slawka-marszalka-sejmu-premiera-zolnierza-przyjaciela-jozefa-pilsudskiego","status":"publish","type":"post","link":"https:\/\/marekkuchcinski.pl\/en\/wydarzenia\/marek-kuchcinski-oddal-hold-w-80-rocznice-smierci-walerego-slawka-marszalka-sejmu-premiera-zolnierza-przyjaciela-jozefa-pilsudskiego\/","title":{"rendered":"Marek Kuchci\u0144ski paid tribute on the 80th anniversary of the death of Walery S\u0142awek - Speaker of the Sejm, Prime Minister, soldier, friend of J\u00f3zef Pi\u0142sudski"},"content":{"rendered":"<p>On the 80th anniversary of the death of Walery Slawek a.k.a. Gustaw, Marshal of the Sejm Marek Kuchcinski unveiled a plaque dedicated to the Colonel, Speaker of the Sejm, three times Prime Minister, close associate of Marshal Pilsudski, Knight of the Order of the White Eagle and Silver Cross of the Virtuti Militari War Order. <\/p>\n\n\n\n<p>The building on Szucha Street in Warsaw was chosen not accidentally. S\u00b3awek lived and worked there. The man about whom it was said that a conversation with him was the equivalent of a discussion with Marshal Pilsudski, belonged to the PPS fighting organization, and was also an officer in the Polish Legions. He devoted his life to his homeland. He took it from himself on the night of April 2 to 3, 1939. The Communists were keen to ensure that his memory was lost along with the idea of freedom and selfless service to Poland.<\/p>\n\n\n\n<p>As Marek Kuchci\u0144ski pointed out, Slawek was brought up in the spirit of the uprising ethos. He belonged to the generation that brought independence to Poland. He served the reborn Republic of Poland with his knowledge and experience. For Walery Slawek homeland was the highest good and taking care of its prosperity was a great challenge. The Marshal emphasized that the Colonel was one of the most significant figures of the Second Republic of Poland. A declared statesman, he fulfilled his duties with great commitment. He treated power as a mission, which should be fulfilled with due seriousness and great respect. <\/p>\n\n\n\n<p>Kuchci\u0144ski reminded that Walery S\u0142awek dreamed of a strong and independent Poland, a Poland of law and justice. And now we can boldly say that the plaque commemorating the 80th anniversary of Walery Slawek's tragic death is a symbol of remembrance of the man who served Poland. - Placed in this special place, the plaque is a kind of bridge between history and the present. It eloquently emphasizes that Walery Slawek - fighter for Poland's freedom, founder of the Legions, Speaker of the Sejm (22 June 1938-27 November 1938), three-time Prime Minister - is not only a monumental figure, but also an ordinary man who lived, worked and tragically died in this building,\" said the Speaker of the Sejm.&nbsp; <\/p>\n\n\n\n<p>After the ceremony, wreaths were laid on the grave of Walery Slawek at the Pow\u0105zki Military Cemetery in Warsaw. <\/p>\n\n\n\n<p><em>text \/ photo marta olejnik<\/em><\/p>\n\n\n\n<figure class=\"wp-block-image\"><img fetchpriority=\"high\" decoding=\"async\" width=\"1024\" height=\"686\" src=\"https:\/\/marekkuchcinski.pl\/wp-content\/uploads\/2019\/04\/IMG_1256-1024x686.jpg\" alt=\"\" class=\"wp-image-14478\" srcset=\"https:\/\/marekkuchcinski.pl\/wp-content\/uploads\/2019\/04\/IMG_1256-1024x686.jpg 1024w, https:\/\/marekkuchcinski.pl\/wp-content\/uploads\/2019\/04\/IMG_1256-300x201.jpg 300w, https:\/\/marekkuchcinski.pl\/wp-content\/uploads\/2019\/04\/IMG_1256-768x515.jpg 768w, https:\/\/marekkuchcinski.pl\/wp-content\/uploads\/2019\/04\/IMG_1256.jpg 2048w\" sizes=\"(max-width: 1024px) 100vw, 1024px\" \/><\/figure>\n\n\n\n<figure class=\"wp-block-image\"><img decoding=\"async\" width=\"1024\" height=\"751\" src=\"https:\/\/marekkuchcinski.pl\/wp-content\/uploads\/2019\/04\/IMG_1278-1024x751.jpg\" alt=\"\" class=\"wp-image-14476\" srcset=\"https:\/\/marekkuchcinski.pl\/wp-content\/uploads\/2019\/04\/IMG_1278-1024x751.jpg 1024w, https:\/\/marekkuchcinski.pl\/wp-content\/uploads\/2019\/04\/IMG_1278-300x220.jpg 300w, https:\/\/marekkuchcinski.pl\/wp-content\/uploads\/2019\/04\/IMG_1278-768x563.jpg 768w, https:\/\/marekkuchcinski.pl\/wp-content\/uploads\/2019\/04\/IMG_1278.jpg 2048w\" sizes=\"(max-width: 1024px) 100vw, 1024px\" \/><\/figure>\n\n\n\n<figure class=\"wp-block-image\"><img decoding=\"async\" width=\"1024\" height=\"721\" src=\"https:\/\/marekkuchcinski.pl\/wp-content\/uploads\/2019\/04\/IMG_1284-1024x721.jpg\" alt=\"\" class=\"wp-image-14475\" srcset=\"https:\/\/marekkuchcinski.pl\/wp-content\/uploads\/2019\/04\/IMG_1284-1024x721.jpg 1024w, https:\/\/marekkuchcinski.pl\/wp-content\/uploads\/2019\/04\/IMG_1284-300x211.jpg 300w, https:\/\/marekkuchcinski.pl\/wp-content\/uploads\/2019\/04\/IMG_1284-768x541.jpg 768w, https:\/\/marekkuchcinski.pl\/wp-content\/uploads\/2019\/04\/IMG_1284.jpg 2048w\" sizes=\"(max-width: 1024px) 100vw, 1024px\" \/><\/figure>\n\n\n\n<figure class=\"wp-block-image\"><img loading=\"lazy\" decoding=\"async\" width=\"1024\" height=\"1005\" src=\"https:\/\/marekkuchcinski.pl\/wp-content\/uploads\/2019\/04\/IMG_1311-1024x1005.jpg\" alt=\"\" class=\"wp-image-14474\" srcset=\"https:\/\/marekkuchcinski.pl\/wp-content\/uploads\/2019\/04\/IMG_1311-1024x1005.jpg 1024w, https:\/\/marekkuchcinski.pl\/wp-content\/uploads\/2019\/04\/IMG_1311-300x294.jpg 300w, https:\/\/marekkuchcinski.pl\/wp-content\/uploads\/2019\/04\/IMG_1311-768x754.jpg 768w, https:\/\/marekkuchcinski.pl\/wp-content\/uploads\/2019\/04\/IMG_1311.jpg 2048w\" sizes=\"(max-width: 1024px) 100vw, 1024px\" \/><\/figure>\n\n\n\n<figure class=\"wp-block-image\"><img loading=\"lazy\" decoding=\"async\" width=\"1024\" height=\"652\" src=\"https:\/\/marekkuchcinski.pl\/wp-content\/uploads\/2019\/04\/IMG_1326-1024x652.jpg\" alt=\"\" class=\"wp-image-14473\" srcset=\"https:\/\/marekkuchcinski.pl\/wp-content\/uploads\/2019\/04\/IMG_1326-1024x652.jpg 1024w, https:\/\/marekkuchcinski.pl\/wp-content\/uploads\/2019\/04\/IMG_1326-300x191.jpg 300w, https:\/\/marekkuchcinski.pl\/wp-content\/uploads\/2019\/04\/IMG_1326-768x489.jpg 768w, https:\/\/marekkuchcinski.pl\/wp-content\/uploads\/2019\/04\/IMG_1326.jpg 2048w\" sizes=\"(max-width: 1024px) 100vw, 1024px\" \/><\/figure>\n\n\n\n<figure class=\"wp-block-image\"><img loading=\"lazy\" decoding=\"async\" width=\"1024\" height=\"683\" src=\"https:\/\/marekkuchcinski.pl\/wp-content\/uploads\/2019\/04\/IMG_1332-1024x683.jpg\" alt=\"\" class=\"wp-image-14472\" srcset=\"https:\/\/marekkuchcinski.pl\/wp-content\/uploads\/2019\/04\/IMG_1332-1024x683.jpg 1024w, https:\/\/marekkuchcinski.pl\/wp-content\/uploads\/2019\/04\/IMG_1332-300x200.jpg 300w, https:\/\/marekkuchcinski.pl\/wp-content\/uploads\/2019\/04\/IMG_1332-768x512.jpg 768w, https:\/\/marekkuchcinski.pl\/wp-content\/uploads\/2019\/04\/IMG_1332.jpg 2048w\" sizes=\"(max-width: 1024px) 100vw, 1024px\" \/><\/figure>\n\n\n\n<figure class=\"wp-block-image\"><img loading=\"lazy\" decoding=\"async\" width=\"1024\" height=\"693\" src=\"https:\/\/marekkuchcinski.pl\/wp-content\/uploads\/2019\/04\/IMG_1420-1024x693.jpg\" alt=\"\" class=\"wp-image-14471\" srcset=\"https:\/\/marekkuchcinski.pl\/wp-content\/uploads\/2019\/04\/IMG_1420-1024x693.jpg 1024w, https:\/\/marekkuchcinski.pl\/wp-content\/uploads\/2019\/04\/IMG_1420-300x203.jpg 300w, https:\/\/marekkuchcinski.pl\/wp-content\/uploads\/2019\/04\/IMG_1420-768x520.jpg 768w, https:\/\/marekkuchcinski.pl\/wp-content\/uploads\/2019\/04\/IMG_1420.jpg 2048w\" sizes=\"(max-width: 1024px) 100vw, 1024px\" \/><\/figure>\n\n\n\n<figure class=\"wp-block-image\"><img loading=\"lazy\" decoding=\"async\" width=\"1024\" height=\"688\" src=\"https:\/\/marekkuchcinski.pl\/wp-content\/uploads\/2019\/04\/IMG_1583-1024x688.jpg\" alt=\"\" class=\"wp-image-14470\" srcset=\"https:\/\/marekkuchcinski.pl\/wp-content\/uploads\/2019\/04\/IMG_1583-1024x688.jpg 1024w, https:\/\/marekkuchcinski.pl\/wp-content\/uploads\/2019\/04\/IMG_1583-300x202.jpg 300w, https:\/\/marekkuchcinski.pl\/wp-content\/uploads\/2019\/04\/IMG_1583-768x516.jpg 768w, https:\/\/marekkuchcinski.pl\/wp-content\/uploads\/2019\/04\/IMG_1583.jpg 2048w\" sizes=\"(max-width: 1024px) 100vw, 1024px\" \/><\/figure>\n\n\n\n<figure class=\"wp-block-image\"><img loading=\"lazy\" decoding=\"async\" width=\"1024\" height=\"659\" src=\"https:\/\/marekkuchcinski.pl\/wp-content\/uploads\/2019\/04\/IMG_1612-1024x659.jpg\" alt=\"\" class=\"wp-image-14469\" srcset=\"https:\/\/marekkuchcinski.pl\/wp-content\/uploads\/2019\/04\/IMG_1612-1024x659.jpg 1024w, https:\/\/marekkuchcinski.pl\/wp-content\/uploads\/2019\/04\/IMG_1612-300x193.jpg 300w, https:\/\/marekkuchcinski.pl\/wp-content\/uploads\/2019\/04\/IMG_1612-768x494.jpg 768w, https:\/\/marekkuchcinski.pl\/wp-content\/uploads\/2019\/04\/IMG_1612.jpg 2048w\" sizes=\"(max-width: 1024px) 100vw, 1024px\" \/><\/figure>\n\n\n\n<figure class=\"wp-block-image\"><img loading=\"lazy\" decoding=\"async\" width=\"1024\" height=\"646\" src=\"https:\/\/marekkuchcinski.pl\/wp-content\/uploads\/2019\/04\/IMG_1657-1024x646.jpg\" alt=\"\" class=\"wp-image-14468\" srcset=\"https:\/\/marekkuchcinski.pl\/wp-content\/uploads\/2019\/04\/IMG_1657-1024x646.jpg 1024w, https:\/\/marekkuchcinski.pl\/wp-content\/uploads\/2019\/04\/IMG_1657-300x189.jpg 300w, https:\/\/marekkuchcinski.pl\/wp-content\/uploads\/2019\/04\/IMG_1657-768x485.jpg 768w, https:\/\/marekkuchcinski.pl\/wp-content\/uploads\/2019\/04\/IMG_1657.jpg 2048w\" sizes=\"(max-width: 1024px) 100vw, 1024px\" \/><\/figure>\n\n\n\n<figure class=\"wp-block-image\"><img loading=\"lazy\" decoding=\"async\" width=\"1024\" height=\"683\" src=\"https:\/\/marekkuchcinski.pl\/wp-content\/uploads\/2019\/04\/IMG_1721-1-1024x683.jpg\" alt=\"\" class=\"wp-image-14484\" srcset=\"https:\/\/marekkuchcinski.pl\/wp-content\/uploads\/2019\/04\/IMG_1721-1-1024x683.jpg 1024w, https:\/\/marekkuchcinski.pl\/wp-content\/uploads\/2019\/04\/IMG_1721-1-300x200.jpg 300w, https:\/\/marekkuchcinski.pl\/wp-content\/uploads\/2019\/04\/IMG_1721-1-768x512.jpg 768w, https:\/\/marekkuchcinski.pl\/wp-content\/uploads\/2019\/04\/IMG_1721-1.jpg 2048w\" sizes=\"(max-width: 1024px) 100vw, 1024px\" \/><\/figure>\n\n\n\n<figure class=\"wp-block-image\"><img loading=\"lazy\" decoding=\"async\" width=\"1024\" height=\"858\" src=\"https:\/\/marekkuchcinski.pl\/wp-content\/uploads\/2019\/04\/IMG_1728-1-1024x858.jpg\" alt=\"\" class=\"wp-image-14485\" srcset=\"https:\/\/marekkuchcinski.pl\/wp-content\/uploads\/2019\/04\/IMG_1728-1-1024x858.jpg 1024w, https:\/\/marekkuchcinski.pl\/wp-content\/uploads\/2019\/04\/IMG_1728-1-300x251.jpg 300w, https:\/\/marekkuchcinski.pl\/wp-content\/uploads\/2019\/04\/IMG_1728-1-768x643.jpg 768w, https:\/\/marekkuchcinski.pl\/wp-content\/uploads\/2019\/04\/IMG_1728-1.jpg 2048w\" sizes=\"(max-width: 1024px) 100vw, 1024px\" \/><\/figure>\n\n\n\n<figure class=\"wp-block-image\"><img loading=\"lazy\" decoding=\"async\" width=\"889\" height=\"1024\" src=\"https:\/\/marekkuchcinski.pl\/wp-content\/uploads\/2019\/04\/PSX_20190403_164753-889x1024.jpg\" alt=\"\" class=\"wp-image-14505\" srcset=\"https:\/\/marekkuchcinski.pl\/wp-content\/uploads\/2019\/04\/PSX_20190403_164753-889x1024.jpg 889w, https:\/\/marekkuchcinski.pl\/wp-content\/uploads\/2019\/04\/PSX_20190403_164753-261x300.jpg 261w, https:\/\/marekkuchcinski.pl\/wp-content\/uploads\/2019\/04\/PSX_20190403_164753-768x884.jpg 768w, https:\/\/marekkuchcinski.pl\/wp-content\/uploads\/2019\/04\/PSX_20190403_164753.jpg 1778w\" sizes=\"(max-width: 889px) 100vw, 889px\" \/><\/figure>\n\n\n\n<figure class=\"wp-block-image\"><img loading=\"lazy\" decoding=\"async\" width=\"1024\" height=\"720\" src=\"https:\/\/marekkuchcinski.pl\/wp-content\/uploads\/2019\/04\/IMG_1798-1024x720.jpg\" alt=\"\" class=\"wp-image-14462\" srcset=\"https:\/\/marekkuchcinski.pl\/wp-content\/uploads\/2019\/04\/IMG_1798-1024x720.jpg 1024w, https:\/\/marekkuchcinski.pl\/wp-content\/uploads\/2019\/04\/IMG_1798-300x211.jpg 300w, https:\/\/marekkuchcinski.pl\/wp-content\/uploads\/2019\/04\/IMG_1798-768x540.jpg 768w, https:\/\/marekkuchcinski.pl\/wp-content\/uploads\/2019\/04\/IMG_1798.jpg 2048w\" sizes=\"(max-width: 1024px) 100vw, 1024px\" \/><\/figure>\n\n\n\n<figure class=\"wp-block-image\"><img loading=\"lazy\" decoding=\"async\" width=\"1024\" height=\"690\" src=\"https:\/\/marekkuchcinski.pl\/wp-content\/uploads\/2019\/04\/IMG_1802-1024x690.jpg\" alt=\"\" class=\"wp-image-14461\" srcset=\"https:\/\/marekkuchcinski.pl\/wp-content\/uploads\/2019\/04\/IMG_1802-1024x690.jpg 1024w, https:\/\/marekkuchcinski.pl\/wp-content\/uploads\/2019\/04\/IMG_1802-300x202.jpg 300w, https:\/\/marekkuchcinski.pl\/wp-content\/uploads\/2019\/04\/IMG_1802-768x517.jpg 768w, https:\/\/marekkuchcinski.pl\/wp-content\/uploads\/2019\/04\/IMG_1802.jpg 2048w\" sizes=\"(max-width: 1024px) 100vw, 1024px\" \/><\/figure>\n\n\n\n<figure class=\"wp-block-image\"><img loading=\"lazy\" decoding=\"async\" width=\"1024\" height=\"763\" src=\"https:\/\/marekkuchcinski.pl\/wp-content\/uploads\/2019\/04\/IMG_1803-1024x763.jpg\" alt=\"\" class=\"wp-image-14460\" srcset=\"https:\/\/marekkuchcinski.pl\/wp-content\/uploads\/2019\/04\/IMG_1803-1024x763.jpg 1024w, https:\/\/marekkuchcinski.pl\/wp-content\/uploads\/2019\/04\/IMG_1803-300x223.jpg 300w, https:\/\/marekkuchcinski.pl\/wp-content\/uploads\/2019\/04\/IMG_1803-768x572.jpg 768w, https:\/\/marekkuchcinski.pl\/wp-content\/uploads\/2019\/04\/IMG_1803.jpg 2048w\" sizes=\"(max-width: 1024px) 100vw, 1024px\" \/><\/figure>\n\n\n\n<figure class=\"wp-block-image\"><img loading=\"lazy\" decoding=\"async\" width=\"1024\" height=\"644\" src=\"https:\/\/marekkuchcinski.pl\/wp-content\/uploads\/2019\/04\/IMG_1853-1024x644.jpg\" alt=\"\" class=\"wp-image-14459\" srcset=\"https:\/\/marekkuchcinski.pl\/wp-content\/uploads\/2019\/04\/IMG_1853-1024x644.jpg 1024w, https:\/\/marekkuchcinski.pl\/wp-content\/uploads\/2019\/04\/IMG_1853-300x189.jpg 300w, https:\/\/marekkuchcinski.pl\/wp-content\/uploads\/2019\/04\/IMG_1853-768x483.jpg 768w, https:\/\/marekkuchcinski.pl\/wp-content\/uploads\/2019\/04\/IMG_1853.jpg 2048w\" sizes=\"(max-width: 1024px) 100vw, 1024px\" \/><\/figure>\n\n\n\n<figure class=\"wp-block-image\"><img loading=\"lazy\" decoding=\"async\" width=\"1024\" height=\"710\" src=\"https:\/\/marekkuchcinski.pl\/wp-content\/uploads\/2019\/04\/IMG_1884-1024x710.jpg\" alt=\"\" class=\"wp-image-14457\" srcset=\"https:\/\/marekkuchcinski.pl\/wp-content\/uploads\/2019\/04\/IMG_1884-1024x710.jpg 1024w, https:\/\/marekkuchcinski.pl\/wp-content\/uploads\/2019\/04\/IMG_1884-300x208.jpg 300w, https:\/\/marekkuchcinski.pl\/wp-content\/uploads\/2019\/04\/IMG_1884-768x532.jpg 768w, https:\/\/marekkuchcinski.pl\/wp-content\/uploads\/2019\/04\/IMG_1884.jpg 2048w\" sizes=\"(max-width: 1024px) 100vw, 1024px\" \/><\/figure>\n\n\n\n<figure class=\"wp-block-image\"><img loading=\"lazy\" decoding=\"async\" width=\"1024\" height=\"702\" src=\"https:\/\/marekkuchcinski.pl\/wp-content\/uploads\/2019\/04\/IMG_1751-1024x702.jpg\" alt=\"\" class=\"wp-image-14463\" srcset=\"https:\/\/marekkuchcinski.pl\/wp-content\/uploads\/2019\/04\/IMG_1751-1024x702.jpg 1024w, https:\/\/marekkuchcinski.pl\/wp-content\/uploads\/2019\/04\/IMG_1751-300x206.jpg 300w, https:\/\/marekkuchcinski.pl\/wp-content\/uploads\/2019\/04\/IMG_1751-768x526.jpg 768w, https:\/\/marekkuchcinski.pl\/wp-content\/uploads\/2019\/04\/IMG_1751.jpg 2048w\" sizes=\"(max-width: 1024px) 100vw, 1024px\" \/><\/figure>","protected":false},"excerpt":{"rendered":"<p>W 80. rocznic\u0119 \u015bmierci Walerego S\u0142awka, ps. Gustaw, Marsza\u0142ek Sejmu Marek Kuchci\u0144ski ods\u0142oni\u0142 tablic\u0119 po\u015bwi\u0119con\u0105 pu\u0142kownikowi, marsza\u0142kowi Sejmu, trzykrotnemu premierowi, bliskiemu wsp\u00f3\u0142pracownikowi marsza\u0142ka Pi\u0142sudskiego, Kawalerowi Orderu Or\u0142a Bia\u0142ego i Krzy\u017ca Srebrnego Orderu Wojennego Virtuti Militari. Budynek przy ul. Szucha w Warszawie zosta\u0142 wybrany nieprzypadkowo. S\u0142awek mieszka\u0142 tam i pracowa\u0142. Cz\u0142owiek, o kt\u00f3rym m\u00f3wiono, \u017ce rozmowa [&hellip;]<\/p>","protected":false},"author":6,"featured_media":14473,"comment_status":"open","ping_status":"open","sticky":false,"template":"","format":"standard","meta":{"ngg_post_thumbnail":0,"footnotes":""},"categories":[77,3],"tags":[],"class_list":["post-14483","post","type-post","status-publish","format-standard","has-post-thumbnail","hentry","category-wazne-daty","category-wydarzenia"],"yoast_head":"<!-- This site is optimized with the Yoast SEO plugin v24.7 - https:\/\/yoast.com\/wordpress\/plugins\/seo\/ -->\n<title>Marek Kuchci\u0144ski odda\u0142 ho\u0142d w 80. rocznic\u0119 \u015bmierci Walerego S\u0142awka - marsza\u0142ka Sejmu, premiera, \u017co\u0142nierza, przyjaciela J\u00f3zefa Pi\u0142sudskiego &#8211; Marek Kuchci\u0144ski<\/title>\n<meta name=\"robots\" content=\"index, follow, max-snippet:-1, max-image-preview:large, max-video-preview:-1\" \/>\n<link rel=\"canonical\" href=\"https:\/\/marekkuchcinski.pl\/en\/wydarzenia\/marek-kuchcinski-oddal-hold-w-80-rocznice-smierci-walerego-slawka-marszalka-sejmu-premiera-zolnierza-przyjaciela-jozefa-pilsudskiego\/\" \/>\n<meta property=\"og:locale\" content=\"en_GB\" \/>\n<meta property=\"og:type\" content=\"article\" \/>\n<meta property=\"og:title\" content=\"Marek Kuchci\u0144ski odda\u0142 ho\u0142d w 80. rocznic\u0119 \u015bmierci Walerego S\u0142awka - marsza\u0142ka Sejmu, premiera, \u017co\u0142nierza, przyjaciela J\u00f3zefa Pi\u0142sudskiego &#8211; Marek Kuchci\u0144ski\" \/>\n<meta property=\"og:description\" content=\"W 80. rocznic\u0119 \u015bmierci Walerego S\u0142awka, ps. Gustaw, Marsza\u0142ek Sejmu Marek Kuchci\u0144ski ods\u0142oni\u0142 tablic\u0119 po\u015bwi\u0119con\u0105 pu\u0142kownikowi, marsza\u0142kowi Sejmu, trzykrotnemu premierowi, bliskiemu wsp\u00f3\u0142pracownikowi marsza\u0142ka Pi\u0142sudskiego, Kawalerowi Orderu Or\u0142a Bia\u0142ego i Krzy\u017ca Srebrnego Orderu Wojennego Virtuti Militari. Budynek przy ul. Szucha w Warszawie zosta\u0142 wybrany nieprzypadkowo. S\u0142awek mieszka\u0142 tam i pracowa\u0142. Cz\u0142owiek, o kt\u00f3rym m\u00f3wiono, \u017ce rozmowa [&hellip;]\" \/>\n<meta property=\"og:url\" content=\"https:\/\/marekkuchcinski.pl\/en\/wydarzenia\/marek-kuchcinski-oddal-hold-w-80-rocznice-smierci-walerego-slawka-marszalka-sejmu-premiera-zolnierza-przyjaciela-jozefa-pilsudskiego\/\" \/>\n<meta property=\"og:site_name\" content=\"Marek Kuchci\u0144ski\" \/>\n<meta property=\"article:published_time\" content=\"2019-04-03T19:25:45+00:00\" \/>\n<meta property=\"article:modified_time\" content=\"2019-04-03T22:03:42+00:00\" \/>\n<meta property=\"og:image\" content=\"https:\/\/marekkuchcinski.pl\/wp-content\/uploads\/2019\/04\/IMG_1326.jpg\" \/>\n\t<meta property=\"og:image:width\" content=\"2048\" \/>\n\t<meta property=\"og:image:height\" content=\"1304\" \/>\n\t<meta property=\"og:image:type\" content=\"image\/jpeg\" \/>\n<meta name=\"author\" content=\"admin\" \/>\n<meta name=\"twitter:card\" content=\"summary_large_image\" \/>\n<meta name=\"twitter:label1\" content=\"Written by\" \/>\n\t<meta name=\"twitter:data1\" content=\"admin\" \/>\n\t<meta name=\"twitter:label2\" content=\"Estimated reading time\" \/>\n\t<meta name=\"twitter:data2\" content=\"2 minutes\" \/>\n<script type=\"application\/ld+json\" class=\"yoast-schema-graph\">{\"@context\":\"https:\/\/schema.org\",\"@graph\":[{\"@type\":\"Article\",\"@id\":\"https:\/\/marekkuchcinski.pl\/uk\/wydarzenia\/marek-kuchcinski-oddal-hold-w-80-rocznice-smierci-walerego-slawka-marszalka-sejmu-premiera-zolnierza-przyjaciela-jozefa-pilsudskiego\/#article\",\"isPartOf\":{\"@id\":\"https:\/\/marekkuchcinski.pl\/uk\/wydarzenia\/marek-kuchcinski-oddal-hold-w-80-rocznice-smierci-walerego-slawka-marszalka-sejmu-premiera-zolnierza-przyjaciela-jozefa-pilsudskiego\/\"},\"author\":{\"name\":\"admin\",\"@id\":\"https:\/\/marekkuchcinski.pl\/#\/schema\/person\/6f62700996b4d950b6ea2d1183b6c6be\"},\"headline\":\"Marek Kuchci\u0144ski odda\u0142 ho\u0142d w 80. rocznic\u0119 \u015bmierci Walerego S\u0142awka &#8211; marsza\u0142ka Sejmu, premiera, \u017co\u0142nierza, przyjaciela J\u00f3zefa Pi\u0142sudskiego\",\"datePublished\":\"2019-04-03T19:25:45+00:00\",\"dateModified\":\"2019-04-03T22:03:42+00:00\",\"mainEntityOfPage\":{\"@id\":\"https:\/\/marekkuchcinski.pl\/uk\/wydarzenia\/marek-kuchcinski-oddal-hold-w-80-rocznice-smierci-walerego-slawka-marszalka-sejmu-premiera-zolnierza-przyjaciela-jozefa-pilsudskiego\/\"},\"wordCount\":413,\"commentCount\":0,\"publisher\":{\"@id\":\"https:\/\/marekkuchcinski.pl\/#organization\"},\"image\":{\"@id\":\"https:\/\/marekkuchcinski.pl\/uk\/wydarzenia\/marek-kuchcinski-oddal-hold-w-80-rocznice-smierci-walerego-slawka-marszalka-sejmu-premiera-zolnierza-przyjaciela-jozefa-pilsudskiego\/#primaryimage\"},\"thumbnailUrl\":\"https:\/\/marekkuchcinski.pl\/wp-content\/uploads\/2019\/04\/IMG_1326.jpg\",\"articleSection\":[\"Wa\u017cne daty\",\"Wydarzenia\"],\"inLanguage\":\"en-GB\",\"potentialAction\":[{\"@type\":\"CommentAction\",\"name\":\"Comment\",\"target\":[\"https:\/\/marekkuchcinski.pl\/uk\/wydarzenia\/marek-kuchcinski-oddal-hold-w-80-rocznice-smierci-walerego-slawka-marszalka-sejmu-premiera-zolnierza-przyjaciela-jozefa-pilsudskiego\/#respond\"]}]},{\"@type\":\"WebPage\",\"@id\":\"https:\/\/marekkuchcinski.pl\/uk\/wydarzenia\/marek-kuchcinski-oddal-hold-w-80-rocznice-smierci-walerego-slawka-marszalka-sejmu-premiera-zolnierza-przyjaciela-jozefa-pilsudskiego\/\",\"url\":\"https:\/\/marekkuchcinski.pl\/uk\/wydarzenia\/marek-kuchcinski-oddal-hold-w-80-rocznice-smierci-walerego-slawka-marszalka-sejmu-premiera-zolnierza-przyjaciela-jozefa-pilsudskiego\/\",\"name\":\"Marek Kuchci\u0144ski odda\u0142 ho\u0142d w 80. rocznic\u0119 \u015bmierci Walerego S\u0142awka - marsza\u0142ka Sejmu, premiera, \u017co\u0142nierza, przyjaciela J\u00f3zefa Pi\u0142sudskiego &#8211; Marek Kuchci\u0144ski\",\"isPartOf\":{\"@id\":\"https:\/\/marekkuchcinski.pl\/#website\"},\"primaryImageOfPage\":{\"@id\":\"https:\/\/marekkuchcinski.pl\/uk\/wydarzenia\/marek-kuchcinski-oddal-hold-w-80-rocznice-smierci-walerego-slawka-marszalka-sejmu-premiera-zolnierza-przyjaciela-jozefa-pilsudskiego\/#primaryimage\"},\"image\":{\"@id\":\"https:\/\/marekkuchcinski.pl\/uk\/wydarzenia\/marek-kuchcinski-oddal-hold-w-80-rocznice-smierci-walerego-slawka-marszalka-sejmu-premiera-zolnierza-przyjaciela-jozefa-pilsudskiego\/#primaryimage\"},\"thumbnailUrl\":\"https:\/\/marekkuchcinski.pl\/wp-content\/uploads\/2019\/04\/IMG_1326.jpg\",\"datePublished\":\"2019-04-03T19:25:45+00:00\",\"dateModified\":\"2019-04-03T22:03:42+00:00\",\"breadcrumb\":{\"@id\":\"https:\/\/marekkuchcinski.pl\/uk\/wydarzenia\/marek-kuchcinski-oddal-hold-w-80-rocznice-smierci-walerego-slawka-marszalka-sejmu-premiera-zolnierza-przyjaciela-jozefa-pilsudskiego\/#breadcrumb\"},\"inLanguage\":\"en-GB\",\"potentialAction\":[{\"@type\":\"ReadAction\",\"target\":[\"https:\/\/marekkuchcinski.pl\/uk\/wydarzenia\/marek-kuchcinski-oddal-hold-w-80-rocznice-smierci-walerego-slawka-marszalka-sejmu-premiera-zolnierza-przyjaciela-jozefa-pilsudskiego\/\"]}]},{\"@type\":\"ImageObject\",\"inLanguage\":\"en-GB\",\"@id\":\"https:\/\/marekkuchcinski.pl\/uk\/wydarzenia\/marek-kuchcinski-oddal-hold-w-80-rocznice-smierci-walerego-slawka-marszalka-sejmu-premiera-zolnierza-przyjaciela-jozefa-pilsudskiego\/#primaryimage\",\"url\":\"https:\/\/marekkuchcinski.pl\/wp-content\/uploads\/2019\/04\/IMG_1326.jpg\",\"contentUrl\":\"https:\/\/marekkuchcinski.pl\/wp-content\/uploads\/2019\/04\/IMG_1326.jpg\",\"width\":2048,\"height\":1304},{\"@type\":\"BreadcrumbList\",\"@id\":\"https:\/\/marekkuchcinski.pl\/uk\/wydarzenia\/marek-kuchcinski-oddal-hold-w-80-rocznice-smierci-walerego-slawka-marszalka-sejmu-premiera-zolnierza-przyjaciela-jozefa-pilsudskiego\/#breadcrumb\",\"itemListElement\":[{\"@type\":\"ListItem\",\"position\":1,\"name\":\"Strona g\u0142\u00f3wna\",\"item\":\"https:\/\/marekkuchcinski.pl\/\"},{\"@type\":\"ListItem\",\"position\":2,\"name\":\"Marek Kuchci\u0144ski odda\u0142 ho\u0142d w 80. rocznic\u0119 \u015bmierci Walerego S\u0142awka &#8211; marsza\u0142ka Sejmu, premiera, \u017co\u0142nierza, przyjaciela J\u00f3zefa Pi\u0142sudskiego\"}]},{\"@type\":\"WebSite\",\"@id\":\"https:\/\/marekkuchcinski.pl\/#website\",\"url\":\"https:\/\/marekkuchcinski.pl\/\",\"name\":\"Marek Kuchci\u0144ski\",\"description\":\"Pose\u0142 na sejm RP &ndash; okr\u0119g nr 22\",\"publisher\":{\"@id\":\"https:\/\/marekkuchcinski.pl\/#organization\"},\"potentialAction\":[{\"@type\":\"SearchAction\",\"target\":{\"@type\":\"EntryPoint\",\"urlTemplate\":\"https:\/\/marekkuchcinski.pl\/?s={search_term_string}\"},\"query-input\":{\"@type\":\"PropertyValueSpecification\",\"valueRequired\":true,\"valueName\":\"search_term_string\"}}],\"inLanguage\":\"en-GB\"},{\"@type\":\"Organization\",\"@id\":\"https:\/\/marekkuchcinski.pl\/#organization\",\"name\":\"Marek Kuchci\u0144ski\",\"url\":\"https:\/\/marekkuchcinski.pl\/\",\"logo\":{\"@type\":\"ImageObject\",\"inLanguage\":\"en-GB\",\"@id\":\"https:\/\/marekkuchcinski.pl\/#\/schema\/logo\/image\/\",\"url\":\"https:\/\/marekkuchcinski.pl\/wp-content\/uploads\/2022\/09\/Marek.jpg\",\"contentUrl\":\"https:\/\/marekkuchcinski.pl\/wp-content\/uploads\/2022\/09\/Marek.jpg\",\"width\":1600,\"height\":971,\"caption\":\"Marek Kuchci\u0144ski\"},\"image\":{\"@id\":\"https:\/\/marekkuchcinski.pl\/#\/schema\/logo\/image\/\"}},{\"@type\":\"Person\",\"@id\":\"https:\/\/marekkuchcinski.pl\/#\/schema\/person\/6f62700996b4d950b6ea2d1183b6c6be\",\"name\":\"admin\",\"image\":{\"@type\":\"ImageObject\",\"inLanguage\":\"en-GB\",\"@id\":\"https:\/\/marekkuchcinski.pl\/#\/schema\/person\/image\/\",\"url\":\"https:\/\/secure.gravatar.com\/avatar\/4bab693b9d55c3d6b52c0296a8765085?s=96&d=mm&r=g\",\"contentUrl\":\"https:\/\/secure.gravatar.com\/avatar\/4bab693b9d55c3d6b52c0296a8765085?s=96&d=mm&r=g\",\"caption\":\"admin\"},\"url\":\"https:\/\/marekkuchcinski.pl\/en\/author\/marta-olejnik\/\"}]}<\/script>\n<!-- \/ Yoast SEO plugin. -->","yoast_head_json":{"title":"Marek Kuchci\u0144ski odda\u0142 ho\u0142d w 80. rocznic\u0119 \u015bmierci Walerego S\u0142awka - marsza\u0142ka Sejmu, premiera, \u017co\u0142nierza, przyjaciela J\u00f3zefa Pi\u0142sudskiego &#8211; Marek Kuchci\u0144ski","robots":{"index":"index","follow":"follow","max-snippet":"max-snippet:-1","max-image-preview":"max-image-preview:large","max-video-preview":"max-video-preview:-1"},"canonical":"https:\/\/marekkuchcinski.pl\/en\/wydarzenia\/marek-kuchcinski-oddal-hold-w-80-rocznice-smierci-walerego-slawka-marszalka-sejmu-premiera-zolnierza-przyjaciela-jozefa-pilsudskiego\/","og_locale":"en_GB","og_type":"article","og_title":"Marek Kuchci\u0144ski odda\u0142 ho\u0142d w 80. rocznic\u0119 \u015bmierci Walerego S\u0142awka - marsza\u0142ka Sejmu, premiera, \u017co\u0142nierza, przyjaciela J\u00f3zefa Pi\u0142sudskiego &#8211; Marek Kuchci\u0144ski","og_description":"W 80. rocznic\u0119 \u015bmierci Walerego S\u0142awka, ps. Gustaw, Marsza\u0142ek Sejmu Marek Kuchci\u0144ski ods\u0142oni\u0142 tablic\u0119 po\u015bwi\u0119con\u0105 pu\u0142kownikowi, marsza\u0142kowi Sejmu, trzykrotnemu premierowi, bliskiemu wsp\u00f3\u0142pracownikowi marsza\u0142ka Pi\u0142sudskiego, Kawalerowi Orderu Or\u0142a Bia\u0142ego i Krzy\u017ca Srebrnego Orderu Wojennego Virtuti Militari. Budynek przy ul. Szucha w Warszawie zosta\u0142 wybrany nieprzypadkowo. S\u0142awek mieszka\u0142 tam i pracowa\u0142. Cz\u0142owiek, o kt\u00f3rym m\u00f3wiono, \u017ce rozmowa [&hellip;]","og_url":"https:\/\/marekkuchcinski.pl\/en\/wydarzenia\/marek-kuchcinski-oddal-hold-w-80-rocznice-smierci-walerego-slawka-marszalka-sejmu-premiera-zolnierza-przyjaciela-jozefa-pilsudskiego\/","og_site_name":"Marek Kuchci\u0144ski","article_published_time":"2019-04-03T19:25:45+00:00","article_modified_time":"2019-04-03T22:03:42+00:00","og_image":[{"width":2048,"height":1304,"url":"https:\/\/marekkuchcinski.pl\/wp-content\/uploads\/2019\/04\/IMG_1326.jpg","type":"image\/jpeg"}],"author":"admin","twitter_card":"summary_large_image","twitter_misc":{"Written by":"admin","Estimated reading time":"2 minutes"},"schema":{"@context":"https:\/\/schema.org","@graph":[{"@type":"Article","@id":"https:\/\/marekkuchcinski.pl\/uk\/wydarzenia\/marek-kuchcinski-oddal-hold-w-80-rocznice-smierci-walerego-slawka-marszalka-sejmu-premiera-zolnierza-przyjaciela-jozefa-pilsudskiego\/#article","isPartOf":{"@id":"https:\/\/marekkuchcinski.pl\/uk\/wydarzenia\/marek-kuchcinski-oddal-hold-w-80-rocznice-smierci-walerego-slawka-marszalka-sejmu-premiera-zolnierza-przyjaciela-jozefa-pilsudskiego\/"},"author":{"name":"admin","@id":"https:\/\/marekkuchcinski.pl\/#\/schema\/person\/6f62700996b4d950b6ea2d1183b6c6be"},"headline":"Marek Kuchci\u0144ski odda\u0142 ho\u0142d w 80. rocznic\u0119 \u015bmierci Walerego S\u0142awka &#8211; marsza\u0142ka Sejmu, premiera, \u017co\u0142nierza, przyjaciela J\u00f3zefa Pi\u0142sudskiego","datePublished":"2019-04-03T19:25:45+00:00","dateModified":"2019-04-03T22:03:42+00:00","mainEntityOfPage":{"@id":"https:\/\/marekkuchcinski.pl\/uk\/wydarzenia\/marek-kuchcinski-oddal-hold-w-80-rocznice-smierci-walerego-slawka-marszalka-sejmu-premiera-zolnierza-przyjaciela-jozefa-pilsudskiego\/"},"wordCount":413,"commentCount":0,"publisher":{"@id":"https:\/\/marekkuchcinski.pl\/#organization"},"image":{"@id":"https:\/\/marekkuchcinski.pl\/uk\/wydarzenia\/marek-kuchcinski-oddal-hold-w-80-rocznice-smierci-walerego-slawka-marszalka-sejmu-premiera-zolnierza-przyjaciela-jozefa-pilsudskiego\/#primaryimage"},"thumbnailUrl":"https:\/\/marekkuchcinski.pl\/wp-content\/uploads\/2019\/04\/IMG_1326.jpg","articleSection":["Wa\u017cne daty","Wydarzenia"],"inLanguage":"en-GB","potentialAction":[{"@type":"CommentAction","name":"Comment","target":["https:\/\/marekkuchcinski.pl\/uk\/wydarzenia\/marek-kuchcinski-oddal-hold-w-80-rocznice-smierci-walerego-slawka-marszalka-sejmu-premiera-zolnierza-przyjaciela-jozefa-pilsudskiego\/#respond"]}]},{"@type":"WebPage","@id":"https:\/\/marekkuchcinski.pl\/uk\/wydarzenia\/marek-kuchcinski-oddal-hold-w-80-rocznice-smierci-walerego-slawka-marszalka-sejmu-premiera-zolnierza-przyjaciela-jozefa-pilsudskiego\/","url":"https:\/\/marekkuchcinski.pl\/uk\/wydarzenia\/marek-kuchcinski-oddal-hold-w-80-rocznice-smierci-walerego-slawka-marszalka-sejmu-premiera-zolnierza-przyjaciela-jozefa-pilsudskiego\/","name":"Marek Kuchci\u0144ski odda\u0142 ho\u0142d w 80. rocznic\u0119 \u015bmierci Walerego S\u0142awka - marsza\u0142ka Sejmu, premiera, \u017co\u0142nierza, przyjaciela J\u00f3zefa Pi\u0142sudskiego &#8211; Marek Kuchci\u0144ski","isPartOf":{"@id":"https:\/\/marekkuchcinski.pl\/#website"},"primaryImageOfPage":{"@id":"https:\/\/marekkuchcinski.pl\/uk\/wydarzenia\/marek-kuchcinski-oddal-hold-w-80-rocznice-smierci-walerego-slawka-marszalka-sejmu-premiera-zolnierza-przyjaciela-jozefa-pilsudskiego\/#primaryimage"},"image":{"@id":"https:\/\/marekkuchcinski.pl\/uk\/wydarzenia\/marek-kuchcinski-oddal-hold-w-80-rocznice-smierci-walerego-slawka-marszalka-sejmu-premiera-zolnierza-przyjaciela-jozefa-pilsudskiego\/#primaryimage"},"thumbnailUrl":"https:\/\/marekkuchcinski.pl\/wp-content\/uploads\/2019\/04\/IMG_1326.jpg","datePublished":"2019-04-03T19:25:45+00:00","dateModified":"2019-04-03T22:03:42+00:00","breadcrumb":{"@id":"https:\/\/marekkuchcinski.pl\/uk\/wydarzenia\/marek-kuchcinski-oddal-hold-w-80-rocznice-smierci-walerego-slawka-marszalka-sejmu-premiera-zolnierza-przyjaciela-jozefa-pilsudskiego\/#breadcrumb"},"inLanguage":"en-GB","potentialAction":[{"@type":"ReadAction","target":["https:\/\/marekkuchcinski.pl\/uk\/wydarzenia\/marek-kuchcinski-oddal-hold-w-80-rocznice-smierci-walerego-slawka-marszalka-sejmu-premiera-zolnierza-przyjaciela-jozefa-pilsudskiego\/"]}]},{"@type":"ImageObject","inLanguage":"en-GB","@id":"https:\/\/marekkuchcinski.pl\/uk\/wydarzenia\/marek-kuchcinski-oddal-hold-w-80-rocznice-smierci-walerego-slawka-marszalka-sejmu-premiera-zolnierza-przyjaciela-jozefa-pilsudskiego\/#primaryimage","url":"https:\/\/marekkuchcinski.pl\/wp-content\/uploads\/2019\/04\/IMG_1326.jpg","contentUrl":"https:\/\/marekkuchcinski.pl\/wp-content\/uploads\/2019\/04\/IMG_1326.jpg","width":2048,"height":1304},{"@type":"BreadcrumbList","@id":"https:\/\/marekkuchcinski.pl\/uk\/wydarzenia\/marek-kuchcinski-oddal-hold-w-80-rocznice-smierci-walerego-slawka-marszalka-sejmu-premiera-zolnierza-przyjaciela-jozefa-pilsudskiego\/#breadcrumb","itemListElement":[{"@type":"ListItem","position":1,"name":"Strona g\u0142\u00f3wna","item":"https:\/\/marekkuchcinski.pl\/"},{"@type":"ListItem","position":2,"name":"Marek Kuchci\u0144ski odda\u0142 ho\u0142d w 80. rocznic\u0119 \u015bmierci Walerego S\u0142awka &#8211; marsza\u0142ka Sejmu, premiera, \u017co\u0142nierza, przyjaciela J\u00f3zefa Pi\u0142sudskiego"}]},{"@type":"WebSite","@id":"https:\/\/marekkuchcinski.pl\/#website","url":"https:\/\/marekkuchcinski.pl\/","name":"Marek Kuchci\u0144ski","description":"Pose\u0142 na sejm RP &ndash; okr\u0119g nr 22","publisher":{"@id":"https:\/\/marekkuchcinski.pl\/#organization"},"potentialAction":[{"@type":"SearchAction","target":{"@type":"EntryPoint","urlTemplate":"https:\/\/marekkuchcinski.pl\/?s={search_term_string}"},"query-input":{"@type":"PropertyValueSpecification","valueRequired":true,"valueName":"search_term_string"}}],"inLanguage":"en-GB"},{"@type":"Organization","@id":"https:\/\/marekkuchcinski.pl\/#organization","name":"Marek Kuchci\u0144ski","url":"https:\/\/marekkuchcinski.pl\/","logo":{"@type":"ImageObject","inLanguage":"en-GB","@id":"https:\/\/marekkuchcinski.pl\/#\/schema\/logo\/image\/","url":"https:\/\/marekkuchcinski.pl\/wp-content\/uploads\/2022\/09\/Marek.jpg","contentUrl":"https:\/\/marekkuchcinski.pl\/wp-content\/uploads\/2022\/09\/Marek.jpg","width":1600,"height":971,"caption":"Marek Kuchci\u0144ski"},"image":{"@id":"https:\/\/marekkuchcinski.pl\/#\/schema\/logo\/image\/"}},{"@type":"Person","@id":"https:\/\/marekkuchcinski.pl\/#\/schema\/person\/6f62700996b4d950b6ea2d1183b6c6be","name":"admin","image":{"@type":"ImageObject","inLanguage":"en-GB","@id":"https:\/\/marekkuchcinski.pl\/#\/schema\/person\/image\/","url":"https:\/\/secure.gravatar.com\/avatar\/4bab693b9d55c3d6b52c0296a8765085?s=96&d=mm&r=g","contentUrl":"https:\/\/secure.gravatar.com\/avatar\/4bab693b9d55c3d6b52c0296a8765085?s=96&d=mm&r=g","caption":"admin"},"url":"https:\/\/marekkuchcinski.pl\/en\/author\/marta-olejnik\/"}]}},"_links":{"self":[{"href":"https:\/\/marekkuchcinski.pl\/en\/wp-json\/wp\/v2\/posts\/14483","targetHints":{"allow":["GET"]}}],"collection":[{"href":"https:\/\/marekkuchcinski.pl\/en\/wp-json\/wp\/v2\/posts"}],"about":[{"href":"https:\/\/marekkuchcinski.pl\/en\/wp-json\/wp\/v2\/types\/post"}],"author":[{"embeddable":true,"href":"https:\/\/marekkuchcinski.pl\/en\/wp-json\/wp\/v2\/users\/6"}],"replies":[{"embeddable":true,"href":"https:\/\/marekkuchcinski.pl\/en\/wp-json\/wp\/v2\/comments?post=14483"}],"version-history":[{"count":15,"href":"https:\/\/marekkuchcinski.pl\/en\/wp-json\/wp\/v2\/posts\/14483\/revisions"}],"predecessor-version":[{"id":14511,"href":"https:\/\/marekkuchcinski.pl\/en\/wp-json\/wp\/v2\/posts\/14483\/revisions\/14511"}],"wp:featuredmedia":[{"embeddable":true,"href":"https:\/\/marekkuchcinski.pl\/en\/wp-json\/wp\/v2\/media\/14473"}],"wp:attachment":[{"href":"https:\/\/marekkuchcinski.pl\/en\/wp-json\/wp\/v2\/media?parent=14483"}],"wp:term":[{"taxonomy":"category","embeddable":true,"href":"https:\/\/marekkuchcinski.pl\/en\/wp-json\/wp\/v2\/categories?post=14483"},{"taxonomy":"post_tag","embeddable":true,"href":"https:\/\/marekkuchcinski.pl\/en\/wp-json\/wp\/v2\/tags?post=14483"}],"curies":[{"name":"wp","href":"https:\/\/api.w.org\/{rel}","templated":true}]}}