{"id":14400,"date":"2019-04-02T12:14:34","date_gmt":"2019-04-02T10:14:34","guid":{"rendered":"https:\/\/marekkuchcinski.pl\/?p=14400"},"modified":"2019-04-02T14:07:44","modified_gmt":"2019-04-02T12:07:44","slug":"emerytura-plus-dalsze-uszczelnianie-vat-walka-z-mafia-lekowa-zapowiedz-79-posiedzenia-sejmu%ef%bb%bf","status":"publish","type":"post","link":"https:\/\/marekkuchcinski.pl\/en\/wydarzenia\/emerytura-plus-dalsze-uszczelnianie-vat-walka-z-mafia-lekowa-zapowiedz-79-posiedzenia-sejmu%ef%bb%bf\/","title":{"rendered":"\"Retirement Plus\", further tightening of VAT, the fight against the drug mafia. Announcement of the 79th Sejm session"},"content":{"rendered":"<p class=\"wp-block-paragraph\">On Wednesday, April 3, at 10:00 a.m. the 79th session of the Sejm will begin. The main item on the agenda will be the \"Emerytura Plus\" project, i.e. additional support for pensioners in 2019. The agenda also includes, among others, further proposals on sealing VAT and a project hitting the drug mafia. MEPs will also work on the ratification of the protocol on the accession of North Macedonia to NATO. <\/p>\n\n\n\n<p class=\"wp-block-paragraph\">According to the draft presented by the government on the provision of&nbsp;<strong>\"Emerytura Plus\", this year all pensioners will receive an additional pension of PLN 1100 gross, or PLN 888.25 per hand<\/strong>. The support will be paid automatically, without unnecessary paperwork, regardless of the amount of benefits received. The thirteenth pension will go to&nbsp;<strong>more than 9.8 million seniors, including nearly 7 million pensioners and over 2.5 million disability benefit recipients<\/strong>. The benefit will be used by people in the general insurance system, farmers in the Agricultural Social Insurance Fund, uniformed services, war invalids and pensioners, as well as people receiving teachers' compensation benefits, pre-retirement allowances and benefits, or social pensions. The government stresses that in order to improve the situation of pensioners and their financial security, a triple action for seniors is being implemented in 2019 for the first time in 30 years:&nbsp;<strong>The quota pension indexation, reduced PIT and the \"Retirement Plus\" benefit.<\/strong>.<\/p>\n\n\n\n<p class=\"wp-block-paragraph\"><strong>Creation of a single VAT taxpayer database<\/strong>&nbsp;The proposed amendment to the Law on Goods and Services Tax assumes. This government proposal is part of the implementation of Prime Minister Mateusz Morawiecki's expos\u00e9. The purpose of the new solutions is&nbsp;<strong>further tightening of the VAT system<\/strong>. They will also contribute to strengthening fair competition among entrepreneurs and reducing the grey market. According to the draft, a list of VAT taxpayers will be made available on the website of the Ministry of Finance. The register is to<strong>minimize the risk of taxpayers unwittingly participating in VAT carousels<\/strong>.<\/p>\n\n\n\n<p class=\"wp-block-paragraph\"><strong>No more illegal exports of medicines from Poland<\/strong>&nbsp;- Such is to be the effect of governmental proposals of changes in the Pharmaceutical Law and the Law on Medical Activity. The goal is&nbsp;<strong>effective fight against the drug mafia.<\/strong>The bill provides for stricter penalties for illegal export of medicines. It introduces a ban on pharmaceutical wholesalers sourcing medicinal products from retailers,<a href=\"http:\/\/m.in\/\" target=\"_blank\" rel=\"noreferrer noopener\">among others<\/a>. in pharmacies. Acquiring, disposing, exporting or storing a drug against the law will be punishable by imprisonment from 3 months to 5 years. For large-scale crimes, from 6 months to 8 years, and if the crime involves&nbsp;<strong>of a drug threatened with lack of availability in Poland will be punished with 1 to 10 years of imprisonment<\/strong>.<\/p>\n\n\n\n<p class=\"wp-block-paragraph\">The Sejm will take up a project concerning&nbsp;<strong>ratification of the Protocol to the North Atlantic Treaty on the accession of North Macedonia<\/strong>, signed in Brussels on February 6, 2019. The Government indicates that NATO's enlargement policy remains fundamental to increasing the zone of security and stability in and around Europe's borders. In the government's assessment&nbsp;<strong>accession of Northern Macedonia to NATO should bring tangible stability to the entire Western Balkans region and a positive change in the security environment around Poland<\/strong>.<\/p>\n\n\n\n<p class=\"wp-block-paragraph\">During the 79th session, the Sejm will also consider a motion to express no confidence in the Minister of Agriculture and Rural Development.<\/p>\n\n\n\n<p class=\"wp-block-paragraph\">In votes scheduled for the second day of session, the House will take&nbsp;<a href=\"http:\/\/m.in\/\" target=\"_blank\" rel=\"noreferrer noopener\">among others<\/a>. decision on the appointment of the President of the Office for Personal Data Protection.<\/p>\n\n\n\n<p class=\"wp-block-paragraph\">The full agenda of the 79th Sejm session:&nbsp;<a href=\"http:\/\/www.sejm.gov.pl\/Sejm8.nsf\/PorzadekObrad.xsp\" target=\"_blank\" rel=\"noreferrer noopener\">http:\/\/www.sejm.gov.pl\/Sejm8.nsf\/PorzadekObrad.xsp<\/a><\/p>\n\n\n\n<p class=\"wp-block-paragraph\">Youtube video announcement:&nbsp;<a href=\"https:\/\/www.youtube.com\/watch?v=ou9nhlm9EZQ&amp;feature=youtu.be&amp;fbclid=IwAR3Dx6DkhlrJ-jpMTVnJ5wwpzlTscYtWMQ9QLaOIWtrE5fwYIlPqEz5PbZw\" target=\"_blank\" rel=\"noreferrer noopener\">https:\/\/www.youtube.com\/watch?v=ou9nhlm9EZQ&amp;feature=youtu.be&amp;fbclid=IwAR3Dx6DkhlrJ-jpMTVnJ5wwpzlTscYtWMQ9QLaOIWtrE5fwYIlPqEz5PbZw<\/a><\/p>\n\n\n\n<p class=\"wp-block-paragraph\">Link to the announcement on the Diet website:<a rel=\"noreferrer noopener\" href=\"http:\/\/sejm.gov.pl\/Sejm8.nsf\/komunikat.xsp?documentId=C39276B74F52C96DC12583CC003D02C9\" target=\"_blank\">&nbsp;http:\/\/sejm.gov.pl\/Sejm8.nsf\/komunikat.xsp?documentId=C39276B74F52C96DC12583CC003D02C9<\/a><\/p>\n\n\n\n<figure class=\"wp-block-image\"><img fetchpriority=\"high\" decoding=\"async\" width=\"1024\" height=\"722\" src=\"https:\/\/marekkuchcinski.pl\/wp-content\/uploads\/2019\/04\/na-www-sejm-1-1024x722.jpg\" alt=\"\" class=\"wp-image-14437\" srcset=\"https:\/\/marekkuchcinski.pl\/wp-content\/uploads\/2019\/04\/na-www-sejm-1-1024x722.jpg 1024w, https:\/\/marekkuchcinski.pl\/wp-content\/uploads\/2019\/04\/na-www-sejm-1-300x212.jpg 300w, https:\/\/marekkuchcinski.pl\/wp-content\/uploads\/2019\/04\/na-www-sejm-1-768x542.jpg 768w, https:\/\/marekkuchcinski.pl\/wp-content\/uploads\/2019\/04\/na-www-sejm-1.jpg 2048w\" sizes=\"(max-width: 1024px) 100vw, 1024px\" \/><figcaption><em>Sejm of the Republic of Poland\/ photo by Marta Olejnik<\/em><\/figcaption><\/figure>","protected":false},"excerpt":{"rendered":"<p>W \u015brod\u0119 3 kwietnia o godz. 10:00 rozpocznie si\u0119 79. posiedzenie Sejmu. G\u0142\u00f3wnym punktem obrad b\u0119dzie projekt \u201eEmerytura Plus\u201d, czyli dodatkowe wsparcie dla emeryt\u00f3w i rencist\u00f3w w 2019 r. W porz\u0105dku posiedzenia tak\u017ce m.in. kolejne propozycje dotycz\u0105ce uszczelniania VAT i projekt uderzaj\u0105cy w mafi\u0119 lekow\u0105. Pos\u0142owie b\u0119d\u0105 te\u017c pracowa\u0107 nad ratyfikacj\u0105 protoko\u0142u ws. akcesji Macedonii [&hellip;]<\/p>\n","protected":false},"author":6,"featured_media":14436,"comment_status":"open","ping_status":"open","sticky":false,"template":"","format":"standard","meta":{"ngg_post_thumbnail":0,"footnotes":""},"categories":[82,81,3],"tags":[],"class_list":["post-14400","post","type-post","status-publish","format-standard","has-post-thumbnail","hentry","category-prawo-i-sprawiedliwosc","category-wiesci-z-sejmu","category-wydarzenia"],"_links":{"self":[{"href":"https:\/\/marekkuchcinski.pl\/en\/wp-json\/wp\/v2\/posts\/14400","targetHints":{"allow":["GET"]}}],"collection":[{"href":"https:\/\/marekkuchcinski.pl\/en\/wp-json\/wp\/v2\/posts"}],"about":[{"href":"https:\/\/marekkuchcinski.pl\/en\/wp-json\/wp\/v2\/types\/post"}],"author":[{"embeddable":true,"href":"https:\/\/marekkuchcinski.pl\/en\/wp-json\/wp\/v2\/users\/6"}],"replies":[{"embeddable":true,"href":"https:\/\/marekkuchcinski.pl\/en\/wp-json\/wp\/v2\/comments?post=14400"}],"version-history":[{"count":5,"href":"https:\/\/marekkuchcinski.pl\/en\/wp-json\/wp\/v2\/posts\/14400\/revisions"}],"predecessor-version":[{"id":14438,"href":"https:\/\/marekkuchcinski.pl\/en\/wp-json\/wp\/v2\/posts\/14400\/revisions\/14438"}],"wp:featuredmedia":[{"embeddable":true,"href":"https:\/\/marekkuchcinski.pl\/en\/wp-json\/wp\/v2\/media\/14436"}],"wp:attachment":[{"href":"https:\/\/marekkuchcinski.pl\/en\/wp-json\/wp\/v2\/media?parent=14400"}],"wp:term":[{"taxonomy":"category","embeddable":true,"href":"https:\/\/marekkuchcinski.pl\/en\/wp-json\/wp\/v2\/categories?post=14400"},{"taxonomy":"post_tag","embeddable":true,"href":"https:\/\/marekkuchcinski.pl\/en\/wp-json\/wp\/v2\/tags?post=14400"}],"curies":[{"name":"wp","href":"https:\/\/api.w.org\/{rel}","templated":true}]}}