{"id":14317,"date":"2019-03-31T18:02:52","date_gmt":"2019-03-31T16:02:52","guid":{"rendered":"https:\/\/marekkuchcinski.pl\/?p=14317"},"modified":"2019-04-02T11:09:36","modified_gmt":"2019-04-02T09:09:36","slug":"przemyski-pis-zjednoczony-pod-wspolnym-sztandarem","status":"publish","type":"post","link":"https:\/\/marekkuchcinski.pl\/en\/wydarzenia\/przemyski-pis-zjednoczony-pod-wspolnym-sztandarem\/","title":{"rendered":"Przemysl PiS united under a common banner"},"content":{"rendered":"<p><strong>On Saturday, during a mass, Metropolitan Archbishop of Przemysl Adam Szal consecrated the banner of Law and Justice.<\/strong><br><br>Psalm 33, referenced during the sermon, states: \"The word of the Lord is righteous, and every work of his is trustworthy. He loves law and justice, and the earth is full of his grace. Psalm 119 says, \"Happy are those whose way is undefiled and who walk in the paths marked out by these values. Psalm 140 \"Against treacherous foes\" carries a clear message that law and justice will protect man from his oppressors... <\/p>\n\n\n\n<p>In the old days, the banner helped build national identity. In the army it united the troops with their commander on the way to common goals. After regaining independence, when the Legislative Sejm adopted the national colors (1 August 1919), the banner became a distinctive sign uniting communities, professional groups, and institutions.<\/p>\n\n\n\n<p>Referring to history, the Speaker of the Sejm pointed out:<\/p>\n\n\n\n<p>The flag of which historians wrote that it was the flag of Sanok, but in fact it was the flag of Przemysl. So we are dealing with a certain continuation. The Banner of the Przemysl Land of Law and Justice is a certain symbol connecting the past, the great bond that united us then, several hundred years ago, under flags, with the future <\/p>\n\n\n\n<p>Pointing to the appearance of the Law and Justice banner, Kuchci\u0144ski said that on one side it is red and white with the motto \"God, Honor, Homeland\" embroidered on it, which have been rooted in Polish history for many centuries. On the other side of the banner, on a blue background \"we have a look to the future\", is the inscription \"Law and Justice\".<\/p>\n\n\n\n<p>Marek Kuchci\u0144ski also said that for a dozen or so months we have been dealing with the war of civilization on every front, which reaches each of us, each family, and not only affects our countries, not only affects people about whom everyone so far, even atheists, spoke with respect, such as the Holy Father John Paul II. - Today absolutely shameful voices are raised - he said. - Under these banners let us indulge those shameful forces which try to attack us, which try to take away our faith in victory. We will win! - concluded the Speaker of the Sejm. <\/p>\n\n\n\n<p>The Podkarpackie Law and Justice Party handed over the banner to Marek Kuchcinski - the president chairman of the Podkarpackie Regional Council of the Law and Justice Party - in January this year during a Christmas wafer and New Year's meeting. <\/p>\n\n\n\n<p><\/p>\n\n\n\n<figure class=\"wp-block-embed is-type-rich is-provider-marek-kuchcinski\"><div class=\"wp-block-embed__wrapper\">\n<blockquote class=\"wp-embedded-content\" data-secret=\"uRjt9IELpv\"><a href=\"https:\/\/marekkuchcinski.pl\/en\/wydarzenia\/marek-kuchcinski-przemyslu-cel-jeden-polska-jako-dom-ktorym-zapewnione-godne-sprawiedliwe-zycie\/\">Marek Kuchci\u0144ski in Przemy\u015bl: The goal is one - Poland as a home where we are assured a decent and just life<\/a><\/blockquote><iframe class=\"wp-embedded-content\" sandbox=\"allow-scripts\" security=\"restricted\" style=\"position: absolute; clip: rect(1px, 1px, 1px, 1px);\" title=\"&quot;Marek Kuchcinski in Przemy\u015bl: The goal is one - Poland as a home, where we are guaranteed a decent and just life&quot; - Marek Kuchcinski\" src=\"https:\/\/marekkuchcinski.pl\/wydarzenia\/marek-kuchcinski-przemyslu-cel-jeden-polska-jako-dom-ktorym-zapewnione-godne-sprawiedliwe-zycie\/embed\/#?secret=uRjt9IELpv\" data-secret=\"uRjt9IELpv\" width=\"600\" height=\"338\" frameborder=\"0\" marginwidth=\"0\" marginheight=\"0\" scrolling=\"no\"><\/iframe>\n<\/div><\/figure>\n\n\n\n<p><em>text\/ photo Marta Olejnik<\/em><\/p>\n\n\n\n<figure class=\"wp-block-image is-resized\"><img fetchpriority=\"high\" decoding=\"async\" src=\"https:\/\/marekkuchcinski.pl\/wp-content\/uploads\/2019\/03\/IMG_0689-1-1024x627.jpg\" alt=\"\" class=\"wp-image-14321\" width=\"578\" height=\"353\" srcset=\"https:\/\/marekkuchcinski.pl\/wp-content\/uploads\/2019\/03\/IMG_0689-1-1024x627.jpg 1024w, https:\/\/marekkuchcinski.pl\/wp-content\/uploads\/2019\/03\/IMG_0689-1-300x184.jpg 300w, https:\/\/marekkuchcinski.pl\/wp-content\/uploads\/2019\/03\/IMG_0689-1-768x470.jpg 768w, https:\/\/marekkuchcinski.pl\/wp-content\/uploads\/2019\/03\/IMG_0689-1.jpg 2048w\" sizes=\"(max-width: 578px) 100vw, 578px\" \/><\/figure>\n\n\n\n<figure class=\"wp-block-image\"><img decoding=\"async\" width=\"1024\" height=\"688\" src=\"https:\/\/marekkuchcinski.pl\/wp-content\/uploads\/2019\/03\/IMG_0769-1024x688.jpg\" alt=\"\" class=\"wp-image-14329\" srcset=\"https:\/\/marekkuchcinski.pl\/wp-content\/uploads\/2019\/03\/IMG_0769-1024x688.jpg 1024w, https:\/\/marekkuchcinski.pl\/wp-content\/uploads\/2019\/03\/IMG_0769-300x202.jpg 300w, https:\/\/marekkuchcinski.pl\/wp-content\/uploads\/2019\/03\/IMG_0769-768x516.jpg 768w, https:\/\/marekkuchcinski.pl\/wp-content\/uploads\/2019\/03\/IMG_0769.jpg 2048w\" sizes=\"(max-width: 1024px) 100vw, 1024px\" \/><\/figure>\n\n\n\n<figure class=\"wp-block-image\"><img decoding=\"async\" width=\"1024\" height=\"932\" src=\"https:\/\/marekkuchcinski.pl\/wp-content\/uploads\/2019\/04\/IMG_0713-1024x932.jpg\" alt=\"\" class=\"wp-image-14380\" srcset=\"https:\/\/marekkuchcinski.pl\/wp-content\/uploads\/2019\/04\/IMG_0713-1024x932.jpg 1024w, https:\/\/marekkuchcinski.pl\/wp-content\/uploads\/2019\/04\/IMG_0713-300x273.jpg 300w, https:\/\/marekkuchcinski.pl\/wp-content\/uploads\/2019\/04\/IMG_0713-768x699.jpg 768w, https:\/\/marekkuchcinski.pl\/wp-content\/uploads\/2019\/04\/IMG_0713.jpg 2048w\" sizes=\"(max-width: 1024px) 100vw, 1024px\" \/><\/figure>\n\n\n\n<figure class=\"wp-block-image\"><img loading=\"lazy\" decoding=\"async\" width=\"1024\" height=\"696\" src=\"https:\/\/marekkuchcinski.pl\/wp-content\/uploads\/2019\/03\/IMG_0789-1-1024x696.jpg\" alt=\"\" class=\"wp-image-14330\" srcset=\"https:\/\/marekkuchcinski.pl\/wp-content\/uploads\/2019\/03\/IMG_0789-1-1024x696.jpg 1024w, https:\/\/marekkuchcinski.pl\/wp-content\/uploads\/2019\/03\/IMG_0789-1-300x204.jpg 300w, https:\/\/marekkuchcinski.pl\/wp-content\/uploads\/2019\/03\/IMG_0789-1-768x522.jpg 768w, https:\/\/marekkuchcinski.pl\/wp-content\/uploads\/2019\/03\/IMG_0789-1.jpg 2048w\" sizes=\"(max-width: 1024px) 100vw, 1024px\" \/><\/figure>\n\n\n\n<figure class=\"wp-block-image\"><img loading=\"lazy\" decoding=\"async\" width=\"1024\" height=\"728\" src=\"https:\/\/marekkuchcinski.pl\/wp-content\/uploads\/2019\/03\/IMG_0786-1-1024x728.jpg\" alt=\"\" class=\"wp-image-14338\" srcset=\"https:\/\/marekkuchcinski.pl\/wp-content\/uploads\/2019\/03\/IMG_0786-1-1024x728.jpg 1024w, https:\/\/marekkuchcinski.pl\/wp-content\/uploads\/2019\/03\/IMG_0786-1-300x213.jpg 300w, https:\/\/marekkuchcinski.pl\/wp-content\/uploads\/2019\/03\/IMG_0786-1-768x546.jpg 768w, https:\/\/marekkuchcinski.pl\/wp-content\/uploads\/2019\/03\/IMG_0786-1.jpg 2048w\" sizes=\"(max-width: 1024px) 100vw, 1024px\" \/><\/figure>\n\n\n\n<figure class=\"wp-block-image\"><img loading=\"lazy\" decoding=\"async\" width=\"1024\" height=\"700\" src=\"https:\/\/marekkuchcinski.pl\/wp-content\/uploads\/2019\/03\/IMG_0703-1024x700.jpg\" alt=\"\" class=\"wp-image-14328\" srcset=\"https:\/\/marekkuchcinski.pl\/wp-content\/uploads\/2019\/03\/IMG_0703-1024x700.jpg 1024w, https:\/\/marekkuchcinski.pl\/wp-content\/uploads\/2019\/03\/IMG_0703-300x205.jpg 300w, https:\/\/marekkuchcinski.pl\/wp-content\/uploads\/2019\/03\/IMG_0703-768x525.jpg 768w, https:\/\/marekkuchcinski.pl\/wp-content\/uploads\/2019\/03\/IMG_0703.jpg 2048w\" sizes=\"(max-width: 1024px) 100vw, 1024px\" \/><\/figure>\n\n\n\n<figure class=\"wp-block-image\"><img loading=\"lazy\" decoding=\"async\" width=\"1024\" height=\"710\" src=\"https:\/\/marekkuchcinski.pl\/wp-content\/uploads\/2019\/03\/IMG_0773-2-1024x710.jpg\" alt=\"\" class=\"wp-image-14331\" srcset=\"https:\/\/marekkuchcinski.pl\/wp-content\/uploads\/2019\/03\/IMG_0773-2-1024x710.jpg 1024w, https:\/\/marekkuchcinski.pl\/wp-content\/uploads\/2019\/03\/IMG_0773-2-300x208.jpg 300w, https:\/\/marekkuchcinski.pl\/wp-content\/uploads\/2019\/03\/IMG_0773-2-768x533.jpg 768w, https:\/\/marekkuchcinski.pl\/wp-content\/uploads\/2019\/03\/IMG_0773-2.jpg 2048w\" sizes=\"(max-width: 1024px) 100vw, 1024px\" \/><\/figure>\n\n\n\n<figure class=\"wp-block-image\"><img loading=\"lazy\" decoding=\"async\" width=\"1024\" height=\"667\" src=\"https:\/\/marekkuchcinski.pl\/wp-content\/uploads\/2019\/03\/IMG_0806-1-1024x667.jpg\" alt=\"\" class=\"wp-image-14332\" srcset=\"https:\/\/marekkuchcinski.pl\/wp-content\/uploads\/2019\/03\/IMG_0806-1-1024x667.jpg 1024w, https:\/\/marekkuchcinski.pl\/wp-content\/uploads\/2019\/03\/IMG_0806-1-300x195.jpg 300w, https:\/\/marekkuchcinski.pl\/wp-content\/uploads\/2019\/03\/IMG_0806-1-768x500.jpg 768w, https:\/\/marekkuchcinski.pl\/wp-content\/uploads\/2019\/03\/IMG_0806-1.jpg 2048w\" sizes=\"(max-width: 1024px) 100vw, 1024px\" \/><\/figure>\n\n\n\n<figure class=\"wp-block-image\"><img loading=\"lazy\" decoding=\"async\" width=\"1024\" height=\"745\" src=\"https:\/\/marekkuchcinski.pl\/wp-content\/uploads\/2019\/03\/IMG_0808-2-1024x745.jpg\" alt=\"\" class=\"wp-image-14335\" srcset=\"https:\/\/marekkuchcinski.pl\/wp-content\/uploads\/2019\/03\/IMG_0808-2-1024x745.jpg 1024w, https:\/\/marekkuchcinski.pl\/wp-content\/uploads\/2019\/03\/IMG_0808-2-300x218.jpg 300w, https:\/\/marekkuchcinski.pl\/wp-content\/uploads\/2019\/03\/IMG_0808-2-768x559.jpg 768w, https:\/\/marekkuchcinski.pl\/wp-content\/uploads\/2019\/03\/IMG_0808-2.jpg 2048w\" sizes=\"(max-width: 1024px) 100vw, 1024px\" \/><\/figure>\n\n\n\n<figure class=\"wp-block-image\"><img loading=\"lazy\" decoding=\"async\" width=\"1024\" height=\"682\" src=\"https:\/\/marekkuchcinski.pl\/wp-content\/uploads\/2019\/04\/IMG_0817-1-1024x682.jpg\" alt=\"\" class=\"wp-image-14378\" srcset=\"https:\/\/marekkuchcinski.pl\/wp-content\/uploads\/2019\/04\/IMG_0817-1-1024x682.jpg 1024w, https:\/\/marekkuchcinski.pl\/wp-content\/uploads\/2019\/04\/IMG_0817-1-300x200.jpg 300w, https:\/\/marekkuchcinski.pl\/wp-content\/uploads\/2019\/04\/IMG_0817-1-768x511.jpg 768w, https:\/\/marekkuchcinski.pl\/wp-content\/uploads\/2019\/04\/IMG_0817-1.jpg 2048w\" sizes=\"(max-width: 1024px) 100vw, 1024px\" \/><\/figure>\n\n\n\n<figure class=\"wp-block-image\"><img loading=\"lazy\" decoding=\"async\" width=\"1024\" height=\"683\" src=\"https:\/\/marekkuchcinski.pl\/wp-content\/uploads\/2019\/03\/IMG_0702-1024x683.jpg\" alt=\"\" class=\"wp-image-14337\" srcset=\"https:\/\/marekkuchcinski.pl\/wp-content\/uploads\/2019\/03\/IMG_0702-1024x683.jpg 1024w, https:\/\/marekkuchcinski.pl\/wp-content\/uploads\/2019\/03\/IMG_0702-300x200.jpg 300w, https:\/\/marekkuchcinski.pl\/wp-content\/uploads\/2019\/03\/IMG_0702-768x512.jpg 768w, https:\/\/marekkuchcinski.pl\/wp-content\/uploads\/2019\/03\/IMG_0702.jpg 2048w\" sizes=\"(max-width: 1024px) 100vw, 1024px\" \/><\/figure>\n\n\n\n<figure class=\"wp-block-image\"><img loading=\"lazy\" decoding=\"async\" width=\"1024\" height=\"706\" src=\"https:\/\/marekkuchcinski.pl\/wp-content\/uploads\/2019\/03\/IMG_0858-1-1024x706.jpg\" alt=\"\" class=\"wp-image-14339\" srcset=\"https:\/\/marekkuchcinski.pl\/wp-content\/uploads\/2019\/03\/IMG_0858-1-1024x706.jpg 1024w, https:\/\/marekkuchcinski.pl\/wp-content\/uploads\/2019\/03\/IMG_0858-1-300x207.jpg 300w, https:\/\/marekkuchcinski.pl\/wp-content\/uploads\/2019\/03\/IMG_0858-1-768x529.jpg 768w, https:\/\/marekkuchcinski.pl\/wp-content\/uploads\/2019\/03\/IMG_0858-1.jpg 2048w\" sizes=\"(max-width: 1024px) 100vw, 1024px\" \/><\/figure>\n\n\n\n<figure class=\"wp-block-image\"><img loading=\"lazy\" decoding=\"async\" width=\"1024\" height=\"671\" src=\"https:\/\/marekkuchcinski.pl\/wp-content\/uploads\/2019\/03\/IMG_0697-1024x671.jpg\" alt=\"\" class=\"wp-image-14349\" srcset=\"https:\/\/marekkuchcinski.pl\/wp-content\/uploads\/2019\/03\/IMG_0697-1024x671.jpg 1024w, https:\/\/marekkuchcinski.pl\/wp-content\/uploads\/2019\/03\/IMG_0697-300x196.jpg 300w, https:\/\/marekkuchcinski.pl\/wp-content\/uploads\/2019\/03\/IMG_0697-768x503.jpg 768w, https:\/\/marekkuchcinski.pl\/wp-content\/uploads\/2019\/03\/IMG_0697.jpg 2048w\" sizes=\"(max-width: 1024px) 100vw, 1024px\" \/><\/figure>\n\n\n\n<figure class=\"wp-block-image\"><img loading=\"lazy\" decoding=\"async\" width=\"1024\" height=\"749\" src=\"https:\/\/marekkuchcinski.pl\/wp-content\/uploads\/2019\/03\/IMG_0797-1024x749.jpg\" alt=\"\" class=\"wp-image-14361\" srcset=\"https:\/\/marekkuchcinski.pl\/wp-content\/uploads\/2019\/03\/IMG_0797-1024x749.jpg 1024w, https:\/\/marekkuchcinski.pl\/wp-content\/uploads\/2019\/03\/IMG_0797-300x220.jpg 300w, https:\/\/marekkuchcinski.pl\/wp-content\/uploads\/2019\/03\/IMG_0797-768x562.jpg 768w, https:\/\/marekkuchcinski.pl\/wp-content\/uploads\/2019\/03\/IMG_0797.jpg 2048w\" sizes=\"(max-width: 1024px) 100vw, 1024px\" \/><\/figure>\n\n\n\n<figure class=\"wp-block-image\"><img loading=\"lazy\" decoding=\"async\" width=\"1024\" height=\"748\" src=\"https:\/\/marekkuchcinski.pl\/wp-content\/uploads\/2019\/03\/IMG_0840-1-1024x748.jpg\" alt=\"\" class=\"wp-image-14362\" srcset=\"https:\/\/marekkuchcinski.pl\/wp-content\/uploads\/2019\/03\/IMG_0840-1-1024x748.jpg 1024w, https:\/\/marekkuchcinski.pl\/wp-content\/uploads\/2019\/03\/IMG_0840-1-300x219.jpg 300w, https:\/\/marekkuchcinski.pl\/wp-content\/uploads\/2019\/03\/IMG_0840-1-768x561.jpg 768w, https:\/\/marekkuchcinski.pl\/wp-content\/uploads\/2019\/03\/IMG_0840-1.jpg 2048w\" sizes=\"(max-width: 1024px) 100vw, 1024px\" \/><\/figure>\n\n\n\n<p><em>Photo by Jan Warzecha<\/em><\/p>\n\n\n\n<figure class=\"wp-block-image\"><img loading=\"lazy\" decoding=\"async\" width=\"870\" height=\"1024\" src=\"https:\/\/marekkuchcinski.pl\/wp-content\/uploads\/2019\/03\/szt-870x1024.jpg\" alt=\"\" class=\"wp-image-14344\" srcset=\"https:\/\/marekkuchcinski.pl\/wp-content\/uploads\/2019\/03\/szt-870x1024.jpg 870w, https:\/\/marekkuchcinski.pl\/wp-content\/uploads\/2019\/03\/szt-255x300.jpg 255w, https:\/\/marekkuchcinski.pl\/wp-content\/uploads\/2019\/03\/szt-768x904.jpg 768w, https:\/\/marekkuchcinski.pl\/wp-content\/uploads\/2019\/03\/szt.jpg 1621w\" sizes=\"(max-width: 870px) 100vw, 870px\" \/><\/figure>\n\n\n\n<figure class=\"wp-block-image\"><img loading=\"lazy\" decoding=\"async\" width=\"1024\" height=\"705\" src=\"https:\/\/marekkuchcinski.pl\/wp-content\/uploads\/2019\/03\/sz2-1024x705.jpg\" alt=\"\" class=\"wp-image-14345\" srcset=\"https:\/\/marekkuchcinski.pl\/wp-content\/uploads\/2019\/03\/sz2-1024x705.jpg 1024w, https:\/\/marekkuchcinski.pl\/wp-content\/uploads\/2019\/03\/sz2-300x207.jpg 300w, https:\/\/marekkuchcinski.pl\/wp-content\/uploads\/2019\/03\/sz2-768x529.jpg 768w, https:\/\/marekkuchcinski.pl\/wp-content\/uploads\/2019\/03\/sz2.jpg 2048w\" sizes=\"(max-width: 1024px) 100vw, 1024px\" \/><\/figure>\n\n\n\n<figure class=\"wp-block-image\"><img loading=\"lazy\" decoding=\"async\" width=\"1024\" height=\"695\" src=\"https:\/\/marekkuchcinski.pl\/wp-content\/uploads\/2019\/03\/sz3-2-1024x695.jpg\" alt=\"\" class=\"wp-image-14346\" srcset=\"https:\/\/marekkuchcinski.pl\/wp-content\/uploads\/2019\/03\/sz3-2-1024x695.jpg 1024w, https:\/\/marekkuchcinski.pl\/wp-content\/uploads\/2019\/03\/sz3-2-300x204.jpg 300w, https:\/\/marekkuchcinski.pl\/wp-content\/uploads\/2019\/03\/sz3-2-768x521.jpg 768w, https:\/\/marekkuchcinski.pl\/wp-content\/uploads\/2019\/03\/sz3-2.jpg 2048w\" sizes=\"(max-width: 1024px) 100vw, 1024px\" \/><\/figure>","protected":false},"excerpt":{"rendered":"<p>On Saturday, during Mass, Metropolitan Archbishop Adam Szal of Przemy\u015bl consecrated the Law and Justice banner. The psalm 33, invoked during the sermon, said: \"The word of the Lord is righteous, and every work of His is trustworthy. He loves law and justice ,the earth is full of His grace.\" In psalm 119 we read that happy are those whose way [...].<\/p>","protected":false},"author":6,"featured_media":14356,"comment_status":"open","ping_status":"open","sticky":false,"template":"","format":"standard","meta":{"ngg_post_thumbnail":0,"footnotes":""},"categories":[49,82,3],"tags":[],"class_list":["post-14317","post","type-post","status-publish","format-standard","has-post-thumbnail","hentry","category-podkarpacie","category-prawo-i-sprawiedliwosc","category-wydarzenia"],"yoast_head":"<!-- This site is optimized with the Yoast SEO plugin v24.7 - https:\/\/yoast.com\/wordpress\/plugins\/seo\/ -->\n<title>Przemyski PiS zjednoczony pod wsp\u00f3lnym sztandarem &#8211; Marek Kuchci\u0144ski<\/title>\n<meta name=\"robots\" content=\"index, follow, max-snippet:-1, max-image-preview:large, max-video-preview:-1\" \/>\n<link rel=\"canonical\" href=\"https:\/\/marekkuchcinski.pl\/en\/wydarzenia\/przemyski-pis-zjednoczony-pod-wspolnym-sztandarem\/\" \/>\n<meta property=\"og:locale\" content=\"en_GB\" \/>\n<meta property=\"og:type\" content=\"article\" \/>\n<meta property=\"og:title\" content=\"Przemyski PiS zjednoczony pod wsp\u00f3lnym sztandarem &#8211; Marek Kuchci\u0144ski\" \/>\n<meta property=\"og:description\" content=\"W sobot\u0119 podczas mszy \u015bw. metropolita przemyski abp Adam Szal po\u015bwi\u0119ci\u0142 sztandar Prawa i Sprawiedliwo\u015bci. W przywo\u0142ywanym podczas kazania psalmie 33 mowa o tym, \u017ce: &#8222;S\u0142owo Pana jest prawe, a ka\u017cde Jego dzie\u0142o godne zaufania. On mi\u0142uje prawo i sprawiedliwo\u015b\u0107 ,ziemia jest pe\u0142na Jego \u0142aski\u201d. W psalmie 119 czytamy, \u017ce szcz\u0119\u015bliwi s\u0105 ci, kt\u00f3rych droga [&hellip;]\" \/>\n<meta property=\"og:url\" content=\"https:\/\/marekkuchcinski.pl\/en\/wydarzenia\/przemyski-pis-zjednoczony-pod-wspolnym-sztandarem\/\" \/>\n<meta property=\"og:site_name\" content=\"Marek Kuchci\u0144ski\" \/>\n<meta property=\"article:published_time\" content=\"2019-03-31T16:02:52+00:00\" \/>\n<meta property=\"article:modified_time\" content=\"2019-04-02T09:09:36+00:00\" \/>\n<meta property=\"og:image\" content=\"https:\/\/marekkuchcinski.pl\/wp-content\/uploads\/2019\/03\/IMG_0699.jpg\" \/>\n\t<meta property=\"og:image:width\" content=\"2048\" \/>\n\t<meta property=\"og:image:height\" content=\"1401\" \/>\n\t<meta property=\"og:image:type\" content=\"image\/jpeg\" \/>\n<meta name=\"author\" content=\"admin\" \/>\n<meta name=\"twitter:card\" content=\"summary_large_image\" \/>\n<meta name=\"twitter:label1\" content=\"Written by\" \/>\n\t<meta name=\"twitter:data1\" content=\"admin\" \/>\n\t<meta name=\"twitter:label2\" content=\"Estimated reading time\" \/>\n\t<meta name=\"twitter:data2\" content=\"2 minutes\" \/>\n<script type=\"application\/ld+json\" class=\"yoast-schema-graph\">{\"@context\":\"https:\/\/schema.org\",\"@graph\":[{\"@type\":\"Article\",\"@id\":\"https:\/\/marekkuchcinski.pl\/sk\/wydarzenia\/przemyski-pis-zjednoczony-pod-wspolnym-sztandarem\/#article\",\"isPartOf\":{\"@id\":\"https:\/\/marekkuchcinski.pl\/sk\/wydarzenia\/przemyski-pis-zjednoczony-pod-wspolnym-sztandarem\/\"},\"author\":{\"name\":\"admin\",\"@id\":\"https:\/\/marekkuchcinski.pl\/#\/schema\/person\/6f62700996b4d950b6ea2d1183b6c6be\"},\"headline\":\"Przemyski PiS zjednoczony pod wsp\u00f3lnym sztandarem\",\"datePublished\":\"2019-03-31T16:02:52+00:00\",\"dateModified\":\"2019-04-02T09:09:36+00:00\",\"mainEntityOfPage\":{\"@id\":\"https:\/\/marekkuchcinski.pl\/sk\/wydarzenia\/przemyski-pis-zjednoczony-pod-wspolnym-sztandarem\/\"},\"wordCount\":437,\"commentCount\":0,\"publisher\":{\"@id\":\"https:\/\/marekkuchcinski.pl\/#organization\"},\"image\":{\"@id\":\"https:\/\/marekkuchcinski.pl\/sk\/wydarzenia\/przemyski-pis-zjednoczony-pod-wspolnym-sztandarem\/#primaryimage\"},\"thumbnailUrl\":\"https:\/\/marekkuchcinski.pl\/wp-content\/uploads\/2019\/03\/IMG_0699.jpg\",\"articleSection\":[\"Podkarpacie\",\"Prawo i Sprawiedliwo\u015b\u0107\",\"Wydarzenia\"],\"inLanguage\":\"en-GB\",\"potentialAction\":[{\"@type\":\"CommentAction\",\"name\":\"Comment\",\"target\":[\"https:\/\/marekkuchcinski.pl\/sk\/wydarzenia\/przemyski-pis-zjednoczony-pod-wspolnym-sztandarem\/#respond\"]}]},{\"@type\":\"WebPage\",\"@id\":\"https:\/\/marekkuchcinski.pl\/sk\/wydarzenia\/przemyski-pis-zjednoczony-pod-wspolnym-sztandarem\/\",\"url\":\"https:\/\/marekkuchcinski.pl\/sk\/wydarzenia\/przemyski-pis-zjednoczony-pod-wspolnym-sztandarem\/\",\"name\":\"Przemyski PiS zjednoczony pod wsp\u00f3lnym sztandarem &#8211; Marek Kuchci\u0144ski\",\"isPartOf\":{\"@id\":\"https:\/\/marekkuchcinski.pl\/#website\"},\"primaryImageOfPage\":{\"@id\":\"https:\/\/marekkuchcinski.pl\/sk\/wydarzenia\/przemyski-pis-zjednoczony-pod-wspolnym-sztandarem\/#primaryimage\"},\"image\":{\"@id\":\"https:\/\/marekkuchcinski.pl\/sk\/wydarzenia\/przemyski-pis-zjednoczony-pod-wspolnym-sztandarem\/#primaryimage\"},\"thumbnailUrl\":\"https:\/\/marekkuchcinski.pl\/wp-content\/uploads\/2019\/03\/IMG_0699.jpg\",\"datePublished\":\"2019-03-31T16:02:52+00:00\",\"dateModified\":\"2019-04-02T09:09:36+00:00\",\"breadcrumb\":{\"@id\":\"https:\/\/marekkuchcinski.pl\/sk\/wydarzenia\/przemyski-pis-zjednoczony-pod-wspolnym-sztandarem\/#breadcrumb\"},\"inLanguage\":\"en-GB\",\"potentialAction\":[{\"@type\":\"ReadAction\",\"target\":[\"https:\/\/marekkuchcinski.pl\/sk\/wydarzenia\/przemyski-pis-zjednoczony-pod-wspolnym-sztandarem\/\"]}]},{\"@type\":\"ImageObject\",\"inLanguage\":\"en-GB\",\"@id\":\"https:\/\/marekkuchcinski.pl\/sk\/wydarzenia\/przemyski-pis-zjednoczony-pod-wspolnym-sztandarem\/#primaryimage\",\"url\":\"https:\/\/marekkuchcinski.pl\/wp-content\/uploads\/2019\/03\/IMG_0699.jpg\",\"contentUrl\":\"https:\/\/marekkuchcinski.pl\/wp-content\/uploads\/2019\/03\/IMG_0699.jpg\",\"width\":2048,\"height\":1401},{\"@type\":\"BreadcrumbList\",\"@id\":\"https:\/\/marekkuchcinski.pl\/sk\/wydarzenia\/przemyski-pis-zjednoczony-pod-wspolnym-sztandarem\/#breadcrumb\",\"itemListElement\":[{\"@type\":\"ListItem\",\"position\":1,\"name\":\"Strona g\u0142\u00f3wna\",\"item\":\"https:\/\/marekkuchcinski.pl\/\"},{\"@type\":\"ListItem\",\"position\":2,\"name\":\"Przemyski PiS zjednoczony pod wsp\u00f3lnym sztandarem\"}]},{\"@type\":\"WebSite\",\"@id\":\"https:\/\/marekkuchcinski.pl\/#website\",\"url\":\"https:\/\/marekkuchcinski.pl\/\",\"name\":\"Marek Kuchci\u0144ski\",\"description\":\"Pose\u0142 na sejm RP &ndash; okr\u0119g nr 22\",\"publisher\":{\"@id\":\"https:\/\/marekkuchcinski.pl\/#organization\"},\"potentialAction\":[{\"@type\":\"SearchAction\",\"target\":{\"@type\":\"EntryPoint\",\"urlTemplate\":\"https:\/\/marekkuchcinski.pl\/?s={search_term_string}\"},\"query-input\":{\"@type\":\"PropertyValueSpecification\",\"valueRequired\":true,\"valueName\":\"search_term_string\"}}],\"inLanguage\":\"en-GB\"},{\"@type\":\"Organization\",\"@id\":\"https:\/\/marekkuchcinski.pl\/#organization\",\"name\":\"Marek Kuchci\u0144ski\",\"url\":\"https:\/\/marekkuchcinski.pl\/\",\"logo\":{\"@type\":\"ImageObject\",\"inLanguage\":\"en-GB\",\"@id\":\"https:\/\/marekkuchcinski.pl\/#\/schema\/logo\/image\/\",\"url\":\"https:\/\/marekkuchcinski.pl\/wp-content\/uploads\/2022\/09\/Marek.jpg\",\"contentUrl\":\"https:\/\/marekkuchcinski.pl\/wp-content\/uploads\/2022\/09\/Marek.jpg\",\"width\":1600,\"height\":971,\"caption\":\"Marek Kuchci\u0144ski\"},\"image\":{\"@id\":\"https:\/\/marekkuchcinski.pl\/#\/schema\/logo\/image\/\"}},{\"@type\":\"Person\",\"@id\":\"https:\/\/marekkuchcinski.pl\/#\/schema\/person\/6f62700996b4d950b6ea2d1183b6c6be\",\"name\":\"admin\",\"image\":{\"@type\":\"ImageObject\",\"inLanguage\":\"en-GB\",\"@id\":\"https:\/\/marekkuchcinski.pl\/#\/schema\/person\/image\/\",\"url\":\"https:\/\/secure.gravatar.com\/avatar\/4bab693b9d55c3d6b52c0296a8765085?s=96&d=mm&r=g\",\"contentUrl\":\"https:\/\/secure.gravatar.com\/avatar\/4bab693b9d55c3d6b52c0296a8765085?s=96&d=mm&r=g\",\"caption\":\"admin\"},\"url\":\"https:\/\/marekkuchcinski.pl\/en\/author\/marta-olejnik\/\"}]}<\/script>\n<!-- \/ Yoast SEO plugin. -->","yoast_head_json":{"title":"Przemyski PiS zjednoczony pod wsp\u00f3lnym sztandarem &#8211; Marek Kuchci\u0144ski","robots":{"index":"index","follow":"follow","max-snippet":"max-snippet:-1","max-image-preview":"max-image-preview:large","max-video-preview":"max-video-preview:-1"},"canonical":"https:\/\/marekkuchcinski.pl\/en\/wydarzenia\/przemyski-pis-zjednoczony-pod-wspolnym-sztandarem\/","og_locale":"en_GB","og_type":"article","og_title":"Przemyski PiS zjednoczony pod wsp\u00f3lnym sztandarem &#8211; Marek Kuchci\u0144ski","og_description":"W sobot\u0119 podczas mszy \u015bw. metropolita przemyski abp Adam Szal po\u015bwi\u0119ci\u0142 sztandar Prawa i Sprawiedliwo\u015bci. W przywo\u0142ywanym podczas kazania psalmie 33 mowa o tym, \u017ce: &#8222;S\u0142owo Pana jest prawe, a ka\u017cde Jego dzie\u0142o godne zaufania. On mi\u0142uje prawo i sprawiedliwo\u015b\u0107 ,ziemia jest pe\u0142na Jego \u0142aski\u201d. W psalmie 119 czytamy, \u017ce szcz\u0119\u015bliwi s\u0105 ci, kt\u00f3rych droga [&hellip;]","og_url":"https:\/\/marekkuchcinski.pl\/en\/wydarzenia\/przemyski-pis-zjednoczony-pod-wspolnym-sztandarem\/","og_site_name":"Marek Kuchci\u0144ski","article_published_time":"2019-03-31T16:02:52+00:00","article_modified_time":"2019-04-02T09:09:36+00:00","og_image":[{"width":2048,"height":1401,"url":"https:\/\/marekkuchcinski.pl\/wp-content\/uploads\/2019\/03\/IMG_0699.jpg","type":"image\/jpeg"}],"author":"admin","twitter_card":"summary_large_image","twitter_misc":{"Written by":"admin","Estimated reading time":"2 minutes"},"schema":{"@context":"https:\/\/schema.org","@graph":[{"@type":"Article","@id":"https:\/\/marekkuchcinski.pl\/sk\/wydarzenia\/przemyski-pis-zjednoczony-pod-wspolnym-sztandarem\/#article","isPartOf":{"@id":"https:\/\/marekkuchcinski.pl\/sk\/wydarzenia\/przemyski-pis-zjednoczony-pod-wspolnym-sztandarem\/"},"author":{"name":"admin","@id":"https:\/\/marekkuchcinski.pl\/#\/schema\/person\/6f62700996b4d950b6ea2d1183b6c6be"},"headline":"Przemyski PiS zjednoczony pod wsp\u00f3lnym sztandarem","datePublished":"2019-03-31T16:02:52+00:00","dateModified":"2019-04-02T09:09:36+00:00","mainEntityOfPage":{"@id":"https:\/\/marekkuchcinski.pl\/sk\/wydarzenia\/przemyski-pis-zjednoczony-pod-wspolnym-sztandarem\/"},"wordCount":437,"commentCount":0,"publisher":{"@id":"https:\/\/marekkuchcinski.pl\/#organization"},"image":{"@id":"https:\/\/marekkuchcinski.pl\/sk\/wydarzenia\/przemyski-pis-zjednoczony-pod-wspolnym-sztandarem\/#primaryimage"},"thumbnailUrl":"https:\/\/marekkuchcinski.pl\/wp-content\/uploads\/2019\/03\/IMG_0699.jpg","articleSection":["Podkarpacie","Prawo i Sprawiedliwo\u015b\u0107","Wydarzenia"],"inLanguage":"en-GB","potentialAction":[{"@type":"CommentAction","name":"Comment","target":["https:\/\/marekkuchcinski.pl\/sk\/wydarzenia\/przemyski-pis-zjednoczony-pod-wspolnym-sztandarem\/#respond"]}]},{"@type":"WebPage","@id":"https:\/\/marekkuchcinski.pl\/sk\/wydarzenia\/przemyski-pis-zjednoczony-pod-wspolnym-sztandarem\/","url":"https:\/\/marekkuchcinski.pl\/sk\/wydarzenia\/przemyski-pis-zjednoczony-pod-wspolnym-sztandarem\/","name":"Przemyski PiS zjednoczony pod wsp\u00f3lnym sztandarem &#8211; Marek Kuchci\u0144ski","isPartOf":{"@id":"https:\/\/marekkuchcinski.pl\/#website"},"primaryImageOfPage":{"@id":"https:\/\/marekkuchcinski.pl\/sk\/wydarzenia\/przemyski-pis-zjednoczony-pod-wspolnym-sztandarem\/#primaryimage"},"image":{"@id":"https:\/\/marekkuchcinski.pl\/sk\/wydarzenia\/przemyski-pis-zjednoczony-pod-wspolnym-sztandarem\/#primaryimage"},"thumbnailUrl":"https:\/\/marekkuchcinski.pl\/wp-content\/uploads\/2019\/03\/IMG_0699.jpg","datePublished":"2019-03-31T16:02:52+00:00","dateModified":"2019-04-02T09:09:36+00:00","breadcrumb":{"@id":"https:\/\/marekkuchcinski.pl\/sk\/wydarzenia\/przemyski-pis-zjednoczony-pod-wspolnym-sztandarem\/#breadcrumb"},"inLanguage":"en-GB","potentialAction":[{"@type":"ReadAction","target":["https:\/\/marekkuchcinski.pl\/sk\/wydarzenia\/przemyski-pis-zjednoczony-pod-wspolnym-sztandarem\/"]}]},{"@type":"ImageObject","inLanguage":"en-GB","@id":"https:\/\/marekkuchcinski.pl\/sk\/wydarzenia\/przemyski-pis-zjednoczony-pod-wspolnym-sztandarem\/#primaryimage","url":"https:\/\/marekkuchcinski.pl\/wp-content\/uploads\/2019\/03\/IMG_0699.jpg","contentUrl":"https:\/\/marekkuchcinski.pl\/wp-content\/uploads\/2019\/03\/IMG_0699.jpg","width":2048,"height":1401},{"@type":"BreadcrumbList","@id":"https:\/\/marekkuchcinski.pl\/sk\/wydarzenia\/przemyski-pis-zjednoczony-pod-wspolnym-sztandarem\/#breadcrumb","itemListElement":[{"@type":"ListItem","position":1,"name":"Strona g\u0142\u00f3wna","item":"https:\/\/marekkuchcinski.pl\/"},{"@type":"ListItem","position":2,"name":"Przemyski PiS zjednoczony pod wsp\u00f3lnym sztandarem"}]},{"@type":"WebSite","@id":"https:\/\/marekkuchcinski.pl\/#website","url":"https:\/\/marekkuchcinski.pl\/","name":"Marek Kuchci\u0144ski","description":"Pose\u0142 na sejm RP &ndash; okr\u0119g nr 22","publisher":{"@id":"https:\/\/marekkuchcinski.pl\/#organization"},"potentialAction":[{"@type":"SearchAction","target":{"@type":"EntryPoint","urlTemplate":"https:\/\/marekkuchcinski.pl\/?s={search_term_string}"},"query-input":{"@type":"PropertyValueSpecification","valueRequired":true,"valueName":"search_term_string"}}],"inLanguage":"en-GB"},{"@type":"Organization","@id":"https:\/\/marekkuchcinski.pl\/#organization","name":"Marek Kuchci\u0144ski","url":"https:\/\/marekkuchcinski.pl\/","logo":{"@type":"ImageObject","inLanguage":"en-GB","@id":"https:\/\/marekkuchcinski.pl\/#\/schema\/logo\/image\/","url":"https:\/\/marekkuchcinski.pl\/wp-content\/uploads\/2022\/09\/Marek.jpg","contentUrl":"https:\/\/marekkuchcinski.pl\/wp-content\/uploads\/2022\/09\/Marek.jpg","width":1600,"height":971,"caption":"Marek Kuchci\u0144ski"},"image":{"@id":"https:\/\/marekkuchcinski.pl\/#\/schema\/logo\/image\/"}},{"@type":"Person","@id":"https:\/\/marekkuchcinski.pl\/#\/schema\/person\/6f62700996b4d950b6ea2d1183b6c6be","name":"admin","image":{"@type":"ImageObject","inLanguage":"en-GB","@id":"https:\/\/marekkuchcinski.pl\/#\/schema\/person\/image\/","url":"https:\/\/secure.gravatar.com\/avatar\/4bab693b9d55c3d6b52c0296a8765085?s=96&d=mm&r=g","contentUrl":"https:\/\/secure.gravatar.com\/avatar\/4bab693b9d55c3d6b52c0296a8765085?s=96&d=mm&r=g","caption":"admin"},"url":"https:\/\/marekkuchcinski.pl\/en\/author\/marta-olejnik\/"}]}},"_links":{"self":[{"href":"https:\/\/marekkuchcinski.pl\/en\/wp-json\/wp\/v2\/posts\/14317","targetHints":{"allow":["GET"]}}],"collection":[{"href":"https:\/\/marekkuchcinski.pl\/en\/wp-json\/wp\/v2\/posts"}],"about":[{"href":"https:\/\/marekkuchcinski.pl\/en\/wp-json\/wp\/v2\/types\/post"}],"author":[{"embeddable":true,"href":"https:\/\/marekkuchcinski.pl\/en\/wp-json\/wp\/v2\/users\/6"}],"replies":[{"embeddable":true,"href":"https:\/\/marekkuchcinski.pl\/en\/wp-json\/wp\/v2\/comments?post=14317"}],"version-history":[{"count":16,"href":"https:\/\/marekkuchcinski.pl\/en\/wp-json\/wp\/v2\/posts\/14317\/revisions"}],"predecessor-version":[{"id":14421,"href":"https:\/\/marekkuchcinski.pl\/en\/wp-json\/wp\/v2\/posts\/14317\/revisions\/14421"}],"wp:featuredmedia":[{"embeddable":true,"href":"https:\/\/marekkuchcinski.pl\/en\/wp-json\/wp\/v2\/media\/14356"}],"wp:attachment":[{"href":"https:\/\/marekkuchcinski.pl\/en\/wp-json\/wp\/v2\/media?parent=14317"}],"wp:term":[{"taxonomy":"category","embeddable":true,"href":"https:\/\/marekkuchcinski.pl\/en\/wp-json\/wp\/v2\/categories?post=14317"},{"taxonomy":"post_tag","embeddable":true,"href":"https:\/\/marekkuchcinski.pl\/en\/wp-json\/wp\/v2\/tags?post=14317"}],"curies":[{"name":"wp","href":"https:\/\/api.w.org\/{rel}","templated":true}]}}