{"id":14121,"date":"2019-03-25T15:07:26","date_gmt":"2019-03-25T14:07:26","guid":{"rendered":"https:\/\/marekkuchcinski.pl\/?p=14121"},"modified":"2019-03-25T15:32:15","modified_gmt":"2019-03-25T14:32:15","slug":"list-marszalka-sejmu-okazji-gali-finalowej-konkursu-patria-nostra","status":"publish","type":"post","link":"https:\/\/marekkuchcinski.pl\/en\/bez-kategorii\/lms\/list-marszalka-sejmu-okazji-gali-finalowej-konkursu-patria-nostra\/","title":{"rendered":"Letter from the Speaker of the Sejm on the occasion of the final gala of the PATRIA NOSTRA competition"},"content":{"rendered":"<p>Dear CEO,<\/p>\n<p>&nbsp;<\/p>\n<p>I appreciate the projects which aim to popularize historical knowledge among young people and to develop their passion for history. So it was with great satisfaction that I received the news of the next edition of the PATRIA NOSTRA competition. I warmly thank the organizers for continuing the educational tradition. I would like to express my gratitude to all those who contribute to the organization of this undertaking, as well as encourage students to love their Homeland, teach them respect for the past and the values rooted in our culture.<\/p>\n<p>Not being able to participate in the final gala, I would like to send my congratulations to the winners and commended students. I am convinced that all the works are exceptional. Undoubtedly, they are characterized by youthful creativity, a new look at the past, as well as great involvement in the collection and processing of materials. I trust that the competition brought the participants much satisfaction, especially that the form of expression for people born in the era of computerization, is interesting. I would also like to express my conviction that the work on creating a film or animation has become a source of reflection on past and present times.<\/p>\n<p>To all those receiving awards, I wish you satisfaction with your results, an enduring interest in times gone by, and good luck in your studies, and most of all, the fulfillment of your dreams.<\/p>\n<p>To those gathered at the final ceremony of the historical competition I wish many unforgettable emotions and a wonderful atmosphere of the meeting.<\/p>\n<p>My sincere greetings and combined respect.<\/p>\n<p>&nbsp;<\/p>\n<p>&nbsp;<\/p>\n<p>&nbsp;<\/p>\n<p>Marek Kuchci\u0144ski<\/p>","protected":false},"excerpt":{"rendered":"<p>Szanowna Pani Prezes, &nbsp; z uznaniem odnosz\u0119 si\u0119 do projekt\u00f3w s\u0142u\u017c\u0105cych upowszechnianiu w\u015br\u00f3d m\u0142odzie\u017cy wiedzy historycznej, a tak\u017ce do rozwijania historycznej pasji. Z du\u017c\u0105 wi\u0119c satysfakcj\u0105 przyj\u0105\u0142em wiadomo\u015b\u0107 o kolejnej edycji konkursu PATRIA NOSTRA. Gor\u0105co dzi\u0119kuj\u0119 organizatorom za\u00a0\u00a0kontynuowanie edukacyjnej tradycji. Wyrazy wdzi\u0119czno\u015bci kieruj\u0119 do wszystkich, kt\u00f3rzy przyczyniaj\u0105 si\u0119 do zorganizowania tego przedsi\u0119wzi\u0119cia, a tak\u017ce budz\u0105 [&hellip;]<\/p>","protected":false},"author":6,"featured_media":14113,"comment_status":"open","ping_status":"open","sticky":false,"template":"","format":"standard","meta":{"ngg_post_thumbnail":0,"footnotes":""},"categories":[104],"tags":[],"class_list":["post-14121","post","type-post","status-publish","format-standard","has-post-thumbnail","hentry","category-lms"],"yoast_head":"<!-- This site is optimized with the Yoast SEO plugin v24.7 - https:\/\/yoast.com\/wordpress\/plugins\/seo\/ -->\n<title>List marsza\u0142ka Sejmu z okazji gali fina\u0142owej konkursu PATRIA NOSTRA &#8211; Marek Kuchci\u0144ski<\/title>\n<meta name=\"robots\" content=\"index, follow, max-snippet:-1, max-image-preview:large, max-video-preview:-1\" \/>\n<link rel=\"canonical\" href=\"https:\/\/marekkuchcinski.pl\/en\/bez-kategorii\/lms\/list-marszalka-sejmu-okazji-gali-finalowej-konkursu-patria-nostra\/\" \/>\n<meta property=\"og:locale\" content=\"en_GB\" \/>\n<meta property=\"og:type\" content=\"article\" \/>\n<meta property=\"og:title\" content=\"List marsza\u0142ka Sejmu z okazji gali fina\u0142owej konkursu PATRIA NOSTRA &#8211; Marek Kuchci\u0144ski\" \/>\n<meta property=\"og:description\" content=\"Szanowna Pani Prezes, &nbsp; z uznaniem odnosz\u0119 si\u0119 do projekt\u00f3w s\u0142u\u017c\u0105cych upowszechnianiu w\u015br\u00f3d m\u0142odzie\u017cy wiedzy historycznej, a tak\u017ce do rozwijania historycznej pasji. Z du\u017c\u0105 wi\u0119c satysfakcj\u0105 przyj\u0105\u0142em wiadomo\u015b\u0107 o kolejnej edycji konkursu PATRIA NOSTRA. Gor\u0105co dzi\u0119kuj\u0119 organizatorom za\u00a0\u00a0kontynuowanie edukacyjnej tradycji. Wyrazy wdzi\u0119czno\u015bci kieruj\u0119 do wszystkich, kt\u00f3rzy przyczyniaj\u0105 si\u0119 do zorganizowania tego przedsi\u0119wzi\u0119cia, a tak\u017ce budz\u0105 [&hellip;]\" \/>\n<meta property=\"og:url\" content=\"https:\/\/marekkuchcinski.pl\/en\/bez-kategorii\/lms\/list-marszalka-sejmu-okazji-gali-finalowej-konkursu-patria-nostra\/\" \/>\n<meta property=\"og:site_name\" content=\"Marek Kuchci\u0144ski\" \/>\n<meta property=\"article:published_time\" content=\"2019-03-25T14:07:26+00:00\" \/>\n<meta property=\"article:modified_time\" content=\"2019-03-25T14:32:15+00:00\" \/>\n<meta property=\"og:image\" content=\"https:\/\/marekkuchcinski.pl\/wp-content\/uploads\/2019\/03\/\u00a9_DSCF6504.jpg\" \/>\n\t<meta property=\"og:image:width\" content=\"2048\" \/>\n\t<meta property=\"og:image:height\" content=\"1955\" \/>\n\t<meta property=\"og:image:type\" content=\"image\/jpeg\" \/>\n<meta name=\"author\" content=\"admin\" \/>\n<meta name=\"twitter:card\" content=\"summary_large_image\" \/>\n<meta name=\"twitter:label1\" content=\"Written by\" \/>\n\t<meta name=\"twitter:data1\" content=\"admin\" \/>\n\t<meta name=\"twitter:label2\" content=\"Estimated reading time\" \/>\n\t<meta name=\"twitter:data2\" content=\"1 minute\" \/>\n<script type=\"application\/ld+json\" class=\"yoast-schema-graph\">{\"@context\":\"https:\/\/schema.org\",\"@graph\":[{\"@type\":\"Article\",\"@id\":\"https:\/\/marekkuchcinski.pl\/uk\/bez-kategorii\/lms\/list-marszalka-sejmu-okazji-gali-finalowej-konkursu-patria-nostra\/#article\",\"isPartOf\":{\"@id\":\"https:\/\/marekkuchcinski.pl\/uk\/bez-kategorii\/lms\/list-marszalka-sejmu-okazji-gali-finalowej-konkursu-patria-nostra\/\"},\"author\":{\"name\":\"admin\",\"@id\":\"https:\/\/marekkuchcinski.pl\/#\/schema\/person\/6f62700996b4d950b6ea2d1183b6c6be\"},\"headline\":\"List marsza\u0142ka Sejmu z okazji gali fina\u0142owej konkursu PATRIA NOSTRA\",\"datePublished\":\"2019-03-25T14:07:26+00:00\",\"dateModified\":\"2019-03-25T14:32:15+00:00\",\"mainEntityOfPage\":{\"@id\":\"https:\/\/marekkuchcinski.pl\/uk\/bez-kategorii\/lms\/list-marszalka-sejmu-okazji-gali-finalowej-konkursu-patria-nostra\/\"},\"wordCount\":271,\"commentCount\":0,\"publisher\":{\"@id\":\"https:\/\/marekkuchcinski.pl\/#organization\"},\"image\":{\"@id\":\"https:\/\/marekkuchcinski.pl\/uk\/bez-kategorii\/lms\/list-marszalka-sejmu-okazji-gali-finalowej-konkursu-patria-nostra\/#primaryimage\"},\"thumbnailUrl\":\"https:\/\/marekkuchcinski.pl\/wp-content\/uploads\/2019\/03\/\u00a9_DSCF6504.jpg\",\"articleSection\":[\"Listy Marsza\u0142ka Sejmu\"],\"inLanguage\":\"en-GB\",\"potentialAction\":[{\"@type\":\"CommentAction\",\"name\":\"Comment\",\"target\":[\"https:\/\/marekkuchcinski.pl\/uk\/bez-kategorii\/lms\/list-marszalka-sejmu-okazji-gali-finalowej-konkursu-patria-nostra\/#respond\"]}]},{\"@type\":\"WebPage\",\"@id\":\"https:\/\/marekkuchcinski.pl\/uk\/bez-kategorii\/lms\/list-marszalka-sejmu-okazji-gali-finalowej-konkursu-patria-nostra\/\",\"url\":\"https:\/\/marekkuchcinski.pl\/uk\/bez-kategorii\/lms\/list-marszalka-sejmu-okazji-gali-finalowej-konkursu-patria-nostra\/\",\"name\":\"List marsza\u0142ka Sejmu z okazji gali fina\u0142owej konkursu PATRIA NOSTRA &#8211; Marek Kuchci\u0144ski\",\"isPartOf\":{\"@id\":\"https:\/\/marekkuchcinski.pl\/#website\"},\"primaryImageOfPage\":{\"@id\":\"https:\/\/marekkuchcinski.pl\/uk\/bez-kategorii\/lms\/list-marszalka-sejmu-okazji-gali-finalowej-konkursu-patria-nostra\/#primaryimage\"},\"image\":{\"@id\":\"https:\/\/marekkuchcinski.pl\/uk\/bez-kategorii\/lms\/list-marszalka-sejmu-okazji-gali-finalowej-konkursu-patria-nostra\/#primaryimage\"},\"thumbnailUrl\":\"https:\/\/marekkuchcinski.pl\/wp-content\/uploads\/2019\/03\/\u00a9_DSCF6504.jpg\",\"datePublished\":\"2019-03-25T14:07:26+00:00\",\"dateModified\":\"2019-03-25T14:32:15+00:00\",\"breadcrumb\":{\"@id\":\"https:\/\/marekkuchcinski.pl\/uk\/bez-kategorii\/lms\/list-marszalka-sejmu-okazji-gali-finalowej-konkursu-patria-nostra\/#breadcrumb\"},\"inLanguage\":\"en-GB\",\"potentialAction\":[{\"@type\":\"ReadAction\",\"target\":[\"https:\/\/marekkuchcinski.pl\/uk\/bez-kategorii\/lms\/list-marszalka-sejmu-okazji-gali-finalowej-konkursu-patria-nostra\/\"]}]},{\"@type\":\"ImageObject\",\"inLanguage\":\"en-GB\",\"@id\":\"https:\/\/marekkuchcinski.pl\/uk\/bez-kategorii\/lms\/list-marszalka-sejmu-okazji-gali-finalowej-konkursu-patria-nostra\/#primaryimage\",\"url\":\"https:\/\/marekkuchcinski.pl\/wp-content\/uploads\/2019\/03\/\u00a9_DSCF6504.jpg\",\"contentUrl\":\"https:\/\/marekkuchcinski.pl\/wp-content\/uploads\/2019\/03\/\u00a9_DSCF6504.jpg\",\"width\":2048,\"height\":1955},{\"@type\":\"BreadcrumbList\",\"@id\":\"https:\/\/marekkuchcinski.pl\/uk\/bez-kategorii\/lms\/list-marszalka-sejmu-okazji-gali-finalowej-konkursu-patria-nostra\/#breadcrumb\",\"itemListElement\":[{\"@type\":\"ListItem\",\"position\":1,\"name\":\"Strona g\u0142\u00f3wna\",\"item\":\"https:\/\/marekkuchcinski.pl\/\"},{\"@type\":\"ListItem\",\"position\":2,\"name\":\"List marsza\u0142ka Sejmu z okazji gali fina\u0142owej konkursu PATRIA NOSTRA\"}]},{\"@type\":\"WebSite\",\"@id\":\"https:\/\/marekkuchcinski.pl\/#website\",\"url\":\"https:\/\/marekkuchcinski.pl\/\",\"name\":\"Marek Kuchci\u0144ski\",\"description\":\"Pose\u0142 na sejm RP &ndash; okr\u0119g nr 22\",\"publisher\":{\"@id\":\"https:\/\/marekkuchcinski.pl\/#organization\"},\"potentialAction\":[{\"@type\":\"SearchAction\",\"target\":{\"@type\":\"EntryPoint\",\"urlTemplate\":\"https:\/\/marekkuchcinski.pl\/?s={search_term_string}\"},\"query-input\":{\"@type\":\"PropertyValueSpecification\",\"valueRequired\":true,\"valueName\":\"search_term_string\"}}],\"inLanguage\":\"en-GB\"},{\"@type\":\"Organization\",\"@id\":\"https:\/\/marekkuchcinski.pl\/#organization\",\"name\":\"Marek Kuchci\u0144ski\",\"url\":\"https:\/\/marekkuchcinski.pl\/\",\"logo\":{\"@type\":\"ImageObject\",\"inLanguage\":\"en-GB\",\"@id\":\"https:\/\/marekkuchcinski.pl\/#\/schema\/logo\/image\/\",\"url\":\"https:\/\/marekkuchcinski.pl\/wp-content\/uploads\/2022\/09\/Marek.jpg\",\"contentUrl\":\"https:\/\/marekkuchcinski.pl\/wp-content\/uploads\/2022\/09\/Marek.jpg\",\"width\":1600,\"height\":971,\"caption\":\"Marek Kuchci\u0144ski\"},\"image\":{\"@id\":\"https:\/\/marekkuchcinski.pl\/#\/schema\/logo\/image\/\"}},{\"@type\":\"Person\",\"@id\":\"https:\/\/marekkuchcinski.pl\/#\/schema\/person\/6f62700996b4d950b6ea2d1183b6c6be\",\"name\":\"admin\",\"image\":{\"@type\":\"ImageObject\",\"inLanguage\":\"en-GB\",\"@id\":\"https:\/\/marekkuchcinski.pl\/#\/schema\/person\/image\/\",\"url\":\"https:\/\/secure.gravatar.com\/avatar\/4bab693b9d55c3d6b52c0296a8765085?s=96&d=mm&r=g\",\"contentUrl\":\"https:\/\/secure.gravatar.com\/avatar\/4bab693b9d55c3d6b52c0296a8765085?s=96&d=mm&r=g\",\"caption\":\"admin\"},\"url\":\"https:\/\/marekkuchcinski.pl\/en\/author\/marta-olejnik\/\"}]}<\/script>\n<!-- \/ Yoast SEO plugin. -->","yoast_head_json":{"title":"List marsza\u0142ka Sejmu z okazji gali fina\u0142owej konkursu PATRIA NOSTRA &#8211; Marek Kuchci\u0144ski","robots":{"index":"index","follow":"follow","max-snippet":"max-snippet:-1","max-image-preview":"max-image-preview:large","max-video-preview":"max-video-preview:-1"},"canonical":"https:\/\/marekkuchcinski.pl\/en\/bez-kategorii\/lms\/list-marszalka-sejmu-okazji-gali-finalowej-konkursu-patria-nostra\/","og_locale":"en_GB","og_type":"article","og_title":"List marsza\u0142ka Sejmu z okazji gali fina\u0142owej konkursu PATRIA NOSTRA &#8211; Marek Kuchci\u0144ski","og_description":"Szanowna Pani Prezes, &nbsp; z uznaniem odnosz\u0119 si\u0119 do projekt\u00f3w s\u0142u\u017c\u0105cych upowszechnianiu w\u015br\u00f3d m\u0142odzie\u017cy wiedzy historycznej, a tak\u017ce do rozwijania historycznej pasji. Z du\u017c\u0105 wi\u0119c satysfakcj\u0105 przyj\u0105\u0142em wiadomo\u015b\u0107 o kolejnej edycji konkursu PATRIA NOSTRA. Gor\u0105co dzi\u0119kuj\u0119 organizatorom za\u00a0\u00a0kontynuowanie edukacyjnej tradycji. Wyrazy wdzi\u0119czno\u015bci kieruj\u0119 do wszystkich, kt\u00f3rzy przyczyniaj\u0105 si\u0119 do zorganizowania tego przedsi\u0119wzi\u0119cia, a tak\u017ce budz\u0105 [&hellip;]","og_url":"https:\/\/marekkuchcinski.pl\/en\/bez-kategorii\/lms\/list-marszalka-sejmu-okazji-gali-finalowej-konkursu-patria-nostra\/","og_site_name":"Marek Kuchci\u0144ski","article_published_time":"2019-03-25T14:07:26+00:00","article_modified_time":"2019-03-25T14:32:15+00:00","og_image":[{"width":2048,"height":1955,"url":"https:\/\/marekkuchcinski.pl\/wp-content\/uploads\/2019\/03\/\u00a9_DSCF6504.jpg","type":"image\/jpeg"}],"author":"admin","twitter_card":"summary_large_image","twitter_misc":{"Written by":"admin","Estimated reading time":"1 minute"},"schema":{"@context":"https:\/\/schema.org","@graph":[{"@type":"Article","@id":"https:\/\/marekkuchcinski.pl\/uk\/bez-kategorii\/lms\/list-marszalka-sejmu-okazji-gali-finalowej-konkursu-patria-nostra\/#article","isPartOf":{"@id":"https:\/\/marekkuchcinski.pl\/uk\/bez-kategorii\/lms\/list-marszalka-sejmu-okazji-gali-finalowej-konkursu-patria-nostra\/"},"author":{"name":"admin","@id":"https:\/\/marekkuchcinski.pl\/#\/schema\/person\/6f62700996b4d950b6ea2d1183b6c6be"},"headline":"List marsza\u0142ka Sejmu z okazji gali fina\u0142owej konkursu PATRIA NOSTRA","datePublished":"2019-03-25T14:07:26+00:00","dateModified":"2019-03-25T14:32:15+00:00","mainEntityOfPage":{"@id":"https:\/\/marekkuchcinski.pl\/uk\/bez-kategorii\/lms\/list-marszalka-sejmu-okazji-gali-finalowej-konkursu-patria-nostra\/"},"wordCount":271,"commentCount":0,"publisher":{"@id":"https:\/\/marekkuchcinski.pl\/#organization"},"image":{"@id":"https:\/\/marekkuchcinski.pl\/uk\/bez-kategorii\/lms\/list-marszalka-sejmu-okazji-gali-finalowej-konkursu-patria-nostra\/#primaryimage"},"thumbnailUrl":"https:\/\/marekkuchcinski.pl\/wp-content\/uploads\/2019\/03\/\u00a9_DSCF6504.jpg","articleSection":["Listy Marsza\u0142ka Sejmu"],"inLanguage":"en-GB","potentialAction":[{"@type":"CommentAction","name":"Comment","target":["https:\/\/marekkuchcinski.pl\/uk\/bez-kategorii\/lms\/list-marszalka-sejmu-okazji-gali-finalowej-konkursu-patria-nostra\/#respond"]}]},{"@type":"WebPage","@id":"https:\/\/marekkuchcinski.pl\/uk\/bez-kategorii\/lms\/list-marszalka-sejmu-okazji-gali-finalowej-konkursu-patria-nostra\/","url":"https:\/\/marekkuchcinski.pl\/uk\/bez-kategorii\/lms\/list-marszalka-sejmu-okazji-gali-finalowej-konkursu-patria-nostra\/","name":"List marsza\u0142ka Sejmu z okazji gali fina\u0142owej konkursu PATRIA NOSTRA &#8211; Marek Kuchci\u0144ski","isPartOf":{"@id":"https:\/\/marekkuchcinski.pl\/#website"},"primaryImageOfPage":{"@id":"https:\/\/marekkuchcinski.pl\/uk\/bez-kategorii\/lms\/list-marszalka-sejmu-okazji-gali-finalowej-konkursu-patria-nostra\/#primaryimage"},"image":{"@id":"https:\/\/marekkuchcinski.pl\/uk\/bez-kategorii\/lms\/list-marszalka-sejmu-okazji-gali-finalowej-konkursu-patria-nostra\/#primaryimage"},"thumbnailUrl":"https:\/\/marekkuchcinski.pl\/wp-content\/uploads\/2019\/03\/\u00a9_DSCF6504.jpg","datePublished":"2019-03-25T14:07:26+00:00","dateModified":"2019-03-25T14:32:15+00:00","breadcrumb":{"@id":"https:\/\/marekkuchcinski.pl\/uk\/bez-kategorii\/lms\/list-marszalka-sejmu-okazji-gali-finalowej-konkursu-patria-nostra\/#breadcrumb"},"inLanguage":"en-GB","potentialAction":[{"@type":"ReadAction","target":["https:\/\/marekkuchcinski.pl\/uk\/bez-kategorii\/lms\/list-marszalka-sejmu-okazji-gali-finalowej-konkursu-patria-nostra\/"]}]},{"@type":"ImageObject","inLanguage":"en-GB","@id":"https:\/\/marekkuchcinski.pl\/uk\/bez-kategorii\/lms\/list-marszalka-sejmu-okazji-gali-finalowej-konkursu-patria-nostra\/#primaryimage","url":"https:\/\/marekkuchcinski.pl\/wp-content\/uploads\/2019\/03\/\u00a9_DSCF6504.jpg","contentUrl":"https:\/\/marekkuchcinski.pl\/wp-content\/uploads\/2019\/03\/\u00a9_DSCF6504.jpg","width":2048,"height":1955},{"@type":"BreadcrumbList","@id":"https:\/\/marekkuchcinski.pl\/uk\/bez-kategorii\/lms\/list-marszalka-sejmu-okazji-gali-finalowej-konkursu-patria-nostra\/#breadcrumb","itemListElement":[{"@type":"ListItem","position":1,"name":"Strona g\u0142\u00f3wna","item":"https:\/\/marekkuchcinski.pl\/"},{"@type":"ListItem","position":2,"name":"List marsza\u0142ka Sejmu z okazji gali fina\u0142owej konkursu PATRIA NOSTRA"}]},{"@type":"WebSite","@id":"https:\/\/marekkuchcinski.pl\/#website","url":"https:\/\/marekkuchcinski.pl\/","name":"Marek Kuchci\u0144ski","description":"Pose\u0142 na sejm RP &ndash; okr\u0119g nr 22","publisher":{"@id":"https:\/\/marekkuchcinski.pl\/#organization"},"potentialAction":[{"@type":"SearchAction","target":{"@type":"EntryPoint","urlTemplate":"https:\/\/marekkuchcinski.pl\/?s={search_term_string}"},"query-input":{"@type":"PropertyValueSpecification","valueRequired":true,"valueName":"search_term_string"}}],"inLanguage":"en-GB"},{"@type":"Organization","@id":"https:\/\/marekkuchcinski.pl\/#organization","name":"Marek Kuchci\u0144ski","url":"https:\/\/marekkuchcinski.pl\/","logo":{"@type":"ImageObject","inLanguage":"en-GB","@id":"https:\/\/marekkuchcinski.pl\/#\/schema\/logo\/image\/","url":"https:\/\/marekkuchcinski.pl\/wp-content\/uploads\/2022\/09\/Marek.jpg","contentUrl":"https:\/\/marekkuchcinski.pl\/wp-content\/uploads\/2022\/09\/Marek.jpg","width":1600,"height":971,"caption":"Marek Kuchci\u0144ski"},"image":{"@id":"https:\/\/marekkuchcinski.pl\/#\/schema\/logo\/image\/"}},{"@type":"Person","@id":"https:\/\/marekkuchcinski.pl\/#\/schema\/person\/6f62700996b4d950b6ea2d1183b6c6be","name":"admin","image":{"@type":"ImageObject","inLanguage":"en-GB","@id":"https:\/\/marekkuchcinski.pl\/#\/schema\/person\/image\/","url":"https:\/\/secure.gravatar.com\/avatar\/4bab693b9d55c3d6b52c0296a8765085?s=96&d=mm&r=g","contentUrl":"https:\/\/secure.gravatar.com\/avatar\/4bab693b9d55c3d6b52c0296a8765085?s=96&d=mm&r=g","caption":"admin"},"url":"https:\/\/marekkuchcinski.pl\/en\/author\/marta-olejnik\/"}]}},"_links":{"self":[{"href":"https:\/\/marekkuchcinski.pl\/en\/wp-json\/wp\/v2\/posts\/14121","targetHints":{"allow":["GET"]}}],"collection":[{"href":"https:\/\/marekkuchcinski.pl\/en\/wp-json\/wp\/v2\/posts"}],"about":[{"href":"https:\/\/marekkuchcinski.pl\/en\/wp-json\/wp\/v2\/types\/post"}],"author":[{"embeddable":true,"href":"https:\/\/marekkuchcinski.pl\/en\/wp-json\/wp\/v2\/users\/6"}],"replies":[{"embeddable":true,"href":"https:\/\/marekkuchcinski.pl\/en\/wp-json\/wp\/v2\/comments?post=14121"}],"version-history":[{"count":1,"href":"https:\/\/marekkuchcinski.pl\/en\/wp-json\/wp\/v2\/posts\/14121\/revisions"}],"predecessor-version":[{"id":14122,"href":"https:\/\/marekkuchcinski.pl\/en\/wp-json\/wp\/v2\/posts\/14121\/revisions\/14122"}],"wp:featuredmedia":[{"embeddable":true,"href":"https:\/\/marekkuchcinski.pl\/en\/wp-json\/wp\/v2\/media\/14113"}],"wp:attachment":[{"href":"https:\/\/marekkuchcinski.pl\/en\/wp-json\/wp\/v2\/media?parent=14121"}],"wp:term":[{"taxonomy":"category","embeddable":true,"href":"https:\/\/marekkuchcinski.pl\/en\/wp-json\/wp\/v2\/categories?post=14121"},{"taxonomy":"post_tag","embeddable":true,"href":"https:\/\/marekkuchcinski.pl\/en\/wp-json\/wp\/v2\/tags?post=14121"}],"curies":[{"name":"wp","href":"https:\/\/api.w.org\/{rel}","templated":true}]}}