{"id":14119,"date":"2019-03-25T15:04:54","date_gmt":"2019-03-25T14:04:54","guid":{"rendered":"https:\/\/marekkuchcinski.pl\/?p=14119"},"modified":"2019-03-25T15:04:54","modified_gmt":"2019-03-25T14:04:54","slug":"list-marszalka-sejmu-skierowany-organizatorow-wystawy-hungarikum-sztuka-ludowa-matyo","status":"publish","type":"post","link":"https:\/\/marekkuchcinski.pl\/en\/bez-kategorii\/lms\/list-marszalka-sejmu-skierowany-organizatorow-wystawy-hungarikum-sztuka-ludowa-matyo\/","title":{"rendered":"Letter from the Speaker of the Sejm to the organizers of the exhibition \"Hungarikum. Maty\u00f3 Folk Art\" exhibition"},"content":{"rendered":"<p><strong><em>Mr. <\/em><\/strong><\/p>\n<p><strong><em>Mariusz Masny <\/em><\/strong><\/p>\n<p><strong><em>Director <\/em><\/strong><\/p>\n<p><strong><em>Kielce Village Museum<\/em><\/strong><\/p>\n<p><em>\u00a0<\/em><\/p>\n<p><em>\u00a0<\/em><\/p>\n<p><em>\u00a0\u00a0\u00a0\u00a0\u00a0\u00a0\u00a0\u00a0\u00a0\u00a0\u00a0 Dear Director, <\/em><\/p>\n<p><em>\u00a0<\/em><\/p>\n<p><em>I received with great interest the information about the exhibition \"Hungarikum. Folk Art of Maty\u00f3\". I would like to thank you for the invitation to the vernissage, unfortunately I will not be able to participate in it. Through the Director, I would like to express my sincere thanks to the initiators and organizers of this unique exhibition devoted to the folk art of Hungary.\u00a0 <\/em><\/p>\n<p><em>For centuries, Poland and Hungary have been united by true friendship. We were bound by close dynastic ties and great alliances. Both countries lived through their \"golden era\", and cultural currents permeated each other. The exhibition presented at the Kielce Village Museum is an excellent opportunity for Polish visitors to get acquainted with Hungarian folk art, which draws inspiration from the richness and colors of nature. The beautiful and unique art of Maty\u00f3 continues to amaze with its extraordinary craftsmanship and colors. <\/em><\/p>\n<p><em>I wish all visitors many wonderful and unforgettable experiences, as well as many reflections. <\/em><\/p>\n<p><em>My sincere greetings and combined respect. <\/em><\/p>\n<p>&nbsp;<\/p>\n<p>&nbsp;<\/p>\n<p>&nbsp;<\/p>\n<p><em>\u00a0\u00a0\u00a0\u00a0\u00a0\u00a0\u00a0\u00a0\u00a0\u00a0\u00a0 Marek Kuchci\u0144ski<\/em><\/p>","protected":false},"excerpt":{"rendered":"<p>Pan Mariusz Masny Dyrektor Muzeum Wsi Kieleckiej \u00a0 \u00a0 \u00a0\u00a0\u00a0\u00a0\u00a0\u00a0\u00a0\u00a0\u00a0\u00a0\u00a0 Szanowny Panie Dyrektorze, \u00a0 z du\u017cym zainteresowaniem przyj\u0105\u0142em informacj\u0119 o wystawie \u201eHungarikum. Sztuka Ludowa Maty\u00f3\u201d. Serdecznie dzi\u0119kuj\u0119 za zaproszenie na wernisa\u017c, niestety nie b\u0119d\u0119 m\u00f3g\u0142 w\u00a0nim uczestniczy\u0107. Za po\u015brednictwem Pana Dyrektora pragn\u0119 z\u0142o\u017cy\u0107 serdeczne podzi\u0119kowania inicjatorom i organizatorom tej wyj\u0105tkowej wystawy po\u015bwi\u0119conej sztuce ludowej W\u0119gier.\u00a0 [&hellip;]<\/p>","protected":false},"author":6,"featured_media":14113,"comment_status":"open","ping_status":"open","sticky":false,"template":"","format":"standard","meta":{"ngg_post_thumbnail":0,"footnotes":""},"categories":[104],"tags":[],"class_list":["post-14119","post","type-post","status-publish","format-standard","has-post-thumbnail","hentry","category-lms"],"yoast_head":"<!-- This site is optimized with the Yoast SEO plugin v24.7 - https:\/\/yoast.com\/wordpress\/plugins\/seo\/ -->\n<title>List marsza\u0142ka Sejmu skierowany do organizator\u00f3w wystawy \u201eHungarikum. Sztuka Ludowa Maty\u00f3\u201d &#8211; Marek Kuchci\u0144ski<\/title>\n<meta name=\"robots\" content=\"index, follow, max-snippet:-1, max-image-preview:large, max-video-preview:-1\" \/>\n<link rel=\"canonical\" href=\"https:\/\/marekkuchcinski.pl\/en\/bez-kategorii\/lms\/list-marszalka-sejmu-skierowany-organizatorow-wystawy-hungarikum-sztuka-ludowa-matyo\/\" \/>\n<meta property=\"og:locale\" content=\"en_GB\" \/>\n<meta property=\"og:type\" content=\"article\" \/>\n<meta property=\"og:title\" content=\"List marsza\u0142ka Sejmu skierowany do organizator\u00f3w wystawy \u201eHungarikum. Sztuka Ludowa Maty\u00f3\u201d &#8211; Marek Kuchci\u0144ski\" \/>\n<meta property=\"og:description\" content=\"Pan Mariusz Masny Dyrektor Muzeum Wsi Kieleckiej \u00a0 \u00a0 \u00a0\u00a0\u00a0\u00a0\u00a0\u00a0\u00a0\u00a0\u00a0\u00a0\u00a0 Szanowny Panie Dyrektorze, \u00a0 z du\u017cym zainteresowaniem przyj\u0105\u0142em informacj\u0119 o wystawie \u201eHungarikum. Sztuka Ludowa Maty\u00f3\u201d. Serdecznie dzi\u0119kuj\u0119 za zaproszenie na wernisa\u017c, niestety nie b\u0119d\u0119 m\u00f3g\u0142 w\u00a0nim uczestniczy\u0107. Za po\u015brednictwem Pana Dyrektora pragn\u0119 z\u0142o\u017cy\u0107 serdeczne podzi\u0119kowania inicjatorom i organizatorom tej wyj\u0105tkowej wystawy po\u015bwi\u0119conej sztuce ludowej W\u0119gier.\u00a0 [&hellip;]\" \/>\n<meta property=\"og:url\" content=\"https:\/\/marekkuchcinski.pl\/en\/bez-kategorii\/lms\/list-marszalka-sejmu-skierowany-organizatorow-wystawy-hungarikum-sztuka-ludowa-matyo\/\" \/>\n<meta property=\"og:site_name\" content=\"Marek Kuchci\u0144ski\" \/>\n<meta property=\"article:published_time\" content=\"2019-03-25T14:04:54+00:00\" \/>\n<meta property=\"og:image\" content=\"https:\/\/marekkuchcinski.pl\/wp-content\/uploads\/2019\/03\/\u00a9_DSCF6504.jpg\" \/>\n\t<meta property=\"og:image:width\" content=\"2048\" \/>\n\t<meta property=\"og:image:height\" content=\"1955\" \/>\n\t<meta property=\"og:image:type\" content=\"image\/jpeg\" \/>\n<meta name=\"author\" content=\"admin\" \/>\n<meta name=\"twitter:card\" content=\"summary_large_image\" \/>\n<meta name=\"twitter:label1\" content=\"Written by\" \/>\n\t<meta name=\"twitter:data1\" content=\"admin\" \/>\n\t<meta name=\"twitter:label2\" content=\"Estimated reading time\" \/>\n\t<meta name=\"twitter:data2\" content=\"1 minute\" \/>\n<script type=\"application\/ld+json\" class=\"yoast-schema-graph\">{\"@context\":\"https:\/\/schema.org\",\"@graph\":[{\"@type\":\"Article\",\"@id\":\"https:\/\/marekkuchcinski.pl\/uk\/bez-kategorii\/lms\/list-marszalka-sejmu-skierowany-organizatorow-wystawy-hungarikum-sztuka-ludowa-matyo\/#article\",\"isPartOf\":{\"@id\":\"https:\/\/marekkuchcinski.pl\/uk\/bez-kategorii\/lms\/list-marszalka-sejmu-skierowany-organizatorow-wystawy-hungarikum-sztuka-ludowa-matyo\/\"},\"author\":{\"name\":\"admin\",\"@id\":\"https:\/\/marekkuchcinski.pl\/#\/schema\/person\/6f62700996b4d950b6ea2d1183b6c6be\"},\"headline\":\"List marsza\u0142ka Sejmu skierowany do organizator\u00f3w wystawy \u201eHungarikum. Sztuka Ludowa Maty\u00f3\u201d\",\"datePublished\":\"2019-03-25T14:04:54+00:00\",\"mainEntityOfPage\":{\"@id\":\"https:\/\/marekkuchcinski.pl\/uk\/bez-kategorii\/lms\/list-marszalka-sejmu-skierowany-organizatorow-wystawy-hungarikum-sztuka-ludowa-matyo\/\"},\"wordCount\":188,\"commentCount\":0,\"publisher\":{\"@id\":\"https:\/\/marekkuchcinski.pl\/#organization\"},\"image\":{\"@id\":\"https:\/\/marekkuchcinski.pl\/uk\/bez-kategorii\/lms\/list-marszalka-sejmu-skierowany-organizatorow-wystawy-hungarikum-sztuka-ludowa-matyo\/#primaryimage\"},\"thumbnailUrl\":\"https:\/\/marekkuchcinski.pl\/wp-content\/uploads\/2019\/03\/\u00a9_DSCF6504.jpg\",\"articleSection\":[\"Listy Marsza\u0142ka Sejmu\"],\"inLanguage\":\"en-GB\",\"potentialAction\":[{\"@type\":\"CommentAction\",\"name\":\"Comment\",\"target\":[\"https:\/\/marekkuchcinski.pl\/uk\/bez-kategorii\/lms\/list-marszalka-sejmu-skierowany-organizatorow-wystawy-hungarikum-sztuka-ludowa-matyo\/#respond\"]}]},{\"@type\":\"WebPage\",\"@id\":\"https:\/\/marekkuchcinski.pl\/uk\/bez-kategorii\/lms\/list-marszalka-sejmu-skierowany-organizatorow-wystawy-hungarikum-sztuka-ludowa-matyo\/\",\"url\":\"https:\/\/marekkuchcinski.pl\/uk\/bez-kategorii\/lms\/list-marszalka-sejmu-skierowany-organizatorow-wystawy-hungarikum-sztuka-ludowa-matyo\/\",\"name\":\"List marsza\u0142ka Sejmu skierowany do organizator\u00f3w wystawy \u201eHungarikum. Sztuka Ludowa Maty\u00f3\u201d &#8211; Marek Kuchci\u0144ski\",\"isPartOf\":{\"@id\":\"https:\/\/marekkuchcinski.pl\/#website\"},\"primaryImageOfPage\":{\"@id\":\"https:\/\/marekkuchcinski.pl\/uk\/bez-kategorii\/lms\/list-marszalka-sejmu-skierowany-organizatorow-wystawy-hungarikum-sztuka-ludowa-matyo\/#primaryimage\"},\"image\":{\"@id\":\"https:\/\/marekkuchcinski.pl\/uk\/bez-kategorii\/lms\/list-marszalka-sejmu-skierowany-organizatorow-wystawy-hungarikum-sztuka-ludowa-matyo\/#primaryimage\"},\"thumbnailUrl\":\"https:\/\/marekkuchcinski.pl\/wp-content\/uploads\/2019\/03\/\u00a9_DSCF6504.jpg\",\"datePublished\":\"2019-03-25T14:04:54+00:00\",\"breadcrumb\":{\"@id\":\"https:\/\/marekkuchcinski.pl\/uk\/bez-kategorii\/lms\/list-marszalka-sejmu-skierowany-organizatorow-wystawy-hungarikum-sztuka-ludowa-matyo\/#breadcrumb\"},\"inLanguage\":\"en-GB\",\"potentialAction\":[{\"@type\":\"ReadAction\",\"target\":[\"https:\/\/marekkuchcinski.pl\/uk\/bez-kategorii\/lms\/list-marszalka-sejmu-skierowany-organizatorow-wystawy-hungarikum-sztuka-ludowa-matyo\/\"]}]},{\"@type\":\"ImageObject\",\"inLanguage\":\"en-GB\",\"@id\":\"https:\/\/marekkuchcinski.pl\/uk\/bez-kategorii\/lms\/list-marszalka-sejmu-skierowany-organizatorow-wystawy-hungarikum-sztuka-ludowa-matyo\/#primaryimage\",\"url\":\"https:\/\/marekkuchcinski.pl\/wp-content\/uploads\/2019\/03\/\u00a9_DSCF6504.jpg\",\"contentUrl\":\"https:\/\/marekkuchcinski.pl\/wp-content\/uploads\/2019\/03\/\u00a9_DSCF6504.jpg\",\"width\":2048,\"height\":1955},{\"@type\":\"BreadcrumbList\",\"@id\":\"https:\/\/marekkuchcinski.pl\/uk\/bez-kategorii\/lms\/list-marszalka-sejmu-skierowany-organizatorow-wystawy-hungarikum-sztuka-ludowa-matyo\/#breadcrumb\",\"itemListElement\":[{\"@type\":\"ListItem\",\"position\":1,\"name\":\"Strona g\u0142\u00f3wna\",\"item\":\"https:\/\/marekkuchcinski.pl\/\"},{\"@type\":\"ListItem\",\"position\":2,\"name\":\"List marsza\u0142ka Sejmu skierowany do organizator\u00f3w wystawy \u201eHungarikum. Sztuka Ludowa Maty\u00f3\u201d\"}]},{\"@type\":\"WebSite\",\"@id\":\"https:\/\/marekkuchcinski.pl\/#website\",\"url\":\"https:\/\/marekkuchcinski.pl\/\",\"name\":\"Marek Kuchci\u0144ski\",\"description\":\"Pose\u0142 na sejm RP &ndash; okr\u0119g nr 22\",\"publisher\":{\"@id\":\"https:\/\/marekkuchcinski.pl\/#organization\"},\"potentialAction\":[{\"@type\":\"SearchAction\",\"target\":{\"@type\":\"EntryPoint\",\"urlTemplate\":\"https:\/\/marekkuchcinski.pl\/?s={search_term_string}\"},\"query-input\":{\"@type\":\"PropertyValueSpecification\",\"valueRequired\":true,\"valueName\":\"search_term_string\"}}],\"inLanguage\":\"en-GB\"},{\"@type\":\"Organization\",\"@id\":\"https:\/\/marekkuchcinski.pl\/#organization\",\"name\":\"Marek Kuchci\u0144ski\",\"url\":\"https:\/\/marekkuchcinski.pl\/\",\"logo\":{\"@type\":\"ImageObject\",\"inLanguage\":\"en-GB\",\"@id\":\"https:\/\/marekkuchcinski.pl\/#\/schema\/logo\/image\/\",\"url\":\"https:\/\/marekkuchcinski.pl\/wp-content\/uploads\/2022\/09\/Marek.jpg\",\"contentUrl\":\"https:\/\/marekkuchcinski.pl\/wp-content\/uploads\/2022\/09\/Marek.jpg\",\"width\":1600,\"height\":971,\"caption\":\"Marek Kuchci\u0144ski\"},\"image\":{\"@id\":\"https:\/\/marekkuchcinski.pl\/#\/schema\/logo\/image\/\"}},{\"@type\":\"Person\",\"@id\":\"https:\/\/marekkuchcinski.pl\/#\/schema\/person\/6f62700996b4d950b6ea2d1183b6c6be\",\"name\":\"admin\",\"image\":{\"@type\":\"ImageObject\",\"inLanguage\":\"en-GB\",\"@id\":\"https:\/\/marekkuchcinski.pl\/#\/schema\/person\/image\/\",\"url\":\"https:\/\/secure.gravatar.com\/avatar\/4bab693b9d55c3d6b52c0296a8765085?s=96&d=mm&r=g\",\"contentUrl\":\"https:\/\/secure.gravatar.com\/avatar\/4bab693b9d55c3d6b52c0296a8765085?s=96&d=mm&r=g\",\"caption\":\"admin\"},\"url\":\"https:\/\/marekkuchcinski.pl\/en\/author\/marta-olejnik\/\"}]}<\/script>\n<!-- \/ Yoast SEO plugin. -->","yoast_head_json":{"title":"List marsza\u0142ka Sejmu skierowany do organizator\u00f3w wystawy \u201eHungarikum. Sztuka Ludowa Maty\u00f3\u201d &#8211; Marek Kuchci\u0144ski","robots":{"index":"index","follow":"follow","max-snippet":"max-snippet:-1","max-image-preview":"max-image-preview:large","max-video-preview":"max-video-preview:-1"},"canonical":"https:\/\/marekkuchcinski.pl\/en\/bez-kategorii\/lms\/list-marszalka-sejmu-skierowany-organizatorow-wystawy-hungarikum-sztuka-ludowa-matyo\/","og_locale":"en_GB","og_type":"article","og_title":"List marsza\u0142ka Sejmu skierowany do organizator\u00f3w wystawy \u201eHungarikum. Sztuka Ludowa Maty\u00f3\u201d &#8211; Marek Kuchci\u0144ski","og_description":"Pan Mariusz Masny Dyrektor Muzeum Wsi Kieleckiej \u00a0 \u00a0 \u00a0\u00a0\u00a0\u00a0\u00a0\u00a0\u00a0\u00a0\u00a0\u00a0\u00a0 Szanowny Panie Dyrektorze, \u00a0 z du\u017cym zainteresowaniem przyj\u0105\u0142em informacj\u0119 o wystawie \u201eHungarikum. Sztuka Ludowa Maty\u00f3\u201d. Serdecznie dzi\u0119kuj\u0119 za zaproszenie na wernisa\u017c, niestety nie b\u0119d\u0119 m\u00f3g\u0142 w\u00a0nim uczestniczy\u0107. Za po\u015brednictwem Pana Dyrektora pragn\u0119 z\u0142o\u017cy\u0107 serdeczne podzi\u0119kowania inicjatorom i organizatorom tej wyj\u0105tkowej wystawy po\u015bwi\u0119conej sztuce ludowej W\u0119gier.\u00a0 [&hellip;]","og_url":"https:\/\/marekkuchcinski.pl\/en\/bez-kategorii\/lms\/list-marszalka-sejmu-skierowany-organizatorow-wystawy-hungarikum-sztuka-ludowa-matyo\/","og_site_name":"Marek Kuchci\u0144ski","article_published_time":"2019-03-25T14:04:54+00:00","og_image":[{"width":2048,"height":1955,"url":"https:\/\/marekkuchcinski.pl\/wp-content\/uploads\/2019\/03\/\u00a9_DSCF6504.jpg","type":"image\/jpeg"}],"author":"admin","twitter_card":"summary_large_image","twitter_misc":{"Written by":"admin","Estimated reading time":"1 minute"},"schema":{"@context":"https:\/\/schema.org","@graph":[{"@type":"Article","@id":"https:\/\/marekkuchcinski.pl\/uk\/bez-kategorii\/lms\/list-marszalka-sejmu-skierowany-organizatorow-wystawy-hungarikum-sztuka-ludowa-matyo\/#article","isPartOf":{"@id":"https:\/\/marekkuchcinski.pl\/uk\/bez-kategorii\/lms\/list-marszalka-sejmu-skierowany-organizatorow-wystawy-hungarikum-sztuka-ludowa-matyo\/"},"author":{"name":"admin","@id":"https:\/\/marekkuchcinski.pl\/#\/schema\/person\/6f62700996b4d950b6ea2d1183b6c6be"},"headline":"List marsza\u0142ka Sejmu skierowany do organizator\u00f3w wystawy \u201eHungarikum. Sztuka Ludowa Maty\u00f3\u201d","datePublished":"2019-03-25T14:04:54+00:00","mainEntityOfPage":{"@id":"https:\/\/marekkuchcinski.pl\/uk\/bez-kategorii\/lms\/list-marszalka-sejmu-skierowany-organizatorow-wystawy-hungarikum-sztuka-ludowa-matyo\/"},"wordCount":188,"commentCount":0,"publisher":{"@id":"https:\/\/marekkuchcinski.pl\/#organization"},"image":{"@id":"https:\/\/marekkuchcinski.pl\/uk\/bez-kategorii\/lms\/list-marszalka-sejmu-skierowany-organizatorow-wystawy-hungarikum-sztuka-ludowa-matyo\/#primaryimage"},"thumbnailUrl":"https:\/\/marekkuchcinski.pl\/wp-content\/uploads\/2019\/03\/\u00a9_DSCF6504.jpg","articleSection":["Listy Marsza\u0142ka Sejmu"],"inLanguage":"en-GB","potentialAction":[{"@type":"CommentAction","name":"Comment","target":["https:\/\/marekkuchcinski.pl\/uk\/bez-kategorii\/lms\/list-marszalka-sejmu-skierowany-organizatorow-wystawy-hungarikum-sztuka-ludowa-matyo\/#respond"]}]},{"@type":"WebPage","@id":"https:\/\/marekkuchcinski.pl\/uk\/bez-kategorii\/lms\/list-marszalka-sejmu-skierowany-organizatorow-wystawy-hungarikum-sztuka-ludowa-matyo\/","url":"https:\/\/marekkuchcinski.pl\/uk\/bez-kategorii\/lms\/list-marszalka-sejmu-skierowany-organizatorow-wystawy-hungarikum-sztuka-ludowa-matyo\/","name":"List marsza\u0142ka Sejmu skierowany do organizator\u00f3w wystawy \u201eHungarikum. Sztuka Ludowa Maty\u00f3\u201d &#8211; Marek Kuchci\u0144ski","isPartOf":{"@id":"https:\/\/marekkuchcinski.pl\/#website"},"primaryImageOfPage":{"@id":"https:\/\/marekkuchcinski.pl\/uk\/bez-kategorii\/lms\/list-marszalka-sejmu-skierowany-organizatorow-wystawy-hungarikum-sztuka-ludowa-matyo\/#primaryimage"},"image":{"@id":"https:\/\/marekkuchcinski.pl\/uk\/bez-kategorii\/lms\/list-marszalka-sejmu-skierowany-organizatorow-wystawy-hungarikum-sztuka-ludowa-matyo\/#primaryimage"},"thumbnailUrl":"https:\/\/marekkuchcinski.pl\/wp-content\/uploads\/2019\/03\/\u00a9_DSCF6504.jpg","datePublished":"2019-03-25T14:04:54+00:00","breadcrumb":{"@id":"https:\/\/marekkuchcinski.pl\/uk\/bez-kategorii\/lms\/list-marszalka-sejmu-skierowany-organizatorow-wystawy-hungarikum-sztuka-ludowa-matyo\/#breadcrumb"},"inLanguage":"en-GB","potentialAction":[{"@type":"ReadAction","target":["https:\/\/marekkuchcinski.pl\/uk\/bez-kategorii\/lms\/list-marszalka-sejmu-skierowany-organizatorow-wystawy-hungarikum-sztuka-ludowa-matyo\/"]}]},{"@type":"ImageObject","inLanguage":"en-GB","@id":"https:\/\/marekkuchcinski.pl\/uk\/bez-kategorii\/lms\/list-marszalka-sejmu-skierowany-organizatorow-wystawy-hungarikum-sztuka-ludowa-matyo\/#primaryimage","url":"https:\/\/marekkuchcinski.pl\/wp-content\/uploads\/2019\/03\/\u00a9_DSCF6504.jpg","contentUrl":"https:\/\/marekkuchcinski.pl\/wp-content\/uploads\/2019\/03\/\u00a9_DSCF6504.jpg","width":2048,"height":1955},{"@type":"BreadcrumbList","@id":"https:\/\/marekkuchcinski.pl\/uk\/bez-kategorii\/lms\/list-marszalka-sejmu-skierowany-organizatorow-wystawy-hungarikum-sztuka-ludowa-matyo\/#breadcrumb","itemListElement":[{"@type":"ListItem","position":1,"name":"Strona g\u0142\u00f3wna","item":"https:\/\/marekkuchcinski.pl\/"},{"@type":"ListItem","position":2,"name":"List marsza\u0142ka Sejmu skierowany do organizator\u00f3w wystawy \u201eHungarikum. Sztuka Ludowa Maty\u00f3\u201d"}]},{"@type":"WebSite","@id":"https:\/\/marekkuchcinski.pl\/#website","url":"https:\/\/marekkuchcinski.pl\/","name":"Marek Kuchci\u0144ski","description":"Pose\u0142 na sejm RP &ndash; okr\u0119g nr 22","publisher":{"@id":"https:\/\/marekkuchcinski.pl\/#organization"},"potentialAction":[{"@type":"SearchAction","target":{"@type":"EntryPoint","urlTemplate":"https:\/\/marekkuchcinski.pl\/?s={search_term_string}"},"query-input":{"@type":"PropertyValueSpecification","valueRequired":true,"valueName":"search_term_string"}}],"inLanguage":"en-GB"},{"@type":"Organization","@id":"https:\/\/marekkuchcinski.pl\/#organization","name":"Marek Kuchci\u0144ski","url":"https:\/\/marekkuchcinski.pl\/","logo":{"@type":"ImageObject","inLanguage":"en-GB","@id":"https:\/\/marekkuchcinski.pl\/#\/schema\/logo\/image\/","url":"https:\/\/marekkuchcinski.pl\/wp-content\/uploads\/2022\/09\/Marek.jpg","contentUrl":"https:\/\/marekkuchcinski.pl\/wp-content\/uploads\/2022\/09\/Marek.jpg","width":1600,"height":971,"caption":"Marek Kuchci\u0144ski"},"image":{"@id":"https:\/\/marekkuchcinski.pl\/#\/schema\/logo\/image\/"}},{"@type":"Person","@id":"https:\/\/marekkuchcinski.pl\/#\/schema\/person\/6f62700996b4d950b6ea2d1183b6c6be","name":"admin","image":{"@type":"ImageObject","inLanguage":"en-GB","@id":"https:\/\/marekkuchcinski.pl\/#\/schema\/person\/image\/","url":"https:\/\/secure.gravatar.com\/avatar\/4bab693b9d55c3d6b52c0296a8765085?s=96&d=mm&r=g","contentUrl":"https:\/\/secure.gravatar.com\/avatar\/4bab693b9d55c3d6b52c0296a8765085?s=96&d=mm&r=g","caption":"admin"},"url":"https:\/\/marekkuchcinski.pl\/en\/author\/marta-olejnik\/"}]}},"_links":{"self":[{"href":"https:\/\/marekkuchcinski.pl\/en\/wp-json\/wp\/v2\/posts\/14119","targetHints":{"allow":["GET"]}}],"collection":[{"href":"https:\/\/marekkuchcinski.pl\/en\/wp-json\/wp\/v2\/posts"}],"about":[{"href":"https:\/\/marekkuchcinski.pl\/en\/wp-json\/wp\/v2\/types\/post"}],"author":[{"embeddable":true,"href":"https:\/\/marekkuchcinski.pl\/en\/wp-json\/wp\/v2\/users\/6"}],"replies":[{"embeddable":true,"href":"https:\/\/marekkuchcinski.pl\/en\/wp-json\/wp\/v2\/comments?post=14119"}],"version-history":[{"count":1,"href":"https:\/\/marekkuchcinski.pl\/en\/wp-json\/wp\/v2\/posts\/14119\/revisions"}],"predecessor-version":[{"id":14120,"href":"https:\/\/marekkuchcinski.pl\/en\/wp-json\/wp\/v2\/posts\/14119\/revisions\/14120"}],"wp:featuredmedia":[{"embeddable":true,"href":"https:\/\/marekkuchcinski.pl\/en\/wp-json\/wp\/v2\/media\/14113"}],"wp:attachment":[{"href":"https:\/\/marekkuchcinski.pl\/en\/wp-json\/wp\/v2\/media?parent=14119"}],"wp:term":[{"taxonomy":"category","embeddable":true,"href":"https:\/\/marekkuchcinski.pl\/en\/wp-json\/wp\/v2\/categories?post=14119"},{"taxonomy":"post_tag","embeddable":true,"href":"https:\/\/marekkuchcinski.pl\/en\/wp-json\/wp\/v2\/tags?post=14119"}],"curies":[{"name":"wp","href":"https:\/\/api.w.org\/{rel}","templated":true}]}}