{"id":14100,"date":"2019-03-24T16:38:46","date_gmt":"2019-03-24T15:38:46","guid":{"rendered":"https:\/\/marekkuchcinski.pl\/?p=14100"},"modified":"2019-03-24T16:40:36","modified_gmt":"2019-03-24T15:40:36","slug":"przemysl-obchody-350-lecia-powstania-bractwa-swietego-jozefa-udzialem-marszalka-sejmu","status":"publish","type":"post","link":"https:\/\/marekkuchcinski.pl\/en\/wydarzenia\/przemysl-obchody-350-lecia-powstania-bractwa-swietego-jozefa-udzialem-marszalka-sejmu\/","title":{"rendered":"Przemy\u015bl: Celebration of 350 years of the Saint Joseph Brotherhood with the participation of the Speaker of the Sejm"},"content":{"rendered":"<p dir=\"ltr\">- We would like to thank the Carmelite Fathers for their care and adherence to the highest values that we Poles profess, including Christian values, from the beginning of the monastery's existence in the Przemy\u015bl region until the present day,\" said Marek Kuchci\u0144ski, Speaker of the Sejm, during Sunday's celebrations marking the 350th anniversary of the founding of the Brotherhood of St Joseph in Przemy\u015bl.<\/p>\n<p dir=\"ltr\">Marek Kuchci\u0144ski referred in his speech to the history of our country and the anniversaries celebrated in the past years: 1050th anniversary of the adoption of the Baptism of Poland, 550th anniversary of the Parliamentarism of the Republic of Poland, 100th anniversary of regaining independence, as well as this year's: 100th anniversary of the Legislative Sejm and 450th anniversary of the Lublin Union. - I remind these anniversaries to emphasize very strongly how the history of the Polish nation, the history of the Polish state, is related to Christianity and the Church', said Marshal Kuchci\u0144ski.<\/p>\n<p dir=\"ltr\">In connection with the celebration of the 350th anniversary of the creation of the Brotherhood of St. Joseph, a solemn Holy Mass was celebrated in the church of the Discalced Carmelites in Przemy\u015bl, under the presidency of the Provincial Father Tadeusz Florek.<\/p>\n<p dir=\"ltr\">During the solemn Eucharist, the Speaker of the Sejm placed in the hands of the Prior of the Monastery of the Discalced Carmelites in Przemy\u015bl a chasuble prepared on the occasion of the 550th anniversary of the Parliamentarism of the Republic of Poland.<\/p>\n<p dir=\"ltr\"><em>CIS<\/em><\/p>\n<p dir=\"ltr\"><em>Photo: \u0141ukasz B\u0142asikiewicz\/ KS<\/em><\/p>\n<p dir=\"ltr\"><a href=\"https:\/\/marekkuchcinski.pl\/wp-content\/uploads\/2019\/03\/karmel.jpg\"><img fetchpriority=\"high\" decoding=\"async\" class=\"alignnone size-full wp-image-14103\" src=\"https:\/\/marekkuchcinski.pl\/wp-content\/uploads\/2019\/03\/karmel.jpg\" alt=\"karmel\" width=\"2784\" height=\"1856\" srcset=\"https:\/\/marekkuchcinski.pl\/wp-content\/uploads\/2019\/03\/karmel.jpg 2048w, https:\/\/marekkuchcinski.pl\/wp-content\/uploads\/2019\/03\/karmel-300x200.jpg 300w, https:\/\/marekkuchcinski.pl\/wp-content\/uploads\/2019\/03\/karmel-768x512.jpg 768w, https:\/\/marekkuchcinski.pl\/wp-content\/uploads\/2019\/03\/karmel-1024x683.jpg 1024w\" sizes=\"(max-width: 2784px) 100vw, 2784px\" \/><\/a><\/p>","protected":false},"excerpt":{"rendered":"<p>&#8211; Dzi\u0119kujemy Ojcom Karmelitom za opiek\u0119 i trwanie przy najwy\u017cszych warto\u015bciach, jakie my &#8211; Polacy wyznajemy, w tym warto\u015bciach chrze\u015bcija\u0144skich, od pocz\u0105tku istnienia klasztoru na Ziemi Przemyskiej, po czasy wsp\u00f3\u0142czesne &#8211; powiedzia\u0142 marsza\u0142ek Sejmu Marek Kuchci\u0144ski podczas niedzielnych uroczysto\u015bci z okazji 350-lecia powstania Bractwa \u015awi\u0119tego J\u00f3zefa w Przemy\u015blu. Marek Kuchci\u0144ski odwo\u0142a\u0142 si\u0119 w swoim wyst\u0105pieniu [&hellip;]<\/p>\n","protected":false},"author":6,"featured_media":14104,"comment_status":"open","ping_status":"open","sticky":false,"template":"","format":"standard","meta":{"ngg_post_thumbnail":0,"footnotes":""},"categories":[49,77,3],"tags":[],"class_list":["post-14100","post","type-post","status-publish","format-standard","has-post-thumbnail","hentry","category-podkarpacie","category-wazne-daty","category-wydarzenia"],"_links":{"self":[{"href":"https:\/\/marekkuchcinski.pl\/en\/wp-json\/wp\/v2\/posts\/14100","targetHints":{"allow":["GET"]}}],"collection":[{"href":"https:\/\/marekkuchcinski.pl\/en\/wp-json\/wp\/v2\/posts"}],"about":[{"href":"https:\/\/marekkuchcinski.pl\/en\/wp-json\/wp\/v2\/types\/post"}],"author":[{"embeddable":true,"href":"https:\/\/marekkuchcinski.pl\/en\/wp-json\/wp\/v2\/users\/6"}],"replies":[{"embeddable":true,"href":"https:\/\/marekkuchcinski.pl\/en\/wp-json\/wp\/v2\/comments?post=14100"}],"version-history":[{"count":4,"href":"https:\/\/marekkuchcinski.pl\/en\/wp-json\/wp\/v2\/posts\/14100\/revisions"}],"predecessor-version":[{"id":14107,"href":"https:\/\/marekkuchcinski.pl\/en\/wp-json\/wp\/v2\/posts\/14100\/revisions\/14107"}],"wp:featuredmedia":[{"embeddable":true,"href":"https:\/\/marekkuchcinski.pl\/en\/wp-json\/wp\/v2\/media\/14104"}],"wp:attachment":[{"href":"https:\/\/marekkuchcinski.pl\/en\/wp-json\/wp\/v2\/media?parent=14100"}],"wp:term":[{"taxonomy":"category","embeddable":true,"href":"https:\/\/marekkuchcinski.pl\/en\/wp-json\/wp\/v2\/categories?post=14100"},{"taxonomy":"post_tag","embeddable":true,"href":"https:\/\/marekkuchcinski.pl\/en\/wp-json\/wp\/v2\/tags?post=14100"}],"curies":[{"name":"wp","href":"https:\/\/api.w.org\/{rel}","templated":true}]}}