{"id":14095,"date":"2019-03-24T16:04:52","date_gmt":"2019-03-24T15:04:52","guid":{"rendered":"https:\/\/marekkuchcinski.pl\/?p=14095"},"modified":"2019-03-24T16:04:52","modified_gmt":"2019-03-24T15:04:52","slug":"marszalek-sejmu-marek-kuchcinski-spotkal-sie-sekretarzem-generalnym-rady-europy","status":"publish","type":"post","link":"https:\/\/marekkuchcinski.pl\/en\/wiesci-z-sejmu\/marszalek-sejmu-marek-kuchcinski-spotkal-sie-sekretarzem-generalnym-rady-europy\/","title":{"rendered":"The Speaker of the Sejm Marek Kuchci\u0144ski met with the Secretary General of the Council of Europe"},"content":{"rendered":"<div class=\"domino-richtext xspInputFieldRichText\">\n<p dir=\"ltr\">Sejm Speaker Marek Kuchcinski met Friday with Council of Europe Secretary General Thorbjoern Jagland, who was visiting Warsaw. In the conversation, the politicians discussed, among other things, the challenges facing Europe, particularly related to Brexit and migration issues. The interlocutors agreed that it is crucial to reach compromise solutions on these issues. During the meeting, the Speaker of the Sejm and the Secretary General raised current issues concerning the functioning of the Council of Europe.<\/p>\n<p dir=\"ltr\">The politicians agreed that diplomacy, including that carried out by national parliaments, has an important role to play in dealing with such issues. In the current term of the Sejm, this aspect of the Polish parliament's activity is crucial.<\/p>\n<p dir=\"ltr\">The meeting was also attended, among others, by MP W\u0142odzimierz Bernacki - head of the Polish delegation to the Parliamentary Assembly of the Council of Europe.<\/p>\n<p>The Council of Europe is an international organization, primarily engaged in activities to protect human rights. It was established in 1949. - this year therefore marks the 70th anniversary of its establishment.<\/p>\n<p dir=\"ltr\"><em>CIS<\/em><\/p>\n<\/div>\n<div class=\"gallery\"><em>Photo: Marta Marchlewska\/ KS<\/em><\/div>\n<p><a href=\"https:\/\/marekkuchcinski.pl\/wp-content\/uploads\/2019\/03\/MMA_7547.view_.jpg\"><img fetchpriority=\"high\" decoding=\"async\" class=\"alignnone size-full wp-image-14096\" src=\"https:\/\/marekkuchcinski.pl\/wp-content\/uploads\/2019\/03\/MMA_7547.view_.jpg\" alt=\"MMA_7547.view\" width=\"800\" height=\"533\" srcset=\"https:\/\/marekkuchcinski.pl\/wp-content\/uploads\/2019\/03\/MMA_7547.view_.jpg 800w, https:\/\/marekkuchcinski.pl\/wp-content\/uploads\/2019\/03\/MMA_7547.view_-300x200.jpg 300w, https:\/\/marekkuchcinski.pl\/wp-content\/uploads\/2019\/03\/MMA_7547.view_-768x512.jpg 768w\" sizes=\"(max-width: 800px) 100vw, 800px\" \/><\/a><\/p>","protected":false},"excerpt":{"rendered":"<p>Marsza\u0142ek Sejmu Marek Kuchci\u0144ski spotka\u0142 si\u0119 w pi\u0105tek z przebywaj\u0105cym z wizyt\u0105 w Warszawie sekretarzem generalnym Rady Europy Thorbjoernem Jaglandem. W rozmowie politycy om\u00f3wili m.in. wyzwania stoj\u0105ce przed Europ\u0105, w szczeg\u00f3lno\u015bci zwi\u0105zane z Brexitem oraz sprawami migracji. Rozm\u00f3wcy zgodzili si\u0119, \u017ce w tych kwestiach kluczowe jest wypracowanie kompromisowych rozwi\u0105za\u0144. Podczas spotkania Marsza\u0142ek Sejmu i Sekretarz [&hellip;]<\/p>","protected":false},"author":6,"featured_media":0,"comment_status":"open","ping_status":"open","sticky":false,"template":"","format":"standard","meta":{"ngg_post_thumbnail":0,"footnotes":""},"categories":[81,50],"tags":[],"class_list":["post-14095","post","type-post","status-publish","format-standard","hentry","category-wiesci-z-sejmu","category-wspolpraca-miedzynarodowa"],"yoast_head":"<!-- This site is optimized with the Yoast SEO plugin v24.7 - https:\/\/yoast.com\/wordpress\/plugins\/seo\/ -->\n<title>Marsza\u0142ek Sejmu Marek Kuchci\u0144ski spotka\u0142 si\u0119 z Sekretarzem Generalnym Rady Europy &#8211; Marek Kuchci\u0144ski<\/title>\n<meta name=\"robots\" content=\"index, follow, max-snippet:-1, max-image-preview:large, max-video-preview:-1\" \/>\n<link rel=\"canonical\" href=\"https:\/\/marekkuchcinski.pl\/en\/wiesci-z-sejmu\/marszalek-sejmu-marek-kuchcinski-spotkal-sie-sekretarzem-generalnym-rady-europy\/\" \/>\n<meta property=\"og:locale\" content=\"en_GB\" \/>\n<meta property=\"og:type\" content=\"article\" \/>\n<meta property=\"og:title\" content=\"Marsza\u0142ek Sejmu Marek Kuchci\u0144ski spotka\u0142 si\u0119 z Sekretarzem Generalnym Rady Europy &#8211; Marek Kuchci\u0144ski\" \/>\n<meta property=\"og:description\" content=\"Marsza\u0142ek Sejmu Marek Kuchci\u0144ski spotka\u0142 si\u0119 w pi\u0105tek z przebywaj\u0105cym z wizyt\u0105 w Warszawie sekretarzem generalnym Rady Europy Thorbjoernem Jaglandem. W rozmowie politycy om\u00f3wili m.in. wyzwania stoj\u0105ce przed Europ\u0105, w szczeg\u00f3lno\u015bci zwi\u0105zane z Brexitem oraz sprawami migracji. Rozm\u00f3wcy zgodzili si\u0119, \u017ce w tych kwestiach kluczowe jest wypracowanie kompromisowych rozwi\u0105za\u0144. Podczas spotkania Marsza\u0142ek Sejmu i Sekretarz [&hellip;]\" \/>\n<meta property=\"og:url\" content=\"https:\/\/marekkuchcinski.pl\/en\/wiesci-z-sejmu\/marszalek-sejmu-marek-kuchcinski-spotkal-sie-sekretarzem-generalnym-rady-europy\/\" \/>\n<meta property=\"og:site_name\" content=\"Marek Kuchci\u0144ski\" \/>\n<meta property=\"article:published_time\" content=\"2019-03-24T15:04:52+00:00\" \/>\n<meta property=\"og:image\" content=\"https:\/\/marekkuchcinski.pl\/wp-content\/uploads\/2019\/03\/MMA_7547.view_.jpg\" \/>\n<meta name=\"author\" content=\"admin\" \/>\n<meta name=\"twitter:card\" content=\"summary_large_image\" \/>\n<meta name=\"twitter:label1\" content=\"Written by\" \/>\n\t<meta name=\"twitter:data1\" content=\"admin\" \/>\n\t<meta name=\"twitter:label2\" content=\"Estimated reading time\" \/>\n\t<meta name=\"twitter:data2\" content=\"1 minute\" \/>\n<script type=\"application\/ld+json\" class=\"yoast-schema-graph\">{\"@context\":\"https:\/\/schema.org\",\"@graph\":[{\"@type\":\"Article\",\"@id\":\"https:\/\/marekkuchcinski.pl\/uk\/wiesci-z-sejmu\/marszalek-sejmu-marek-kuchcinski-spotkal-sie-sekretarzem-generalnym-rady-europy\/#article\",\"isPartOf\":{\"@id\":\"https:\/\/marekkuchcinski.pl\/uk\/wiesci-z-sejmu\/marszalek-sejmu-marek-kuchcinski-spotkal-sie-sekretarzem-generalnym-rady-europy\/\"},\"author\":{\"name\":\"admin\",\"@id\":\"https:\/\/marekkuchcinski.pl\/#\/schema\/person\/6f62700996b4d950b6ea2d1183b6c6be\"},\"headline\":\"Marsza\u0142ek Sejmu Marek Kuchci\u0144ski spotka\u0142 si\u0119 z Sekretarzem Generalnym Rady Europy\",\"datePublished\":\"2019-03-24T15:04:52+00:00\",\"mainEntityOfPage\":{\"@id\":\"https:\/\/marekkuchcinski.pl\/uk\/wiesci-z-sejmu\/marszalek-sejmu-marek-kuchcinski-spotkal-sie-sekretarzem-generalnym-rady-europy\/\"},\"wordCount\":185,\"commentCount\":0,\"publisher\":{\"@id\":\"https:\/\/marekkuchcinski.pl\/#organization\"},\"image\":{\"@id\":\"https:\/\/marekkuchcinski.pl\/uk\/wiesci-z-sejmu\/marszalek-sejmu-marek-kuchcinski-spotkal-sie-sekretarzem-generalnym-rady-europy\/#primaryimage\"},\"thumbnailUrl\":\"https:\/\/marekkuchcinski.pl\/wp-content\/uploads\/2019\/03\/MMA_7547.view_.jpg\",\"articleSection\":[\"Wie\u015bci z Sejmu\",\"Wsp\u00f3\u0142praca mi\u0119dzynarodowa\"],\"inLanguage\":\"en-GB\",\"potentialAction\":[{\"@type\":\"CommentAction\",\"name\":\"Comment\",\"target\":[\"https:\/\/marekkuchcinski.pl\/uk\/wiesci-z-sejmu\/marszalek-sejmu-marek-kuchcinski-spotkal-sie-sekretarzem-generalnym-rady-europy\/#respond\"]}]},{\"@type\":\"WebPage\",\"@id\":\"https:\/\/marekkuchcinski.pl\/uk\/wiesci-z-sejmu\/marszalek-sejmu-marek-kuchcinski-spotkal-sie-sekretarzem-generalnym-rady-europy\/\",\"url\":\"https:\/\/marekkuchcinski.pl\/uk\/wiesci-z-sejmu\/marszalek-sejmu-marek-kuchcinski-spotkal-sie-sekretarzem-generalnym-rady-europy\/\",\"name\":\"Marsza\u0142ek Sejmu Marek Kuchci\u0144ski spotka\u0142 si\u0119 z Sekretarzem Generalnym Rady Europy &#8211; Marek Kuchci\u0144ski\",\"isPartOf\":{\"@id\":\"https:\/\/marekkuchcinski.pl\/#website\"},\"primaryImageOfPage\":{\"@id\":\"https:\/\/marekkuchcinski.pl\/uk\/wiesci-z-sejmu\/marszalek-sejmu-marek-kuchcinski-spotkal-sie-sekretarzem-generalnym-rady-europy\/#primaryimage\"},\"image\":{\"@id\":\"https:\/\/marekkuchcinski.pl\/uk\/wiesci-z-sejmu\/marszalek-sejmu-marek-kuchcinski-spotkal-sie-sekretarzem-generalnym-rady-europy\/#primaryimage\"},\"thumbnailUrl\":\"https:\/\/marekkuchcinski.pl\/wp-content\/uploads\/2019\/03\/MMA_7547.view_.jpg\",\"datePublished\":\"2019-03-24T15:04:52+00:00\",\"breadcrumb\":{\"@id\":\"https:\/\/marekkuchcinski.pl\/uk\/wiesci-z-sejmu\/marszalek-sejmu-marek-kuchcinski-spotkal-sie-sekretarzem-generalnym-rady-europy\/#breadcrumb\"},\"inLanguage\":\"en-GB\",\"potentialAction\":[{\"@type\":\"ReadAction\",\"target\":[\"https:\/\/marekkuchcinski.pl\/uk\/wiesci-z-sejmu\/marszalek-sejmu-marek-kuchcinski-spotkal-sie-sekretarzem-generalnym-rady-europy\/\"]}]},{\"@type\":\"ImageObject\",\"inLanguage\":\"en-GB\",\"@id\":\"https:\/\/marekkuchcinski.pl\/uk\/wiesci-z-sejmu\/marszalek-sejmu-marek-kuchcinski-spotkal-sie-sekretarzem-generalnym-rady-europy\/#primaryimage\",\"url\":\"https:\/\/marekkuchcinski.pl\/wp-content\/uploads\/2019\/03\/MMA_7547.view_.jpg\",\"contentUrl\":\"https:\/\/marekkuchcinski.pl\/wp-content\/uploads\/2019\/03\/MMA_7547.view_.jpg\"},{\"@type\":\"BreadcrumbList\",\"@id\":\"https:\/\/marekkuchcinski.pl\/uk\/wiesci-z-sejmu\/marszalek-sejmu-marek-kuchcinski-spotkal-sie-sekretarzem-generalnym-rady-europy\/#breadcrumb\",\"itemListElement\":[{\"@type\":\"ListItem\",\"position\":1,\"name\":\"Strona g\u0142\u00f3wna\",\"item\":\"https:\/\/marekkuchcinski.pl\/\"},{\"@type\":\"ListItem\",\"position\":2,\"name\":\"Marsza\u0142ek Sejmu Marek Kuchci\u0144ski spotka\u0142 si\u0119 z Sekretarzem Generalnym Rady Europy\"}]},{\"@type\":\"WebSite\",\"@id\":\"https:\/\/marekkuchcinski.pl\/#website\",\"url\":\"https:\/\/marekkuchcinski.pl\/\",\"name\":\"Marek Kuchci\u0144ski\",\"description\":\"Pose\u0142 na sejm RP &ndash; okr\u0119g nr 22\",\"publisher\":{\"@id\":\"https:\/\/marekkuchcinski.pl\/#organization\"},\"potentialAction\":[{\"@type\":\"SearchAction\",\"target\":{\"@type\":\"EntryPoint\",\"urlTemplate\":\"https:\/\/marekkuchcinski.pl\/?s={search_term_string}\"},\"query-input\":{\"@type\":\"PropertyValueSpecification\",\"valueRequired\":true,\"valueName\":\"search_term_string\"}}],\"inLanguage\":\"en-GB\"},{\"@type\":\"Organization\",\"@id\":\"https:\/\/marekkuchcinski.pl\/#organization\",\"name\":\"Marek Kuchci\u0144ski\",\"url\":\"https:\/\/marekkuchcinski.pl\/\",\"logo\":{\"@type\":\"ImageObject\",\"inLanguage\":\"en-GB\",\"@id\":\"https:\/\/marekkuchcinski.pl\/#\/schema\/logo\/image\/\",\"url\":\"https:\/\/marekkuchcinski.pl\/wp-content\/uploads\/2022\/09\/Marek.jpg\",\"contentUrl\":\"https:\/\/marekkuchcinski.pl\/wp-content\/uploads\/2022\/09\/Marek.jpg\",\"width\":1600,\"height\":971,\"caption\":\"Marek Kuchci\u0144ski\"},\"image\":{\"@id\":\"https:\/\/marekkuchcinski.pl\/#\/schema\/logo\/image\/\"}},{\"@type\":\"Person\",\"@id\":\"https:\/\/marekkuchcinski.pl\/#\/schema\/person\/6f62700996b4d950b6ea2d1183b6c6be\",\"name\":\"admin\",\"image\":{\"@type\":\"ImageObject\",\"inLanguage\":\"en-GB\",\"@id\":\"https:\/\/marekkuchcinski.pl\/#\/schema\/person\/image\/\",\"url\":\"https:\/\/secure.gravatar.com\/avatar\/4bab693b9d55c3d6b52c0296a8765085?s=96&d=mm&r=g\",\"contentUrl\":\"https:\/\/secure.gravatar.com\/avatar\/4bab693b9d55c3d6b52c0296a8765085?s=96&d=mm&r=g\",\"caption\":\"admin\"},\"url\":\"https:\/\/marekkuchcinski.pl\/en\/author\/marta-olejnik\/\"}]}<\/script>\n<!-- \/ Yoast SEO plugin. -->","yoast_head_json":{"title":"Marsza\u0142ek Sejmu Marek Kuchci\u0144ski spotka\u0142 si\u0119 z Sekretarzem Generalnym Rady Europy &#8211; Marek Kuchci\u0144ski","robots":{"index":"index","follow":"follow","max-snippet":"max-snippet:-1","max-image-preview":"max-image-preview:large","max-video-preview":"max-video-preview:-1"},"canonical":"https:\/\/marekkuchcinski.pl\/en\/wiesci-z-sejmu\/marszalek-sejmu-marek-kuchcinski-spotkal-sie-sekretarzem-generalnym-rady-europy\/","og_locale":"en_GB","og_type":"article","og_title":"Marsza\u0142ek Sejmu Marek Kuchci\u0144ski spotka\u0142 si\u0119 z Sekretarzem Generalnym Rady Europy &#8211; Marek Kuchci\u0144ski","og_description":"Marsza\u0142ek Sejmu Marek Kuchci\u0144ski spotka\u0142 si\u0119 w pi\u0105tek z przebywaj\u0105cym z wizyt\u0105 w Warszawie sekretarzem generalnym Rady Europy Thorbjoernem Jaglandem. W rozmowie politycy om\u00f3wili m.in. wyzwania stoj\u0105ce przed Europ\u0105, w szczeg\u00f3lno\u015bci zwi\u0105zane z Brexitem oraz sprawami migracji. Rozm\u00f3wcy zgodzili si\u0119, \u017ce w tych kwestiach kluczowe jest wypracowanie kompromisowych rozwi\u0105za\u0144. Podczas spotkania Marsza\u0142ek Sejmu i Sekretarz [&hellip;]","og_url":"https:\/\/marekkuchcinski.pl\/en\/wiesci-z-sejmu\/marszalek-sejmu-marek-kuchcinski-spotkal-sie-sekretarzem-generalnym-rady-europy\/","og_site_name":"Marek Kuchci\u0144ski","article_published_time":"2019-03-24T15:04:52+00:00","og_image":[{"url":"https:\/\/marekkuchcinski.pl\/wp-content\/uploads\/2019\/03\/MMA_7547.view_.jpg","type":"","width":"","height":""}],"author":"admin","twitter_card":"summary_large_image","twitter_misc":{"Written by":"admin","Estimated reading time":"1 minute"},"schema":{"@context":"https:\/\/schema.org","@graph":[{"@type":"Article","@id":"https:\/\/marekkuchcinski.pl\/uk\/wiesci-z-sejmu\/marszalek-sejmu-marek-kuchcinski-spotkal-sie-sekretarzem-generalnym-rady-europy\/#article","isPartOf":{"@id":"https:\/\/marekkuchcinski.pl\/uk\/wiesci-z-sejmu\/marszalek-sejmu-marek-kuchcinski-spotkal-sie-sekretarzem-generalnym-rady-europy\/"},"author":{"name":"admin","@id":"https:\/\/marekkuchcinski.pl\/#\/schema\/person\/6f62700996b4d950b6ea2d1183b6c6be"},"headline":"Marsza\u0142ek Sejmu Marek Kuchci\u0144ski spotka\u0142 si\u0119 z Sekretarzem Generalnym Rady Europy","datePublished":"2019-03-24T15:04:52+00:00","mainEntityOfPage":{"@id":"https:\/\/marekkuchcinski.pl\/uk\/wiesci-z-sejmu\/marszalek-sejmu-marek-kuchcinski-spotkal-sie-sekretarzem-generalnym-rady-europy\/"},"wordCount":185,"commentCount":0,"publisher":{"@id":"https:\/\/marekkuchcinski.pl\/#organization"},"image":{"@id":"https:\/\/marekkuchcinski.pl\/uk\/wiesci-z-sejmu\/marszalek-sejmu-marek-kuchcinski-spotkal-sie-sekretarzem-generalnym-rady-europy\/#primaryimage"},"thumbnailUrl":"https:\/\/marekkuchcinski.pl\/wp-content\/uploads\/2019\/03\/MMA_7547.view_.jpg","articleSection":["Wie\u015bci z Sejmu","Wsp\u00f3\u0142praca mi\u0119dzynarodowa"],"inLanguage":"en-GB","potentialAction":[{"@type":"CommentAction","name":"Comment","target":["https:\/\/marekkuchcinski.pl\/uk\/wiesci-z-sejmu\/marszalek-sejmu-marek-kuchcinski-spotkal-sie-sekretarzem-generalnym-rady-europy\/#respond"]}]},{"@type":"WebPage","@id":"https:\/\/marekkuchcinski.pl\/uk\/wiesci-z-sejmu\/marszalek-sejmu-marek-kuchcinski-spotkal-sie-sekretarzem-generalnym-rady-europy\/","url":"https:\/\/marekkuchcinski.pl\/uk\/wiesci-z-sejmu\/marszalek-sejmu-marek-kuchcinski-spotkal-sie-sekretarzem-generalnym-rady-europy\/","name":"Marsza\u0142ek Sejmu Marek Kuchci\u0144ski spotka\u0142 si\u0119 z Sekretarzem Generalnym Rady Europy &#8211; Marek Kuchci\u0144ski","isPartOf":{"@id":"https:\/\/marekkuchcinski.pl\/#website"},"primaryImageOfPage":{"@id":"https:\/\/marekkuchcinski.pl\/uk\/wiesci-z-sejmu\/marszalek-sejmu-marek-kuchcinski-spotkal-sie-sekretarzem-generalnym-rady-europy\/#primaryimage"},"image":{"@id":"https:\/\/marekkuchcinski.pl\/uk\/wiesci-z-sejmu\/marszalek-sejmu-marek-kuchcinski-spotkal-sie-sekretarzem-generalnym-rady-europy\/#primaryimage"},"thumbnailUrl":"https:\/\/marekkuchcinski.pl\/wp-content\/uploads\/2019\/03\/MMA_7547.view_.jpg","datePublished":"2019-03-24T15:04:52+00:00","breadcrumb":{"@id":"https:\/\/marekkuchcinski.pl\/uk\/wiesci-z-sejmu\/marszalek-sejmu-marek-kuchcinski-spotkal-sie-sekretarzem-generalnym-rady-europy\/#breadcrumb"},"inLanguage":"en-GB","potentialAction":[{"@type":"ReadAction","target":["https:\/\/marekkuchcinski.pl\/uk\/wiesci-z-sejmu\/marszalek-sejmu-marek-kuchcinski-spotkal-sie-sekretarzem-generalnym-rady-europy\/"]}]},{"@type":"ImageObject","inLanguage":"en-GB","@id":"https:\/\/marekkuchcinski.pl\/uk\/wiesci-z-sejmu\/marszalek-sejmu-marek-kuchcinski-spotkal-sie-sekretarzem-generalnym-rady-europy\/#primaryimage","url":"https:\/\/marekkuchcinski.pl\/wp-content\/uploads\/2019\/03\/MMA_7547.view_.jpg","contentUrl":"https:\/\/marekkuchcinski.pl\/wp-content\/uploads\/2019\/03\/MMA_7547.view_.jpg"},{"@type":"BreadcrumbList","@id":"https:\/\/marekkuchcinski.pl\/uk\/wiesci-z-sejmu\/marszalek-sejmu-marek-kuchcinski-spotkal-sie-sekretarzem-generalnym-rady-europy\/#breadcrumb","itemListElement":[{"@type":"ListItem","position":1,"name":"Strona g\u0142\u00f3wna","item":"https:\/\/marekkuchcinski.pl\/"},{"@type":"ListItem","position":2,"name":"Marsza\u0142ek Sejmu Marek Kuchci\u0144ski spotka\u0142 si\u0119 z Sekretarzem Generalnym Rady Europy"}]},{"@type":"WebSite","@id":"https:\/\/marekkuchcinski.pl\/#website","url":"https:\/\/marekkuchcinski.pl\/","name":"Marek Kuchci\u0144ski","description":"Pose\u0142 na sejm RP &ndash; okr\u0119g nr 22","publisher":{"@id":"https:\/\/marekkuchcinski.pl\/#organization"},"potentialAction":[{"@type":"SearchAction","target":{"@type":"EntryPoint","urlTemplate":"https:\/\/marekkuchcinski.pl\/?s={search_term_string}"},"query-input":{"@type":"PropertyValueSpecification","valueRequired":true,"valueName":"search_term_string"}}],"inLanguage":"en-GB"},{"@type":"Organization","@id":"https:\/\/marekkuchcinski.pl\/#organization","name":"Marek Kuchci\u0144ski","url":"https:\/\/marekkuchcinski.pl\/","logo":{"@type":"ImageObject","inLanguage":"en-GB","@id":"https:\/\/marekkuchcinski.pl\/#\/schema\/logo\/image\/","url":"https:\/\/marekkuchcinski.pl\/wp-content\/uploads\/2022\/09\/Marek.jpg","contentUrl":"https:\/\/marekkuchcinski.pl\/wp-content\/uploads\/2022\/09\/Marek.jpg","width":1600,"height":971,"caption":"Marek Kuchci\u0144ski"},"image":{"@id":"https:\/\/marekkuchcinski.pl\/#\/schema\/logo\/image\/"}},{"@type":"Person","@id":"https:\/\/marekkuchcinski.pl\/#\/schema\/person\/6f62700996b4d950b6ea2d1183b6c6be","name":"admin","image":{"@type":"ImageObject","inLanguage":"en-GB","@id":"https:\/\/marekkuchcinski.pl\/#\/schema\/person\/image\/","url":"https:\/\/secure.gravatar.com\/avatar\/4bab693b9d55c3d6b52c0296a8765085?s=96&d=mm&r=g","contentUrl":"https:\/\/secure.gravatar.com\/avatar\/4bab693b9d55c3d6b52c0296a8765085?s=96&d=mm&r=g","caption":"admin"},"url":"https:\/\/marekkuchcinski.pl\/en\/author\/marta-olejnik\/"}]}},"_links":{"self":[{"href":"https:\/\/marekkuchcinski.pl\/en\/wp-json\/wp\/v2\/posts\/14095","targetHints":{"allow":["GET"]}}],"collection":[{"href":"https:\/\/marekkuchcinski.pl\/en\/wp-json\/wp\/v2\/posts"}],"about":[{"href":"https:\/\/marekkuchcinski.pl\/en\/wp-json\/wp\/v2\/types\/post"}],"author":[{"embeddable":true,"href":"https:\/\/marekkuchcinski.pl\/en\/wp-json\/wp\/v2\/users\/6"}],"replies":[{"embeddable":true,"href":"https:\/\/marekkuchcinski.pl\/en\/wp-json\/wp\/v2\/comments?post=14095"}],"version-history":[{"count":1,"href":"https:\/\/marekkuchcinski.pl\/en\/wp-json\/wp\/v2\/posts\/14095\/revisions"}],"predecessor-version":[{"id":14097,"href":"https:\/\/marekkuchcinski.pl\/en\/wp-json\/wp\/v2\/posts\/14095\/revisions\/14097"}],"wp:attachment":[{"href":"https:\/\/marekkuchcinski.pl\/en\/wp-json\/wp\/v2\/media?parent=14095"}],"wp:term":[{"taxonomy":"category","embeddable":true,"href":"https:\/\/marekkuchcinski.pl\/en\/wp-json\/wp\/v2\/categories?post=14095"},{"taxonomy":"post_tag","embeddable":true,"href":"https:\/\/marekkuchcinski.pl\/en\/wp-json\/wp\/v2\/tags?post=14095"}],"curies":[{"name":"wp","href":"https:\/\/api.w.org\/{rel}","templated":true}]}}