{"id":14047,"date":"2019-03-23T10:17:02","date_gmt":"2019-03-23T09:17:02","guid":{"rendered":"https:\/\/marekkuchcinski.pl\/?p=14047"},"modified":"2020-03-23T09:51:40","modified_gmt":"2020-03-23T08:51:40","slug":"23-marca-dniem-przyjazni-polsko-wegierskiej","status":"publish","type":"post","link":"https:\/\/marekkuchcinski.pl\/en\/wydarzenia\/23-marca-dniem-przyjazni-polsko-wegierskiej\/","title":{"rendered":"23 March - Polish-Hungarian Friendship Day"},"content":{"rendered":"<p><strong>Poles and Hungarians were connected by a great bridge of solidarity and help. Poles treated the heroic fight of Hungarians as their own', the Speaker of the Seym Marek Kuchci\u0144ski said in Budapest at the beginning of his term. If we look closely at the common history of our countries, we will see how true these words are. Two seemingly different nations have been intertwined for centuries with an inseparable and unusual bond that makes one not hesitate to sacrifice everything for the other.<\/strong><\/p>\n<p><strong><span style=\"color: #b31515;\">On 12 March 2007, the Hungarian Parliament adopted a declaration recognising 23 March as Polish-Hungarian Friendship Day. It was supported by 324 MPs, no one abstained and no one was against. A similar resolution was adopted by the Polish Sejm by acclamation on 16 March 2007.<\/span><\/strong><\/p>\n<p><span style=\"color: #168012;\"><strong>Below is a recap of the events involving the Speaker of the Polish Sejm and the Speaker of the Hungarian Parliament:<\/strong><\/span><\/p>\n<p><blockquote class=\"twitter-tweet\" data-width=\"550\" data-dnt=\"true\"><p lang=\"pl\" dir=\"ltr\">A monument to the Polish-Hungarian friendship to which 5,000 Polish Jews owe their lives has been erected in Budapest. S\u0142awik and Antall deserve to be remembered <a href=\"https:\/\/t.co\/mCd6QnxOTc\">pic.twitter.com\/mCd6QnxOTc<\/a><\/p>- Marek Kuchcinski \ud83c\uddf5\ud83c\uddf1 (@MarekKuchcinski) <a href=\"https:\/\/twitter.com\/MarekKuchcinski\/status\/879286884211490817?ref_src=twsrc%5Etfw\">June 26, 2017<\/a><\/blockquote><script async src=\"https:\/\/platform.twitter.com\/widgets.js\" charset=\"utf-8\"><\/script><\/p>\n<p><a href=\"https:\/\/marekkuchcinski.pl\/en\/wydarzenia\/marszalek-sejmu-wizyta-wegrzech-odsloniecie-pomnika-ku-czci-slawika-antalla-zaciesnianie-relacji-v4\/\">&nbsp;<\/a><\/p>\n<p><blockquote class=\"wp-embedded-content\" data-secret=\"UzSm5tT3hN\"><a href=\"https:\/\/marekkuchcinski.pl\/en\/wydarzenia\/marszalek-sejmu-wizyta-wegrzech-odsloniecie-pomnika-ku-czci-slawika-antalla-zaciesnianie-relacji-v4\/\">Speaker of the Sejm visiting Hungary: unveiling of a monument to S\u0142awik and Antall, strengthening of V4 relations<\/a><\/blockquote><iframe class=\"wp-embedded-content\" sandbox=\"allow-scripts\" security=\"restricted\" style=\"position: absolute; clip: rect(1px, 1px, 1px, 1px);\" title=\"&quot;Speaker of the Sejm on a visit to Hungary: unveiling of a monument to S\u0142awik and Antall, strengthening of V4 relations&quot; - Marek Kuchcinski\" src=\"https:\/\/marekkuchcinski.pl\/wydarzenia\/marszalek-sejmu-wizyta-wegrzech-odsloniecie-pomnika-ku-czci-slawika-antalla-zaciesnianie-relacji-v4\/embed\/#?secret=UzSm5tT3hN\" data-secret=\"UzSm5tT3hN\" width=\"600\" height=\"338\" frameborder=\"0\" marginwidth=\"0\" marginheight=\"0\" scrolling=\"no\"><\/iframe><\/p>\n<p><blockquote class=\"wp-embedded-content\" data-secret=\"eQZnMRINtA\"><a href=\"https:\/\/marekkuchcinski.pl\/en\/wydarzenia\/marszalek-sejmu-wzial-udzial-odslonieciu-pomnika-laweczki-henryka-slawika-jozsefa-antalla\/\">The Speaker of the Sejm took part in the unveiling of the \"Bench\" monument to Henryk S\u0142awik and J\u00f3zsef Antall<\/a><\/blockquote><iframe class=\"wp-embedded-content\" sandbox=\"allow-scripts\" security=\"restricted\" style=\"position: absolute; clip: rect(1px, 1px, 1px, 1px);\" title=\"&quot;The Speaker of the Sejm took part in the unveiling of the &#039;Bench&#039; monument to Henryk Slawik and J\u00f3zsef Antall&quot; - Marek Kuchcinski\" src=\"https:\/\/marekkuchcinski.pl\/wydarzenia\/marszalek-sejmu-wzial-udzial-odslonieciu-pomnika-laweczki-henryka-slawika-jozsefa-antalla\/embed\/#?secret=eQZnMRINtA\" data-secret=\"eQZnMRINtA\" width=\"600\" height=\"338\" frameborder=\"0\" marginwidth=\"0\" marginheight=\"0\" scrolling=\"no\"><\/iframe><\/p>\n<p>&nbsp;<\/p>\n<p><blockquote class=\"wp-embedded-content\" data-secret=\"bHoRrCKqNv\"><a href=\"https:\/\/marekkuchcinski.pl\/en\/wydarzenia\/przewodniczacy-parlamentow-polski-wegier-ustanowili-partnerstwo-strategiczne\/\">Speakers of the Polish and Hungarian Parliaments established a strategic partnership<\/a><\/blockquote><iframe class=\"wp-embedded-content\" sandbox=\"allow-scripts\" security=\"restricted\" style=\"position: absolute; clip: rect(1px, 1px, 1px, 1px);\" title=\"&quot;The presidents of the parliaments of Poland and Hungary have established a strategic partnership&quot; - Marek Kuchcinski\" src=\"https:\/\/marekkuchcinski.pl\/wydarzenia\/przewodniczacy-parlamentow-polski-wegier-ustanowili-partnerstwo-strategiczne\/embed\/#?secret=bHoRrCKqNv\" data-secret=\"bHoRrCKqNv\" width=\"600\" height=\"338\" frameborder=\"0\" marginwidth=\"0\" marginheight=\"0\" scrolling=\"no\"><\/iframe><\/p>\n<p>&nbsp;<\/p>\n<p><blockquote class=\"wp-embedded-content\" data-secret=\"IzF8ggmg6j\"><a href=\"https:\/\/marekkuchcinski.pl\/en\/wydarzenia\/marszalek-sejmu-marek-kuchcinski-zostal-odznaczony-wielkim-krzyzem-orderu-wegierskiego\/\">Speaker of the Sejm Marek Kuchci\u0144ski was awarded the Grand Cross of the Order of Hungary<\/a><\/blockquote><iframe class=\"wp-embedded-content\" sandbox=\"allow-scripts\" security=\"restricted\" style=\"position: absolute; clip: rect(1px, 1px, 1px, 1px);\" title=\"&quot;Speaker of the Sejm Marek Kuchcinski was awarded the Grand Cross of the Order of Hungary&quot; - Marek Kuchcinski\" src=\"https:\/\/marekkuchcinski.pl\/wydarzenia\/marszalek-sejmu-marek-kuchcinski-zostal-odznaczony-wielkim-krzyzem-orderu-wegierskiego\/embed\/#?secret=IzF8ggmg6j\" data-secret=\"IzF8ggmg6j\" width=\"600\" height=\"338\" frameborder=\"0\" marginwidth=\"0\" marginheight=\"0\" scrolling=\"no\"><\/iframe><\/p>\n<p>&nbsp;<\/p>\n<p><blockquote class=\"wp-embedded-content\" data-secret=\"AjNy8ga1AC\"><a href=\"https:\/\/marekkuchcinski.pl\/en\/wydarzenia\/przyjazn-mocna-braz\/\">Poland and Hungary - a friendship as strong as bronze<\/a><\/blockquote><iframe class=\"wp-embedded-content\" sandbox=\"allow-scripts\" security=\"restricted\" style=\"position: absolute; clip: rect(1px, 1px, 1px, 1px);\" title=\"&quot;Poland and Hungary - friendship as strong as bronze&quot; - Marek Kuchci\u0144ski\" src=\"https:\/\/marekkuchcinski.pl\/wydarzenia\/przyjazn-mocna-braz\/embed\/#?secret=AjNy8ga1AC\" data-secret=\"AjNy8ga1AC\" width=\"600\" height=\"338\" frameborder=\"0\" marginwidth=\"0\" marginheight=\"0\" scrolling=\"no\"><\/iframe><\/p>\n<p><blockquote class=\"wp-embedded-content\" data-secret=\"PCrWuEEOOd\"><a href=\"https:\/\/marekkuchcinski.pl\/en\/wydarzenia\/marszalek-kuchcinski-wegrzech-budujmy-barier-obierzmy-kierunek-odnowe-wzmocnienie-unii-europejskiej\/\">Speaker Kuchci\u0144ski in Hungary: Let's not build barriers. Let's take the direction of renewal and strengthening of the European Union<\/a><\/blockquote><iframe class=\"wp-embedded-content\" sandbox=\"allow-scripts\" security=\"restricted\" style=\"position: absolute; clip: rect(1px, 1px, 1px, 1px);\" title=\"&quot;Speaker Kuchci\u0144ski in Hungary: let&#039;s not build barriers. Let&#039;s take the direction to renew and strengthen the European Union&quot; - Marek Kuchcinski\" src=\"https:\/\/marekkuchcinski.pl\/wydarzenia\/marszalek-kuchcinski-wegrzech-budujmy-barier-obierzmy-kierunek-odnowe-wzmocnienie-unii-europejskiej\/embed\/#?secret=PCrWuEEOOd\" data-secret=\"PCrWuEEOOd\" width=\"600\" height=\"338\" frameborder=\"0\" marginwidth=\"0\" marginheight=\"0\" scrolling=\"no\"><\/iframe><\/p>\n<p><blockquote class=\"wp-embedded-content\" data-secret=\"TDCkGDpcQR\"><a href=\"https:\/\/marekkuchcinski.pl\/en\/wydarzenia\/marszalek-sejmu-tablica-ktora-odslonimy-swiadczy-o-sile-ludzkiej-dziejowej-solidarnosci-miedzy-wegrami-polakami\/\">Speaker of the Sejm: May the plaque we will unveil testify to the human strength and historical solidarity between Hungarians and Poles<\/a><\/blockquote><iframe class=\"wp-embedded-content\" sandbox=\"allow-scripts\" security=\"restricted\" style=\"position: absolute; clip: rect(1px, 1px, 1px, 1px);\" title=\"&quot;Speaker of the Sejm: Let the plaque we will unveil testify to the human strength and historical solidarity between Hungarians and Poles&quot; - Marek Kuchci\u0144ski\" src=\"https:\/\/marekkuchcinski.pl\/wydarzenia\/marszalek-sejmu-tablica-ktora-odslonimy-swiadczy-o-sile-ludzkiej-dziejowej-solidarnosci-miedzy-wegrami-polakami\/embed\/#?secret=TDCkGDpcQR\" data-secret=\"TDCkGDpcQR\" width=\"600\" height=\"338\" frameborder=\"0\" marginwidth=\"0\" marginheight=\"0\" scrolling=\"no\"><\/iframe><\/p>\n<p><a href=\"https:\/\/marekkuchcinski.pl\/en\/wydarzenia\/marszalek-sejmu-o-kodzie-genetycznym-polski-wegier\/\">&nbsp;<\/a><\/p>\n<p><blockquote class=\"wp-embedded-content\" data-secret=\"wJSREymZCS\"><a href=\"https:\/\/marekkuchcinski.pl\/en\/wydarzenia\/marszalek-sejmu-o-kodzie-genetycznym-polski-wegier\/\">Speaker of the Sejm on the cultural code of Poland and Hungary<\/a><\/blockquote><iframe class=\"wp-embedded-content\" sandbox=\"allow-scripts\" security=\"restricted\" style=\"position: absolute; clip: rect(1px, 1px, 1px, 1px);\" title=\"&quot;Speaker of the Sejm on the cultural code of Poland and Hungary&quot; - Marek Kuchcinski\" src=\"https:\/\/marekkuchcinski.pl\/wydarzenia\/marszalek-sejmu-o-kodzie-genetycznym-polski-wegier\/embed\/#?secret=wJSREymZCS\" data-secret=\"wJSREymZCS\" width=\"600\" height=\"338\" frameborder=\"0\" marginwidth=\"0\" marginheight=\"0\" scrolling=\"no\"><\/iframe><\/p>\n<p><a href=\"https:\/\/marekkuchcinski.pl\/en\/wydarzenia\/podsumowanie-polskiej-prezydencji-grupie-wyszehradzkiej-marek-kuchcinski\/\">&nbsp;<\/a><\/p>\n<p><blockquote class=\"wp-embedded-content\" data-secret=\"I5DYY9cBbF\"><a href=\"https:\/\/marekkuchcinski.pl\/en\/wydarzenia\/podsumowanie-polskiej-prezydencji-grupie-wyszehradzkiej-marek-kuchcinski\/\">Summary of the Polish Presidency of the Visegrad Group - Marek Kuchci\u0144ski<\/a><\/blockquote><iframe class=\"wp-embedded-content\" sandbox=\"allow-scripts\" security=\"restricted\" style=\"position: absolute; clip: rect(1px, 1px, 1px, 1px);\" title=\"&quot;Summary of the Polish Presidency of the Visegrad Group - Marek Kuchci\u0144ski&quot; - Marek Kuchci\u0144ski\" src=\"https:\/\/marekkuchcinski.pl\/wydarzenia\/podsumowanie-polskiej-prezydencji-grupie-wyszehradzkiej-marek-kuchcinski\/embed\/#?secret=I5DYY9cBbF\" data-secret=\"I5DYY9cBbF\" width=\"600\" height=\"338\" frameborder=\"0\" marginwidth=\"0\" marginheight=\"0\" scrolling=\"no\"><\/iframe><\/p>\n<p><a href=\"https:\/\/marekkuchcinski.pl\/wp-content\/uploads\/2019\/03\/wystawa-1956.jpg\"><img fetchpriority=\"high\" decoding=\"async\" class=\"alignnone size-full wp-image-14067\" src=\"https:\/\/marekkuchcinski.pl\/wp-content\/uploads\/2019\/03\/wystawa-1956.jpg\" alt=\"wystawa 1956\" width=\"800\" height=\"533\" srcset=\"https:\/\/marekkuchcinski.pl\/wp-content\/uploads\/2019\/03\/wystawa-1956.jpg 800w, https:\/\/marekkuchcinski.pl\/wp-content\/uploads\/2019\/03\/wystawa-1956-300x200.jpg 300w, https:\/\/marekkuchcinski.pl\/wp-content\/uploads\/2019\/03\/wystawa-1956-768x512.jpg 768w\" sizes=\"(max-width: 800px) 100vw, 800px\" \/><\/a>June 2016: Exhibition \"1956: Poland-Hungary. History and Memory\". The Speaker of the Sejm Marek Kuchci\u0144ski reminded that in 1956 our compatriots stood up to fight for a normal life, which was taken away from us after World War II (...) usually described by values such as independence, dignity, freedom, security, memory and history. - The year 1956 became a symbol of such values. Today we recall this symbol knowing that without history there is no future, without memory there is no present,\" stressed Marek Kuchci\u0144ski. As the Speaker of the Sejm added: \"1956 has also become another pillar of our common Polish-Hungarian unity. - 1956 connected us with a great bridge of solidarity and help. It was then that Polish-Hungarian solidarity was born again in this new dimension, in the new post-war reality\", emphasised Marek Kuchci\u0144ski.<\/p>\n<p><a href=\"https:\/\/marekkuchcinski.pl\/wp-content\/uploads\/2019\/03\/Romek.jpg\"><img decoding=\"async\" class=\"alignnone size-full wp-image-14063\" src=\"https:\/\/marekkuchcinski.pl\/wp-content\/uploads\/2019\/03\/Romek.jpg\" alt=\"Romek\" width=\"800\" height=\"1200\" srcset=\"https:\/\/marekkuchcinski.pl\/wp-content\/uploads\/2019\/03\/Romek.jpg 800w, https:\/\/marekkuchcinski.pl\/wp-content\/uploads\/2019\/03\/Romek-200x300.jpg 200w, https:\/\/marekkuchcinski.pl\/wp-content\/uploads\/2019\/03\/Romek-768x1152.jpg 768w, https:\/\/marekkuchcinski.pl\/wp-content\/uploads\/2019\/03\/Romek-683x1024.jpg 683w\" sizes=\"(max-width: 800px) 100vw, 800px\" \/><\/a>Hungary: A tribute to Romek Strza\u0142kowski, a 13-year-old boy who was shot in Pozna\u0144 in June 1956.<\/p>\n\n\n<figure class=\"wp-block-embed-wordpress wp-block-embed is-type-wp-embed is-provider-marek-kuchcinski\"><div class=\"wp-block-embed__wrapper\">\n<blockquote class=\"wp-embedded-content\" data-secret=\"Zk5hXiO6pa\"><a href=\"https:\/\/marekkuchcinski.pl\/en\/wydarzenia\/marek-kuchcinski-przewodniczacym-polsko-wegierskiej-grupy-parlamentarnej\/\">Marek Kuchci\u0144ski President of the Polish-Hungarian Parliamentary Group<\/a><\/blockquote><iframe class=\"wp-embedded-content\" sandbox=\"allow-scripts\" security=\"restricted\" style=\"position: absolute; clip: rect(1px, 1px, 1px, 1px);\" title=\"&quot;Marek Kuchcinski Chairman of the Polish-Hungarian Parliamentary Group&quot; - Marek Kuchcinski\" src=\"https:\/\/marekkuchcinski.pl\/wydarzenia\/marek-kuchcinski-przewodniczacym-polsko-wegierskiej-grupy-parlamentarnej\/embed\/#?secret=Zk5hXiO6pa\" data-secret=\"Zk5hXiO6pa\" width=\"600\" height=\"338\" frameborder=\"0\" marginwidth=\"0\" marginheight=\"0\" scrolling=\"no\"><\/iframe>\n<\/div><\/figure>","protected":false},"excerpt":{"rendered":"<p>Polak\u00f3w i W\u0119gr\u00f3w po\u0142\u0105czy\u0142 wielki most solidarno\u015bci i pomocy. Bohatersk\u0105 walk\u0119 W\u0119gr\u00f3w Polacy traktowali jako w\u0142asn\u0105&nbsp;\u2013&nbsp;m\u00f3wi\u0142 w Budapeszcie na pocz\u0105tku swej kadencji marsza\u0142ek Sejmu Marek Kuchci\u0144ski. Je\u015bli przyjrzymy si\u0119 dok\u0142adnie wsp\u00f3lnej historii naszych kraj\u00f3w, zobaczymy, jak prawdziwe s\u0105 to s\u0142owa. Dwa z pozoru r\u00f3\u017cne narody od wiek\u00f3w splecione s\u0105 nierozerwaln\u0105 i niezwyk\u0142\u0105 wi\u0119zi\u0105, kt\u00f3ra sprawia, [&hellip;]<\/p>","protected":false},"author":6,"featured_media":14073,"comment_status":"open","ping_status":"open","sticky":false,"template":"","format":"standard","meta":{"ngg_post_thumbnail":0,"footnotes":""},"categories":[77,50,3],"tags":[],"class_list":["post-14047","post","type-post","status-publish","format-standard","has-post-thumbnail","hentry","category-wazne-daty","category-wspolpraca-miedzynarodowa","category-wydarzenia"],"yoast_head":"<!-- This site is optimized with the Yoast SEO plugin v24.7 - https:\/\/yoast.com\/wordpress\/plugins\/seo\/ -->\n<title>23 marca Dniem Przyja\u017ani Polsko-W\u0119gierskiej &#8211; Marek Kuchci\u0144ski<\/title>\n<meta name=\"robots\" content=\"index, follow, max-snippet:-1, max-image-preview:large, max-video-preview:-1\" \/>\n<link rel=\"canonical\" href=\"https:\/\/marekkuchcinski.pl\/en\/wydarzenia\/23-marca-dniem-przyjazni-polsko-wegierskiej\/\" \/>\n<meta property=\"og:locale\" content=\"en_GB\" \/>\n<meta property=\"og:type\" content=\"article\" \/>\n<meta property=\"og:title\" content=\"23 marca Dniem Przyja\u017ani Polsko-W\u0119gierskiej &#8211; Marek Kuchci\u0144ski\" \/>\n<meta property=\"og:description\" content=\"Polak\u00f3w i W\u0119gr\u00f3w po\u0142\u0105czy\u0142 wielki most solidarno\u015bci i pomocy. Bohatersk\u0105 walk\u0119 W\u0119gr\u00f3w Polacy traktowali jako w\u0142asn\u0105&nbsp;\u2013&nbsp;m\u00f3wi\u0142 w Budapeszcie na pocz\u0105tku swej kadencji marsza\u0142ek Sejmu Marek Kuchci\u0144ski. Je\u015bli przyjrzymy si\u0119 dok\u0142adnie wsp\u00f3lnej historii naszych kraj\u00f3w, zobaczymy, jak prawdziwe s\u0105 to s\u0142owa. Dwa z pozoru r\u00f3\u017cne narody od wiek\u00f3w splecione s\u0105 nierozerwaln\u0105 i niezwyk\u0142\u0105 wi\u0119zi\u0105, kt\u00f3ra sprawia, [&hellip;]\" \/>\n<meta property=\"og:url\" content=\"https:\/\/marekkuchcinski.pl\/en\/wydarzenia\/23-marca-dniem-przyjazni-polsko-wegierskiej\/\" \/>\n<meta property=\"og:site_name\" content=\"Marek Kuchci\u0144ski\" \/>\n<meta property=\"article:published_time\" content=\"2019-03-23T09:17:02+00:00\" \/>\n<meta property=\"article:modified_time\" content=\"2020-03-23T08:51:40+00:00\" \/>\n<meta property=\"og:image\" content=\"https:\/\/marekkuchcinski.pl\/wp-content\/uploads\/2019\/03\/SiA-2-4.jpg\" \/>\n\t<meta property=\"og:image:width\" content=\"1800\" \/>\n\t<meta property=\"og:image:height\" content=\"1129\" \/>\n\t<meta property=\"og:image:type\" content=\"image\/jpeg\" \/>\n<meta name=\"author\" content=\"admin\" \/>\n<meta name=\"twitter:card\" content=\"summary_large_image\" \/>\n<meta name=\"twitter:label1\" content=\"Written by\" \/>\n\t<meta name=\"twitter:data1\" content=\"admin\" \/>\n\t<meta name=\"twitter:label2\" content=\"Estimated reading time\" \/>\n\t<meta name=\"twitter:data2\" content=\"2 minutes\" \/>\n<script type=\"application\/ld+json\" class=\"yoast-schema-graph\">{\"@context\":\"https:\/\/schema.org\",\"@graph\":[{\"@type\":\"Article\",\"@id\":\"https:\/\/marekkuchcinski.pl\/en\/wydarzenia\/23-marca-dniem-przyjazni-polsko-wegierskiej\/#article\",\"isPartOf\":{\"@id\":\"https:\/\/marekkuchcinski.pl\/en\/wydarzenia\/23-marca-dniem-przyjazni-polsko-wegierskiej\/\"},\"author\":{\"name\":\"admin\",\"@id\":\"https:\/\/marekkuchcinski.pl\/#\/schema\/person\/6f62700996b4d950b6ea2d1183b6c6be\"},\"headline\":\"23 marca Dniem Przyja\u017ani Polsko-W\u0119gierskiej\",\"datePublished\":\"2019-03-23T09:17:02+00:00\",\"dateModified\":\"2020-03-23T08:51:40+00:00\",\"mainEntityOfPage\":{\"@id\":\"https:\/\/marekkuchcinski.pl\/en\/wydarzenia\/23-marca-dniem-przyjazni-polsko-wegierskiej\/\"},\"wordCount\":381,\"commentCount\":0,\"publisher\":{\"@id\":\"https:\/\/marekkuchcinski.pl\/#organization\"},\"image\":{\"@id\":\"https:\/\/marekkuchcinski.pl\/en\/wydarzenia\/23-marca-dniem-przyjazni-polsko-wegierskiej\/#primaryimage\"},\"thumbnailUrl\":\"https:\/\/marekkuchcinski.pl\/wp-content\/uploads\/2019\/03\/SiA-2-4.jpg\",\"articleSection\":[\"Wa\u017cne daty\",\"Wsp\u00f3\u0142praca mi\u0119dzynarodowa\",\"Wydarzenia\"],\"inLanguage\":\"en-GB\",\"potentialAction\":[{\"@type\":\"CommentAction\",\"name\":\"Comment\",\"target\":[\"https:\/\/marekkuchcinski.pl\/en\/wydarzenia\/23-marca-dniem-przyjazni-polsko-wegierskiej\/#respond\"]}]},{\"@type\":\"WebPage\",\"@id\":\"https:\/\/marekkuchcinski.pl\/en\/wydarzenia\/23-marca-dniem-przyjazni-polsko-wegierskiej\/\",\"url\":\"https:\/\/marekkuchcinski.pl\/en\/wydarzenia\/23-marca-dniem-przyjazni-polsko-wegierskiej\/\",\"name\":\"23 marca Dniem Przyja\u017ani Polsko-W\u0119gierskiej &#8211; Marek Kuchci\u0144ski\",\"isPartOf\":{\"@id\":\"https:\/\/marekkuchcinski.pl\/#website\"},\"primaryImageOfPage\":{\"@id\":\"https:\/\/marekkuchcinski.pl\/en\/wydarzenia\/23-marca-dniem-przyjazni-polsko-wegierskiej\/#primaryimage\"},\"image\":{\"@id\":\"https:\/\/marekkuchcinski.pl\/en\/wydarzenia\/23-marca-dniem-przyjazni-polsko-wegierskiej\/#primaryimage\"},\"thumbnailUrl\":\"https:\/\/marekkuchcinski.pl\/wp-content\/uploads\/2019\/03\/SiA-2-4.jpg\",\"datePublished\":\"2019-03-23T09:17:02+00:00\",\"dateModified\":\"2020-03-23T08:51:40+00:00\",\"breadcrumb\":{\"@id\":\"https:\/\/marekkuchcinski.pl\/en\/wydarzenia\/23-marca-dniem-przyjazni-polsko-wegierskiej\/#breadcrumb\"},\"inLanguage\":\"en-GB\",\"potentialAction\":[{\"@type\":\"ReadAction\",\"target\":[\"https:\/\/marekkuchcinski.pl\/en\/wydarzenia\/23-marca-dniem-przyjazni-polsko-wegierskiej\/\"]}]},{\"@type\":\"ImageObject\",\"inLanguage\":\"en-GB\",\"@id\":\"https:\/\/marekkuchcinski.pl\/en\/wydarzenia\/23-marca-dniem-przyjazni-polsko-wegierskiej\/#primaryimage\",\"url\":\"https:\/\/marekkuchcinski.pl\/wp-content\/uploads\/2019\/03\/SiA-2-4.jpg\",\"contentUrl\":\"https:\/\/marekkuchcinski.pl\/wp-content\/uploads\/2019\/03\/SiA-2-4.jpg\",\"width\":1800,\"height\":1129},{\"@type\":\"BreadcrumbList\",\"@id\":\"https:\/\/marekkuchcinski.pl\/en\/wydarzenia\/23-marca-dniem-przyjazni-polsko-wegierskiej\/#breadcrumb\",\"itemListElement\":[{\"@type\":\"ListItem\",\"position\":1,\"name\":\"Strona g\u0142\u00f3wna\",\"item\":\"https:\/\/marekkuchcinski.pl\/\"},{\"@type\":\"ListItem\",\"position\":2,\"name\":\"23 marca Dniem Przyja\u017ani Polsko-W\u0119gierskiej\"}]},{\"@type\":\"WebSite\",\"@id\":\"https:\/\/marekkuchcinski.pl\/#website\",\"url\":\"https:\/\/marekkuchcinski.pl\/\",\"name\":\"Marek Kuchci\u0144ski\",\"description\":\"Pose\u0142 na sejm RP &ndash; okr\u0119g nr 22\",\"publisher\":{\"@id\":\"https:\/\/marekkuchcinski.pl\/#organization\"},\"potentialAction\":[{\"@type\":\"SearchAction\",\"target\":{\"@type\":\"EntryPoint\",\"urlTemplate\":\"https:\/\/marekkuchcinski.pl\/?s={search_term_string}\"},\"query-input\":{\"@type\":\"PropertyValueSpecification\",\"valueRequired\":true,\"valueName\":\"search_term_string\"}}],\"inLanguage\":\"en-GB\"},{\"@type\":\"Organization\",\"@id\":\"https:\/\/marekkuchcinski.pl\/#organization\",\"name\":\"Marek Kuchci\u0144ski\",\"url\":\"https:\/\/marekkuchcinski.pl\/\",\"logo\":{\"@type\":\"ImageObject\",\"inLanguage\":\"en-GB\",\"@id\":\"https:\/\/marekkuchcinski.pl\/#\/schema\/logo\/image\/\",\"url\":\"https:\/\/marekkuchcinski.pl\/wp-content\/uploads\/2022\/09\/Marek.jpg\",\"contentUrl\":\"https:\/\/marekkuchcinski.pl\/wp-content\/uploads\/2022\/09\/Marek.jpg\",\"width\":1600,\"height\":971,\"caption\":\"Marek Kuchci\u0144ski\"},\"image\":{\"@id\":\"https:\/\/marekkuchcinski.pl\/#\/schema\/logo\/image\/\"}},{\"@type\":\"Person\",\"@id\":\"https:\/\/marekkuchcinski.pl\/#\/schema\/person\/6f62700996b4d950b6ea2d1183b6c6be\",\"name\":\"admin\",\"image\":{\"@type\":\"ImageObject\",\"inLanguage\":\"en-GB\",\"@id\":\"https:\/\/marekkuchcinski.pl\/#\/schema\/person\/image\/\",\"url\":\"https:\/\/secure.gravatar.com\/avatar\/4bab693b9d55c3d6b52c0296a8765085?s=96&d=mm&r=g\",\"contentUrl\":\"https:\/\/secure.gravatar.com\/avatar\/4bab693b9d55c3d6b52c0296a8765085?s=96&d=mm&r=g\",\"caption\":\"admin\"},\"url\":\"https:\/\/marekkuchcinski.pl\/en\/author\/marta-olejnik\/\"}]}<\/script>\n<!-- \/ Yoast SEO plugin. -->","yoast_head_json":{"title":"23 marca Dniem Przyja\u017ani Polsko-W\u0119gierskiej &#8211; Marek Kuchci\u0144ski","robots":{"index":"index","follow":"follow","max-snippet":"max-snippet:-1","max-image-preview":"max-image-preview:large","max-video-preview":"max-video-preview:-1"},"canonical":"https:\/\/marekkuchcinski.pl\/en\/wydarzenia\/23-marca-dniem-przyjazni-polsko-wegierskiej\/","og_locale":"en_GB","og_type":"article","og_title":"23 marca Dniem Przyja\u017ani Polsko-W\u0119gierskiej &#8211; Marek Kuchci\u0144ski","og_description":"Polak\u00f3w i W\u0119gr\u00f3w po\u0142\u0105czy\u0142 wielki most solidarno\u015bci i pomocy. Bohatersk\u0105 walk\u0119 W\u0119gr\u00f3w Polacy traktowali jako w\u0142asn\u0105&nbsp;\u2013&nbsp;m\u00f3wi\u0142 w Budapeszcie na pocz\u0105tku swej kadencji marsza\u0142ek Sejmu Marek Kuchci\u0144ski. Je\u015bli przyjrzymy si\u0119 dok\u0142adnie wsp\u00f3lnej historii naszych kraj\u00f3w, zobaczymy, jak prawdziwe s\u0105 to s\u0142owa. Dwa z pozoru r\u00f3\u017cne narody od wiek\u00f3w splecione s\u0105 nierozerwaln\u0105 i niezwyk\u0142\u0105 wi\u0119zi\u0105, kt\u00f3ra sprawia, [&hellip;]","og_url":"https:\/\/marekkuchcinski.pl\/en\/wydarzenia\/23-marca-dniem-przyjazni-polsko-wegierskiej\/","og_site_name":"Marek Kuchci\u0144ski","article_published_time":"2019-03-23T09:17:02+00:00","article_modified_time":"2020-03-23T08:51:40+00:00","og_image":[{"width":1800,"height":1129,"url":"https:\/\/marekkuchcinski.pl\/wp-content\/uploads\/2019\/03\/SiA-2-4.jpg","type":"image\/jpeg"}],"author":"admin","twitter_card":"summary_large_image","twitter_misc":{"Written by":"admin","Estimated reading time":"2 minutes"},"schema":{"@context":"https:\/\/schema.org","@graph":[{"@type":"Article","@id":"https:\/\/marekkuchcinski.pl\/en\/wydarzenia\/23-marca-dniem-przyjazni-polsko-wegierskiej\/#article","isPartOf":{"@id":"https:\/\/marekkuchcinski.pl\/en\/wydarzenia\/23-marca-dniem-przyjazni-polsko-wegierskiej\/"},"author":{"name":"admin","@id":"https:\/\/marekkuchcinski.pl\/#\/schema\/person\/6f62700996b4d950b6ea2d1183b6c6be"},"headline":"23 marca Dniem Przyja\u017ani Polsko-W\u0119gierskiej","datePublished":"2019-03-23T09:17:02+00:00","dateModified":"2020-03-23T08:51:40+00:00","mainEntityOfPage":{"@id":"https:\/\/marekkuchcinski.pl\/en\/wydarzenia\/23-marca-dniem-przyjazni-polsko-wegierskiej\/"},"wordCount":381,"commentCount":0,"publisher":{"@id":"https:\/\/marekkuchcinski.pl\/#organization"},"image":{"@id":"https:\/\/marekkuchcinski.pl\/en\/wydarzenia\/23-marca-dniem-przyjazni-polsko-wegierskiej\/#primaryimage"},"thumbnailUrl":"https:\/\/marekkuchcinski.pl\/wp-content\/uploads\/2019\/03\/SiA-2-4.jpg","articleSection":["Wa\u017cne daty","Wsp\u00f3\u0142praca mi\u0119dzynarodowa","Wydarzenia"],"inLanguage":"en-GB","potentialAction":[{"@type":"CommentAction","name":"Comment","target":["https:\/\/marekkuchcinski.pl\/en\/wydarzenia\/23-marca-dniem-przyjazni-polsko-wegierskiej\/#respond"]}]},{"@type":"WebPage","@id":"https:\/\/marekkuchcinski.pl\/en\/wydarzenia\/23-marca-dniem-przyjazni-polsko-wegierskiej\/","url":"https:\/\/marekkuchcinski.pl\/en\/wydarzenia\/23-marca-dniem-przyjazni-polsko-wegierskiej\/","name":"23 marca Dniem Przyja\u017ani Polsko-W\u0119gierskiej &#8211; Marek Kuchci\u0144ski","isPartOf":{"@id":"https:\/\/marekkuchcinski.pl\/#website"},"primaryImageOfPage":{"@id":"https:\/\/marekkuchcinski.pl\/en\/wydarzenia\/23-marca-dniem-przyjazni-polsko-wegierskiej\/#primaryimage"},"image":{"@id":"https:\/\/marekkuchcinski.pl\/en\/wydarzenia\/23-marca-dniem-przyjazni-polsko-wegierskiej\/#primaryimage"},"thumbnailUrl":"https:\/\/marekkuchcinski.pl\/wp-content\/uploads\/2019\/03\/SiA-2-4.jpg","datePublished":"2019-03-23T09:17:02+00:00","dateModified":"2020-03-23T08:51:40+00:00","breadcrumb":{"@id":"https:\/\/marekkuchcinski.pl\/en\/wydarzenia\/23-marca-dniem-przyjazni-polsko-wegierskiej\/#breadcrumb"},"inLanguage":"en-GB","potentialAction":[{"@type":"ReadAction","target":["https:\/\/marekkuchcinski.pl\/en\/wydarzenia\/23-marca-dniem-przyjazni-polsko-wegierskiej\/"]}]},{"@type":"ImageObject","inLanguage":"en-GB","@id":"https:\/\/marekkuchcinski.pl\/en\/wydarzenia\/23-marca-dniem-przyjazni-polsko-wegierskiej\/#primaryimage","url":"https:\/\/marekkuchcinski.pl\/wp-content\/uploads\/2019\/03\/SiA-2-4.jpg","contentUrl":"https:\/\/marekkuchcinski.pl\/wp-content\/uploads\/2019\/03\/SiA-2-4.jpg","width":1800,"height":1129},{"@type":"BreadcrumbList","@id":"https:\/\/marekkuchcinski.pl\/en\/wydarzenia\/23-marca-dniem-przyjazni-polsko-wegierskiej\/#breadcrumb","itemListElement":[{"@type":"ListItem","position":1,"name":"Strona g\u0142\u00f3wna","item":"https:\/\/marekkuchcinski.pl\/"},{"@type":"ListItem","position":2,"name":"23 marca Dniem Przyja\u017ani Polsko-W\u0119gierskiej"}]},{"@type":"WebSite","@id":"https:\/\/marekkuchcinski.pl\/#website","url":"https:\/\/marekkuchcinski.pl\/","name":"Marek Kuchci\u0144ski","description":"Pose\u0142 na sejm RP &ndash; okr\u0119g nr 22","publisher":{"@id":"https:\/\/marekkuchcinski.pl\/#organization"},"potentialAction":[{"@type":"SearchAction","target":{"@type":"EntryPoint","urlTemplate":"https:\/\/marekkuchcinski.pl\/?s={search_term_string}"},"query-input":{"@type":"PropertyValueSpecification","valueRequired":true,"valueName":"search_term_string"}}],"inLanguage":"en-GB"},{"@type":"Organization","@id":"https:\/\/marekkuchcinski.pl\/#organization","name":"Marek Kuchci\u0144ski","url":"https:\/\/marekkuchcinski.pl\/","logo":{"@type":"ImageObject","inLanguage":"en-GB","@id":"https:\/\/marekkuchcinski.pl\/#\/schema\/logo\/image\/","url":"https:\/\/marekkuchcinski.pl\/wp-content\/uploads\/2022\/09\/Marek.jpg","contentUrl":"https:\/\/marekkuchcinski.pl\/wp-content\/uploads\/2022\/09\/Marek.jpg","width":1600,"height":971,"caption":"Marek Kuchci\u0144ski"},"image":{"@id":"https:\/\/marekkuchcinski.pl\/#\/schema\/logo\/image\/"}},{"@type":"Person","@id":"https:\/\/marekkuchcinski.pl\/#\/schema\/person\/6f62700996b4d950b6ea2d1183b6c6be","name":"admin","image":{"@type":"ImageObject","inLanguage":"en-GB","@id":"https:\/\/marekkuchcinski.pl\/#\/schema\/person\/image\/","url":"https:\/\/secure.gravatar.com\/avatar\/4bab693b9d55c3d6b52c0296a8765085?s=96&d=mm&r=g","contentUrl":"https:\/\/secure.gravatar.com\/avatar\/4bab693b9d55c3d6b52c0296a8765085?s=96&d=mm&r=g","caption":"admin"},"url":"https:\/\/marekkuchcinski.pl\/en\/author\/marta-olejnik\/"}]}},"_links":{"self":[{"href":"https:\/\/marekkuchcinski.pl\/en\/wp-json\/wp\/v2\/posts\/14047","targetHints":{"allow":["GET"]}}],"collection":[{"href":"https:\/\/marekkuchcinski.pl\/en\/wp-json\/wp\/v2\/posts"}],"about":[{"href":"https:\/\/marekkuchcinski.pl\/en\/wp-json\/wp\/v2\/types\/post"}],"author":[{"embeddable":true,"href":"https:\/\/marekkuchcinski.pl\/en\/wp-json\/wp\/v2\/users\/6"}],"replies":[{"embeddable":true,"href":"https:\/\/marekkuchcinski.pl\/en\/wp-json\/wp\/v2\/comments?post=14047"}],"version-history":[{"count":28,"href":"https:\/\/marekkuchcinski.pl\/en\/wp-json\/wp\/v2\/posts\/14047\/revisions"}],"predecessor-version":[{"id":22241,"href":"https:\/\/marekkuchcinski.pl\/en\/wp-json\/wp\/v2\/posts\/14047\/revisions\/22241"}],"wp:featuredmedia":[{"embeddable":true,"href":"https:\/\/marekkuchcinski.pl\/en\/wp-json\/wp\/v2\/media\/14073"}],"wp:attachment":[{"href":"https:\/\/marekkuchcinski.pl\/en\/wp-json\/wp\/v2\/media?parent=14047"}],"wp:term":[{"taxonomy":"category","embeddable":true,"href":"https:\/\/marekkuchcinski.pl\/en\/wp-json\/wp\/v2\/categories?post=14047"},{"taxonomy":"post_tag","embeddable":true,"href":"https:\/\/marekkuchcinski.pl\/en\/wp-json\/wp\/v2\/tags?post=14047"}],"curies":[{"name":"wp","href":"https:\/\/api.w.org\/{rel}","templated":true}]}}