{"id":13621,"date":"2019-03-11T11:55:55","date_gmt":"2019-03-11T10:55:55","guid":{"rendered":"https:\/\/marekkuchcinski.pl\/?p=13621"},"modified":"2019-03-11T12:02:23","modified_gmt":"2019-03-11T11:02:23","slug":"marek-kuchcinski-mozemy-pozwolic-by-reprezentowali-nas-ci-ktorzy-sa-skuteczni-kampanii-przede-wszystkim-ci-ktorzy-sa-kompetentni","status":"publish","type":"post","link":"https:\/\/marekkuchcinski.pl\/en\/wydarzenia\/marek-kuchcinski-mozemy-pozwolic-by-reprezentowali-nas-ci-ktorzy-sa-skuteczni-kampanii-przede-wszystkim-ci-ktorzy-sa-kompetentni\/","title":{"rendered":"Marek Kuchci\u0144ski: We cannot afford to be represented in EP only by those who are effective only in the campaign, but first of all by those who are competent"},"content":{"rendered":"<p>- We are the heart of Europe, and not only geographically. Looking from the perspective of over two thousand years of European civilization, we talk about the roots on which the Union has grown, based on Christian values, Greek philosophy and Roman law. These are the references that shape our programme and we must remind them - Marek Kuchci\u0144ski told TVP 3 Rzesz\u00f3w in Jasionka.<\/p>\n<p>One of the points in the Law and Justice Party's European declaration is the issue of security - both regarding border protection and energy security. Europe of equal opportunities and sustainable development are highlighted in several points.<\/p>\n<p>- In my opinion, we should be clear: without a Europe based on solidarity and sustainable development, we will live in a world without balance, where the stronger take advantage of the weaker - Kuchci\u0144ski noted.<\/p>\n<p>The Speaker of the Sejm emphasized that common agricultural policy is important in Europe; equal access to goods and products manufactured by European companies, but not of worse quality than in e.g. Germany or France. Strong Europe must be based on the principle \"free with free, equal with equal\".<\/p>\n<p>Asked about 500 plus Marek Kuchci\u0144ski explained that it is a programme strengthening pro-family policy, keeping up with the standard of other EU countries, such as Sweden or Spain. The Marshal also referred to the support of entrepreneurship development. - Reduction of corporate tax to 9 percent is in these categories the biggest event in Europe - he said. He also emphasized the great importance for equalizing opportunities, which will be brought by the resignation from the PIT for young people - up to 26 years of age - or the restoration of communication, especially in the countryside in small towns.<\/p>\n<p>Referring to the question about the Subcarpathian list for the European Parliament, he pointed out that it includes the best candidates, such as Tomasz Por\u0119ba, who has shown his effectiveness in the EP for many years, and the list is designed to promote this part of Poland in the country and in Europe. - Please remember that when we joined the EU, more than 60 percent of the powers of national authorities, including the Sejm and the Senate were transferred to the European Union. We cannot afford to be represented only by those who are effective in campaigns, but first of all by those who are competent,\" argued the Speaker.<\/p>\n<p>interview available at: https:\/\/rzeszow.tvp.pl\/41674201\/marek-kuchcinski-marszalek-sejmu-rp<\/p>\n<p><em>Photo: Marta Olejnik\/ KS<\/em><a href=\"https:\/\/marekkuchcinski.pl\/wp-content\/uploads\/2019\/03\/IMG_8037-2.jpg\"><img fetchpriority=\"high\" decoding=\"async\" class=\"alignnone size-full wp-image-13624\" src=\"https:\/\/marekkuchcinski.pl\/wp-content\/uploads\/2019\/03\/IMG_8037-2.jpg\" alt=\"IMG_8037 2\" width=\"5185\" height=\"3579\" srcset=\"https:\/\/marekkuchcinski.pl\/wp-content\/uploads\/2019\/03\/IMG_8037-2.jpg 2048w, https:\/\/marekkuchcinski.pl\/wp-content\/uploads\/2019\/03\/IMG_8037-2-300x207.jpg 300w, https:\/\/marekkuchcinski.pl\/wp-content\/uploads\/2019\/03\/IMG_8037-2-768x530.jpg 768w, https:\/\/marekkuchcinski.pl\/wp-content\/uploads\/2019\/03\/IMG_8037-2-1024x707.jpg 1024w\" sizes=\"(max-width: 5185px) 100vw, 5185px\" \/><\/a><a href=\"https:\/\/marekkuchcinski.pl\/wp-content\/uploads\/2019\/03\/IMG_8013.jpg\"><img decoding=\"async\" class=\"alignnone size-full wp-image-13630\" src=\"https:\/\/marekkuchcinski.pl\/wp-content\/uploads\/2019\/03\/IMG_8013.jpg\" alt=\"IMG_8013\" width=\"5483\" height=\"3955\" srcset=\"https:\/\/marekkuchcinski.pl\/wp-content\/uploads\/2019\/03\/IMG_8013.jpg 2048w, https:\/\/marekkuchcinski.pl\/wp-content\/uploads\/2019\/03\/IMG_8013-300x216.jpg 300w, https:\/\/marekkuchcinski.pl\/wp-content\/uploads\/2019\/03\/IMG_8013-768x554.jpg 768w, https:\/\/marekkuchcinski.pl\/wp-content\/uploads\/2019\/03\/IMG_8013-1024x739.jpg 1024w\" sizes=\"(max-width: 5483px) 100vw, 5483px\" \/><\/a><\/p>","protected":false},"excerpt":{"rendered":"<p>&#8211; Jeste\u015bmy sercem Europy nie tylko geograficznie. Patrz\u0105c z perspektywy ponad dw\u00f3ch tysi\u0119cy lat cywilizacji europejskiej, m\u00f3wimy o korzeniach, na kt\u00f3rych wyros\u0142a Unia oparta na warto\u015bciach chrze\u015bcija\u0144skich, filozofii greckiej i prawie rzymskim. To s\u0105 odniesienia, kt\u00f3re kszta\u0142tuj\u0105 nasz program i musimy je przypomina\u0107 \u2013 powiedzia\u0142 w Jasionce TVP 3 Rzesz\u00f3w Marek Kuchci\u0144ski. Jednym z punkt\u00f3w [&hellip;]<\/p>","protected":false},"author":6,"featured_media":13624,"comment_status":"open","ping_status":"open","sticky":false,"template":"","format":"standard","meta":{"ngg_post_thumbnail":0,"footnotes":""},"categories":[49,82,3],"tags":[],"class_list":["post-13621","post","type-post","status-publish","format-standard","has-post-thumbnail","hentry","category-podkarpacie","category-prawo-i-sprawiedliwosc","category-wydarzenia"],"yoast_head":"<!-- This site is optimized with the Yoast SEO plugin v24.7 - https:\/\/yoast.com\/wordpress\/plugins\/seo\/ -->\n<title>Marek Kuchci\u0144ski: Nie mo\u017cemy sobie pozwoli\u0107 na to, by w PE reprezentowali nas wy\u0142\u0105cznie ci, kt\u00f3rzy s\u0105 skuteczni tylko w kampanii, ale przede wszystkim ci, kt\u00f3rzy s\u0105 kompetentni &#8211; Marek Kuchci\u0144ski<\/title>\n<meta name=\"robots\" content=\"index, follow, max-snippet:-1, max-image-preview:large, max-video-preview:-1\" \/>\n<link rel=\"canonical\" href=\"https:\/\/marekkuchcinski.pl\/en\/wydarzenia\/marek-kuchcinski-mozemy-pozwolic-by-reprezentowali-nas-ci-ktorzy-sa-skuteczni-kampanii-przede-wszystkim-ci-ktorzy-sa-kompetentni\/\" \/>\n<meta property=\"og:locale\" content=\"en_GB\" \/>\n<meta property=\"og:type\" content=\"article\" \/>\n<meta property=\"og:title\" content=\"Marek Kuchci\u0144ski: Nie mo\u017cemy sobie pozwoli\u0107 na to, by w PE reprezentowali nas wy\u0142\u0105cznie ci, kt\u00f3rzy s\u0105 skuteczni tylko w kampanii, ale przede wszystkim ci, kt\u00f3rzy s\u0105 kompetentni &#8211; Marek Kuchci\u0144ski\" \/>\n<meta property=\"og:description\" content=\"&#8211; Jeste\u015bmy sercem Europy nie tylko geograficznie. Patrz\u0105c z perspektywy ponad dw\u00f3ch tysi\u0119cy lat cywilizacji europejskiej, m\u00f3wimy o korzeniach, na kt\u00f3rych wyros\u0142a Unia oparta na warto\u015bciach chrze\u015bcija\u0144skich, filozofii greckiej i prawie rzymskim. To s\u0105 odniesienia, kt\u00f3re kszta\u0142tuj\u0105 nasz program i musimy je przypomina\u0107 \u2013 powiedzia\u0142 w Jasionce TVP 3 Rzesz\u00f3w Marek Kuchci\u0144ski. Jednym z punkt\u00f3w [&hellip;]\" \/>\n<meta property=\"og:url\" content=\"https:\/\/marekkuchcinski.pl\/en\/wydarzenia\/marek-kuchcinski-mozemy-pozwolic-by-reprezentowali-nas-ci-ktorzy-sa-skuteczni-kampanii-przede-wszystkim-ci-ktorzy-sa-kompetentni\/\" \/>\n<meta property=\"og:site_name\" content=\"Marek Kuchci\u0144ski\" \/>\n<meta property=\"article:published_time\" content=\"2019-03-11T10:55:55+00:00\" \/>\n<meta property=\"article:modified_time\" content=\"2019-03-11T11:02:23+00:00\" \/>\n<meta property=\"og:image\" content=\"https:\/\/marekkuchcinski.pl\/wp-content\/uploads\/2019\/03\/IMG_8037-2.jpg\" \/>\n\t<meta property=\"og:image:width\" content=\"2048\" \/>\n\t<meta property=\"og:image:height\" content=\"1414\" \/>\n\t<meta property=\"og:image:type\" content=\"image\/jpeg\" \/>\n<meta name=\"author\" content=\"admin\" \/>\n<meta name=\"twitter:card\" content=\"summary_large_image\" \/>\n<meta name=\"twitter:label1\" content=\"Written by\" \/>\n\t<meta name=\"twitter:data1\" content=\"admin\" \/>\n\t<meta name=\"twitter:label2\" content=\"Estimated reading time\" \/>\n\t<meta name=\"twitter:data2\" content=\"2 minutes\" \/>\n<script type=\"application\/ld+json\" class=\"yoast-schema-graph\">{\"@context\":\"https:\/\/schema.org\",\"@graph\":[{\"@type\":\"Article\",\"@id\":\"https:\/\/marekkuchcinski.pl\/wydarzenia\/marek-kuchcinski-mozemy-pozwolic-by-reprezentowali-nas-ci-ktorzy-sa-skuteczni-kampanii-przede-wszystkim-ci-ktorzy-sa-kompetentni\/#article\",\"isPartOf\":{\"@id\":\"https:\/\/marekkuchcinski.pl\/wydarzenia\/marek-kuchcinski-mozemy-pozwolic-by-reprezentowali-nas-ci-ktorzy-sa-skuteczni-kampanii-przede-wszystkim-ci-ktorzy-sa-kompetentni\/\"},\"author\":{\"name\":\"admin\",\"@id\":\"https:\/\/marekkuchcinski.pl\/#\/schema\/person\/6f62700996b4d950b6ea2d1183b6c6be\"},\"headline\":\"Marek Kuchci\u0144ski: Nie mo\u017cemy sobie pozwoli\u0107 na to, by w PE reprezentowali nas wy\u0142\u0105cznie ci, kt\u00f3rzy s\u0105 skuteczni tylko w kampanii, ale przede wszystkim ci, kt\u00f3rzy s\u0105 kompetentni\",\"datePublished\":\"2019-03-11T10:55:55+00:00\",\"dateModified\":\"2019-03-11T11:02:23+00:00\",\"mainEntityOfPage\":{\"@id\":\"https:\/\/marekkuchcinski.pl\/wydarzenia\/marek-kuchcinski-mozemy-pozwolic-by-reprezentowali-nas-ci-ktorzy-sa-skuteczni-kampanii-przede-wszystkim-ci-ktorzy-sa-kompetentni\/\"},\"wordCount\":443,\"commentCount\":0,\"publisher\":{\"@id\":\"https:\/\/marekkuchcinski.pl\/#organization\"},\"image\":{\"@id\":\"https:\/\/marekkuchcinski.pl\/wydarzenia\/marek-kuchcinski-mozemy-pozwolic-by-reprezentowali-nas-ci-ktorzy-sa-skuteczni-kampanii-przede-wszystkim-ci-ktorzy-sa-kompetentni\/#primaryimage\"},\"thumbnailUrl\":\"https:\/\/marekkuchcinski.pl\/wp-content\/uploads\/2019\/03\/IMG_8037-2.jpg\",\"articleSection\":[\"Podkarpacie\",\"Prawo i Sprawiedliwo\u015b\u0107\",\"Wydarzenia\"],\"inLanguage\":\"en-GB\",\"potentialAction\":[{\"@type\":\"CommentAction\",\"name\":\"Comment\",\"target\":[\"https:\/\/marekkuchcinski.pl\/wydarzenia\/marek-kuchcinski-mozemy-pozwolic-by-reprezentowali-nas-ci-ktorzy-sa-skuteczni-kampanii-przede-wszystkim-ci-ktorzy-sa-kompetentni\/#respond\"]}]},{\"@type\":\"WebPage\",\"@id\":\"https:\/\/marekkuchcinski.pl\/wydarzenia\/marek-kuchcinski-mozemy-pozwolic-by-reprezentowali-nas-ci-ktorzy-sa-skuteczni-kampanii-przede-wszystkim-ci-ktorzy-sa-kompetentni\/\",\"url\":\"https:\/\/marekkuchcinski.pl\/wydarzenia\/marek-kuchcinski-mozemy-pozwolic-by-reprezentowali-nas-ci-ktorzy-sa-skuteczni-kampanii-przede-wszystkim-ci-ktorzy-sa-kompetentni\/\",\"name\":\"Marek Kuchci\u0144ski: Nie mo\u017cemy sobie pozwoli\u0107 na to, by w PE reprezentowali nas wy\u0142\u0105cznie ci, kt\u00f3rzy s\u0105 skuteczni tylko w kampanii, ale przede wszystkim ci, kt\u00f3rzy s\u0105 kompetentni &#8211; Marek Kuchci\u0144ski\",\"isPartOf\":{\"@id\":\"https:\/\/marekkuchcinski.pl\/#website\"},\"primaryImageOfPage\":{\"@id\":\"https:\/\/marekkuchcinski.pl\/wydarzenia\/marek-kuchcinski-mozemy-pozwolic-by-reprezentowali-nas-ci-ktorzy-sa-skuteczni-kampanii-przede-wszystkim-ci-ktorzy-sa-kompetentni\/#primaryimage\"},\"image\":{\"@id\":\"https:\/\/marekkuchcinski.pl\/wydarzenia\/marek-kuchcinski-mozemy-pozwolic-by-reprezentowali-nas-ci-ktorzy-sa-skuteczni-kampanii-przede-wszystkim-ci-ktorzy-sa-kompetentni\/#primaryimage\"},\"thumbnailUrl\":\"https:\/\/marekkuchcinski.pl\/wp-content\/uploads\/2019\/03\/IMG_8037-2.jpg\",\"datePublished\":\"2019-03-11T10:55:55+00:00\",\"dateModified\":\"2019-03-11T11:02:23+00:00\",\"breadcrumb\":{\"@id\":\"https:\/\/marekkuchcinski.pl\/wydarzenia\/marek-kuchcinski-mozemy-pozwolic-by-reprezentowali-nas-ci-ktorzy-sa-skuteczni-kampanii-przede-wszystkim-ci-ktorzy-sa-kompetentni\/#breadcrumb\"},\"inLanguage\":\"en-GB\",\"potentialAction\":[{\"@type\":\"ReadAction\",\"target\":[\"https:\/\/marekkuchcinski.pl\/wydarzenia\/marek-kuchcinski-mozemy-pozwolic-by-reprezentowali-nas-ci-ktorzy-sa-skuteczni-kampanii-przede-wszystkim-ci-ktorzy-sa-kompetentni\/\"]}]},{\"@type\":\"ImageObject\",\"inLanguage\":\"en-GB\",\"@id\":\"https:\/\/marekkuchcinski.pl\/wydarzenia\/marek-kuchcinski-mozemy-pozwolic-by-reprezentowali-nas-ci-ktorzy-sa-skuteczni-kampanii-przede-wszystkim-ci-ktorzy-sa-kompetentni\/#primaryimage\",\"url\":\"https:\/\/marekkuchcinski.pl\/wp-content\/uploads\/2019\/03\/IMG_8037-2.jpg\",\"contentUrl\":\"https:\/\/marekkuchcinski.pl\/wp-content\/uploads\/2019\/03\/IMG_8037-2.jpg\",\"width\":2048,\"height\":1414},{\"@type\":\"BreadcrumbList\",\"@id\":\"https:\/\/marekkuchcinski.pl\/wydarzenia\/marek-kuchcinski-mozemy-pozwolic-by-reprezentowali-nas-ci-ktorzy-sa-skuteczni-kampanii-przede-wszystkim-ci-ktorzy-sa-kompetentni\/#breadcrumb\",\"itemListElement\":[{\"@type\":\"ListItem\",\"position\":1,\"name\":\"Strona g\u0142\u00f3wna\",\"item\":\"https:\/\/marekkuchcinski.pl\/\"},{\"@type\":\"ListItem\",\"position\":2,\"name\":\"Marek Kuchci\u0144ski: Nie mo\u017cemy sobie pozwoli\u0107 na to, by w PE reprezentowali nas wy\u0142\u0105cznie ci, kt\u00f3rzy s\u0105 skuteczni tylko w kampanii, ale przede wszystkim ci, kt\u00f3rzy s\u0105 kompetentni\"}]},{\"@type\":\"WebSite\",\"@id\":\"https:\/\/marekkuchcinski.pl\/#website\",\"url\":\"https:\/\/marekkuchcinski.pl\/\",\"name\":\"Marek Kuchci\u0144ski\",\"description\":\"Pose\u0142 na sejm RP &ndash; okr\u0119g nr 22\",\"publisher\":{\"@id\":\"https:\/\/marekkuchcinski.pl\/#organization\"},\"potentialAction\":[{\"@type\":\"SearchAction\",\"target\":{\"@type\":\"EntryPoint\",\"urlTemplate\":\"https:\/\/marekkuchcinski.pl\/?s={search_term_string}\"},\"query-input\":{\"@type\":\"PropertyValueSpecification\",\"valueRequired\":true,\"valueName\":\"search_term_string\"}}],\"inLanguage\":\"en-GB\"},{\"@type\":\"Organization\",\"@id\":\"https:\/\/marekkuchcinski.pl\/#organization\",\"name\":\"Marek Kuchci\u0144ski\",\"url\":\"https:\/\/marekkuchcinski.pl\/\",\"logo\":{\"@type\":\"ImageObject\",\"inLanguage\":\"en-GB\",\"@id\":\"https:\/\/marekkuchcinski.pl\/#\/schema\/logo\/image\/\",\"url\":\"https:\/\/marekkuchcinski.pl\/wp-content\/uploads\/2022\/09\/Marek.jpg\",\"contentUrl\":\"https:\/\/marekkuchcinski.pl\/wp-content\/uploads\/2022\/09\/Marek.jpg\",\"width\":1600,\"height\":971,\"caption\":\"Marek Kuchci\u0144ski\"},\"image\":{\"@id\":\"https:\/\/marekkuchcinski.pl\/#\/schema\/logo\/image\/\"}},{\"@type\":\"Person\",\"@id\":\"https:\/\/marekkuchcinski.pl\/#\/schema\/person\/6f62700996b4d950b6ea2d1183b6c6be\",\"name\":\"admin\",\"image\":{\"@type\":\"ImageObject\",\"inLanguage\":\"en-GB\",\"@id\":\"https:\/\/marekkuchcinski.pl\/#\/schema\/person\/image\/\",\"url\":\"https:\/\/secure.gravatar.com\/avatar\/4bab693b9d55c3d6b52c0296a8765085?s=96&d=mm&r=g\",\"contentUrl\":\"https:\/\/secure.gravatar.com\/avatar\/4bab693b9d55c3d6b52c0296a8765085?s=96&d=mm&r=g\",\"caption\":\"admin\"},\"url\":\"https:\/\/marekkuchcinski.pl\/en\/author\/marta-olejnik\/\"}]}<\/script>\n<!-- \/ Yoast SEO plugin. -->","yoast_head_json":{"title":"Marek Kuchci\u0144ski: Nie mo\u017cemy sobie pozwoli\u0107 na to, by w PE reprezentowali nas wy\u0142\u0105cznie ci, kt\u00f3rzy s\u0105 skuteczni tylko w kampanii, ale przede wszystkim ci, kt\u00f3rzy s\u0105 kompetentni &#8211; Marek Kuchci\u0144ski","robots":{"index":"index","follow":"follow","max-snippet":"max-snippet:-1","max-image-preview":"max-image-preview:large","max-video-preview":"max-video-preview:-1"},"canonical":"https:\/\/marekkuchcinski.pl\/en\/wydarzenia\/marek-kuchcinski-mozemy-pozwolic-by-reprezentowali-nas-ci-ktorzy-sa-skuteczni-kampanii-przede-wszystkim-ci-ktorzy-sa-kompetentni\/","og_locale":"en_GB","og_type":"article","og_title":"Marek Kuchci\u0144ski: Nie mo\u017cemy sobie pozwoli\u0107 na to, by w PE reprezentowali nas wy\u0142\u0105cznie ci, kt\u00f3rzy s\u0105 skuteczni tylko w kampanii, ale przede wszystkim ci, kt\u00f3rzy s\u0105 kompetentni &#8211; Marek Kuchci\u0144ski","og_description":"&#8211; Jeste\u015bmy sercem Europy nie tylko geograficznie. Patrz\u0105c z perspektywy ponad dw\u00f3ch tysi\u0119cy lat cywilizacji europejskiej, m\u00f3wimy o korzeniach, na kt\u00f3rych wyros\u0142a Unia oparta na warto\u015bciach chrze\u015bcija\u0144skich, filozofii greckiej i prawie rzymskim. To s\u0105 odniesienia, kt\u00f3re kszta\u0142tuj\u0105 nasz program i musimy je przypomina\u0107 \u2013 powiedzia\u0142 w Jasionce TVP 3 Rzesz\u00f3w Marek Kuchci\u0144ski. Jednym z punkt\u00f3w [&hellip;]","og_url":"https:\/\/marekkuchcinski.pl\/en\/wydarzenia\/marek-kuchcinski-mozemy-pozwolic-by-reprezentowali-nas-ci-ktorzy-sa-skuteczni-kampanii-przede-wszystkim-ci-ktorzy-sa-kompetentni\/","og_site_name":"Marek Kuchci\u0144ski","article_published_time":"2019-03-11T10:55:55+00:00","article_modified_time":"2019-03-11T11:02:23+00:00","og_image":[{"width":2048,"height":1414,"url":"https:\/\/marekkuchcinski.pl\/wp-content\/uploads\/2019\/03\/IMG_8037-2.jpg","type":"image\/jpeg"}],"author":"admin","twitter_card":"summary_large_image","twitter_misc":{"Written by":"admin","Estimated reading time":"2 minutes"},"schema":{"@context":"https:\/\/schema.org","@graph":[{"@type":"Article","@id":"https:\/\/marekkuchcinski.pl\/wydarzenia\/marek-kuchcinski-mozemy-pozwolic-by-reprezentowali-nas-ci-ktorzy-sa-skuteczni-kampanii-przede-wszystkim-ci-ktorzy-sa-kompetentni\/#article","isPartOf":{"@id":"https:\/\/marekkuchcinski.pl\/wydarzenia\/marek-kuchcinski-mozemy-pozwolic-by-reprezentowali-nas-ci-ktorzy-sa-skuteczni-kampanii-przede-wszystkim-ci-ktorzy-sa-kompetentni\/"},"author":{"name":"admin","@id":"https:\/\/marekkuchcinski.pl\/#\/schema\/person\/6f62700996b4d950b6ea2d1183b6c6be"},"headline":"Marek Kuchci\u0144ski: Nie mo\u017cemy sobie pozwoli\u0107 na to, by w PE reprezentowali nas wy\u0142\u0105cznie ci, kt\u00f3rzy s\u0105 skuteczni tylko w kampanii, ale przede wszystkim ci, kt\u00f3rzy s\u0105 kompetentni","datePublished":"2019-03-11T10:55:55+00:00","dateModified":"2019-03-11T11:02:23+00:00","mainEntityOfPage":{"@id":"https:\/\/marekkuchcinski.pl\/wydarzenia\/marek-kuchcinski-mozemy-pozwolic-by-reprezentowali-nas-ci-ktorzy-sa-skuteczni-kampanii-przede-wszystkim-ci-ktorzy-sa-kompetentni\/"},"wordCount":443,"commentCount":0,"publisher":{"@id":"https:\/\/marekkuchcinski.pl\/#organization"},"image":{"@id":"https:\/\/marekkuchcinski.pl\/wydarzenia\/marek-kuchcinski-mozemy-pozwolic-by-reprezentowali-nas-ci-ktorzy-sa-skuteczni-kampanii-przede-wszystkim-ci-ktorzy-sa-kompetentni\/#primaryimage"},"thumbnailUrl":"https:\/\/marekkuchcinski.pl\/wp-content\/uploads\/2019\/03\/IMG_8037-2.jpg","articleSection":["Podkarpacie","Prawo i Sprawiedliwo\u015b\u0107","Wydarzenia"],"inLanguage":"en-GB","potentialAction":[{"@type":"CommentAction","name":"Comment","target":["https:\/\/marekkuchcinski.pl\/wydarzenia\/marek-kuchcinski-mozemy-pozwolic-by-reprezentowali-nas-ci-ktorzy-sa-skuteczni-kampanii-przede-wszystkim-ci-ktorzy-sa-kompetentni\/#respond"]}]},{"@type":"WebPage","@id":"https:\/\/marekkuchcinski.pl\/wydarzenia\/marek-kuchcinski-mozemy-pozwolic-by-reprezentowali-nas-ci-ktorzy-sa-skuteczni-kampanii-przede-wszystkim-ci-ktorzy-sa-kompetentni\/","url":"https:\/\/marekkuchcinski.pl\/wydarzenia\/marek-kuchcinski-mozemy-pozwolic-by-reprezentowali-nas-ci-ktorzy-sa-skuteczni-kampanii-przede-wszystkim-ci-ktorzy-sa-kompetentni\/","name":"Marek Kuchci\u0144ski: Nie mo\u017cemy sobie pozwoli\u0107 na to, by w PE reprezentowali nas wy\u0142\u0105cznie ci, kt\u00f3rzy s\u0105 skuteczni tylko w kampanii, ale przede wszystkim ci, kt\u00f3rzy s\u0105 kompetentni &#8211; Marek Kuchci\u0144ski","isPartOf":{"@id":"https:\/\/marekkuchcinski.pl\/#website"},"primaryImageOfPage":{"@id":"https:\/\/marekkuchcinski.pl\/wydarzenia\/marek-kuchcinski-mozemy-pozwolic-by-reprezentowali-nas-ci-ktorzy-sa-skuteczni-kampanii-przede-wszystkim-ci-ktorzy-sa-kompetentni\/#primaryimage"},"image":{"@id":"https:\/\/marekkuchcinski.pl\/wydarzenia\/marek-kuchcinski-mozemy-pozwolic-by-reprezentowali-nas-ci-ktorzy-sa-skuteczni-kampanii-przede-wszystkim-ci-ktorzy-sa-kompetentni\/#primaryimage"},"thumbnailUrl":"https:\/\/marekkuchcinski.pl\/wp-content\/uploads\/2019\/03\/IMG_8037-2.jpg","datePublished":"2019-03-11T10:55:55+00:00","dateModified":"2019-03-11T11:02:23+00:00","breadcrumb":{"@id":"https:\/\/marekkuchcinski.pl\/wydarzenia\/marek-kuchcinski-mozemy-pozwolic-by-reprezentowali-nas-ci-ktorzy-sa-skuteczni-kampanii-przede-wszystkim-ci-ktorzy-sa-kompetentni\/#breadcrumb"},"inLanguage":"en-GB","potentialAction":[{"@type":"ReadAction","target":["https:\/\/marekkuchcinski.pl\/wydarzenia\/marek-kuchcinski-mozemy-pozwolic-by-reprezentowali-nas-ci-ktorzy-sa-skuteczni-kampanii-przede-wszystkim-ci-ktorzy-sa-kompetentni\/"]}]},{"@type":"ImageObject","inLanguage":"en-GB","@id":"https:\/\/marekkuchcinski.pl\/wydarzenia\/marek-kuchcinski-mozemy-pozwolic-by-reprezentowali-nas-ci-ktorzy-sa-skuteczni-kampanii-przede-wszystkim-ci-ktorzy-sa-kompetentni\/#primaryimage","url":"https:\/\/marekkuchcinski.pl\/wp-content\/uploads\/2019\/03\/IMG_8037-2.jpg","contentUrl":"https:\/\/marekkuchcinski.pl\/wp-content\/uploads\/2019\/03\/IMG_8037-2.jpg","width":2048,"height":1414},{"@type":"BreadcrumbList","@id":"https:\/\/marekkuchcinski.pl\/wydarzenia\/marek-kuchcinski-mozemy-pozwolic-by-reprezentowali-nas-ci-ktorzy-sa-skuteczni-kampanii-przede-wszystkim-ci-ktorzy-sa-kompetentni\/#breadcrumb","itemListElement":[{"@type":"ListItem","position":1,"name":"Strona g\u0142\u00f3wna","item":"https:\/\/marekkuchcinski.pl\/"},{"@type":"ListItem","position":2,"name":"Marek Kuchci\u0144ski: Nie mo\u017cemy sobie pozwoli\u0107 na to, by w PE reprezentowali nas wy\u0142\u0105cznie ci, kt\u00f3rzy s\u0105 skuteczni tylko w kampanii, ale przede wszystkim ci, kt\u00f3rzy s\u0105 kompetentni"}]},{"@type":"WebSite","@id":"https:\/\/marekkuchcinski.pl\/#website","url":"https:\/\/marekkuchcinski.pl\/","name":"Marek Kuchci\u0144ski","description":"Pose\u0142 na sejm RP &ndash; okr\u0119g nr 22","publisher":{"@id":"https:\/\/marekkuchcinski.pl\/#organization"},"potentialAction":[{"@type":"SearchAction","target":{"@type":"EntryPoint","urlTemplate":"https:\/\/marekkuchcinski.pl\/?s={search_term_string}"},"query-input":{"@type":"PropertyValueSpecification","valueRequired":true,"valueName":"search_term_string"}}],"inLanguage":"en-GB"},{"@type":"Organization","@id":"https:\/\/marekkuchcinski.pl\/#organization","name":"Marek Kuchci\u0144ski","url":"https:\/\/marekkuchcinski.pl\/","logo":{"@type":"ImageObject","inLanguage":"en-GB","@id":"https:\/\/marekkuchcinski.pl\/#\/schema\/logo\/image\/","url":"https:\/\/marekkuchcinski.pl\/wp-content\/uploads\/2022\/09\/Marek.jpg","contentUrl":"https:\/\/marekkuchcinski.pl\/wp-content\/uploads\/2022\/09\/Marek.jpg","width":1600,"height":971,"caption":"Marek Kuchci\u0144ski"},"image":{"@id":"https:\/\/marekkuchcinski.pl\/#\/schema\/logo\/image\/"}},{"@type":"Person","@id":"https:\/\/marekkuchcinski.pl\/#\/schema\/person\/6f62700996b4d950b6ea2d1183b6c6be","name":"admin","image":{"@type":"ImageObject","inLanguage":"en-GB","@id":"https:\/\/marekkuchcinski.pl\/#\/schema\/person\/image\/","url":"https:\/\/secure.gravatar.com\/avatar\/4bab693b9d55c3d6b52c0296a8765085?s=96&d=mm&r=g","contentUrl":"https:\/\/secure.gravatar.com\/avatar\/4bab693b9d55c3d6b52c0296a8765085?s=96&d=mm&r=g","caption":"admin"},"url":"https:\/\/marekkuchcinski.pl\/en\/author\/marta-olejnik\/"}]}},"_links":{"self":[{"href":"https:\/\/marekkuchcinski.pl\/en\/wp-json\/wp\/v2\/posts\/13621","targetHints":{"allow":["GET"]}}],"collection":[{"href":"https:\/\/marekkuchcinski.pl\/en\/wp-json\/wp\/v2\/posts"}],"about":[{"href":"https:\/\/marekkuchcinski.pl\/en\/wp-json\/wp\/v2\/types\/post"}],"author":[{"embeddable":true,"href":"https:\/\/marekkuchcinski.pl\/en\/wp-json\/wp\/v2\/users\/6"}],"replies":[{"embeddable":true,"href":"https:\/\/marekkuchcinski.pl\/en\/wp-json\/wp\/v2\/comments?post=13621"}],"version-history":[{"count":6,"href":"https:\/\/marekkuchcinski.pl\/en\/wp-json\/wp\/v2\/posts\/13621\/revisions"}],"predecessor-version":[{"id":13645,"href":"https:\/\/marekkuchcinski.pl\/en\/wp-json\/wp\/v2\/posts\/13621\/revisions\/13645"}],"wp:featuredmedia":[{"embeddable":true,"href":"https:\/\/marekkuchcinski.pl\/en\/wp-json\/wp\/v2\/media\/13624"}],"wp:attachment":[{"href":"https:\/\/marekkuchcinski.pl\/en\/wp-json\/wp\/v2\/media?parent=13621"}],"wp:term":[{"taxonomy":"category","embeddable":true,"href":"https:\/\/marekkuchcinski.pl\/en\/wp-json\/wp\/v2\/categories?post=13621"},{"taxonomy":"post_tag","embeddable":true,"href":"https:\/\/marekkuchcinski.pl\/en\/wp-json\/wp\/v2\/tags?post=13621"}],"curies":[{"name":"wp","href":"https:\/\/api.w.org\/{rel}","templated":true}]}}