{"id":13499,"date":"2019-03-08T13:09:53","date_gmt":"2019-03-08T12:09:53","guid":{"rendered":"https:\/\/marekkuchcinski.pl\/?p=13499"},"modified":"2019-03-08T13:28:58","modified_gmt":"2019-03-08T12:28:58","slug":"uroczyste-obchody-100-rocznicy-bohaterskiej-smierci-plk-leopolda-lisa-kuli","status":"publish","type":"post","link":"https:\/\/marekkuchcinski.pl\/en\/bez-kategorii\/lms\/uroczyste-obchody-100-rocznicy-bohaterskiej-smierci-plk-leopolda-lisa-kuli\/","title":{"rendered":"Ceremonial celebration of the 100th anniversary of the heroic death of Colonel Leopold Lis-Kula"},"content":{"rendered":"<h1><\/h1>\n<p><strong>Mr. <\/strong><\/p>\n<p><strong>Jakub Czarnota <\/strong><\/p>\n<p><strong>Voit of \u0141a\u0144cut Commune<\/strong><\/p>\n<p><strong>\u00a0<\/strong><\/p>\n<p>Dear Mr. Mayor,<\/p>\n<p>&nbsp;<\/p>\n<p>Thank you very much for the invitation to the ceremony of the 100th anniversary of the heroic death of Colonel Leopold Lis-Kula. Not being able to participate in this event, I would like to express my thanks to its organizers and participants.  I am convinced that the ceremony in Kosin, the birthplace of the heroic legionnaire of World War I and defender of Poland reborn in 1918, will have a special dimension, while providing a valuable testimony of patriotism and respect for our national heroes.<\/p>\n<p>It is hard to believe that a man whose accomplishments could be included in several biographies, lived only twenty-two years. The whole youthful life of Leopold Lis-Kula was filled with efforts for the good of the Homeland, for the independence of Poland. His great fortitude, admirable maturity and steadfastness inspire admiration even today. One of the best and bravest soldiers in the history of Poland. He became a symbol of the fight for a free Homeland.<\/p>\n<p>That is why I thank you for the tribute paid to this extraordinary hero from the Podkarpacie region, who will forever remain a sign of our community and an inalienable part of our historical heritage.<\/p>\n<p>Once again, my sincere greetings and best regards to you.<\/p>\n<p>&nbsp;<\/p>\n<p>&nbsp;<\/p>\n<p><em>Marek <\/em><em>Kuchcinski<\/em><\/p>","protected":false},"excerpt":{"rendered":"<p>Pan Jakub Czarnota W\u00f3jt Gminy \u0141a\u0144cut \u00a0 Szanowny Panie W\u00f3jcie, &nbsp; bardzo dzi\u0119kuj\u0119 za zaproszenie na uroczyste obchody 100.\u00a0 rocznicy bohaterskiej \u015bmierci p\u0142k. Leopolda Lisa-Kuli. Nie mog\u0105c wzi\u0105\u0107 udzia\u0142u w tym wydarzeniu, pragn\u0119 t\u0105 drog\u0105 przekaza\u0107 podzi\u0119kowania jego organizatorom i uczestnikom.\u00a0 Jestem przy tym przekonany, \u017ce uroczysto\u015bci w Kosinie &#8211;\u00a0\u00a0 miejscu, w kt\u00f3rym urodzi\u0142 si\u0119 [&hellip;]<\/p>\n","protected":false},"author":6,"featured_media":13506,"comment_status":"open","ping_status":"open","sticky":false,"template":"","format":"standard","meta":{"ngg_post_thumbnail":0,"footnotes":""},"categories":[104],"tags":[],"class_list":["post-13499","post","type-post","status-publish","format-standard","has-post-thumbnail","hentry","category-lms"],"_links":{"self":[{"href":"https:\/\/marekkuchcinski.pl\/en\/wp-json\/wp\/v2\/posts\/13499","targetHints":{"allow":["GET"]}}],"collection":[{"href":"https:\/\/marekkuchcinski.pl\/en\/wp-json\/wp\/v2\/posts"}],"about":[{"href":"https:\/\/marekkuchcinski.pl\/en\/wp-json\/wp\/v2\/types\/post"}],"author":[{"embeddable":true,"href":"https:\/\/marekkuchcinski.pl\/en\/wp-json\/wp\/v2\/users\/6"}],"replies":[{"embeddable":true,"href":"https:\/\/marekkuchcinski.pl\/en\/wp-json\/wp\/v2\/comments?post=13499"}],"version-history":[{"count":1,"href":"https:\/\/marekkuchcinski.pl\/en\/wp-json\/wp\/v2\/posts\/13499\/revisions"}],"predecessor-version":[{"id":13501,"href":"https:\/\/marekkuchcinski.pl\/en\/wp-json\/wp\/v2\/posts\/13499\/revisions\/13501"}],"wp:featuredmedia":[{"embeddable":true,"href":"https:\/\/marekkuchcinski.pl\/en\/wp-json\/wp\/v2\/media\/13506"}],"wp:attachment":[{"href":"https:\/\/marekkuchcinski.pl\/en\/wp-json\/wp\/v2\/media?parent=13499"}],"wp:term":[{"taxonomy":"category","embeddable":true,"href":"https:\/\/marekkuchcinski.pl\/en\/wp-json\/wp\/v2\/categories?post=13499"},{"taxonomy":"post_tag","embeddable":true,"href":"https:\/\/marekkuchcinski.pl\/en\/wp-json\/wp\/v2\/tags?post=13499"}],"curies":[{"name":"wp","href":"https:\/\/api.w.org\/{rel}","templated":true}]}}