{"id":13489,"date":"2019-03-07T15:00:04","date_gmt":"2019-03-07T14:00:04","guid":{"rendered":"https:\/\/marekkuchcinski.pl\/?p=13489"},"modified":"2019-03-08T13:29:52","modified_gmt":"2019-03-08T12:29:52","slug":"obchody-100-rocznicy-smierci-plk-leopolda-lisa-kuli","status":"publish","type":"post","link":"https:\/\/marekkuchcinski.pl\/en\/bez-kategorii\/lms\/obchody-100-rocznicy-smierci-plk-leopolda-lisa-kuli\/","title":{"rendered":"Celebration of the 100th Death Anniversary of Col. Leopold Lis-Kula"},"content":{"rendered":"<p style=\"text-align: left;\">Mr. Insp. ZS Marek Matu\u0142a<\/p>\n<p style=\"text-align: left;\">Commander<\/p>\n<p style=\"text-align: left;\">Headquarters<\/p>\n<p style=\"text-align: left;\">Z.S. \"Strzelec\" JP<\/p>\n<p style=\"text-align: left;\">Mr. Insp. ZS Marek Str\u0105czek<\/p>\n<p style=\"text-align: left;\">Commander Southeast. District<\/p>\n<p style=\"text-align: left;\">Z.S. \"Strzelec\" JP<\/p>\n<p><strong>\u00a0<\/strong><\/p>\n<p>Dear Sirs,<\/p>\n<p>&nbsp;<\/p>\n<p>I cordially thank you for the invitation to the celebrations of the 100th anniversary of Colonel Leopold Lis-Kula's death. Not being able to participate in the celebrations, I would like to express my gratitude for cultivating the tradition of freedom and promoting it among younger generations. The independence heritage is one of the most important elements of national identity, a bond connecting generations. We feel this bond on anniversary days more strongly than usual.<\/p>\n<p>Today, our thoughts go out to the hero of the fight for freedom, Colonel Leopold Lis-Kula. Our hearts are bursting with pride that this extraordinary soldier was a son of Podkarpacie region. He aroused great respect among young and older soldiers. In spite of his teenage age he was characterized by indomitable fortitude and admirable steadfastness. Already during his life he was a great legend, and after his death he grew to be a symbol of patriotic values and soldierly virtues. In the Second Republic of Poland, many schools chose him as their patron. It was a visible sign of remembrance and a tribute to a young colonel.<\/p>\n<p>Nowadays Leopold Lis-Kula is also a role model worth following. His determination, hard work and faithfulness to his ideals should be a signpost for young people who are looking for their life path.<\/p>\n<p>I thank all those who promote the ideals of independence and cultivate the memory of heroes who led our country to freedom and independence.<\/p>\n<p>&nbsp;<\/p>\n<p>Best regards<\/p>\n<p>&nbsp;<\/p>\n<p>&nbsp;<\/p>\n<p>Marek Kuchci\u0144ski<\/p>","protected":false},"excerpt":{"rendered":"<p>Pan insp. ZS Marek Matu\u0142a Komendant Komendy G\u0142\u00f3wnej Z.S. \u201eStrzelec\u201d JP Pan insp. ZS Marek Str\u0105czek Dow\u00f3dca P\u0142d.-Wsch. Okr\u0119gu Z.S. \u201eStrzelec\u201d JP \u00a0 Szanowni Pa\u0144stwo, &nbsp; serdecznie dzi\u0119kuj\u0119 za zaproszenie na obchody 100. rocznicy \u015bmierci p\u0142k. Leopolda Lisa-Kuli. Nie mog\u0105c wzi\u0105\u0107 udzia\u0142u w uroczysto\u015bciach, t\u0105 drog\u0105 chcia\u0142bym przekaza\u0107 wyrazy wdzi\u0119czno\u015bci za kultywowanie wolno\u015bciowej tradycji oraz [&hellip;]<\/p>","protected":false},"author":6,"featured_media":13506,"comment_status":"open","ping_status":"open","sticky":false,"template":"","format":"standard","meta":{"ngg_post_thumbnail":0,"footnotes":""},"categories":[104],"tags":[],"class_list":["post-13489","post","type-post","status-publish","format-standard","has-post-thumbnail","hentry","category-lms"],"yoast_head":"<!-- This site is optimized with the Yoast SEO plugin v24.7 - https:\/\/yoast.com\/wordpress\/plugins\/seo\/ -->\n<title>Obchody 100. rocznicy \u015bmierci p\u0142k. Leopolda Lisa-Kuli &#8211; Marek Kuchci\u0144ski<\/title>\n<meta name=\"robots\" content=\"index, follow, max-snippet:-1, max-image-preview:large, max-video-preview:-1\" \/>\n<link rel=\"canonical\" href=\"https:\/\/marekkuchcinski.pl\/en\/bez-kategorii\/lms\/obchody-100-rocznicy-smierci-plk-leopolda-lisa-kuli\/\" \/>\n<meta property=\"og:locale\" content=\"en_GB\" \/>\n<meta property=\"og:type\" content=\"article\" \/>\n<meta property=\"og:title\" content=\"Obchody 100. rocznicy \u015bmierci p\u0142k. Leopolda Lisa-Kuli &#8211; Marek Kuchci\u0144ski\" \/>\n<meta property=\"og:description\" content=\"Pan insp. ZS Marek Matu\u0142a Komendant Komendy G\u0142\u00f3wnej Z.S. \u201eStrzelec\u201d JP Pan insp. ZS Marek Str\u0105czek Dow\u00f3dca P\u0142d.-Wsch. Okr\u0119gu Z.S. \u201eStrzelec\u201d JP \u00a0 Szanowni Pa\u0144stwo, &nbsp; serdecznie dzi\u0119kuj\u0119 za zaproszenie na obchody 100. rocznicy \u015bmierci p\u0142k. Leopolda Lisa-Kuli. Nie mog\u0105c wzi\u0105\u0107 udzia\u0142u w uroczysto\u015bciach, t\u0105 drog\u0105 chcia\u0142bym przekaza\u0107 wyrazy wdzi\u0119czno\u015bci za kultywowanie wolno\u015bciowej tradycji oraz [&hellip;]\" \/>\n<meta property=\"og:url\" content=\"https:\/\/marekkuchcinski.pl\/en\/bez-kategorii\/lms\/obchody-100-rocznicy-smierci-plk-leopolda-lisa-kuli\/\" \/>\n<meta property=\"og:site_name\" content=\"Marek Kuchci\u0144ski\" \/>\n<meta property=\"article:published_time\" content=\"2019-03-07T14:00:04+00:00\" \/>\n<meta property=\"article:modified_time\" content=\"2019-03-08T12:29:52+00:00\" \/>\n<meta property=\"og:image\" content=\"https:\/\/marekkuchcinski.pl\/wp-content\/uploads\/2019\/03\/DSCF6504-5.jpg\" \/>\n\t<meta property=\"og:image:width\" content=\"2048\" \/>\n\t<meta property=\"og:image:height\" content=\"1955\" \/>\n\t<meta property=\"og:image:type\" content=\"image\/jpeg\" \/>\n<meta name=\"author\" content=\"admin\" \/>\n<meta name=\"twitter:card\" content=\"summary_large_image\" \/>\n<meta name=\"twitter:label1\" content=\"Written by\" \/>\n\t<meta name=\"twitter:data1\" content=\"admin\" \/>\n\t<meta name=\"twitter:label2\" content=\"Estimated reading time\" \/>\n\t<meta name=\"twitter:data2\" content=\"1 minute\" \/>\n<script type=\"application\/ld+json\" class=\"yoast-schema-graph\">{\"@context\":\"https:\/\/schema.org\",\"@graph\":[{\"@type\":\"Article\",\"@id\":\"https:\/\/marekkuchcinski.pl\/uk\/bez-kategorii\/lms\/obchody-100-rocznicy-smierci-plk-leopolda-lisa-kuli\/#article\",\"isPartOf\":{\"@id\":\"https:\/\/marekkuchcinski.pl\/uk\/bez-kategorii\/lms\/obchody-100-rocznicy-smierci-plk-leopolda-lisa-kuli\/\"},\"author\":{\"name\":\"admin\",\"@id\":\"https:\/\/marekkuchcinski.pl\/#\/schema\/person\/6f62700996b4d950b6ea2d1183b6c6be\"},\"headline\":\"Obchody 100. rocznicy \u015bmierci p\u0142k. Leopolda Lisa-Kuli\",\"datePublished\":\"2019-03-07T14:00:04+00:00\",\"dateModified\":\"2019-03-08T12:29:52+00:00\",\"mainEntityOfPage\":{\"@id\":\"https:\/\/marekkuchcinski.pl\/uk\/bez-kategorii\/lms\/obchody-100-rocznicy-smierci-plk-leopolda-lisa-kuli\/\"},\"wordCount\":290,\"commentCount\":0,\"publisher\":{\"@id\":\"https:\/\/marekkuchcinski.pl\/#organization\"},\"image\":{\"@id\":\"https:\/\/marekkuchcinski.pl\/uk\/bez-kategorii\/lms\/obchody-100-rocznicy-smierci-plk-leopolda-lisa-kuli\/#primaryimage\"},\"thumbnailUrl\":\"https:\/\/marekkuchcinski.pl\/wp-content\/uploads\/2019\/03\/DSCF6504-5.jpg\",\"articleSection\":[\"Listy Marsza\u0142ka Sejmu\"],\"inLanguage\":\"en-GB\",\"potentialAction\":[{\"@type\":\"CommentAction\",\"name\":\"Comment\",\"target\":[\"https:\/\/marekkuchcinski.pl\/uk\/bez-kategorii\/lms\/obchody-100-rocznicy-smierci-plk-leopolda-lisa-kuli\/#respond\"]}]},{\"@type\":\"WebPage\",\"@id\":\"https:\/\/marekkuchcinski.pl\/uk\/bez-kategorii\/lms\/obchody-100-rocznicy-smierci-plk-leopolda-lisa-kuli\/\",\"url\":\"https:\/\/marekkuchcinski.pl\/uk\/bez-kategorii\/lms\/obchody-100-rocznicy-smierci-plk-leopolda-lisa-kuli\/\",\"name\":\"Obchody 100. rocznicy \u015bmierci p\u0142k. Leopolda Lisa-Kuli &#8211; Marek Kuchci\u0144ski\",\"isPartOf\":{\"@id\":\"https:\/\/marekkuchcinski.pl\/#website\"},\"primaryImageOfPage\":{\"@id\":\"https:\/\/marekkuchcinski.pl\/uk\/bez-kategorii\/lms\/obchody-100-rocznicy-smierci-plk-leopolda-lisa-kuli\/#primaryimage\"},\"image\":{\"@id\":\"https:\/\/marekkuchcinski.pl\/uk\/bez-kategorii\/lms\/obchody-100-rocznicy-smierci-plk-leopolda-lisa-kuli\/#primaryimage\"},\"thumbnailUrl\":\"https:\/\/marekkuchcinski.pl\/wp-content\/uploads\/2019\/03\/DSCF6504-5.jpg\",\"datePublished\":\"2019-03-07T14:00:04+00:00\",\"dateModified\":\"2019-03-08T12:29:52+00:00\",\"breadcrumb\":{\"@id\":\"https:\/\/marekkuchcinski.pl\/uk\/bez-kategorii\/lms\/obchody-100-rocznicy-smierci-plk-leopolda-lisa-kuli\/#breadcrumb\"},\"inLanguage\":\"en-GB\",\"potentialAction\":[{\"@type\":\"ReadAction\",\"target\":[\"https:\/\/marekkuchcinski.pl\/uk\/bez-kategorii\/lms\/obchody-100-rocznicy-smierci-plk-leopolda-lisa-kuli\/\"]}]},{\"@type\":\"ImageObject\",\"inLanguage\":\"en-GB\",\"@id\":\"https:\/\/marekkuchcinski.pl\/uk\/bez-kategorii\/lms\/obchody-100-rocznicy-smierci-plk-leopolda-lisa-kuli\/#primaryimage\",\"url\":\"https:\/\/marekkuchcinski.pl\/wp-content\/uploads\/2019\/03\/DSCF6504-5.jpg\",\"contentUrl\":\"https:\/\/marekkuchcinski.pl\/wp-content\/uploads\/2019\/03\/DSCF6504-5.jpg\",\"width\":2048,\"height\":1955},{\"@type\":\"BreadcrumbList\",\"@id\":\"https:\/\/marekkuchcinski.pl\/uk\/bez-kategorii\/lms\/obchody-100-rocznicy-smierci-plk-leopolda-lisa-kuli\/#breadcrumb\",\"itemListElement\":[{\"@type\":\"ListItem\",\"position\":1,\"name\":\"Strona g\u0142\u00f3wna\",\"item\":\"https:\/\/marekkuchcinski.pl\/\"},{\"@type\":\"ListItem\",\"position\":2,\"name\":\"Obchody 100. rocznicy \u015bmierci p\u0142k. Leopolda Lisa-Kuli\"}]},{\"@type\":\"WebSite\",\"@id\":\"https:\/\/marekkuchcinski.pl\/#website\",\"url\":\"https:\/\/marekkuchcinski.pl\/\",\"name\":\"Marek Kuchci\u0144ski\",\"description\":\"Pose\u0142 na sejm RP &ndash; okr\u0119g nr 22\",\"publisher\":{\"@id\":\"https:\/\/marekkuchcinski.pl\/#organization\"},\"potentialAction\":[{\"@type\":\"SearchAction\",\"target\":{\"@type\":\"EntryPoint\",\"urlTemplate\":\"https:\/\/marekkuchcinski.pl\/?s={search_term_string}\"},\"query-input\":{\"@type\":\"PropertyValueSpecification\",\"valueRequired\":true,\"valueName\":\"search_term_string\"}}],\"inLanguage\":\"en-GB\"},{\"@type\":\"Organization\",\"@id\":\"https:\/\/marekkuchcinski.pl\/#organization\",\"name\":\"Marek Kuchci\u0144ski\",\"url\":\"https:\/\/marekkuchcinski.pl\/\",\"logo\":{\"@type\":\"ImageObject\",\"inLanguage\":\"en-GB\",\"@id\":\"https:\/\/marekkuchcinski.pl\/#\/schema\/logo\/image\/\",\"url\":\"https:\/\/marekkuchcinski.pl\/wp-content\/uploads\/2022\/09\/Marek.jpg\",\"contentUrl\":\"https:\/\/marekkuchcinski.pl\/wp-content\/uploads\/2022\/09\/Marek.jpg\",\"width\":1600,\"height\":971,\"caption\":\"Marek Kuchci\u0144ski\"},\"image\":{\"@id\":\"https:\/\/marekkuchcinski.pl\/#\/schema\/logo\/image\/\"}},{\"@type\":\"Person\",\"@id\":\"https:\/\/marekkuchcinski.pl\/#\/schema\/person\/6f62700996b4d950b6ea2d1183b6c6be\",\"name\":\"admin\",\"image\":{\"@type\":\"ImageObject\",\"inLanguage\":\"en-GB\",\"@id\":\"https:\/\/marekkuchcinski.pl\/#\/schema\/person\/image\/\",\"url\":\"https:\/\/secure.gravatar.com\/avatar\/4bab693b9d55c3d6b52c0296a8765085?s=96&d=mm&r=g\",\"contentUrl\":\"https:\/\/secure.gravatar.com\/avatar\/4bab693b9d55c3d6b52c0296a8765085?s=96&d=mm&r=g\",\"caption\":\"admin\"},\"url\":\"https:\/\/marekkuchcinski.pl\/en\/author\/marta-olejnik\/\"}]}<\/script>\n<!-- \/ Yoast SEO plugin. -->","yoast_head_json":{"title":"Obchody 100. rocznicy \u015bmierci p\u0142k. Leopolda Lisa-Kuli &#8211; Marek Kuchci\u0144ski","robots":{"index":"index","follow":"follow","max-snippet":"max-snippet:-1","max-image-preview":"max-image-preview:large","max-video-preview":"max-video-preview:-1"},"canonical":"https:\/\/marekkuchcinski.pl\/en\/bez-kategorii\/lms\/obchody-100-rocznicy-smierci-plk-leopolda-lisa-kuli\/","og_locale":"en_GB","og_type":"article","og_title":"Obchody 100. rocznicy \u015bmierci p\u0142k. Leopolda Lisa-Kuli &#8211; Marek Kuchci\u0144ski","og_description":"Pan insp. ZS Marek Matu\u0142a Komendant Komendy G\u0142\u00f3wnej Z.S. \u201eStrzelec\u201d JP Pan insp. ZS Marek Str\u0105czek Dow\u00f3dca P\u0142d.-Wsch. Okr\u0119gu Z.S. \u201eStrzelec\u201d JP \u00a0 Szanowni Pa\u0144stwo, &nbsp; serdecznie dzi\u0119kuj\u0119 za zaproszenie na obchody 100. rocznicy \u015bmierci p\u0142k. Leopolda Lisa-Kuli. Nie mog\u0105c wzi\u0105\u0107 udzia\u0142u w uroczysto\u015bciach, t\u0105 drog\u0105 chcia\u0142bym przekaza\u0107 wyrazy wdzi\u0119czno\u015bci za kultywowanie wolno\u015bciowej tradycji oraz [&hellip;]","og_url":"https:\/\/marekkuchcinski.pl\/en\/bez-kategorii\/lms\/obchody-100-rocznicy-smierci-plk-leopolda-lisa-kuli\/","og_site_name":"Marek Kuchci\u0144ski","article_published_time":"2019-03-07T14:00:04+00:00","article_modified_time":"2019-03-08T12:29:52+00:00","og_image":[{"width":2048,"height":1955,"url":"https:\/\/marekkuchcinski.pl\/wp-content\/uploads\/2019\/03\/DSCF6504-5.jpg","type":"image\/jpeg"}],"author":"admin","twitter_card":"summary_large_image","twitter_misc":{"Written by":"admin","Estimated reading time":"1 minute"},"schema":{"@context":"https:\/\/schema.org","@graph":[{"@type":"Article","@id":"https:\/\/marekkuchcinski.pl\/uk\/bez-kategorii\/lms\/obchody-100-rocznicy-smierci-plk-leopolda-lisa-kuli\/#article","isPartOf":{"@id":"https:\/\/marekkuchcinski.pl\/uk\/bez-kategorii\/lms\/obchody-100-rocznicy-smierci-plk-leopolda-lisa-kuli\/"},"author":{"name":"admin","@id":"https:\/\/marekkuchcinski.pl\/#\/schema\/person\/6f62700996b4d950b6ea2d1183b6c6be"},"headline":"Obchody 100. rocznicy \u015bmierci p\u0142k. Leopolda Lisa-Kuli","datePublished":"2019-03-07T14:00:04+00:00","dateModified":"2019-03-08T12:29:52+00:00","mainEntityOfPage":{"@id":"https:\/\/marekkuchcinski.pl\/uk\/bez-kategorii\/lms\/obchody-100-rocznicy-smierci-plk-leopolda-lisa-kuli\/"},"wordCount":290,"commentCount":0,"publisher":{"@id":"https:\/\/marekkuchcinski.pl\/#organization"},"image":{"@id":"https:\/\/marekkuchcinski.pl\/uk\/bez-kategorii\/lms\/obchody-100-rocznicy-smierci-plk-leopolda-lisa-kuli\/#primaryimage"},"thumbnailUrl":"https:\/\/marekkuchcinski.pl\/wp-content\/uploads\/2019\/03\/DSCF6504-5.jpg","articleSection":["Listy Marsza\u0142ka Sejmu"],"inLanguage":"en-GB","potentialAction":[{"@type":"CommentAction","name":"Comment","target":["https:\/\/marekkuchcinski.pl\/uk\/bez-kategorii\/lms\/obchody-100-rocznicy-smierci-plk-leopolda-lisa-kuli\/#respond"]}]},{"@type":"WebPage","@id":"https:\/\/marekkuchcinski.pl\/uk\/bez-kategorii\/lms\/obchody-100-rocznicy-smierci-plk-leopolda-lisa-kuli\/","url":"https:\/\/marekkuchcinski.pl\/uk\/bez-kategorii\/lms\/obchody-100-rocznicy-smierci-plk-leopolda-lisa-kuli\/","name":"Obchody 100. rocznicy \u015bmierci p\u0142k. Leopolda Lisa-Kuli &#8211; Marek Kuchci\u0144ski","isPartOf":{"@id":"https:\/\/marekkuchcinski.pl\/#website"},"primaryImageOfPage":{"@id":"https:\/\/marekkuchcinski.pl\/uk\/bez-kategorii\/lms\/obchody-100-rocznicy-smierci-plk-leopolda-lisa-kuli\/#primaryimage"},"image":{"@id":"https:\/\/marekkuchcinski.pl\/uk\/bez-kategorii\/lms\/obchody-100-rocznicy-smierci-plk-leopolda-lisa-kuli\/#primaryimage"},"thumbnailUrl":"https:\/\/marekkuchcinski.pl\/wp-content\/uploads\/2019\/03\/DSCF6504-5.jpg","datePublished":"2019-03-07T14:00:04+00:00","dateModified":"2019-03-08T12:29:52+00:00","breadcrumb":{"@id":"https:\/\/marekkuchcinski.pl\/uk\/bez-kategorii\/lms\/obchody-100-rocznicy-smierci-plk-leopolda-lisa-kuli\/#breadcrumb"},"inLanguage":"en-GB","potentialAction":[{"@type":"ReadAction","target":["https:\/\/marekkuchcinski.pl\/uk\/bez-kategorii\/lms\/obchody-100-rocznicy-smierci-plk-leopolda-lisa-kuli\/"]}]},{"@type":"ImageObject","inLanguage":"en-GB","@id":"https:\/\/marekkuchcinski.pl\/uk\/bez-kategorii\/lms\/obchody-100-rocznicy-smierci-plk-leopolda-lisa-kuli\/#primaryimage","url":"https:\/\/marekkuchcinski.pl\/wp-content\/uploads\/2019\/03\/DSCF6504-5.jpg","contentUrl":"https:\/\/marekkuchcinski.pl\/wp-content\/uploads\/2019\/03\/DSCF6504-5.jpg","width":2048,"height":1955},{"@type":"BreadcrumbList","@id":"https:\/\/marekkuchcinski.pl\/uk\/bez-kategorii\/lms\/obchody-100-rocznicy-smierci-plk-leopolda-lisa-kuli\/#breadcrumb","itemListElement":[{"@type":"ListItem","position":1,"name":"Strona g\u0142\u00f3wna","item":"https:\/\/marekkuchcinski.pl\/"},{"@type":"ListItem","position":2,"name":"Obchody 100. rocznicy \u015bmierci p\u0142k. Leopolda Lisa-Kuli"}]},{"@type":"WebSite","@id":"https:\/\/marekkuchcinski.pl\/#website","url":"https:\/\/marekkuchcinski.pl\/","name":"Marek Kuchci\u0144ski","description":"Pose\u0142 na sejm RP &ndash; okr\u0119g nr 22","publisher":{"@id":"https:\/\/marekkuchcinski.pl\/#organization"},"potentialAction":[{"@type":"SearchAction","target":{"@type":"EntryPoint","urlTemplate":"https:\/\/marekkuchcinski.pl\/?s={search_term_string}"},"query-input":{"@type":"PropertyValueSpecification","valueRequired":true,"valueName":"search_term_string"}}],"inLanguage":"en-GB"},{"@type":"Organization","@id":"https:\/\/marekkuchcinski.pl\/#organization","name":"Marek Kuchci\u0144ski","url":"https:\/\/marekkuchcinski.pl\/","logo":{"@type":"ImageObject","inLanguage":"en-GB","@id":"https:\/\/marekkuchcinski.pl\/#\/schema\/logo\/image\/","url":"https:\/\/marekkuchcinski.pl\/wp-content\/uploads\/2022\/09\/Marek.jpg","contentUrl":"https:\/\/marekkuchcinski.pl\/wp-content\/uploads\/2022\/09\/Marek.jpg","width":1600,"height":971,"caption":"Marek Kuchci\u0144ski"},"image":{"@id":"https:\/\/marekkuchcinski.pl\/#\/schema\/logo\/image\/"}},{"@type":"Person","@id":"https:\/\/marekkuchcinski.pl\/#\/schema\/person\/6f62700996b4d950b6ea2d1183b6c6be","name":"admin","image":{"@type":"ImageObject","inLanguage":"en-GB","@id":"https:\/\/marekkuchcinski.pl\/#\/schema\/person\/image\/","url":"https:\/\/secure.gravatar.com\/avatar\/4bab693b9d55c3d6b52c0296a8765085?s=96&d=mm&r=g","contentUrl":"https:\/\/secure.gravatar.com\/avatar\/4bab693b9d55c3d6b52c0296a8765085?s=96&d=mm&r=g","caption":"admin"},"url":"https:\/\/marekkuchcinski.pl\/en\/author\/marta-olejnik\/"}]}},"_links":{"self":[{"href":"https:\/\/marekkuchcinski.pl\/en\/wp-json\/wp\/v2\/posts\/13489","targetHints":{"allow":["GET"]}}],"collection":[{"href":"https:\/\/marekkuchcinski.pl\/en\/wp-json\/wp\/v2\/posts"}],"about":[{"href":"https:\/\/marekkuchcinski.pl\/en\/wp-json\/wp\/v2\/types\/post"}],"author":[{"embeddable":true,"href":"https:\/\/marekkuchcinski.pl\/en\/wp-json\/wp\/v2\/users\/6"}],"replies":[{"embeddable":true,"href":"https:\/\/marekkuchcinski.pl\/en\/wp-json\/wp\/v2\/comments?post=13489"}],"version-history":[{"count":8,"href":"https:\/\/marekkuchcinski.pl\/en\/wp-json\/wp\/v2\/posts\/13489\/revisions"}],"predecessor-version":[{"id":13507,"href":"https:\/\/marekkuchcinski.pl\/en\/wp-json\/wp\/v2\/posts\/13489\/revisions\/13507"}],"wp:featuredmedia":[{"embeddable":true,"href":"https:\/\/marekkuchcinski.pl\/en\/wp-json\/wp\/v2\/media\/13506"}],"wp:attachment":[{"href":"https:\/\/marekkuchcinski.pl\/en\/wp-json\/wp\/v2\/media?parent=13489"}],"wp:term":[{"taxonomy":"category","embeddable":true,"href":"https:\/\/marekkuchcinski.pl\/en\/wp-json\/wp\/v2\/categories?post=13489"},{"taxonomy":"post_tag","embeddable":true,"href":"https:\/\/marekkuchcinski.pl\/en\/wp-json\/wp\/v2\/tags?post=13489"}],"curies":[{"name":"wp","href":"https:\/\/api.w.org\/{rel}","templated":true}]}}