{"id":13483,"date":"2019-03-07T13:09:20","date_gmt":"2019-03-07T12:09:20","guid":{"rendered":"https:\/\/marekkuchcinski.pl\/?p=13483"},"modified":"2019-04-19T14:15:59","modified_gmt":"2019-04-19T12:15:59","slug":"77-mln-zl-usuwanie-skutkow-klesk-zywiolowych-osuwisk-podkarpaciu","status":"publish","type":"post","link":"https:\/\/marekkuchcinski.pl\/en\/prawo-i-sprawiedliwosc\/77-mln-zl-usuwanie-skutkow-klesk-zywiolowych-osuwisk-podkarpaciu\/","title":{"rendered":"PLN 77 million for removing the effects of natural disasters and landslides in the Podkarpacie region"},"content":{"rendered":"<div class=\"preface\" data-role=\"preface\">\n<div class=\"col-md-5 col-sm-12 no-gutter\">\n<p><strong>PLN 77 million will go to local governments of the Podkarpacie region. In Rzesz\u00f3w, the Deputy Minister of Internal Affairs and Administration, Jaros\u0142aw Zieli\u0144ski, handed out promissory notes for the implementation of tasks related to removing the effects of natural disasters and landslide movements.<\/strong><\/p>\n<\/div>\n<\/div>\n<div class=\"col-sm-12 no-gutter\">\n<div class=\"entry-content\">\n<p><em>- The Podkarpackie Province receives almost PLN 77 million, including PLN 56 million for reconstruction of roads, culverts, bridges and over PLN 20 million for stabilization of landslides<\/em>&nbsp;- said Jaros\u0142aw Zieli\u0144ski, Secretary of State at the Ministry of Interior and Administration, during a ceremony at the Podkarpackie Voivodeship Office in Rzesz\u00f3w.  The Deputy Minister emphasized that the state's support of local governments' activities is extremely important in terms of improving the quality of life of the inhabitants. He also thanked starosts, mayors and village heads for the efficient preparation of the applications. Podkarpackie voivode Ewa Leniart added that thanks to the promises that have been awarded in recent years Podkarpackie has managed to repair over 673 km of municipal and district roads and 218 culverts and bridge structures.<\/p>\n<p>During the ceremony promises were received by representatives of 58 local government units, including 46 gminas and 12 powiats. The funding will be allocated for the implementation of 183 tasks.<\/p>\n<p>The event was attended by Subcarpathian MPs Krystyna Wr\u00f3blewska, Halina Szyde\u0142ko, Bogdan Rzo\u0144ca, Zbigniew Chmielowiec and Andrzej Szlachta, Subcarpathian Deputy Marshal Piotr Pilch and representatives of Subcarpathian communes and districts.<\/p>\n<p><strong>A letter to the participants was addressed by the Speaker of the Sejm Marek Kuchci\u0144ski, who expressed his conviction that thanks to the grants awarded, the infrastructure damaged by natural disasters will be rebuilt and restored. \"I trust that these activities will serve the local community well,\" wrote the Speaker.<\/strong><\/p>\n<p><a href=\"https:\/\/marekkuchcinski.pl\/wp-content\/uploads\/2019\/03\/promesy.pdf\">LIST <\/a><\/p>\n<p>The allocated funds, coming from the specific reserve of the state budget, will be used for:<\/p>\n<ol>\n<li>Subsidy for the implementation of tasks related to repair and reconstruction of infrastructure damaged as a result of events bearing the hallmarks of a natural disaster.<\/li>\n<\/ol>\n<p>Promissory notes were awarded to&nbsp;<strong>43 local government units (including 5 powiats and 38 gminas) for the amount of<\/strong><strong>&nbsp;over PLN 56 million.&nbsp;<\/strong>With the above funds, the units plan, among other things, to rebuild, renovate over&nbsp;<strong>97 km&nbsp;<\/strong>roads and&nbsp;<strong>25&nbsp;<\/strong>bridges and culverts.<\/p>\n<p>2. co-financing of own tasks consisting in reconstruction of public infrastructure destroyed by landslide movements.<\/p>\n<p>Promissory notes were awarded to&nbsp;<strong>17 local government units (including 8 powiats and 9 gminas) for the amount of over PLN 20.5 million.&nbsp;<\/strong>The funds will allow for financing of all the tasks submitted by local governments for implementation this year, i.e. to be implemented this year, i.e.&nbsp;<strong>14 documentation<\/strong>&nbsp;and execution&nbsp;<strong>12 appropriate safety work<\/strong><strong>landslides.<\/strong><\/p>\n<p>Total in years&nbsp;<strong>2016-2018<\/strong>&nbsp;The Minister of Internal Affairs and Administration, at the request of the Podkarpackie Governor, has provided local government units with targeted subsidies from the state budget for removing the effects of natural disasters and landslide movements in the total amount of&nbsp;<strong>over 270<\/strong><strong>PLN million for the implementation of 970 tasks.<\/strong><\/p>\n<p>Under these measures, in particular:<\/p>\n<ul>\n<li>renovated, rebuilt, or reconstructed:<\/li>\n<li>over&nbsp;<strong>673 km<\/strong>&nbsp;municipal and county roads,<\/li>\n<li><strong>218<\/strong>&nbsp;culverts and bridge structures on municipal and county roads,<\/li>\n<li>The study was financed&nbsp;<strong>55<\/strong>&nbsp;geological and engineering documentation and construction designs,<\/li>\n<li>Funded by&nbsp;<strong>29<\/strong>&nbsp;appropriate works to protect landslide-prone areas.<\/li>\n<\/ul>\n<p>&nbsp;<\/p>\n<\/div>\n<p><em>Source: Podkarpackie Voivodeship Office in Rzesz\u00f3w<\/em><\/p>\n<\/div>\n\n\n<figure class=\"wp-block-image\"><img fetchpriority=\"high\" decoding=\"async\" width=\"1024\" height=\"719\" src=\"https:\/\/marekkuchcinski.pl\/wp-content\/uploads\/2019\/04\/kzyw-1024x719.jpg\" alt=\"\" class=\"wp-image-14980\" srcset=\"https:\/\/marekkuchcinski.pl\/wp-content\/uploads\/2019\/04\/kzyw-1024x719.jpg 1024w, https:\/\/marekkuchcinski.pl\/wp-content\/uploads\/2019\/04\/kzyw-300x211.jpg 300w, https:\/\/marekkuchcinski.pl\/wp-content\/uploads\/2019\/04\/kzyw-768x539.jpg 768w, https:\/\/marekkuchcinski.pl\/wp-content\/uploads\/2019\/04\/kzyw.jpg 2048w\" sizes=\"(max-width: 1024px) 100vw, 1024px\" \/><\/figure>","protected":false},"excerpt":{"rendered":"<p>Do podkarpackich samorz\u0105d\u00f3w trafi 77 mln z\u0142. Wiceminister spraw wewn\u0119trznych i administracji Jaros\u0142aw Zieli\u0144ski wr\u0119czy\u0142 w Rzeszowie promesy na realizacj\u0119 zada\u0144 z zakresu usuwania skutk\u00f3w kl\u0119sk \u017cywio\u0142owych oraz ruch\u00f3w osuwiskowych ziemi. \u2013 Wojew\u00f3dztwo podkarpackie otrzymuje prawie 77 mln z\u0142 \u2013 z czego 56 mln z\u0142 na odbudow\u0119 dr\u00f3g, przepust\u00f3w, most\u00f3w i ponad 20 mln z\u0142 [&hellip;]<\/p>","protected":false},"author":6,"featured_media":13488,"comment_status":"open","ping_status":"open","sticky":false,"template":"","format":"standard","meta":{"ngg_post_thumbnail":0,"footnotes":""},"categories":[104,49,82,3],"tags":[],"class_list":["post-13483","post","type-post","status-publish","format-standard","has-post-thumbnail","hentry","category-lms","category-podkarpacie","category-prawo-i-sprawiedliwosc","category-wydarzenia"],"yoast_head":"<!-- This site is optimized with the Yoast SEO plugin v24.7 - https:\/\/yoast.com\/wordpress\/plugins\/seo\/ -->\n<title>77 mln z\u0142 na usuwanie skutk\u00f3w kl\u0119sk \u017cywio\u0142owych i osuwisk na Podkarpaciu &#8211; Marek Kuchci\u0144ski<\/title>\n<meta name=\"robots\" content=\"index, follow, max-snippet:-1, max-image-preview:large, max-video-preview:-1\" \/>\n<link rel=\"canonical\" href=\"https:\/\/marekkuchcinski.pl\/en\/prawo-i-sprawiedliwosc\/77-mln-zl-usuwanie-skutkow-klesk-zywiolowych-osuwisk-podkarpaciu\/\" \/>\n<meta property=\"og:locale\" content=\"en_GB\" \/>\n<meta property=\"og:type\" content=\"article\" \/>\n<meta property=\"og:title\" content=\"77 mln z\u0142 na usuwanie skutk\u00f3w kl\u0119sk \u017cywio\u0142owych i osuwisk na Podkarpaciu &#8211; Marek Kuchci\u0144ski\" \/>\n<meta property=\"og:description\" content=\"Do podkarpackich samorz\u0105d\u00f3w trafi 77 mln z\u0142. Wiceminister spraw wewn\u0119trznych i administracji Jaros\u0142aw Zieli\u0144ski wr\u0119czy\u0142 w Rzeszowie promesy na realizacj\u0119 zada\u0144 z zakresu usuwania skutk\u00f3w kl\u0119sk \u017cywio\u0142owych oraz ruch\u00f3w osuwiskowych ziemi. \u2013 Wojew\u00f3dztwo podkarpackie otrzymuje prawie 77 mln z\u0142 \u2013 z czego 56 mln z\u0142 na odbudow\u0119 dr\u00f3g, przepust\u00f3w, most\u00f3w i ponad 20 mln z\u0142 [&hellip;]\" \/>\n<meta property=\"og:url\" content=\"https:\/\/marekkuchcinski.pl\/en\/prawo-i-sprawiedliwosc\/77-mln-zl-usuwanie-skutkow-klesk-zywiolowych-osuwisk-podkarpaciu\/\" \/>\n<meta property=\"og:site_name\" content=\"Marek Kuchci\u0144ski\" \/>\n<meta property=\"article:published_time\" content=\"2019-03-07T12:09:20+00:00\" \/>\n<meta property=\"article:modified_time\" content=\"2019-04-19T12:15:59+00:00\" \/>\n<meta property=\"og:image\" content=\"https:\/\/marekkuchcinski.pl\/wp-content\/uploads\/2019\/03\/kzyw.jpg\" \/>\n\t<meta property=\"og:image:width\" content=\"2048\" \/>\n\t<meta property=\"og:image:height\" content=\"1438\" \/>\n\t<meta property=\"og:image:type\" content=\"image\/jpeg\" \/>\n<meta name=\"author\" content=\"admin\" \/>\n<meta name=\"twitter:card\" content=\"summary_large_image\" \/>\n<meta name=\"twitter:label1\" content=\"Written by\" \/>\n\t<meta name=\"twitter:data1\" content=\"admin\" \/>\n\t<meta name=\"twitter:label2\" content=\"Estimated reading time\" \/>\n\t<meta name=\"twitter:data2\" content=\"3 minutes\" \/>\n<script type=\"application\/ld+json\" class=\"yoast-schema-graph\">{\"@context\":\"https:\/\/schema.org\",\"@graph\":[{\"@type\":\"Article\",\"@id\":\"https:\/\/marekkuchcinski.pl\/prawo-i-sprawiedliwosc\/77-mln-zl-usuwanie-skutkow-klesk-zywiolowych-osuwisk-podkarpaciu\/#article\",\"isPartOf\":{\"@id\":\"https:\/\/marekkuchcinski.pl\/prawo-i-sprawiedliwosc\/77-mln-zl-usuwanie-skutkow-klesk-zywiolowych-osuwisk-podkarpaciu\/\"},\"author\":{\"name\":\"admin\",\"@id\":\"https:\/\/marekkuchcinski.pl\/#\/schema\/person\/6f62700996b4d950b6ea2d1183b6c6be\"},\"headline\":\"77 mln z\u0142 na usuwanie skutk\u00f3w kl\u0119sk \u017cywio\u0142owych i osuwisk na Podkarpaciu\",\"datePublished\":\"2019-03-07T12:09:20+00:00\",\"dateModified\":\"2019-04-19T12:15:59+00:00\",\"mainEntityOfPage\":{\"@id\":\"https:\/\/marekkuchcinski.pl\/prawo-i-sprawiedliwosc\/77-mln-zl-usuwanie-skutkow-klesk-zywiolowych-osuwisk-podkarpaciu\/\"},\"wordCount\":566,\"commentCount\":0,\"publisher\":{\"@id\":\"https:\/\/marekkuchcinski.pl\/#organization\"},\"image\":{\"@id\":\"https:\/\/marekkuchcinski.pl\/prawo-i-sprawiedliwosc\/77-mln-zl-usuwanie-skutkow-klesk-zywiolowych-osuwisk-podkarpaciu\/#primaryimage\"},\"thumbnailUrl\":\"https:\/\/marekkuchcinski.pl\/wp-content\/uploads\/2019\/03\/kzyw.jpg\",\"articleSection\":[\"Listy Marsza\u0142ka Sejmu\",\"Podkarpacie\",\"Prawo i Sprawiedliwo\u015b\u0107\",\"Wydarzenia\"],\"inLanguage\":\"en-GB\",\"potentialAction\":[{\"@type\":\"CommentAction\",\"name\":\"Comment\",\"target\":[\"https:\/\/marekkuchcinski.pl\/prawo-i-sprawiedliwosc\/77-mln-zl-usuwanie-skutkow-klesk-zywiolowych-osuwisk-podkarpaciu\/#respond\"]}]},{\"@type\":\"WebPage\",\"@id\":\"https:\/\/marekkuchcinski.pl\/prawo-i-sprawiedliwosc\/77-mln-zl-usuwanie-skutkow-klesk-zywiolowych-osuwisk-podkarpaciu\/\",\"url\":\"https:\/\/marekkuchcinski.pl\/prawo-i-sprawiedliwosc\/77-mln-zl-usuwanie-skutkow-klesk-zywiolowych-osuwisk-podkarpaciu\/\",\"name\":\"77 mln z\u0142 na usuwanie skutk\u00f3w kl\u0119sk \u017cywio\u0142owych i osuwisk na Podkarpaciu &#8211; Marek Kuchci\u0144ski\",\"isPartOf\":{\"@id\":\"https:\/\/marekkuchcinski.pl\/#website\"},\"primaryImageOfPage\":{\"@id\":\"https:\/\/marekkuchcinski.pl\/prawo-i-sprawiedliwosc\/77-mln-zl-usuwanie-skutkow-klesk-zywiolowych-osuwisk-podkarpaciu\/#primaryimage\"},\"image\":{\"@id\":\"https:\/\/marekkuchcinski.pl\/prawo-i-sprawiedliwosc\/77-mln-zl-usuwanie-skutkow-klesk-zywiolowych-osuwisk-podkarpaciu\/#primaryimage\"},\"thumbnailUrl\":\"https:\/\/marekkuchcinski.pl\/wp-content\/uploads\/2019\/03\/kzyw.jpg\",\"datePublished\":\"2019-03-07T12:09:20+00:00\",\"dateModified\":\"2019-04-19T12:15:59+00:00\",\"breadcrumb\":{\"@id\":\"https:\/\/marekkuchcinski.pl\/prawo-i-sprawiedliwosc\/77-mln-zl-usuwanie-skutkow-klesk-zywiolowych-osuwisk-podkarpaciu\/#breadcrumb\"},\"inLanguage\":\"en-GB\",\"potentialAction\":[{\"@type\":\"ReadAction\",\"target\":[\"https:\/\/marekkuchcinski.pl\/prawo-i-sprawiedliwosc\/77-mln-zl-usuwanie-skutkow-klesk-zywiolowych-osuwisk-podkarpaciu\/\"]}]},{\"@type\":\"ImageObject\",\"inLanguage\":\"en-GB\",\"@id\":\"https:\/\/marekkuchcinski.pl\/prawo-i-sprawiedliwosc\/77-mln-zl-usuwanie-skutkow-klesk-zywiolowych-osuwisk-podkarpaciu\/#primaryimage\",\"url\":\"https:\/\/marekkuchcinski.pl\/wp-content\/uploads\/2019\/03\/kzyw.jpg\",\"contentUrl\":\"https:\/\/marekkuchcinski.pl\/wp-content\/uploads\/2019\/03\/kzyw.jpg\",\"width\":2048,\"height\":1438},{\"@type\":\"BreadcrumbList\",\"@id\":\"https:\/\/marekkuchcinski.pl\/prawo-i-sprawiedliwosc\/77-mln-zl-usuwanie-skutkow-klesk-zywiolowych-osuwisk-podkarpaciu\/#breadcrumb\",\"itemListElement\":[{\"@type\":\"ListItem\",\"position\":1,\"name\":\"Strona g\u0142\u00f3wna\",\"item\":\"https:\/\/marekkuchcinski.pl\/\"},{\"@type\":\"ListItem\",\"position\":2,\"name\":\"77 mln z\u0142 na usuwanie skutk\u00f3w kl\u0119sk \u017cywio\u0142owych i osuwisk na Podkarpaciu\"}]},{\"@type\":\"WebSite\",\"@id\":\"https:\/\/marekkuchcinski.pl\/#website\",\"url\":\"https:\/\/marekkuchcinski.pl\/\",\"name\":\"Marek Kuchci\u0144ski\",\"description\":\"Pose\u0142 na sejm RP &ndash; okr\u0119g nr 22\",\"publisher\":{\"@id\":\"https:\/\/marekkuchcinski.pl\/#organization\"},\"potentialAction\":[{\"@type\":\"SearchAction\",\"target\":{\"@type\":\"EntryPoint\",\"urlTemplate\":\"https:\/\/marekkuchcinski.pl\/?s={search_term_string}\"},\"query-input\":{\"@type\":\"PropertyValueSpecification\",\"valueRequired\":true,\"valueName\":\"search_term_string\"}}],\"inLanguage\":\"en-GB\"},{\"@type\":\"Organization\",\"@id\":\"https:\/\/marekkuchcinski.pl\/#organization\",\"name\":\"Marek Kuchci\u0144ski\",\"url\":\"https:\/\/marekkuchcinski.pl\/\",\"logo\":{\"@type\":\"ImageObject\",\"inLanguage\":\"en-GB\",\"@id\":\"https:\/\/marekkuchcinski.pl\/#\/schema\/logo\/image\/\",\"url\":\"https:\/\/marekkuchcinski.pl\/wp-content\/uploads\/2022\/09\/Marek.jpg\",\"contentUrl\":\"https:\/\/marekkuchcinski.pl\/wp-content\/uploads\/2022\/09\/Marek.jpg\",\"width\":1600,\"height\":971,\"caption\":\"Marek Kuchci\u0144ski\"},\"image\":{\"@id\":\"https:\/\/marekkuchcinski.pl\/#\/schema\/logo\/image\/\"}},{\"@type\":\"Person\",\"@id\":\"https:\/\/marekkuchcinski.pl\/#\/schema\/person\/6f62700996b4d950b6ea2d1183b6c6be\",\"name\":\"admin\",\"image\":{\"@type\":\"ImageObject\",\"inLanguage\":\"en-GB\",\"@id\":\"https:\/\/marekkuchcinski.pl\/#\/schema\/person\/image\/\",\"url\":\"https:\/\/secure.gravatar.com\/avatar\/4bab693b9d55c3d6b52c0296a8765085?s=96&d=mm&r=g\",\"contentUrl\":\"https:\/\/secure.gravatar.com\/avatar\/4bab693b9d55c3d6b52c0296a8765085?s=96&d=mm&r=g\",\"caption\":\"admin\"},\"url\":\"https:\/\/marekkuchcinski.pl\/en\/author\/marta-olejnik\/\"}]}<\/script>\n<!-- \/ Yoast SEO plugin. -->","yoast_head_json":{"title":"77 mln z\u0142 na usuwanie skutk\u00f3w kl\u0119sk \u017cywio\u0142owych i osuwisk na Podkarpaciu &#8211; Marek Kuchci\u0144ski","robots":{"index":"index","follow":"follow","max-snippet":"max-snippet:-1","max-image-preview":"max-image-preview:large","max-video-preview":"max-video-preview:-1"},"canonical":"https:\/\/marekkuchcinski.pl\/en\/prawo-i-sprawiedliwosc\/77-mln-zl-usuwanie-skutkow-klesk-zywiolowych-osuwisk-podkarpaciu\/","og_locale":"en_GB","og_type":"article","og_title":"77 mln z\u0142 na usuwanie skutk\u00f3w kl\u0119sk \u017cywio\u0142owych i osuwisk na Podkarpaciu &#8211; Marek Kuchci\u0144ski","og_description":"Do podkarpackich samorz\u0105d\u00f3w trafi 77 mln z\u0142. Wiceminister spraw wewn\u0119trznych i administracji Jaros\u0142aw Zieli\u0144ski wr\u0119czy\u0142 w Rzeszowie promesy na realizacj\u0119 zada\u0144 z zakresu usuwania skutk\u00f3w kl\u0119sk \u017cywio\u0142owych oraz ruch\u00f3w osuwiskowych ziemi. \u2013 Wojew\u00f3dztwo podkarpackie otrzymuje prawie 77 mln z\u0142 \u2013 z czego 56 mln z\u0142 na odbudow\u0119 dr\u00f3g, przepust\u00f3w, most\u00f3w i ponad 20 mln z\u0142 [&hellip;]","og_url":"https:\/\/marekkuchcinski.pl\/en\/prawo-i-sprawiedliwosc\/77-mln-zl-usuwanie-skutkow-klesk-zywiolowych-osuwisk-podkarpaciu\/","og_site_name":"Marek Kuchci\u0144ski","article_published_time":"2019-03-07T12:09:20+00:00","article_modified_time":"2019-04-19T12:15:59+00:00","og_image":[{"width":2048,"height":1438,"url":"https:\/\/marekkuchcinski.pl\/wp-content\/uploads\/2019\/03\/kzyw.jpg","type":"image\/jpeg"}],"author":"admin","twitter_card":"summary_large_image","twitter_misc":{"Written by":"admin","Estimated reading time":"3 minutes"},"schema":{"@context":"https:\/\/schema.org","@graph":[{"@type":"Article","@id":"https:\/\/marekkuchcinski.pl\/prawo-i-sprawiedliwosc\/77-mln-zl-usuwanie-skutkow-klesk-zywiolowych-osuwisk-podkarpaciu\/#article","isPartOf":{"@id":"https:\/\/marekkuchcinski.pl\/prawo-i-sprawiedliwosc\/77-mln-zl-usuwanie-skutkow-klesk-zywiolowych-osuwisk-podkarpaciu\/"},"author":{"name":"admin","@id":"https:\/\/marekkuchcinski.pl\/#\/schema\/person\/6f62700996b4d950b6ea2d1183b6c6be"},"headline":"77 mln z\u0142 na usuwanie skutk\u00f3w kl\u0119sk \u017cywio\u0142owych i osuwisk na Podkarpaciu","datePublished":"2019-03-07T12:09:20+00:00","dateModified":"2019-04-19T12:15:59+00:00","mainEntityOfPage":{"@id":"https:\/\/marekkuchcinski.pl\/prawo-i-sprawiedliwosc\/77-mln-zl-usuwanie-skutkow-klesk-zywiolowych-osuwisk-podkarpaciu\/"},"wordCount":566,"commentCount":0,"publisher":{"@id":"https:\/\/marekkuchcinski.pl\/#organization"},"image":{"@id":"https:\/\/marekkuchcinski.pl\/prawo-i-sprawiedliwosc\/77-mln-zl-usuwanie-skutkow-klesk-zywiolowych-osuwisk-podkarpaciu\/#primaryimage"},"thumbnailUrl":"https:\/\/marekkuchcinski.pl\/wp-content\/uploads\/2019\/03\/kzyw.jpg","articleSection":["Listy Marsza\u0142ka Sejmu","Podkarpacie","Prawo i Sprawiedliwo\u015b\u0107","Wydarzenia"],"inLanguage":"en-GB","potentialAction":[{"@type":"CommentAction","name":"Comment","target":["https:\/\/marekkuchcinski.pl\/prawo-i-sprawiedliwosc\/77-mln-zl-usuwanie-skutkow-klesk-zywiolowych-osuwisk-podkarpaciu\/#respond"]}]},{"@type":"WebPage","@id":"https:\/\/marekkuchcinski.pl\/prawo-i-sprawiedliwosc\/77-mln-zl-usuwanie-skutkow-klesk-zywiolowych-osuwisk-podkarpaciu\/","url":"https:\/\/marekkuchcinski.pl\/prawo-i-sprawiedliwosc\/77-mln-zl-usuwanie-skutkow-klesk-zywiolowych-osuwisk-podkarpaciu\/","name":"77 mln z\u0142 na usuwanie skutk\u00f3w kl\u0119sk \u017cywio\u0142owych i osuwisk na Podkarpaciu &#8211; Marek Kuchci\u0144ski","isPartOf":{"@id":"https:\/\/marekkuchcinski.pl\/#website"},"primaryImageOfPage":{"@id":"https:\/\/marekkuchcinski.pl\/prawo-i-sprawiedliwosc\/77-mln-zl-usuwanie-skutkow-klesk-zywiolowych-osuwisk-podkarpaciu\/#primaryimage"},"image":{"@id":"https:\/\/marekkuchcinski.pl\/prawo-i-sprawiedliwosc\/77-mln-zl-usuwanie-skutkow-klesk-zywiolowych-osuwisk-podkarpaciu\/#primaryimage"},"thumbnailUrl":"https:\/\/marekkuchcinski.pl\/wp-content\/uploads\/2019\/03\/kzyw.jpg","datePublished":"2019-03-07T12:09:20+00:00","dateModified":"2019-04-19T12:15:59+00:00","breadcrumb":{"@id":"https:\/\/marekkuchcinski.pl\/prawo-i-sprawiedliwosc\/77-mln-zl-usuwanie-skutkow-klesk-zywiolowych-osuwisk-podkarpaciu\/#breadcrumb"},"inLanguage":"en-GB","potentialAction":[{"@type":"ReadAction","target":["https:\/\/marekkuchcinski.pl\/prawo-i-sprawiedliwosc\/77-mln-zl-usuwanie-skutkow-klesk-zywiolowych-osuwisk-podkarpaciu\/"]}]},{"@type":"ImageObject","inLanguage":"en-GB","@id":"https:\/\/marekkuchcinski.pl\/prawo-i-sprawiedliwosc\/77-mln-zl-usuwanie-skutkow-klesk-zywiolowych-osuwisk-podkarpaciu\/#primaryimage","url":"https:\/\/marekkuchcinski.pl\/wp-content\/uploads\/2019\/03\/kzyw.jpg","contentUrl":"https:\/\/marekkuchcinski.pl\/wp-content\/uploads\/2019\/03\/kzyw.jpg","width":2048,"height":1438},{"@type":"BreadcrumbList","@id":"https:\/\/marekkuchcinski.pl\/prawo-i-sprawiedliwosc\/77-mln-zl-usuwanie-skutkow-klesk-zywiolowych-osuwisk-podkarpaciu\/#breadcrumb","itemListElement":[{"@type":"ListItem","position":1,"name":"Strona g\u0142\u00f3wna","item":"https:\/\/marekkuchcinski.pl\/"},{"@type":"ListItem","position":2,"name":"77 mln z\u0142 na usuwanie skutk\u00f3w kl\u0119sk \u017cywio\u0142owych i osuwisk na Podkarpaciu"}]},{"@type":"WebSite","@id":"https:\/\/marekkuchcinski.pl\/#website","url":"https:\/\/marekkuchcinski.pl\/","name":"Marek Kuchci\u0144ski","description":"Pose\u0142 na sejm RP &ndash; okr\u0119g nr 22","publisher":{"@id":"https:\/\/marekkuchcinski.pl\/#organization"},"potentialAction":[{"@type":"SearchAction","target":{"@type":"EntryPoint","urlTemplate":"https:\/\/marekkuchcinski.pl\/?s={search_term_string}"},"query-input":{"@type":"PropertyValueSpecification","valueRequired":true,"valueName":"search_term_string"}}],"inLanguage":"en-GB"},{"@type":"Organization","@id":"https:\/\/marekkuchcinski.pl\/#organization","name":"Marek Kuchci\u0144ski","url":"https:\/\/marekkuchcinski.pl\/","logo":{"@type":"ImageObject","inLanguage":"en-GB","@id":"https:\/\/marekkuchcinski.pl\/#\/schema\/logo\/image\/","url":"https:\/\/marekkuchcinski.pl\/wp-content\/uploads\/2022\/09\/Marek.jpg","contentUrl":"https:\/\/marekkuchcinski.pl\/wp-content\/uploads\/2022\/09\/Marek.jpg","width":1600,"height":971,"caption":"Marek Kuchci\u0144ski"},"image":{"@id":"https:\/\/marekkuchcinski.pl\/#\/schema\/logo\/image\/"}},{"@type":"Person","@id":"https:\/\/marekkuchcinski.pl\/#\/schema\/person\/6f62700996b4d950b6ea2d1183b6c6be","name":"admin","image":{"@type":"ImageObject","inLanguage":"en-GB","@id":"https:\/\/marekkuchcinski.pl\/#\/schema\/person\/image\/","url":"https:\/\/secure.gravatar.com\/avatar\/4bab693b9d55c3d6b52c0296a8765085?s=96&d=mm&r=g","contentUrl":"https:\/\/secure.gravatar.com\/avatar\/4bab693b9d55c3d6b52c0296a8765085?s=96&d=mm&r=g","caption":"admin"},"url":"https:\/\/marekkuchcinski.pl\/en\/author\/marta-olejnik\/"}]}},"_links":{"self":[{"href":"https:\/\/marekkuchcinski.pl\/en\/wp-json\/wp\/v2\/posts\/13483","targetHints":{"allow":["GET"]}}],"collection":[{"href":"https:\/\/marekkuchcinski.pl\/en\/wp-json\/wp\/v2\/posts"}],"about":[{"href":"https:\/\/marekkuchcinski.pl\/en\/wp-json\/wp\/v2\/types\/post"}],"author":[{"embeddable":true,"href":"https:\/\/marekkuchcinski.pl\/en\/wp-json\/wp\/v2\/users\/6"}],"replies":[{"embeddable":true,"href":"https:\/\/marekkuchcinski.pl\/en\/wp-json\/wp\/v2\/comments?post=13483"}],"version-history":[{"count":4,"href":"https:\/\/marekkuchcinski.pl\/en\/wp-json\/wp\/v2\/posts\/13483\/revisions"}],"predecessor-version":[{"id":14981,"href":"https:\/\/marekkuchcinski.pl\/en\/wp-json\/wp\/v2\/posts\/13483\/revisions\/14981"}],"wp:featuredmedia":[{"embeddable":true,"href":"https:\/\/marekkuchcinski.pl\/en\/wp-json\/wp\/v2\/media\/13488"}],"wp:attachment":[{"href":"https:\/\/marekkuchcinski.pl\/en\/wp-json\/wp\/v2\/media?parent=13483"}],"wp:term":[{"taxonomy":"category","embeddable":true,"href":"https:\/\/marekkuchcinski.pl\/en\/wp-json\/wp\/v2\/categories?post=13483"},{"taxonomy":"post_tag","embeddable":true,"href":"https:\/\/marekkuchcinski.pl\/en\/wp-json\/wp\/v2\/tags?post=13483"}],"curies":[{"name":"wp","href":"https:\/\/api.w.org\/{rel}","templated":true}]}}