{"id":13481,"date":"2019-03-05T19:00:13","date_gmt":"2019-03-05T18:00:13","guid":{"rendered":"https:\/\/marekkuchcinski.pl\/?p=13481"},"modified":"2019-03-05T13:59:21","modified_gmt":"2019-03-05T12:59:21","slug":"rocznicowa-msza-swieta-katynska","status":"publish","type":"post","link":"https:\/\/marekkuchcinski.pl\/en\/bez-kategorii\/lms\/rocznicowa-msza-swieta-katynska\/","title":{"rendered":"Katy\u0144 Anniversary Mass"},"content":{"rendered":"<p><strong>Mr. <\/strong><\/p>\n<p><strong>Andrzej Melak<\/strong><\/p>\n<p><strong>Member of the Polish Parliament<\/strong><\/p>\n<p><strong>\u00a0<\/strong><\/p>\n<p><strong>\u00a0\u00a0\u00a0\u00a0\u00a0\u00a0\u00a0\u00a0\u00a0\u00a0\u00a0 <\/strong>Dear Sir,<\/p>\n<p>&nbsp;<\/p>\n<p>The Basilica of the Holy Cross in Warsaw has become a place to soothe the pain and suffering of Polish families who lost their loved ones in a distant, foreign land. For many decades the communist authorities denied the truth and did not allow for a dignified farewell. In mass graves of Katyn, Kharkov, Tver, Mednoye, Bykivnia, Kuropat and other unknown places rested those who served their country with their knowledge or military devotion. Their death was a part of the Soviet plan of extermination of the intellectual elites of the Republic of Poland, annihilation of the Polish nation.<\/p>\n<p>As painful as this crime was the Katyn lie. The families fought for years for the truth, not letting themselves be intimidated by the security apparatus. Their courage and determination, dictated by the love for their nearest and dearest and respect for their Homeland, instilled historical knowledge in the common consciousness of Poles. They caused the erection of memorial monuments in the country, especially in the places of extermination.<\/p>\n<p>We owe homage and indelible memory to those murdered in the Katyn Forests. We also owe them the truth about genocide.<\/p>\n<p>Joining with the congregation in prayer, I bow low to the victims of the Soviet system.<\/p>\n<p>&nbsp;<\/p>\n<p>Marek Kuchci\u0144ski<\/p>","protected":false},"excerpt":{"rendered":"<p>Pan Andrzej Melak Pose\u0142 na Sejm RP \u00a0 \u00a0\u00a0\u00a0\u00a0\u00a0\u00a0\u00a0\u00a0\u00a0\u00a0\u00a0 Szanowny Panie Po\u015ble, &nbsp; Bazylika \u015aw. Krzy\u017ca w Warszawie sta\u0142a si\u0119 miejscem ukojenia b\u00f3lu i cierpienia polskich rodzin, kt\u00f3re na dalekiej, obcej ziemi stracili swoich najbli\u017cszych. Przez d\u0142ugie dekady komunistyczne w\u0142adze odmawia\u0142y prawdy, nie pozwala\u0142y r\u00f3wnie\u017c na godne po\u017cegnanie. W\u00a0zbiorowych mogi\u0142ach Katynia, Charkowa, Tweru, Miednoje, Bykowni, [&hellip;]<\/p>","protected":false},"author":6,"featured_media":0,"comment_status":"open","ping_status":"open","sticky":false,"template":"","format":"standard","meta":{"ngg_post_thumbnail":0,"footnotes":""},"categories":[104],"tags":[],"class_list":["post-13481","post","type-post","status-publish","format-standard","hentry","category-lms"],"yoast_head":"<!-- This site is optimized with the Yoast SEO plugin v24.7 - https:\/\/yoast.com\/wordpress\/plugins\/seo\/ -->\n<title>Rocznicowa Msza \u015awi\u0119ta Katy\u0144ska &#8211; Marek Kuchci\u0144ski<\/title>\n<meta name=\"robots\" content=\"index, follow, max-snippet:-1, max-image-preview:large, max-video-preview:-1\" \/>\n<link rel=\"canonical\" href=\"https:\/\/marekkuchcinski.pl\/en\/bez-kategorii\/lms\/rocznicowa-msza-swieta-katynska\/\" \/>\n<meta property=\"og:locale\" content=\"en_GB\" \/>\n<meta property=\"og:type\" content=\"article\" \/>\n<meta property=\"og:title\" content=\"Rocznicowa Msza \u015awi\u0119ta Katy\u0144ska &#8211; Marek Kuchci\u0144ski\" \/>\n<meta property=\"og:description\" content=\"Pan Andrzej Melak Pose\u0142 na Sejm RP \u00a0 \u00a0\u00a0\u00a0\u00a0\u00a0\u00a0\u00a0\u00a0\u00a0\u00a0\u00a0 Szanowny Panie Po\u015ble, &nbsp; Bazylika \u015aw. Krzy\u017ca w Warszawie sta\u0142a si\u0119 miejscem ukojenia b\u00f3lu i cierpienia polskich rodzin, kt\u00f3re na dalekiej, obcej ziemi stracili swoich najbli\u017cszych. Przez d\u0142ugie dekady komunistyczne w\u0142adze odmawia\u0142y prawdy, nie pozwala\u0142y r\u00f3wnie\u017c na godne po\u017cegnanie. W\u00a0zbiorowych mogi\u0142ach Katynia, Charkowa, Tweru, Miednoje, Bykowni, [&hellip;]\" \/>\n<meta property=\"og:url\" content=\"https:\/\/marekkuchcinski.pl\/en\/bez-kategorii\/lms\/rocznicowa-msza-swieta-katynska\/\" \/>\n<meta property=\"og:site_name\" content=\"Marek Kuchci\u0144ski\" \/>\n<meta property=\"article:published_time\" content=\"2019-03-05T18:00:13+00:00\" \/>\n<meta property=\"og:image\" content=\"https:\/\/marekkuchcinski.pl\/wp-content\/uploads\/2022\/09\/Marek.jpg\" \/>\n\t<meta property=\"og:image:width\" content=\"1600\" \/>\n\t<meta property=\"og:image:height\" content=\"971\" \/>\n\t<meta property=\"og:image:type\" content=\"image\/jpeg\" \/>\n<meta name=\"author\" content=\"admin\" \/>\n<meta name=\"twitter:card\" content=\"summary_large_image\" \/>\n<meta name=\"twitter:label1\" content=\"Written by\" \/>\n\t<meta name=\"twitter:data1\" content=\"admin\" \/>\n\t<meta name=\"twitter:label2\" content=\"Estimated reading time\" \/>\n\t<meta name=\"twitter:data2\" content=\"1 minute\" \/>\n<script type=\"application\/ld+json\" class=\"yoast-schema-graph\">{\"@context\":\"https:\/\/schema.org\",\"@graph\":[{\"@type\":\"Article\",\"@id\":\"https:\/\/marekkuchcinski.pl\/hu\/bez-kategorii\/lms\/rocznicowa-msza-swieta-katynska\/#article\",\"isPartOf\":{\"@id\":\"https:\/\/marekkuchcinski.pl\/hu\/bez-kategorii\/lms\/rocznicowa-msza-swieta-katynska\/\"},\"author\":{\"name\":\"admin\",\"@id\":\"https:\/\/marekkuchcinski.pl\/#\/schema\/person\/6f62700996b4d950b6ea2d1183b6c6be\"},\"headline\":\"Rocznicowa Msza \u015awi\u0119ta Katy\u0144ska\",\"datePublished\":\"2019-03-05T18:00:13+00:00\",\"mainEntityOfPage\":{\"@id\":\"https:\/\/marekkuchcinski.pl\/hu\/bez-kategorii\/lms\/rocznicowa-msza-swieta-katynska\/\"},\"wordCount\":223,\"commentCount\":0,\"publisher\":{\"@id\":\"https:\/\/marekkuchcinski.pl\/#organization\"},\"articleSection\":[\"Listy Marsza\u0142ka Sejmu\"],\"inLanguage\":\"en-GB\",\"potentialAction\":[{\"@type\":\"CommentAction\",\"name\":\"Comment\",\"target\":[\"https:\/\/marekkuchcinski.pl\/hu\/bez-kategorii\/lms\/rocznicowa-msza-swieta-katynska\/#respond\"]}]},{\"@type\":\"WebPage\",\"@id\":\"https:\/\/marekkuchcinski.pl\/hu\/bez-kategorii\/lms\/rocznicowa-msza-swieta-katynska\/\",\"url\":\"https:\/\/marekkuchcinski.pl\/hu\/bez-kategorii\/lms\/rocznicowa-msza-swieta-katynska\/\",\"name\":\"Rocznicowa Msza \u015awi\u0119ta Katy\u0144ska &#8211; Marek Kuchci\u0144ski\",\"isPartOf\":{\"@id\":\"https:\/\/marekkuchcinski.pl\/#website\"},\"datePublished\":\"2019-03-05T18:00:13+00:00\",\"breadcrumb\":{\"@id\":\"https:\/\/marekkuchcinski.pl\/hu\/bez-kategorii\/lms\/rocznicowa-msza-swieta-katynska\/#breadcrumb\"},\"inLanguage\":\"en-GB\",\"potentialAction\":[{\"@type\":\"ReadAction\",\"target\":[\"https:\/\/marekkuchcinski.pl\/hu\/bez-kategorii\/lms\/rocznicowa-msza-swieta-katynska\/\"]}]},{\"@type\":\"BreadcrumbList\",\"@id\":\"https:\/\/marekkuchcinski.pl\/hu\/bez-kategorii\/lms\/rocznicowa-msza-swieta-katynska\/#breadcrumb\",\"itemListElement\":[{\"@type\":\"ListItem\",\"position\":1,\"name\":\"Strona g\u0142\u00f3wna\",\"item\":\"https:\/\/marekkuchcinski.pl\/\"},{\"@type\":\"ListItem\",\"position\":2,\"name\":\"Rocznicowa Msza \u015awi\u0119ta Katy\u0144ska\"}]},{\"@type\":\"WebSite\",\"@id\":\"https:\/\/marekkuchcinski.pl\/#website\",\"url\":\"https:\/\/marekkuchcinski.pl\/\",\"name\":\"Marek Kuchci\u0144ski\",\"description\":\"Pose\u0142 na sejm RP &ndash; okr\u0119g nr 22\",\"publisher\":{\"@id\":\"https:\/\/marekkuchcinski.pl\/#organization\"},\"potentialAction\":[{\"@type\":\"SearchAction\",\"target\":{\"@type\":\"EntryPoint\",\"urlTemplate\":\"https:\/\/marekkuchcinski.pl\/?s={search_term_string}\"},\"query-input\":{\"@type\":\"PropertyValueSpecification\",\"valueRequired\":true,\"valueName\":\"search_term_string\"}}],\"inLanguage\":\"en-GB\"},{\"@type\":\"Organization\",\"@id\":\"https:\/\/marekkuchcinski.pl\/#organization\",\"name\":\"Marek Kuchci\u0144ski\",\"url\":\"https:\/\/marekkuchcinski.pl\/\",\"logo\":{\"@type\":\"ImageObject\",\"inLanguage\":\"en-GB\",\"@id\":\"https:\/\/marekkuchcinski.pl\/#\/schema\/logo\/image\/\",\"url\":\"https:\/\/marekkuchcinski.pl\/wp-content\/uploads\/2022\/09\/Marek.jpg\",\"contentUrl\":\"https:\/\/marekkuchcinski.pl\/wp-content\/uploads\/2022\/09\/Marek.jpg\",\"width\":1600,\"height\":971,\"caption\":\"Marek Kuchci\u0144ski\"},\"image\":{\"@id\":\"https:\/\/marekkuchcinski.pl\/#\/schema\/logo\/image\/\"}},{\"@type\":\"Person\",\"@id\":\"https:\/\/marekkuchcinski.pl\/#\/schema\/person\/6f62700996b4d950b6ea2d1183b6c6be\",\"name\":\"admin\",\"image\":{\"@type\":\"ImageObject\",\"inLanguage\":\"en-GB\",\"@id\":\"https:\/\/marekkuchcinski.pl\/#\/schema\/person\/image\/\",\"url\":\"https:\/\/secure.gravatar.com\/avatar\/4bab693b9d55c3d6b52c0296a8765085?s=96&d=mm&r=g\",\"contentUrl\":\"https:\/\/secure.gravatar.com\/avatar\/4bab693b9d55c3d6b52c0296a8765085?s=96&d=mm&r=g\",\"caption\":\"admin\"},\"url\":\"https:\/\/marekkuchcinski.pl\/en\/author\/marta-olejnik\/\"}]}<\/script>\n<!-- \/ Yoast SEO plugin. -->","yoast_head_json":{"title":"Rocznicowa Msza \u015awi\u0119ta Katy\u0144ska &#8211; Marek Kuchci\u0144ski","robots":{"index":"index","follow":"follow","max-snippet":"max-snippet:-1","max-image-preview":"max-image-preview:large","max-video-preview":"max-video-preview:-1"},"canonical":"https:\/\/marekkuchcinski.pl\/en\/bez-kategorii\/lms\/rocznicowa-msza-swieta-katynska\/","og_locale":"en_GB","og_type":"article","og_title":"Rocznicowa Msza \u015awi\u0119ta Katy\u0144ska &#8211; Marek Kuchci\u0144ski","og_description":"Pan Andrzej Melak Pose\u0142 na Sejm RP \u00a0 \u00a0\u00a0\u00a0\u00a0\u00a0\u00a0\u00a0\u00a0\u00a0\u00a0\u00a0 Szanowny Panie Po\u015ble, &nbsp; Bazylika \u015aw. Krzy\u017ca w Warszawie sta\u0142a si\u0119 miejscem ukojenia b\u00f3lu i cierpienia polskich rodzin, kt\u00f3re na dalekiej, obcej ziemi stracili swoich najbli\u017cszych. Przez d\u0142ugie dekady komunistyczne w\u0142adze odmawia\u0142y prawdy, nie pozwala\u0142y r\u00f3wnie\u017c na godne po\u017cegnanie. W\u00a0zbiorowych mogi\u0142ach Katynia, Charkowa, Tweru, Miednoje, Bykowni, [&hellip;]","og_url":"https:\/\/marekkuchcinski.pl\/en\/bez-kategorii\/lms\/rocznicowa-msza-swieta-katynska\/","og_site_name":"Marek Kuchci\u0144ski","article_published_time":"2019-03-05T18:00:13+00:00","og_image":[{"width":1600,"height":971,"url":"https:\/\/marekkuchcinski.pl\/wp-content\/uploads\/2022\/09\/Marek.jpg","type":"image\/jpeg"}],"author":"admin","twitter_card":"summary_large_image","twitter_misc":{"Written by":"admin","Estimated reading time":"1 minute"},"schema":{"@context":"https:\/\/schema.org","@graph":[{"@type":"Article","@id":"https:\/\/marekkuchcinski.pl\/hu\/bez-kategorii\/lms\/rocznicowa-msza-swieta-katynska\/#article","isPartOf":{"@id":"https:\/\/marekkuchcinski.pl\/hu\/bez-kategorii\/lms\/rocznicowa-msza-swieta-katynska\/"},"author":{"name":"admin","@id":"https:\/\/marekkuchcinski.pl\/#\/schema\/person\/6f62700996b4d950b6ea2d1183b6c6be"},"headline":"Rocznicowa Msza \u015awi\u0119ta Katy\u0144ska","datePublished":"2019-03-05T18:00:13+00:00","mainEntityOfPage":{"@id":"https:\/\/marekkuchcinski.pl\/hu\/bez-kategorii\/lms\/rocznicowa-msza-swieta-katynska\/"},"wordCount":223,"commentCount":0,"publisher":{"@id":"https:\/\/marekkuchcinski.pl\/#organization"},"articleSection":["Listy Marsza\u0142ka Sejmu"],"inLanguage":"en-GB","potentialAction":[{"@type":"CommentAction","name":"Comment","target":["https:\/\/marekkuchcinski.pl\/hu\/bez-kategorii\/lms\/rocznicowa-msza-swieta-katynska\/#respond"]}]},{"@type":"WebPage","@id":"https:\/\/marekkuchcinski.pl\/hu\/bez-kategorii\/lms\/rocznicowa-msza-swieta-katynska\/","url":"https:\/\/marekkuchcinski.pl\/hu\/bez-kategorii\/lms\/rocznicowa-msza-swieta-katynska\/","name":"Rocznicowa Msza \u015awi\u0119ta Katy\u0144ska &#8211; Marek Kuchci\u0144ski","isPartOf":{"@id":"https:\/\/marekkuchcinski.pl\/#website"},"datePublished":"2019-03-05T18:00:13+00:00","breadcrumb":{"@id":"https:\/\/marekkuchcinski.pl\/hu\/bez-kategorii\/lms\/rocznicowa-msza-swieta-katynska\/#breadcrumb"},"inLanguage":"en-GB","potentialAction":[{"@type":"ReadAction","target":["https:\/\/marekkuchcinski.pl\/hu\/bez-kategorii\/lms\/rocznicowa-msza-swieta-katynska\/"]}]},{"@type":"BreadcrumbList","@id":"https:\/\/marekkuchcinski.pl\/hu\/bez-kategorii\/lms\/rocznicowa-msza-swieta-katynska\/#breadcrumb","itemListElement":[{"@type":"ListItem","position":1,"name":"Strona g\u0142\u00f3wna","item":"https:\/\/marekkuchcinski.pl\/"},{"@type":"ListItem","position":2,"name":"Rocznicowa Msza \u015awi\u0119ta Katy\u0144ska"}]},{"@type":"WebSite","@id":"https:\/\/marekkuchcinski.pl\/#website","url":"https:\/\/marekkuchcinski.pl\/","name":"Marek Kuchci\u0144ski","description":"Pose\u0142 na sejm RP &ndash; okr\u0119g nr 22","publisher":{"@id":"https:\/\/marekkuchcinski.pl\/#organization"},"potentialAction":[{"@type":"SearchAction","target":{"@type":"EntryPoint","urlTemplate":"https:\/\/marekkuchcinski.pl\/?s={search_term_string}"},"query-input":{"@type":"PropertyValueSpecification","valueRequired":true,"valueName":"search_term_string"}}],"inLanguage":"en-GB"},{"@type":"Organization","@id":"https:\/\/marekkuchcinski.pl\/#organization","name":"Marek Kuchci\u0144ski","url":"https:\/\/marekkuchcinski.pl\/","logo":{"@type":"ImageObject","inLanguage":"en-GB","@id":"https:\/\/marekkuchcinski.pl\/#\/schema\/logo\/image\/","url":"https:\/\/marekkuchcinski.pl\/wp-content\/uploads\/2022\/09\/Marek.jpg","contentUrl":"https:\/\/marekkuchcinski.pl\/wp-content\/uploads\/2022\/09\/Marek.jpg","width":1600,"height":971,"caption":"Marek Kuchci\u0144ski"},"image":{"@id":"https:\/\/marekkuchcinski.pl\/#\/schema\/logo\/image\/"}},{"@type":"Person","@id":"https:\/\/marekkuchcinski.pl\/#\/schema\/person\/6f62700996b4d950b6ea2d1183b6c6be","name":"admin","image":{"@type":"ImageObject","inLanguage":"en-GB","@id":"https:\/\/marekkuchcinski.pl\/#\/schema\/person\/image\/","url":"https:\/\/secure.gravatar.com\/avatar\/4bab693b9d55c3d6b52c0296a8765085?s=96&d=mm&r=g","contentUrl":"https:\/\/secure.gravatar.com\/avatar\/4bab693b9d55c3d6b52c0296a8765085?s=96&d=mm&r=g","caption":"admin"},"url":"https:\/\/marekkuchcinski.pl\/en\/author\/marta-olejnik\/"}]}},"_links":{"self":[{"href":"https:\/\/marekkuchcinski.pl\/en\/wp-json\/wp\/v2\/posts\/13481","targetHints":{"allow":["GET"]}}],"collection":[{"href":"https:\/\/marekkuchcinski.pl\/en\/wp-json\/wp\/v2\/posts"}],"about":[{"href":"https:\/\/marekkuchcinski.pl\/en\/wp-json\/wp\/v2\/types\/post"}],"author":[{"embeddable":true,"href":"https:\/\/marekkuchcinski.pl\/en\/wp-json\/wp\/v2\/users\/6"}],"replies":[{"embeddable":true,"href":"https:\/\/marekkuchcinski.pl\/en\/wp-json\/wp\/v2\/comments?post=13481"}],"version-history":[{"count":1,"href":"https:\/\/marekkuchcinski.pl\/en\/wp-json\/wp\/v2\/posts\/13481\/revisions"}],"predecessor-version":[{"id":13482,"href":"https:\/\/marekkuchcinski.pl\/en\/wp-json\/wp\/v2\/posts\/13481\/revisions\/13482"}],"wp:attachment":[{"href":"https:\/\/marekkuchcinski.pl\/en\/wp-json\/wp\/v2\/media?parent=13481"}],"wp:term":[{"taxonomy":"category","embeddable":true,"href":"https:\/\/marekkuchcinski.pl\/en\/wp-json\/wp\/v2\/categories?post=13481"},{"taxonomy":"post_tag","embeddable":true,"href":"https:\/\/marekkuchcinski.pl\/en\/wp-json\/wp\/v2\/tags?post=13481"}],"curies":[{"name":"wp","href":"https:\/\/api.w.org\/{rel}","templated":true}]}}