{"id":13415,"date":"2019-03-01T14:02:28","date_gmt":"2019-03-01T13:02:28","guid":{"rendered":"https:\/\/marekkuchcinski.pl\/?p=13415"},"modified":"2019-03-02T10:51:39","modified_gmt":"2019-03-02T09:51:39","slug":"marek-kuchcinski-dniu-zolnierzy-wykletych-nas-obywatelach-niepodleglego-panstwa-panstwa-o-ktorym-marzyli-spoczywa-odpowiedzialnosc-pielegnowania-pamieci-o-dotad-przemilczan","status":"publish","type":"post","link":"https:\/\/marekkuchcinski.pl\/en\/wydarzenia\/marek-kuchcinski-dniu-zolnierzy-wykletych-nas-obywatelach-niepodleglego-panstwa-panstwa-o-ktorym-marzyli-spoczywa-odpowiedzialnosc-pielegnowania-pamieci-o-dotad-przemilczan\/","title":{"rendered":"Marek Kuchci\u0144ski on the Day of Remembrance of the Aged Soldiers: It is the responsibility of us, the citizens of an independent state - the state they dreamed of - to nurture the memory of the heretofore silent, often nameless heroes of our freedom"},"content":{"rendered":"<p><strong>They did not agree to Poland becoming the 17th Soviet republic. They refused to accept injustice and contempt. They did not give in to the tortured and persecuted. They put their homeland before their own lives. On March 1, we celebrate their day, the Day of Wyklaniec Soldiers.\u00a0<\/strong><\/p>\n<p><strong>President Andrzej Duda awarded veterans and people who cultivate the memory of the Wykl\u00eacie Soldiers. The ceremony was attended by, among others, Speaker of the Sejm Marek Kuchci\u0144ski, who in his letter to the participants of the celebrations in Podkarpacie wrote:<\/strong><\/p>\n<p><em>The Conclave Soldiers deserve a special place in our national consciousness. They were united by the conviction that they could not passively watch the enslavement of the nation and the transformation of Poland into a vassal state of a foreign power. They did not buy into the communist regime by betraying their ideals, but went into battle, even though they knew that if they were alone, relying only on their own strength, they would have to suffer defeat. They fought in defense of honor and human dignity, and their steadfastness became the seeds of future victory. Today we know that it was from their sacrifice that independent Poland was reborn. <\/em><\/p>\n<p><em>For decades the communist propaganda falsely attributed the worst crimes to them. It wanted to condemn to oblivion those who in the times of terror and enslavement gave splendid proof of valor and courage, patriotism and soldierly bravery. We, the citizens of the independent state - the state of which they dreamed - have the responsibility to nurture the memory of the heroes of our freedom who have so far remained silent, often nameless.<\/em><\/p>\n<p><em>Therefore, with appreciation and gratitude I received the news about the celebration of the National Day of Remembrance of the Aged Soldiers in Rzeszow. Thank you for your memory and respect for those who fought for a homeland free and independent from Soviet influence and communist ideology. The truth about their heroic and tragic experiences is an important part of our heritage and identity.<\/em><\/p>\n<p><em>Poles, fighting for the freedom of their nation and homeland, wrote many heroic and tragic pages of history. However, even against this background the history of the second conspiracy is particularly dramatic.<\/em><\/p>\n<p><em>Accursed by the communists, the soldiers took up arms against the entire power of the Soviet empire. They stood up for their countrymen who were subjected to Stalinist terror, they fought in defense of military honor and human dignity. They exposed the lies of party propaganda.<\/em><\/p>\n<p><em>The communist authorities persecuted them with all ruthlessness. Regular troops of the army, militia and secret police were directed against the underground forces. The most faithful soldiers of the Republic of Poland were imprisoned, tortured and, in the majesty of judicial lawlessness, sentenced to death, infamy and ultimate oblivion. However, the regime proved to be less durable than the Poles' attachment to freedom and patriotic values.<\/em><\/p>\n<p><em>The ceremonies held in Krosno are a testimony of the truth about this painful heritage of our recent history. At the same time, they are an expression of memory and reverence that the local community pays to those who fought for a free and sovereign Poland. <\/em><\/p>\n<p><em>Thanking everyone who spreads the knowledge of this important chapter of the recent history of our homeland, I join the participants of the event and pay tribute to the unbroken heroes.<\/em><\/p>\n<p><em>Photo: Marta Olejnik\/ KS<\/em><a href=\"https:\/\/marekkuchcinski.pl\/wp-content\/uploads\/2019\/03\/www18.jpg\"><img fetchpriority=\"high\" decoding=\"async\" class=\"alignnone size-full wp-image-13461\" src=\"https:\/\/marekkuchcinski.pl\/wp-content\/uploads\/2019\/03\/www18.jpg\" alt=\"www18\" width=\"5866\" height=\"3476\" srcset=\"https:\/\/marekkuchcinski.pl\/wp-content\/uploads\/2019\/03\/www18.jpg 2048w, https:\/\/marekkuchcinski.pl\/wp-content\/uploads\/2019\/03\/www18-300x178.jpg 300w, https:\/\/marekkuchcinski.pl\/wp-content\/uploads\/2019\/03\/www18-768x455.jpg 768w, https:\/\/marekkuchcinski.pl\/wp-content\/uploads\/2019\/03\/www18-1024x607.jpg 1024w\" sizes=\"(max-width: 5866px) 100vw, 5866px\" \/><\/a><a href=\"https:\/\/marekkuchcinski.pl\/wp-content\/uploads\/2019\/03\/www1.jpg\"><img decoding=\"async\" class=\"alignnone size-full wp-image-13442\" src=\"https:\/\/marekkuchcinski.pl\/wp-content\/uploads\/2019\/03\/www1.jpg\" alt=\"www1\" width=\"5577\" height=\"3294\" srcset=\"https:\/\/marekkuchcinski.pl\/wp-content\/uploads\/2019\/03\/www1.jpg 2048w, https:\/\/marekkuchcinski.pl\/wp-content\/uploads\/2019\/03\/www1-300x177.jpg 300w, https:\/\/marekkuchcinski.pl\/wp-content\/uploads\/2019\/03\/www1-768x454.jpg 768w, https:\/\/marekkuchcinski.pl\/wp-content\/uploads\/2019\/03\/www1-1024x605.jpg 1024w\" sizes=\"(max-width: 5577px) 100vw, 5577px\" \/><\/a><a href=\"https:\/\/marekkuchcinski.pl\/wp-content\/uploads\/2019\/03\/www12.jpg\"><img decoding=\"async\" class=\"alignnone size-full wp-image-13452\" src=\"https:\/\/marekkuchcinski.pl\/wp-content\/uploads\/2019\/03\/www12.jpg\" alt=\"www12\" width=\"6095\" height=\"3533\" srcset=\"https:\/\/marekkuchcinski.pl\/wp-content\/uploads\/2019\/03\/www12.jpg 2048w, https:\/\/marekkuchcinski.pl\/wp-content\/uploads\/2019\/03\/www12-300x174.jpg 300w, https:\/\/marekkuchcinski.pl\/wp-content\/uploads\/2019\/03\/www12-768x445.jpg 768w, https:\/\/marekkuchcinski.pl\/wp-content\/uploads\/2019\/03\/www12-1024x594.jpg 1024w\" sizes=\"(max-width: 6095px) 100vw, 6095px\" \/><\/a> <a href=\"https:\/\/marekkuchcinski.pl\/wp-content\/uploads\/2019\/03\/IMG_7580tt.jpg\"><img loading=\"lazy\" decoding=\"async\" class=\"alignnone size-full wp-image-13428\" src=\"https:\/\/marekkuchcinski.pl\/wp-content\/uploads\/2019\/03\/IMG_7580tt.jpg\" alt=\"IMG_7580tt\" width=\"5430\" height=\"3459\" srcset=\"https:\/\/marekkuchcinski.pl\/wp-content\/uploads\/2019\/03\/IMG_7580tt.jpg 2048w, https:\/\/marekkuchcinski.pl\/wp-content\/uploads\/2019\/03\/IMG_7580tt-300x191.jpg 300w, https:\/\/marekkuchcinski.pl\/wp-content\/uploads\/2019\/03\/IMG_7580tt-768x489.jpg 768w, https:\/\/marekkuchcinski.pl\/wp-content\/uploads\/2019\/03\/IMG_7580tt-1024x652.jpg 1024w\" sizes=\"(max-width: 5430px) 100vw, 5430px\" \/><\/a><a href=\"https:\/\/marekkuchcinski.pl\/wp-content\/uploads\/2019\/03\/www8.jpg\"><img loading=\"lazy\" decoding=\"async\" class=\"alignnone size-full wp-image-13448\" src=\"https:\/\/marekkuchcinski.pl\/wp-content\/uploads\/2019\/03\/www8.jpg\" alt=\"www8\" width=\"3843\" height=\"2667\" srcset=\"https:\/\/marekkuchcinski.pl\/wp-content\/uploads\/2019\/03\/www8.jpg 2048w, https:\/\/marekkuchcinski.pl\/wp-content\/uploads\/2019\/03\/www8-300x208.jpg 300w, https:\/\/marekkuchcinski.pl\/wp-content\/uploads\/2019\/03\/www8-768x533.jpg 768w, https:\/\/marekkuchcinski.pl\/wp-content\/uploads\/2019\/03\/www8-1024x711.jpg 1024w\" sizes=\"(max-width: 3843px) 100vw, 3843px\" \/><\/a><a href=\"https:\/\/marekkuchcinski.pl\/wp-content\/uploads\/2019\/03\/IMG_7839-1.jpg\"><img loading=\"lazy\" decoding=\"async\" class=\"alignnone size-full wp-image-13432\" src=\"https:\/\/marekkuchcinski.pl\/wp-content\/uploads\/2019\/03\/IMG_7839-1.jpg\" alt=\"IMG_7839\" width=\"5830\" height=\"3533\" srcset=\"https:\/\/marekkuchcinski.pl\/wp-content\/uploads\/2019\/03\/IMG_7839-1.jpg 2048w, https:\/\/marekkuchcinski.pl\/wp-content\/uploads\/2019\/03\/IMG_7839-1-300x182.jpg 300w, https:\/\/marekkuchcinski.pl\/wp-content\/uploads\/2019\/03\/IMG_7839-1-768x465.jpg 768w, https:\/\/marekkuchcinski.pl\/wp-content\/uploads\/2019\/03\/IMG_7839-1-1024x621.jpg 1024w\" sizes=\"(max-width: 5830px) 100vw, 5830px\" \/><\/a> <a href=\"https:\/\/marekkuchcinski.pl\/wp-content\/uploads\/2019\/03\/ttttIMG_7874.jpg\"><img loading=\"lazy\" decoding=\"async\" class=\"alignnone size-full wp-image-13439\" src=\"https:\/\/marekkuchcinski.pl\/wp-content\/uploads\/2019\/03\/ttttIMG_7874.jpg\" alt=\"ttttIMG_7874\" width=\"5265\" height=\"3449\" srcset=\"https:\/\/marekkuchcinski.pl\/wp-content\/uploads\/2019\/03\/ttttIMG_7874.jpg 2048w, https:\/\/marekkuchcinski.pl\/wp-content\/uploads\/2019\/03\/ttttIMG_7874-300x197.jpg 300w, https:\/\/marekkuchcinski.pl\/wp-content\/uploads\/2019\/03\/ttttIMG_7874-768x503.jpg 768w, https:\/\/marekkuchcinski.pl\/wp-content\/uploads\/2019\/03\/ttttIMG_7874-1024x671.jpg 1024w\" sizes=\"(max-width: 5265px) 100vw, 5265px\" \/><\/a><a href=\"https:\/\/marekkuchcinski.pl\/wp-content\/uploads\/2019\/03\/www7.jpg\"><img loading=\"lazy\" decoding=\"async\" class=\"alignnone size-full wp-image-13447\" src=\"https:\/\/marekkuchcinski.pl\/wp-content\/uploads\/2019\/03\/www7.jpg\" alt=\"www7\" width=\"5167\" height=\"3226\" srcset=\"https:\/\/marekkuchcinski.pl\/wp-content\/uploads\/2019\/03\/www7.jpg 2048w, https:\/\/marekkuchcinski.pl\/wp-content\/uploads\/2019\/03\/www7-300x187.jpg 300w, https:\/\/marekkuchcinski.pl\/wp-content\/uploads\/2019\/03\/www7-768x479.jpg 768w, https:\/\/marekkuchcinski.pl\/wp-content\/uploads\/2019\/03\/www7-1024x639.jpg 1024w\" sizes=\"(max-width: 5167px) 100vw, 5167px\" \/><\/a><a href=\"https:\/\/marekkuchcinski.pl\/wp-content\/uploads\/2019\/03\/www16.jpg\"><img loading=\"lazy\" decoding=\"async\" class=\"alignnone size-full wp-image-13455\" src=\"https:\/\/marekkuchcinski.pl\/wp-content\/uploads\/2019\/03\/www16.jpg\" alt=\"www16\" width=\"4435\" height=\"2870\" srcset=\"https:\/\/marekkuchcinski.pl\/wp-content\/uploads\/2019\/03\/www16.jpg 2048w, https:\/\/marekkuchcinski.pl\/wp-content\/uploads\/2019\/03\/www16-300x194.jpg 300w, https:\/\/marekkuchcinski.pl\/wp-content\/uploads\/2019\/03\/www16-768x497.jpg 768w, https:\/\/marekkuchcinski.pl\/wp-content\/uploads\/2019\/03\/www16-1024x663.jpg 1024w\" sizes=\"(max-width: 4435px) 100vw, 4435px\" \/><\/a><a href=\"https:\/\/marekkuchcinski.pl\/wp-content\/uploads\/2019\/03\/www14.jpg\"><img loading=\"lazy\" decoding=\"async\" class=\"alignnone size-full wp-image-13457\" src=\"https:\/\/marekkuchcinski.pl\/wp-content\/uploads\/2019\/03\/www14.jpg\" alt=\"www14\" width=\"4378\" height=\"3247\" srcset=\"https:\/\/marekkuchcinski.pl\/wp-content\/uploads\/2019\/03\/www14.jpg 2048w, https:\/\/marekkuchcinski.pl\/wp-content\/uploads\/2019\/03\/www14-300x222.jpg 300w, https:\/\/marekkuchcinski.pl\/wp-content\/uploads\/2019\/03\/www14-768x570.jpg 768w, https:\/\/marekkuchcinski.pl\/wp-content\/uploads\/2019\/03\/www14-1024x759.jpg 1024w\" sizes=\"(max-width: 4378px) 100vw, 4378px\" \/><\/a><a href=\"https:\/\/marekkuchcinski.pl\/wp-content\/uploads\/2019\/03\/www13.jpg\"><img loading=\"lazy\" decoding=\"async\" class=\"alignnone size-full wp-image-13458\" src=\"https:\/\/marekkuchcinski.pl\/wp-content\/uploads\/2019\/03\/www13.jpg\" alt=\"www13\" width=\"1914\" height=\"2759\" srcset=\"https:\/\/marekkuchcinski.pl\/wp-content\/uploads\/2019\/03\/www13.jpg 1421w, https:\/\/marekkuchcinski.pl\/wp-content\/uploads\/2019\/03\/www13-208x300.jpg 208w, https:\/\/marekkuchcinski.pl\/wp-content\/uploads\/2019\/03\/www13-768x1107.jpg 768w, https:\/\/marekkuchcinski.pl\/wp-content\/uploads\/2019\/03\/www13-710x1024.jpg 710w\" sizes=\"(max-width: 1914px) 100vw, 1914px\" \/><\/a> <a href=\"https:\/\/marekkuchcinski.pl\/wp-content\/uploads\/2019\/03\/tttttMG_7592.jpg\"><img loading=\"lazy\" decoding=\"async\" class=\"alignnone size-full wp-image-13440\" src=\"https:\/\/marekkuchcinski.pl\/wp-content\/uploads\/2019\/03\/tttttMG_7592.jpg\" alt=\"tttttMG_7592\" width=\"3583\" height=\"2252\" srcset=\"https:\/\/marekkuchcinski.pl\/wp-content\/uploads\/2019\/03\/tttttMG_7592.jpg 2048w, https:\/\/marekkuchcinski.pl\/wp-content\/uploads\/2019\/03\/tttttMG_7592-300x189.jpg 300w, https:\/\/marekkuchcinski.pl\/wp-content\/uploads\/2019\/03\/tttttMG_7592-768x483.jpg 768w, https:\/\/marekkuchcinski.pl\/wp-content\/uploads\/2019\/03\/tttttMG_7592-1024x644.jpg 1024w\" sizes=\"(max-width: 3583px) 100vw, 3583px\" \/><\/a><a href=\"https:\/\/marekkuchcinski.pl\/wp-content\/uploads\/2019\/03\/IMG_7544.jpg\"><img loading=\"lazy\" decoding=\"async\" class=\"alignnone size-full wp-image-13467\" src=\"https:\/\/marekkuchcinski.pl\/wp-content\/uploads\/2019\/03\/IMG_7544.jpg\" alt=\"IMG_7544\" width=\"3231\" height=\"3782\" srcset=\"https:\/\/marekkuchcinski.pl\/wp-content\/uploads\/2019\/03\/IMG_7544.jpg 1750w, https:\/\/marekkuchcinski.pl\/wp-content\/uploads\/2019\/03\/IMG_7544-256x300.jpg 256w, https:\/\/marekkuchcinski.pl\/wp-content\/uploads\/2019\/03\/IMG_7544-768x899.jpg 768w, https:\/\/marekkuchcinski.pl\/wp-content\/uploads\/2019\/03\/IMG_7544-875x1024.jpg 875w\" sizes=\"(max-width: 3231px) 100vw, 3231px\" \/><\/a><a href=\"https:\/\/marekkuchcinski.pl\/wp-content\/uploads\/2019\/03\/www17.jpg\"><img loading=\"lazy\" decoding=\"async\" class=\"alignnone size-full wp-image-13465\" src=\"https:\/\/marekkuchcinski.pl\/wp-content\/uploads\/2019\/03\/www17.jpg\" alt=\"www17\" width=\"4202\" height=\"2816\" srcset=\"https:\/\/marekkuchcinski.pl\/wp-content\/uploads\/2019\/03\/www17.jpg 2048w, https:\/\/marekkuchcinski.pl\/wp-content\/uploads\/2019\/03\/www17-300x201.jpg 300w, https:\/\/marekkuchcinski.pl\/wp-content\/uploads\/2019\/03\/www17-768x515.jpg 768w, https:\/\/marekkuchcinski.pl\/wp-content\/uploads\/2019\/03\/www17-1024x686.jpg 1024w\" sizes=\"(max-width: 4202px) 100vw, 4202px\" \/><\/a> <a href=\"https:\/\/marekkuchcinski.pl\/wp-content\/uploads\/2019\/03\/www3.jpg\"><img loading=\"lazy\" decoding=\"async\" class=\"alignnone size-full wp-image-13443\" src=\"https:\/\/marekkuchcinski.pl\/wp-content\/uploads\/2019\/03\/www3.jpg\" alt=\"www3\" width=\"4580\" height=\"2990\" srcset=\"https:\/\/marekkuchcinski.pl\/wp-content\/uploads\/2019\/03\/www3.jpg 2048w, https:\/\/marekkuchcinski.pl\/wp-content\/uploads\/2019\/03\/www3-300x196.jpg 300w, https:\/\/marekkuchcinski.pl\/wp-content\/uploads\/2019\/03\/www3-768x501.jpg 768w, https:\/\/marekkuchcinski.pl\/wp-content\/uploads\/2019\/03\/www3-1024x669.jpg 1024w\" sizes=\"(max-width: 4580px) 100vw, 4580px\" \/><\/a> <a href=\"https:\/\/marekkuchcinski.pl\/wp-content\/uploads\/2019\/03\/www5.jpg\"><img loading=\"lazy\" decoding=\"async\" class=\"alignnone size-full wp-image-13445\" src=\"https:\/\/marekkuchcinski.pl\/wp-content\/uploads\/2019\/03\/www5.jpg\" alt=\"www5\" width=\"5239\" height=\"3283\" srcset=\"https:\/\/marekkuchcinski.pl\/wp-content\/uploads\/2019\/03\/www5.jpg 2048w, https:\/\/marekkuchcinski.pl\/wp-content\/uploads\/2019\/03\/www5-300x188.jpg 300w, https:\/\/marekkuchcinski.pl\/wp-content\/uploads\/2019\/03\/www5-768x481.jpg 768w, https:\/\/marekkuchcinski.pl\/wp-content\/uploads\/2019\/03\/www5-1024x642.jpg 1024w\" sizes=\"(max-width: 5239px) 100vw, 5239px\" \/><\/a> <a href=\"https:\/\/marekkuchcinski.pl\/wp-content\/uploads\/2019\/03\/www6.jpg\"><img loading=\"lazy\" decoding=\"async\" class=\"alignnone size-full wp-image-13446\" src=\"https:\/\/marekkuchcinski.pl\/wp-content\/uploads\/2019\/03\/www6.jpg\" alt=\"www6\" width=\"5182\" height=\"3465\" srcset=\"https:\/\/marekkuchcinski.pl\/wp-content\/uploads\/2019\/03\/www6.jpg 2048w, https:\/\/marekkuchcinski.pl\/wp-content\/uploads\/2019\/03\/www6-300x201.jpg 300w, https:\/\/marekkuchcinski.pl\/wp-content\/uploads\/2019\/03\/www6-768x514.jpg 768w, https:\/\/marekkuchcinski.pl\/wp-content\/uploads\/2019\/03\/www6-1024x685.jpg 1024w\" sizes=\"(max-width: 5182px) 100vw, 5182px\" \/><\/a> <a href=\"https:\/\/marekkuchcinski.pl\/wp-content\/uploads\/2019\/03\/ttIMG_7878-1.jpg\"><img loading=\"lazy\" decoding=\"async\" class=\"alignnone size-full wp-image-13453\" src=\"https:\/\/marekkuchcinski.pl\/wp-content\/uploads\/2019\/03\/ttIMG_7878-1.jpg\" alt=\"ttIMG_7878\" width=\"5011\" height=\"3169\" srcset=\"https:\/\/marekkuchcinski.pl\/wp-content\/uploads\/2019\/03\/ttIMG_7878-1.jpg 2048w, https:\/\/marekkuchcinski.pl\/wp-content\/uploads\/2019\/03\/ttIMG_7878-1-300x190.jpg 300w, https:\/\/marekkuchcinski.pl\/wp-content\/uploads\/2019\/03\/ttIMG_7878-1-768x486.jpg 768w, https:\/\/marekkuchcinski.pl\/wp-content\/uploads\/2019\/03\/ttIMG_7878-1-1024x648.jpg 1024w\" sizes=\"(max-width: 5011px) 100vw, 5011px\" \/><\/a><a href=\"https:\/\/marekkuchcinski.pl\/wp-content\/uploads\/2019\/03\/www9.jpg\"><img loading=\"lazy\" decoding=\"async\" class=\"alignnone size-full wp-image-13449\" src=\"https:\/\/marekkuchcinski.pl\/wp-content\/uploads\/2019\/03\/www9.jpg\" alt=\"www9\" width=\"4860\" height=\"3309\" srcset=\"https:\/\/marekkuchcinski.pl\/wp-content\/uploads\/2019\/03\/www9.jpg 2048w, https:\/\/marekkuchcinski.pl\/wp-content\/uploads\/2019\/03\/www9-300x204.jpg 300w, https:\/\/marekkuchcinski.pl\/wp-content\/uploads\/2019\/03\/www9-768x523.jpg 768w, https:\/\/marekkuchcinski.pl\/wp-content\/uploads\/2019\/03\/www9-1024x697.jpg 1024w\" sizes=\"(max-width: 4860px) 100vw, 4860px\" \/><\/a> <a href=\"https:\/\/marekkuchcinski.pl\/wp-content\/uploads\/2019\/03\/www10.jpg\"><img loading=\"lazy\" decoding=\"async\" class=\"alignnone size-full wp-image-13450\" src=\"https:\/\/marekkuchcinski.pl\/wp-content\/uploads\/2019\/03\/www10.jpg\" alt=\"www10\" width=\"3783\" height=\"2494\" srcset=\"https:\/\/marekkuchcinski.pl\/wp-content\/uploads\/2019\/03\/www10.jpg 2048w, https:\/\/marekkuchcinski.pl\/wp-content\/uploads\/2019\/03\/www10-300x198.jpg 300w, https:\/\/marekkuchcinski.pl\/wp-content\/uploads\/2019\/03\/www10-768x506.jpg 768w, https:\/\/marekkuchcinski.pl\/wp-content\/uploads\/2019\/03\/www10-1024x675.jpg 1024w\" sizes=\"(max-width: 3783px) 100vw, 3783px\" \/><\/a><a href=\"https:\/\/marekkuchcinski.pl\/wp-content\/uploads\/2019\/03\/www4.jpg\"><img loading=\"lazy\" decoding=\"async\" class=\"alignnone size-full wp-image-13444\" src=\"https:\/\/marekkuchcinski.pl\/wp-content\/uploads\/2019\/03\/www4.jpg\" alt=\"www4\" width=\"5555\" height=\"3600\" srcset=\"https:\/\/marekkuchcinski.pl\/wp-content\/uploads\/2019\/03\/www4.jpg 2048w, https:\/\/marekkuchcinski.pl\/wp-content\/uploads\/2019\/03\/www4-300x194.jpg 300w, https:\/\/marekkuchcinski.pl\/wp-content\/uploads\/2019\/03\/www4-768x498.jpg 768w, https:\/\/marekkuchcinski.pl\/wp-content\/uploads\/2019\/03\/www4-1024x664.jpg 1024w\" sizes=\"(max-width: 5555px) 100vw, 5555px\" \/><\/a><\/p>\n<p>&nbsp;<\/p>\n<p>&nbsp;<\/p>\n<p>&nbsp;<\/p>\n<p>&nbsp;<\/p>","protected":false},"excerpt":{"rendered":"<p>Nie zgodzili si\u0119 na to, by Polska sta\u0142a si\u0119 17. republik\u0105 radzieck\u0105. Nie godzili si\u0119 na niesprawiedliwo\u015b\u0107 i pogard\u0119. Katowani i prze\u015bladowani nie ulegli. Ojczyzn\u0119 stawiali wy\u017cej ni\u017c w\u0142asne \u017cycie. 1 marca obchodzimy Ich dzie\u0144, Dzie\u0144 \u017bo\u0142nierzy Wykl\u0119tych.\u00a0 Prezydent Andrzej Duda odznaczy\u0142 kombatant\u00f3w i osoby piel\u0119gnuj\u0105ce pami\u0119\u0107 o \u017bo\u0142nierzach Wykl\u0119tych.\u00a0Na uroczysto\u015bci obecny by\u0142\u00a0 m.in. marsza\u0142ek [&hellip;]<\/p>","protected":false},"author":6,"featured_media":13447,"comment_status":"open","ping_status":"open","sticky":false,"template":"","format":"standard","meta":{"ngg_post_thumbnail":0,"footnotes":""},"categories":[77,3],"tags":[],"class_list":["post-13415","post","type-post","status-publish","format-standard","has-post-thumbnail","hentry","category-wazne-daty","category-wydarzenia"],"yoast_head":"<!-- This site is optimized with the Yoast SEO plugin v24.7 - https:\/\/yoast.com\/wordpress\/plugins\/seo\/ -->\n<title>Marek Kuchci\u0144ski w Dniu Pami\u0119ci \u017bo\u0142nierzy Wykl\u0119tych: Na nas, obywatelach niepodleg\u0142ego pa\u0144stwa \u2013 pa\u0144stwa, o kt\u00f3rym marzyli \u2013 spoczywa odpowiedzialno\u015b\u0107 piel\u0119gnowania pami\u0119ci o dot\u0105d przemilczanych, cz\u0119sto bezimiennych bohaterach naszej wolno\u015bci &#8211; Marek Kuchci\u0144ski<\/title>\n<meta name=\"robots\" content=\"index, follow, max-snippet:-1, max-image-preview:large, max-video-preview:-1\" \/>\n<link rel=\"canonical\" href=\"https:\/\/marekkuchcinski.pl\/en\/wydarzenia\/marek-kuchcinski-dniu-zolnierzy-wykletych-nas-obywatelach-niepodleglego-panstwa-panstwa-o-ktorym-marzyli-spoczywa-odpowiedzialnosc-pielegnowania-pamieci-o-dotad-przemilczan\/\" \/>\n<meta property=\"og:locale\" content=\"en_GB\" \/>\n<meta property=\"og:type\" content=\"article\" \/>\n<meta property=\"og:title\" content=\"Marek Kuchci\u0144ski w Dniu Pami\u0119ci \u017bo\u0142nierzy Wykl\u0119tych: Na nas, obywatelach niepodleg\u0142ego pa\u0144stwa \u2013 pa\u0144stwa, o kt\u00f3rym marzyli \u2013 spoczywa odpowiedzialno\u015b\u0107 piel\u0119gnowania pami\u0119ci o dot\u0105d przemilczanych, cz\u0119sto bezimiennych bohaterach naszej wolno\u015bci &#8211; Marek Kuchci\u0144ski\" \/>\n<meta property=\"og:description\" content=\"Nie zgodzili si\u0119 na to, by Polska sta\u0142a si\u0119 17. republik\u0105 radzieck\u0105. Nie godzili si\u0119 na niesprawiedliwo\u015b\u0107 i pogard\u0119. Katowani i prze\u015bladowani nie ulegli. Ojczyzn\u0119 stawiali wy\u017cej ni\u017c w\u0142asne \u017cycie. 1 marca obchodzimy Ich dzie\u0144, Dzie\u0144 \u017bo\u0142nierzy Wykl\u0119tych.\u00a0 Prezydent Andrzej Duda odznaczy\u0142 kombatant\u00f3w i osoby piel\u0119gnuj\u0105ce pami\u0119\u0107 o \u017bo\u0142nierzach Wykl\u0119tych.\u00a0Na uroczysto\u015bci obecny by\u0142\u00a0 m.in. marsza\u0142ek [&hellip;]\" \/>\n<meta property=\"og:url\" content=\"https:\/\/marekkuchcinski.pl\/en\/wydarzenia\/marek-kuchcinski-dniu-zolnierzy-wykletych-nas-obywatelach-niepodleglego-panstwa-panstwa-o-ktorym-marzyli-spoczywa-odpowiedzialnosc-pielegnowania-pamieci-o-dotad-przemilczan\/\" \/>\n<meta property=\"og:site_name\" content=\"Marek Kuchci\u0144ski\" \/>\n<meta property=\"article:published_time\" content=\"2019-03-01T13:02:28+00:00\" \/>\n<meta property=\"article:modified_time\" content=\"2019-03-02T09:51:39+00:00\" \/>\n<meta property=\"og:image\" content=\"https:\/\/marekkuchcinski.pl\/wp-content\/uploads\/2019\/03\/www7.jpg\" \/>\n\t<meta property=\"og:image:width\" content=\"2048\" \/>\n\t<meta property=\"og:image:height\" content=\"1279\" \/>\n\t<meta property=\"og:image:type\" content=\"image\/jpeg\" \/>\n<meta name=\"author\" content=\"admin\" \/>\n<meta name=\"twitter:card\" content=\"summary_large_image\" \/>\n<meta name=\"twitter:label1\" content=\"Written by\" \/>\n\t<meta name=\"twitter:data1\" content=\"admin\" \/>\n\t<meta name=\"twitter:label2\" content=\"Estimated reading time\" \/>\n\t<meta name=\"twitter:data2\" content=\"3 minutes\" \/>\n<script type=\"application\/ld+json\" class=\"yoast-schema-graph\">{\"@context\":\"https:\/\/schema.org\",\"@graph\":[{\"@type\":\"Article\",\"@id\":\"https:\/\/marekkuchcinski.pl\/uk\/wydarzenia\/marek-kuchcinski-dniu-zolnierzy-wykletych-nas-obywatelach-niepodleglego-panstwa-panstwa-o-ktorym-marzyli-spoczywa-odpowiedzialnosc-pielegnowania-pamieci-o-dotad-przemilczan\/#article\",\"isPartOf\":{\"@id\":\"https:\/\/marekkuchcinski.pl\/uk\/wydarzenia\/marek-kuchcinski-dniu-zolnierzy-wykletych-nas-obywatelach-niepodleglego-panstwa-panstwa-o-ktorym-marzyli-spoczywa-odpowiedzialnosc-pielegnowania-pamieci-o-dotad-przemilczan\/\"},\"author\":{\"name\":\"admin\",\"@id\":\"https:\/\/marekkuchcinski.pl\/#\/schema\/person\/6f62700996b4d950b6ea2d1183b6c6be\"},\"headline\":\"Marek Kuchci\u0144ski w Dniu Pami\u0119ci \u017bo\u0142nierzy Wykl\u0119tych: Na nas, obywatelach niepodleg\u0142ego pa\u0144stwa \u2013 pa\u0144stwa, o kt\u00f3rym marzyli \u2013 spoczywa odpowiedzialno\u015b\u0107 piel\u0119gnowania pami\u0119ci o dot\u0105d przemilczanych, cz\u0119sto bezimiennych bohaterach naszej wolno\u015bci\",\"datePublished\":\"2019-03-01T13:02:28+00:00\",\"dateModified\":\"2019-03-02T09:51:39+00:00\",\"mainEntityOfPage\":{\"@id\":\"https:\/\/marekkuchcinski.pl\/uk\/wydarzenia\/marek-kuchcinski-dniu-zolnierzy-wykletych-nas-obywatelach-niepodleglego-panstwa-panstwa-o-ktorym-marzyli-spoczywa-odpowiedzialnosc-pielegnowania-pamieci-o-dotad-przemilczan\/\"},\"wordCount\":578,\"commentCount\":0,\"publisher\":{\"@id\":\"https:\/\/marekkuchcinski.pl\/#organization\"},\"image\":{\"@id\":\"https:\/\/marekkuchcinski.pl\/uk\/wydarzenia\/marek-kuchcinski-dniu-zolnierzy-wykletych-nas-obywatelach-niepodleglego-panstwa-panstwa-o-ktorym-marzyli-spoczywa-odpowiedzialnosc-pielegnowania-pamieci-o-dotad-przemilczan\/#primaryimage\"},\"thumbnailUrl\":\"https:\/\/marekkuchcinski.pl\/wp-content\/uploads\/2019\/03\/www7.jpg\",\"articleSection\":[\"Wa\u017cne daty\",\"Wydarzenia\"],\"inLanguage\":\"en-GB\",\"potentialAction\":[{\"@type\":\"CommentAction\",\"name\":\"Comment\",\"target\":[\"https:\/\/marekkuchcinski.pl\/uk\/wydarzenia\/marek-kuchcinski-dniu-zolnierzy-wykletych-nas-obywatelach-niepodleglego-panstwa-panstwa-o-ktorym-marzyli-spoczywa-odpowiedzialnosc-pielegnowania-pamieci-o-dotad-przemilczan\/#respond\"]}]},{\"@type\":\"WebPage\",\"@id\":\"https:\/\/marekkuchcinski.pl\/uk\/wydarzenia\/marek-kuchcinski-dniu-zolnierzy-wykletych-nas-obywatelach-niepodleglego-panstwa-panstwa-o-ktorym-marzyli-spoczywa-odpowiedzialnosc-pielegnowania-pamieci-o-dotad-przemilczan\/\",\"url\":\"https:\/\/marekkuchcinski.pl\/uk\/wydarzenia\/marek-kuchcinski-dniu-zolnierzy-wykletych-nas-obywatelach-niepodleglego-panstwa-panstwa-o-ktorym-marzyli-spoczywa-odpowiedzialnosc-pielegnowania-pamieci-o-dotad-przemilczan\/\",\"name\":\"Marek Kuchci\u0144ski w Dniu Pami\u0119ci \u017bo\u0142nierzy Wykl\u0119tych: Na nas, obywatelach niepodleg\u0142ego pa\u0144stwa \u2013 pa\u0144stwa, o kt\u00f3rym marzyli \u2013 spoczywa odpowiedzialno\u015b\u0107 piel\u0119gnowania pami\u0119ci o dot\u0105d przemilczanych, cz\u0119sto bezimiennych bohaterach naszej wolno\u015bci &#8211; Marek Kuchci\u0144ski\",\"isPartOf\":{\"@id\":\"https:\/\/marekkuchcinski.pl\/#website\"},\"primaryImageOfPage\":{\"@id\":\"https:\/\/marekkuchcinski.pl\/uk\/wydarzenia\/marek-kuchcinski-dniu-zolnierzy-wykletych-nas-obywatelach-niepodleglego-panstwa-panstwa-o-ktorym-marzyli-spoczywa-odpowiedzialnosc-pielegnowania-pamieci-o-dotad-przemilczan\/#primaryimage\"},\"image\":{\"@id\":\"https:\/\/marekkuchcinski.pl\/uk\/wydarzenia\/marek-kuchcinski-dniu-zolnierzy-wykletych-nas-obywatelach-niepodleglego-panstwa-panstwa-o-ktorym-marzyli-spoczywa-odpowiedzialnosc-pielegnowania-pamieci-o-dotad-przemilczan\/#primaryimage\"},\"thumbnailUrl\":\"https:\/\/marekkuchcinski.pl\/wp-content\/uploads\/2019\/03\/www7.jpg\",\"datePublished\":\"2019-03-01T13:02:28+00:00\",\"dateModified\":\"2019-03-02T09:51:39+00:00\",\"breadcrumb\":{\"@id\":\"https:\/\/marekkuchcinski.pl\/uk\/wydarzenia\/marek-kuchcinski-dniu-zolnierzy-wykletych-nas-obywatelach-niepodleglego-panstwa-panstwa-o-ktorym-marzyli-spoczywa-odpowiedzialnosc-pielegnowania-pamieci-o-dotad-przemilczan\/#breadcrumb\"},\"inLanguage\":\"en-GB\",\"potentialAction\":[{\"@type\":\"ReadAction\",\"target\":[\"https:\/\/marekkuchcinski.pl\/uk\/wydarzenia\/marek-kuchcinski-dniu-zolnierzy-wykletych-nas-obywatelach-niepodleglego-panstwa-panstwa-o-ktorym-marzyli-spoczywa-odpowiedzialnosc-pielegnowania-pamieci-o-dotad-przemilczan\/\"]}]},{\"@type\":\"ImageObject\",\"inLanguage\":\"en-GB\",\"@id\":\"https:\/\/marekkuchcinski.pl\/uk\/wydarzenia\/marek-kuchcinski-dniu-zolnierzy-wykletych-nas-obywatelach-niepodleglego-panstwa-panstwa-o-ktorym-marzyli-spoczywa-odpowiedzialnosc-pielegnowania-pamieci-o-dotad-przemilczan\/#primaryimage\",\"url\":\"https:\/\/marekkuchcinski.pl\/wp-content\/uploads\/2019\/03\/www7.jpg\",\"contentUrl\":\"https:\/\/marekkuchcinski.pl\/wp-content\/uploads\/2019\/03\/www7.jpg\",\"width\":2048,\"height\":1279},{\"@type\":\"BreadcrumbList\",\"@id\":\"https:\/\/marekkuchcinski.pl\/uk\/wydarzenia\/marek-kuchcinski-dniu-zolnierzy-wykletych-nas-obywatelach-niepodleglego-panstwa-panstwa-o-ktorym-marzyli-spoczywa-odpowiedzialnosc-pielegnowania-pamieci-o-dotad-przemilczan\/#breadcrumb\",\"itemListElement\":[{\"@type\":\"ListItem\",\"position\":1,\"name\":\"Strona g\u0142\u00f3wna\",\"item\":\"https:\/\/marekkuchcinski.pl\/\"},{\"@type\":\"ListItem\",\"position\":2,\"name\":\"Marek Kuchci\u0144ski w Dniu Pami\u0119ci \u017bo\u0142nierzy Wykl\u0119tych: Na nas, obywatelach niepodleg\u0142ego pa\u0144stwa \u2013 pa\u0144stwa, o kt\u00f3rym marzyli \u2013 spoczywa odpowiedzialno\u015b\u0107 piel\u0119gnowania pami\u0119ci o dot\u0105d przemilczanych, cz\u0119sto bezimiennych bohaterach naszej wolno\u015bci\"}]},{\"@type\":\"WebSite\",\"@id\":\"https:\/\/marekkuchcinski.pl\/#website\",\"url\":\"https:\/\/marekkuchcinski.pl\/\",\"name\":\"Marek Kuchci\u0144ski\",\"description\":\"Pose\u0142 na sejm RP &ndash; okr\u0119g nr 22\",\"publisher\":{\"@id\":\"https:\/\/marekkuchcinski.pl\/#organization\"},\"potentialAction\":[{\"@type\":\"SearchAction\",\"target\":{\"@type\":\"EntryPoint\",\"urlTemplate\":\"https:\/\/marekkuchcinski.pl\/?s={search_term_string}\"},\"query-input\":{\"@type\":\"PropertyValueSpecification\",\"valueRequired\":true,\"valueName\":\"search_term_string\"}}],\"inLanguage\":\"en-GB\"},{\"@type\":\"Organization\",\"@id\":\"https:\/\/marekkuchcinski.pl\/#organization\",\"name\":\"Marek Kuchci\u0144ski\",\"url\":\"https:\/\/marekkuchcinski.pl\/\",\"logo\":{\"@type\":\"ImageObject\",\"inLanguage\":\"en-GB\",\"@id\":\"https:\/\/marekkuchcinski.pl\/#\/schema\/logo\/image\/\",\"url\":\"https:\/\/marekkuchcinski.pl\/wp-content\/uploads\/2022\/09\/Marek.jpg\",\"contentUrl\":\"https:\/\/marekkuchcinski.pl\/wp-content\/uploads\/2022\/09\/Marek.jpg\",\"width\":1600,\"height\":971,\"caption\":\"Marek Kuchci\u0144ski\"},\"image\":{\"@id\":\"https:\/\/marekkuchcinski.pl\/#\/schema\/logo\/image\/\"}},{\"@type\":\"Person\",\"@id\":\"https:\/\/marekkuchcinski.pl\/#\/schema\/person\/6f62700996b4d950b6ea2d1183b6c6be\",\"name\":\"admin\",\"image\":{\"@type\":\"ImageObject\",\"inLanguage\":\"en-GB\",\"@id\":\"https:\/\/marekkuchcinski.pl\/#\/schema\/person\/image\/\",\"url\":\"https:\/\/secure.gravatar.com\/avatar\/4bab693b9d55c3d6b52c0296a8765085?s=96&d=mm&r=g\",\"contentUrl\":\"https:\/\/secure.gravatar.com\/avatar\/4bab693b9d55c3d6b52c0296a8765085?s=96&d=mm&r=g\",\"caption\":\"admin\"},\"url\":\"https:\/\/marekkuchcinski.pl\/en\/author\/marta-olejnik\/\"}]}<\/script>\n<!-- \/ Yoast SEO plugin. -->","yoast_head_json":{"title":"Marek Kuchci\u0144ski w Dniu Pami\u0119ci \u017bo\u0142nierzy Wykl\u0119tych: Na nas, obywatelach niepodleg\u0142ego pa\u0144stwa \u2013 pa\u0144stwa, o kt\u00f3rym marzyli \u2013 spoczywa odpowiedzialno\u015b\u0107 piel\u0119gnowania pami\u0119ci o dot\u0105d przemilczanych, cz\u0119sto bezimiennych bohaterach naszej wolno\u015bci &#8211; Marek Kuchci\u0144ski","robots":{"index":"index","follow":"follow","max-snippet":"max-snippet:-1","max-image-preview":"max-image-preview:large","max-video-preview":"max-video-preview:-1"},"canonical":"https:\/\/marekkuchcinski.pl\/en\/wydarzenia\/marek-kuchcinski-dniu-zolnierzy-wykletych-nas-obywatelach-niepodleglego-panstwa-panstwa-o-ktorym-marzyli-spoczywa-odpowiedzialnosc-pielegnowania-pamieci-o-dotad-przemilczan\/","og_locale":"en_GB","og_type":"article","og_title":"Marek Kuchci\u0144ski w Dniu Pami\u0119ci \u017bo\u0142nierzy Wykl\u0119tych: Na nas, obywatelach niepodleg\u0142ego pa\u0144stwa \u2013 pa\u0144stwa, o kt\u00f3rym marzyli \u2013 spoczywa odpowiedzialno\u015b\u0107 piel\u0119gnowania pami\u0119ci o dot\u0105d przemilczanych, cz\u0119sto bezimiennych bohaterach naszej wolno\u015bci &#8211; Marek Kuchci\u0144ski","og_description":"Nie zgodzili si\u0119 na to, by Polska sta\u0142a si\u0119 17. republik\u0105 radzieck\u0105. Nie godzili si\u0119 na niesprawiedliwo\u015b\u0107 i pogard\u0119. Katowani i prze\u015bladowani nie ulegli. Ojczyzn\u0119 stawiali wy\u017cej ni\u017c w\u0142asne \u017cycie. 1 marca obchodzimy Ich dzie\u0144, Dzie\u0144 \u017bo\u0142nierzy Wykl\u0119tych.\u00a0 Prezydent Andrzej Duda odznaczy\u0142 kombatant\u00f3w i osoby piel\u0119gnuj\u0105ce pami\u0119\u0107 o \u017bo\u0142nierzach Wykl\u0119tych.\u00a0Na uroczysto\u015bci obecny by\u0142\u00a0 m.in. marsza\u0142ek [&hellip;]","og_url":"https:\/\/marekkuchcinski.pl\/en\/wydarzenia\/marek-kuchcinski-dniu-zolnierzy-wykletych-nas-obywatelach-niepodleglego-panstwa-panstwa-o-ktorym-marzyli-spoczywa-odpowiedzialnosc-pielegnowania-pamieci-o-dotad-przemilczan\/","og_site_name":"Marek Kuchci\u0144ski","article_published_time":"2019-03-01T13:02:28+00:00","article_modified_time":"2019-03-02T09:51:39+00:00","og_image":[{"width":2048,"height":1279,"url":"https:\/\/marekkuchcinski.pl\/wp-content\/uploads\/2019\/03\/www7.jpg","type":"image\/jpeg"}],"author":"admin","twitter_card":"summary_large_image","twitter_misc":{"Written by":"admin","Estimated reading time":"3 minutes"},"schema":{"@context":"https:\/\/schema.org","@graph":[{"@type":"Article","@id":"https:\/\/marekkuchcinski.pl\/uk\/wydarzenia\/marek-kuchcinski-dniu-zolnierzy-wykletych-nas-obywatelach-niepodleglego-panstwa-panstwa-o-ktorym-marzyli-spoczywa-odpowiedzialnosc-pielegnowania-pamieci-o-dotad-przemilczan\/#article","isPartOf":{"@id":"https:\/\/marekkuchcinski.pl\/uk\/wydarzenia\/marek-kuchcinski-dniu-zolnierzy-wykletych-nas-obywatelach-niepodleglego-panstwa-panstwa-o-ktorym-marzyli-spoczywa-odpowiedzialnosc-pielegnowania-pamieci-o-dotad-przemilczan\/"},"author":{"name":"admin","@id":"https:\/\/marekkuchcinski.pl\/#\/schema\/person\/6f62700996b4d950b6ea2d1183b6c6be"},"headline":"Marek Kuchci\u0144ski w Dniu Pami\u0119ci \u017bo\u0142nierzy Wykl\u0119tych: Na nas, obywatelach niepodleg\u0142ego pa\u0144stwa \u2013 pa\u0144stwa, o kt\u00f3rym marzyli \u2013 spoczywa odpowiedzialno\u015b\u0107 piel\u0119gnowania pami\u0119ci o dot\u0105d przemilczanych, cz\u0119sto bezimiennych bohaterach naszej wolno\u015bci","datePublished":"2019-03-01T13:02:28+00:00","dateModified":"2019-03-02T09:51:39+00:00","mainEntityOfPage":{"@id":"https:\/\/marekkuchcinski.pl\/uk\/wydarzenia\/marek-kuchcinski-dniu-zolnierzy-wykletych-nas-obywatelach-niepodleglego-panstwa-panstwa-o-ktorym-marzyli-spoczywa-odpowiedzialnosc-pielegnowania-pamieci-o-dotad-przemilczan\/"},"wordCount":578,"commentCount":0,"publisher":{"@id":"https:\/\/marekkuchcinski.pl\/#organization"},"image":{"@id":"https:\/\/marekkuchcinski.pl\/uk\/wydarzenia\/marek-kuchcinski-dniu-zolnierzy-wykletych-nas-obywatelach-niepodleglego-panstwa-panstwa-o-ktorym-marzyli-spoczywa-odpowiedzialnosc-pielegnowania-pamieci-o-dotad-przemilczan\/#primaryimage"},"thumbnailUrl":"https:\/\/marekkuchcinski.pl\/wp-content\/uploads\/2019\/03\/www7.jpg","articleSection":["Wa\u017cne daty","Wydarzenia"],"inLanguage":"en-GB","potentialAction":[{"@type":"CommentAction","name":"Comment","target":["https:\/\/marekkuchcinski.pl\/uk\/wydarzenia\/marek-kuchcinski-dniu-zolnierzy-wykletych-nas-obywatelach-niepodleglego-panstwa-panstwa-o-ktorym-marzyli-spoczywa-odpowiedzialnosc-pielegnowania-pamieci-o-dotad-przemilczan\/#respond"]}]},{"@type":"WebPage","@id":"https:\/\/marekkuchcinski.pl\/uk\/wydarzenia\/marek-kuchcinski-dniu-zolnierzy-wykletych-nas-obywatelach-niepodleglego-panstwa-panstwa-o-ktorym-marzyli-spoczywa-odpowiedzialnosc-pielegnowania-pamieci-o-dotad-przemilczan\/","url":"https:\/\/marekkuchcinski.pl\/uk\/wydarzenia\/marek-kuchcinski-dniu-zolnierzy-wykletych-nas-obywatelach-niepodleglego-panstwa-panstwa-o-ktorym-marzyli-spoczywa-odpowiedzialnosc-pielegnowania-pamieci-o-dotad-przemilczan\/","name":"Marek Kuchci\u0144ski w Dniu Pami\u0119ci \u017bo\u0142nierzy Wykl\u0119tych: Na nas, obywatelach niepodleg\u0142ego pa\u0144stwa \u2013 pa\u0144stwa, o kt\u00f3rym marzyli \u2013 spoczywa odpowiedzialno\u015b\u0107 piel\u0119gnowania pami\u0119ci o dot\u0105d przemilczanych, cz\u0119sto bezimiennych bohaterach naszej wolno\u015bci &#8211; Marek Kuchci\u0144ski","isPartOf":{"@id":"https:\/\/marekkuchcinski.pl\/#website"},"primaryImageOfPage":{"@id":"https:\/\/marekkuchcinski.pl\/uk\/wydarzenia\/marek-kuchcinski-dniu-zolnierzy-wykletych-nas-obywatelach-niepodleglego-panstwa-panstwa-o-ktorym-marzyli-spoczywa-odpowiedzialnosc-pielegnowania-pamieci-o-dotad-przemilczan\/#primaryimage"},"image":{"@id":"https:\/\/marekkuchcinski.pl\/uk\/wydarzenia\/marek-kuchcinski-dniu-zolnierzy-wykletych-nas-obywatelach-niepodleglego-panstwa-panstwa-o-ktorym-marzyli-spoczywa-odpowiedzialnosc-pielegnowania-pamieci-o-dotad-przemilczan\/#primaryimage"},"thumbnailUrl":"https:\/\/marekkuchcinski.pl\/wp-content\/uploads\/2019\/03\/www7.jpg","datePublished":"2019-03-01T13:02:28+00:00","dateModified":"2019-03-02T09:51:39+00:00","breadcrumb":{"@id":"https:\/\/marekkuchcinski.pl\/uk\/wydarzenia\/marek-kuchcinski-dniu-zolnierzy-wykletych-nas-obywatelach-niepodleglego-panstwa-panstwa-o-ktorym-marzyli-spoczywa-odpowiedzialnosc-pielegnowania-pamieci-o-dotad-przemilczan\/#breadcrumb"},"inLanguage":"en-GB","potentialAction":[{"@type":"ReadAction","target":["https:\/\/marekkuchcinski.pl\/uk\/wydarzenia\/marek-kuchcinski-dniu-zolnierzy-wykletych-nas-obywatelach-niepodleglego-panstwa-panstwa-o-ktorym-marzyli-spoczywa-odpowiedzialnosc-pielegnowania-pamieci-o-dotad-przemilczan\/"]}]},{"@type":"ImageObject","inLanguage":"en-GB","@id":"https:\/\/marekkuchcinski.pl\/uk\/wydarzenia\/marek-kuchcinski-dniu-zolnierzy-wykletych-nas-obywatelach-niepodleglego-panstwa-panstwa-o-ktorym-marzyli-spoczywa-odpowiedzialnosc-pielegnowania-pamieci-o-dotad-przemilczan\/#primaryimage","url":"https:\/\/marekkuchcinski.pl\/wp-content\/uploads\/2019\/03\/www7.jpg","contentUrl":"https:\/\/marekkuchcinski.pl\/wp-content\/uploads\/2019\/03\/www7.jpg","width":2048,"height":1279},{"@type":"BreadcrumbList","@id":"https:\/\/marekkuchcinski.pl\/uk\/wydarzenia\/marek-kuchcinski-dniu-zolnierzy-wykletych-nas-obywatelach-niepodleglego-panstwa-panstwa-o-ktorym-marzyli-spoczywa-odpowiedzialnosc-pielegnowania-pamieci-o-dotad-przemilczan\/#breadcrumb","itemListElement":[{"@type":"ListItem","position":1,"name":"Strona g\u0142\u00f3wna","item":"https:\/\/marekkuchcinski.pl\/"},{"@type":"ListItem","position":2,"name":"Marek Kuchci\u0144ski w Dniu Pami\u0119ci \u017bo\u0142nierzy Wykl\u0119tych: Na nas, obywatelach niepodleg\u0142ego pa\u0144stwa \u2013 pa\u0144stwa, o kt\u00f3rym marzyli \u2013 spoczywa odpowiedzialno\u015b\u0107 piel\u0119gnowania pami\u0119ci o dot\u0105d przemilczanych, cz\u0119sto bezimiennych bohaterach naszej wolno\u015bci"}]},{"@type":"WebSite","@id":"https:\/\/marekkuchcinski.pl\/#website","url":"https:\/\/marekkuchcinski.pl\/","name":"Marek Kuchci\u0144ski","description":"Pose\u0142 na sejm RP &ndash; okr\u0119g nr 22","publisher":{"@id":"https:\/\/marekkuchcinski.pl\/#organization"},"potentialAction":[{"@type":"SearchAction","target":{"@type":"EntryPoint","urlTemplate":"https:\/\/marekkuchcinski.pl\/?s={search_term_string}"},"query-input":{"@type":"PropertyValueSpecification","valueRequired":true,"valueName":"search_term_string"}}],"inLanguage":"en-GB"},{"@type":"Organization","@id":"https:\/\/marekkuchcinski.pl\/#organization","name":"Marek Kuchci\u0144ski","url":"https:\/\/marekkuchcinski.pl\/","logo":{"@type":"ImageObject","inLanguage":"en-GB","@id":"https:\/\/marekkuchcinski.pl\/#\/schema\/logo\/image\/","url":"https:\/\/marekkuchcinski.pl\/wp-content\/uploads\/2022\/09\/Marek.jpg","contentUrl":"https:\/\/marekkuchcinski.pl\/wp-content\/uploads\/2022\/09\/Marek.jpg","width":1600,"height":971,"caption":"Marek Kuchci\u0144ski"},"image":{"@id":"https:\/\/marekkuchcinski.pl\/#\/schema\/logo\/image\/"}},{"@type":"Person","@id":"https:\/\/marekkuchcinski.pl\/#\/schema\/person\/6f62700996b4d950b6ea2d1183b6c6be","name":"admin","image":{"@type":"ImageObject","inLanguage":"en-GB","@id":"https:\/\/marekkuchcinski.pl\/#\/schema\/person\/image\/","url":"https:\/\/secure.gravatar.com\/avatar\/4bab693b9d55c3d6b52c0296a8765085?s=96&d=mm&r=g","contentUrl":"https:\/\/secure.gravatar.com\/avatar\/4bab693b9d55c3d6b52c0296a8765085?s=96&d=mm&r=g","caption":"admin"},"url":"https:\/\/marekkuchcinski.pl\/en\/author\/marta-olejnik\/"}]}},"_links":{"self":[{"href":"https:\/\/marekkuchcinski.pl\/en\/wp-json\/wp\/v2\/posts\/13415","targetHints":{"allow":["GET"]}}],"collection":[{"href":"https:\/\/marekkuchcinski.pl\/en\/wp-json\/wp\/v2\/posts"}],"about":[{"href":"https:\/\/marekkuchcinski.pl\/en\/wp-json\/wp\/v2\/types\/post"}],"author":[{"embeddable":true,"href":"https:\/\/marekkuchcinski.pl\/en\/wp-json\/wp\/v2\/users\/6"}],"replies":[{"embeddable":true,"href":"https:\/\/marekkuchcinski.pl\/en\/wp-json\/wp\/v2\/comments?post=13415"}],"version-history":[{"count":16,"href":"https:\/\/marekkuchcinski.pl\/en\/wp-json\/wp\/v2\/posts\/13415\/revisions"}],"predecessor-version":[{"id":13472,"href":"https:\/\/marekkuchcinski.pl\/en\/wp-json\/wp\/v2\/posts\/13415\/revisions\/13472"}],"wp:featuredmedia":[{"embeddable":true,"href":"https:\/\/marekkuchcinski.pl\/en\/wp-json\/wp\/v2\/media\/13447"}],"wp:attachment":[{"href":"https:\/\/marekkuchcinski.pl\/en\/wp-json\/wp\/v2\/media?parent=13415"}],"wp:term":[{"taxonomy":"category","embeddable":true,"href":"https:\/\/marekkuchcinski.pl\/en\/wp-json\/wp\/v2\/categories?post=13415"},{"taxonomy":"post_tag","embeddable":true,"href":"https:\/\/marekkuchcinski.pl\/en\/wp-json\/wp\/v2\/tags?post=13415"}],"curies":[{"name":"wp","href":"https:\/\/api.w.org\/{rel}","templated":true}]}}