{"id":13123,"date":"2019-02-16T23:22:46","date_gmt":"2019-02-16T22:22:46","guid":{"rendered":"https:\/\/marekkuchcinski.pl\/?p=13123"},"modified":"2019-02-16T23:32:27","modified_gmt":"2019-02-16T22:32:27","slug":"ostatnia-droga-sp-premiera-jana-olszewskiego","status":"publish","type":"post","link":"https:\/\/marekkuchcinski.pl\/en\/wydarzenia\/ostatnia-droga-sp-premiera-jana-olszewskiego\/","title":{"rendered":"The Last Road of the late Prime Minister Jan Olszewski"},"content":{"rendered":"<p><strong>Jan Olszewski, soldier of the Grey Regiments, Prime Minister, MP, lawyer, defender in political trials, publicist. A great man.<\/strong><\/p>\n<p>He said of his government (1991-1992):<br \/>\n<em>I believe that it was the first attempt to reverse the course of Polish history, which was determined by the assumptions of people who were fully aware in the 1980s that the communist system could not be maintained in the form in which it had existed so far...<\/em><br \/>\n<em> From our side it was the first attempt to reverse this situation. An attempt to prevent the building of an oligarchic state on the foundations of the People's Republic of Poland. An attempt to undertake the task of building a democratic civil state. In my opinion, at that time the attempt was already at least two years late. Therefore it had minimal chances for realization. But it had to be made. The second opportunity came only 15 years later (the Law and Justice government of 2005-07), and the third one is today (the Law and Justice government of 2015).<\/em><\/p>\n<p>Jan Olszewski was accompanied on his last journey by his relatives, the President, the Speakers of the Sejm and Senate, the Prime Minister, parliamentarians, veterans...<\/p>\n<p>He was buried at the Military Powazki cemetery in Warsaw.<\/p>\n<p><a href=\"https:\/\/marekkuchcinski.pl\/wp-content\/uploads\/2019\/02\/46377380044_9bed857d27_o.view_.jpg\"><img fetchpriority=\"high\" decoding=\"async\" class=\"alignnone size-full wp-image-13125\" src=\"https:\/\/marekkuchcinski.pl\/wp-content\/uploads\/2019\/02\/46377380044_9bed857d27_o.view_.jpg\" alt=\"46377380044_9bed857d27_o.view\" width=\"800\" height=\"533\" srcset=\"https:\/\/marekkuchcinski.pl\/wp-content\/uploads\/2019\/02\/46377380044_9bed857d27_o.view_.jpg 800w, https:\/\/marekkuchcinski.pl\/wp-content\/uploads\/2019\/02\/46377380044_9bed857d27_o.view_-300x200.jpg 300w, https:\/\/marekkuchcinski.pl\/wp-content\/uploads\/2019\/02\/46377380044_9bed857d27_o.view_-768x512.jpg 768w\" sizes=\"(max-width: 800px) 100vw, 800px\" \/><\/a>KPRM: Friday - tribute to Jan Olszewski is paid by the Speaker of the Sejm Marek Kuchci\u0144ski, <em>Photo: Lukasz Blasikiewicz<\/em><a href=\"https:\/\/marekkuchcinski.pl\/wp-content\/uploads\/2019\/02\/LB1_8611.view_.jpg\"><img decoding=\"async\" class=\"alignnone size-full wp-image-13124\" src=\"https:\/\/marekkuchcinski.pl\/wp-content\/uploads\/2019\/02\/LB1_8611.view_.jpg\" alt=\"LB1_8611.view\" width=\"800\" height=\"533\" srcset=\"https:\/\/marekkuchcinski.pl\/wp-content\/uploads\/2019\/02\/LB1_8611.view_.jpg 800w, https:\/\/marekkuchcinski.pl\/wp-content\/uploads\/2019\/02\/LB1_8611.view_-300x200.jpg 300w, https:\/\/marekkuchcinski.pl\/wp-content\/uploads\/2019\/02\/LB1_8611.view_-768x512.jpg 768w\" sizes=\"(max-width: 800px) 100vw, 800px\" \/><\/a><a href=\"https:\/\/marekkuchcinski.pl\/wp-content\/uploads\/2019\/02\/LB1_9376.view_.jpg\"><img decoding=\"async\" class=\"alignnone size-full wp-image-13131\" src=\"https:\/\/marekkuchcinski.pl\/wp-content\/uploads\/2019\/02\/LB1_9376.view_.jpg\" alt=\"LB1_9376.view\" width=\"800\" height=\"533\" srcset=\"https:\/\/marekkuchcinski.pl\/wp-content\/uploads\/2019\/02\/LB1_9376.view_.jpg 800w, https:\/\/marekkuchcinski.pl\/wp-content\/uploads\/2019\/02\/LB1_9376.view_-300x200.jpg 300w, https:\/\/marekkuchcinski.pl\/wp-content\/uploads\/2019\/02\/LB1_9376.view_-768x512.jpg 768w\" sizes=\"(max-width: 800px) 100vw, 800px\" \/><\/a> On Saturday, before noon, the coffin containing the body of Jan Olszewski was brought to the Archcathedral Basilica of St. John the Baptist, where a funeral mass was celebrated.<a href=\"https:\/\/marekkuchcinski.pl\/wp-content\/uploads\/2019\/02\/RZ__2195.view_.jpg\"><img loading=\"lazy\" decoding=\"async\" class=\"alignnone size-full wp-image-13126\" src=\"https:\/\/marekkuchcinski.pl\/wp-content\/uploads\/2019\/02\/RZ__2195.view_.jpg\" alt=\"RZ__2195.view\" width=\"800\" height=\"533\" srcset=\"https:\/\/marekkuchcinski.pl\/wp-content\/uploads\/2019\/02\/RZ__2195.view_.jpg 800w, https:\/\/marekkuchcinski.pl\/wp-content\/uploads\/2019\/02\/RZ__2195.view_-300x200.jpg 300w, https:\/\/marekkuchcinski.pl\/wp-content\/uploads\/2019\/02\/RZ__2195.view_-768x512.jpg 768w\" sizes=\"(max-width: 800px) 100vw, 800px\" \/><\/a>Soldiers of the Home Army, Warsaw insurgents and anti-communist opposition activists bid farewell to Prime Minister Olszewski at the Warsaw Uprising Monument<a href=\"https:\/\/marekkuchcinski.pl\/wp-content\/uploads\/2019\/02\/RZ__1998.view_.jpg\"><img loading=\"lazy\" decoding=\"async\" class=\"alignnone size-full wp-image-13128\" src=\"https:\/\/marekkuchcinski.pl\/wp-content\/uploads\/2019\/02\/RZ__1998.view_.jpg\" alt=\"RZ__1998.view\" width=\"800\" height=\"533\" srcset=\"https:\/\/marekkuchcinski.pl\/wp-content\/uploads\/2019\/02\/RZ__1998.view_.jpg 800w, https:\/\/marekkuchcinski.pl\/wp-content\/uploads\/2019\/02\/RZ__1998.view_-300x200.jpg 300w, https:\/\/marekkuchcinski.pl\/wp-content\/uploads\/2019\/02\/RZ__1998.view_-768x512.jpg 768w\" sizes=\"(max-width: 800px) 100vw, 800px\" \/><\/a><em>Photo: Rafa\u0142 Zambrzycki\/ Sejm<\/em><\/p>\n<p><em>An attempt to build a civic state - Piotr Woyciechowski interviewed by Jan Olszewski<\/em><\/p>","protected":false},"excerpt":{"rendered":"<p>Jan Olszewski, \u017co\u0142nierz Szarych Szereg\u00f3w,\u00a0premier, pose\u0142, adwokat, obro\u0144ca w procesach politycznych, publicysta. Wielki cz\u0142owiek. O swoim rz\u0105dzie (1991\u20131992) m\u00f3wi\u0142: Uwa\u017cam, \u017ce by\u0142a to pierwsza pr\u00f3ba odwr\u00f3cenia biegu historii Polski, kt\u00f3ry zosta\u0142 zdeterminowany za\u0142o\u017ceniami ludzi maj\u0105cych w latach 80. ubieg\u0142ego wieku pe\u0142n\u0105 \u015bwiadomo\u015b\u0107, \u017ce ustroju komunistycznego nie da si\u0119 utrzyma\u0107 w takiej formie, w jakiej dotychczas [&hellip;]<\/p>","protected":false},"author":6,"featured_media":13125,"comment_status":"open","ping_status":"open","sticky":false,"template":"","format":"standard","meta":{"ngg_post_thumbnail":0,"footnotes":""},"categories":[3],"tags":[],"class_list":["post-13123","post","type-post","status-publish","format-standard","has-post-thumbnail","hentry","category-wydarzenia"],"yoast_head":"<!-- This site is optimized with the Yoast SEO plugin v24.7 - https:\/\/yoast.com\/wordpress\/plugins\/seo\/ -->\n<title>Ostatnia droga \u015bp. premiera Jana Olszewskiego &#8211; Marek Kuchci\u0144ski<\/title>\n<meta name=\"robots\" content=\"index, follow, max-snippet:-1, max-image-preview:large, max-video-preview:-1\" \/>\n<link rel=\"canonical\" href=\"https:\/\/marekkuchcinski.pl\/en\/wydarzenia\/ostatnia-droga-sp-premiera-jana-olszewskiego\/\" \/>\n<meta property=\"og:locale\" content=\"en_GB\" \/>\n<meta property=\"og:type\" content=\"article\" \/>\n<meta property=\"og:title\" content=\"Ostatnia droga \u015bp. premiera Jana Olszewskiego &#8211; Marek Kuchci\u0144ski\" \/>\n<meta property=\"og:description\" content=\"Jan Olszewski, \u017co\u0142nierz Szarych Szereg\u00f3w,\u00a0premier, pose\u0142, adwokat, obro\u0144ca w procesach politycznych, publicysta. Wielki cz\u0142owiek. O swoim rz\u0105dzie (1991\u20131992) m\u00f3wi\u0142: Uwa\u017cam, \u017ce by\u0142a to pierwsza pr\u00f3ba odwr\u00f3cenia biegu historii Polski, kt\u00f3ry zosta\u0142 zdeterminowany za\u0142o\u017ceniami ludzi maj\u0105cych w latach 80. ubieg\u0142ego wieku pe\u0142n\u0105 \u015bwiadomo\u015b\u0107, \u017ce ustroju komunistycznego nie da si\u0119 utrzyma\u0107 w takiej formie, w jakiej dotychczas [&hellip;]\" \/>\n<meta property=\"og:url\" content=\"https:\/\/marekkuchcinski.pl\/en\/wydarzenia\/ostatnia-droga-sp-premiera-jana-olszewskiego\/\" \/>\n<meta property=\"og:site_name\" content=\"Marek Kuchci\u0144ski\" \/>\n<meta property=\"article:published_time\" content=\"2019-02-16T22:22:46+00:00\" \/>\n<meta property=\"article:modified_time\" content=\"2019-02-16T22:32:27+00:00\" \/>\n<meta property=\"og:image\" content=\"https:\/\/marekkuchcinski.pl\/wp-content\/uploads\/2019\/02\/46377380044_9bed857d27_o.view_.jpg\" \/>\n\t<meta property=\"og:image:width\" content=\"800\" \/>\n\t<meta property=\"og:image:height\" content=\"533\" \/>\n\t<meta property=\"og:image:type\" content=\"image\/jpeg\" \/>\n<meta name=\"author\" content=\"admin\" \/>\n<meta name=\"twitter:card\" content=\"summary_large_image\" \/>\n<meta name=\"twitter:label1\" content=\"Written by\" \/>\n\t<meta name=\"twitter:data1\" content=\"admin\" \/>\n\t<meta name=\"twitter:label2\" content=\"Estimated reading time\" \/>\n\t<meta name=\"twitter:data2\" content=\"1 minute\" \/>\n<script type=\"application\/ld+json\" class=\"yoast-schema-graph\">{\"@context\":\"https:\/\/schema.org\",\"@graph\":[{\"@type\":\"Article\",\"@id\":\"https:\/\/marekkuchcinski.pl\/sk\/wydarzenia\/ostatnia-droga-sp-premiera-jana-olszewskiego\/#article\",\"isPartOf\":{\"@id\":\"https:\/\/marekkuchcinski.pl\/sk\/wydarzenia\/ostatnia-droga-sp-premiera-jana-olszewskiego\/\"},\"author\":{\"name\":\"admin\",\"@id\":\"https:\/\/marekkuchcinski.pl\/#\/schema\/person\/6f62700996b4d950b6ea2d1183b6c6be\"},\"headline\":\"Ostatnia droga \u015bp. premiera Jana Olszewskiego\",\"datePublished\":\"2019-02-16T22:22:46+00:00\",\"dateModified\":\"2019-02-16T22:32:27+00:00\",\"mainEntityOfPage\":{\"@id\":\"https:\/\/marekkuchcinski.pl\/sk\/wydarzenia\/ostatnia-droga-sp-premiera-jana-olszewskiego\/\"},\"wordCount\":276,\"commentCount\":0,\"publisher\":{\"@id\":\"https:\/\/marekkuchcinski.pl\/#organization\"},\"image\":{\"@id\":\"https:\/\/marekkuchcinski.pl\/sk\/wydarzenia\/ostatnia-droga-sp-premiera-jana-olszewskiego\/#primaryimage\"},\"thumbnailUrl\":\"https:\/\/marekkuchcinski.pl\/wp-content\/uploads\/2019\/02\/46377380044_9bed857d27_o.view_.jpg\",\"articleSection\":[\"Wydarzenia\"],\"inLanguage\":\"en-GB\",\"potentialAction\":[{\"@type\":\"CommentAction\",\"name\":\"Comment\",\"target\":[\"https:\/\/marekkuchcinski.pl\/sk\/wydarzenia\/ostatnia-droga-sp-premiera-jana-olszewskiego\/#respond\"]}]},{\"@type\":\"WebPage\",\"@id\":\"https:\/\/marekkuchcinski.pl\/sk\/wydarzenia\/ostatnia-droga-sp-premiera-jana-olszewskiego\/\",\"url\":\"https:\/\/marekkuchcinski.pl\/sk\/wydarzenia\/ostatnia-droga-sp-premiera-jana-olszewskiego\/\",\"name\":\"Ostatnia droga \u015bp. premiera Jana Olszewskiego &#8211; Marek Kuchci\u0144ski\",\"isPartOf\":{\"@id\":\"https:\/\/marekkuchcinski.pl\/#website\"},\"primaryImageOfPage\":{\"@id\":\"https:\/\/marekkuchcinski.pl\/sk\/wydarzenia\/ostatnia-droga-sp-premiera-jana-olszewskiego\/#primaryimage\"},\"image\":{\"@id\":\"https:\/\/marekkuchcinski.pl\/sk\/wydarzenia\/ostatnia-droga-sp-premiera-jana-olszewskiego\/#primaryimage\"},\"thumbnailUrl\":\"https:\/\/marekkuchcinski.pl\/wp-content\/uploads\/2019\/02\/46377380044_9bed857d27_o.view_.jpg\",\"datePublished\":\"2019-02-16T22:22:46+00:00\",\"dateModified\":\"2019-02-16T22:32:27+00:00\",\"breadcrumb\":{\"@id\":\"https:\/\/marekkuchcinski.pl\/sk\/wydarzenia\/ostatnia-droga-sp-premiera-jana-olszewskiego\/#breadcrumb\"},\"inLanguage\":\"en-GB\",\"potentialAction\":[{\"@type\":\"ReadAction\",\"target\":[\"https:\/\/marekkuchcinski.pl\/sk\/wydarzenia\/ostatnia-droga-sp-premiera-jana-olszewskiego\/\"]}]},{\"@type\":\"ImageObject\",\"inLanguage\":\"en-GB\",\"@id\":\"https:\/\/marekkuchcinski.pl\/sk\/wydarzenia\/ostatnia-droga-sp-premiera-jana-olszewskiego\/#primaryimage\",\"url\":\"https:\/\/marekkuchcinski.pl\/wp-content\/uploads\/2019\/02\/46377380044_9bed857d27_o.view_.jpg\",\"contentUrl\":\"https:\/\/marekkuchcinski.pl\/wp-content\/uploads\/2019\/02\/46377380044_9bed857d27_o.view_.jpg\",\"width\":800,\"height\":533},{\"@type\":\"BreadcrumbList\",\"@id\":\"https:\/\/marekkuchcinski.pl\/sk\/wydarzenia\/ostatnia-droga-sp-premiera-jana-olszewskiego\/#breadcrumb\",\"itemListElement\":[{\"@type\":\"ListItem\",\"position\":1,\"name\":\"Strona g\u0142\u00f3wna\",\"item\":\"https:\/\/marekkuchcinski.pl\/\"},{\"@type\":\"ListItem\",\"position\":2,\"name\":\"Ostatnia droga \u015bp. premiera Jana Olszewskiego\"}]},{\"@type\":\"WebSite\",\"@id\":\"https:\/\/marekkuchcinski.pl\/#website\",\"url\":\"https:\/\/marekkuchcinski.pl\/\",\"name\":\"Marek Kuchci\u0144ski\",\"description\":\"Pose\u0142 na sejm RP &ndash; okr\u0119g nr 22\",\"publisher\":{\"@id\":\"https:\/\/marekkuchcinski.pl\/#organization\"},\"potentialAction\":[{\"@type\":\"SearchAction\",\"target\":{\"@type\":\"EntryPoint\",\"urlTemplate\":\"https:\/\/marekkuchcinski.pl\/?s={search_term_string}\"},\"query-input\":{\"@type\":\"PropertyValueSpecification\",\"valueRequired\":true,\"valueName\":\"search_term_string\"}}],\"inLanguage\":\"en-GB\"},{\"@type\":\"Organization\",\"@id\":\"https:\/\/marekkuchcinski.pl\/#organization\",\"name\":\"Marek Kuchci\u0144ski\",\"url\":\"https:\/\/marekkuchcinski.pl\/\",\"logo\":{\"@type\":\"ImageObject\",\"inLanguage\":\"en-GB\",\"@id\":\"https:\/\/marekkuchcinski.pl\/#\/schema\/logo\/image\/\",\"url\":\"https:\/\/marekkuchcinski.pl\/wp-content\/uploads\/2022\/09\/Marek.jpg\",\"contentUrl\":\"https:\/\/marekkuchcinski.pl\/wp-content\/uploads\/2022\/09\/Marek.jpg\",\"width\":1600,\"height\":971,\"caption\":\"Marek Kuchci\u0144ski\"},\"image\":{\"@id\":\"https:\/\/marekkuchcinski.pl\/#\/schema\/logo\/image\/\"}},{\"@type\":\"Person\",\"@id\":\"https:\/\/marekkuchcinski.pl\/#\/schema\/person\/6f62700996b4d950b6ea2d1183b6c6be\",\"name\":\"admin\",\"image\":{\"@type\":\"ImageObject\",\"inLanguage\":\"en-GB\",\"@id\":\"https:\/\/marekkuchcinski.pl\/#\/schema\/person\/image\/\",\"url\":\"https:\/\/secure.gravatar.com\/avatar\/4bab693b9d55c3d6b52c0296a8765085?s=96&d=mm&r=g\",\"contentUrl\":\"https:\/\/secure.gravatar.com\/avatar\/4bab693b9d55c3d6b52c0296a8765085?s=96&d=mm&r=g\",\"caption\":\"admin\"},\"url\":\"https:\/\/marekkuchcinski.pl\/en\/author\/marta-olejnik\/\"}]}<\/script>\n<!-- \/ Yoast SEO plugin. -->","yoast_head_json":{"title":"Ostatnia droga \u015bp. premiera Jana Olszewskiego &#8211; Marek Kuchci\u0144ski","robots":{"index":"index","follow":"follow","max-snippet":"max-snippet:-1","max-image-preview":"max-image-preview:large","max-video-preview":"max-video-preview:-1"},"canonical":"https:\/\/marekkuchcinski.pl\/en\/wydarzenia\/ostatnia-droga-sp-premiera-jana-olszewskiego\/","og_locale":"en_GB","og_type":"article","og_title":"Ostatnia droga \u015bp. premiera Jana Olszewskiego &#8211; Marek Kuchci\u0144ski","og_description":"Jan Olszewski, \u017co\u0142nierz Szarych Szereg\u00f3w,\u00a0premier, pose\u0142, adwokat, obro\u0144ca w procesach politycznych, publicysta. Wielki cz\u0142owiek. O swoim rz\u0105dzie (1991\u20131992) m\u00f3wi\u0142: Uwa\u017cam, \u017ce by\u0142a to pierwsza pr\u00f3ba odwr\u00f3cenia biegu historii Polski, kt\u00f3ry zosta\u0142 zdeterminowany za\u0142o\u017ceniami ludzi maj\u0105cych w latach 80. ubieg\u0142ego wieku pe\u0142n\u0105 \u015bwiadomo\u015b\u0107, \u017ce ustroju komunistycznego nie da si\u0119 utrzyma\u0107 w takiej formie, w jakiej dotychczas [&hellip;]","og_url":"https:\/\/marekkuchcinski.pl\/en\/wydarzenia\/ostatnia-droga-sp-premiera-jana-olszewskiego\/","og_site_name":"Marek Kuchci\u0144ski","article_published_time":"2019-02-16T22:22:46+00:00","article_modified_time":"2019-02-16T22:32:27+00:00","og_image":[{"width":800,"height":533,"url":"https:\/\/marekkuchcinski.pl\/wp-content\/uploads\/2019\/02\/46377380044_9bed857d27_o.view_.jpg","type":"image\/jpeg"}],"author":"admin","twitter_card":"summary_large_image","twitter_misc":{"Written by":"admin","Estimated reading time":"1 minute"},"schema":{"@context":"https:\/\/schema.org","@graph":[{"@type":"Article","@id":"https:\/\/marekkuchcinski.pl\/sk\/wydarzenia\/ostatnia-droga-sp-premiera-jana-olszewskiego\/#article","isPartOf":{"@id":"https:\/\/marekkuchcinski.pl\/sk\/wydarzenia\/ostatnia-droga-sp-premiera-jana-olszewskiego\/"},"author":{"name":"admin","@id":"https:\/\/marekkuchcinski.pl\/#\/schema\/person\/6f62700996b4d950b6ea2d1183b6c6be"},"headline":"Ostatnia droga \u015bp. premiera Jana Olszewskiego","datePublished":"2019-02-16T22:22:46+00:00","dateModified":"2019-02-16T22:32:27+00:00","mainEntityOfPage":{"@id":"https:\/\/marekkuchcinski.pl\/sk\/wydarzenia\/ostatnia-droga-sp-premiera-jana-olszewskiego\/"},"wordCount":276,"commentCount":0,"publisher":{"@id":"https:\/\/marekkuchcinski.pl\/#organization"},"image":{"@id":"https:\/\/marekkuchcinski.pl\/sk\/wydarzenia\/ostatnia-droga-sp-premiera-jana-olszewskiego\/#primaryimage"},"thumbnailUrl":"https:\/\/marekkuchcinski.pl\/wp-content\/uploads\/2019\/02\/46377380044_9bed857d27_o.view_.jpg","articleSection":["Wydarzenia"],"inLanguage":"en-GB","potentialAction":[{"@type":"CommentAction","name":"Comment","target":["https:\/\/marekkuchcinski.pl\/sk\/wydarzenia\/ostatnia-droga-sp-premiera-jana-olszewskiego\/#respond"]}]},{"@type":"WebPage","@id":"https:\/\/marekkuchcinski.pl\/sk\/wydarzenia\/ostatnia-droga-sp-premiera-jana-olszewskiego\/","url":"https:\/\/marekkuchcinski.pl\/sk\/wydarzenia\/ostatnia-droga-sp-premiera-jana-olszewskiego\/","name":"Ostatnia droga \u015bp. premiera Jana Olszewskiego &#8211; Marek Kuchci\u0144ski","isPartOf":{"@id":"https:\/\/marekkuchcinski.pl\/#website"},"primaryImageOfPage":{"@id":"https:\/\/marekkuchcinski.pl\/sk\/wydarzenia\/ostatnia-droga-sp-premiera-jana-olszewskiego\/#primaryimage"},"image":{"@id":"https:\/\/marekkuchcinski.pl\/sk\/wydarzenia\/ostatnia-droga-sp-premiera-jana-olszewskiego\/#primaryimage"},"thumbnailUrl":"https:\/\/marekkuchcinski.pl\/wp-content\/uploads\/2019\/02\/46377380044_9bed857d27_o.view_.jpg","datePublished":"2019-02-16T22:22:46+00:00","dateModified":"2019-02-16T22:32:27+00:00","breadcrumb":{"@id":"https:\/\/marekkuchcinski.pl\/sk\/wydarzenia\/ostatnia-droga-sp-premiera-jana-olszewskiego\/#breadcrumb"},"inLanguage":"en-GB","potentialAction":[{"@type":"ReadAction","target":["https:\/\/marekkuchcinski.pl\/sk\/wydarzenia\/ostatnia-droga-sp-premiera-jana-olszewskiego\/"]}]},{"@type":"ImageObject","inLanguage":"en-GB","@id":"https:\/\/marekkuchcinski.pl\/sk\/wydarzenia\/ostatnia-droga-sp-premiera-jana-olszewskiego\/#primaryimage","url":"https:\/\/marekkuchcinski.pl\/wp-content\/uploads\/2019\/02\/46377380044_9bed857d27_o.view_.jpg","contentUrl":"https:\/\/marekkuchcinski.pl\/wp-content\/uploads\/2019\/02\/46377380044_9bed857d27_o.view_.jpg","width":800,"height":533},{"@type":"BreadcrumbList","@id":"https:\/\/marekkuchcinski.pl\/sk\/wydarzenia\/ostatnia-droga-sp-premiera-jana-olszewskiego\/#breadcrumb","itemListElement":[{"@type":"ListItem","position":1,"name":"Strona g\u0142\u00f3wna","item":"https:\/\/marekkuchcinski.pl\/"},{"@type":"ListItem","position":2,"name":"Ostatnia droga \u015bp. premiera Jana Olszewskiego"}]},{"@type":"WebSite","@id":"https:\/\/marekkuchcinski.pl\/#website","url":"https:\/\/marekkuchcinski.pl\/","name":"Marek Kuchci\u0144ski","description":"Pose\u0142 na sejm RP &ndash; okr\u0119g nr 22","publisher":{"@id":"https:\/\/marekkuchcinski.pl\/#organization"},"potentialAction":[{"@type":"SearchAction","target":{"@type":"EntryPoint","urlTemplate":"https:\/\/marekkuchcinski.pl\/?s={search_term_string}"},"query-input":{"@type":"PropertyValueSpecification","valueRequired":true,"valueName":"search_term_string"}}],"inLanguage":"en-GB"},{"@type":"Organization","@id":"https:\/\/marekkuchcinski.pl\/#organization","name":"Marek Kuchci\u0144ski","url":"https:\/\/marekkuchcinski.pl\/","logo":{"@type":"ImageObject","inLanguage":"en-GB","@id":"https:\/\/marekkuchcinski.pl\/#\/schema\/logo\/image\/","url":"https:\/\/marekkuchcinski.pl\/wp-content\/uploads\/2022\/09\/Marek.jpg","contentUrl":"https:\/\/marekkuchcinski.pl\/wp-content\/uploads\/2022\/09\/Marek.jpg","width":1600,"height":971,"caption":"Marek Kuchci\u0144ski"},"image":{"@id":"https:\/\/marekkuchcinski.pl\/#\/schema\/logo\/image\/"}},{"@type":"Person","@id":"https:\/\/marekkuchcinski.pl\/#\/schema\/person\/6f62700996b4d950b6ea2d1183b6c6be","name":"admin","image":{"@type":"ImageObject","inLanguage":"en-GB","@id":"https:\/\/marekkuchcinski.pl\/#\/schema\/person\/image\/","url":"https:\/\/secure.gravatar.com\/avatar\/4bab693b9d55c3d6b52c0296a8765085?s=96&d=mm&r=g","contentUrl":"https:\/\/secure.gravatar.com\/avatar\/4bab693b9d55c3d6b52c0296a8765085?s=96&d=mm&r=g","caption":"admin"},"url":"https:\/\/marekkuchcinski.pl\/en\/author\/marta-olejnik\/"}]}},"_links":{"self":[{"href":"https:\/\/marekkuchcinski.pl\/en\/wp-json\/wp\/v2\/posts\/13123","targetHints":{"allow":["GET"]}}],"collection":[{"href":"https:\/\/marekkuchcinski.pl\/en\/wp-json\/wp\/v2\/posts"}],"about":[{"href":"https:\/\/marekkuchcinski.pl\/en\/wp-json\/wp\/v2\/types\/post"}],"author":[{"embeddable":true,"href":"https:\/\/marekkuchcinski.pl\/en\/wp-json\/wp\/v2\/users\/6"}],"replies":[{"embeddable":true,"href":"https:\/\/marekkuchcinski.pl\/en\/wp-json\/wp\/v2\/comments?post=13123"}],"version-history":[{"count":12,"href":"https:\/\/marekkuchcinski.pl\/en\/wp-json\/wp\/v2\/posts\/13123\/revisions"}],"predecessor-version":[{"id":13144,"href":"https:\/\/marekkuchcinski.pl\/en\/wp-json\/wp\/v2\/posts\/13123\/revisions\/13144"}],"wp:featuredmedia":[{"embeddable":true,"href":"https:\/\/marekkuchcinski.pl\/en\/wp-json\/wp\/v2\/media\/13125"}],"wp:attachment":[{"href":"https:\/\/marekkuchcinski.pl\/en\/wp-json\/wp\/v2\/media?parent=13123"}],"wp:term":[{"taxonomy":"category","embeddable":true,"href":"https:\/\/marekkuchcinski.pl\/en\/wp-json\/wp\/v2\/categories?post=13123"},{"taxonomy":"post_tag","embeddable":true,"href":"https:\/\/marekkuchcinski.pl\/en\/wp-json\/wp\/v2\/tags?post=13123"}],"curies":[{"name":"wp","href":"https:\/\/api.w.org\/{rel}","templated":true}]}}