{"id":128,"date":"2011-12-09T10:07:40","date_gmt":"2011-12-09T09:07:40","guid":{"rendered":"https:\/\/marekkuchcinski.pl\/?p=128"},"modified":"2016-08-25T17:06:16","modified_gmt":"2016-08-25T15:06:16","slug":"zapraszam-na-marsz-niepodleglosci-i-solidarnosci","status":"publish","type":"post","link":"https:\/\/marekkuchcinski.pl\/en\/wydarzenia\/zapraszam-na-marsz-niepodleglosci-i-solidarnosci\/","title":{"rendered":"I invite you to the March of Independence and Solidarity"},"content":{"rendered":"<p><img fetchpriority=\"high\" decoding=\"async\" class=\"alignleft size-full wp-image-126\" alt=\"\" src=\"https:\/\/marekkuchcinski.pl\/wp-content\/uploads\/2011\/12\/marsz-log_6f962bf8cf.jpg\" style=\"height: 122px; width: 100px; margin: 6px; float: left;\" width=\"288\" height=\"350\" srcset=\"https:\/\/marekkuchcinski.pl\/wp-content\/uploads\/2011\/12\/marsz-log_6f962bf8cf.jpg 288w, https:\/\/marekkuchcinski.pl\/wp-content\/uploads\/2011\/12\/marsz-log_6f962bf8cf-247x300.jpg 247w\" sizes=\"(max-width: 288px) 100vw, 288px\" \/>Dear Sirs,<\/p>\n<p style=\"text-align: justify;\">&nbsp;<\/p>\n<p style=\"text-align: justify;\">You are cordially invited to the March of Independence and Solidarity, which will take place on December 13 in Warsaw. The March will start at 6.00 pm at Plac Trzech Krzy\u017cy in Warsaw.<\/p>\n<p style=\"text-align: justify;\">&nbsp;<\/p>\n<p style=\"text-align: justify;\">The official website for the march has also been launched: <a href=\"http:\/\/marsz13grudnia.pl\/\">www.marsz13grudnia.pl<\/a>. You will find the ideological declaration on it. It is worth spreading it in your communities. I cordially encourage you to participate in the march and to give your support on the website.<\/p>\n<p style=\"text-align: center;\"><img decoding=\"async\" class=\"size-full wp-image-127\" alt=\"\" src=\"https:\/\/marekkuchcinski.pl\/wp-content\/uploads\/2011\/12\/faksymilka%20m.k.jpg\" style=\"height: 46px; width: 200px;\" width=\"720\" height=\"166\" \/><\/p>","protected":false},"excerpt":{"rendered":"<p>Szanowni Pa\u0144stwo, &nbsp; serdecznie zapraszam na Marsz Niepodleg\u0142o\u015bci i&nbsp;Solidarno\u015bci, kt\u00f3ry odb\u0119dzie si\u0119 13 grudnia w&nbsp;Warszawie. Pocz\u0105tek Marszu godz. 18.00 na Placu Trzech Krzy\u017cy w&nbsp;Warszawie. &nbsp; Ruszy\u0142a r\u00f3wnie\u017c oficjalna strona marszu: www.marsz13grudnia.pl. Znajdziecie na niej Pa\u0144stwo deklaracj\u0119 ideow\u0105. Warto j\u0105 rozpropagowa\u0107 w&nbsp;Pa\u0144stwa \u015brodowiskach. Serdecznie zach\u0119cam do uczestnictwa w marszu i do udzielenia poparcia na stronie internetowej.<\/p>","protected":false},"author":6,"featured_media":126,"comment_status":"open","ping_status":"open","sticky":false,"template":"","format":"standard","meta":{"ngg_post_thumbnail":0,"footnotes":""},"categories":[3],"tags":[],"class_list":["post-128","post","type-post","status-publish","format-standard","has-post-thumbnail","hentry","category-wydarzenia"],"yoast_head":"<!-- This site is optimized with the Yoast SEO plugin v24.7 - https:\/\/yoast.com\/wordpress\/plugins\/seo\/ -->\n<title>Zapraszam na Marsz Niepodleg\u0142o\u015bci i Solidarno\u015bci &#8211; Marek Kuchci\u0144ski<\/title>\n<meta name=\"robots\" content=\"index, follow, max-snippet:-1, max-image-preview:large, max-video-preview:-1\" \/>\n<link rel=\"canonical\" href=\"https:\/\/marekkuchcinski.pl\/en\/wydarzenia\/zapraszam-na-marsz-niepodleglosci-i-solidarnosci\/\" \/>\n<meta property=\"og:locale\" content=\"en_GB\" \/>\n<meta property=\"og:type\" content=\"article\" \/>\n<meta property=\"og:title\" content=\"Zapraszam na Marsz Niepodleg\u0142o\u015bci i Solidarno\u015bci &#8211; Marek Kuchci\u0144ski\" \/>\n<meta property=\"og:description\" content=\"Szanowni Pa\u0144stwo, &nbsp; serdecznie zapraszam na Marsz Niepodleg\u0142o\u015bci i&nbsp;Solidarno\u015bci, kt\u00f3ry odb\u0119dzie si\u0119 13 grudnia w&nbsp;Warszawie. Pocz\u0105tek Marszu godz. 18.00 na Placu Trzech Krzy\u017cy w&nbsp;Warszawie. &nbsp; Ruszy\u0142a r\u00f3wnie\u017c oficjalna strona marszu: www.marsz13grudnia.pl. Znajdziecie na niej Pa\u0144stwo deklaracj\u0119 ideow\u0105. Warto j\u0105 rozpropagowa\u0107 w&nbsp;Pa\u0144stwa \u015brodowiskach. Serdecznie zach\u0119cam do uczestnictwa w marszu i do udzielenia poparcia na stronie internetowej.\" \/>\n<meta property=\"og:url\" content=\"https:\/\/marekkuchcinski.pl\/en\/wydarzenia\/zapraszam-na-marsz-niepodleglosci-i-solidarnosci\/\" \/>\n<meta property=\"og:site_name\" content=\"Marek Kuchci\u0144ski\" \/>\n<meta property=\"article:published_time\" content=\"2011-12-09T09:07:40+00:00\" \/>\n<meta property=\"article:modified_time\" content=\"2016-08-25T15:06:16+00:00\" \/>\n<meta property=\"og:image\" content=\"https:\/\/marekkuchcinski.pl\/wp-content\/uploads\/2011\/12\/marsz-log_6f962bf8cf.jpg\" \/>\n\t<meta property=\"og:image:width\" content=\"288\" \/>\n\t<meta property=\"og:image:height\" content=\"350\" \/>\n\t<meta property=\"og:image:type\" content=\"image\/jpeg\" \/>\n<meta name=\"author\" content=\"admin\" \/>\n<meta name=\"twitter:card\" content=\"summary_large_image\" \/>\n<meta name=\"twitter:label1\" content=\"Written by\" \/>\n\t<meta name=\"twitter:data1\" content=\"admin\" \/>\n<script type=\"application\/ld+json\" class=\"yoast-schema-graph\">{\"@context\":\"https:\/\/schema.org\",\"@graph\":[{\"@type\":\"Article\",\"@id\":\"https:\/\/marekkuchcinski.pl\/wydarzenia\/zapraszam-na-marsz-niepodleglosci-i-solidarnosci\/#article\",\"isPartOf\":{\"@id\":\"https:\/\/marekkuchcinski.pl\/wydarzenia\/zapraszam-na-marsz-niepodleglosci-i-solidarnosci\/\"},\"author\":{\"name\":\"admin\",\"@id\":\"https:\/\/marekkuchcinski.pl\/#\/schema\/person\/6f62700996b4d950b6ea2d1183b6c6be\"},\"headline\":\"Zapraszam na Marsz Niepodleg\u0142o\u015bci i Solidarno\u015bci\",\"datePublished\":\"2011-12-09T09:07:40+00:00\",\"dateModified\":\"2016-08-25T15:06:16+00:00\",\"mainEntityOfPage\":{\"@id\":\"https:\/\/marekkuchcinski.pl\/wydarzenia\/zapraszam-na-marsz-niepodleglosci-i-solidarnosci\/\"},\"wordCount\":86,\"commentCount\":0,\"publisher\":{\"@id\":\"https:\/\/marekkuchcinski.pl\/#organization\"},\"image\":{\"@id\":\"https:\/\/marekkuchcinski.pl\/wydarzenia\/zapraszam-na-marsz-niepodleglosci-i-solidarnosci\/#primaryimage\"},\"thumbnailUrl\":\"https:\/\/marekkuchcinski.pl\/wp-content\/uploads\/2011\/12\/marsz-log_6f962bf8cf.jpg\",\"articleSection\":[\"Wydarzenia\"],\"inLanguage\":\"en-GB\",\"potentialAction\":[{\"@type\":\"CommentAction\",\"name\":\"Comment\",\"target\":[\"https:\/\/marekkuchcinski.pl\/wydarzenia\/zapraszam-na-marsz-niepodleglosci-i-solidarnosci\/#respond\"]}]},{\"@type\":\"WebPage\",\"@id\":\"https:\/\/marekkuchcinski.pl\/wydarzenia\/zapraszam-na-marsz-niepodleglosci-i-solidarnosci\/\",\"url\":\"https:\/\/marekkuchcinski.pl\/wydarzenia\/zapraszam-na-marsz-niepodleglosci-i-solidarnosci\/\",\"name\":\"Zapraszam na Marsz Niepodleg\u0142o\u015bci i Solidarno\u015bci &#8211; Marek Kuchci\u0144ski\",\"isPartOf\":{\"@id\":\"https:\/\/marekkuchcinski.pl\/#website\"},\"primaryImageOfPage\":{\"@id\":\"https:\/\/marekkuchcinski.pl\/wydarzenia\/zapraszam-na-marsz-niepodleglosci-i-solidarnosci\/#primaryimage\"},\"image\":{\"@id\":\"https:\/\/marekkuchcinski.pl\/wydarzenia\/zapraszam-na-marsz-niepodleglosci-i-solidarnosci\/#primaryimage\"},\"thumbnailUrl\":\"https:\/\/marekkuchcinski.pl\/wp-content\/uploads\/2011\/12\/marsz-log_6f962bf8cf.jpg\",\"datePublished\":\"2011-12-09T09:07:40+00:00\",\"dateModified\":\"2016-08-25T15:06:16+00:00\",\"breadcrumb\":{\"@id\":\"https:\/\/marekkuchcinski.pl\/wydarzenia\/zapraszam-na-marsz-niepodleglosci-i-solidarnosci\/#breadcrumb\"},\"inLanguage\":\"en-GB\",\"potentialAction\":[{\"@type\":\"ReadAction\",\"target\":[\"https:\/\/marekkuchcinski.pl\/wydarzenia\/zapraszam-na-marsz-niepodleglosci-i-solidarnosci\/\"]}]},{\"@type\":\"ImageObject\",\"inLanguage\":\"en-GB\",\"@id\":\"https:\/\/marekkuchcinski.pl\/wydarzenia\/zapraszam-na-marsz-niepodleglosci-i-solidarnosci\/#primaryimage\",\"url\":\"https:\/\/marekkuchcinski.pl\/wp-content\/uploads\/2011\/12\/marsz-log_6f962bf8cf.jpg\",\"contentUrl\":\"https:\/\/marekkuchcinski.pl\/wp-content\/uploads\/2011\/12\/marsz-log_6f962bf8cf.jpg\",\"width\":288,\"height\":350},{\"@type\":\"BreadcrumbList\",\"@id\":\"https:\/\/marekkuchcinski.pl\/wydarzenia\/zapraszam-na-marsz-niepodleglosci-i-solidarnosci\/#breadcrumb\",\"itemListElement\":[{\"@type\":\"ListItem\",\"position\":1,\"name\":\"Strona g\u0142\u00f3wna\",\"item\":\"https:\/\/marekkuchcinski.pl\/\"},{\"@type\":\"ListItem\",\"position\":2,\"name\":\"Zapraszam na Marsz Niepodleg\u0142o\u015bci i Solidarno\u015bci\"}]},{\"@type\":\"WebSite\",\"@id\":\"https:\/\/marekkuchcinski.pl\/#website\",\"url\":\"https:\/\/marekkuchcinski.pl\/\",\"name\":\"Marek Kuchci\u0144ski\",\"description\":\"Pose\u0142 na sejm RP &ndash; okr\u0119g nr 22\",\"publisher\":{\"@id\":\"https:\/\/marekkuchcinski.pl\/#organization\"},\"potentialAction\":[{\"@type\":\"SearchAction\",\"target\":{\"@type\":\"EntryPoint\",\"urlTemplate\":\"https:\/\/marekkuchcinski.pl\/?s={search_term_string}\"},\"query-input\":{\"@type\":\"PropertyValueSpecification\",\"valueRequired\":true,\"valueName\":\"search_term_string\"}}],\"inLanguage\":\"en-GB\"},{\"@type\":\"Organization\",\"@id\":\"https:\/\/marekkuchcinski.pl\/#organization\",\"name\":\"Marek Kuchci\u0144ski\",\"url\":\"https:\/\/marekkuchcinski.pl\/\",\"logo\":{\"@type\":\"ImageObject\",\"inLanguage\":\"en-GB\",\"@id\":\"https:\/\/marekkuchcinski.pl\/#\/schema\/logo\/image\/\",\"url\":\"https:\/\/marekkuchcinski.pl\/wp-content\/uploads\/2022\/09\/Marek.jpg\",\"contentUrl\":\"https:\/\/marekkuchcinski.pl\/wp-content\/uploads\/2022\/09\/Marek.jpg\",\"width\":1600,\"height\":971,\"caption\":\"Marek Kuchci\u0144ski\"},\"image\":{\"@id\":\"https:\/\/marekkuchcinski.pl\/#\/schema\/logo\/image\/\"}},{\"@type\":\"Person\",\"@id\":\"https:\/\/marekkuchcinski.pl\/#\/schema\/person\/6f62700996b4d950b6ea2d1183b6c6be\",\"name\":\"admin\",\"image\":{\"@type\":\"ImageObject\",\"inLanguage\":\"en-GB\",\"@id\":\"https:\/\/marekkuchcinski.pl\/#\/schema\/person\/image\/\",\"url\":\"https:\/\/secure.gravatar.com\/avatar\/4bab693b9d55c3d6b52c0296a8765085?s=96&d=mm&r=g\",\"contentUrl\":\"https:\/\/secure.gravatar.com\/avatar\/4bab693b9d55c3d6b52c0296a8765085?s=96&d=mm&r=g\",\"caption\":\"admin\"},\"url\":\"https:\/\/marekkuchcinski.pl\/en\/author\/marta-olejnik\/\"}]}<\/script>\n<!-- \/ Yoast SEO plugin. -->","yoast_head_json":{"title":"Zapraszam na Marsz Niepodleg\u0142o\u015bci i Solidarno\u015bci &#8211; Marek Kuchci\u0144ski","robots":{"index":"index","follow":"follow","max-snippet":"max-snippet:-1","max-image-preview":"max-image-preview:large","max-video-preview":"max-video-preview:-1"},"canonical":"https:\/\/marekkuchcinski.pl\/en\/wydarzenia\/zapraszam-na-marsz-niepodleglosci-i-solidarnosci\/","og_locale":"en_GB","og_type":"article","og_title":"Zapraszam na Marsz Niepodleg\u0142o\u015bci i Solidarno\u015bci &#8211; Marek Kuchci\u0144ski","og_description":"Szanowni Pa\u0144stwo, &nbsp; serdecznie zapraszam na Marsz Niepodleg\u0142o\u015bci i&nbsp;Solidarno\u015bci, kt\u00f3ry odb\u0119dzie si\u0119 13 grudnia w&nbsp;Warszawie. Pocz\u0105tek Marszu godz. 18.00 na Placu Trzech Krzy\u017cy w&nbsp;Warszawie. &nbsp; Ruszy\u0142a r\u00f3wnie\u017c oficjalna strona marszu: www.marsz13grudnia.pl. Znajdziecie na niej Pa\u0144stwo deklaracj\u0119 ideow\u0105. Warto j\u0105 rozpropagowa\u0107 w&nbsp;Pa\u0144stwa \u015brodowiskach. Serdecznie zach\u0119cam do uczestnictwa w marszu i do udzielenia poparcia na stronie internetowej.","og_url":"https:\/\/marekkuchcinski.pl\/en\/wydarzenia\/zapraszam-na-marsz-niepodleglosci-i-solidarnosci\/","og_site_name":"Marek Kuchci\u0144ski","article_published_time":"2011-12-09T09:07:40+00:00","article_modified_time":"2016-08-25T15:06:16+00:00","og_image":[{"width":288,"height":350,"url":"https:\/\/marekkuchcinski.pl\/wp-content\/uploads\/2011\/12\/marsz-log_6f962bf8cf.jpg","type":"image\/jpeg"}],"author":"admin","twitter_card":"summary_large_image","twitter_misc":{"Written by":"admin"},"schema":{"@context":"https:\/\/schema.org","@graph":[{"@type":"Article","@id":"https:\/\/marekkuchcinski.pl\/wydarzenia\/zapraszam-na-marsz-niepodleglosci-i-solidarnosci\/#article","isPartOf":{"@id":"https:\/\/marekkuchcinski.pl\/wydarzenia\/zapraszam-na-marsz-niepodleglosci-i-solidarnosci\/"},"author":{"name":"admin","@id":"https:\/\/marekkuchcinski.pl\/#\/schema\/person\/6f62700996b4d950b6ea2d1183b6c6be"},"headline":"Zapraszam na Marsz Niepodleg\u0142o\u015bci i Solidarno\u015bci","datePublished":"2011-12-09T09:07:40+00:00","dateModified":"2016-08-25T15:06:16+00:00","mainEntityOfPage":{"@id":"https:\/\/marekkuchcinski.pl\/wydarzenia\/zapraszam-na-marsz-niepodleglosci-i-solidarnosci\/"},"wordCount":86,"commentCount":0,"publisher":{"@id":"https:\/\/marekkuchcinski.pl\/#organization"},"image":{"@id":"https:\/\/marekkuchcinski.pl\/wydarzenia\/zapraszam-na-marsz-niepodleglosci-i-solidarnosci\/#primaryimage"},"thumbnailUrl":"https:\/\/marekkuchcinski.pl\/wp-content\/uploads\/2011\/12\/marsz-log_6f962bf8cf.jpg","articleSection":["Wydarzenia"],"inLanguage":"en-GB","potentialAction":[{"@type":"CommentAction","name":"Comment","target":["https:\/\/marekkuchcinski.pl\/wydarzenia\/zapraszam-na-marsz-niepodleglosci-i-solidarnosci\/#respond"]}]},{"@type":"WebPage","@id":"https:\/\/marekkuchcinski.pl\/wydarzenia\/zapraszam-na-marsz-niepodleglosci-i-solidarnosci\/","url":"https:\/\/marekkuchcinski.pl\/wydarzenia\/zapraszam-na-marsz-niepodleglosci-i-solidarnosci\/","name":"Zapraszam na Marsz Niepodleg\u0142o\u015bci i Solidarno\u015bci &#8211; Marek Kuchci\u0144ski","isPartOf":{"@id":"https:\/\/marekkuchcinski.pl\/#website"},"primaryImageOfPage":{"@id":"https:\/\/marekkuchcinski.pl\/wydarzenia\/zapraszam-na-marsz-niepodleglosci-i-solidarnosci\/#primaryimage"},"image":{"@id":"https:\/\/marekkuchcinski.pl\/wydarzenia\/zapraszam-na-marsz-niepodleglosci-i-solidarnosci\/#primaryimage"},"thumbnailUrl":"https:\/\/marekkuchcinski.pl\/wp-content\/uploads\/2011\/12\/marsz-log_6f962bf8cf.jpg","datePublished":"2011-12-09T09:07:40+00:00","dateModified":"2016-08-25T15:06:16+00:00","breadcrumb":{"@id":"https:\/\/marekkuchcinski.pl\/wydarzenia\/zapraszam-na-marsz-niepodleglosci-i-solidarnosci\/#breadcrumb"},"inLanguage":"en-GB","potentialAction":[{"@type":"ReadAction","target":["https:\/\/marekkuchcinski.pl\/wydarzenia\/zapraszam-na-marsz-niepodleglosci-i-solidarnosci\/"]}]},{"@type":"ImageObject","inLanguage":"en-GB","@id":"https:\/\/marekkuchcinski.pl\/wydarzenia\/zapraszam-na-marsz-niepodleglosci-i-solidarnosci\/#primaryimage","url":"https:\/\/marekkuchcinski.pl\/wp-content\/uploads\/2011\/12\/marsz-log_6f962bf8cf.jpg","contentUrl":"https:\/\/marekkuchcinski.pl\/wp-content\/uploads\/2011\/12\/marsz-log_6f962bf8cf.jpg","width":288,"height":350},{"@type":"BreadcrumbList","@id":"https:\/\/marekkuchcinski.pl\/wydarzenia\/zapraszam-na-marsz-niepodleglosci-i-solidarnosci\/#breadcrumb","itemListElement":[{"@type":"ListItem","position":1,"name":"Strona g\u0142\u00f3wna","item":"https:\/\/marekkuchcinski.pl\/"},{"@type":"ListItem","position":2,"name":"Zapraszam na Marsz Niepodleg\u0142o\u015bci i Solidarno\u015bci"}]},{"@type":"WebSite","@id":"https:\/\/marekkuchcinski.pl\/#website","url":"https:\/\/marekkuchcinski.pl\/","name":"Marek Kuchci\u0144ski","description":"Pose\u0142 na sejm RP &ndash; okr\u0119g nr 22","publisher":{"@id":"https:\/\/marekkuchcinski.pl\/#organization"},"potentialAction":[{"@type":"SearchAction","target":{"@type":"EntryPoint","urlTemplate":"https:\/\/marekkuchcinski.pl\/?s={search_term_string}"},"query-input":{"@type":"PropertyValueSpecification","valueRequired":true,"valueName":"search_term_string"}}],"inLanguage":"en-GB"},{"@type":"Organization","@id":"https:\/\/marekkuchcinski.pl\/#organization","name":"Marek Kuchci\u0144ski","url":"https:\/\/marekkuchcinski.pl\/","logo":{"@type":"ImageObject","inLanguage":"en-GB","@id":"https:\/\/marekkuchcinski.pl\/#\/schema\/logo\/image\/","url":"https:\/\/marekkuchcinski.pl\/wp-content\/uploads\/2022\/09\/Marek.jpg","contentUrl":"https:\/\/marekkuchcinski.pl\/wp-content\/uploads\/2022\/09\/Marek.jpg","width":1600,"height":971,"caption":"Marek Kuchci\u0144ski"},"image":{"@id":"https:\/\/marekkuchcinski.pl\/#\/schema\/logo\/image\/"}},{"@type":"Person","@id":"https:\/\/marekkuchcinski.pl\/#\/schema\/person\/6f62700996b4d950b6ea2d1183b6c6be","name":"admin","image":{"@type":"ImageObject","inLanguage":"en-GB","@id":"https:\/\/marekkuchcinski.pl\/#\/schema\/person\/image\/","url":"https:\/\/secure.gravatar.com\/avatar\/4bab693b9d55c3d6b52c0296a8765085?s=96&d=mm&r=g","contentUrl":"https:\/\/secure.gravatar.com\/avatar\/4bab693b9d55c3d6b52c0296a8765085?s=96&d=mm&r=g","caption":"admin"},"url":"https:\/\/marekkuchcinski.pl\/en\/author\/marta-olejnik\/"}]}},"_links":{"self":[{"href":"https:\/\/marekkuchcinski.pl\/en\/wp-json\/wp\/v2\/posts\/128","targetHints":{"allow":["GET"]}}],"collection":[{"href":"https:\/\/marekkuchcinski.pl\/en\/wp-json\/wp\/v2\/posts"}],"about":[{"href":"https:\/\/marekkuchcinski.pl\/en\/wp-json\/wp\/v2\/types\/post"}],"author":[{"embeddable":true,"href":"https:\/\/marekkuchcinski.pl\/en\/wp-json\/wp\/v2\/users\/6"}],"replies":[{"embeddable":true,"href":"https:\/\/marekkuchcinski.pl\/en\/wp-json\/wp\/v2\/comments?post=128"}],"version-history":[{"count":1,"href":"https:\/\/marekkuchcinski.pl\/en\/wp-json\/wp\/v2\/posts\/128\/revisions"}],"predecessor-version":[{"id":1305,"href":"https:\/\/marekkuchcinski.pl\/en\/wp-json\/wp\/v2\/posts\/128\/revisions\/1305"}],"wp:featuredmedia":[{"embeddable":true,"href":"https:\/\/marekkuchcinski.pl\/en\/wp-json\/wp\/v2\/media\/126"}],"wp:attachment":[{"href":"https:\/\/marekkuchcinski.pl\/en\/wp-json\/wp\/v2\/media?parent=128"}],"wp:term":[{"taxonomy":"category","embeddable":true,"href":"https:\/\/marekkuchcinski.pl\/en\/wp-json\/wp\/v2\/categories?post=128"},{"taxonomy":"post_tag","embeddable":true,"href":"https:\/\/marekkuchcinski.pl\/en\/wp-json\/wp\/v2\/tags?post=128"}],"curies":[{"name":"wp","href":"https:\/\/api.w.org\/{rel}","templated":true}]}}