{"id":12767,"date":"2019-01-25T17:00:08","date_gmt":"2019-01-25T16:00:08","guid":{"rendered":"https:\/\/marekkuchcinski.pl\/?p=12767"},"modified":"2019-01-28T10:01:54","modified_gmt":"2019-01-28T09:01:54","slug":"90-temu-urodzil-sie-zbigniew-kuchcinski-patriota-filantrop-prezes-towarzystwa-milosnikow-lwowa-kresow-poludniowo-wschodnich","status":"publish","type":"post","link":"https:\/\/marekkuchcinski.pl\/en\/wydarzenia\/90-temu-urodzil-sie-zbigniew-kuchcinski-patriota-filantrop-prezes-towarzystwa-milosnikow-lwowa-kresow-poludniowo-wschodnich\/","title":{"rendered":"90 years ago Zbigniew Kuchcinski was born - patriot and philanthropist, president of the Society of Lovers of Lviv and South-Eastern Borderlands"},"content":{"rendered":"<div>\n<div>The father of the present Speaker of the Sejm was born on January 25, 1929 in Nowosi\u00f3\u0142ki in Lviv province. Unfortunately, his childhood was marked by the tragedy of war, the invasion of the Soviet Army, the nightmare of the German occupation and then the terror of the Ukrainian Insurgent Army. Thus, when in the years 1943-1944 the Ukrainian Insurgent Army was attacking the Polish population, Zbigniew Kuchci\u0144ski and his family were forced to seek rescue in safer parts of the country. (The family was warned against the danger by a Greek-Catholic priest!)<\/div>\n<div style=\"text-align: left;\">\n<div><\/div>\n<div>Poles from the provinces of the Second Polish Republic (Lw\u00f3w, Stanis\u0142aw\u00f3w, Tarnopol), came by train to Przemy\u015bl, where there was a large branch of the State Repatriation Office. After receiving documents, some of them continued their journey, others sought shelter in Przemy\u015bl. It was there that the Kuchci\u0144ski family began a new chapter in their lives. Thanks to the forged documents, Zbigniew, a few years younger, did not share the fate of his older brother Mieczys\u0142aw, who, as a teenager, was taken away to work in Germany. His uncle escaped from there to Switzerland and then to Italy, where he enlisted in General Anders's army. He served there until the end of the war. Interestingly, Zbigniew's other half-brother, Marian Milewski (\"Czarny\"), escaped from an oflag after the fall of the Warsaw Uprising and also reached Anders through Switzerland. Both brothers were unaware that they were serving together in the Second Corps.<\/div>\n<div><\/div>\n<\/div>\n<div style=\"text-align: left;\">Zbigniew Kuchci\u0144ski was a founding member of the Association for the Remembrance of the Eaglets of Przemy\u015bl, which was founded in January 1989, from 4 March 1989 a founding member of the Society of Lovers of Lviv and South-Eastern Borderlands, and from mid-1989 president of the board of TMLiKPW. He organized help for Poles in the East, donations of food, collections for buying candles for graves of Polish heroes in the Orl\u0105t cemetery, defenders of Lvov. He initiated youth exchange between Lviv schools with Polish as the language of instruction.<\/div>\n<\/div>\n<div style=\"text-align: left;\"><\/div>\n<div style=\"text-align: left;\">He was a very active president. He tried to preserve and protect from oblivion the historical, cultural and scientific heritage of the Kresy region, and the Przemysl Society was the second, after the Wroclaw Society, to be so active. Meetings were attended by hundreds of Kresowiaks.<\/div>\n<div>\n<div style=\"text-align: left;\"><\/div>\n<div style=\"text-align: left;\">He died on March 17, 1994 in Przemy\u015bl.<\/div>\n<\/div>\n<div style=\"text-align: left;\"><em>mo<\/em><\/div>\n<p style=\"text-align: left;\"><a href=\"https:\/\/marekkuchcinski.pl\/wp-content\/uploads\/2019\/01\/3.jpg\"><img fetchpriority=\"high\" decoding=\"async\" class=\"alignnone size-full wp-image-12768\" src=\"https:\/\/marekkuchcinski.pl\/wp-content\/uploads\/2019\/01\/3.jpg\" alt=\"3\" width=\"1448\" height=\"1004\" srcset=\"https:\/\/marekkuchcinski.pl\/wp-content\/uploads\/2019\/01\/3.jpg 1448w, https:\/\/marekkuchcinski.pl\/wp-content\/uploads\/2019\/01\/3-300x208.jpg 300w, https:\/\/marekkuchcinski.pl\/wp-content\/uploads\/2019\/01\/3-768x533.jpg 768w, https:\/\/marekkuchcinski.pl\/wp-content\/uploads\/2019\/01\/3-1024x710.jpg 1024w\" sizes=\"(max-width: 1448px) 100vw, 1448px\" \/><\/a>Management of the Society of Lovers of Lviv and Southeastern Borderlands. Zbigniew Kuchci\u0144ski first from left<\/p>\n<p>&nbsp;<\/p>","protected":false},"excerpt":{"rendered":"<p>Ojciec obecnego marsza\u0142ka Sejmu urodzi\u0142 si\u0119 25 stycznia 1929 roku w Nowosi\u00f3\u0142kach w woj. lwowskim. Niestety jego dzieci\u0144stwo zosta\u0142o naznaczone przez tragedi\u0119 wojny, inwazj\u0119 Armii sowieckiej, koszmar niemieckiej okupacji, a potem terror Ukrai\u0144skiej Powsta\u0144czej Armii. Gdy wi\u0119c w latach 1943-1944 UPA napada\u0142a na polsk\u0105 ludno\u015b\u0107, Zbigniew Kuchci\u0144ski wraz z rodzin\u0105 zmuszony by\u0142 do szukania ratunku [&hellip;]<\/p>","protected":false},"author":6,"featured_media":12768,"comment_status":"open","ping_status":"open","sticky":false,"template":"","format":"standard","meta":{"ngg_post_thumbnail":0,"footnotes":""},"categories":[49,77,3],"tags":[],"class_list":["post-12767","post","type-post","status-publish","format-standard","has-post-thumbnail","hentry","category-podkarpacie","category-wazne-daty","category-wydarzenia"],"yoast_head":"<!-- This site is optimized with the Yoast SEO plugin v24.7 - https:\/\/yoast.com\/wordpress\/plugins\/seo\/ -->\n<title>90 lat temu urodzi\u0142 si\u0119 Zbigniew Kuchci\u0144ski - patriota i filantrop, prezes Towarzystwa Mi\u0142o\u015bnik\u00f3w Lwowa i Kres\u00f3w Po\u0142udniowo-Wschodnich &#8211; Marek Kuchci\u0144ski<\/title>\n<meta name=\"robots\" content=\"index, follow, max-snippet:-1, max-image-preview:large, max-video-preview:-1\" \/>\n<link rel=\"canonical\" href=\"https:\/\/marekkuchcinski.pl\/en\/wydarzenia\/90-temu-urodzil-sie-zbigniew-kuchcinski-patriota-filantrop-prezes-towarzystwa-milosnikow-lwowa-kresow-poludniowo-wschodnich\/\" \/>\n<meta property=\"og:locale\" content=\"en_GB\" \/>\n<meta property=\"og:type\" content=\"article\" \/>\n<meta property=\"og:title\" content=\"90 lat temu urodzi\u0142 si\u0119 Zbigniew Kuchci\u0144ski - patriota i filantrop, prezes Towarzystwa Mi\u0142o\u015bnik\u00f3w Lwowa i Kres\u00f3w Po\u0142udniowo-Wschodnich &#8211; Marek Kuchci\u0144ski\" \/>\n<meta property=\"og:description\" content=\"Ojciec obecnego marsza\u0142ka Sejmu urodzi\u0142 si\u0119 25 stycznia 1929 roku w Nowosi\u00f3\u0142kach w woj. lwowskim. Niestety jego dzieci\u0144stwo zosta\u0142o naznaczone przez tragedi\u0119 wojny, inwazj\u0119 Armii sowieckiej, koszmar niemieckiej okupacji, a potem terror Ukrai\u0144skiej Powsta\u0144czej Armii. Gdy wi\u0119c w latach 1943-1944 UPA napada\u0142a na polsk\u0105 ludno\u015b\u0107, Zbigniew Kuchci\u0144ski wraz z rodzin\u0105 zmuszony by\u0142 do szukania ratunku [&hellip;]\" \/>\n<meta property=\"og:url\" content=\"https:\/\/marekkuchcinski.pl\/en\/wydarzenia\/90-temu-urodzil-sie-zbigniew-kuchcinski-patriota-filantrop-prezes-towarzystwa-milosnikow-lwowa-kresow-poludniowo-wschodnich\/\" \/>\n<meta property=\"og:site_name\" content=\"Marek Kuchci\u0144ski\" \/>\n<meta property=\"article:published_time\" content=\"2019-01-25T16:00:08+00:00\" \/>\n<meta property=\"article:modified_time\" content=\"2019-01-28T09:01:54+00:00\" \/>\n<meta property=\"og:image\" content=\"https:\/\/marekkuchcinski.pl\/wp-content\/uploads\/2019\/01\/3.jpg\" \/>\n\t<meta property=\"og:image:width\" content=\"1448\" \/>\n\t<meta property=\"og:image:height\" content=\"1004\" \/>\n\t<meta property=\"og:image:type\" content=\"image\/jpeg\" \/>\n<meta name=\"author\" content=\"admin\" \/>\n<meta name=\"twitter:card\" content=\"summary_large_image\" \/>\n<meta name=\"twitter:label1\" content=\"Written by\" \/>\n\t<meta name=\"twitter:data1\" content=\"admin\" \/>\n\t<meta name=\"twitter:label2\" content=\"Estimated reading time\" \/>\n\t<meta name=\"twitter:data2\" content=\"2 minutes\" \/>\n<script type=\"application\/ld+json\" class=\"yoast-schema-graph\">{\"@context\":\"https:\/\/schema.org\",\"@graph\":[{\"@type\":\"Article\",\"@id\":\"https:\/\/marekkuchcinski.pl\/en\/wydarzenia\/90-temu-urodzil-sie-zbigniew-kuchcinski-patriota-filantrop-prezes-towarzystwa-milosnikow-lwowa-kresow-poludniowo-wschodnich\/#article\",\"isPartOf\":{\"@id\":\"https:\/\/marekkuchcinski.pl\/en\/wydarzenia\/90-temu-urodzil-sie-zbigniew-kuchcinski-patriota-filantrop-prezes-towarzystwa-milosnikow-lwowa-kresow-poludniowo-wschodnich\/\"},\"author\":{\"name\":\"admin\",\"@id\":\"https:\/\/marekkuchcinski.pl\/#\/schema\/person\/6f62700996b4d950b6ea2d1183b6c6be\"},\"headline\":\"90 lat temu urodzi\u0142 si\u0119 Zbigniew Kuchci\u0144ski &#8211; patriota i filantrop, prezes Towarzystwa Mi\u0142o\u015bnik\u00f3w Lwowa i Kres\u00f3w Po\u0142udniowo-Wschodnich\",\"datePublished\":\"2019-01-25T16:00:08+00:00\",\"dateModified\":\"2019-01-28T09:01:54+00:00\",\"mainEntityOfPage\":{\"@id\":\"https:\/\/marekkuchcinski.pl\/en\/wydarzenia\/90-temu-urodzil-sie-zbigniew-kuchcinski-patriota-filantrop-prezes-towarzystwa-milosnikow-lwowa-kresow-poludniowo-wschodnich\/\"},\"wordCount\":406,\"commentCount\":0,\"publisher\":{\"@id\":\"https:\/\/marekkuchcinski.pl\/#organization\"},\"image\":{\"@id\":\"https:\/\/marekkuchcinski.pl\/en\/wydarzenia\/90-temu-urodzil-sie-zbigniew-kuchcinski-patriota-filantrop-prezes-towarzystwa-milosnikow-lwowa-kresow-poludniowo-wschodnich\/#primaryimage\"},\"thumbnailUrl\":\"https:\/\/marekkuchcinski.pl\/wp-content\/uploads\/2019\/01\/3.jpg\",\"articleSection\":[\"Podkarpacie\",\"Wa\u017cne daty\",\"Wydarzenia\"],\"inLanguage\":\"en-GB\",\"potentialAction\":[{\"@type\":\"CommentAction\",\"name\":\"Comment\",\"target\":[\"https:\/\/marekkuchcinski.pl\/en\/wydarzenia\/90-temu-urodzil-sie-zbigniew-kuchcinski-patriota-filantrop-prezes-towarzystwa-milosnikow-lwowa-kresow-poludniowo-wschodnich\/#respond\"]}]},{\"@type\":\"WebPage\",\"@id\":\"https:\/\/marekkuchcinski.pl\/en\/wydarzenia\/90-temu-urodzil-sie-zbigniew-kuchcinski-patriota-filantrop-prezes-towarzystwa-milosnikow-lwowa-kresow-poludniowo-wschodnich\/\",\"url\":\"https:\/\/marekkuchcinski.pl\/en\/wydarzenia\/90-temu-urodzil-sie-zbigniew-kuchcinski-patriota-filantrop-prezes-towarzystwa-milosnikow-lwowa-kresow-poludniowo-wschodnich\/\",\"name\":\"90 lat temu urodzi\u0142 si\u0119 Zbigniew Kuchci\u0144ski - patriota i filantrop, prezes Towarzystwa Mi\u0142o\u015bnik\u00f3w Lwowa i Kres\u00f3w Po\u0142udniowo-Wschodnich &#8211; Marek Kuchci\u0144ski\",\"isPartOf\":{\"@id\":\"https:\/\/marekkuchcinski.pl\/#website\"},\"primaryImageOfPage\":{\"@id\":\"https:\/\/marekkuchcinski.pl\/en\/wydarzenia\/90-temu-urodzil-sie-zbigniew-kuchcinski-patriota-filantrop-prezes-towarzystwa-milosnikow-lwowa-kresow-poludniowo-wschodnich\/#primaryimage\"},\"image\":{\"@id\":\"https:\/\/marekkuchcinski.pl\/en\/wydarzenia\/90-temu-urodzil-sie-zbigniew-kuchcinski-patriota-filantrop-prezes-towarzystwa-milosnikow-lwowa-kresow-poludniowo-wschodnich\/#primaryimage\"},\"thumbnailUrl\":\"https:\/\/marekkuchcinski.pl\/wp-content\/uploads\/2019\/01\/3.jpg\",\"datePublished\":\"2019-01-25T16:00:08+00:00\",\"dateModified\":\"2019-01-28T09:01:54+00:00\",\"breadcrumb\":{\"@id\":\"https:\/\/marekkuchcinski.pl\/en\/wydarzenia\/90-temu-urodzil-sie-zbigniew-kuchcinski-patriota-filantrop-prezes-towarzystwa-milosnikow-lwowa-kresow-poludniowo-wschodnich\/#breadcrumb\"},\"inLanguage\":\"en-GB\",\"potentialAction\":[{\"@type\":\"ReadAction\",\"target\":[\"https:\/\/marekkuchcinski.pl\/en\/wydarzenia\/90-temu-urodzil-sie-zbigniew-kuchcinski-patriota-filantrop-prezes-towarzystwa-milosnikow-lwowa-kresow-poludniowo-wschodnich\/\"]}]},{\"@type\":\"ImageObject\",\"inLanguage\":\"en-GB\",\"@id\":\"https:\/\/marekkuchcinski.pl\/en\/wydarzenia\/90-temu-urodzil-sie-zbigniew-kuchcinski-patriota-filantrop-prezes-towarzystwa-milosnikow-lwowa-kresow-poludniowo-wschodnich\/#primaryimage\",\"url\":\"https:\/\/marekkuchcinski.pl\/wp-content\/uploads\/2019\/01\/3.jpg\",\"contentUrl\":\"https:\/\/marekkuchcinski.pl\/wp-content\/uploads\/2019\/01\/3.jpg\",\"width\":1448,\"height\":1004},{\"@type\":\"BreadcrumbList\",\"@id\":\"https:\/\/marekkuchcinski.pl\/en\/wydarzenia\/90-temu-urodzil-sie-zbigniew-kuchcinski-patriota-filantrop-prezes-towarzystwa-milosnikow-lwowa-kresow-poludniowo-wschodnich\/#breadcrumb\",\"itemListElement\":[{\"@type\":\"ListItem\",\"position\":1,\"name\":\"Strona g\u0142\u00f3wna\",\"item\":\"https:\/\/marekkuchcinski.pl\/\"},{\"@type\":\"ListItem\",\"position\":2,\"name\":\"90 lat temu urodzi\u0142 si\u0119 Zbigniew Kuchci\u0144ski &#8211; patriota i filantrop, prezes Towarzystwa Mi\u0142o\u015bnik\u00f3w Lwowa i Kres\u00f3w Po\u0142udniowo-Wschodnich\"}]},{\"@type\":\"WebSite\",\"@id\":\"https:\/\/marekkuchcinski.pl\/#website\",\"url\":\"https:\/\/marekkuchcinski.pl\/\",\"name\":\"Marek Kuchci\u0144ski\",\"description\":\"Pose\u0142 na sejm RP &ndash; okr\u0119g nr 22\",\"publisher\":{\"@id\":\"https:\/\/marekkuchcinski.pl\/#organization\"},\"potentialAction\":[{\"@type\":\"SearchAction\",\"target\":{\"@type\":\"EntryPoint\",\"urlTemplate\":\"https:\/\/marekkuchcinski.pl\/?s={search_term_string}\"},\"query-input\":{\"@type\":\"PropertyValueSpecification\",\"valueRequired\":true,\"valueName\":\"search_term_string\"}}],\"inLanguage\":\"en-GB\"},{\"@type\":\"Organization\",\"@id\":\"https:\/\/marekkuchcinski.pl\/#organization\",\"name\":\"Marek Kuchci\u0144ski\",\"url\":\"https:\/\/marekkuchcinski.pl\/\",\"logo\":{\"@type\":\"ImageObject\",\"inLanguage\":\"en-GB\",\"@id\":\"https:\/\/marekkuchcinski.pl\/#\/schema\/logo\/image\/\",\"url\":\"https:\/\/marekkuchcinski.pl\/wp-content\/uploads\/2022\/09\/Marek.jpg\",\"contentUrl\":\"https:\/\/marekkuchcinski.pl\/wp-content\/uploads\/2022\/09\/Marek.jpg\",\"width\":1600,\"height\":971,\"caption\":\"Marek Kuchci\u0144ski\"},\"image\":{\"@id\":\"https:\/\/marekkuchcinski.pl\/#\/schema\/logo\/image\/\"}},{\"@type\":\"Person\",\"@id\":\"https:\/\/marekkuchcinski.pl\/#\/schema\/person\/6f62700996b4d950b6ea2d1183b6c6be\",\"name\":\"admin\",\"image\":{\"@type\":\"ImageObject\",\"inLanguage\":\"en-GB\",\"@id\":\"https:\/\/marekkuchcinski.pl\/#\/schema\/person\/image\/\",\"url\":\"https:\/\/secure.gravatar.com\/avatar\/4bab693b9d55c3d6b52c0296a8765085?s=96&d=mm&r=g\",\"contentUrl\":\"https:\/\/secure.gravatar.com\/avatar\/4bab693b9d55c3d6b52c0296a8765085?s=96&d=mm&r=g\",\"caption\":\"admin\"},\"url\":\"https:\/\/marekkuchcinski.pl\/en\/author\/marta-olejnik\/\"}]}<\/script>\n<!-- \/ Yoast SEO plugin. -->","yoast_head_json":{"title":"90 lat temu urodzi\u0142 si\u0119 Zbigniew Kuchci\u0144ski - patriota i filantrop, prezes Towarzystwa Mi\u0142o\u015bnik\u00f3w Lwowa i Kres\u00f3w Po\u0142udniowo-Wschodnich &#8211; Marek Kuchci\u0144ski","robots":{"index":"index","follow":"follow","max-snippet":"max-snippet:-1","max-image-preview":"max-image-preview:large","max-video-preview":"max-video-preview:-1"},"canonical":"https:\/\/marekkuchcinski.pl\/en\/wydarzenia\/90-temu-urodzil-sie-zbigniew-kuchcinski-patriota-filantrop-prezes-towarzystwa-milosnikow-lwowa-kresow-poludniowo-wschodnich\/","og_locale":"en_GB","og_type":"article","og_title":"90 lat temu urodzi\u0142 si\u0119 Zbigniew Kuchci\u0144ski - patriota i filantrop, prezes Towarzystwa Mi\u0142o\u015bnik\u00f3w Lwowa i Kres\u00f3w Po\u0142udniowo-Wschodnich &#8211; Marek Kuchci\u0144ski","og_description":"Ojciec obecnego marsza\u0142ka Sejmu urodzi\u0142 si\u0119 25 stycznia 1929 roku w Nowosi\u00f3\u0142kach w woj. lwowskim. Niestety jego dzieci\u0144stwo zosta\u0142o naznaczone przez tragedi\u0119 wojny, inwazj\u0119 Armii sowieckiej, koszmar niemieckiej okupacji, a potem terror Ukrai\u0144skiej Powsta\u0144czej Armii. Gdy wi\u0119c w latach 1943-1944 UPA napada\u0142a na polsk\u0105 ludno\u015b\u0107, Zbigniew Kuchci\u0144ski wraz z rodzin\u0105 zmuszony by\u0142 do szukania ratunku [&hellip;]","og_url":"https:\/\/marekkuchcinski.pl\/en\/wydarzenia\/90-temu-urodzil-sie-zbigniew-kuchcinski-patriota-filantrop-prezes-towarzystwa-milosnikow-lwowa-kresow-poludniowo-wschodnich\/","og_site_name":"Marek Kuchci\u0144ski","article_published_time":"2019-01-25T16:00:08+00:00","article_modified_time":"2019-01-28T09:01:54+00:00","og_image":[{"width":1448,"height":1004,"url":"https:\/\/marekkuchcinski.pl\/wp-content\/uploads\/2019\/01\/3.jpg","type":"image\/jpeg"}],"author":"admin","twitter_card":"summary_large_image","twitter_misc":{"Written by":"admin","Estimated reading time":"2 minutes"},"schema":{"@context":"https:\/\/schema.org","@graph":[{"@type":"Article","@id":"https:\/\/marekkuchcinski.pl\/en\/wydarzenia\/90-temu-urodzil-sie-zbigniew-kuchcinski-patriota-filantrop-prezes-towarzystwa-milosnikow-lwowa-kresow-poludniowo-wschodnich\/#article","isPartOf":{"@id":"https:\/\/marekkuchcinski.pl\/en\/wydarzenia\/90-temu-urodzil-sie-zbigniew-kuchcinski-patriota-filantrop-prezes-towarzystwa-milosnikow-lwowa-kresow-poludniowo-wschodnich\/"},"author":{"name":"admin","@id":"https:\/\/marekkuchcinski.pl\/#\/schema\/person\/6f62700996b4d950b6ea2d1183b6c6be"},"headline":"90 lat temu urodzi\u0142 si\u0119 Zbigniew Kuchci\u0144ski &#8211; patriota i filantrop, prezes Towarzystwa Mi\u0142o\u015bnik\u00f3w Lwowa i Kres\u00f3w Po\u0142udniowo-Wschodnich","datePublished":"2019-01-25T16:00:08+00:00","dateModified":"2019-01-28T09:01:54+00:00","mainEntityOfPage":{"@id":"https:\/\/marekkuchcinski.pl\/en\/wydarzenia\/90-temu-urodzil-sie-zbigniew-kuchcinski-patriota-filantrop-prezes-towarzystwa-milosnikow-lwowa-kresow-poludniowo-wschodnich\/"},"wordCount":406,"commentCount":0,"publisher":{"@id":"https:\/\/marekkuchcinski.pl\/#organization"},"image":{"@id":"https:\/\/marekkuchcinski.pl\/en\/wydarzenia\/90-temu-urodzil-sie-zbigniew-kuchcinski-patriota-filantrop-prezes-towarzystwa-milosnikow-lwowa-kresow-poludniowo-wschodnich\/#primaryimage"},"thumbnailUrl":"https:\/\/marekkuchcinski.pl\/wp-content\/uploads\/2019\/01\/3.jpg","articleSection":["Podkarpacie","Wa\u017cne daty","Wydarzenia"],"inLanguage":"en-GB","potentialAction":[{"@type":"CommentAction","name":"Comment","target":["https:\/\/marekkuchcinski.pl\/en\/wydarzenia\/90-temu-urodzil-sie-zbigniew-kuchcinski-patriota-filantrop-prezes-towarzystwa-milosnikow-lwowa-kresow-poludniowo-wschodnich\/#respond"]}]},{"@type":"WebPage","@id":"https:\/\/marekkuchcinski.pl\/en\/wydarzenia\/90-temu-urodzil-sie-zbigniew-kuchcinski-patriota-filantrop-prezes-towarzystwa-milosnikow-lwowa-kresow-poludniowo-wschodnich\/","url":"https:\/\/marekkuchcinski.pl\/en\/wydarzenia\/90-temu-urodzil-sie-zbigniew-kuchcinski-patriota-filantrop-prezes-towarzystwa-milosnikow-lwowa-kresow-poludniowo-wschodnich\/","name":"90 lat temu urodzi\u0142 si\u0119 Zbigniew Kuchci\u0144ski - patriota i filantrop, prezes Towarzystwa Mi\u0142o\u015bnik\u00f3w Lwowa i Kres\u00f3w Po\u0142udniowo-Wschodnich &#8211; Marek Kuchci\u0144ski","isPartOf":{"@id":"https:\/\/marekkuchcinski.pl\/#website"},"primaryImageOfPage":{"@id":"https:\/\/marekkuchcinski.pl\/en\/wydarzenia\/90-temu-urodzil-sie-zbigniew-kuchcinski-patriota-filantrop-prezes-towarzystwa-milosnikow-lwowa-kresow-poludniowo-wschodnich\/#primaryimage"},"image":{"@id":"https:\/\/marekkuchcinski.pl\/en\/wydarzenia\/90-temu-urodzil-sie-zbigniew-kuchcinski-patriota-filantrop-prezes-towarzystwa-milosnikow-lwowa-kresow-poludniowo-wschodnich\/#primaryimage"},"thumbnailUrl":"https:\/\/marekkuchcinski.pl\/wp-content\/uploads\/2019\/01\/3.jpg","datePublished":"2019-01-25T16:00:08+00:00","dateModified":"2019-01-28T09:01:54+00:00","breadcrumb":{"@id":"https:\/\/marekkuchcinski.pl\/en\/wydarzenia\/90-temu-urodzil-sie-zbigniew-kuchcinski-patriota-filantrop-prezes-towarzystwa-milosnikow-lwowa-kresow-poludniowo-wschodnich\/#breadcrumb"},"inLanguage":"en-GB","potentialAction":[{"@type":"ReadAction","target":["https:\/\/marekkuchcinski.pl\/en\/wydarzenia\/90-temu-urodzil-sie-zbigniew-kuchcinski-patriota-filantrop-prezes-towarzystwa-milosnikow-lwowa-kresow-poludniowo-wschodnich\/"]}]},{"@type":"ImageObject","inLanguage":"en-GB","@id":"https:\/\/marekkuchcinski.pl\/en\/wydarzenia\/90-temu-urodzil-sie-zbigniew-kuchcinski-patriota-filantrop-prezes-towarzystwa-milosnikow-lwowa-kresow-poludniowo-wschodnich\/#primaryimage","url":"https:\/\/marekkuchcinski.pl\/wp-content\/uploads\/2019\/01\/3.jpg","contentUrl":"https:\/\/marekkuchcinski.pl\/wp-content\/uploads\/2019\/01\/3.jpg","width":1448,"height":1004},{"@type":"BreadcrumbList","@id":"https:\/\/marekkuchcinski.pl\/en\/wydarzenia\/90-temu-urodzil-sie-zbigniew-kuchcinski-patriota-filantrop-prezes-towarzystwa-milosnikow-lwowa-kresow-poludniowo-wschodnich\/#breadcrumb","itemListElement":[{"@type":"ListItem","position":1,"name":"Strona g\u0142\u00f3wna","item":"https:\/\/marekkuchcinski.pl\/"},{"@type":"ListItem","position":2,"name":"90 lat temu urodzi\u0142 si\u0119 Zbigniew Kuchci\u0144ski &#8211; patriota i filantrop, prezes Towarzystwa Mi\u0142o\u015bnik\u00f3w Lwowa i Kres\u00f3w Po\u0142udniowo-Wschodnich"}]},{"@type":"WebSite","@id":"https:\/\/marekkuchcinski.pl\/#website","url":"https:\/\/marekkuchcinski.pl\/","name":"Marek Kuchci\u0144ski","description":"Pose\u0142 na sejm RP &ndash; okr\u0119g nr 22","publisher":{"@id":"https:\/\/marekkuchcinski.pl\/#organization"},"potentialAction":[{"@type":"SearchAction","target":{"@type":"EntryPoint","urlTemplate":"https:\/\/marekkuchcinski.pl\/?s={search_term_string}"},"query-input":{"@type":"PropertyValueSpecification","valueRequired":true,"valueName":"search_term_string"}}],"inLanguage":"en-GB"},{"@type":"Organization","@id":"https:\/\/marekkuchcinski.pl\/#organization","name":"Marek Kuchci\u0144ski","url":"https:\/\/marekkuchcinski.pl\/","logo":{"@type":"ImageObject","inLanguage":"en-GB","@id":"https:\/\/marekkuchcinski.pl\/#\/schema\/logo\/image\/","url":"https:\/\/marekkuchcinski.pl\/wp-content\/uploads\/2022\/09\/Marek.jpg","contentUrl":"https:\/\/marekkuchcinski.pl\/wp-content\/uploads\/2022\/09\/Marek.jpg","width":1600,"height":971,"caption":"Marek Kuchci\u0144ski"},"image":{"@id":"https:\/\/marekkuchcinski.pl\/#\/schema\/logo\/image\/"}},{"@type":"Person","@id":"https:\/\/marekkuchcinski.pl\/#\/schema\/person\/6f62700996b4d950b6ea2d1183b6c6be","name":"admin","image":{"@type":"ImageObject","inLanguage":"en-GB","@id":"https:\/\/marekkuchcinski.pl\/#\/schema\/person\/image\/","url":"https:\/\/secure.gravatar.com\/avatar\/4bab693b9d55c3d6b52c0296a8765085?s=96&d=mm&r=g","contentUrl":"https:\/\/secure.gravatar.com\/avatar\/4bab693b9d55c3d6b52c0296a8765085?s=96&d=mm&r=g","caption":"admin"},"url":"https:\/\/marekkuchcinski.pl\/en\/author\/marta-olejnik\/"}]}},"_links":{"self":[{"href":"https:\/\/marekkuchcinski.pl\/en\/wp-json\/wp\/v2\/posts\/12767","targetHints":{"allow":["GET"]}}],"collection":[{"href":"https:\/\/marekkuchcinski.pl\/en\/wp-json\/wp\/v2\/posts"}],"about":[{"href":"https:\/\/marekkuchcinski.pl\/en\/wp-json\/wp\/v2\/types\/post"}],"author":[{"embeddable":true,"href":"https:\/\/marekkuchcinski.pl\/en\/wp-json\/wp\/v2\/users\/6"}],"replies":[{"embeddable":true,"href":"https:\/\/marekkuchcinski.pl\/en\/wp-json\/wp\/v2\/comments?post=12767"}],"version-history":[{"count":31,"href":"https:\/\/marekkuchcinski.pl\/en\/wp-json\/wp\/v2\/posts\/12767\/revisions"}],"predecessor-version":[{"id":12949,"href":"https:\/\/marekkuchcinski.pl\/en\/wp-json\/wp\/v2\/posts\/12767\/revisions\/12949"}],"wp:featuredmedia":[{"embeddable":true,"href":"https:\/\/marekkuchcinski.pl\/en\/wp-json\/wp\/v2\/media\/12768"}],"wp:attachment":[{"href":"https:\/\/marekkuchcinski.pl\/en\/wp-json\/wp\/v2\/media?parent=12767"}],"wp:term":[{"taxonomy":"category","embeddable":true,"href":"https:\/\/marekkuchcinski.pl\/en\/wp-json\/wp\/v2\/categories?post=12767"},{"taxonomy":"post_tag","embeddable":true,"href":"https:\/\/marekkuchcinski.pl\/en\/wp-json\/wp\/v2\/tags?post=12767"}],"curies":[{"name":"wp","href":"https:\/\/api.w.org\/{rel}","templated":true}]}}