{"id":12734,"date":"2019-01-22T14:30:57","date_gmt":"2019-01-22T13:30:57","guid":{"rendered":"https:\/\/marekkuchcinski.pl\/?p=12734"},"modified":"2019-01-22T14:35:05","modified_gmt":"2019-01-22T13:35:05","slug":"zapraszamy-przemysla-konferencje-polacy-wschodzie","status":"publish","type":"post","link":"https:\/\/marekkuchcinski.pl\/en\/wydarzenia\/zapraszamy-przemysla-konferencje-polacy-wschodzie\/","title":{"rendered":"We invite you to Przemy\u015bl for a conference \"Poles in the East\"."},"content":{"rendered":"<p style=\"text-align: center;\"><strong>The National Museum of the Przemysl Region and the Institute of National Remembrance Branch in Rzeszow would like to invite you to a conference entitled \"Poles in the East.<\/strong><\/p>\n<p style=\"text-align: center;\"><span style=\"color: #800000;\"><strong>The conference was held under the honorary patronage of the Speaker of the Polish Republic Marek Kuchcinski.\u00a0<\/strong><\/span><\/p>\n<p style=\"text-align: center;\"><span style=\"color: #000000;\"><strong>Program:<\/strong><\/span><\/p>\n<p style=\"text-align: center;\"><strong>10.00 - Holy Mass in the Archcathedral Basilica in Przemy\u015bl on the 90th birthday of Zbigniew Kuchci\u0144ski<\/strong><\/p>\n<p style=\"text-align: center;\"><strong>11.30 - Conference:<\/strong><\/p>\n<p style=\"text-align: center;\"><strong>Welcome address by Jan Jarosz, director of the MNZP<\/strong><\/p>\n<p style=\"text-align: center;\"><span style=\"color: #800000;\"><strong>Speech by Speaker of the Sejm Marek Kuchci\u0144ski<\/strong><\/span><\/p>\n<p style=\"text-align: center;\"><strong>Soviet deportations from the San River in 1940. - Tomasz Bereza, Institute of National Remembrance Branch in Rzesz\u00f3w.<\/strong><\/p>\n<p style=\"text-align: center;\"><strong>Contacts and assistance after 1989. Jan Jarosz, Director of the National Museum of the Przemysl Region in Przemysl.<\/strong><\/p>\n<p style=\"text-align: center;\"><strong>Polish State policy towards Poles in the former Polish Borderlands - Maria Koc, Deputy Speaker of the Senate of the Republic of Poland.<\/strong><\/p>\n<p style=\"text-align: center;\"><strong>The event will take place on January 27, 2019 at the main building of the National Museum of the Przemysl Land, pl. Berka Joselewicza 1.<\/strong><\/p>\n<p style=\"text-align: center;\">\n<p style=\"text-align: center;\"><a href=\"https:\/\/marekkuchcinski.pl\/wp-content\/uploads\/2019\/01\/plakatmaly_1.jpg\"><img fetchpriority=\"high\" decoding=\"async\" class=\"size-full wp-image-12737 aligncenter\" src=\"https:\/\/marekkuchcinski.pl\/wp-content\/uploads\/2019\/01\/plakatmaly_1.jpg\" alt=\"plakatmaly_1\" width=\"800\" height=\"1067\" srcset=\"https:\/\/marekkuchcinski.pl\/wp-content\/uploads\/2019\/01\/plakatmaly_1.jpg 800w, https:\/\/marekkuchcinski.pl\/wp-content\/uploads\/2019\/01\/plakatmaly_1-225x300.jpg 225w, https:\/\/marekkuchcinski.pl\/wp-content\/uploads\/2019\/01\/plakatmaly_1-768x1024.jpg 768w\" sizes=\"(max-width: 800px) 100vw, 800px\" \/><\/a><\/p>","protected":false},"excerpt":{"rendered":"<p>Muzeum Narodowe Ziemi Przemyskiej oraz Instytut Pami\u0119ci Narodowej Oddzia\u0142 w Rzeszowie serdecznie zapraszaj\u0105 na konferencj\u0119 pod tytu\u0142em &#8222;Polacy na wschodzie&#8221;. Konferencja obj\u0119ta zosta\u0142a honorowym patronatem Marsza\u0142ka Rzeczypospolitej Polskiej Marka Kuchci\u0144skiego.\u00a0 Program: 10.00 &#8211; Msza \u015awi\u0119ta w Bazylice Archikatedralnej w Przemy\u015blu w 90. rocznic\u0119 urodzin Zbigniewa Kuchci\u0144skiego 11.30 &#8211; Konferencja: Powitanie go\u015bci przez dyrektora MNZP\u00a0 Jana [&hellip;]<\/p>\n","protected":false},"author":6,"featured_media":12735,"comment_status":"open","ping_status":"open","sticky":false,"template":"","format":"standard","meta":{"ngg_post_thumbnail":0,"footnotes":""},"categories":[49,3],"tags":[],"class_list":["post-12734","post","type-post","status-publish","format-standard","has-post-thumbnail","hentry","category-podkarpacie","category-wydarzenia"],"_links":{"self":[{"href":"https:\/\/marekkuchcinski.pl\/en\/wp-json\/wp\/v2\/posts\/12734","targetHints":{"allow":["GET"]}}],"collection":[{"href":"https:\/\/marekkuchcinski.pl\/en\/wp-json\/wp\/v2\/posts"}],"about":[{"href":"https:\/\/marekkuchcinski.pl\/en\/wp-json\/wp\/v2\/types\/post"}],"author":[{"embeddable":true,"href":"https:\/\/marekkuchcinski.pl\/en\/wp-json\/wp\/v2\/users\/6"}],"replies":[{"embeddable":true,"href":"https:\/\/marekkuchcinski.pl\/en\/wp-json\/wp\/v2\/comments?post=12734"}],"version-history":[{"count":2,"href":"https:\/\/marekkuchcinski.pl\/en\/wp-json\/wp\/v2\/posts\/12734\/revisions"}],"predecessor-version":[{"id":12738,"href":"https:\/\/marekkuchcinski.pl\/en\/wp-json\/wp\/v2\/posts\/12734\/revisions\/12738"}],"wp:featuredmedia":[{"embeddable":true,"href":"https:\/\/marekkuchcinski.pl\/en\/wp-json\/wp\/v2\/media\/12735"}],"wp:attachment":[{"href":"https:\/\/marekkuchcinski.pl\/en\/wp-json\/wp\/v2\/media?parent=12734"}],"wp:term":[{"taxonomy":"category","embeddable":true,"href":"https:\/\/marekkuchcinski.pl\/en\/wp-json\/wp\/v2\/categories?post=12734"},{"taxonomy":"post_tag","embeddable":true,"href":"https:\/\/marekkuchcinski.pl\/en\/wp-json\/wp\/v2\/tags?post=12734"}],"curies":[{"name":"wp","href":"https:\/\/api.w.org\/{rel}","templated":true}]}}