{"id":12357,"date":"2019-01-06T13:40:33","date_gmt":"2019-01-06T12:40:33","guid":{"rendered":"https:\/\/marekkuchcinski.pl\/?p=12357"},"modified":"2019-04-01T13:51:25","modified_gmt":"2019-04-01T11:51:25","slug":"marek-kuchcinski-przemyslu-cel-jeden-polska-jako-dom-ktorym-zapewnione-godne-sprawiedliwe-zycie","status":"publish","type":"post","link":"https:\/\/marekkuchcinski.pl\/en\/wydarzenia\/marek-kuchcinski-przemyslu-cel-jeden-polska-jako-dom-ktorym-zapewnione-godne-sprawiedliwe-zycie\/","title":{"rendered":"Marek Kuchci\u0144ski in Przemy\u015bl: The goal is one - Poland as a home where we are assured a decent and just life"},"content":{"rendered":"<hr><hr>\n<p><strong>Politicians, activists and supporters of Law and Justice party from Przemy\u015bl met to share Christmas carols, wafer and summarize the past year.&nbsp;<\/strong><\/p>\n<p>Speaker of the Sejm Marek Kuchci\u0144ski emphasized that Poles evaluate 2018 as one of the best years after 1989 - Many decisions made at the local, regional level can be counted as fulfilled promises that PiS made in 2015. These include the tax-free amount, increases in the lowest salaries, measures to facilitate the development of entrepreneurship, investments to bring better development and money for citizens, the Local Government Roads Fund - enumerated the Speaker.<\/p>\n<p>2018 was a particularly fruitful year for Przemy\u015bl. As the Marshal emphasized, the dreams of many generations of residents, regardless of political option, have been realized. Both the city and the Przemy\u015bl Fortress have been included on the list of historical monuments, the National Museum of the Przemysl Land has been co-managed by the Ministry of Culture since December. There are plans to restore the historical train that used to travel through Przemy\u015bl, Chyr\u00f3w, Kro\u015bcienko and Ustrzyki Dolne, which Marek Kuchci\u0144ski assures will definitely be implemented. The Marshal reminded that last year we will also see other initiatives - international ones - not only connected with the Carpathian Europe, but also railroads or roads, such as Via Carpatia, which will result in raising the rank of the Przemy\u015bl land and the whole Podkarpackie voivodeship as well as creating new jobs. - Our activities are aimed at strengthening the Polish state, providing a sense of security to all citizens. We are perceived as those who fight too vigorously for their own, but in the European Union it is necessary. We want Poland to be treated as a sovereign state in a Europe of free states, so that we are treated in the same way as the Italians or Germans,\" said the Speaker. Kuchci\u0144ski also mentioned the conference organized in Przemy\u015bl to commemorate the 550th anniversary of Polish parliamentarism, and the fact that one of the most eminent and distinguished Speakers of the Sejm, Andrzej Maksymilian Fredro, came from Przemy\u015bl. The Speaker encouraged people to be guided in public life by the virtues that Fredro espoused, as well as by the common good. - We have built our strength in the Podkarpacie region by avoiding misunderstandings or internal divisions, as well as by encouraging cooperation between those who were in different groups. There is only one goal - Poland as a home, where we are guaranteed a decent and just life', said Marek Kuchci\u0144ski.<\/p>\n<p>Podkarpackie voivode Ewa Leniart, summarizing the past year, mentioned successful and important initiatives, i.e. support for families and investments, especially in roads. In Podkarpacie almost 2,7 billion PLN was allocated for social policy, 1,4 billion PLN for Podkarpacie families for realization of 500 plus program. Ewa Leniart also mentioned the increase in the number of places in nurseries, programs for seniors and significant funds for the removal of natural disasters. She emphasized that a step has been made in terms of health care reform.<\/p>\n<p>The meeting was also attended by Anna Schmidt-Rodziewicz MP, Lucyna Podhalicz Deputy Governor of Podkarpackie Voivodship, Piotr Pilch Deputy Marshal of Podkarpackie Voivodship.<\/p>\n<p><em>Photo by Marta Olejnik<\/em><\/p>\n<p><a href=\"https:\/\/marekkuchcinski.pl\/wp-content\/uploads\/2019\/01\/DSCF2950-1.jpg\"><img fetchpriority=\"high\" decoding=\"async\" class=\"alignnone size-full wp-image-12360\" src=\"https:\/\/marekkuchcinski.pl\/wp-content\/uploads\/2019\/01\/DSCF2950-1.jpg\" alt=\"DSCF2950 (1)\" width=\"3368\" height=\"2058\" srcset=\"https:\/\/marekkuchcinski.pl\/wp-content\/uploads\/2019\/01\/DSCF2950-1.jpg 2048w, https:\/\/marekkuchcinski.pl\/wp-content\/uploads\/2019\/01\/DSCF2950-1-300x183.jpg 300w, https:\/\/marekkuchcinski.pl\/wp-content\/uploads\/2019\/01\/DSCF2950-1-768x469.jpg 768w, https:\/\/marekkuchcinski.pl\/wp-content\/uploads\/2019\/01\/DSCF2950-1-1024x626.jpg 1024w\" sizes=\"(max-width: 3368px) 100vw, 3368px\" \/><\/a> <a href=\"https:\/\/marekkuchcinski.pl\/wp-content\/uploads\/2019\/01\/IMG_2430-1.jpg\"><img decoding=\"async\" class=\"alignnone size-full wp-image-12363\" src=\"https:\/\/marekkuchcinski.pl\/wp-content\/uploads\/2019\/01\/IMG_2430-1.jpg\" alt=\"IMG_2430 (1)\" width=\"3998\" height=\"3005\" srcset=\"https:\/\/marekkuchcinski.pl\/wp-content\/uploads\/2019\/01\/IMG_2430-1.jpg 2048w, https:\/\/marekkuchcinski.pl\/wp-content\/uploads\/2019\/01\/IMG_2430-1-300x225.jpg 300w, https:\/\/marekkuchcinski.pl\/wp-content\/uploads\/2019\/01\/IMG_2430-1-768x577.jpg 768w, https:\/\/marekkuchcinski.pl\/wp-content\/uploads\/2019\/01\/IMG_2430-1-1024x770.jpg 1024w\" sizes=\"(max-width: 3998px) 100vw, 3998px\" \/><\/a> <a href=\"https:\/\/marekkuchcinski.pl\/wp-content\/uploads\/2019\/01\/IMG_2426-1.jpg\"><img decoding=\"async\" class=\"alignnone size-full wp-image-12380\" src=\"https:\/\/marekkuchcinski.pl\/wp-content\/uploads\/2019\/01\/IMG_2426-1.jpg\" alt=\"IMG_2426 (1)\" width=\"4420\" height=\"2914\" srcset=\"https:\/\/marekkuchcinski.pl\/wp-content\/uploads\/2019\/01\/IMG_2426-1.jpg 2048w, https:\/\/marekkuchcinski.pl\/wp-content\/uploads\/2019\/01\/IMG_2426-1-300x198.jpg 300w, https:\/\/marekkuchcinski.pl\/wp-content\/uploads\/2019\/01\/IMG_2426-1-768x506.jpg 768w, https:\/\/marekkuchcinski.pl\/wp-content\/uploads\/2019\/01\/IMG_2426-1-1024x675.jpg 1024w\" sizes=\"(max-width: 4420px) 100vw, 4420px\" \/><\/a><a href=\"https:\/\/marekkuchcinski.pl\/wp-content\/uploads\/2019\/01\/IMG_2392.jpg\"><img loading=\"lazy\" decoding=\"async\" class=\"alignnone size-full wp-image-12378\" src=\"https:\/\/marekkuchcinski.pl\/wp-content\/uploads\/2019\/01\/IMG_2392.jpg\" alt=\"IMG_2392\" width=\"4752\" height=\"3168\" srcset=\"https:\/\/marekkuchcinski.pl\/wp-content\/uploads\/2019\/01\/IMG_2392.jpg 2048w, https:\/\/marekkuchcinski.pl\/wp-content\/uploads\/2019\/01\/IMG_2392-300x200.jpg 300w, https:\/\/marekkuchcinski.pl\/wp-content\/uploads\/2019\/01\/IMG_2392-768x512.jpg 768w, https:\/\/marekkuchcinski.pl\/wp-content\/uploads\/2019\/01\/IMG_2392-1024x683.jpg 1024w\" sizes=\"(max-width: 4752px) 100vw, 4752px\" \/><\/a><a href=\"https:\/\/marekkuchcinski.pl\/wp-content\/uploads\/2019\/01\/IMG_2395-1.jpg\"><img loading=\"lazy\" decoding=\"async\" class=\"alignnone size-full wp-image-12385\" src=\"https:\/\/marekkuchcinski.pl\/wp-content\/uploads\/2019\/01\/IMG_2395-1.jpg\" alt=\"IMG_2395 (1)\" width=\"4367\" height=\"3019\" srcset=\"https:\/\/marekkuchcinski.pl\/wp-content\/uploads\/2019\/01\/IMG_2395-1.jpg 2048w, https:\/\/marekkuchcinski.pl\/wp-content\/uploads\/2019\/01\/IMG_2395-1-300x207.jpg 300w, https:\/\/marekkuchcinski.pl\/wp-content\/uploads\/2019\/01\/IMG_2395-1-768x531.jpg 768w, https:\/\/marekkuchcinski.pl\/wp-content\/uploads\/2019\/01\/IMG_2395-1-1024x708.jpg 1024w\" sizes=\"(max-width: 4367px) 100vw, 4367px\" \/><\/a><a href=\"https:\/\/marekkuchcinski.pl\/wp-content\/uploads\/2019\/01\/DSCF2787-2.jpg\"><img loading=\"lazy\" decoding=\"async\" class=\"alignnone size-full wp-image-12368\" src=\"https:\/\/marekkuchcinski.pl\/wp-content\/uploads\/2019\/01\/DSCF2787-2.jpg\" alt=\"DSCF2787 2\" width=\"4896\" height=\"3264\" srcset=\"https:\/\/marekkuchcinski.pl\/wp-content\/uploads\/2019\/01\/DSCF2787-2.jpg 2048w, https:\/\/marekkuchcinski.pl\/wp-content\/uploads\/2019\/01\/DSCF2787-2-300x200.jpg 300w, https:\/\/marekkuchcinski.pl\/wp-content\/uploads\/2019\/01\/DSCF2787-2-768x512.jpg 768w, https:\/\/marekkuchcinski.pl\/wp-content\/uploads\/2019\/01\/DSCF2787-2-1024x683.jpg 1024w\" sizes=\"(max-width: 4896px) 100vw, 4896px\" \/><\/a> <a href=\"https:\/\/marekkuchcinski.pl\/wp-content\/uploads\/2019\/01\/IMG_2429.jpg\"><img loading=\"lazy\" decoding=\"async\" class=\"alignnone size-full wp-image-12370\" src=\"https:\/\/marekkuchcinski.pl\/wp-content\/uploads\/2019\/01\/IMG_2429.jpg\" alt=\"IMG_2429\" width=\"4752\" height=\"3168\" srcset=\"https:\/\/marekkuchcinski.pl\/wp-content\/uploads\/2019\/01\/IMG_2429.jpg 2048w, https:\/\/marekkuchcinski.pl\/wp-content\/uploads\/2019\/01\/IMG_2429-300x200.jpg 300w, https:\/\/marekkuchcinski.pl\/wp-content\/uploads\/2019\/01\/IMG_2429-768x512.jpg 768w, https:\/\/marekkuchcinski.pl\/wp-content\/uploads\/2019\/01\/IMG_2429-1024x683.jpg 1024w\" sizes=\"(max-width: 4752px) 100vw, 4752px\" \/><\/a><a href=\"https:\/\/marekkuchcinski.pl\/wp-content\/uploads\/2019\/01\/prz-n-www.jpg\"><img loading=\"lazy\" decoding=\"async\" class=\"alignnone size-full wp-image-12375\" src=\"https:\/\/marekkuchcinski.pl\/wp-content\/uploads\/2019\/01\/prz-n-www.jpg\" alt=\"prz n www\" width=\"3858\" height=\"2737\" srcset=\"https:\/\/marekkuchcinski.pl\/wp-content\/uploads\/2019\/01\/prz-n-www.jpg 2048w, https:\/\/marekkuchcinski.pl\/wp-content\/uploads\/2019\/01\/prz-n-www-300x213.jpg 300w, https:\/\/marekkuchcinski.pl\/wp-content\/uploads\/2019\/01\/prz-n-www-768x545.jpg 768w, https:\/\/marekkuchcinski.pl\/wp-content\/uploads\/2019\/01\/prz-n-www-1024x726.jpg 1024w\" sizes=\"(max-width: 3858px) 100vw, 3858px\" \/><\/a><a href=\"https:\/\/marekkuchcinski.pl\/wp-content\/uploads\/2019\/01\/49539511_350764142377069_8085356692990066688_n.jpg\"><img loading=\"lazy\" decoding=\"async\" class=\"alignnone size-full wp-image-12376\" src=\"https:\/\/marekkuchcinski.pl\/wp-content\/uploads\/2019\/01\/49539511_350764142377069_8085356692990066688_n.jpg\" alt=\"49539511_350764142377069_8085356692990066688_n\" width=\"1749\" height=\"1158\" srcset=\"https:\/\/marekkuchcinski.pl\/wp-content\/uploads\/2019\/01\/49539511_350764142377069_8085356692990066688_n.jpg 1749w, https:\/\/marekkuchcinski.pl\/wp-content\/uploads\/2019\/01\/49539511_350764142377069_8085356692990066688_n-300x199.jpg 300w, https:\/\/marekkuchcinski.pl\/wp-content\/uploads\/2019\/01\/49539511_350764142377069_8085356692990066688_n-768x508.jpg 768w, https:\/\/marekkuchcinski.pl\/wp-content\/uploads\/2019\/01\/49539511_350764142377069_8085356692990066688_n-1024x678.jpg 1024w\" sizes=\"(max-width: 1749px) 100vw, 1749px\" \/><\/a><a href=\"https:\/\/marekkuchcinski.pl\/wp-content\/uploads\/2019\/01\/DSCF2999-1.jpg\"><img loading=\"lazy\" decoding=\"async\" class=\"alignnone size-full wp-image-12362\" src=\"https:\/\/marekkuchcinski.pl\/wp-content\/uploads\/2019\/01\/DSCF2999-1.jpg\" alt=\"DSCF2999 (1)\" width=\"4758\" height=\"3081\" srcset=\"https:\/\/marekkuchcinski.pl\/wp-content\/uploads\/2019\/01\/DSCF2999-1.jpg 2048w, https:\/\/marekkuchcinski.pl\/wp-content\/uploads\/2019\/01\/DSCF2999-1-300x194.jpg 300w, https:\/\/marekkuchcinski.pl\/wp-content\/uploads\/2019\/01\/DSCF2999-1-768x497.jpg 768w, https:\/\/marekkuchcinski.pl\/wp-content\/uploads\/2019\/01\/DSCF2999-1-1024x663.jpg 1024w\" sizes=\"(max-width: 4758px) 100vw, 4758px\" \/><\/a><\/p>\n\n\n<figure class=\"wp-block-image\"><img loading=\"lazy\" decoding=\"async\" width=\"1024\" height=\"684\" src=\"https:\/\/marekkuchcinski.pl\/wp-content\/uploads\/2019\/04\/PSX_20190401_134844-1024x684.jpg\" alt=\"\" class=\"wp-image-14396\" srcset=\"https:\/\/marekkuchcinski.pl\/wp-content\/uploads\/2019\/04\/PSX_20190401_134844-1024x684.jpg 1024w, https:\/\/marekkuchcinski.pl\/wp-content\/uploads\/2019\/04\/PSX_20190401_134844-300x200.jpg 300w, https:\/\/marekkuchcinski.pl\/wp-content\/uploads\/2019\/04\/PSX_20190401_134844-768x513.jpg 768w, https:\/\/marekkuchcinski.pl\/wp-content\/uploads\/2019\/04\/PSX_20190401_134844.jpg 2048w\" sizes=\"(max-width: 1024px) 100vw, 1024px\" \/><\/figure>","protected":false},"excerpt":{"rendered":"<p>Politycy, dzia\u0142acze i sympatycy Prawa i Sprawiedliwo\u015bci z Przemy\u015bla spotkali si\u0119, by wsp\u00f3lnie kol\u0119dowa\u0107, podzieli\u0107 si\u0119 op\u0142atkiem i podsumowa\u0107 miniony rok.&nbsp; Marsza\u0142ek Sejmu Marek Kuchci\u0144ski podkre\u015bli\u0142, \u017ce rok 2018 Polacy oceniaj\u0105 jako jeden z najlepszych po 1989. &#8212; Wiele decyzji podejmowanych na poziomie lokalnym, regionalnym mo\u017cna zaliczy\u0107 do zrealizowanych obietnic, kt\u00f3re PiS z\u0142o\u017cy\u0142 w 2015 [&hellip;]<\/p>","protected":false},"author":6,"featured_media":14395,"comment_status":"open","ping_status":"open","sticky":false,"template":"","format":"standard","meta":{"ngg_post_thumbnail":0,"footnotes":""},"categories":[49,82,3],"tags":[87,133,88,135,134,128],"class_list":["post-12357","post","type-post","status-publish","format-standard","has-post-thumbnail","hentry","category-podkarpacie","category-prawo-i-sprawiedliwosc","category-wydarzenia","tag-marek-kuchcinski","tag-marszalek","tag-marszalek-sejmu","tag-pis","tag-podkarpacie","tag-przemysl"],"yoast_head":"<!-- This site is optimized with the Yoast SEO plugin v24.7 - https:\/\/yoast.com\/wordpress\/plugins\/seo\/ -->\n<title>Marek Kuchci\u0144ski w Przemy\u015blu: Cel jest jeden \u2013 Polska jako dom, w kt\u00f3rym mamy zapewnione godne i sprawiedliwe \u017cycie &#8211; Marek Kuchci\u0144ski<\/title>\n<meta name=\"robots\" content=\"index, follow, max-snippet:-1, max-image-preview:large, max-video-preview:-1\" \/>\n<link rel=\"canonical\" href=\"https:\/\/marekkuchcinski.pl\/en\/wydarzenia\/marek-kuchcinski-przemyslu-cel-jeden-polska-jako-dom-ktorym-zapewnione-godne-sprawiedliwe-zycie\/\" \/>\n<meta property=\"og:locale\" content=\"en_GB\" \/>\n<meta property=\"og:type\" content=\"article\" \/>\n<meta property=\"og:title\" content=\"Marek Kuchci\u0144ski w Przemy\u015blu: Cel jest jeden \u2013 Polska jako dom, w kt\u00f3rym mamy zapewnione godne i sprawiedliwe \u017cycie &#8211; Marek Kuchci\u0144ski\" \/>\n<meta property=\"og:description\" content=\"Politycy, dzia\u0142acze i sympatycy Prawa i Sprawiedliwo\u015bci z Przemy\u015bla spotkali si\u0119, by wsp\u00f3lnie kol\u0119dowa\u0107, podzieli\u0107 si\u0119 op\u0142atkiem i podsumowa\u0107 miniony rok.&nbsp; Marsza\u0142ek Sejmu Marek Kuchci\u0144ski podkre\u015bli\u0142, \u017ce rok 2018 Polacy oceniaj\u0105 jako jeden z najlepszych po 1989. &#8212; Wiele decyzji podejmowanych na poziomie lokalnym, regionalnym mo\u017cna zaliczy\u0107 do zrealizowanych obietnic, kt\u00f3re PiS z\u0142o\u017cy\u0142 w 2015 [&hellip;]\" \/>\n<meta property=\"og:url\" content=\"https:\/\/marekkuchcinski.pl\/en\/wydarzenia\/marek-kuchcinski-przemyslu-cel-jeden-polska-jako-dom-ktorym-zapewnione-godne-sprawiedliwe-zycie\/\" \/>\n<meta property=\"og:site_name\" content=\"Marek Kuchci\u0144ski\" \/>\n<meta property=\"article:published_time\" content=\"2019-01-06T12:40:33+00:00\" \/>\n<meta property=\"article:modified_time\" content=\"2019-04-01T11:51:25+00:00\" \/>\n<meta property=\"og:image\" content=\"https:\/\/marekkuchcinski.pl\/wp-content\/uploads\/2019\/01\/PSX_20190401_134844.jpg\" \/>\n\t<meta property=\"og:image:width\" content=\"2048\" \/>\n\t<meta property=\"og:image:height\" content=\"1368\" \/>\n\t<meta property=\"og:image:type\" content=\"image\/jpeg\" \/>\n<meta name=\"author\" content=\"admin\" \/>\n<meta name=\"twitter:card\" content=\"summary_large_image\" \/>\n<meta name=\"twitter:label1\" content=\"Written by\" \/>\n\t<meta name=\"twitter:data1\" content=\"admin\" \/>\n\t<meta name=\"twitter:label2\" content=\"Estimated reading time\" \/>\n\t<meta name=\"twitter:data2\" content=\"3 minutes\" \/>\n<script type=\"application\/ld+json\" class=\"yoast-schema-graph\">{\"@context\":\"https:\/\/schema.org\",\"@graph\":[{\"@type\":\"Article\",\"@id\":\"https:\/\/marekkuchcinski.pl\/sk\/wydarzenia\/marek-kuchcinski-przemyslu-cel-jeden-polska-jako-dom-ktorym-zapewnione-godne-sprawiedliwe-zycie\/#article\",\"isPartOf\":{\"@id\":\"https:\/\/marekkuchcinski.pl\/sk\/wydarzenia\/marek-kuchcinski-przemyslu-cel-jeden-polska-jako-dom-ktorym-zapewnione-godne-sprawiedliwe-zycie\/\"},\"author\":{\"name\":\"admin\",\"@id\":\"https:\/\/marekkuchcinski.pl\/#\/schema\/person\/6f62700996b4d950b6ea2d1183b6c6be\"},\"headline\":\"Marek Kuchci\u0144ski w Przemy\u015blu: Cel jest jeden \u2013 Polska jako dom, w kt\u00f3rym mamy zapewnione godne i sprawiedliwe \u017cycie\",\"datePublished\":\"2019-01-06T12:40:33+00:00\",\"dateModified\":\"2019-04-01T11:51:25+00:00\",\"mainEntityOfPage\":{\"@id\":\"https:\/\/marekkuchcinski.pl\/sk\/wydarzenia\/marek-kuchcinski-przemyslu-cel-jeden-polska-jako-dom-ktorym-zapewnione-godne-sprawiedliwe-zycie\/\"},\"wordCount\":553,\"commentCount\":0,\"publisher\":{\"@id\":\"https:\/\/marekkuchcinski.pl\/#organization\"},\"image\":{\"@id\":\"https:\/\/marekkuchcinski.pl\/sk\/wydarzenia\/marek-kuchcinski-przemyslu-cel-jeden-polska-jako-dom-ktorym-zapewnione-godne-sprawiedliwe-zycie\/#primaryimage\"},\"thumbnailUrl\":\"https:\/\/marekkuchcinski.pl\/wp-content\/uploads\/2019\/01\/PSX_20190401_134844.jpg\",\"keywords\":[\"Marek Kuchci\u0144ski\",\"marsza\u0142ek\",\"marsza\u0142ek Sejmu\",\"PiS\",\"Podkarpacie\",\"Przemy\u015bl\"],\"articleSection\":[\"Podkarpacie\",\"Prawo i Sprawiedliwo\u015b\u0107\",\"Wydarzenia\"],\"inLanguage\":\"en-GB\",\"potentialAction\":[{\"@type\":\"CommentAction\",\"name\":\"Comment\",\"target\":[\"https:\/\/marekkuchcinski.pl\/sk\/wydarzenia\/marek-kuchcinski-przemyslu-cel-jeden-polska-jako-dom-ktorym-zapewnione-godne-sprawiedliwe-zycie\/#respond\"]}]},{\"@type\":\"WebPage\",\"@id\":\"https:\/\/marekkuchcinski.pl\/sk\/wydarzenia\/marek-kuchcinski-przemyslu-cel-jeden-polska-jako-dom-ktorym-zapewnione-godne-sprawiedliwe-zycie\/\",\"url\":\"https:\/\/marekkuchcinski.pl\/sk\/wydarzenia\/marek-kuchcinski-przemyslu-cel-jeden-polska-jako-dom-ktorym-zapewnione-godne-sprawiedliwe-zycie\/\",\"name\":\"Marek Kuchci\u0144ski w Przemy\u015blu: Cel jest jeden \u2013 Polska jako dom, w kt\u00f3rym mamy zapewnione godne i sprawiedliwe \u017cycie &#8211; Marek Kuchci\u0144ski\",\"isPartOf\":{\"@id\":\"https:\/\/marekkuchcinski.pl\/#website\"},\"primaryImageOfPage\":{\"@id\":\"https:\/\/marekkuchcinski.pl\/sk\/wydarzenia\/marek-kuchcinski-przemyslu-cel-jeden-polska-jako-dom-ktorym-zapewnione-godne-sprawiedliwe-zycie\/#primaryimage\"},\"image\":{\"@id\":\"https:\/\/marekkuchcinski.pl\/sk\/wydarzenia\/marek-kuchcinski-przemyslu-cel-jeden-polska-jako-dom-ktorym-zapewnione-godne-sprawiedliwe-zycie\/#primaryimage\"},\"thumbnailUrl\":\"https:\/\/marekkuchcinski.pl\/wp-content\/uploads\/2019\/01\/PSX_20190401_134844.jpg\",\"datePublished\":\"2019-01-06T12:40:33+00:00\",\"dateModified\":\"2019-04-01T11:51:25+00:00\",\"breadcrumb\":{\"@id\":\"https:\/\/marekkuchcinski.pl\/sk\/wydarzenia\/marek-kuchcinski-przemyslu-cel-jeden-polska-jako-dom-ktorym-zapewnione-godne-sprawiedliwe-zycie\/#breadcrumb\"},\"inLanguage\":\"en-GB\",\"potentialAction\":[{\"@type\":\"ReadAction\",\"target\":[\"https:\/\/marekkuchcinski.pl\/sk\/wydarzenia\/marek-kuchcinski-przemyslu-cel-jeden-polska-jako-dom-ktorym-zapewnione-godne-sprawiedliwe-zycie\/\"]}]},{\"@type\":\"ImageObject\",\"inLanguage\":\"en-GB\",\"@id\":\"https:\/\/marekkuchcinski.pl\/sk\/wydarzenia\/marek-kuchcinski-przemyslu-cel-jeden-polska-jako-dom-ktorym-zapewnione-godne-sprawiedliwe-zycie\/#primaryimage\",\"url\":\"https:\/\/marekkuchcinski.pl\/wp-content\/uploads\/2019\/01\/PSX_20190401_134844.jpg\",\"contentUrl\":\"https:\/\/marekkuchcinski.pl\/wp-content\/uploads\/2019\/01\/PSX_20190401_134844.jpg\",\"width\":2048,\"height\":1368},{\"@type\":\"BreadcrumbList\",\"@id\":\"https:\/\/marekkuchcinski.pl\/sk\/wydarzenia\/marek-kuchcinski-przemyslu-cel-jeden-polska-jako-dom-ktorym-zapewnione-godne-sprawiedliwe-zycie\/#breadcrumb\",\"itemListElement\":[{\"@type\":\"ListItem\",\"position\":1,\"name\":\"Strona g\u0142\u00f3wna\",\"item\":\"https:\/\/marekkuchcinski.pl\/\"},{\"@type\":\"ListItem\",\"position\":2,\"name\":\"Marek Kuchci\u0144ski w Przemy\u015blu: Cel jest jeden \u2013 Polska jako dom, w kt\u00f3rym mamy zapewnione godne i sprawiedliwe \u017cycie\"}]},{\"@type\":\"WebSite\",\"@id\":\"https:\/\/marekkuchcinski.pl\/#website\",\"url\":\"https:\/\/marekkuchcinski.pl\/\",\"name\":\"Marek Kuchci\u0144ski\",\"description\":\"Pose\u0142 na sejm RP &ndash; okr\u0119g nr 22\",\"publisher\":{\"@id\":\"https:\/\/marekkuchcinski.pl\/#organization\"},\"potentialAction\":[{\"@type\":\"SearchAction\",\"target\":{\"@type\":\"EntryPoint\",\"urlTemplate\":\"https:\/\/marekkuchcinski.pl\/?s={search_term_string}\"},\"query-input\":{\"@type\":\"PropertyValueSpecification\",\"valueRequired\":true,\"valueName\":\"search_term_string\"}}],\"inLanguage\":\"en-GB\"},{\"@type\":\"Organization\",\"@id\":\"https:\/\/marekkuchcinski.pl\/#organization\",\"name\":\"Marek Kuchci\u0144ski\",\"url\":\"https:\/\/marekkuchcinski.pl\/\",\"logo\":{\"@type\":\"ImageObject\",\"inLanguage\":\"en-GB\",\"@id\":\"https:\/\/marekkuchcinski.pl\/#\/schema\/logo\/image\/\",\"url\":\"https:\/\/marekkuchcinski.pl\/wp-content\/uploads\/2022\/09\/Marek.jpg\",\"contentUrl\":\"https:\/\/marekkuchcinski.pl\/wp-content\/uploads\/2022\/09\/Marek.jpg\",\"width\":1600,\"height\":971,\"caption\":\"Marek Kuchci\u0144ski\"},\"image\":{\"@id\":\"https:\/\/marekkuchcinski.pl\/#\/schema\/logo\/image\/\"}},{\"@type\":\"Person\",\"@id\":\"https:\/\/marekkuchcinski.pl\/#\/schema\/person\/6f62700996b4d950b6ea2d1183b6c6be\",\"name\":\"admin\",\"image\":{\"@type\":\"ImageObject\",\"inLanguage\":\"en-GB\",\"@id\":\"https:\/\/marekkuchcinski.pl\/#\/schema\/person\/image\/\",\"url\":\"https:\/\/secure.gravatar.com\/avatar\/4bab693b9d55c3d6b52c0296a8765085?s=96&d=mm&r=g\",\"contentUrl\":\"https:\/\/secure.gravatar.com\/avatar\/4bab693b9d55c3d6b52c0296a8765085?s=96&d=mm&r=g\",\"caption\":\"admin\"},\"url\":\"https:\/\/marekkuchcinski.pl\/en\/author\/marta-olejnik\/\"}]}<\/script>\n<!-- \/ Yoast SEO plugin. -->","yoast_head_json":{"title":"Marek Kuchci\u0144ski w Przemy\u015blu: Cel jest jeden \u2013 Polska jako dom, w kt\u00f3rym mamy zapewnione godne i sprawiedliwe \u017cycie &#8211; Marek Kuchci\u0144ski","robots":{"index":"index","follow":"follow","max-snippet":"max-snippet:-1","max-image-preview":"max-image-preview:large","max-video-preview":"max-video-preview:-1"},"canonical":"https:\/\/marekkuchcinski.pl\/en\/wydarzenia\/marek-kuchcinski-przemyslu-cel-jeden-polska-jako-dom-ktorym-zapewnione-godne-sprawiedliwe-zycie\/","og_locale":"en_GB","og_type":"article","og_title":"Marek Kuchci\u0144ski w Przemy\u015blu: Cel jest jeden \u2013 Polska jako dom, w kt\u00f3rym mamy zapewnione godne i sprawiedliwe \u017cycie &#8211; Marek Kuchci\u0144ski","og_description":"Politycy, dzia\u0142acze i sympatycy Prawa i Sprawiedliwo\u015bci z Przemy\u015bla spotkali si\u0119, by wsp\u00f3lnie kol\u0119dowa\u0107, podzieli\u0107 si\u0119 op\u0142atkiem i podsumowa\u0107 miniony rok.&nbsp; Marsza\u0142ek Sejmu Marek Kuchci\u0144ski podkre\u015bli\u0142, \u017ce rok 2018 Polacy oceniaj\u0105 jako jeden z najlepszych po 1989. &#8212; Wiele decyzji podejmowanych na poziomie lokalnym, regionalnym mo\u017cna zaliczy\u0107 do zrealizowanych obietnic, kt\u00f3re PiS z\u0142o\u017cy\u0142 w 2015 [&hellip;]","og_url":"https:\/\/marekkuchcinski.pl\/en\/wydarzenia\/marek-kuchcinski-przemyslu-cel-jeden-polska-jako-dom-ktorym-zapewnione-godne-sprawiedliwe-zycie\/","og_site_name":"Marek Kuchci\u0144ski","article_published_time":"2019-01-06T12:40:33+00:00","article_modified_time":"2019-04-01T11:51:25+00:00","og_image":[{"width":2048,"height":1368,"url":"https:\/\/marekkuchcinski.pl\/wp-content\/uploads\/2019\/01\/PSX_20190401_134844.jpg","type":"image\/jpeg"}],"author":"admin","twitter_card":"summary_large_image","twitter_misc":{"Written by":"admin","Estimated reading time":"3 minutes"},"schema":{"@context":"https:\/\/schema.org","@graph":[{"@type":"Article","@id":"https:\/\/marekkuchcinski.pl\/sk\/wydarzenia\/marek-kuchcinski-przemyslu-cel-jeden-polska-jako-dom-ktorym-zapewnione-godne-sprawiedliwe-zycie\/#article","isPartOf":{"@id":"https:\/\/marekkuchcinski.pl\/sk\/wydarzenia\/marek-kuchcinski-przemyslu-cel-jeden-polska-jako-dom-ktorym-zapewnione-godne-sprawiedliwe-zycie\/"},"author":{"name":"admin","@id":"https:\/\/marekkuchcinski.pl\/#\/schema\/person\/6f62700996b4d950b6ea2d1183b6c6be"},"headline":"Marek Kuchci\u0144ski w Przemy\u015blu: Cel jest jeden \u2013 Polska jako dom, w kt\u00f3rym mamy zapewnione godne i sprawiedliwe \u017cycie","datePublished":"2019-01-06T12:40:33+00:00","dateModified":"2019-04-01T11:51:25+00:00","mainEntityOfPage":{"@id":"https:\/\/marekkuchcinski.pl\/sk\/wydarzenia\/marek-kuchcinski-przemyslu-cel-jeden-polska-jako-dom-ktorym-zapewnione-godne-sprawiedliwe-zycie\/"},"wordCount":553,"commentCount":0,"publisher":{"@id":"https:\/\/marekkuchcinski.pl\/#organization"},"image":{"@id":"https:\/\/marekkuchcinski.pl\/sk\/wydarzenia\/marek-kuchcinski-przemyslu-cel-jeden-polska-jako-dom-ktorym-zapewnione-godne-sprawiedliwe-zycie\/#primaryimage"},"thumbnailUrl":"https:\/\/marekkuchcinski.pl\/wp-content\/uploads\/2019\/01\/PSX_20190401_134844.jpg","keywords":["Marek Kuchci\u0144ski","marsza\u0142ek","marsza\u0142ek Sejmu","PiS","Podkarpacie","Przemy\u015bl"],"articleSection":["Podkarpacie","Prawo i Sprawiedliwo\u015b\u0107","Wydarzenia"],"inLanguage":"en-GB","potentialAction":[{"@type":"CommentAction","name":"Comment","target":["https:\/\/marekkuchcinski.pl\/sk\/wydarzenia\/marek-kuchcinski-przemyslu-cel-jeden-polska-jako-dom-ktorym-zapewnione-godne-sprawiedliwe-zycie\/#respond"]}]},{"@type":"WebPage","@id":"https:\/\/marekkuchcinski.pl\/sk\/wydarzenia\/marek-kuchcinski-przemyslu-cel-jeden-polska-jako-dom-ktorym-zapewnione-godne-sprawiedliwe-zycie\/","url":"https:\/\/marekkuchcinski.pl\/sk\/wydarzenia\/marek-kuchcinski-przemyslu-cel-jeden-polska-jako-dom-ktorym-zapewnione-godne-sprawiedliwe-zycie\/","name":"Marek Kuchci\u0144ski w Przemy\u015blu: Cel jest jeden \u2013 Polska jako dom, w kt\u00f3rym mamy zapewnione godne i sprawiedliwe \u017cycie &#8211; Marek Kuchci\u0144ski","isPartOf":{"@id":"https:\/\/marekkuchcinski.pl\/#website"},"primaryImageOfPage":{"@id":"https:\/\/marekkuchcinski.pl\/sk\/wydarzenia\/marek-kuchcinski-przemyslu-cel-jeden-polska-jako-dom-ktorym-zapewnione-godne-sprawiedliwe-zycie\/#primaryimage"},"image":{"@id":"https:\/\/marekkuchcinski.pl\/sk\/wydarzenia\/marek-kuchcinski-przemyslu-cel-jeden-polska-jako-dom-ktorym-zapewnione-godne-sprawiedliwe-zycie\/#primaryimage"},"thumbnailUrl":"https:\/\/marekkuchcinski.pl\/wp-content\/uploads\/2019\/01\/PSX_20190401_134844.jpg","datePublished":"2019-01-06T12:40:33+00:00","dateModified":"2019-04-01T11:51:25+00:00","breadcrumb":{"@id":"https:\/\/marekkuchcinski.pl\/sk\/wydarzenia\/marek-kuchcinski-przemyslu-cel-jeden-polska-jako-dom-ktorym-zapewnione-godne-sprawiedliwe-zycie\/#breadcrumb"},"inLanguage":"en-GB","potentialAction":[{"@type":"ReadAction","target":["https:\/\/marekkuchcinski.pl\/sk\/wydarzenia\/marek-kuchcinski-przemyslu-cel-jeden-polska-jako-dom-ktorym-zapewnione-godne-sprawiedliwe-zycie\/"]}]},{"@type":"ImageObject","inLanguage":"en-GB","@id":"https:\/\/marekkuchcinski.pl\/sk\/wydarzenia\/marek-kuchcinski-przemyslu-cel-jeden-polska-jako-dom-ktorym-zapewnione-godne-sprawiedliwe-zycie\/#primaryimage","url":"https:\/\/marekkuchcinski.pl\/wp-content\/uploads\/2019\/01\/PSX_20190401_134844.jpg","contentUrl":"https:\/\/marekkuchcinski.pl\/wp-content\/uploads\/2019\/01\/PSX_20190401_134844.jpg","width":2048,"height":1368},{"@type":"BreadcrumbList","@id":"https:\/\/marekkuchcinski.pl\/sk\/wydarzenia\/marek-kuchcinski-przemyslu-cel-jeden-polska-jako-dom-ktorym-zapewnione-godne-sprawiedliwe-zycie\/#breadcrumb","itemListElement":[{"@type":"ListItem","position":1,"name":"Strona g\u0142\u00f3wna","item":"https:\/\/marekkuchcinski.pl\/"},{"@type":"ListItem","position":2,"name":"Marek Kuchci\u0144ski w Przemy\u015blu: Cel jest jeden \u2013 Polska jako dom, w kt\u00f3rym mamy zapewnione godne i sprawiedliwe \u017cycie"}]},{"@type":"WebSite","@id":"https:\/\/marekkuchcinski.pl\/#website","url":"https:\/\/marekkuchcinski.pl\/","name":"Marek Kuchci\u0144ski","description":"Pose\u0142 na sejm RP &ndash; okr\u0119g nr 22","publisher":{"@id":"https:\/\/marekkuchcinski.pl\/#organization"},"potentialAction":[{"@type":"SearchAction","target":{"@type":"EntryPoint","urlTemplate":"https:\/\/marekkuchcinski.pl\/?s={search_term_string}"},"query-input":{"@type":"PropertyValueSpecification","valueRequired":true,"valueName":"search_term_string"}}],"inLanguage":"en-GB"},{"@type":"Organization","@id":"https:\/\/marekkuchcinski.pl\/#organization","name":"Marek Kuchci\u0144ski","url":"https:\/\/marekkuchcinski.pl\/","logo":{"@type":"ImageObject","inLanguage":"en-GB","@id":"https:\/\/marekkuchcinski.pl\/#\/schema\/logo\/image\/","url":"https:\/\/marekkuchcinski.pl\/wp-content\/uploads\/2022\/09\/Marek.jpg","contentUrl":"https:\/\/marekkuchcinski.pl\/wp-content\/uploads\/2022\/09\/Marek.jpg","width":1600,"height":971,"caption":"Marek Kuchci\u0144ski"},"image":{"@id":"https:\/\/marekkuchcinski.pl\/#\/schema\/logo\/image\/"}},{"@type":"Person","@id":"https:\/\/marekkuchcinski.pl\/#\/schema\/person\/6f62700996b4d950b6ea2d1183b6c6be","name":"admin","image":{"@type":"ImageObject","inLanguage":"en-GB","@id":"https:\/\/marekkuchcinski.pl\/#\/schema\/person\/image\/","url":"https:\/\/secure.gravatar.com\/avatar\/4bab693b9d55c3d6b52c0296a8765085?s=96&d=mm&r=g","contentUrl":"https:\/\/secure.gravatar.com\/avatar\/4bab693b9d55c3d6b52c0296a8765085?s=96&d=mm&r=g","caption":"admin"},"url":"https:\/\/marekkuchcinski.pl\/en\/author\/marta-olejnik\/"}]}},"_links":{"self":[{"href":"https:\/\/marekkuchcinski.pl\/en\/wp-json\/wp\/v2\/posts\/12357","targetHints":{"allow":["GET"]}}],"collection":[{"href":"https:\/\/marekkuchcinski.pl\/en\/wp-json\/wp\/v2\/posts"}],"about":[{"href":"https:\/\/marekkuchcinski.pl\/en\/wp-json\/wp\/v2\/types\/post"}],"author":[{"embeddable":true,"href":"https:\/\/marekkuchcinski.pl\/en\/wp-json\/wp\/v2\/users\/6"}],"replies":[{"embeddable":true,"href":"https:\/\/marekkuchcinski.pl\/en\/wp-json\/wp\/v2\/comments?post=12357"}],"version-history":[{"count":22,"href":"https:\/\/marekkuchcinski.pl\/en\/wp-json\/wp\/v2\/posts\/12357\/revisions"}],"predecessor-version":[{"id":14397,"href":"https:\/\/marekkuchcinski.pl\/en\/wp-json\/wp\/v2\/posts\/12357\/revisions\/14397"}],"wp:featuredmedia":[{"embeddable":true,"href":"https:\/\/marekkuchcinski.pl\/en\/wp-json\/wp\/v2\/media\/14395"}],"wp:attachment":[{"href":"https:\/\/marekkuchcinski.pl\/en\/wp-json\/wp\/v2\/media?parent=12357"}],"wp:term":[{"taxonomy":"category","embeddable":true,"href":"https:\/\/marekkuchcinski.pl\/en\/wp-json\/wp\/v2\/categories?post=12357"},{"taxonomy":"post_tag","embeddable":true,"href":"https:\/\/marekkuchcinski.pl\/en\/wp-json\/wp\/v2\/tags?post=12357"}],"curies":[{"name":"wp","href":"https:\/\/api.w.org\/{rel}","templated":true}]}}